{"id":80781,"date":"2026-03-13T11:34:41","date_gmt":"2026-03-13T11:34:41","guid":{"rendered":"https:\/\/transportjournal.com\/2026\/03\/13\/quentin-benault-leitet-e-logik\/"},"modified":"2026-03-13T11:34:41","modified_gmt":"2026-03-13T11:34:41","slug":"quentin-benault-leitet-e-logik","status":"publish","type":"post","link":"https:\/\/transportjournal.com\/de\/2026\/03\/13\/quentin-benault-leitet-e-logik\/","title":{"rendered":"Quentin Benault leitet e-LOGIK"},"content":{"rendered":"<p>Quentin Benault hat die Position des Gesch\u00e4ftsf\u00fchrers bei dem franz\u00f6sischen E-Commerce-Logistiknetzwerk e-Logik \u00fcbernommen. Der ehemalige CEO des Paketdienstleisters Mondial Relay bringt umfangreiche Erfahrung in der Branche mit und hat zudem Anteile an dem Unternehmen erworben. Diese Ver\u00e4nderungen erfolgen im Rahmen der strategischen Weiterentwicklung von e-Logik.<\/p>\n<p>Das 2008 von Thierry Dupr\u00e9 gegr\u00fcndete Unternehmen verfolgt ein dezentralisiertes Logistikmodell, das unabh\u00e4ngige Fulfillment-Betreiber \u00fcber eine gemeinsame Technologieplattform vernetzt. Diese Struktur erm\u00f6glicht es e-Logik, Lagerhaltung, Auftragsvorbereitung und Verteilungsdienste f\u00fcr Online-H\u00e4ndler zu koordinieren. Aktuell umfasst das Netzwerk 27 Logistikstandorte in Frankreich und der Schweiz, die zusammen \u00fcber 200.000 m\u00b2 Lagerfl\u00e4che verf\u00fcgen und mehr als 300 Mitarbeiter besch\u00e4ftigen. \u00dcber 500 E-Commerce-Unternehmen nutzen die Plattform, um ihre Fulfillment- und Vertriebsstr\u00f6me zu verwalten.<\/p>\n<h3>Strategische Neuausrichtung<\/h3>\n<p>Mit der neuen F\u00fchrung unter Benault plant e-Logik, die Entwicklung seines auf N\u00e4he basierenden Logistiknetzwerks zu beschleunigen, um den Anforderungen des schnell wachsenden E-Commerce-Sektors gerecht zu werden. Die Fokussierung auf dezentrale Logistikl\u00f6sungen soll es dem Unternehmen erm\u00f6glichen, flexibler auf die Bed\u00fcrfnisse der Kunden zu reagieren und die Effizienz der Abl\u00e4ufe zu steigern.<\/p>\n<p>Die Investition von Benault in e-Logik wird als wichtiger Schritt angesehen, um die Innovationskraft und Wettbewerbsf\u00e4higkeit des Unternehmens zu st\u00e4rken. Die Kombination aus seiner Erfahrung und dem bestehenden Netzwerk k\u00f6nnte e-Logik in eine vorteilhafte Position im dynamischen Markt der E-Commerce-Logistik bringen.<\/p>\n<p>&nbsp;<\/p>\n<p><a href=\"https:\/\/e-logik.fr\/\" target=\"_blank\" rel=\"noopener noreferrer\">www.e-logik.fr<\/a><\/p>\n","protected":false},"excerpt":{"rendered":"<p>Quentin Benault \u00fcbernimmt die Gesch\u00e4ftsf\u00fchrung von e-LOGIK, um das Wachstum im E-Commerce-Bereich zu f\u00f6rdern und die Effizienz der Logistik zu steigern.<\/p>\n","protected":false},"author":12,"featured_media":80780,"comment_status":"open","ping_status":"","sticky":false,"template":"","format":"standard","meta":{"_acf_changed":false,"footnotes":""},"categories":[1575,1567,11110,1569],"tags":[26995,6095,26996,2692,2694,5090,5091,26997,5361,26998,26999,27000,11278,27001,2125,27002,27003,6106,5106,27004,13411,27005,2133,1831,27006,10563,5108,27007,27008,5112,27009,27010,27011,4006,27012,2721,2148,27013,27014,27015,2977,27016,11287,11288,27017,5119,2978,2979,5120,6500,3536,3537,2155,1837,15428,27018],"class_list":["post-80781","post","type-post","status-publish","format-standard","has-post-thumbnail","hentry","category-europa","category-wechsel-weltweit","category-schweiz","category-logistik-spedition","tag-croissance-dans-le-commerce","tag-dernier-kilometre","tag-deutsch-e-logik","tag-digital-platform","tag-digitale-plattform","tag-e-commerce-logistics","tag-e-commerce-logistik","tag-entrepots","tag-entreprise-de-logistique","tag-flexibilitaet-in-der-logistik","tag-flexibilite-en-logistique","tag-flexibility-in-logistics","tag-gestion-des-retours","tag-growth-in-e-commerce","tag-industrie-du-transport","tag-kmu-partnerschaften","tag-lagerhaeuser","tag-last-mile","tag-letzte-meile","tag-local-logistics","tag-logistics-company","tag-logistics-optimization-francais-e-logik","tag-logistics-service-providers","tag-logistikdienstleister","tag-logistikoptimierung-english-e-logik","tag-logistikunternehmen","tag-logistique-e-commerce","tag-logistique-locale","tag-lokale-logistik","tag-nachhaltige-logistikloesungen","tag-national-logistics-networks","tag-nationale-logistiknetzwerke","tag-normes-de-qualite","tag-optimisation-logistique","tag-partenariats-pme","tag-plateforme-numerique","tag-prestataires-de-services-logistiques","tag-qualitaetsstandards","tag-quality-standards","tag-quentin-benault","tag-reorientation-strategique","tag-reseaux-logistiques-nationaux","tag-retourenmanagement","tag-returns-management","tag-sme-partnerships","tag-solutions-logistiques-durables","tag-strategic-realignment","tag-strategische-neuausrichtung","tag-sustainable-logistics-solutions","tag-technologie-en-logistique","tag-technologie-in-der-logistik","tag-technology-in-logistics","tag-transport-industry","tag-transportwirtschaft","tag-wachstum-im-e-commerce","tag-warehouses"],"acf":[],"yoast_head":"<!-- This site is optimized with the Yoast SEO plugin v27.3 - https:\/\/yoast.com\/product\/yoast-seo-wordpress\/ -->\n<title>Quentin Benault leitet e-LOGIK - ITJ | International Transport Journal<\/title>\n<meta name=\"robots\" content=\"index, follow, max-snippet:-1, max-image-preview:large, max-video-preview:-1\" \/>\n<link rel=\"canonical\" href=\"https:\/\/transportjournal.com\/de\/2026\/03\/13\/quentin-benault-leitet-e-logik\/\" \/>\n<meta property=\"og:locale\" content=\"de_DE\" \/>\n<meta property=\"og:type\" content=\"article\" \/>\n<meta property=\"og:title\" content=\"Quentin Benault leitet e-LOGIK - ITJ | International Transport Journal\" \/>\n<meta property=\"og:description\" content=\"Quentin Benault \u00fcbernimmt die Gesch\u00e4ftsf\u00fchrung von e-LOGIK, um das Wachstum im E-Commerce-Bereich zu f\u00f6rdern und die Effizienz der Logistik zu steigern.\" \/>\n<meta property=\"og:url\" content=\"https:\/\/transportjournal.com\/de\/2026\/03\/13\/quentin-benault-leitet-e-logik\/\" \/>\n<meta property=\"og:site_name\" content=\"ITJ | International Transport Journal\" \/>\n<meta property=\"article:published_time\" content=\"2026-03-13T11:34:41+00:00\" \/>\n<meta property=\"og:image\" content=\"https:\/\/transportjournal.com\/wp-content\/uploads\/sites\/2\/2026\/03\/Quentin-Benault-e-LOGIK-980x551-1-aspect-ratio-1400-788.png\" \/>\n\t<meta property=\"og:image:width\" content=\"653\" \/>\n\t<meta property=\"og:image:height\" content=\"367\" \/>\n\t<meta property=\"og:image:type\" content=\"image\/png\" \/>\n<meta name=\"author\" content=\"Andreas Haug\" \/>\n<meta name=\"twitter:card\" content=\"summary_large_image\" \/>\n<meta name=\"twitter:label1\" content=\"Verfasst von\" \/>\n\t<meta name=\"twitter:data1\" content=\"Andreas Haug\" \/>\n\t<meta name=\"twitter:label2\" content=\"Gesch\u00e4tzte Lesezeit\" \/>\n\t<meta name=\"twitter:data2\" content=\"1\u00a0Minute\" \/>\n<script type=\"application\/ld+json\" class=\"yoast-schema-graph\">{\"@context\":\"https:\\\/\\\/schema.org\",\"@graph\":[{\"@type\":\"Article\",\"@id\":\"https:\\\/\\\/transportjournal.com\\\/de\\\/2026\\\/03\\\/13\\\/quentin-benault-leitet-e-logik\\\/#article\",\"isPartOf\":{\"@id\":\"https:\\\/\\\/transportjournal.com\\\/de\\\/2026\\\/03\\\/13\\\/quentin-benault-leitet-e-logik\\\/\"},\"author\":{\"name\":\"Andreas Haug\",\"@id\":\"https:\\\/\\\/transportjournal.com\\\/de\\\/#\\\/schema\\\/person\\\/cf538b3157f15afd7589245a4b3dbd25\"},\"headline\":\"Quentin Benault leitet e-LOGIK\",\"datePublished\":\"2026-03-13T11:34:41+00:00\",\"mainEntityOfPage\":{\"@id\":\"https:\\\/\\\/transportjournal.com\\\/de\\\/2026\\\/03\\\/13\\\/quentin-benault-leitet-e-logik\\\/\"},\"wordCount\":234,\"commentCount\":0,\"publisher\":{\"@id\":\"https:\\\/\\\/transportjournal.com\\\/de\\\/#organization\"},\"image\":{\"@id\":\"https:\\\/\\\/transportjournal.com\\\/de\\\/2026\\\/03\\\/13\\\/quentin-benault-leitet-e-logik\\\/#primaryimage\"},\"thumbnailUrl\":\"https:\\\/\\\/transportjournal.com\\\/wp-content\\\/uploads\\\/sites\\\/2\\\/2026\\\/03\\\/Quentin-Benault-e-LOGIK-980x551-1-aspect-ratio-1400-788.png\",\"keywords\":[\"croissance dans l'e-commerce\",\"dernier kilom\u00e8tre\",\"Deutsch e-LOGIK\",\"digital platform\",\"digitale Plattform\",\"e-commerce logistics\",\"E-Commerce Logistik\",\"entrep\u00f4ts\",\"entreprise de logistique\",\"Flexibilit\u00e4t in der Logistik\",\"flexibilit\u00e9 en logistique\",\"flexibility in logistics\",\"gestion des retours\",\"growth in e-commerce\",\"industrie du transport\",\"KMU-Partnerschaften\",\"Lagerh\u00e4user\",\"last mile\",\"letzte Meile\",\"local logistics\",\"logistics company\",\"logistics optimization Fran\u00e7ais e-LOGIK\",\"logistics service providers\",\"Logistikdienstleister\",\"Logistikoptimierung English e-LOGIK\",\"Logistikunternehmen\",\"logistique e-commerce\",\"logistique locale\",\"lokale Logistik\",\"nachhaltige Logistikl\u00f6sungen\",\"national logistics networks\",\"nationale Logistiknetzwerke\",\"normes de qualit\u00e9\",\"optimisation logistique\",\"partenariats PME\",\"plateforme num\u00e9rique\",\"prestataires de services logistiques\",\"Qualit\u00e4tsstandards\",\"quality standards\",\"Quentin Benault\",\"r\u00e9orientation strat\u00e9gique\",\"r\u00e9seaux logistiques nationaux\",\"Retourenmanagement\",\"returns management\",\"SME partnerships\",\"solutions logistiques durables\",\"strategic realignment\",\"strategische Neuausrichtung\",\"sustainable logistics solutions\",\"technologie en logistique\",\"Technologie in der Logistik\",\"technology in logistics\",\"transport industry\",\"Transportwirtschaft\",\"Wachstum im E-Commerce\",\"warehouses\"],\"articleSection\":[\"Europa\",\"Menschen &amp; Unternehmen\",\"Schweiz\",\"Spedition &amp; Logistik\"],\"inLanguage\":\"de\",\"potentialAction\":[{\"@type\":\"CommentAction\",\"name\":\"Comment\",\"target\":[\"https:\\\/\\\/transportjournal.com\\\/de\\\/2026\\\/03\\\/13\\\/quentin-benault-leitet-e-logik\\\/#respond\"]}]},{\"@type\":\"WebPage\",\"@id\":\"https:\\\/\\\/transportjournal.com\\\/de\\\/2026\\\/03\\\/13\\\/quentin-benault-leitet-e-logik\\\/\",\"url\":\"https:\\\/\\\/transportjournal.com\\\/de\\\/2026\\\/03\\\/13\\\/quentin-benault-leitet-e-logik\\\/\",\"name\":\"Quentin Benault leitet e-LOGIK - ITJ | International Transport Journal\",\"isPartOf\":{\"@id\":\"https:\\\/\\\/transportjournal.com\\\/de\\\/#website\"},\"primaryImageOfPage\":{\"@id\":\"https:\\\/\\\/transportjournal.com\\\/de\\\/2026\\\/03\\\/13\\\/quentin-benault-leitet-e-logik\\\/#primaryimage\"},\"image\":{\"@id\":\"https:\\\/\\\/transportjournal.com\\\/de\\\/2026\\\/03\\\/13\\\/quentin-benault-leitet-e-logik\\\/#primaryimage\"},\"thumbnailUrl\":\"https:\\\/\\\/transportjournal.com\\\/wp-content\\\/uploads\\\/sites\\\/2\\\/2026\\\/03\\\/Quentin-Benault-e-LOGIK-980x551-1-aspect-ratio-1400-788.png\",\"datePublished\":\"2026-03-13T11:34:41+00:00\",\"breadcrumb\":{\"@id\":\"https:\\\/\\\/transportjournal.com\\\/de\\\/2026\\\/03\\\/13\\\/quentin-benault-leitet-e-logik\\\/#breadcrumb\"},\"inLanguage\":\"de\",\"potentialAction\":[{\"@type\":\"ReadAction\",\"target\":[\"https:\\\/\\\/transportjournal.com\\\/de\\\/2026\\\/03\\\/13\\\/quentin-benault-leitet-e-logik\\\/\"]}]},{\"@type\":\"ImageObject\",\"inLanguage\":\"de\",\"@id\":\"https:\\\/\\\/transportjournal.com\\\/de\\\/2026\\\/03\\\/13\\\/quentin-benault-leitet-e-logik\\\/#primaryimage\",\"url\":\"https:\\\/\\\/transportjournal.com\\\/wp-content\\\/uploads\\\/sites\\\/2\\\/2026\\\/03\\\/Quentin-Benault-e-LOGIK-980x551-1-aspect-ratio-1400-788.png\",\"contentUrl\":\"https:\\\/\\\/transportjournal.com\\\/wp-content\\\/uploads\\\/sites\\\/2\\\/2026\\\/03\\\/Quentin-Benault-e-LOGIK-980x551-1-aspect-ratio-1400-788.png\",\"width\":653,\"height\":367},{\"@type\":\"BreadcrumbList\",\"@id\":\"https:\\\/\\\/transportjournal.com\\\/de\\\/2026\\\/03\\\/13\\\/quentin-benault-leitet-e-logik\\\/#breadcrumb\",\"itemListElement\":[{\"@type\":\"ListItem\",\"position\":1,\"name\":\"Startseite\",\"item\":\"https:\\\/\\\/transportjournal.com\\\/de\\\/\"},{\"@type\":\"ListItem\",\"position\":2,\"name\":\"Quentin Benault leitet e-LOGIK\"}]},{\"@type\":\"WebSite\",\"@id\":\"https:\\\/\\\/transportjournal.com\\\/de\\\/#website\",\"url\":\"https:\\\/\\\/transportjournal.com\\\/de\\\/\",\"name\":\"ITJ | International Transport Journal\",\"description\":\"Stay informed with the latest global news from the transport, logistics, and supply chain industries. Transport Journal delivers expert insights, analysis, and updates across shipping, aviation, intermodal, and forwarding.\",\"publisher\":{\"@id\":\"https:\\\/\\\/transportjournal.com\\\/de\\\/#organization\"},\"potentialAction\":[{\"@type\":\"SearchAction\",\"target\":{\"@type\":\"EntryPoint\",\"urlTemplate\":\"https:\\\/\\\/transportjournal.com\\\/de\\\/?s={search_term_string}\"},\"query-input\":{\"@type\":\"PropertyValueSpecification\",\"valueRequired\":true,\"valueName\":\"search_term_string\"}}],\"inLanguage\":\"de\"},{\"@type\":\"Organization\",\"@id\":\"https:\\\/\\\/transportjournal.com\\\/de\\\/#organization\",\"name\":\"Groupe Logismedia AG\",\"alternateName\":\"Logismedia Group AG\",\"url\":\"https:\\\/\\\/transportjournal.com\\\/de\\\/\",\"logo\":{\"@type\":\"ImageObject\",\"inLanguage\":\"de\",\"@id\":\"https:\\\/\\\/transportjournal.com\\\/de\\\/#\\\/schema\\\/logo\\\/image\\\/\",\"url\":\"https:\\\/\\\/transportjournal.com\\\/wp-content\\\/uploads\\\/sites\\\/2\\\/2025\\\/09\\\/Logo_ITJ.png\",\"contentUrl\":\"https:\\\/\\\/transportjournal.com\\\/wp-content\\\/uploads\\\/sites\\\/2\\\/2025\\\/09\\\/Logo_ITJ.png\",\"width\":799,\"height\":326,\"caption\":\"Groupe Logismedia AG\"},\"image\":{\"@id\":\"https:\\\/\\\/transportjournal.com\\\/de\\\/#\\\/schema\\\/logo\\\/image\\\/\"},\"sameAs\":[\"https:\\\/\\\/www.linkedin.com\\\/company\\\/56456496\\\/admin\\\/dashboard\\\/\",\"https:\\\/\\\/www.instagram.com\\\/logismediagroup\\\/\",\"https:\\\/\\\/www.youtube.com\\\/@LogiamediaGroupAG\"]},{\"@type\":\"Person\",\"@id\":\"https:\\\/\\\/transportjournal.com\\\/de\\\/#\\\/schema\\\/person\\\/cf538b3157f15afd7589245a4b3dbd25\",\"name\":\"Andreas Haug\",\"url\":\"https:\\\/\\\/transportjournal.com\\\/de\\\/author\\\/andreas\\\/\"}]}<\/script>\n<!-- \/ Yoast SEO plugin. -->","yoast_head_json":{"title":"Quentin Benault leitet e-LOGIK - ITJ | International Transport Journal","robots":{"index":"index","follow":"follow","max-snippet":"max-snippet:-1","max-image-preview":"max-image-preview:large","max-video-preview":"max-video-preview:-1"},"canonical":"https:\/\/transportjournal.com\/de\/2026\/03\/13\/quentin-benault-leitet-e-logik\/","og_locale":"de_DE","og_type":"article","og_title":"Quentin Benault leitet e-LOGIK - ITJ | International Transport Journal","og_description":"Quentin Benault \u00fcbernimmt die Gesch\u00e4ftsf\u00fchrung von e-LOGIK, um das Wachstum im E-Commerce-Bereich zu f\u00f6rdern und die Effizienz der Logistik zu steigern.","og_url":"https:\/\/transportjournal.com\/de\/2026\/03\/13\/quentin-benault-leitet-e-logik\/","og_site_name":"ITJ | International Transport Journal","article_published_time":"2026-03-13T11:34:41+00:00","og_image":[{"width":653,"height":367,"url":"https:\/\/transportjournal.com\/wp-content\/uploads\/sites\/2\/2026\/03\/Quentin-Benault-e-LOGIK-980x551-1-aspect-ratio-1400-788.png","type":"image\/png"}],"author":"Andreas Haug","twitter_card":"summary_large_image","twitter_misc":{"Verfasst von":"Andreas Haug","Gesch\u00e4tzte Lesezeit":"1\u00a0Minute"},"schema":{"@context":"https:\/\/schema.org","@graph":[{"@type":"Article","@id":"https:\/\/transportjournal.com\/de\/2026\/03\/13\/quentin-benault-leitet-e-logik\/#article","isPartOf":{"@id":"https:\/\/transportjournal.com\/de\/2026\/03\/13\/quentin-benault-leitet-e-logik\/"},"author":{"name":"Andreas Haug","@id":"https:\/\/transportjournal.com\/de\/#\/schema\/person\/cf538b3157f15afd7589245a4b3dbd25"},"headline":"Quentin Benault leitet e-LOGIK","datePublished":"2026-03-13T11:34:41+00:00","mainEntityOfPage":{"@id":"https:\/\/transportjournal.com\/de\/2026\/03\/13\/quentin-benault-leitet-e-logik\/"},"wordCount":234,"commentCount":0,"publisher":{"@id":"https:\/\/transportjournal.com\/de\/#organization"},"image":{"@id":"https:\/\/transportjournal.com\/de\/2026\/03\/13\/quentin-benault-leitet-e-logik\/#primaryimage"},"thumbnailUrl":"https:\/\/transportjournal.com\/wp-content\/uploads\/sites\/2\/2026\/03\/Quentin-Benault-e-LOGIK-980x551-1-aspect-ratio-1400-788.png","keywords":["croissance dans l'e-commerce","dernier kilom\u00e8tre","Deutsch e-LOGIK","digital platform","digitale Plattform","e-commerce logistics","E-Commerce Logistik","entrep\u00f4ts","entreprise de logistique","Flexibilit\u00e4t in der Logistik","flexibilit\u00e9 en logistique","flexibility in logistics","gestion des retours","growth in e-commerce","industrie du transport","KMU-Partnerschaften","Lagerh\u00e4user","last mile","letzte Meile","local logistics","logistics company","logistics optimization Fran\u00e7ais e-LOGIK","logistics service providers","Logistikdienstleister","Logistikoptimierung English e-LOGIK","Logistikunternehmen","logistique e-commerce","logistique locale","lokale Logistik","nachhaltige Logistikl\u00f6sungen","national logistics networks","nationale Logistiknetzwerke","normes de qualit\u00e9","optimisation logistique","partenariats PME","plateforme num\u00e9rique","prestataires de services logistiques","Qualit\u00e4tsstandards","quality standards","Quentin Benault","r\u00e9orientation strat\u00e9gique","r\u00e9seaux logistiques nationaux","Retourenmanagement","returns management","SME partnerships","solutions logistiques durables","strategic realignment","strategische Neuausrichtung","sustainable logistics solutions","technologie en logistique","Technologie in der Logistik","technology in logistics","transport industry","Transportwirtschaft","Wachstum im E-Commerce","warehouses"],"articleSection":["Europa","Menschen &amp; Unternehmen","Schweiz","Spedition &amp; Logistik"],"inLanguage":"de","potentialAction":[{"@type":"CommentAction","name":"Comment","target":["https:\/\/transportjournal.com\/de\/2026\/03\/13\/quentin-benault-leitet-e-logik\/#respond"]}]},{"@type":"WebPage","@id":"https:\/\/transportjournal.com\/de\/2026\/03\/13\/quentin-benault-leitet-e-logik\/","url":"https:\/\/transportjournal.com\/de\/2026\/03\/13\/quentin-benault-leitet-e-logik\/","name":"Quentin Benault leitet e-LOGIK - ITJ | International Transport Journal","isPartOf":{"@id":"https:\/\/transportjournal.com\/de\/#website"},"primaryImageOfPage":{"@id":"https:\/\/transportjournal.com\/de\/2026\/03\/13\/quentin-benault-leitet-e-logik\/#primaryimage"},"image":{"@id":"https:\/\/transportjournal.com\/de\/2026\/03\/13\/quentin-benault-leitet-e-logik\/#primaryimage"},"thumbnailUrl":"https:\/\/transportjournal.com\/wp-content\/uploads\/sites\/2\/2026\/03\/Quentin-Benault-e-LOGIK-980x551-1-aspect-ratio-1400-788.png","datePublished":"2026-03-13T11:34:41+00:00","breadcrumb":{"@id":"https:\/\/transportjournal.com\/de\/2026\/03\/13\/quentin-benault-leitet-e-logik\/#breadcrumb"},"inLanguage":"de","potentialAction":[{"@type":"ReadAction","target":["https:\/\/transportjournal.com\/de\/2026\/03\/13\/quentin-benault-leitet-e-logik\/"]}]},{"@type":"ImageObject","inLanguage":"de","@id":"https:\/\/transportjournal.com\/de\/2026\/03\/13\/quentin-benault-leitet-e-logik\/#primaryimage","url":"https:\/\/transportjournal.com\/wp-content\/uploads\/sites\/2\/2026\/03\/Quentin-Benault-e-LOGIK-980x551-1-aspect-ratio-1400-788.png","contentUrl":"https:\/\/transportjournal.com\/wp-content\/uploads\/sites\/2\/2026\/03\/Quentin-Benault-e-LOGIK-980x551-1-aspect-ratio-1400-788.png","width":653,"height":367},{"@type":"BreadcrumbList","@id":"https:\/\/transportjournal.com\/de\/2026\/03\/13\/quentin-benault-leitet-e-logik\/#breadcrumb","itemListElement":[{"@type":"ListItem","position":1,"name":"Startseite","item":"https:\/\/transportjournal.com\/de\/"},{"@type":"ListItem","position":2,"name":"Quentin Benault leitet e-LOGIK"}]},{"@type":"WebSite","@id":"https:\/\/transportjournal.com\/de\/#website","url":"https:\/\/transportjournal.com\/de\/","name":"ITJ | International Transport Journal","description":"Stay informed with the latest global news from the transport, logistics, and supply chain industries. Transport Journal delivers expert insights, analysis, and updates across shipping, aviation, intermodal, and forwarding.","publisher":{"@id":"https:\/\/transportjournal.com\/de\/#organization"},"potentialAction":[{"@type":"SearchAction","target":{"@type":"EntryPoint","urlTemplate":"https:\/\/transportjournal.com\/de\/?s={search_term_string}"},"query-input":{"@type":"PropertyValueSpecification","valueRequired":true,"valueName":"search_term_string"}}],"inLanguage":"de"},{"@type":"Organization","@id":"https:\/\/transportjournal.com\/de\/#organization","name":"Groupe Logismedia AG","alternateName":"Logismedia Group AG","url":"https:\/\/transportjournal.com\/de\/","logo":{"@type":"ImageObject","inLanguage":"de","@id":"https:\/\/transportjournal.com\/de\/#\/schema\/logo\/image\/","url":"https:\/\/transportjournal.com\/wp-content\/uploads\/sites\/2\/2025\/09\/Logo_ITJ.png","contentUrl":"https:\/\/transportjournal.com\/wp-content\/uploads\/sites\/2\/2025\/09\/Logo_ITJ.png","width":799,"height":326,"caption":"Groupe Logismedia AG"},"image":{"@id":"https:\/\/transportjournal.com\/de\/#\/schema\/logo\/image\/"},"sameAs":["https:\/\/www.linkedin.com\/company\/56456496\/admin\/dashboard\/","https:\/\/www.instagram.com\/logismediagroup\/","https:\/\/www.youtube.com\/@LogiamediaGroupAG"]},{"@type":"Person","@id":"https:\/\/transportjournal.com\/de\/#\/schema\/person\/cf538b3157f15afd7589245a4b3dbd25","name":"Andreas Haug","url":"https:\/\/transportjournal.com\/de\/author\/andreas\/"}]}},"_links":{"self":[{"href":"https:\/\/transportjournal.com\/de\/wp-json\/wp\/v2\/posts\/80781","targetHints":{"allow":["GET"]}}],"collection":[{"href":"https:\/\/transportjournal.com\/de\/wp-json\/wp\/v2\/posts"}],"about":[{"href":"https:\/\/transportjournal.com\/de\/wp-json\/wp\/v2\/types\/post"}],"author":[{"embeddable":true,"href":"https:\/\/transportjournal.com\/de\/wp-json\/wp\/v2\/users\/12"}],"replies":[{"embeddable":true,"href":"https:\/\/transportjournal.com\/de\/wp-json\/wp\/v2\/comments?post=80781"}],"version-history":[{"count":0,"href":"https:\/\/transportjournal.com\/de\/wp-json\/wp\/v2\/posts\/80781\/revisions"}],"wp:featuredmedia":[{"embeddable":true,"href":"https:\/\/transportjournal.com\/de\/wp-json\/wp\/v2\/media\/80780"}],"wp:attachment":[{"href":"https:\/\/transportjournal.com\/de\/wp-json\/wp\/v2\/media?parent=80781"}],"wp:term":[{"taxonomy":"category","embeddable":true,"href":"https:\/\/transportjournal.com\/de\/wp-json\/wp\/v2\/categories?post=80781"},{"taxonomy":"post_tag","embeddable":true,"href":"https:\/\/transportjournal.com\/de\/wp-json\/wp\/v2\/tags?post=80781"}],"curies":[{"name":"wp","href":"https:\/\/api.w.org\/{rel}","templated":true}]}}