{"id":80757,"date":"2026-03-13T11:00:54","date_gmt":"2026-03-13T11:00:54","guid":{"rendered":"https:\/\/transportjournal.com\/2026\/03\/13\/feteia-oltra-reagiert-auf-geopolitische-spannungen\/"},"modified":"2026-03-13T11:00:54","modified_gmt":"2026-03-13T11:00:54","slug":"feteia-oltra-reagiert-auf-geopolitische-spannungen","status":"publish","type":"post","link":"https:\/\/transportjournal.com\/de\/2026\/03\/13\/feteia-oltra-reagiert-auf-geopolitische-spannungen\/","title":{"rendered":"Feteia-Oltra reagiert auf geopolitische Spannungen"},"content":{"rendered":"<p>Die spanische Spediteursf\u00f6deration Feteia-Oltra beobachtet die Auswirkungen der geopolitischen Eskalation im Nahen Osten auf internationale Lieferketten und hat zus\u00e4tzliche Massnahmen zur Lagebeobachtung eingeleitet. Steigende Unsicherheiten im Energie- und Transportmarkt erschweren derzeit die Planung globaler Logistikprozesse.<\/p>\n<p>Der Vorstand der Organisation traf sich mit regionalen Speditionsverb\u00e4nden aus ganz Spanien, um aktuelle Entwicklungen im Welthandel und operative Herausforderungen zu analysieren. Diskutiert wurden insbesondere steigende Transportkosten, volatile Energiepreise sowie die zunehmende Unsicherheit bei Transitzeiten und Routen.<\/p>\n<p>Arbeitsgruppe f\u00f6rdert schnellere Reaktionen<\/p>\n<p>Als Reaktion auf die Lage hat Feteia-Oltra eine Arbeitsgruppe eingerichtet, die internationale Entwicklungen kontinuierlich beobachtet und Informationen mit Beh\u00f6rden, Branchenorganisationen und Partnern austauscht. Ziel ist es, Unternehmen aktuelle Marktinformationen f\u00fcr operative Entscheidungen bereitzustellen.<\/p>\n<p>Spediteure unterst\u00fctzen Unternehmen derzeit verst\u00e4rkt bei der Anpassung ihrer Lieferketten, indem alternative Transportwege gepr\u00fcft und Logistikabl\u00e4ufe laufend angepasst werden, um den internationalen Handel aufrechtzuerhalten.<\/p>\n<p><a href=\"http:\/\/www.feteia.org\" target=\"_blank\" rel=\"noopener noreferrer\">www.feteia.org<\/a><\/p>\n","protected":false},"excerpt":{"rendered":"<p>Die spanische Spediteursf\u00f6deration Feteia-Oltra hat eine Arbeitsgruppe gegr\u00fcndet, um Unternehmen bei der Anpassung ihrer Lieferketten an die geopolitischen Entwicklungen zu unterst\u00fctzen.<\/p>\n","protected":false},"author":14,"featured_media":80756,"comment_status":"open","ping_status":"","sticky":false,"template":"","format":"standard","meta":{"_acf_changed":false,"footnotes":""},"categories":[1569],"tags":[14761,26898,26899,26900,21089,26901,26902,26903,3739,2355,2356,2122,26904,5225,5226,2123,12668,12669,2125,26905,3745,2075,21103,21106,26906,26907,8486,26908,16615,26909,8487,12675,26910,26911,4132,4134,4135,26912,26913,2145,2148,26914,8495,2394,26915,14796,2106,26916,2295,24745,24746,26917,2155,26918,1837,26919,26920],"class_list":["post-80757","post","type-post","status-publish","format-standard","has-post-thumbnail","hentry","category-logistik-spedition","tag-ajustements-de-la-chaine-dapprovisionnement","tag-alternative-transport-routes","tag-alternative-transportwege","tag-associations-de-transport","tag-chaines-dapprovisionnement-internationales","tag-couts-de-transport","tag-defis-operationnels","tag-deutsch-feteia-oltra","tag-developpement-des-infrastructures","tag-digital-logistics-solutions","tag-digitale-logistikloesungen","tag-fachkraeftemangel-logistik","tag-freight-associations","tag-geopolitical-tensions","tag-geopolitische-spannungen","tag-gestion-de-la-chaine-dapprovisionnement","tag-global-logistics","tag-globale-logistik","tag-industrie-du-transport","tag-informations-de-marche","tag-infrastructure-development","tag-infrastrukturentwicklung","tag-international-supply-chains","tag-internationale-lieferketten","tag-itineraires-de-transport-alternatifs","tag-lieferkettenanpassung","tag-logistics-processes","tag-logistics-service-providers-francais-feteia-oltra","tag-logistics-workforce-shortage","tag-logistikdienstleister-english-feteia-oltra","tag-logistikprozesse","tag-logistique-mondiale","tag-market-information","tag-marktinformationen","tag-middle-east","tag-moyen-orient","tag-naher-osten","tag-operational-challenges","tag-operative-herausforderungen","tag-penurie-de-main-doeuvre-logistique","tag-prestataires-de-services-logistiques","tag-prix-de-lenergie-volatils","tag-processus-logistiques","tag-solutions-logistiques-numeriques","tag-speditionsverbaende","tag-supply-chain-adjustments","tag-supply-chain-management","tag-temps-de-transit","tag-tensions-geopolitiques","tag-transit-times","tag-transitzeiten","tag-transport-costs","tag-transport-industry","tag-transportkosten","tag-transportwirtschaft","tag-volatile-energiepreise","tag-volatile-energy-prices"],"acf":[],"yoast_head":"<!-- This site is optimized with the Yoast SEO plugin v27.3 - https:\/\/yoast.com\/product\/yoast-seo-wordpress\/ -->\n<title>Feteia-Oltra reagiert auf geopolitische Spannungen - ITJ | International Transport Journal<\/title>\n<meta name=\"robots\" content=\"index, follow, max-snippet:-1, max-image-preview:large, max-video-preview:-1\" \/>\n<link rel=\"canonical\" href=\"https:\/\/transportjournal.com\/de\/2026\/03\/13\/feteia-oltra-reagiert-auf-geopolitische-spannungen\/\" \/>\n<meta property=\"og:locale\" content=\"de_DE\" \/>\n<meta property=\"og:type\" content=\"article\" \/>\n<meta property=\"og:title\" content=\"Feteia-Oltra reagiert auf geopolitische Spannungen - ITJ | International Transport Journal\" \/>\n<meta property=\"og:description\" content=\"Die spanische Spediteursf\u00f6deration Feteia-Oltra hat eine Arbeitsgruppe gegr\u00fcndet, um Unternehmen bei der Anpassung ihrer Lieferketten an die geopolitischen Entwicklungen zu unterst\u00fctzen.\" \/>\n<meta property=\"og:url\" content=\"https:\/\/transportjournal.com\/de\/2026\/03\/13\/feteia-oltra-reagiert-auf-geopolitische-spannungen\/\" \/>\n<meta property=\"og:site_name\" content=\"ITJ | International Transport Journal\" \/>\n<meta property=\"article:published_time\" content=\"2026-03-13T11:00:54+00:00\" \/>\n<meta property=\"og:image\" content=\"https:\/\/transportjournal.com\/wp-content\/uploads\/sites\/2\/2026\/03\/Geopolitik_Supply_chain_Adobe_Stock-bakhtiarzein_82516786-scaled-aspect-ratio-1400-788-scaled-1.jpeg\" \/>\n\t<meta property=\"og:image:width\" content=\"2560\" \/>\n\t<meta property=\"og:image:height\" content=\"1441\" \/>\n\t<meta property=\"og:image:type\" content=\"image\/jpeg\" \/>\n<meta name=\"author\" content=\"Gyan Sharan\" \/>\n<meta name=\"twitter:card\" content=\"summary_large_image\" \/>\n<meta name=\"twitter:label1\" content=\"Verfasst von\" \/>\n\t<meta name=\"twitter:data1\" content=\"Gyan Sharan\" \/>\n\t<meta name=\"twitter:label2\" content=\"Gesch\u00e4tzte Lesezeit\" \/>\n\t<meta name=\"twitter:data2\" content=\"1\u00a0Minute\" \/>\n<script type=\"application\/ld+json\" class=\"yoast-schema-graph\">{\"@context\":\"https:\\\/\\\/schema.org\",\"@graph\":[{\"@type\":\"Article\",\"@id\":\"https:\\\/\\\/transportjournal.com\\\/de\\\/2026\\\/03\\\/13\\\/feteia-oltra-reagiert-auf-geopolitische-spannungen\\\/#article\",\"isPartOf\":{\"@id\":\"https:\\\/\\\/transportjournal.com\\\/de\\\/2026\\\/03\\\/13\\\/feteia-oltra-reagiert-auf-geopolitische-spannungen\\\/\"},\"author\":{\"name\":\"Gyan Sharan\",\"@id\":\"https:\\\/\\\/transportjournal.com\\\/de\\\/#\\\/schema\\\/person\\\/13a9fc605c753db60ef7750a229cd042\"},\"headline\":\"Feteia-Oltra reagiert auf geopolitische Spannungen\",\"datePublished\":\"2026-03-13T11:00:54+00:00\",\"mainEntityOfPage\":{\"@id\":\"https:\\\/\\\/transportjournal.com\\\/de\\\/2026\\\/03\\\/13\\\/feteia-oltra-reagiert-auf-geopolitische-spannungen\\\/\"},\"wordCount\":151,\"commentCount\":0,\"publisher\":{\"@id\":\"https:\\\/\\\/transportjournal.com\\\/de\\\/#organization\"},\"image\":{\"@id\":\"https:\\\/\\\/transportjournal.com\\\/de\\\/2026\\\/03\\\/13\\\/feteia-oltra-reagiert-auf-geopolitische-spannungen\\\/#primaryimage\"},\"thumbnailUrl\":\"https:\\\/\\\/transportjournal.com\\\/wp-content\\\/uploads\\\/sites\\\/2\\\/2026\\\/03\\\/Geopolitik_Supply_chain_Adobe_Stock-bakhtiarzein_82516786-scaled-aspect-ratio-1400-788-scaled-1.jpeg\",\"keywords\":[\"ajustements de la cha\u00eene d'approvisionnement\",\"alternative transport routes\",\"alternative Transportwege\",\"associations de transport\",\"cha\u00eenes d'approvisionnement internationales\",\"co\u00fbts de transport\",\"d\u00e9fis op\u00e9rationnels\",\"Deutsch Feteia-Oltra\",\"d\u00e9veloppement des infrastructures\",\"digital logistics solutions\",\"digitale Logistikl\u00f6sungen\",\"Fachkr\u00e4ftemangel Logistik\",\"freight associations\",\"geopolitical tensions\",\"geopolitische Spannungen\",\"gestion de la cha\u00eene d'approvisionnement\",\"global logistics\",\"globale Logistik\",\"industrie du transport\",\"informations de march\u00e9\",\"infrastructure development\",\"Infrastrukturentwicklung\",\"international supply chains\",\"internationale Lieferketten\",\"itin\u00e9raires de transport alternatifs\",\"Lieferkettenanpassung\",\"logistics processes\",\"logistics service providers Fran\u00e7ais Feteia-Oltra\",\"logistics workforce shortage\",\"Logistikdienstleister English Feteia-Oltra\",\"Logistikprozesse\",\"logistique mondiale\",\"market information\",\"Marktinformationen\",\"Middle East\",\"Moyen-Orient\",\"Naher Osten\",\"operational challenges\",\"operative Herausforderungen\",\"p\u00e9nurie de main-d'\u0153uvre logistique\",\"prestataires de services logistiques\",\"prix de l'\u00e9nergie volatils\",\"processus logistiques\",\"solutions logistiques num\u00e9riques\",\"Speditionsverb\u00e4nde\",\"supply chain adjustments\",\"Supply Chain Management\",\"temps de transit\",\"tensions g\u00e9opolitiques\",\"transit times\",\"Transitzeiten\",\"transport costs\",\"transport industry\",\"Transportkosten\",\"Transportwirtschaft\",\"volatile Energiepreise\",\"volatile energy prices\"],\"articleSection\":[\"Spedition &amp; Logistik\"],\"inLanguage\":\"de\",\"potentialAction\":[{\"@type\":\"CommentAction\",\"name\":\"Comment\",\"target\":[\"https:\\\/\\\/transportjournal.com\\\/de\\\/2026\\\/03\\\/13\\\/feteia-oltra-reagiert-auf-geopolitische-spannungen\\\/#respond\"]}]},{\"@type\":\"WebPage\",\"@id\":\"https:\\\/\\\/transportjournal.com\\\/de\\\/2026\\\/03\\\/13\\\/feteia-oltra-reagiert-auf-geopolitische-spannungen\\\/\",\"url\":\"https:\\\/\\\/transportjournal.com\\\/de\\\/2026\\\/03\\\/13\\\/feteia-oltra-reagiert-auf-geopolitische-spannungen\\\/\",\"name\":\"Feteia-Oltra reagiert auf geopolitische Spannungen - ITJ | International Transport Journal\",\"isPartOf\":{\"@id\":\"https:\\\/\\\/transportjournal.com\\\/de\\\/#website\"},\"primaryImageOfPage\":{\"@id\":\"https:\\\/\\\/transportjournal.com\\\/de\\\/2026\\\/03\\\/13\\\/feteia-oltra-reagiert-auf-geopolitische-spannungen\\\/#primaryimage\"},\"image\":{\"@id\":\"https:\\\/\\\/transportjournal.com\\\/de\\\/2026\\\/03\\\/13\\\/feteia-oltra-reagiert-auf-geopolitische-spannungen\\\/#primaryimage\"},\"thumbnailUrl\":\"https:\\\/\\\/transportjournal.com\\\/wp-content\\\/uploads\\\/sites\\\/2\\\/2026\\\/03\\\/Geopolitik_Supply_chain_Adobe_Stock-bakhtiarzein_82516786-scaled-aspect-ratio-1400-788-scaled-1.jpeg\",\"datePublished\":\"2026-03-13T11:00:54+00:00\",\"breadcrumb\":{\"@id\":\"https:\\\/\\\/transportjournal.com\\\/de\\\/2026\\\/03\\\/13\\\/feteia-oltra-reagiert-auf-geopolitische-spannungen\\\/#breadcrumb\"},\"inLanguage\":\"de\",\"potentialAction\":[{\"@type\":\"ReadAction\",\"target\":[\"https:\\\/\\\/transportjournal.com\\\/de\\\/2026\\\/03\\\/13\\\/feteia-oltra-reagiert-auf-geopolitische-spannungen\\\/\"]}]},{\"@type\":\"ImageObject\",\"inLanguage\":\"de\",\"@id\":\"https:\\\/\\\/transportjournal.com\\\/de\\\/2026\\\/03\\\/13\\\/feteia-oltra-reagiert-auf-geopolitische-spannungen\\\/#primaryimage\",\"url\":\"https:\\\/\\\/transportjournal.com\\\/wp-content\\\/uploads\\\/sites\\\/2\\\/2026\\\/03\\\/Geopolitik_Supply_chain_Adobe_Stock-bakhtiarzein_82516786-scaled-aspect-ratio-1400-788-scaled-1.jpeg\",\"contentUrl\":\"https:\\\/\\\/transportjournal.com\\\/wp-content\\\/uploads\\\/sites\\\/2\\\/2026\\\/03\\\/Geopolitik_Supply_chain_Adobe_Stock-bakhtiarzein_82516786-scaled-aspect-ratio-1400-788-scaled-1.jpeg\",\"width\":2560,\"height\":1441},{\"@type\":\"BreadcrumbList\",\"@id\":\"https:\\\/\\\/transportjournal.com\\\/de\\\/2026\\\/03\\\/13\\\/feteia-oltra-reagiert-auf-geopolitische-spannungen\\\/#breadcrumb\",\"itemListElement\":[{\"@type\":\"ListItem\",\"position\":1,\"name\":\"Startseite\",\"item\":\"https:\\\/\\\/transportjournal.com\\\/de\\\/\"},{\"@type\":\"ListItem\",\"position\":2,\"name\":\"Feteia-Oltra reagiert auf geopolitische Spannungen\"}]},{\"@type\":\"WebSite\",\"@id\":\"https:\\\/\\\/transportjournal.com\\\/de\\\/#website\",\"url\":\"https:\\\/\\\/transportjournal.com\\\/de\\\/\",\"name\":\"ITJ | International Transport Journal\",\"description\":\"Stay informed with the latest global news from the transport, logistics, and supply chain industries. Transport Journal delivers expert insights, analysis, and updates across shipping, aviation, intermodal, and forwarding.\",\"publisher\":{\"@id\":\"https:\\\/\\\/transportjournal.com\\\/de\\\/#organization\"},\"potentialAction\":[{\"@type\":\"SearchAction\",\"target\":{\"@type\":\"EntryPoint\",\"urlTemplate\":\"https:\\\/\\\/transportjournal.com\\\/de\\\/?s={search_term_string}\"},\"query-input\":{\"@type\":\"PropertyValueSpecification\",\"valueRequired\":true,\"valueName\":\"search_term_string\"}}],\"inLanguage\":\"de\"},{\"@type\":\"Organization\",\"@id\":\"https:\\\/\\\/transportjournal.com\\\/de\\\/#organization\",\"name\":\"Groupe Logismedia AG\",\"alternateName\":\"Logismedia Group AG\",\"url\":\"https:\\\/\\\/transportjournal.com\\\/de\\\/\",\"logo\":{\"@type\":\"ImageObject\",\"inLanguage\":\"de\",\"@id\":\"https:\\\/\\\/transportjournal.com\\\/de\\\/#\\\/schema\\\/logo\\\/image\\\/\",\"url\":\"https:\\\/\\\/transportjournal.com\\\/wp-content\\\/uploads\\\/sites\\\/2\\\/2025\\\/09\\\/Logo_ITJ.png\",\"contentUrl\":\"https:\\\/\\\/transportjournal.com\\\/wp-content\\\/uploads\\\/sites\\\/2\\\/2025\\\/09\\\/Logo_ITJ.png\",\"width\":799,\"height\":326,\"caption\":\"Groupe Logismedia AG\"},\"image\":{\"@id\":\"https:\\\/\\\/transportjournal.com\\\/de\\\/#\\\/schema\\\/logo\\\/image\\\/\"},\"sameAs\":[\"https:\\\/\\\/www.linkedin.com\\\/company\\\/56456496\\\/admin\\\/dashboard\\\/\",\"https:\\\/\\\/www.instagram.com\\\/logismediagroup\\\/\",\"https:\\\/\\\/www.youtube.com\\\/@LogiamediaGroupAG\"]},{\"@type\":\"Person\",\"@id\":\"https:\\\/\\\/transportjournal.com\\\/de\\\/#\\\/schema\\\/person\\\/13a9fc605c753db60ef7750a229cd042\",\"name\":\"Gyan Sharan\",\"url\":\"https:\\\/\\\/transportjournal.com\\\/de\\\/author\\\/gyan\\\/\"}]}<\/script>\n<!-- \/ Yoast SEO plugin. -->","yoast_head_json":{"title":"Feteia-Oltra reagiert auf geopolitische Spannungen - ITJ | International Transport Journal","robots":{"index":"index","follow":"follow","max-snippet":"max-snippet:-1","max-image-preview":"max-image-preview:large","max-video-preview":"max-video-preview:-1"},"canonical":"https:\/\/transportjournal.com\/de\/2026\/03\/13\/feteia-oltra-reagiert-auf-geopolitische-spannungen\/","og_locale":"de_DE","og_type":"article","og_title":"Feteia-Oltra reagiert auf geopolitische Spannungen - ITJ | International Transport Journal","og_description":"Die spanische Spediteursf\u00f6deration Feteia-Oltra hat eine Arbeitsgruppe gegr\u00fcndet, um Unternehmen bei der Anpassung ihrer Lieferketten an die geopolitischen Entwicklungen zu unterst\u00fctzen.","og_url":"https:\/\/transportjournal.com\/de\/2026\/03\/13\/feteia-oltra-reagiert-auf-geopolitische-spannungen\/","og_site_name":"ITJ | International Transport Journal","article_published_time":"2026-03-13T11:00:54+00:00","og_image":[{"width":2560,"height":1441,"url":"https:\/\/transportjournal.com\/wp-content\/uploads\/sites\/2\/2026\/03\/Geopolitik_Supply_chain_Adobe_Stock-bakhtiarzein_82516786-scaled-aspect-ratio-1400-788-scaled-1.jpeg","type":"image\/jpeg"}],"author":"Gyan Sharan","twitter_card":"summary_large_image","twitter_misc":{"Verfasst von":"Gyan Sharan","Gesch\u00e4tzte Lesezeit":"1\u00a0Minute"},"schema":{"@context":"https:\/\/schema.org","@graph":[{"@type":"Article","@id":"https:\/\/transportjournal.com\/de\/2026\/03\/13\/feteia-oltra-reagiert-auf-geopolitische-spannungen\/#article","isPartOf":{"@id":"https:\/\/transportjournal.com\/de\/2026\/03\/13\/feteia-oltra-reagiert-auf-geopolitische-spannungen\/"},"author":{"name":"Gyan Sharan","@id":"https:\/\/transportjournal.com\/de\/#\/schema\/person\/13a9fc605c753db60ef7750a229cd042"},"headline":"Feteia-Oltra reagiert auf geopolitische Spannungen","datePublished":"2026-03-13T11:00:54+00:00","mainEntityOfPage":{"@id":"https:\/\/transportjournal.com\/de\/2026\/03\/13\/feteia-oltra-reagiert-auf-geopolitische-spannungen\/"},"wordCount":151,"commentCount":0,"publisher":{"@id":"https:\/\/transportjournal.com\/de\/#organization"},"image":{"@id":"https:\/\/transportjournal.com\/de\/2026\/03\/13\/feteia-oltra-reagiert-auf-geopolitische-spannungen\/#primaryimage"},"thumbnailUrl":"https:\/\/transportjournal.com\/wp-content\/uploads\/sites\/2\/2026\/03\/Geopolitik_Supply_chain_Adobe_Stock-bakhtiarzein_82516786-scaled-aspect-ratio-1400-788-scaled-1.jpeg","keywords":["ajustements de la cha\u00eene d'approvisionnement","alternative transport routes","alternative Transportwege","associations de transport","cha\u00eenes d'approvisionnement internationales","co\u00fbts de transport","d\u00e9fis op\u00e9rationnels","Deutsch Feteia-Oltra","d\u00e9veloppement des infrastructures","digital logistics solutions","digitale Logistikl\u00f6sungen","Fachkr\u00e4ftemangel Logistik","freight associations","geopolitical tensions","geopolitische Spannungen","gestion de la cha\u00eene d'approvisionnement","global logistics","globale Logistik","industrie du transport","informations de march\u00e9","infrastructure development","Infrastrukturentwicklung","international supply chains","internationale Lieferketten","itin\u00e9raires de transport alternatifs","Lieferkettenanpassung","logistics processes","logistics service providers Fran\u00e7ais Feteia-Oltra","logistics workforce shortage","Logistikdienstleister English Feteia-Oltra","Logistikprozesse","logistique mondiale","market information","Marktinformationen","Middle East","Moyen-Orient","Naher Osten","operational challenges","operative Herausforderungen","p\u00e9nurie de main-d'\u0153uvre logistique","prestataires de services logistiques","prix de l'\u00e9nergie volatils","processus logistiques","solutions logistiques num\u00e9riques","Speditionsverb\u00e4nde","supply chain adjustments","Supply Chain Management","temps de transit","tensions g\u00e9opolitiques","transit times","Transitzeiten","transport costs","transport industry","Transportkosten","Transportwirtschaft","volatile Energiepreise","volatile energy prices"],"articleSection":["Spedition &amp; Logistik"],"inLanguage":"de","potentialAction":[{"@type":"CommentAction","name":"Comment","target":["https:\/\/transportjournal.com\/de\/2026\/03\/13\/feteia-oltra-reagiert-auf-geopolitische-spannungen\/#respond"]}]},{"@type":"WebPage","@id":"https:\/\/transportjournal.com\/de\/2026\/03\/13\/feteia-oltra-reagiert-auf-geopolitische-spannungen\/","url":"https:\/\/transportjournal.com\/de\/2026\/03\/13\/feteia-oltra-reagiert-auf-geopolitische-spannungen\/","name":"Feteia-Oltra reagiert auf geopolitische Spannungen - ITJ | International Transport Journal","isPartOf":{"@id":"https:\/\/transportjournal.com\/de\/#website"},"primaryImageOfPage":{"@id":"https:\/\/transportjournal.com\/de\/2026\/03\/13\/feteia-oltra-reagiert-auf-geopolitische-spannungen\/#primaryimage"},"image":{"@id":"https:\/\/transportjournal.com\/de\/2026\/03\/13\/feteia-oltra-reagiert-auf-geopolitische-spannungen\/#primaryimage"},"thumbnailUrl":"https:\/\/transportjournal.com\/wp-content\/uploads\/sites\/2\/2026\/03\/Geopolitik_Supply_chain_Adobe_Stock-bakhtiarzein_82516786-scaled-aspect-ratio-1400-788-scaled-1.jpeg","datePublished":"2026-03-13T11:00:54+00:00","breadcrumb":{"@id":"https:\/\/transportjournal.com\/de\/2026\/03\/13\/feteia-oltra-reagiert-auf-geopolitische-spannungen\/#breadcrumb"},"inLanguage":"de","potentialAction":[{"@type":"ReadAction","target":["https:\/\/transportjournal.com\/de\/2026\/03\/13\/feteia-oltra-reagiert-auf-geopolitische-spannungen\/"]}]},{"@type":"ImageObject","inLanguage":"de","@id":"https:\/\/transportjournal.com\/de\/2026\/03\/13\/feteia-oltra-reagiert-auf-geopolitische-spannungen\/#primaryimage","url":"https:\/\/transportjournal.com\/wp-content\/uploads\/sites\/2\/2026\/03\/Geopolitik_Supply_chain_Adobe_Stock-bakhtiarzein_82516786-scaled-aspect-ratio-1400-788-scaled-1.jpeg","contentUrl":"https:\/\/transportjournal.com\/wp-content\/uploads\/sites\/2\/2026\/03\/Geopolitik_Supply_chain_Adobe_Stock-bakhtiarzein_82516786-scaled-aspect-ratio-1400-788-scaled-1.jpeg","width":2560,"height":1441},{"@type":"BreadcrumbList","@id":"https:\/\/transportjournal.com\/de\/2026\/03\/13\/feteia-oltra-reagiert-auf-geopolitische-spannungen\/#breadcrumb","itemListElement":[{"@type":"ListItem","position":1,"name":"Startseite","item":"https:\/\/transportjournal.com\/de\/"},{"@type":"ListItem","position":2,"name":"Feteia-Oltra reagiert auf geopolitische Spannungen"}]},{"@type":"WebSite","@id":"https:\/\/transportjournal.com\/de\/#website","url":"https:\/\/transportjournal.com\/de\/","name":"ITJ | International Transport Journal","description":"Stay informed with the latest global news from the transport, logistics, and supply chain industries. Transport Journal delivers expert insights, analysis, and updates across shipping, aviation, intermodal, and forwarding.","publisher":{"@id":"https:\/\/transportjournal.com\/de\/#organization"},"potentialAction":[{"@type":"SearchAction","target":{"@type":"EntryPoint","urlTemplate":"https:\/\/transportjournal.com\/de\/?s={search_term_string}"},"query-input":{"@type":"PropertyValueSpecification","valueRequired":true,"valueName":"search_term_string"}}],"inLanguage":"de"},{"@type":"Organization","@id":"https:\/\/transportjournal.com\/de\/#organization","name":"Groupe Logismedia AG","alternateName":"Logismedia Group AG","url":"https:\/\/transportjournal.com\/de\/","logo":{"@type":"ImageObject","inLanguage":"de","@id":"https:\/\/transportjournal.com\/de\/#\/schema\/logo\/image\/","url":"https:\/\/transportjournal.com\/wp-content\/uploads\/sites\/2\/2025\/09\/Logo_ITJ.png","contentUrl":"https:\/\/transportjournal.com\/wp-content\/uploads\/sites\/2\/2025\/09\/Logo_ITJ.png","width":799,"height":326,"caption":"Groupe Logismedia AG"},"image":{"@id":"https:\/\/transportjournal.com\/de\/#\/schema\/logo\/image\/"},"sameAs":["https:\/\/www.linkedin.com\/company\/56456496\/admin\/dashboard\/","https:\/\/www.instagram.com\/logismediagroup\/","https:\/\/www.youtube.com\/@LogiamediaGroupAG"]},{"@type":"Person","@id":"https:\/\/transportjournal.com\/de\/#\/schema\/person\/13a9fc605c753db60ef7750a229cd042","name":"Gyan Sharan","url":"https:\/\/transportjournal.com\/de\/author\/gyan\/"}]}},"_links":{"self":[{"href":"https:\/\/transportjournal.com\/de\/wp-json\/wp\/v2\/posts\/80757","targetHints":{"allow":["GET"]}}],"collection":[{"href":"https:\/\/transportjournal.com\/de\/wp-json\/wp\/v2\/posts"}],"about":[{"href":"https:\/\/transportjournal.com\/de\/wp-json\/wp\/v2\/types\/post"}],"author":[{"embeddable":true,"href":"https:\/\/transportjournal.com\/de\/wp-json\/wp\/v2\/users\/14"}],"replies":[{"embeddable":true,"href":"https:\/\/transportjournal.com\/de\/wp-json\/wp\/v2\/comments?post=80757"}],"version-history":[{"count":0,"href":"https:\/\/transportjournal.com\/de\/wp-json\/wp\/v2\/posts\/80757\/revisions"}],"wp:featuredmedia":[{"embeddable":true,"href":"https:\/\/transportjournal.com\/de\/wp-json\/wp\/v2\/media\/80756"}],"wp:attachment":[{"href":"https:\/\/transportjournal.com\/de\/wp-json\/wp\/v2\/media?parent=80757"}],"wp:term":[{"taxonomy":"category","embeddable":true,"href":"https:\/\/transportjournal.com\/de\/wp-json\/wp\/v2\/categories?post=80757"},{"taxonomy":"post_tag","embeddable":true,"href":"https:\/\/transportjournal.com\/de\/wp-json\/wp\/v2\/tags?post=80757"}],"curies":[{"name":"wp","href":"https:\/\/api.w.org\/{rel}","templated":true}]}}