{"id":80749,"date":"2026-03-13T10:36:09","date_gmt":"2026-03-13T10:36:09","guid":{"rendered":"https:\/\/transportjournal.com\/2026\/03\/13\/regionallager-fuer-ersatzteile-von-energiedienstleister\/"},"modified":"2026-03-13T10:36:09","modified_gmt":"2026-03-13T10:36:09","slug":"regionallager-fuer-ersatzteile-von-energiedienstleister","status":"publish","type":"post","link":"https:\/\/transportjournal.com\/de\/2026\/03\/13\/regionallager-fuer-ersatzteile-von-energiedienstleister\/","title":{"rendered":"Regionallager f\u00fcr Ersatzteile von Energiedienstleister"},"content":{"rendered":"<p>Die Mainova AG hat den Bau eines neuen Regionallagers im Osten Frankfurts angek\u00fcndigt, um die zuvor dezentralisierte Ersatzteil-Logistik an einem zentralen Standort zu b\u00fcndeln. Ziel dieser Massnahme ist es, die Verf\u00fcgbarkeit von Ersatzteilen f\u00fcr die technische Infrastruktur zu erh\u00f6hen und die Logistikprozesse zu vereinfachen. Das neue Regionallager wird von Jungheinrich realisiert. Die beiden Unternehmen hatten bereits in den vergangenen Jahren erfolgreich zusammengearbeitet, wobei Jungheinrich 2022 zwei kleinere Lagerprojekte f\u00fcr Mainova umgesetzt hatte. Das neue Regionallager soll im M\u00e4rz 2027 in Betrieb genommen werden.<\/p>\n<h3>Effiziente Lagerstruktur f\u00fcr Ersatzteile<\/h3>\n<p>Es umfasst ein Schmalganglager mit rund 6.200 Palettenstellpl\u00e4tzen und einer H\u00f6he von bis zu 17,1 m. Diese Lagerl\u00f6sung ist speziell f\u00fcr den Energieversorger konzipiert, der mehr als eine Million Menschen mit Strom, Gas, W\u00e4rme und Wasser versorgt. F\u00fcr die Lager- und Entnahmeprozesse kommen zwei Jungheinrich EKX 516 Dreiradstapler zum Einsatz, die durch ihre hohe Positioniergenauigkeit und energieeffiziente Antriebstechnik auch bei grossen Hubh\u00f6hen wirtschaftlich arbeiten.<\/p>\n<p>Das Palettenlager wird durch ein Kleinteilelager mit einer Lagerh\u00f6he von 7,5 m erg\u00e4nzt. Insgesamt elf vertikale Hebemodule von Jungheinrich sorgen f\u00fcr eine kompakte Kommissionierung und kurze Zugriffszeiten, was f\u00fcr die schnelle Bereitstellung von Ersatzteilen entscheidend ist, insbesondere bei einer hohen Artikelvielfalt.<\/p>\n<p>Zus\u00e4tzlich wird ein Breitganglager in den neuen Hallenkomplex integriert. Die Handhabung erfolgt durch einen elektrischen Gegengewichtsstapler EFG 425k. In einem 10 m hohen Hallenteil wird zudem eine doppeltiefe Palettenregalanlage installiert, die ebenfalls mit dem EFG unter Verwendung von Teleskopgabeln betrieben wird.<\/p>\n<p>F\u00fcr die Lagerung von Langg\u00fctern wird sowohl im Neubau als auch in einer angrenzenden Bestandshalle ein Kragarmregal installiert. W\u00e4hrend das Kragarmregal im Neubau ebenfalls vom EFG 425k bedient wird, liefert Jungheinrich als Generalunternehmer ein Spezialfahrzeug von Hubtex f\u00fcr die Handhabung der Kragarmregale in der Bestandshalle, um auch diesen Bereich nahtlos in das Gesamtkonzept zu integrieren.<\/p>\n<p>Ein separater Bereich f\u00fcr die Lagerung von Gefahrstoffen wird ebenfalls in der neuen Halle eingerichtet, in dem Materialien wie \u00d6le und Farben gelagert werden. Insgesamt werden drei neu verbundene Hallenabschnitte mit H\u00f6hen von 25, 10 und 5 m sowie eine zus\u00e4tzliche Bestandshalle mit Lagertechnik ausgestattet. Die Hallenabschnitte sind so konzipiert, dass ein kontinuierlicher Materialfluss ohne strukturelle Unterbrechungen gew\u00e4hrleistet ist.<\/p>\n<p>Leonid Feldman, Projektleiter und Bauingenieur bei Mainova AG, erkl\u00e4rt: \u201eMit dem neuen Regionallager erh\u00f6hen wir die Effizienz und Versorgungszuverl\u00e4ssigkeit unserer Ersatzteil-Logistik erheblich und nutzen dabei optimal das vorhandene Grundst\u00fcck.\u201c<\/p>\n<p>&nbsp;<\/p>\n<p><a href=\"https:\/\/www.jungheinrich.com\/\" target=\"_blank\" rel=\"noopener noreferrer\">www.jungheinrich.com<\/a><\/p>\n<p>&nbsp;<\/p>\n<p><a href=\"https:\/\/www.mainova.de\/\" target=\"_blank\" rel=\"noopener noreferrer\">www.mainova.de<\/a><\/p>\n<p>&nbsp;<\/p>\n","protected":false},"excerpt":{"rendered":"<p>Mainova AG plant den Bau eines neuen Regionallagers in Frankfurt, um die Ersatzteil-Logistik zu zentralisieren und die Verf\u00fcgbarkeit sowie Effizienz zu steigern.<\/p>\n","protected":false},"author":12,"featured_media":80748,"comment_status":"open","ping_status":"","sticky":false,"template":"","format":"standard","meta":{"_acf_changed":false,"footnotes":""},"categories":[9092,1575,1572,1569],"tags":[26856,26857,26858,26859,26860,26861,26862,26863,26864,26865,26866,26867,26868,26869,26870,5727,26871,26872,26873,26874,26875,26876,26877,15481,26878,11601,26879,9714,26880,2131,8486,8487,2136,26881,26882,26883,26884,8495,15487,26885,26886,26887,26888,15489,26889,26890,26891,26892,26893,26894,26895,26896,5750,26897],"class_list":["post-80749","post","type-post","status-publish","format-standard","has-post-thumbnail","hentry","category-deutschland","category-europa","category-intralogistik","category-logistik-spedition","tag-approvisionnement-en-pieces-de-rechange","tag-bauingenieur-english-regional-warehouse","tag-civil-engineer-francais-entrepot-regional","tag-deutsch-regionallager","tag-efficient-storage-solution","tag-effiziente-lagerloesung","tag-energieversorger","tag-energy-supplier","tag-ersatzteilversorgung","tag-eu-weites-ausschreibungsverfahren","tag-eu-wide-tendering-process","tag-exigences-de-stockage","tag-fiabilite-dapprovisionnement","tag-fournisseur-denergie","tag-gefahrstofflager","tag-gestion-dentrepot","tag-hazardous-materials-storage","tag-hubtechnik","tag-infrastructure-technique","tag-ingenieur-civil","tag-integrated-system","tag-integriertes-system","tag-jungheinrich","tag-kleinteilelager","tag-lageranforderungen","tag-lagerlogistik","tag-lagerstruktur","tag-lagerverwaltung","tag-lifting-technology","tag-logistics","tag-logistics-processes","tag-logistikprozesse","tag-logistique","tag-mainova-ag","tag-palettenlager","tag-pallet-storage","tag-procedure-dappel-doffres-a-lechelle-de-lue","tag-processus-logistiques","tag-small-parts-storage","tag-solution-de-stockage-efficace","tag-spare-parts-supply","tag-stockage-de-matieres-dangereuses","tag-stockage-de-palettes","tag-stockage-de-petites-pieces","tag-storage-requirements","tag-structure-dentrepot","tag-supply-reliability","tag-systeme-integre","tag-technical-infrastructure","tag-technische-infrastruktur","tag-technologie-de-levage","tag-versorgungszuverlaessigkeit","tag-warehouse-management","tag-warehouse-structure"],"acf":[],"yoast_head":"<!-- This site is optimized with the Yoast SEO plugin v27.3 - https:\/\/yoast.com\/product\/yoast-seo-wordpress\/ -->\n<title>Regionallager f\u00fcr Ersatzteile von Energiedienstleister - ITJ | International Transport Journal<\/title>\n<meta name=\"robots\" content=\"index, follow, max-snippet:-1, max-image-preview:large, max-video-preview:-1\" \/>\n<link rel=\"canonical\" href=\"https:\/\/transportjournal.com\/de\/2026\/03\/13\/regionallager-fuer-ersatzteile-von-energiedienstleister\/\" \/>\n<meta property=\"og:locale\" content=\"de_DE\" \/>\n<meta property=\"og:type\" content=\"article\" \/>\n<meta property=\"og:title\" content=\"Regionallager f\u00fcr Ersatzteile von Energiedienstleister - ITJ | International Transport Journal\" \/>\n<meta property=\"og:description\" content=\"Mainova AG plant den Bau eines neuen Regionallagers in Frankfurt, um die Ersatzteil-Logistik zu zentralisieren und die Verf\u00fcgbarkeit sowie Effizienz zu steigern.\" \/>\n<meta property=\"og:url\" content=\"https:\/\/transportjournal.com\/de\/2026\/03\/13\/regionallager-fuer-ersatzteile-von-energiedienstleister\/\" \/>\n<meta property=\"og:site_name\" content=\"ITJ | International Transport Journal\" \/>\n<meta property=\"article:published_time\" content=\"2026-03-13T10:36:09+00:00\" \/>\n<meta property=\"og:image\" content=\"https:\/\/transportjournal.com\/wp-content\/uploads\/sites\/2\/2026\/03\/Jungheinrich-picture-mainova-aspect-ratio-1400-788.jpg\" \/>\n\t<meta property=\"og:image:width\" content=\"1422\" \/>\n\t<meta property=\"og:image:height\" content=\"800\" \/>\n\t<meta property=\"og:image:type\" content=\"image\/jpeg\" \/>\n<meta name=\"author\" content=\"Andreas Haug\" \/>\n<meta name=\"twitter:card\" content=\"summary_large_image\" \/>\n<meta name=\"twitter:label1\" content=\"Verfasst von\" \/>\n\t<meta name=\"twitter:data1\" content=\"Andreas Haug\" \/>\n\t<meta name=\"twitter:label2\" content=\"Gesch\u00e4tzte Lesezeit\" \/>\n\t<meta name=\"twitter:data2\" content=\"2\u00a0Minute\" \/>\n<script type=\"application\/ld+json\" class=\"yoast-schema-graph\">{\"@context\":\"https:\\\/\\\/schema.org\",\"@graph\":[{\"@type\":\"Article\",\"@id\":\"https:\\\/\\\/transportjournal.com\\\/de\\\/2026\\\/03\\\/13\\\/regionallager-fuer-ersatzteile-von-energiedienstleister\\\/#article\",\"isPartOf\":{\"@id\":\"https:\\\/\\\/transportjournal.com\\\/de\\\/2026\\\/03\\\/13\\\/regionallager-fuer-ersatzteile-von-energiedienstleister\\\/\"},\"author\":{\"name\":\"Andreas Haug\",\"@id\":\"https:\\\/\\\/transportjournal.com\\\/de\\\/#\\\/schema\\\/person\\\/cf538b3157f15afd7589245a4b3dbd25\"},\"headline\":\"Regionallager f\u00fcr Ersatzteile von Energiedienstleister\",\"datePublished\":\"2026-03-13T10:36:09+00:00\",\"mainEntityOfPage\":{\"@id\":\"https:\\\/\\\/transportjournal.com\\\/de\\\/2026\\\/03\\\/13\\\/regionallager-fuer-ersatzteile-von-energiedienstleister\\\/\"},\"wordCount\":413,\"commentCount\":0,\"publisher\":{\"@id\":\"https:\\\/\\\/transportjournal.com\\\/de\\\/#organization\"},\"image\":{\"@id\":\"https:\\\/\\\/transportjournal.com\\\/de\\\/2026\\\/03\\\/13\\\/regionallager-fuer-ersatzteile-von-energiedienstleister\\\/#primaryimage\"},\"thumbnailUrl\":\"https:\\\/\\\/transportjournal.com\\\/wp-content\\\/uploads\\\/sites\\\/2\\\/2026\\\/03\\\/Jungheinrich-picture-mainova-aspect-ratio-1400-788.jpg\",\"keywords\":[\"approvisionnement en pi\u00e8ces de rechange\",\"Bauingenieur English Regional warehouse\",\"civil engineer Fran\u00e7ais Entrep\u00f4t r\u00e9gional\",\"Deutsch Regionallager\",\"efficient storage solution\",\"effiziente Lagerl\u00f6sung\",\"Energieversorger\",\"energy supplier\",\"Ersatzteilversorgung\",\"EU-weites Ausschreibungsverfahren\",\"EU-wide tendering process\",\"exigences de stockage\",\"fiabilit\u00e9 d'approvisionnement\",\"fournisseur d'\u00e9nergie\",\"Gefahrstofflager\",\"gestion d'entrep\u00f4t\",\"hazardous materials storage\",\"Hubtechnik\",\"infrastructure technique\",\"ing\u00e9nieur civil\",\"integrated system\",\"integriertes System\",\"Jungheinrich\",\"Kleinteilelager\",\"Lageranforderungen\",\"Lagerlogistik\",\"Lagerstruktur\",\"Lagerverwaltung\",\"lifting technology\",\"logistics\",\"logistics processes\",\"Logistikprozesse\",\"logistique\",\"Mainova AG\",\"Palettenlager\",\"pallet storage\",\"proc\u00e9dure d'appel d'offres \u00e0 l'\u00e9chelle de l'UE\",\"processus logistiques\",\"small parts storage\",\"solution de stockage efficace\",\"spare parts supply\",\"stockage de mati\u00e8res dangereuses\",\"stockage de palettes\",\"stockage de petites pi\u00e8ces\",\"storage requirements\",\"structure d'entrep\u00f4t\",\"supply reliability\",\"syst\u00e8me int\u00e9gr\u00e9\",\"technical infrastructure\",\"technische Infrastruktur\",\"technologie de levage\",\"Versorgungszuverl\u00e4ssigkeit\",\"warehouse management\",\"warehouse structure\"],\"articleSection\":[\"Deutschland\",\"Europa\",\"Intralogistik\",\"Spedition &amp; Logistik\"],\"inLanguage\":\"de\",\"potentialAction\":[{\"@type\":\"CommentAction\",\"name\":\"Comment\",\"target\":[\"https:\\\/\\\/transportjournal.com\\\/de\\\/2026\\\/03\\\/13\\\/regionallager-fuer-ersatzteile-von-energiedienstleister\\\/#respond\"]}]},{\"@type\":\"WebPage\",\"@id\":\"https:\\\/\\\/transportjournal.com\\\/de\\\/2026\\\/03\\\/13\\\/regionallager-fuer-ersatzteile-von-energiedienstleister\\\/\",\"url\":\"https:\\\/\\\/transportjournal.com\\\/de\\\/2026\\\/03\\\/13\\\/regionallager-fuer-ersatzteile-von-energiedienstleister\\\/\",\"name\":\"Regionallager f\u00fcr Ersatzteile von Energiedienstleister - ITJ | International Transport Journal\",\"isPartOf\":{\"@id\":\"https:\\\/\\\/transportjournal.com\\\/de\\\/#website\"},\"primaryImageOfPage\":{\"@id\":\"https:\\\/\\\/transportjournal.com\\\/de\\\/2026\\\/03\\\/13\\\/regionallager-fuer-ersatzteile-von-energiedienstleister\\\/#primaryimage\"},\"image\":{\"@id\":\"https:\\\/\\\/transportjournal.com\\\/de\\\/2026\\\/03\\\/13\\\/regionallager-fuer-ersatzteile-von-energiedienstleister\\\/#primaryimage\"},\"thumbnailUrl\":\"https:\\\/\\\/transportjournal.com\\\/wp-content\\\/uploads\\\/sites\\\/2\\\/2026\\\/03\\\/Jungheinrich-picture-mainova-aspect-ratio-1400-788.jpg\",\"datePublished\":\"2026-03-13T10:36:09+00:00\",\"breadcrumb\":{\"@id\":\"https:\\\/\\\/transportjournal.com\\\/de\\\/2026\\\/03\\\/13\\\/regionallager-fuer-ersatzteile-von-energiedienstleister\\\/#breadcrumb\"},\"inLanguage\":\"de\",\"potentialAction\":[{\"@type\":\"ReadAction\",\"target\":[\"https:\\\/\\\/transportjournal.com\\\/de\\\/2026\\\/03\\\/13\\\/regionallager-fuer-ersatzteile-von-energiedienstleister\\\/\"]}]},{\"@type\":\"ImageObject\",\"inLanguage\":\"de\",\"@id\":\"https:\\\/\\\/transportjournal.com\\\/de\\\/2026\\\/03\\\/13\\\/regionallager-fuer-ersatzteile-von-energiedienstleister\\\/#primaryimage\",\"url\":\"https:\\\/\\\/transportjournal.com\\\/wp-content\\\/uploads\\\/sites\\\/2\\\/2026\\\/03\\\/Jungheinrich-picture-mainova-aspect-ratio-1400-788.jpg\",\"contentUrl\":\"https:\\\/\\\/transportjournal.com\\\/wp-content\\\/uploads\\\/sites\\\/2\\\/2026\\\/03\\\/Jungheinrich-picture-mainova-aspect-ratio-1400-788.jpg\",\"width\":1422,\"height\":800},{\"@type\":\"BreadcrumbList\",\"@id\":\"https:\\\/\\\/transportjournal.com\\\/de\\\/2026\\\/03\\\/13\\\/regionallager-fuer-ersatzteile-von-energiedienstleister\\\/#breadcrumb\",\"itemListElement\":[{\"@type\":\"ListItem\",\"position\":1,\"name\":\"Startseite\",\"item\":\"https:\\\/\\\/transportjournal.com\\\/de\\\/\"},{\"@type\":\"ListItem\",\"position\":2,\"name\":\"Regionallager f\u00fcr Ersatzteile von Energiedienstleister\"}]},{\"@type\":\"WebSite\",\"@id\":\"https:\\\/\\\/transportjournal.com\\\/de\\\/#website\",\"url\":\"https:\\\/\\\/transportjournal.com\\\/de\\\/\",\"name\":\"ITJ | International Transport Journal\",\"description\":\"Stay informed with the latest global news from the transport, logistics, and supply chain industries. Transport Journal delivers expert insights, analysis, and updates across shipping, aviation, intermodal, and forwarding.\",\"publisher\":{\"@id\":\"https:\\\/\\\/transportjournal.com\\\/de\\\/#organization\"},\"potentialAction\":[{\"@type\":\"SearchAction\",\"target\":{\"@type\":\"EntryPoint\",\"urlTemplate\":\"https:\\\/\\\/transportjournal.com\\\/de\\\/?s={search_term_string}\"},\"query-input\":{\"@type\":\"PropertyValueSpecification\",\"valueRequired\":true,\"valueName\":\"search_term_string\"}}],\"inLanguage\":\"de\"},{\"@type\":\"Organization\",\"@id\":\"https:\\\/\\\/transportjournal.com\\\/de\\\/#organization\",\"name\":\"Groupe Logismedia AG\",\"alternateName\":\"Logismedia Group AG\",\"url\":\"https:\\\/\\\/transportjournal.com\\\/de\\\/\",\"logo\":{\"@type\":\"ImageObject\",\"inLanguage\":\"de\",\"@id\":\"https:\\\/\\\/transportjournal.com\\\/de\\\/#\\\/schema\\\/logo\\\/image\\\/\",\"url\":\"https:\\\/\\\/transportjournal.com\\\/wp-content\\\/uploads\\\/sites\\\/2\\\/2025\\\/09\\\/Logo_ITJ.png\",\"contentUrl\":\"https:\\\/\\\/transportjournal.com\\\/wp-content\\\/uploads\\\/sites\\\/2\\\/2025\\\/09\\\/Logo_ITJ.png\",\"width\":799,\"height\":326,\"caption\":\"Groupe Logismedia AG\"},\"image\":{\"@id\":\"https:\\\/\\\/transportjournal.com\\\/de\\\/#\\\/schema\\\/logo\\\/image\\\/\"},\"sameAs\":[\"https:\\\/\\\/www.linkedin.com\\\/company\\\/56456496\\\/admin\\\/dashboard\\\/\",\"https:\\\/\\\/www.instagram.com\\\/logismediagroup\\\/\",\"https:\\\/\\\/www.youtube.com\\\/@LogiamediaGroupAG\"]},{\"@type\":\"Person\",\"@id\":\"https:\\\/\\\/transportjournal.com\\\/de\\\/#\\\/schema\\\/person\\\/cf538b3157f15afd7589245a4b3dbd25\",\"name\":\"Andreas Haug\",\"url\":\"https:\\\/\\\/transportjournal.com\\\/de\\\/author\\\/andreas\\\/\"}]}<\/script>\n<!-- \/ Yoast SEO plugin. -->","yoast_head_json":{"title":"Regionallager f\u00fcr Ersatzteile von Energiedienstleister - ITJ | International Transport Journal","robots":{"index":"index","follow":"follow","max-snippet":"max-snippet:-1","max-image-preview":"max-image-preview:large","max-video-preview":"max-video-preview:-1"},"canonical":"https:\/\/transportjournal.com\/de\/2026\/03\/13\/regionallager-fuer-ersatzteile-von-energiedienstleister\/","og_locale":"de_DE","og_type":"article","og_title":"Regionallager f\u00fcr Ersatzteile von Energiedienstleister - ITJ | International Transport Journal","og_description":"Mainova AG plant den Bau eines neuen Regionallagers in Frankfurt, um die Ersatzteil-Logistik zu zentralisieren und die Verf\u00fcgbarkeit sowie Effizienz zu steigern.","og_url":"https:\/\/transportjournal.com\/de\/2026\/03\/13\/regionallager-fuer-ersatzteile-von-energiedienstleister\/","og_site_name":"ITJ | International Transport Journal","article_published_time":"2026-03-13T10:36:09+00:00","og_image":[{"width":1422,"height":800,"url":"https:\/\/transportjournal.com\/wp-content\/uploads\/sites\/2\/2026\/03\/Jungheinrich-picture-mainova-aspect-ratio-1400-788.jpg","type":"image\/jpeg"}],"author":"Andreas Haug","twitter_card":"summary_large_image","twitter_misc":{"Verfasst von":"Andreas Haug","Gesch\u00e4tzte Lesezeit":"2\u00a0Minute"},"schema":{"@context":"https:\/\/schema.org","@graph":[{"@type":"Article","@id":"https:\/\/transportjournal.com\/de\/2026\/03\/13\/regionallager-fuer-ersatzteile-von-energiedienstleister\/#article","isPartOf":{"@id":"https:\/\/transportjournal.com\/de\/2026\/03\/13\/regionallager-fuer-ersatzteile-von-energiedienstleister\/"},"author":{"name":"Andreas Haug","@id":"https:\/\/transportjournal.com\/de\/#\/schema\/person\/cf538b3157f15afd7589245a4b3dbd25"},"headline":"Regionallager f\u00fcr Ersatzteile von Energiedienstleister","datePublished":"2026-03-13T10:36:09+00:00","mainEntityOfPage":{"@id":"https:\/\/transportjournal.com\/de\/2026\/03\/13\/regionallager-fuer-ersatzteile-von-energiedienstleister\/"},"wordCount":413,"commentCount":0,"publisher":{"@id":"https:\/\/transportjournal.com\/de\/#organization"},"image":{"@id":"https:\/\/transportjournal.com\/de\/2026\/03\/13\/regionallager-fuer-ersatzteile-von-energiedienstleister\/#primaryimage"},"thumbnailUrl":"https:\/\/transportjournal.com\/wp-content\/uploads\/sites\/2\/2026\/03\/Jungheinrich-picture-mainova-aspect-ratio-1400-788.jpg","keywords":["approvisionnement en pi\u00e8ces de rechange","Bauingenieur English Regional warehouse","civil engineer Fran\u00e7ais Entrep\u00f4t r\u00e9gional","Deutsch Regionallager","efficient storage solution","effiziente Lagerl\u00f6sung","Energieversorger","energy supplier","Ersatzteilversorgung","EU-weites Ausschreibungsverfahren","EU-wide tendering process","exigences de stockage","fiabilit\u00e9 d'approvisionnement","fournisseur d'\u00e9nergie","Gefahrstofflager","gestion d'entrep\u00f4t","hazardous materials storage","Hubtechnik","infrastructure technique","ing\u00e9nieur civil","integrated system","integriertes System","Jungheinrich","Kleinteilelager","Lageranforderungen","Lagerlogistik","Lagerstruktur","Lagerverwaltung","lifting technology","logistics","logistics processes","Logistikprozesse","logistique","Mainova AG","Palettenlager","pallet storage","proc\u00e9dure d'appel d'offres \u00e0 l'\u00e9chelle de l'UE","processus logistiques","small parts storage","solution de stockage efficace","spare parts supply","stockage de mati\u00e8res dangereuses","stockage de palettes","stockage de petites pi\u00e8ces","storage requirements","structure d'entrep\u00f4t","supply reliability","syst\u00e8me int\u00e9gr\u00e9","technical infrastructure","technische Infrastruktur","technologie de levage","Versorgungszuverl\u00e4ssigkeit","warehouse management","warehouse structure"],"articleSection":["Deutschland","Europa","Intralogistik","Spedition &amp; Logistik"],"inLanguage":"de","potentialAction":[{"@type":"CommentAction","name":"Comment","target":["https:\/\/transportjournal.com\/de\/2026\/03\/13\/regionallager-fuer-ersatzteile-von-energiedienstleister\/#respond"]}]},{"@type":"WebPage","@id":"https:\/\/transportjournal.com\/de\/2026\/03\/13\/regionallager-fuer-ersatzteile-von-energiedienstleister\/","url":"https:\/\/transportjournal.com\/de\/2026\/03\/13\/regionallager-fuer-ersatzteile-von-energiedienstleister\/","name":"Regionallager f\u00fcr Ersatzteile von Energiedienstleister - ITJ | International Transport Journal","isPartOf":{"@id":"https:\/\/transportjournal.com\/de\/#website"},"primaryImageOfPage":{"@id":"https:\/\/transportjournal.com\/de\/2026\/03\/13\/regionallager-fuer-ersatzteile-von-energiedienstleister\/#primaryimage"},"image":{"@id":"https:\/\/transportjournal.com\/de\/2026\/03\/13\/regionallager-fuer-ersatzteile-von-energiedienstleister\/#primaryimage"},"thumbnailUrl":"https:\/\/transportjournal.com\/wp-content\/uploads\/sites\/2\/2026\/03\/Jungheinrich-picture-mainova-aspect-ratio-1400-788.jpg","datePublished":"2026-03-13T10:36:09+00:00","breadcrumb":{"@id":"https:\/\/transportjournal.com\/de\/2026\/03\/13\/regionallager-fuer-ersatzteile-von-energiedienstleister\/#breadcrumb"},"inLanguage":"de","potentialAction":[{"@type":"ReadAction","target":["https:\/\/transportjournal.com\/de\/2026\/03\/13\/regionallager-fuer-ersatzteile-von-energiedienstleister\/"]}]},{"@type":"ImageObject","inLanguage":"de","@id":"https:\/\/transportjournal.com\/de\/2026\/03\/13\/regionallager-fuer-ersatzteile-von-energiedienstleister\/#primaryimage","url":"https:\/\/transportjournal.com\/wp-content\/uploads\/sites\/2\/2026\/03\/Jungheinrich-picture-mainova-aspect-ratio-1400-788.jpg","contentUrl":"https:\/\/transportjournal.com\/wp-content\/uploads\/sites\/2\/2026\/03\/Jungheinrich-picture-mainova-aspect-ratio-1400-788.jpg","width":1422,"height":800},{"@type":"BreadcrumbList","@id":"https:\/\/transportjournal.com\/de\/2026\/03\/13\/regionallager-fuer-ersatzteile-von-energiedienstleister\/#breadcrumb","itemListElement":[{"@type":"ListItem","position":1,"name":"Startseite","item":"https:\/\/transportjournal.com\/de\/"},{"@type":"ListItem","position":2,"name":"Regionallager f\u00fcr Ersatzteile von Energiedienstleister"}]},{"@type":"WebSite","@id":"https:\/\/transportjournal.com\/de\/#website","url":"https:\/\/transportjournal.com\/de\/","name":"ITJ | International Transport Journal","description":"Stay informed with the latest global news from the transport, logistics, and supply chain industries. Transport Journal delivers expert insights, analysis, and updates across shipping, aviation, intermodal, and forwarding.","publisher":{"@id":"https:\/\/transportjournal.com\/de\/#organization"},"potentialAction":[{"@type":"SearchAction","target":{"@type":"EntryPoint","urlTemplate":"https:\/\/transportjournal.com\/de\/?s={search_term_string}"},"query-input":{"@type":"PropertyValueSpecification","valueRequired":true,"valueName":"search_term_string"}}],"inLanguage":"de"},{"@type":"Organization","@id":"https:\/\/transportjournal.com\/de\/#organization","name":"Groupe Logismedia AG","alternateName":"Logismedia Group AG","url":"https:\/\/transportjournal.com\/de\/","logo":{"@type":"ImageObject","inLanguage":"de","@id":"https:\/\/transportjournal.com\/de\/#\/schema\/logo\/image\/","url":"https:\/\/transportjournal.com\/wp-content\/uploads\/sites\/2\/2025\/09\/Logo_ITJ.png","contentUrl":"https:\/\/transportjournal.com\/wp-content\/uploads\/sites\/2\/2025\/09\/Logo_ITJ.png","width":799,"height":326,"caption":"Groupe Logismedia AG"},"image":{"@id":"https:\/\/transportjournal.com\/de\/#\/schema\/logo\/image\/"},"sameAs":["https:\/\/www.linkedin.com\/company\/56456496\/admin\/dashboard\/","https:\/\/www.instagram.com\/logismediagroup\/","https:\/\/www.youtube.com\/@LogiamediaGroupAG"]},{"@type":"Person","@id":"https:\/\/transportjournal.com\/de\/#\/schema\/person\/cf538b3157f15afd7589245a4b3dbd25","name":"Andreas Haug","url":"https:\/\/transportjournal.com\/de\/author\/andreas\/"}]}},"_links":{"self":[{"href":"https:\/\/transportjournal.com\/de\/wp-json\/wp\/v2\/posts\/80749","targetHints":{"allow":["GET"]}}],"collection":[{"href":"https:\/\/transportjournal.com\/de\/wp-json\/wp\/v2\/posts"}],"about":[{"href":"https:\/\/transportjournal.com\/de\/wp-json\/wp\/v2\/types\/post"}],"author":[{"embeddable":true,"href":"https:\/\/transportjournal.com\/de\/wp-json\/wp\/v2\/users\/12"}],"replies":[{"embeddable":true,"href":"https:\/\/transportjournal.com\/de\/wp-json\/wp\/v2\/comments?post=80749"}],"version-history":[{"count":0,"href":"https:\/\/transportjournal.com\/de\/wp-json\/wp\/v2\/posts\/80749\/revisions"}],"wp:featuredmedia":[{"embeddable":true,"href":"https:\/\/transportjournal.com\/de\/wp-json\/wp\/v2\/media\/80748"}],"wp:attachment":[{"href":"https:\/\/transportjournal.com\/de\/wp-json\/wp\/v2\/media?parent=80749"}],"wp:term":[{"taxonomy":"category","embeddable":true,"href":"https:\/\/transportjournal.com\/de\/wp-json\/wp\/v2\/categories?post=80749"},{"taxonomy":"post_tag","embeddable":true,"href":"https:\/\/transportjournal.com\/de\/wp-json\/wp\/v2\/tags?post=80749"}],"curies":[{"name":"wp","href":"https:\/\/api.w.org\/{rel}","templated":true}]}}