{"id":80694,"date":"2026-03-13T08:09:49","date_gmt":"2026-03-13T08:09:49","guid":{"rendered":"https:\/\/transportjournal.com\/2026\/03\/13\/gruender-von-amerijet-verstorben\/"},"modified":"2026-03-13T08:09:49","modified_gmt":"2026-03-13T08:09:49","slug":"gruender-von-amerijet-verstorben","status":"publish","type":"post","link":"https:\/\/transportjournal.com\/de\/2026\/03\/13\/gruender-von-amerijet-verstorben\/","title":{"rendered":"Gr\u00fcnder von Amerijet verstorben"},"content":{"rendered":"<p>David Bassett, der Gr\u00fcnder von Amerijet International Airlines mit Sitz in Miami, ist verstorben. Bassett, der das Unternehmen 1974 ins Leben rief, f\u00fchrte es \u00fcber vier Jahrzehnte und entwickelte es von einem kleinen Lufttaxi-Betrieb zu einem bedeutenden internationalen Frachtfluggesellschaft, die die M\u00e4rkte in der Karibik sowie Mittel- und S\u00fcdamerika bedient.<\/p>\n<p>In den Anfangsjahren war Bassett nicht nur der Gr\u00fcnder, sondern auch der Pilot, der die Flugzeuge selbst steuerte und das Unternehmen durch jeden einzelnen Flug aufbaute. Durch seine Vision und Hartn\u00e4ckigkeit schuf er ein Unternehmen, das in den USA und den Amerikas als vertrauensw\u00fcrdiger Name anerkannt wurde. Seine Leidenschaft f\u00fcr die Luftfahrt begann bereits in seiner Jugend in Guyana, wo seine Familie als Missionare t\u00e4tig war. Dort erlernte er das Fliegen und half bei der Reparatur von Flugzeugen auf abgelegenen Landebahnen.<\/p>\n<p>Nach seiner Zeit bei der US Air Force kehrte Bassett nach S\u00fcdflorida zur\u00fcck, um seine unternehmerischen Ambitionen in der Luftfahrt zu verfolgen. In den 1970er-Jahren, als Amerijet gegr\u00fcndet wurde, wurde der Grossteil der Fracht noch in den Frachtr\u00e4umen von Passagierflugzeugen transportiert. Bassett erkannte fr\u00fchzeitig den Bedarf an zuverl\u00e4ssigem Frachtservice und baute Amerijet auf, um spezialisierte regionale M\u00e4rkte zu bedienen.<\/p>\n<p>Was als Professional Charter Services begann, entwickelte sich unter Bassetts Leitung schnell weiter. 1976 wandelte sich das Unternehmen zu einem reinen Frachtanbieter und unterst\u00fctzte das Wachstum von Overnight-Kurierdiensten. In den sp\u00e4ten 1970er- und fr\u00fchen 1980er-Jahren erweiterte Amerijet seine Operationen und begann, Vertr\u00e4ge mit gro\u00dfen Kurierunternehmen wie Purolator, FedEx, UPS, DHL und Airborne Express abzuschliessen.<\/p>\n<p>Im Jahr 1982 erwarb Bassett die vollst\u00e4ndige Kontrolle \u00fcber das Unternehmen, das weiterhin seine Flotte und Logistikf\u00e4higkeiten ausbaute. 1987 wurde der Hauptsitz am Miami International Airport etabliert, von wo aus Amerijet ein starkes Frachtnetzwerk aufbaute, das die Karibik, Mexiko, Mittelamerika und S\u00fcdamerika verbindet.<\/p>\n<p>Bassetts F\u00fchrungsstil war gepr\u00e4gt von Mentorship und der Schaffung von Chancen. Er investierte in seine Mitarbeiter und f\u00f6rderte deren berufliche Entwicklung. Viele, die fr\u00fch in ihrer Karriere zu Amerijet kamen, konnten unter seiner Anleitung langfristige Karrieren aufbauen. Gemeinsam mit seiner Frau Kandee schuf er eine Unternehmenskultur, die von Loyalit\u00e4t, Respekt und echtem Interesse an den Mitarbeitern gepr\u00e4gt war.<\/p>\n<p>Bassetts Beitr\u00e4ge zur Luftfahrt wurden mehrfach gew\u00fcrdigt. 2013 erhielt er den Wright Brothers Memorial Award f\u00fcr seine lebenslangen Beitr\u00e4ge zur Sicherheit in der kommerziellen Luftfahrt. Zuvor wurde er 2007 mit dem Juan Trippe Award ausgezeichnet, der seine bedeutenden Beitr\u00e4ge zur Entwicklung der internationalen Luftfahrt w\u00fcrdigte.<\/p>\n<p>&nbsp;<\/p>\n<p><a href=\"https:\/\/amerijet.com\/\" target=\"_blank\" rel=\"noopener noreferrer\">www.amerijet.com<\/a><\/p>\n<p>&nbsp;<\/p>\n","protected":false},"excerpt":{"rendered":"<p>David Bassett, Gr\u00fcnder von Amerijet International Airlines, ist verstorben und hinterl\u00e4sst ein bedeutendes Erbe in der Luftfahrt.<\/p>\n","protected":false},"author":12,"featured_media":80693,"comment_status":"open","ping_status":"","sticky":false,"template":"","format":"standard","meta":{"_acf_changed":false,"footnotes":""},"categories":[1578,1570,1567],"tags":[6016,26648,11219,26649,4363,26650,23810,13850,9819,13851,4376,9822,26651,26652,26653,23812,1996,26654,9832,26655,26656,2125,26657,26658,26659,13865,26660,2131,2134,2136,26661,4387,26662,26663,26664,26665,6034,26666,23823,26667,26668,26669,11241,11243,2155,1837,26670,26671],"class_list":["post-80694","post","type-post","status-publish","format-standard","has-post-thumbnail","hentry","category-amerikas","category-luftfracht","category-wechsel-weltweit","tag-aeroport-international-de-miami","tag-air-taxi-service","tag-amerique-du-sud","tag-aviation","tag-aviation-community","tag-aviation-pioneer","tag-berufliche-entwicklung","tag-caraibes","tag-cargo-airline","tag-caribbean","tag-communaute-aeronautique","tag-compagnie-aerienne-de-fret","tag-courier-services","tag-david-bassett","tag-deutsch-amerijet","tag-developpement-professionnel","tag-dhl","tag-fedex","tag-frachtfluggesellschaft","tag-frachtservice","tag-freight-service","tag-industrie-du-transport","tag-juan-trippe-award","tag-juan-trippe-award-english-amerijet","tag-juan-trippe-award-francais-amerijet","tag-karibik","tag-kurierdienste","tag-logistics","tag-logistik","tag-logistique","tag-luftfahrt","tag-luftfahrtgemeinschaft","tag-luftfahrtpionier","tag-lufttaxi-betrieb","tag-mentorat","tag-mentorship","tag-miami-international-airport","tag-pionnier-de-laviation","tag-professional-development","tag-service-de-fret","tag-service-de-taxi-aerien","tag-services-de-messagerie","tag-south-america","tag-suedamerika","tag-transport-industry","tag-transportwirtschaft","tag-ups","tag-wright-brothers-memorial-award"],"acf":[],"yoast_head":"<!-- This site is optimized with the Yoast SEO plugin v27.3 - https:\/\/yoast.com\/product\/yoast-seo-wordpress\/ -->\n<title>Gr\u00fcnder von Amerijet verstorben - ITJ | International Transport Journal<\/title>\n<meta name=\"robots\" content=\"index, follow, max-snippet:-1, max-image-preview:large, max-video-preview:-1\" \/>\n<link rel=\"canonical\" href=\"https:\/\/transportjournal.com\/de\/2026\/03\/13\/gruender-von-amerijet-verstorben\/\" \/>\n<meta property=\"og:locale\" content=\"de_DE\" \/>\n<meta property=\"og:type\" content=\"article\" \/>\n<meta property=\"og:title\" content=\"Gr\u00fcnder von Amerijet verstorben - ITJ | International Transport Journal\" \/>\n<meta property=\"og:description\" content=\"David Bassett, Gr\u00fcnder von Amerijet International Airlines, ist verstorben und hinterl\u00e4sst ein bedeutendes Erbe in der Luftfahrt.\" \/>\n<meta property=\"og:url\" content=\"https:\/\/transportjournal.com\/de\/2026\/03\/13\/gruender-von-amerijet-verstorben\/\" \/>\n<meta property=\"og:site_name\" content=\"ITJ | International Transport Journal\" \/>\n<meta property=\"article:published_time\" content=\"2026-03-13T08:09:49+00:00\" \/>\n<meta property=\"og:image\" content=\"https:\/\/transportjournal.com\/wp-content\/uploads\/sites\/2\/2026\/03\/Amerijet-dave-aspect-ratio-1400-788.webp\" \/>\n\t<meta property=\"og:image:width\" content=\"889\" \/>\n\t<meta property=\"og:image:height\" content=\"500\" \/>\n\t<meta property=\"og:image:type\" content=\"image\/webp\" \/>\n<meta name=\"author\" content=\"Andreas Haug\" \/>\n<meta name=\"twitter:card\" content=\"summary_large_image\" \/>\n<meta name=\"twitter:label1\" content=\"Verfasst von\" \/>\n\t<meta name=\"twitter:data1\" content=\"Andreas Haug\" \/>\n\t<meta name=\"twitter:label2\" content=\"Gesch\u00e4tzte Lesezeit\" \/>\n\t<meta name=\"twitter:data2\" content=\"2\u00a0Minute\" \/>\n<script type=\"application\/ld+json\" class=\"yoast-schema-graph\">{\"@context\":\"https:\\\/\\\/schema.org\",\"@graph\":[{\"@type\":\"Article\",\"@id\":\"https:\\\/\\\/transportjournal.com\\\/de\\\/2026\\\/03\\\/13\\\/gruender-von-amerijet-verstorben\\\/#article\",\"isPartOf\":{\"@id\":\"https:\\\/\\\/transportjournal.com\\\/de\\\/2026\\\/03\\\/13\\\/gruender-von-amerijet-verstorben\\\/\"},\"author\":{\"name\":\"Andreas Haug\",\"@id\":\"https:\\\/\\\/transportjournal.com\\\/de\\\/#\\\/schema\\\/person\\\/cf538b3157f15afd7589245a4b3dbd25\"},\"headline\":\"Gr\u00fcnder von Amerijet verstorben\",\"datePublished\":\"2026-03-13T08:09:49+00:00\",\"mainEntityOfPage\":{\"@id\":\"https:\\\/\\\/transportjournal.com\\\/de\\\/2026\\\/03\\\/13\\\/gruender-von-amerijet-verstorben\\\/\"},\"wordCount\":430,\"commentCount\":0,\"publisher\":{\"@id\":\"https:\\\/\\\/transportjournal.com\\\/de\\\/#organization\"},\"image\":{\"@id\":\"https:\\\/\\\/transportjournal.com\\\/de\\\/2026\\\/03\\\/13\\\/gruender-von-amerijet-verstorben\\\/#primaryimage\"},\"thumbnailUrl\":\"https:\\\/\\\/transportjournal.com\\\/wp-content\\\/uploads\\\/sites\\\/2\\\/2026\\\/03\\\/Amerijet-dave-aspect-ratio-1400-788.webp\",\"keywords\":[\"a\u00e9roport international de Miami\",\"air taxi service\",\"Am\u00e9rique du Sud\",\"aviation\",\"aviation community\",\"aviation pioneer\",\"berufliche Entwicklung\",\"Cara\u00efbes\",\"cargo airline\",\"Caribbean\",\"communaut\u00e9 a\u00e9ronautique\",\"compagnie a\u00e9rienne de fret\",\"courier services\",\"David Bassett\",\"Deutsch Amerijet\",\"d\u00e9veloppement professionnel\",\"DHL\",\"FedEx\",\"Frachtfluggesellschaft\",\"Frachtservice\",\"freight service\",\"industrie du transport\",\"Juan Trippe Award\",\"Juan Trippe Award English Amerijet\",\"Juan Trippe Award Fran\u00e7ais Amerijet\",\"Karibik\",\"Kurierdienste\",\"logistics\",\"Logistik\",\"logistique\",\"Luftfahrt\",\"Luftfahrtgemeinschaft\",\"Luftfahrtpionier\",\"Lufttaxi-Betrieb\",\"mentorat\",\"Mentorship\",\"Miami International Airport\",\"pionnier de l'aviation\",\"professional development\",\"service de fret\",\"service de taxi a\u00e9rien\",\"services de messagerie\",\"South America\",\"S\u00fcdamerika\",\"transport industry\",\"Transportwirtschaft\",\"UPS\",\"Wright Brothers Memorial Award\"],\"articleSection\":[\"Amerikas\",\"Luftfracht\",\"Menschen &amp; Unternehmen\"],\"inLanguage\":\"de\",\"potentialAction\":[{\"@type\":\"CommentAction\",\"name\":\"Comment\",\"target\":[\"https:\\\/\\\/transportjournal.com\\\/de\\\/2026\\\/03\\\/13\\\/gruender-von-amerijet-verstorben\\\/#respond\"]}]},{\"@type\":\"WebPage\",\"@id\":\"https:\\\/\\\/transportjournal.com\\\/de\\\/2026\\\/03\\\/13\\\/gruender-von-amerijet-verstorben\\\/\",\"url\":\"https:\\\/\\\/transportjournal.com\\\/de\\\/2026\\\/03\\\/13\\\/gruender-von-amerijet-verstorben\\\/\",\"name\":\"Gr\u00fcnder von Amerijet verstorben - ITJ | International Transport Journal\",\"isPartOf\":{\"@id\":\"https:\\\/\\\/transportjournal.com\\\/de\\\/#website\"},\"primaryImageOfPage\":{\"@id\":\"https:\\\/\\\/transportjournal.com\\\/de\\\/2026\\\/03\\\/13\\\/gruender-von-amerijet-verstorben\\\/#primaryimage\"},\"image\":{\"@id\":\"https:\\\/\\\/transportjournal.com\\\/de\\\/2026\\\/03\\\/13\\\/gruender-von-amerijet-verstorben\\\/#primaryimage\"},\"thumbnailUrl\":\"https:\\\/\\\/transportjournal.com\\\/wp-content\\\/uploads\\\/sites\\\/2\\\/2026\\\/03\\\/Amerijet-dave-aspect-ratio-1400-788.webp\",\"datePublished\":\"2026-03-13T08:09:49+00:00\",\"breadcrumb\":{\"@id\":\"https:\\\/\\\/transportjournal.com\\\/de\\\/2026\\\/03\\\/13\\\/gruender-von-amerijet-verstorben\\\/#breadcrumb\"},\"inLanguage\":\"de\",\"potentialAction\":[{\"@type\":\"ReadAction\",\"target\":[\"https:\\\/\\\/transportjournal.com\\\/de\\\/2026\\\/03\\\/13\\\/gruender-von-amerijet-verstorben\\\/\"]}]},{\"@type\":\"ImageObject\",\"inLanguage\":\"de\",\"@id\":\"https:\\\/\\\/transportjournal.com\\\/de\\\/2026\\\/03\\\/13\\\/gruender-von-amerijet-verstorben\\\/#primaryimage\",\"url\":\"https:\\\/\\\/transportjournal.com\\\/wp-content\\\/uploads\\\/sites\\\/2\\\/2026\\\/03\\\/Amerijet-dave-aspect-ratio-1400-788.webp\",\"contentUrl\":\"https:\\\/\\\/transportjournal.com\\\/wp-content\\\/uploads\\\/sites\\\/2\\\/2026\\\/03\\\/Amerijet-dave-aspect-ratio-1400-788.webp\",\"width\":889,\"height\":500},{\"@type\":\"BreadcrumbList\",\"@id\":\"https:\\\/\\\/transportjournal.com\\\/de\\\/2026\\\/03\\\/13\\\/gruender-von-amerijet-verstorben\\\/#breadcrumb\",\"itemListElement\":[{\"@type\":\"ListItem\",\"position\":1,\"name\":\"Startseite\",\"item\":\"https:\\\/\\\/transportjournal.com\\\/de\\\/\"},{\"@type\":\"ListItem\",\"position\":2,\"name\":\"Gr\u00fcnder von Amerijet verstorben\"}]},{\"@type\":\"WebSite\",\"@id\":\"https:\\\/\\\/transportjournal.com\\\/de\\\/#website\",\"url\":\"https:\\\/\\\/transportjournal.com\\\/de\\\/\",\"name\":\"ITJ | International Transport Journal\",\"description\":\"Stay informed with the latest global news from the transport, logistics, and supply chain industries. Transport Journal delivers expert insights, analysis, and updates across shipping, aviation, intermodal, and forwarding.\",\"publisher\":{\"@id\":\"https:\\\/\\\/transportjournal.com\\\/de\\\/#organization\"},\"potentialAction\":[{\"@type\":\"SearchAction\",\"target\":{\"@type\":\"EntryPoint\",\"urlTemplate\":\"https:\\\/\\\/transportjournal.com\\\/de\\\/?s={search_term_string}\"},\"query-input\":{\"@type\":\"PropertyValueSpecification\",\"valueRequired\":true,\"valueName\":\"search_term_string\"}}],\"inLanguage\":\"de\"},{\"@type\":\"Organization\",\"@id\":\"https:\\\/\\\/transportjournal.com\\\/de\\\/#organization\",\"name\":\"Groupe Logismedia AG\",\"alternateName\":\"Logismedia Group AG\",\"url\":\"https:\\\/\\\/transportjournal.com\\\/de\\\/\",\"logo\":{\"@type\":\"ImageObject\",\"inLanguage\":\"de\",\"@id\":\"https:\\\/\\\/transportjournal.com\\\/de\\\/#\\\/schema\\\/logo\\\/image\\\/\",\"url\":\"https:\\\/\\\/transportjournal.com\\\/wp-content\\\/uploads\\\/sites\\\/2\\\/2025\\\/09\\\/Logo_ITJ.png\",\"contentUrl\":\"https:\\\/\\\/transportjournal.com\\\/wp-content\\\/uploads\\\/sites\\\/2\\\/2025\\\/09\\\/Logo_ITJ.png\",\"width\":799,\"height\":326,\"caption\":\"Groupe Logismedia AG\"},\"image\":{\"@id\":\"https:\\\/\\\/transportjournal.com\\\/de\\\/#\\\/schema\\\/logo\\\/image\\\/\"},\"sameAs\":[\"https:\\\/\\\/www.linkedin.com\\\/company\\\/56456496\\\/admin\\\/dashboard\\\/\",\"https:\\\/\\\/www.instagram.com\\\/logismediagroup\\\/\",\"https:\\\/\\\/www.youtube.com\\\/@LogiamediaGroupAG\"]},{\"@type\":\"Person\",\"@id\":\"https:\\\/\\\/transportjournal.com\\\/de\\\/#\\\/schema\\\/person\\\/cf538b3157f15afd7589245a4b3dbd25\",\"name\":\"Andreas Haug\",\"url\":\"https:\\\/\\\/transportjournal.com\\\/de\\\/author\\\/andreas\\\/\"}]}<\/script>\n<!-- \/ Yoast SEO plugin. -->","yoast_head_json":{"title":"Gr\u00fcnder von Amerijet verstorben - ITJ | International Transport Journal","robots":{"index":"index","follow":"follow","max-snippet":"max-snippet:-1","max-image-preview":"max-image-preview:large","max-video-preview":"max-video-preview:-1"},"canonical":"https:\/\/transportjournal.com\/de\/2026\/03\/13\/gruender-von-amerijet-verstorben\/","og_locale":"de_DE","og_type":"article","og_title":"Gr\u00fcnder von Amerijet verstorben - ITJ | International Transport Journal","og_description":"David Bassett, Gr\u00fcnder von Amerijet International Airlines, ist verstorben und hinterl\u00e4sst ein bedeutendes Erbe in der Luftfahrt.","og_url":"https:\/\/transportjournal.com\/de\/2026\/03\/13\/gruender-von-amerijet-verstorben\/","og_site_name":"ITJ | International Transport Journal","article_published_time":"2026-03-13T08:09:49+00:00","og_image":[{"width":889,"height":500,"url":"https:\/\/transportjournal.com\/wp-content\/uploads\/sites\/2\/2026\/03\/Amerijet-dave-aspect-ratio-1400-788.webp","type":"image\/webp"}],"author":"Andreas Haug","twitter_card":"summary_large_image","twitter_misc":{"Verfasst von":"Andreas Haug","Gesch\u00e4tzte Lesezeit":"2\u00a0Minute"},"schema":{"@context":"https:\/\/schema.org","@graph":[{"@type":"Article","@id":"https:\/\/transportjournal.com\/de\/2026\/03\/13\/gruender-von-amerijet-verstorben\/#article","isPartOf":{"@id":"https:\/\/transportjournal.com\/de\/2026\/03\/13\/gruender-von-amerijet-verstorben\/"},"author":{"name":"Andreas Haug","@id":"https:\/\/transportjournal.com\/de\/#\/schema\/person\/cf538b3157f15afd7589245a4b3dbd25"},"headline":"Gr\u00fcnder von Amerijet verstorben","datePublished":"2026-03-13T08:09:49+00:00","mainEntityOfPage":{"@id":"https:\/\/transportjournal.com\/de\/2026\/03\/13\/gruender-von-amerijet-verstorben\/"},"wordCount":430,"commentCount":0,"publisher":{"@id":"https:\/\/transportjournal.com\/de\/#organization"},"image":{"@id":"https:\/\/transportjournal.com\/de\/2026\/03\/13\/gruender-von-amerijet-verstorben\/#primaryimage"},"thumbnailUrl":"https:\/\/transportjournal.com\/wp-content\/uploads\/sites\/2\/2026\/03\/Amerijet-dave-aspect-ratio-1400-788.webp","keywords":["a\u00e9roport international de Miami","air taxi service","Am\u00e9rique du Sud","aviation","aviation community","aviation pioneer","berufliche Entwicklung","Cara\u00efbes","cargo airline","Caribbean","communaut\u00e9 a\u00e9ronautique","compagnie a\u00e9rienne de fret","courier services","David Bassett","Deutsch Amerijet","d\u00e9veloppement professionnel","DHL","FedEx","Frachtfluggesellschaft","Frachtservice","freight service","industrie du transport","Juan Trippe Award","Juan Trippe Award English Amerijet","Juan Trippe Award Fran\u00e7ais Amerijet","Karibik","Kurierdienste","logistics","Logistik","logistique","Luftfahrt","Luftfahrtgemeinschaft","Luftfahrtpionier","Lufttaxi-Betrieb","mentorat","Mentorship","Miami International Airport","pionnier de l'aviation","professional development","service de fret","service de taxi a\u00e9rien","services de messagerie","South America","S\u00fcdamerika","transport industry","Transportwirtschaft","UPS","Wright Brothers Memorial Award"],"articleSection":["Amerikas","Luftfracht","Menschen &amp; Unternehmen"],"inLanguage":"de","potentialAction":[{"@type":"CommentAction","name":"Comment","target":["https:\/\/transportjournal.com\/de\/2026\/03\/13\/gruender-von-amerijet-verstorben\/#respond"]}]},{"@type":"WebPage","@id":"https:\/\/transportjournal.com\/de\/2026\/03\/13\/gruender-von-amerijet-verstorben\/","url":"https:\/\/transportjournal.com\/de\/2026\/03\/13\/gruender-von-amerijet-verstorben\/","name":"Gr\u00fcnder von Amerijet verstorben - ITJ | International Transport Journal","isPartOf":{"@id":"https:\/\/transportjournal.com\/de\/#website"},"primaryImageOfPage":{"@id":"https:\/\/transportjournal.com\/de\/2026\/03\/13\/gruender-von-amerijet-verstorben\/#primaryimage"},"image":{"@id":"https:\/\/transportjournal.com\/de\/2026\/03\/13\/gruender-von-amerijet-verstorben\/#primaryimage"},"thumbnailUrl":"https:\/\/transportjournal.com\/wp-content\/uploads\/sites\/2\/2026\/03\/Amerijet-dave-aspect-ratio-1400-788.webp","datePublished":"2026-03-13T08:09:49+00:00","breadcrumb":{"@id":"https:\/\/transportjournal.com\/de\/2026\/03\/13\/gruender-von-amerijet-verstorben\/#breadcrumb"},"inLanguage":"de","potentialAction":[{"@type":"ReadAction","target":["https:\/\/transportjournal.com\/de\/2026\/03\/13\/gruender-von-amerijet-verstorben\/"]}]},{"@type":"ImageObject","inLanguage":"de","@id":"https:\/\/transportjournal.com\/de\/2026\/03\/13\/gruender-von-amerijet-verstorben\/#primaryimage","url":"https:\/\/transportjournal.com\/wp-content\/uploads\/sites\/2\/2026\/03\/Amerijet-dave-aspect-ratio-1400-788.webp","contentUrl":"https:\/\/transportjournal.com\/wp-content\/uploads\/sites\/2\/2026\/03\/Amerijet-dave-aspect-ratio-1400-788.webp","width":889,"height":500},{"@type":"BreadcrumbList","@id":"https:\/\/transportjournal.com\/de\/2026\/03\/13\/gruender-von-amerijet-verstorben\/#breadcrumb","itemListElement":[{"@type":"ListItem","position":1,"name":"Startseite","item":"https:\/\/transportjournal.com\/de\/"},{"@type":"ListItem","position":2,"name":"Gr\u00fcnder von Amerijet verstorben"}]},{"@type":"WebSite","@id":"https:\/\/transportjournal.com\/de\/#website","url":"https:\/\/transportjournal.com\/de\/","name":"ITJ | International Transport Journal","description":"Stay informed with the latest global news from the transport, logistics, and supply chain industries. Transport Journal delivers expert insights, analysis, and updates across shipping, aviation, intermodal, and forwarding.","publisher":{"@id":"https:\/\/transportjournal.com\/de\/#organization"},"potentialAction":[{"@type":"SearchAction","target":{"@type":"EntryPoint","urlTemplate":"https:\/\/transportjournal.com\/de\/?s={search_term_string}"},"query-input":{"@type":"PropertyValueSpecification","valueRequired":true,"valueName":"search_term_string"}}],"inLanguage":"de"},{"@type":"Organization","@id":"https:\/\/transportjournal.com\/de\/#organization","name":"Groupe Logismedia AG","alternateName":"Logismedia Group AG","url":"https:\/\/transportjournal.com\/de\/","logo":{"@type":"ImageObject","inLanguage":"de","@id":"https:\/\/transportjournal.com\/de\/#\/schema\/logo\/image\/","url":"https:\/\/transportjournal.com\/wp-content\/uploads\/sites\/2\/2025\/09\/Logo_ITJ.png","contentUrl":"https:\/\/transportjournal.com\/wp-content\/uploads\/sites\/2\/2025\/09\/Logo_ITJ.png","width":799,"height":326,"caption":"Groupe Logismedia AG"},"image":{"@id":"https:\/\/transportjournal.com\/de\/#\/schema\/logo\/image\/"},"sameAs":["https:\/\/www.linkedin.com\/company\/56456496\/admin\/dashboard\/","https:\/\/www.instagram.com\/logismediagroup\/","https:\/\/www.youtube.com\/@LogiamediaGroupAG"]},{"@type":"Person","@id":"https:\/\/transportjournal.com\/de\/#\/schema\/person\/cf538b3157f15afd7589245a4b3dbd25","name":"Andreas Haug","url":"https:\/\/transportjournal.com\/de\/author\/andreas\/"}]}},"_links":{"self":[{"href":"https:\/\/transportjournal.com\/de\/wp-json\/wp\/v2\/posts\/80694","targetHints":{"allow":["GET"]}}],"collection":[{"href":"https:\/\/transportjournal.com\/de\/wp-json\/wp\/v2\/posts"}],"about":[{"href":"https:\/\/transportjournal.com\/de\/wp-json\/wp\/v2\/types\/post"}],"author":[{"embeddable":true,"href":"https:\/\/transportjournal.com\/de\/wp-json\/wp\/v2\/users\/12"}],"replies":[{"embeddable":true,"href":"https:\/\/transportjournal.com\/de\/wp-json\/wp\/v2\/comments?post=80694"}],"version-history":[{"count":0,"href":"https:\/\/transportjournal.com\/de\/wp-json\/wp\/v2\/posts\/80694\/revisions"}],"wp:featuredmedia":[{"embeddable":true,"href":"https:\/\/transportjournal.com\/de\/wp-json\/wp\/v2\/media\/80693"}],"wp:attachment":[{"href":"https:\/\/transportjournal.com\/de\/wp-json\/wp\/v2\/media?parent=80694"}],"wp:term":[{"taxonomy":"category","embeddable":true,"href":"https:\/\/transportjournal.com\/de\/wp-json\/wp\/v2\/categories?post=80694"},{"taxonomy":"post_tag","embeddable":true,"href":"https:\/\/transportjournal.com\/de\/wp-json\/wp\/v2\/tags?post=80694"}],"curies":[{"name":"wp","href":"https:\/\/api.w.org\/{rel}","templated":true}]}}