{"id":80678,"date":"2026-03-13T07:57:08","date_gmt":"2026-03-13T07:57:08","guid":{"rendered":"https:\/\/transportjournal.com\/2026\/03\/13\/efw-ruestet-a330-fuer-apal-um\/"},"modified":"2026-03-13T11:05:31","modified_gmt":"2026-03-13T10:05:31","slug":"efw-ruestet-a330-fuer-apal-um","status":"publish","type":"post","link":"https:\/\/transportjournal.com\/de\/2026\/03\/13\/efw-ruestet-a330-fuer-apal-um\/","title":{"rendered":"EFW r\u00fcstet A330 f\u00fcr APAL um"},"content":{"rendered":"<p>Die Elbe Flugzeugwerke (EFW) haben einen Vertrag mit der Asia Pacific Aviation Leasing Group (APAL) aus Hongkong unterzeichnet, um einen Airbus A330-300 vom Passagier- zum Frachtflugzeug umzur\u00fcsten. Der Umbau des Flugzeugs wird im zweiten Quartal 2026 an einem der Umr\u00fcststandorte innerhalb des EFW-Netzwerks erfolgen. Die technische Planung sowie die Zertifizierung des Projekts werden am Hauptsitz in Dresden durchgef\u00fchrt.<\/p>\n<h3>Zusammenarbeit zur Flottenmodernisierung<\/h3>\n<p>Hong Wei Zhao, CEO von APAL, \u00e4usserte sich positiv \u00fcber die Zusammenarbeit mit EFW und betonte die Bedeutung der Expertise des Unternehmens bei der Umr\u00fcstung von Frachtflugzeugen. Diese Partnerschaft sei entscheidend f\u00fcr die Modernisierung der Flotte von APAL und die Anpassung an die wachsenden Anforderungen des chinesischen Frachtmarktes. Zhao erkl\u00e4rte, dass das Unternehmen plant, zus\u00e4tzliche Ressourcen in diesen Markt zu investieren, um seinen Kunden innovative Frachtl\u00f6sungen anzubieten.<\/p>\n<p>Jordi Boto, CEO von EFW, hob die Rolle des Airbus A330P2F im mittleren Frachtflugzeugsegment hervor und betonte die Unterst\u00fctzung von APAL beim Aufbau ihrer Frachtflotte mit dieser L\u00f6sung.<\/p>\n<p>EFW, ein Joint Venture von ST Engineering und Airbus, hat sich auf die Umr\u00fcstung von Passagierflugzeugen zu Frachtflugzeugen spezialisiert und verf\u00fcgt \u00fcber mehr als 20 Jahre Erfahrung in diesem Bereich. Das Unternehmen besch\u00e4ftigt rund 2.000 Mitarbeitende und hat weltweit \u00fcber 40 Umbaukunden, darunter bedeutende Express-Carrier sowie Fracht- und Kombinationsspeditionen.<\/p>\n<p>&nbsp;<\/p>\n<p><a href=\"http:\/\/www.apalg.com\/\" target=\"_blank\" rel=\"noopener noreferrer\">www.apalg.com<\/a><\/p>\n<p>&nbsp;<\/p>\n<p><a href=\"https:\/\/www.elbeflugzeugwerke.com\/\" target=\"_blank\" rel=\"noopener noreferrer\">www.elbeflugzeugwerke.com<\/a><\/p>\n<p>&nbsp;<\/p>\n","protected":false},"excerpt":{"rendered":"<p>Die Elbe Flugzeugwerke haben einen Vertrag zur Umr\u00fcstung eines Airbus A330-300 mit der Asia Pacific Aviation Leasing Group unterzeichnet, um den Frachtmarkt zu bedienen.<\/p>\n","protected":false},"author":12,"featured_media":80677,"comment_status":"open","ping_status":"","sticky":false,"template":"","format":"standard","meta":{"_acf_changed":false,"footnotes":""},"categories":[1574,9092,1575,1570],"tags":[2252,26585,26586,26587,4373,3398,3402,9821,26588,26589,26590,26591,26592,16016,16017,26593,26594,26595,8938,2419,9827,2421,9831,3417,4286,7924,4289,26596,26597,26598,2277,2125,26599,26600,26601,4392,2634,26602,3427,6417,9575,26603,26604,8586,4304,26605,26606,26607,2448,2155,1837,26608,6423,26609],"class_list":["post-80678","post","type-post","status-publish","format-standard","has-post-thumbnail","hentry","category-asien-pazifik","category-deutschland","category-europa","category-luftfracht","tag-air-freight-industry","tag-airbus-a330p2f","tag-aircraft-modification-certification","tag-apal","tag-aviation-technology","tag-avion-cargo","tag-cargo-aircraft","tag-cargo-fleet","tag-certification-de-modification-davion","tag-chinese-cargo-market","tag-coentreprise-st-engineering","tag-conversion-passager-en-fret","tag-deutsch-airbus-a330","tag-dresde","tag-dresden","tag-efw","tag-efw-modification-sites","tag-efw-technical-planning","tag-fachkraeftemangel-luftfahrt","tag-fleet-modernization","tag-flotte-de-fret","tag-flottenmodernisierung","tag-frachtflotte","tag-frachtflugzeug","tag-frachtloesungen","tag-frachtmarkt-china","tag-freight-solutions","tag-hong-kong","tag-hong-kong-francais-airbus-a330","tag-hongkong-english-airbus-a330","tag-industrie-du-fret-aerien","tag-industrie-du-transport","tag-innovative-frachtloesungen","tag-innovative-freight-solutions","tag-joint-venture-st-engineering","tag-luftfahrttechnik","tag-luftfrachtindustrie","tag-marche-du-fret-chinois","tag-modernisation-de-flotte","tag-passenger-to-freighter-conversion","tag-penurie-de-main-doeuvre-aeronautique","tag-planification-technique-efw","tag-sites-de-modification-efw","tag-skilled-labor-shortage-aviation","tag-solutions-de-fret","tag-solutions-de-fret-innovantes","tag-st-engineering-joint-venture","tag-technische-planung-efw","tag-technologie-aeronautique","tag-transport-industry","tag-transportwirtschaft","tag-umrueststandorte-efw","tag-umruestung-passagierflugzeug","tag-zertifizierung-flugzeugumbau"],"acf":[],"yoast_head":"<!-- This site is optimized with the Yoast SEO plugin v27.3 - https:\/\/yoast.com\/product\/yoast-seo-wordpress\/ -->\n<title>EFW r\u00fcstet A330 f\u00fcr APAL um - ITJ | International Transport Journal<\/title>\n<meta name=\"robots\" content=\"index, follow, max-snippet:-1, max-image-preview:large, max-video-preview:-1\" \/>\n<link rel=\"canonical\" href=\"https:\/\/transportjournal.com\/de\/2026\/03\/13\/efw-ruestet-a330-fuer-apal-um\/\" \/>\n<meta property=\"og:locale\" content=\"de_DE\" \/>\n<meta property=\"og:type\" content=\"article\" \/>\n<meta property=\"og:title\" content=\"EFW r\u00fcstet A330 f\u00fcr APAL um - ITJ | International Transport Journal\" \/>\n<meta property=\"og:description\" content=\"Die Elbe Flugzeugwerke haben einen Vertrag zur Umr\u00fcstung eines Airbus A330-300 mit der Asia Pacific Aviation Leasing Group unterzeichnet, um den Frachtmarkt zu bedienen.\" \/>\n<meta property=\"og:url\" content=\"https:\/\/transportjournal.com\/de\/2026\/03\/13\/efw-ruestet-a330-fuer-apal-um\/\" \/>\n<meta property=\"og:site_name\" content=\"ITJ | International Transport Journal\" \/>\n<meta property=\"article:published_time\" content=\"2026-03-13T07:57:08+00:00\" \/>\n<meta property=\"article:modified_time\" content=\"2026-03-13T10:05:31+00:00\" \/>\n<meta property=\"og:image\" content=\"https:\/\/transportjournal.com\/wp-content\/uploads\/sites\/2\/2026\/03\/APAL-banner1-aspect-ratio-1400-788.jpg\" \/>\n\t<meta property=\"og:image:width\" content=\"959\" \/>\n\t<meta property=\"og:image:height\" content=\"540\" \/>\n\t<meta property=\"og:image:type\" content=\"image\/jpeg\" \/>\n<meta name=\"author\" content=\"Andreas Haug\" \/>\n<meta name=\"twitter:card\" content=\"summary_large_image\" \/>\n<meta name=\"twitter:label1\" content=\"Verfasst von\" \/>\n\t<meta name=\"twitter:data1\" content=\"Andreas Haug\" \/>\n\t<meta name=\"twitter:label2\" content=\"Gesch\u00e4tzte Lesezeit\" \/>\n\t<meta name=\"twitter:data2\" content=\"1\u00a0Minute\" \/>\n<script type=\"application\/ld+json\" class=\"yoast-schema-graph\">{\"@context\":\"https:\\\/\\\/schema.org\",\"@graph\":[{\"@type\":\"Article\",\"@id\":\"https:\\\/\\\/transportjournal.com\\\/de\\\/2026\\\/03\\\/13\\\/efw-ruestet-a330-fuer-apal-um\\\/#article\",\"isPartOf\":{\"@id\":\"https:\\\/\\\/transportjournal.com\\\/de\\\/2026\\\/03\\\/13\\\/efw-ruestet-a330-fuer-apal-um\\\/\"},\"author\":{\"name\":\"Andreas Haug\",\"@id\":\"https:\\\/\\\/transportjournal.com\\\/de\\\/#\\\/schema\\\/person\\\/cf538b3157f15afd7589245a4b3dbd25\"},\"headline\":\"EFW r\u00fcstet A330 f\u00fcr APAL um\",\"datePublished\":\"2026-03-13T07:57:08+00:00\",\"dateModified\":\"2026-03-13T10:05:31+00:00\",\"mainEntityOfPage\":{\"@id\":\"https:\\\/\\\/transportjournal.com\\\/de\\\/2026\\\/03\\\/13\\\/efw-ruestet-a330-fuer-apal-um\\\/\"},\"wordCount\":234,\"commentCount\":0,\"publisher\":{\"@id\":\"https:\\\/\\\/transportjournal.com\\\/de\\\/#organization\"},\"image\":{\"@id\":\"https:\\\/\\\/transportjournal.com\\\/de\\\/2026\\\/03\\\/13\\\/efw-ruestet-a330-fuer-apal-um\\\/#primaryimage\"},\"thumbnailUrl\":\"https:\\\/\\\/transportjournal.com\\\/wp-content\\\/uploads\\\/sites\\\/2\\\/2026\\\/03\\\/APAL-banner1-aspect-ratio-1400-788.jpg\",\"keywords\":[\"air freight industry\",\"Airbus A330P2F\",\"aircraft modification certification\",\"APAL\",\"aviation technology\",\"avion cargo\",\"cargo aircraft\",\"cargo fleet\",\"certification de modification d'avion\",\"Chinese cargo market\",\"coentreprise ST Engineering\",\"conversion passager en fret\",\"Deutsch Airbus A330\",\"Dresde\",\"Dresden\",\"EFW\",\"EFW modification sites\",\"EFW technical planning\",\"Fachkr\u00e4ftemangel Luftfahrt\",\"fleet modernization\",\"flotte de fret\",\"Flottenmodernisierung\",\"Frachtflotte\",\"Frachtflugzeug\",\"Frachtl\u00f6sungen\",\"Frachtmarkt China\",\"freight solutions\",\"Hong Kong\",\"Hong Kong Fran\u00e7ais Airbus A330\",\"Hongkong English Airbus A330\",\"industrie du fret a\u00e9rien\",\"industrie du transport\",\"innovative Frachtl\u00f6sungen\",\"innovative freight solutions\",\"Joint Venture ST Engineering\",\"Luftfahrttechnik\",\"Luftfrachtindustrie\",\"march\u00e9 du fret chinois\",\"modernisation de flotte\",\"passenger-to-freighter conversion\",\"p\u00e9nurie de main-d'\u0153uvre a\u00e9ronautique\",\"planification technique EFW\",\"sites de modification EFW\",\"skilled labor shortage aviation\",\"solutions de fret\",\"solutions de fret innovantes\",\"ST Engineering joint venture\",\"technische Planung EFW\",\"technologie a\u00e9ronautique\",\"transport industry\",\"Transportwirtschaft\",\"Umr\u00fcststandorte EFW\",\"Umr\u00fcstung Passagierflugzeug\",\"Zertifizierung Flugzeugumbau\"],\"articleSection\":[\"Asien\\\/Pazifik\",\"Deutschland\",\"Europa\",\"Luftfracht\"],\"inLanguage\":\"de\",\"potentialAction\":[{\"@type\":\"CommentAction\",\"name\":\"Comment\",\"target\":[\"https:\\\/\\\/transportjournal.com\\\/de\\\/2026\\\/03\\\/13\\\/efw-ruestet-a330-fuer-apal-um\\\/#respond\"]}]},{\"@type\":\"WebPage\",\"@id\":\"https:\\\/\\\/transportjournal.com\\\/de\\\/2026\\\/03\\\/13\\\/efw-ruestet-a330-fuer-apal-um\\\/\",\"url\":\"https:\\\/\\\/transportjournal.com\\\/de\\\/2026\\\/03\\\/13\\\/efw-ruestet-a330-fuer-apal-um\\\/\",\"name\":\"EFW r\u00fcstet A330 f\u00fcr APAL um - ITJ | International Transport Journal\",\"isPartOf\":{\"@id\":\"https:\\\/\\\/transportjournal.com\\\/de\\\/#website\"},\"primaryImageOfPage\":{\"@id\":\"https:\\\/\\\/transportjournal.com\\\/de\\\/2026\\\/03\\\/13\\\/efw-ruestet-a330-fuer-apal-um\\\/#primaryimage\"},\"image\":{\"@id\":\"https:\\\/\\\/transportjournal.com\\\/de\\\/2026\\\/03\\\/13\\\/efw-ruestet-a330-fuer-apal-um\\\/#primaryimage\"},\"thumbnailUrl\":\"https:\\\/\\\/transportjournal.com\\\/wp-content\\\/uploads\\\/sites\\\/2\\\/2026\\\/03\\\/APAL-banner1-aspect-ratio-1400-788.jpg\",\"datePublished\":\"2026-03-13T07:57:08+00:00\",\"dateModified\":\"2026-03-13T10:05:31+00:00\",\"breadcrumb\":{\"@id\":\"https:\\\/\\\/transportjournal.com\\\/de\\\/2026\\\/03\\\/13\\\/efw-ruestet-a330-fuer-apal-um\\\/#breadcrumb\"},\"inLanguage\":\"de\",\"potentialAction\":[{\"@type\":\"ReadAction\",\"target\":[\"https:\\\/\\\/transportjournal.com\\\/de\\\/2026\\\/03\\\/13\\\/efw-ruestet-a330-fuer-apal-um\\\/\"]}]},{\"@type\":\"ImageObject\",\"inLanguage\":\"de\",\"@id\":\"https:\\\/\\\/transportjournal.com\\\/de\\\/2026\\\/03\\\/13\\\/efw-ruestet-a330-fuer-apal-um\\\/#primaryimage\",\"url\":\"https:\\\/\\\/transportjournal.com\\\/wp-content\\\/uploads\\\/sites\\\/2\\\/2026\\\/03\\\/APAL-banner1-aspect-ratio-1400-788.jpg\",\"contentUrl\":\"https:\\\/\\\/transportjournal.com\\\/wp-content\\\/uploads\\\/sites\\\/2\\\/2026\\\/03\\\/APAL-banner1-aspect-ratio-1400-788.jpg\",\"width\":959,\"height\":540},{\"@type\":\"BreadcrumbList\",\"@id\":\"https:\\\/\\\/transportjournal.com\\\/de\\\/2026\\\/03\\\/13\\\/efw-ruestet-a330-fuer-apal-um\\\/#breadcrumb\",\"itemListElement\":[{\"@type\":\"ListItem\",\"position\":1,\"name\":\"Startseite\",\"item\":\"https:\\\/\\\/transportjournal.com\\\/de\\\/\"},{\"@type\":\"ListItem\",\"position\":2,\"name\":\"EFW r\u00fcstet A330 f\u00fcr APAL um\"}]},{\"@type\":\"WebSite\",\"@id\":\"https:\\\/\\\/transportjournal.com\\\/de\\\/#website\",\"url\":\"https:\\\/\\\/transportjournal.com\\\/de\\\/\",\"name\":\"ITJ | International Transport Journal\",\"description\":\"Stay informed with the latest global news from the transport, logistics, and supply chain industries. Transport Journal delivers expert insights, analysis, and updates across shipping, aviation, intermodal, and forwarding.\",\"publisher\":{\"@id\":\"https:\\\/\\\/transportjournal.com\\\/de\\\/#organization\"},\"potentialAction\":[{\"@type\":\"SearchAction\",\"target\":{\"@type\":\"EntryPoint\",\"urlTemplate\":\"https:\\\/\\\/transportjournal.com\\\/de\\\/?s={search_term_string}\"},\"query-input\":{\"@type\":\"PropertyValueSpecification\",\"valueRequired\":true,\"valueName\":\"search_term_string\"}}],\"inLanguage\":\"de\"},{\"@type\":\"Organization\",\"@id\":\"https:\\\/\\\/transportjournal.com\\\/de\\\/#organization\",\"name\":\"Groupe Logismedia AG\",\"alternateName\":\"Logismedia Group AG\",\"url\":\"https:\\\/\\\/transportjournal.com\\\/de\\\/\",\"logo\":{\"@type\":\"ImageObject\",\"inLanguage\":\"de\",\"@id\":\"https:\\\/\\\/transportjournal.com\\\/de\\\/#\\\/schema\\\/logo\\\/image\\\/\",\"url\":\"https:\\\/\\\/transportjournal.com\\\/wp-content\\\/uploads\\\/sites\\\/2\\\/2025\\\/09\\\/Logo_ITJ.png\",\"contentUrl\":\"https:\\\/\\\/transportjournal.com\\\/wp-content\\\/uploads\\\/sites\\\/2\\\/2025\\\/09\\\/Logo_ITJ.png\",\"width\":799,\"height\":326,\"caption\":\"Groupe Logismedia AG\"},\"image\":{\"@id\":\"https:\\\/\\\/transportjournal.com\\\/de\\\/#\\\/schema\\\/logo\\\/image\\\/\"},\"sameAs\":[\"https:\\\/\\\/www.linkedin.com\\\/company\\\/56456496\\\/admin\\\/dashboard\\\/\",\"https:\\\/\\\/www.instagram.com\\\/logismediagroup\\\/\",\"https:\\\/\\\/www.youtube.com\\\/@LogiamediaGroupAG\"]},{\"@type\":\"Person\",\"@id\":\"https:\\\/\\\/transportjournal.com\\\/de\\\/#\\\/schema\\\/person\\\/cf538b3157f15afd7589245a4b3dbd25\",\"name\":\"Andreas Haug\",\"url\":\"https:\\\/\\\/transportjournal.com\\\/de\\\/author\\\/andreas\\\/\"}]}<\/script>\n<!-- \/ Yoast SEO plugin. -->","yoast_head_json":{"title":"EFW r\u00fcstet A330 f\u00fcr APAL um - ITJ | International Transport Journal","robots":{"index":"index","follow":"follow","max-snippet":"max-snippet:-1","max-image-preview":"max-image-preview:large","max-video-preview":"max-video-preview:-1"},"canonical":"https:\/\/transportjournal.com\/de\/2026\/03\/13\/efw-ruestet-a330-fuer-apal-um\/","og_locale":"de_DE","og_type":"article","og_title":"EFW r\u00fcstet A330 f\u00fcr APAL um - ITJ | International Transport Journal","og_description":"Die Elbe Flugzeugwerke haben einen Vertrag zur Umr\u00fcstung eines Airbus A330-300 mit der Asia Pacific Aviation Leasing Group unterzeichnet, um den Frachtmarkt zu bedienen.","og_url":"https:\/\/transportjournal.com\/de\/2026\/03\/13\/efw-ruestet-a330-fuer-apal-um\/","og_site_name":"ITJ | International Transport Journal","article_published_time":"2026-03-13T07:57:08+00:00","article_modified_time":"2026-03-13T10:05:31+00:00","og_image":[{"width":959,"height":540,"url":"https:\/\/transportjournal.com\/wp-content\/uploads\/sites\/2\/2026\/03\/APAL-banner1-aspect-ratio-1400-788.jpg","type":"image\/jpeg"}],"author":"Andreas Haug","twitter_card":"summary_large_image","twitter_misc":{"Verfasst von":"Andreas Haug","Gesch\u00e4tzte Lesezeit":"1\u00a0Minute"},"schema":{"@context":"https:\/\/schema.org","@graph":[{"@type":"Article","@id":"https:\/\/transportjournal.com\/de\/2026\/03\/13\/efw-ruestet-a330-fuer-apal-um\/#article","isPartOf":{"@id":"https:\/\/transportjournal.com\/de\/2026\/03\/13\/efw-ruestet-a330-fuer-apal-um\/"},"author":{"name":"Andreas Haug","@id":"https:\/\/transportjournal.com\/de\/#\/schema\/person\/cf538b3157f15afd7589245a4b3dbd25"},"headline":"EFW r\u00fcstet A330 f\u00fcr APAL um","datePublished":"2026-03-13T07:57:08+00:00","dateModified":"2026-03-13T10:05:31+00:00","mainEntityOfPage":{"@id":"https:\/\/transportjournal.com\/de\/2026\/03\/13\/efw-ruestet-a330-fuer-apal-um\/"},"wordCount":234,"commentCount":0,"publisher":{"@id":"https:\/\/transportjournal.com\/de\/#organization"},"image":{"@id":"https:\/\/transportjournal.com\/de\/2026\/03\/13\/efw-ruestet-a330-fuer-apal-um\/#primaryimage"},"thumbnailUrl":"https:\/\/transportjournal.com\/wp-content\/uploads\/sites\/2\/2026\/03\/APAL-banner1-aspect-ratio-1400-788.jpg","keywords":["air freight industry","Airbus A330P2F","aircraft modification certification","APAL","aviation technology","avion cargo","cargo aircraft","cargo fleet","certification de modification d'avion","Chinese cargo market","coentreprise ST Engineering","conversion passager en fret","Deutsch Airbus A330","Dresde","Dresden","EFW","EFW modification sites","EFW technical planning","Fachkr\u00e4ftemangel Luftfahrt","fleet modernization","flotte de fret","Flottenmodernisierung","Frachtflotte","Frachtflugzeug","Frachtl\u00f6sungen","Frachtmarkt China","freight solutions","Hong Kong","Hong Kong Fran\u00e7ais Airbus A330","Hongkong English Airbus A330","industrie du fret a\u00e9rien","industrie du transport","innovative Frachtl\u00f6sungen","innovative freight solutions","Joint Venture ST Engineering","Luftfahrttechnik","Luftfrachtindustrie","march\u00e9 du fret chinois","modernisation de flotte","passenger-to-freighter conversion","p\u00e9nurie de main-d'\u0153uvre a\u00e9ronautique","planification technique EFW","sites de modification EFW","skilled labor shortage aviation","solutions de fret","solutions de fret innovantes","ST Engineering joint venture","technische Planung EFW","technologie a\u00e9ronautique","transport industry","Transportwirtschaft","Umr\u00fcststandorte EFW","Umr\u00fcstung Passagierflugzeug","Zertifizierung Flugzeugumbau"],"articleSection":["Asien\/Pazifik","Deutschland","Europa","Luftfracht"],"inLanguage":"de","potentialAction":[{"@type":"CommentAction","name":"Comment","target":["https:\/\/transportjournal.com\/de\/2026\/03\/13\/efw-ruestet-a330-fuer-apal-um\/#respond"]}]},{"@type":"WebPage","@id":"https:\/\/transportjournal.com\/de\/2026\/03\/13\/efw-ruestet-a330-fuer-apal-um\/","url":"https:\/\/transportjournal.com\/de\/2026\/03\/13\/efw-ruestet-a330-fuer-apal-um\/","name":"EFW r\u00fcstet A330 f\u00fcr APAL um - ITJ | International Transport Journal","isPartOf":{"@id":"https:\/\/transportjournal.com\/de\/#website"},"primaryImageOfPage":{"@id":"https:\/\/transportjournal.com\/de\/2026\/03\/13\/efw-ruestet-a330-fuer-apal-um\/#primaryimage"},"image":{"@id":"https:\/\/transportjournal.com\/de\/2026\/03\/13\/efw-ruestet-a330-fuer-apal-um\/#primaryimage"},"thumbnailUrl":"https:\/\/transportjournal.com\/wp-content\/uploads\/sites\/2\/2026\/03\/APAL-banner1-aspect-ratio-1400-788.jpg","datePublished":"2026-03-13T07:57:08+00:00","dateModified":"2026-03-13T10:05:31+00:00","breadcrumb":{"@id":"https:\/\/transportjournal.com\/de\/2026\/03\/13\/efw-ruestet-a330-fuer-apal-um\/#breadcrumb"},"inLanguage":"de","potentialAction":[{"@type":"ReadAction","target":["https:\/\/transportjournal.com\/de\/2026\/03\/13\/efw-ruestet-a330-fuer-apal-um\/"]}]},{"@type":"ImageObject","inLanguage":"de","@id":"https:\/\/transportjournal.com\/de\/2026\/03\/13\/efw-ruestet-a330-fuer-apal-um\/#primaryimage","url":"https:\/\/transportjournal.com\/wp-content\/uploads\/sites\/2\/2026\/03\/APAL-banner1-aspect-ratio-1400-788.jpg","contentUrl":"https:\/\/transportjournal.com\/wp-content\/uploads\/sites\/2\/2026\/03\/APAL-banner1-aspect-ratio-1400-788.jpg","width":959,"height":540},{"@type":"BreadcrumbList","@id":"https:\/\/transportjournal.com\/de\/2026\/03\/13\/efw-ruestet-a330-fuer-apal-um\/#breadcrumb","itemListElement":[{"@type":"ListItem","position":1,"name":"Startseite","item":"https:\/\/transportjournal.com\/de\/"},{"@type":"ListItem","position":2,"name":"EFW r\u00fcstet A330 f\u00fcr APAL um"}]},{"@type":"WebSite","@id":"https:\/\/transportjournal.com\/de\/#website","url":"https:\/\/transportjournal.com\/de\/","name":"ITJ | International Transport Journal","description":"Stay informed with the latest global news from the transport, logistics, and supply chain industries. Transport Journal delivers expert insights, analysis, and updates across shipping, aviation, intermodal, and forwarding.","publisher":{"@id":"https:\/\/transportjournal.com\/de\/#organization"},"potentialAction":[{"@type":"SearchAction","target":{"@type":"EntryPoint","urlTemplate":"https:\/\/transportjournal.com\/de\/?s={search_term_string}"},"query-input":{"@type":"PropertyValueSpecification","valueRequired":true,"valueName":"search_term_string"}}],"inLanguage":"de"},{"@type":"Organization","@id":"https:\/\/transportjournal.com\/de\/#organization","name":"Groupe Logismedia AG","alternateName":"Logismedia Group AG","url":"https:\/\/transportjournal.com\/de\/","logo":{"@type":"ImageObject","inLanguage":"de","@id":"https:\/\/transportjournal.com\/de\/#\/schema\/logo\/image\/","url":"https:\/\/transportjournal.com\/wp-content\/uploads\/sites\/2\/2025\/09\/Logo_ITJ.png","contentUrl":"https:\/\/transportjournal.com\/wp-content\/uploads\/sites\/2\/2025\/09\/Logo_ITJ.png","width":799,"height":326,"caption":"Groupe Logismedia AG"},"image":{"@id":"https:\/\/transportjournal.com\/de\/#\/schema\/logo\/image\/"},"sameAs":["https:\/\/www.linkedin.com\/company\/56456496\/admin\/dashboard\/","https:\/\/www.instagram.com\/logismediagroup\/","https:\/\/www.youtube.com\/@LogiamediaGroupAG"]},{"@type":"Person","@id":"https:\/\/transportjournal.com\/de\/#\/schema\/person\/cf538b3157f15afd7589245a4b3dbd25","name":"Andreas Haug","url":"https:\/\/transportjournal.com\/de\/author\/andreas\/"}]}},"_links":{"self":[{"href":"https:\/\/transportjournal.com\/de\/wp-json\/wp\/v2\/posts\/80678","targetHints":{"allow":["GET"]}}],"collection":[{"href":"https:\/\/transportjournal.com\/de\/wp-json\/wp\/v2\/posts"}],"about":[{"href":"https:\/\/transportjournal.com\/de\/wp-json\/wp\/v2\/types\/post"}],"author":[{"embeddable":true,"href":"https:\/\/transportjournal.com\/de\/wp-json\/wp\/v2\/users\/12"}],"replies":[{"embeddable":true,"href":"https:\/\/transportjournal.com\/de\/wp-json\/wp\/v2\/comments?post=80678"}],"version-history":[{"count":1,"href":"https:\/\/transportjournal.com\/de\/wp-json\/wp\/v2\/posts\/80678\/revisions"}],"predecessor-version":[{"id":80717,"href":"https:\/\/transportjournal.com\/de\/wp-json\/wp\/v2\/posts\/80678\/revisions\/80717"}],"wp:featuredmedia":[{"embeddable":true,"href":"https:\/\/transportjournal.com\/de\/wp-json\/wp\/v2\/media\/80677"}],"wp:attachment":[{"href":"https:\/\/transportjournal.com\/de\/wp-json\/wp\/v2\/media?parent=80678"}],"wp:term":[{"taxonomy":"category","embeddable":true,"href":"https:\/\/transportjournal.com\/de\/wp-json\/wp\/v2\/categories?post=80678"},{"taxonomy":"post_tag","embeddable":true,"href":"https:\/\/transportjournal.com\/de\/wp-json\/wp\/v2\/tags?post=80678"}],"curies":[{"name":"wp","href":"https:\/\/api.w.org\/{rel}","templated":true}]}}