{"id":80662,"date":"2026-03-12T15:03:00","date_gmt":"2026-03-12T15:03:00","guid":{"rendered":"https:\/\/transportjournal.com\/2026\/03\/12\/transnatur-wechselt-partner-im-raum-stuttgart\/"},"modified":"2026-03-12T15:03:00","modified_gmt":"2026-03-12T15:03:00","slug":"transnatur-wechselt-partner-im-raum-stuttgart","status":"publish","type":"post","link":"https:\/\/transportjournal.com\/de\/2026\/03\/12\/transnatur-wechselt-partner-im-raum-stuttgart\/","title":{"rendered":"Transnatur wechselt Partner im Raum Stuttgart"},"content":{"rendered":"<p>Die Transnatur Group hat k\u00fcrzlich eine neue Zusammenarbeit mit der Speditions- und Logistikfirma L. Wackler Wwe. Nachf. GmbH aufgenommen. Die Kooperation deckt den Raum Stuttgart im Westen Deutschlands ab.<\/p>\n<p>Wackler wurde vor mehr als 100 Jahren gegr\u00fcndet und wird heute in der f\u00fcnften Generation von der Unternehmerfamilie gef\u00fchrt. Der Hauptsitz des Unternehmens befindet sich in G\u00f6ppingen, etwa 50 km von Stuttgart entfernt. Wackler verf\u00fcgt \u00fcber rund 100\u2019000 m<sup>2<\/sup> Lagerfl\u00e4che und besch\u00e4ftigt 270 Mitarbeitende.<\/p>\n<p>Mit der neuen Zusammenarbeit m\u00f6chte die Transnatur Group ihre bestehenden Verkehre in dieser stark industrialisierten und wirtschaftlich dynamischen Region sichern und weiter ausbauen. Die Region Stuttgart ist ein wichtiger Standort der europ\u00e4ischen Automobil- und Technologieindustrie. Zahlreiche Unternehmen aus der Automobil- und IT-Branche sind dort ans\u00e4ssig, weshalb eine leistungsf\u00e4hige Logistikstruktur von besonderer Bedeutung ist.<\/p>\n<p>Der t\u00e4gliche Export- und Importservice soll mit optimalen Transitzeiten aufrechterhalten werden. Die Transnatur Group ist \u00fcberzeugt, dass die Zusammenarbeit beiden Unternehmen erm\u00f6glicht, ein hohes Serviceniveau zu sichern und zugleich neue Gesch\u00e4ftsm\u00f6glichkeiten in der Region zu erschliessen.<\/p>\n<p><a href=\"http:\/\/www.transnatur.com\" target=\"_blank\" rel=\"noopener noreferrer\">www.transnatur.com<\/a><\/p>\n<p><a href=\"https:\/\/www.wackler.de\" target=\"_blank\" rel=\"noopener noreferrer\">www.wackler.de<\/a><\/p>\n","protected":false},"excerpt":{"rendered":"<p>Die Transnatur Group hat eine Kooperation mit der L. Wackler Wwe. Nachf. GmbH gestartet, um Logistikdienstleistungen im Raum Stuttgart zu optimieren und auszubauen.<\/p>\n","protected":false},"author":14,"featured_media":80661,"comment_status":"open","ping_status":"","sticky":false,"template":"","format":"standard","meta":{"_acf_changed":false,"footnotes":""},"categories":[1575,1568,1569],"tags":[26511,26512,5246,26513,3353,3354,26514,26515,26516,26517,2122,26518,2123,26519,26520,3328,3994,26521,26522,26523,5256,4000,2821,26524,26525,1831,26526,3336,26527,3379,3339,3340,2479,26528,26529,26530,26531,26532,13807,26533,2339,26534,2106,26535,26536,26537,26538,26539,26540,26541,26542,26543,26544],"class_list":["post-80662","post","type-post","status-publish","format-standard","has-post-thumbnail","hentry","category-europa","category-bahn-binnenschifffahrt-strasse","category-logistik-spedition","tag-automobilindustrie-stuttgart","tag-automotive-industry-stuttgart","tag-cooperation-logistique","tag-deutsch-transnatur","tag-digitalisierung-logistik","tag-digitalization-logistics","tag-dynamique-economique-stuttgart","tag-economic-dynamics-stuttgart","tag-entreprises-de-logistique-allemagne","tag-espace-dentreposage-goeppingen","tag-fachkraeftemangel-logistik","tag-fournisseurs-de-logistique","tag-gestion-de-la-chaine-dapprovisionnement","tag-import-export-stuttgart","tag-industrie-automobile-stuttgart","tag-infrastructure-logistique","tag-infrastruktur-logistik","tag-kooperation-logistik","tag-lagerflaeche-goeppingen","tag-logistics-companies-germany","tag-logistics-cooperation","tag-logistics-infrastructure","tag-logistics-providers","tag-logistics-stuttgart","tag-logistik-stuttgart","tag-logistikdienstleister","tag-logistikunternehmen-deutschland","tag-logistique-de-colis-allemagne","tag-logistique-stuttgart","tag-numerisation-logistique","tag-paketlogistik-deutschland","tag-parcel-logistics-germany","tag-penurie-de-competences-logistique","tag-prestataires-de-services-de-transport-stuttgart","tag-rail-freight-stuttgart","tag-regional-logistics-solutions","tag-regionale-logistikloesungen","tag-schienengueterverkehr-stuttgart","tag-secteur-du-transport-allemagne","tag-secteur-technologique-stuttgart","tag-skills-shortage-logistics","tag-solutions-logistiques-regionales","tag-supply-chain-management","tag-technologiebranche-stuttgart","tag-technology-sector-stuttgart","tag-transport-ferroviaire-stuttgart","tag-transport-industry-germany-francais-transnatur","tag-transport-service-providers-stuttgart","tag-transportdienstleister-stuttgart","tag-transportwirtschaft-deutschland-english-transnatur","tag-wackler","tag-warehouse-space-goeppingen","tag-wirtschaftliche-dynamik-stuttgart"],"acf":[],"yoast_head":"<!-- This site is optimized with the Yoast SEO plugin v27.3 - https:\/\/yoast.com\/product\/yoast-seo-wordpress\/ -->\n<title>Transnatur wechselt Partner im Raum Stuttgart - ITJ | International Transport Journal<\/title>\n<meta name=\"robots\" content=\"index, follow, max-snippet:-1, max-image-preview:large, max-video-preview:-1\" \/>\n<link rel=\"canonical\" href=\"https:\/\/transportjournal.com\/de\/2026\/03\/12\/transnatur-wechselt-partner-im-raum-stuttgart\/\" \/>\n<meta property=\"og:locale\" content=\"de_DE\" \/>\n<meta property=\"og:type\" content=\"article\" \/>\n<meta property=\"og:title\" content=\"Transnatur wechselt Partner im Raum Stuttgart - ITJ | International Transport Journal\" \/>\n<meta property=\"og:description\" content=\"Die Transnatur Group hat eine Kooperation mit der L. Wackler Wwe. Nachf. GmbH gestartet, um Logistikdienstleistungen im Raum Stuttgart zu optimieren und auszubauen.\" \/>\n<meta property=\"og:url\" content=\"https:\/\/transportjournal.com\/de\/2026\/03\/12\/transnatur-wechselt-partner-im-raum-stuttgart\/\" \/>\n<meta property=\"og:site_name\" content=\"ITJ | International Transport Journal\" \/>\n<meta property=\"article:published_time\" content=\"2026-03-12T15:03:00+00:00\" \/>\n<meta property=\"og:image\" content=\"https:\/\/transportjournal.com\/wp-content\/uploads\/sites\/2\/2026\/03\/transnatur-expertos-aduanas-1024x576-1.jpeg\" \/>\n\t<meta property=\"og:image:width\" content=\"1024\" \/>\n\t<meta property=\"og:image:height\" content=\"576\" \/>\n\t<meta property=\"og:image:type\" content=\"image\/jpeg\" \/>\n<meta name=\"author\" content=\"Gyan Sharan\" \/>\n<meta name=\"twitter:card\" content=\"summary_large_image\" \/>\n<meta name=\"twitter:label1\" content=\"Verfasst von\" \/>\n\t<meta name=\"twitter:data1\" content=\"Gyan Sharan\" \/>\n\t<meta name=\"twitter:label2\" content=\"Gesch\u00e4tzte Lesezeit\" \/>\n\t<meta name=\"twitter:data2\" content=\"1\u00a0Minute\" \/>\n<script type=\"application\/ld+json\" class=\"yoast-schema-graph\">{\"@context\":\"https:\\\/\\\/schema.org\",\"@graph\":[{\"@type\":\"Article\",\"@id\":\"https:\\\/\\\/transportjournal.com\\\/de\\\/2026\\\/03\\\/12\\\/transnatur-wechselt-partner-im-raum-stuttgart\\\/#article\",\"isPartOf\":{\"@id\":\"https:\\\/\\\/transportjournal.com\\\/de\\\/2026\\\/03\\\/12\\\/transnatur-wechselt-partner-im-raum-stuttgart\\\/\"},\"author\":{\"name\":\"Gyan Sharan\",\"@id\":\"https:\\\/\\\/transportjournal.com\\\/de\\\/#\\\/schema\\\/person\\\/13a9fc605c753db60ef7750a229cd042\"},\"headline\":\"Transnatur wechselt Partner im Raum Stuttgart\",\"datePublished\":\"2026-03-12T15:03:00+00:00\",\"mainEntityOfPage\":{\"@id\":\"https:\\\/\\\/transportjournal.com\\\/de\\\/2026\\\/03\\\/12\\\/transnatur-wechselt-partner-im-raum-stuttgart\\\/\"},\"wordCount\":186,\"commentCount\":0,\"publisher\":{\"@id\":\"https:\\\/\\\/transportjournal.com\\\/de\\\/#organization\"},\"image\":{\"@id\":\"https:\\\/\\\/transportjournal.com\\\/de\\\/2026\\\/03\\\/12\\\/transnatur-wechselt-partner-im-raum-stuttgart\\\/#primaryimage\"},\"thumbnailUrl\":\"https:\\\/\\\/transportjournal.com\\\/wp-content\\\/uploads\\\/sites\\\/2\\\/2026\\\/03\\\/transnatur-expertos-aduanas-1024x576-1.jpeg\",\"keywords\":[\"Automobilindustrie Stuttgart\",\"automotive industry Stuttgart\",\"coop\u00e9ration logistique\",\"Deutsch Transnatur\",\"Digitalisierung Logistik\",\"digitalization logistics\",\"dynamique \u00e9conomique Stuttgart\",\"economic dynamics Stuttgart\",\"entreprises de logistique Allemagne\",\"espace d'entreposage G\u00f6ppingen\",\"Fachkr\u00e4ftemangel Logistik\",\"fournisseurs de logistique\",\"gestion de la cha\u00eene d'approvisionnement\",\"Import Export Stuttgart\",\"industrie automobile Stuttgart\",\"infrastructure logistique\",\"Infrastruktur Logistik\",\"Kooperation Logistik\",\"Lagerfl\u00e4che G\u00f6ppingen\",\"logistics companies Germany\",\"logistics cooperation\",\"logistics infrastructure\",\"logistics providers\",\"logistics Stuttgart\",\"Logistik Stuttgart\",\"Logistikdienstleister\",\"Logistikunternehmen Deutschland\",\"logistique de colis Allemagne\",\"logistique Stuttgart\",\"num\u00e9risation logistique\",\"Paketlogistik Deutschland\",\"parcel logistics Germany\",\"p\u00e9nurie de comp\u00e9tences logistique\",\"prestataires de services de transport Stuttgart\",\"rail freight Stuttgart\",\"regional logistics solutions\",\"regionale Logistikl\u00f6sungen\",\"Schieneng\u00fcterverkehr Stuttgart\",\"secteur du transport Allemagne\",\"secteur technologique Stuttgart\",\"skills shortage logistics\",\"solutions logistiques r\u00e9gionales\",\"Supply Chain Management\",\"Technologiebranche Stuttgart\",\"technology sector Stuttgart\",\"transport ferroviaire Stuttgart\",\"transport industry Germany Fran\u00e7ais Transnatur\",\"transport service providers Stuttgart\",\"Transportdienstleister Stuttgart\",\"Transportwirtschaft Deutschland English Transnatur\",\"Wackler\",\"warehouse space G\u00f6ppingen\",\"wirtschaftliche Dynamik Stuttgart\"],\"articleSection\":[\"Europa\",\"Intermodal \\\/ Stra\u00dfe\",\"Spedition &amp; Logistik\"],\"inLanguage\":\"de\",\"potentialAction\":[{\"@type\":\"CommentAction\",\"name\":\"Comment\",\"target\":[\"https:\\\/\\\/transportjournal.com\\\/de\\\/2026\\\/03\\\/12\\\/transnatur-wechselt-partner-im-raum-stuttgart\\\/#respond\"]}]},{\"@type\":\"WebPage\",\"@id\":\"https:\\\/\\\/transportjournal.com\\\/de\\\/2026\\\/03\\\/12\\\/transnatur-wechselt-partner-im-raum-stuttgart\\\/\",\"url\":\"https:\\\/\\\/transportjournal.com\\\/de\\\/2026\\\/03\\\/12\\\/transnatur-wechselt-partner-im-raum-stuttgart\\\/\",\"name\":\"Transnatur wechselt Partner im Raum Stuttgart - ITJ | International Transport Journal\",\"isPartOf\":{\"@id\":\"https:\\\/\\\/transportjournal.com\\\/de\\\/#website\"},\"primaryImageOfPage\":{\"@id\":\"https:\\\/\\\/transportjournal.com\\\/de\\\/2026\\\/03\\\/12\\\/transnatur-wechselt-partner-im-raum-stuttgart\\\/#primaryimage\"},\"image\":{\"@id\":\"https:\\\/\\\/transportjournal.com\\\/de\\\/2026\\\/03\\\/12\\\/transnatur-wechselt-partner-im-raum-stuttgart\\\/#primaryimage\"},\"thumbnailUrl\":\"https:\\\/\\\/transportjournal.com\\\/wp-content\\\/uploads\\\/sites\\\/2\\\/2026\\\/03\\\/transnatur-expertos-aduanas-1024x576-1.jpeg\",\"datePublished\":\"2026-03-12T15:03:00+00:00\",\"breadcrumb\":{\"@id\":\"https:\\\/\\\/transportjournal.com\\\/de\\\/2026\\\/03\\\/12\\\/transnatur-wechselt-partner-im-raum-stuttgart\\\/#breadcrumb\"},\"inLanguage\":\"de\",\"potentialAction\":[{\"@type\":\"ReadAction\",\"target\":[\"https:\\\/\\\/transportjournal.com\\\/de\\\/2026\\\/03\\\/12\\\/transnatur-wechselt-partner-im-raum-stuttgart\\\/\"]}]},{\"@type\":\"ImageObject\",\"inLanguage\":\"de\",\"@id\":\"https:\\\/\\\/transportjournal.com\\\/de\\\/2026\\\/03\\\/12\\\/transnatur-wechselt-partner-im-raum-stuttgart\\\/#primaryimage\",\"url\":\"https:\\\/\\\/transportjournal.com\\\/wp-content\\\/uploads\\\/sites\\\/2\\\/2026\\\/03\\\/transnatur-expertos-aduanas-1024x576-1.jpeg\",\"contentUrl\":\"https:\\\/\\\/transportjournal.com\\\/wp-content\\\/uploads\\\/sites\\\/2\\\/2026\\\/03\\\/transnatur-expertos-aduanas-1024x576-1.jpeg\",\"width\":1024,\"height\":576},{\"@type\":\"BreadcrumbList\",\"@id\":\"https:\\\/\\\/transportjournal.com\\\/de\\\/2026\\\/03\\\/12\\\/transnatur-wechselt-partner-im-raum-stuttgart\\\/#breadcrumb\",\"itemListElement\":[{\"@type\":\"ListItem\",\"position\":1,\"name\":\"Startseite\",\"item\":\"https:\\\/\\\/transportjournal.com\\\/de\\\/\"},{\"@type\":\"ListItem\",\"position\":2,\"name\":\"Transnatur wechselt Partner im Raum Stuttgart\"}]},{\"@type\":\"WebSite\",\"@id\":\"https:\\\/\\\/transportjournal.com\\\/de\\\/#website\",\"url\":\"https:\\\/\\\/transportjournal.com\\\/de\\\/\",\"name\":\"ITJ | International Transport Journal\",\"description\":\"Stay informed with the latest global news from the transport, logistics, and supply chain industries. Transport Journal delivers expert insights, analysis, and updates across shipping, aviation, intermodal, and forwarding.\",\"publisher\":{\"@id\":\"https:\\\/\\\/transportjournal.com\\\/de\\\/#organization\"},\"potentialAction\":[{\"@type\":\"SearchAction\",\"target\":{\"@type\":\"EntryPoint\",\"urlTemplate\":\"https:\\\/\\\/transportjournal.com\\\/de\\\/?s={search_term_string}\"},\"query-input\":{\"@type\":\"PropertyValueSpecification\",\"valueRequired\":true,\"valueName\":\"search_term_string\"}}],\"inLanguage\":\"de\"},{\"@type\":\"Organization\",\"@id\":\"https:\\\/\\\/transportjournal.com\\\/de\\\/#organization\",\"name\":\"Groupe Logismedia AG\",\"alternateName\":\"Logismedia Group AG\",\"url\":\"https:\\\/\\\/transportjournal.com\\\/de\\\/\",\"logo\":{\"@type\":\"ImageObject\",\"inLanguage\":\"de\",\"@id\":\"https:\\\/\\\/transportjournal.com\\\/de\\\/#\\\/schema\\\/logo\\\/image\\\/\",\"url\":\"https:\\\/\\\/transportjournal.com\\\/wp-content\\\/uploads\\\/sites\\\/2\\\/2025\\\/09\\\/Logo_ITJ.png\",\"contentUrl\":\"https:\\\/\\\/transportjournal.com\\\/wp-content\\\/uploads\\\/sites\\\/2\\\/2025\\\/09\\\/Logo_ITJ.png\",\"width\":799,\"height\":326,\"caption\":\"Groupe Logismedia AG\"},\"image\":{\"@id\":\"https:\\\/\\\/transportjournal.com\\\/de\\\/#\\\/schema\\\/logo\\\/image\\\/\"},\"sameAs\":[\"https:\\\/\\\/www.linkedin.com\\\/company\\\/56456496\\\/admin\\\/dashboard\\\/\",\"https:\\\/\\\/www.instagram.com\\\/logismediagroup\\\/\",\"https:\\\/\\\/www.youtube.com\\\/@LogiamediaGroupAG\"]},{\"@type\":\"Person\",\"@id\":\"https:\\\/\\\/transportjournal.com\\\/de\\\/#\\\/schema\\\/person\\\/13a9fc605c753db60ef7750a229cd042\",\"name\":\"Gyan Sharan\",\"url\":\"https:\\\/\\\/transportjournal.com\\\/de\\\/author\\\/gyan\\\/\"}]}<\/script>\n<!-- \/ Yoast SEO plugin. -->","yoast_head_json":{"title":"Transnatur wechselt Partner im Raum Stuttgart - ITJ | International Transport Journal","robots":{"index":"index","follow":"follow","max-snippet":"max-snippet:-1","max-image-preview":"max-image-preview:large","max-video-preview":"max-video-preview:-1"},"canonical":"https:\/\/transportjournal.com\/de\/2026\/03\/12\/transnatur-wechselt-partner-im-raum-stuttgart\/","og_locale":"de_DE","og_type":"article","og_title":"Transnatur wechselt Partner im Raum Stuttgart - ITJ | International Transport Journal","og_description":"Die Transnatur Group hat eine Kooperation mit der L. Wackler Wwe. Nachf. GmbH gestartet, um Logistikdienstleistungen im Raum Stuttgart zu optimieren und auszubauen.","og_url":"https:\/\/transportjournal.com\/de\/2026\/03\/12\/transnatur-wechselt-partner-im-raum-stuttgart\/","og_site_name":"ITJ | International Transport Journal","article_published_time":"2026-03-12T15:03:00+00:00","og_image":[{"width":1024,"height":576,"url":"https:\/\/transportjournal.com\/wp-content\/uploads\/sites\/2\/2026\/03\/transnatur-expertos-aduanas-1024x576-1.jpeg","type":"image\/jpeg"}],"author":"Gyan Sharan","twitter_card":"summary_large_image","twitter_misc":{"Verfasst von":"Gyan Sharan","Gesch\u00e4tzte Lesezeit":"1\u00a0Minute"},"schema":{"@context":"https:\/\/schema.org","@graph":[{"@type":"Article","@id":"https:\/\/transportjournal.com\/de\/2026\/03\/12\/transnatur-wechselt-partner-im-raum-stuttgart\/#article","isPartOf":{"@id":"https:\/\/transportjournal.com\/de\/2026\/03\/12\/transnatur-wechselt-partner-im-raum-stuttgart\/"},"author":{"name":"Gyan Sharan","@id":"https:\/\/transportjournal.com\/de\/#\/schema\/person\/13a9fc605c753db60ef7750a229cd042"},"headline":"Transnatur wechselt Partner im Raum Stuttgart","datePublished":"2026-03-12T15:03:00+00:00","mainEntityOfPage":{"@id":"https:\/\/transportjournal.com\/de\/2026\/03\/12\/transnatur-wechselt-partner-im-raum-stuttgart\/"},"wordCount":186,"commentCount":0,"publisher":{"@id":"https:\/\/transportjournal.com\/de\/#organization"},"image":{"@id":"https:\/\/transportjournal.com\/de\/2026\/03\/12\/transnatur-wechselt-partner-im-raum-stuttgart\/#primaryimage"},"thumbnailUrl":"https:\/\/transportjournal.com\/wp-content\/uploads\/sites\/2\/2026\/03\/transnatur-expertos-aduanas-1024x576-1.jpeg","keywords":["Automobilindustrie Stuttgart","automotive industry Stuttgart","coop\u00e9ration logistique","Deutsch Transnatur","Digitalisierung Logistik","digitalization logistics","dynamique \u00e9conomique Stuttgart","economic dynamics Stuttgart","entreprises de logistique Allemagne","espace d'entreposage G\u00f6ppingen","Fachkr\u00e4ftemangel Logistik","fournisseurs de logistique","gestion de la cha\u00eene d'approvisionnement","Import Export Stuttgart","industrie automobile Stuttgart","infrastructure logistique","Infrastruktur Logistik","Kooperation Logistik","Lagerfl\u00e4che G\u00f6ppingen","logistics companies Germany","logistics cooperation","logistics infrastructure","logistics providers","logistics Stuttgart","Logistik Stuttgart","Logistikdienstleister","Logistikunternehmen Deutschland","logistique de colis Allemagne","logistique Stuttgart","num\u00e9risation logistique","Paketlogistik Deutschland","parcel logistics Germany","p\u00e9nurie de comp\u00e9tences logistique","prestataires de services de transport Stuttgart","rail freight Stuttgart","regional logistics solutions","regionale Logistikl\u00f6sungen","Schieneng\u00fcterverkehr Stuttgart","secteur du transport Allemagne","secteur technologique Stuttgart","skills shortage logistics","solutions logistiques r\u00e9gionales","Supply Chain Management","Technologiebranche Stuttgart","technology sector Stuttgart","transport ferroviaire Stuttgart","transport industry Germany Fran\u00e7ais Transnatur","transport service providers Stuttgart","Transportdienstleister Stuttgart","Transportwirtschaft Deutschland English Transnatur","Wackler","warehouse space G\u00f6ppingen","wirtschaftliche Dynamik Stuttgart"],"articleSection":["Europa","Intermodal \/ Stra\u00dfe","Spedition &amp; Logistik"],"inLanguage":"de","potentialAction":[{"@type":"CommentAction","name":"Comment","target":["https:\/\/transportjournal.com\/de\/2026\/03\/12\/transnatur-wechselt-partner-im-raum-stuttgart\/#respond"]}]},{"@type":"WebPage","@id":"https:\/\/transportjournal.com\/de\/2026\/03\/12\/transnatur-wechselt-partner-im-raum-stuttgart\/","url":"https:\/\/transportjournal.com\/de\/2026\/03\/12\/transnatur-wechselt-partner-im-raum-stuttgart\/","name":"Transnatur wechselt Partner im Raum Stuttgart - ITJ | International Transport Journal","isPartOf":{"@id":"https:\/\/transportjournal.com\/de\/#website"},"primaryImageOfPage":{"@id":"https:\/\/transportjournal.com\/de\/2026\/03\/12\/transnatur-wechselt-partner-im-raum-stuttgart\/#primaryimage"},"image":{"@id":"https:\/\/transportjournal.com\/de\/2026\/03\/12\/transnatur-wechselt-partner-im-raum-stuttgart\/#primaryimage"},"thumbnailUrl":"https:\/\/transportjournal.com\/wp-content\/uploads\/sites\/2\/2026\/03\/transnatur-expertos-aduanas-1024x576-1.jpeg","datePublished":"2026-03-12T15:03:00+00:00","breadcrumb":{"@id":"https:\/\/transportjournal.com\/de\/2026\/03\/12\/transnatur-wechselt-partner-im-raum-stuttgart\/#breadcrumb"},"inLanguage":"de","potentialAction":[{"@type":"ReadAction","target":["https:\/\/transportjournal.com\/de\/2026\/03\/12\/transnatur-wechselt-partner-im-raum-stuttgart\/"]}]},{"@type":"ImageObject","inLanguage":"de","@id":"https:\/\/transportjournal.com\/de\/2026\/03\/12\/transnatur-wechselt-partner-im-raum-stuttgart\/#primaryimage","url":"https:\/\/transportjournal.com\/wp-content\/uploads\/sites\/2\/2026\/03\/transnatur-expertos-aduanas-1024x576-1.jpeg","contentUrl":"https:\/\/transportjournal.com\/wp-content\/uploads\/sites\/2\/2026\/03\/transnatur-expertos-aduanas-1024x576-1.jpeg","width":1024,"height":576},{"@type":"BreadcrumbList","@id":"https:\/\/transportjournal.com\/de\/2026\/03\/12\/transnatur-wechselt-partner-im-raum-stuttgart\/#breadcrumb","itemListElement":[{"@type":"ListItem","position":1,"name":"Startseite","item":"https:\/\/transportjournal.com\/de\/"},{"@type":"ListItem","position":2,"name":"Transnatur wechselt Partner im Raum Stuttgart"}]},{"@type":"WebSite","@id":"https:\/\/transportjournal.com\/de\/#website","url":"https:\/\/transportjournal.com\/de\/","name":"ITJ | International Transport Journal","description":"Stay informed with the latest global news from the transport, logistics, and supply chain industries. Transport Journal delivers expert insights, analysis, and updates across shipping, aviation, intermodal, and forwarding.","publisher":{"@id":"https:\/\/transportjournal.com\/de\/#organization"},"potentialAction":[{"@type":"SearchAction","target":{"@type":"EntryPoint","urlTemplate":"https:\/\/transportjournal.com\/de\/?s={search_term_string}"},"query-input":{"@type":"PropertyValueSpecification","valueRequired":true,"valueName":"search_term_string"}}],"inLanguage":"de"},{"@type":"Organization","@id":"https:\/\/transportjournal.com\/de\/#organization","name":"Groupe Logismedia AG","alternateName":"Logismedia Group AG","url":"https:\/\/transportjournal.com\/de\/","logo":{"@type":"ImageObject","inLanguage":"de","@id":"https:\/\/transportjournal.com\/de\/#\/schema\/logo\/image\/","url":"https:\/\/transportjournal.com\/wp-content\/uploads\/sites\/2\/2025\/09\/Logo_ITJ.png","contentUrl":"https:\/\/transportjournal.com\/wp-content\/uploads\/sites\/2\/2025\/09\/Logo_ITJ.png","width":799,"height":326,"caption":"Groupe Logismedia AG"},"image":{"@id":"https:\/\/transportjournal.com\/de\/#\/schema\/logo\/image\/"},"sameAs":["https:\/\/www.linkedin.com\/company\/56456496\/admin\/dashboard\/","https:\/\/www.instagram.com\/logismediagroup\/","https:\/\/www.youtube.com\/@LogiamediaGroupAG"]},{"@type":"Person","@id":"https:\/\/transportjournal.com\/de\/#\/schema\/person\/13a9fc605c753db60ef7750a229cd042","name":"Gyan Sharan","url":"https:\/\/transportjournal.com\/de\/author\/gyan\/"}]}},"_links":{"self":[{"href":"https:\/\/transportjournal.com\/de\/wp-json\/wp\/v2\/posts\/80662","targetHints":{"allow":["GET"]}}],"collection":[{"href":"https:\/\/transportjournal.com\/de\/wp-json\/wp\/v2\/posts"}],"about":[{"href":"https:\/\/transportjournal.com\/de\/wp-json\/wp\/v2\/types\/post"}],"author":[{"embeddable":true,"href":"https:\/\/transportjournal.com\/de\/wp-json\/wp\/v2\/users\/14"}],"replies":[{"embeddable":true,"href":"https:\/\/transportjournal.com\/de\/wp-json\/wp\/v2\/comments?post=80662"}],"version-history":[{"count":0,"href":"https:\/\/transportjournal.com\/de\/wp-json\/wp\/v2\/posts\/80662\/revisions"}],"wp:featuredmedia":[{"embeddable":true,"href":"https:\/\/transportjournal.com\/de\/wp-json\/wp\/v2\/media\/80661"}],"wp:attachment":[{"href":"https:\/\/transportjournal.com\/de\/wp-json\/wp\/v2\/media?parent=80662"}],"wp:term":[{"taxonomy":"category","embeddable":true,"href":"https:\/\/transportjournal.com\/de\/wp-json\/wp\/v2\/categories?post=80662"},{"taxonomy":"post_tag","embeddable":true,"href":"https:\/\/transportjournal.com\/de\/wp-json\/wp\/v2\/tags?post=80662"}],"curies":[{"name":"wp","href":"https:\/\/api.w.org\/{rel}","templated":true}]}}