{"id":80654,"date":"2026-03-12T14:13:15","date_gmt":"2026-03-12T14:13:15","guid":{"rendered":"https:\/\/transportjournal.com\/2026\/03\/12\/awery-integriert-iata-co2-connect-tool\/"},"modified":"2026-03-12T14:13:15","modified_gmt":"2026-03-12T14:13:15","slug":"awery-integriert-iata-co2-connect-tool","status":"publish","type":"post","link":"https:\/\/transportjournal.com\/de\/2026\/03\/12\/awery-integriert-iata-co2-connect-tool\/","title":{"rendered":"Awery integriert IATA &#8222;CO2 Connect Tool&#8220;"},"content":{"rendered":"<p>Awery Aviation Software hat nach eigenen Angaben als erstes Unternehmen die Integration des IATA &#8222;CO2 Connect Tools&#8220; f\u00fcr Fracht in seine digitale Plattform bekannt gegeben. Diese Massnahme zielt darauf ab, der Luftfrachtbranche pr\u00e4zise und standardisierte Emissionsdaten zur Verf\u00fcgung zu stellen. Die Integration soll es Nutzenden erm\u00f6glichen, flugspezifische CO2-Emissionsdaten direkt in ihren bestehenden Arbeitsabl\u00e4ufe abzurufen.<\/p>\n<p>Das IATA &#8222;CO2 Connect for Cargo Tool&#8220; wurde Anfang 2026 eingef\u00fchrt und nutzt Betriebsdaten von Fluggesellschaften, um Emissionsberechnungen vorzunehmen. Dabei werden Informationen wie der Kraftstoffverbrauch von Flugzeugtypen sowie Fracht- und Passagierlastfaktoren ber\u00fccksichtigt. Dies stellt gem\u00e4ss Awery einen Fortschritt dar, da die Berechnungen nicht mehr auf allgemeinen Branchendurchschnitten basieren, sondern auf konkreten Daten, die von \u00fcber 100 Fluggesellschaften bereitgestellt werden.<\/p>\n<p>Der &#8222;CO2 Connect-Rechner&#8220; entspricht gem\u00e4ss dem Unternehmen internationalen Standards, darunter der IATA Recommended Practice 1678 (RP1678), ISO 14083 sowie dem GLEC Framework 3.2 des Smart Freight Centre.<\/p>\n<p><a href=\"https:\/\/awery.aero\/\" target=\"_blank\" rel=\"noopener noreferrer\">www.awery.aero<\/a><\/p>\n","protected":false},"excerpt":{"rendered":"<p>Awery Aviation Software hat die Integration des IATA &#8222;CO2 Connect Tools&#8220; f\u00fcr Fracht in seine Plattform bekannt gegeben, um pr\u00e4zisere Emissionsdaten f\u00fcr die Luftfrachtbranche bereitzustellen.<\/p>\n","protected":false},"author":10,"featured_media":80653,"comment_status":"open","ping_status":"","sticky":false,"template":"","format":"standard","meta":{"_acf_changed":false,"footnotes":""},"categories":[1570],"tags":[26464,26465,26466,26467,2600,3447,26468,26469,26470,26471,26472,26473,26474,26475,26476,26477,26478,26479,26480,26481,20321,26482,26483,26484,26485,26486,26487,26488,26489,26490,26491,26492,26493,26494,26495,26496,26497,2619,26498,26499,26500,26501,26502,2627,26503,26504,26505,26506,26507,26508,26509,26510,3488],"class_list":["post-80654","post","type-post","status-publish","format-standard","has-post-thumbnail","hentry","category-luftfracht","tag-air-freight-co2-management","tag-air-freight-efficiency-improvement","tag-air-freight-emissions-data","tag-air-freight-industry-digitalization","tag-air-freight-infrastructure","tag-air-freight-market","tag-air-freight-technology-francais-awery","tag-amelioration-efficacite-fret-aerien","tag-aviation-industry-sustainability","tag-cadre-glec-3-2","tag-calculs-co2-fret","tag-cargo-and-passenger-load-factors","tag-cargo-co2-calculations","tag-co2-connect-for-cargo","tag-co2-connect-fuer-cargo","tag-co2-connect-pour-cargo","tag-co2-emissions-data-air-freight","tag-co2-reduction-aviation","tag-co2-emissionsdaten-luftfracht","tag-co2-reduktion-luftfahrt","tag-deutsch-awery","tag-digital-air-freight-platform","tag-digitale-plattform-luftfracht","tag-digitalisation-secteur-fret-aerien","tag-donnees-demissions-co2-fret-aerien","tag-donnees-demissions-compagnies-aeriennes","tag-donnees-demissions-fret-aerien","tag-durabilite-industrie-aeronautique","tag-emissions-data-airlines","tag-emissionsdaten-fluggesellschaften","tag-facteurs-de-charge-fret-et-passagers","tag-fracht-co2-berechnungen","tag-fracht-und-passagierlastfaktoren","tag-gestion-co2-fret-aerien","tag-glec-framework-3-2","tag-iata-co2-connect-tool","tag-iata-recommended-practice-1678","tag-infrastructure-fret-aerien","tag-iso-14083","tag-luftfahrtindustrie-nachhaltigkeit","tag-luftfracht-co2-management","tag-luftfracht-effizienzsteigerung","tag-luftfracht-emissionsdaten","tag-luftfracht-infrastruktur","tag-luftfracht-markt","tag-luftfrachtbranche-digitalisierung","tag-luftfrachttechnologie-english-awery","tag-marche-fret-aerien","tag-outil-co2-connect-iata","tag-plateforme-numerique-fret-aerien","tag-pratique-recommandee-iata-1678","tag-reduction-co2-aviation","tag-technologie-fret-aerien"],"acf":[],"yoast_head":"<!-- This site is optimized with the Yoast SEO plugin v27.3 - https:\/\/yoast.com\/product\/yoast-seo-wordpress\/ -->\n<title>Awery integriert IATA &#8222;CO2 Connect Tool&#8220; - ITJ | International Transport Journal<\/title>\n<meta name=\"robots\" content=\"index, follow, max-snippet:-1, max-image-preview:large, max-video-preview:-1\" \/>\n<link rel=\"canonical\" href=\"https:\/\/transportjournal.com\/de\/2026\/03\/12\/awery-integriert-iata-co2-connect-tool\/\" \/>\n<meta property=\"og:locale\" content=\"de_DE\" \/>\n<meta property=\"og:type\" content=\"article\" \/>\n<meta property=\"og:title\" content=\"Awery integriert IATA &#8222;CO2 Connect Tool&#8220; - ITJ | International Transport Journal\" \/>\n<meta property=\"og:description\" content=\"Awery Aviation Software hat die Integration des IATA &quot;CO2 Connect Tools&quot; f\u00fcr Fracht in seine Plattform bekannt gegeben, um pr\u00e4zisere Emissionsdaten f\u00fcr die Luftfrachtbranche bereitzustellen.\" \/>\n<meta property=\"og:url\" content=\"https:\/\/transportjournal.com\/de\/2026\/03\/12\/awery-integriert-iata-co2-connect-tool\/\" \/>\n<meta property=\"og:site_name\" content=\"ITJ | International Transport Journal\" \/>\n<meta property=\"article:published_time\" content=\"2026-03-12T14:13:15+00:00\" \/>\n<meta property=\"og:image\" content=\"https:\/\/transportjournal.com\/wp-content\/uploads\/sites\/2\/2026\/03\/Awery-aspect-ratio-1400-788.jpg\" \/>\n\t<meta property=\"og:image:width\" content=\"2560\" \/>\n\t<meta property=\"og:image:height\" content=\"1441\" \/>\n\t<meta property=\"og:image:type\" content=\"image\/jpeg\" \/>\n<meta name=\"author\" content=\"Jeremy Soland\" \/>\n<meta name=\"twitter:card\" content=\"summary_large_image\" \/>\n<meta name=\"twitter:label1\" content=\"Verfasst von\" \/>\n\t<meta name=\"twitter:data1\" content=\"Jeremy Soland\" \/>\n\t<meta name=\"twitter:label2\" content=\"Gesch\u00e4tzte Lesezeit\" \/>\n\t<meta name=\"twitter:data2\" content=\"1\u00a0Minute\" \/>\n<script type=\"application\/ld+json\" class=\"yoast-schema-graph\">{\"@context\":\"https:\\\/\\\/schema.org\",\"@graph\":[{\"@type\":\"Article\",\"@id\":\"https:\\\/\\\/transportjournal.com\\\/de\\\/2026\\\/03\\\/12\\\/awery-integriert-iata-co2-connect-tool\\\/#article\",\"isPartOf\":{\"@id\":\"https:\\\/\\\/transportjournal.com\\\/de\\\/2026\\\/03\\\/12\\\/awery-integriert-iata-co2-connect-tool\\\/\"},\"author\":{\"name\":\"Jeremy Soland\",\"@id\":\"https:\\\/\\\/transportjournal.com\\\/de\\\/#\\\/schema\\\/person\\\/41d36b5474b623392fa613e97e2363fa\"},\"headline\":\"Awery integriert IATA &#8222;CO2 Connect Tool&#8220;\",\"datePublished\":\"2026-03-12T14:13:15+00:00\",\"mainEntityOfPage\":{\"@id\":\"https:\\\/\\\/transportjournal.com\\\/de\\\/2026\\\/03\\\/12\\\/awery-integriert-iata-co2-connect-tool\\\/\"},\"wordCount\":154,\"commentCount\":0,\"publisher\":{\"@id\":\"https:\\\/\\\/transportjournal.com\\\/de\\\/#organization\"},\"image\":{\"@id\":\"https:\\\/\\\/transportjournal.com\\\/de\\\/2026\\\/03\\\/12\\\/awery-integriert-iata-co2-connect-tool\\\/#primaryimage\"},\"thumbnailUrl\":\"https:\\\/\\\/transportjournal.com\\\/wp-content\\\/uploads\\\/sites\\\/2\\\/2026\\\/03\\\/Awery-aspect-ratio-1400-788.jpg\",\"keywords\":[\"air freight CO2 management\",\"air freight efficiency improvement\",\"air freight emissions data\",\"air freight industry digitalization\",\"air freight infrastructure\",\"air freight market\",\"air freight technology Fran\u00e7ais Awery\",\"am\u00e9lioration efficacit\u00e9 fret a\u00e9rien\",\"aviation industry sustainability\",\"cadre GLEC 3.2\",\"calculs CO2 fret\",\"cargo and passenger load factors\",\"cargo CO2 calculations\",\"CO2 Connect for Cargo\",\"CO2 Connect f\u00fcr Cargo\",\"CO2 Connect pour Cargo\",\"CO2 emissions data air freight\",\"CO2 reduction aviation\",\"CO2-Emissionsdaten Luftfracht\",\"CO2-Reduktion Luftfahrt\",\"Deutsch Awery\",\"digital air freight platform\",\"digitale Plattform Luftfracht\",\"digitalisation secteur fret a\u00e9rien\",\"donn\u00e9es d'\u00e9missions CO2 fret a\u00e9rien\",\"donn\u00e9es d'\u00e9missions compagnies a\u00e9riennes\",\"donn\u00e9es d'\u00e9missions fret a\u00e9rien\",\"durabilit\u00e9 industrie a\u00e9ronautique\",\"emissions data airlines\",\"Emissionsdaten Fluggesellschaften\",\"facteurs de charge fret et passagers\",\"Fracht CO2-Berechnungen\",\"Fracht- und Passagierlastfaktoren\",\"gestion CO2 fret a\u00e9rien\",\"GLEC Framework 3.2\",\"IATA CO2 Connect Tool\",\"IATA Recommended Practice 1678\",\"infrastructure fret a\u00e9rien\",\"ISO 14083\",\"Luftfahrtindustrie Nachhaltigkeit\",\"Luftfracht CO2-Management\",\"Luftfracht Effizienzsteigerung\",\"Luftfracht Emissionsdaten\",\"Luftfracht Infrastruktur\",\"Luftfracht Markt\",\"Luftfrachtbranche Digitalisierung\",\"Luftfrachttechnologie English Awery\",\"march\u00e9 fret a\u00e9rien\",\"outil CO2 Connect IATA\",\"plateforme num\u00e9rique fret a\u00e9rien\",\"pratique recommand\u00e9e IATA 1678\",\"r\u00e9duction CO2 aviation\",\"technologie fret a\u00e9rien\"],\"articleSection\":[\"Luftfracht\"],\"inLanguage\":\"de\",\"potentialAction\":[{\"@type\":\"CommentAction\",\"name\":\"Comment\",\"target\":[\"https:\\\/\\\/transportjournal.com\\\/de\\\/2026\\\/03\\\/12\\\/awery-integriert-iata-co2-connect-tool\\\/#respond\"]}]},{\"@type\":\"WebPage\",\"@id\":\"https:\\\/\\\/transportjournal.com\\\/de\\\/2026\\\/03\\\/12\\\/awery-integriert-iata-co2-connect-tool\\\/\",\"url\":\"https:\\\/\\\/transportjournal.com\\\/de\\\/2026\\\/03\\\/12\\\/awery-integriert-iata-co2-connect-tool\\\/\",\"name\":\"Awery integriert IATA &#8222;CO2 Connect Tool&#8220; - ITJ | International Transport Journal\",\"isPartOf\":{\"@id\":\"https:\\\/\\\/transportjournal.com\\\/de\\\/#website\"},\"primaryImageOfPage\":{\"@id\":\"https:\\\/\\\/transportjournal.com\\\/de\\\/2026\\\/03\\\/12\\\/awery-integriert-iata-co2-connect-tool\\\/#primaryimage\"},\"image\":{\"@id\":\"https:\\\/\\\/transportjournal.com\\\/de\\\/2026\\\/03\\\/12\\\/awery-integriert-iata-co2-connect-tool\\\/#primaryimage\"},\"thumbnailUrl\":\"https:\\\/\\\/transportjournal.com\\\/wp-content\\\/uploads\\\/sites\\\/2\\\/2026\\\/03\\\/Awery-aspect-ratio-1400-788.jpg\",\"datePublished\":\"2026-03-12T14:13:15+00:00\",\"breadcrumb\":{\"@id\":\"https:\\\/\\\/transportjournal.com\\\/de\\\/2026\\\/03\\\/12\\\/awery-integriert-iata-co2-connect-tool\\\/#breadcrumb\"},\"inLanguage\":\"de\",\"potentialAction\":[{\"@type\":\"ReadAction\",\"target\":[\"https:\\\/\\\/transportjournal.com\\\/de\\\/2026\\\/03\\\/12\\\/awery-integriert-iata-co2-connect-tool\\\/\"]}]},{\"@type\":\"ImageObject\",\"inLanguage\":\"de\",\"@id\":\"https:\\\/\\\/transportjournal.com\\\/de\\\/2026\\\/03\\\/12\\\/awery-integriert-iata-co2-connect-tool\\\/#primaryimage\",\"url\":\"https:\\\/\\\/transportjournal.com\\\/wp-content\\\/uploads\\\/sites\\\/2\\\/2026\\\/03\\\/Awery-aspect-ratio-1400-788.jpg\",\"contentUrl\":\"https:\\\/\\\/transportjournal.com\\\/wp-content\\\/uploads\\\/sites\\\/2\\\/2026\\\/03\\\/Awery-aspect-ratio-1400-788.jpg\",\"width\":2560,\"height\":1441},{\"@type\":\"BreadcrumbList\",\"@id\":\"https:\\\/\\\/transportjournal.com\\\/de\\\/2026\\\/03\\\/12\\\/awery-integriert-iata-co2-connect-tool\\\/#breadcrumb\",\"itemListElement\":[{\"@type\":\"ListItem\",\"position\":1,\"name\":\"Startseite\",\"item\":\"https:\\\/\\\/transportjournal.com\\\/de\\\/\"},{\"@type\":\"ListItem\",\"position\":2,\"name\":\"Awery integriert IATA &#8222;CO2 Connect Tool&#8220;\"}]},{\"@type\":\"WebSite\",\"@id\":\"https:\\\/\\\/transportjournal.com\\\/de\\\/#website\",\"url\":\"https:\\\/\\\/transportjournal.com\\\/de\\\/\",\"name\":\"ITJ | International Transport Journal\",\"description\":\"Stay informed with the latest global news from the transport, logistics, and supply chain industries. Transport Journal delivers expert insights, analysis, and updates across shipping, aviation, intermodal, and forwarding.\",\"publisher\":{\"@id\":\"https:\\\/\\\/transportjournal.com\\\/de\\\/#organization\"},\"potentialAction\":[{\"@type\":\"SearchAction\",\"target\":{\"@type\":\"EntryPoint\",\"urlTemplate\":\"https:\\\/\\\/transportjournal.com\\\/de\\\/?s={search_term_string}\"},\"query-input\":{\"@type\":\"PropertyValueSpecification\",\"valueRequired\":true,\"valueName\":\"search_term_string\"}}],\"inLanguage\":\"de\"},{\"@type\":\"Organization\",\"@id\":\"https:\\\/\\\/transportjournal.com\\\/de\\\/#organization\",\"name\":\"Groupe Logismedia AG\",\"alternateName\":\"Logismedia Group AG\",\"url\":\"https:\\\/\\\/transportjournal.com\\\/de\\\/\",\"logo\":{\"@type\":\"ImageObject\",\"inLanguage\":\"de\",\"@id\":\"https:\\\/\\\/transportjournal.com\\\/de\\\/#\\\/schema\\\/logo\\\/image\\\/\",\"url\":\"https:\\\/\\\/transportjournal.com\\\/wp-content\\\/uploads\\\/sites\\\/2\\\/2025\\\/09\\\/Logo_ITJ.png\",\"contentUrl\":\"https:\\\/\\\/transportjournal.com\\\/wp-content\\\/uploads\\\/sites\\\/2\\\/2025\\\/09\\\/Logo_ITJ.png\",\"width\":799,\"height\":326,\"caption\":\"Groupe Logismedia AG\"},\"image\":{\"@id\":\"https:\\\/\\\/transportjournal.com\\\/de\\\/#\\\/schema\\\/logo\\\/image\\\/\"},\"sameAs\":[\"https:\\\/\\\/www.linkedin.com\\\/company\\\/56456496\\\/admin\\\/dashboard\\\/\",\"https:\\\/\\\/www.instagram.com\\\/logismediagroup\\\/\",\"https:\\\/\\\/www.youtube.com\\\/@LogiamediaGroupAG\"]},{\"@type\":\"Person\",\"@id\":\"https:\\\/\\\/transportjournal.com\\\/de\\\/#\\\/schema\\\/person\\\/41d36b5474b623392fa613e97e2363fa\",\"name\":\"Jeremy Soland\",\"url\":\"https:\\\/\\\/transportjournal.com\\\/de\\\/author\\\/jeremy\\\/\"}]}<\/script>\n<!-- \/ Yoast SEO plugin. -->","yoast_head_json":{"title":"Awery integriert IATA &#8222;CO2 Connect Tool&#8220; - ITJ | International Transport Journal","robots":{"index":"index","follow":"follow","max-snippet":"max-snippet:-1","max-image-preview":"max-image-preview:large","max-video-preview":"max-video-preview:-1"},"canonical":"https:\/\/transportjournal.com\/de\/2026\/03\/12\/awery-integriert-iata-co2-connect-tool\/","og_locale":"de_DE","og_type":"article","og_title":"Awery integriert IATA &#8222;CO2 Connect Tool&#8220; - ITJ | International Transport Journal","og_description":"Awery Aviation Software hat die Integration des IATA \"CO2 Connect Tools\" f\u00fcr Fracht in seine Plattform bekannt gegeben, um pr\u00e4zisere Emissionsdaten f\u00fcr die Luftfrachtbranche bereitzustellen.","og_url":"https:\/\/transportjournal.com\/de\/2026\/03\/12\/awery-integriert-iata-co2-connect-tool\/","og_site_name":"ITJ | International Transport Journal","article_published_time":"2026-03-12T14:13:15+00:00","og_image":[{"width":2560,"height":1441,"url":"https:\/\/transportjournal.com\/wp-content\/uploads\/sites\/2\/2026\/03\/Awery-aspect-ratio-1400-788.jpg","type":"image\/jpeg"}],"author":"Jeremy Soland","twitter_card":"summary_large_image","twitter_misc":{"Verfasst von":"Jeremy Soland","Gesch\u00e4tzte Lesezeit":"1\u00a0Minute"},"schema":{"@context":"https:\/\/schema.org","@graph":[{"@type":"Article","@id":"https:\/\/transportjournal.com\/de\/2026\/03\/12\/awery-integriert-iata-co2-connect-tool\/#article","isPartOf":{"@id":"https:\/\/transportjournal.com\/de\/2026\/03\/12\/awery-integriert-iata-co2-connect-tool\/"},"author":{"name":"Jeremy Soland","@id":"https:\/\/transportjournal.com\/de\/#\/schema\/person\/41d36b5474b623392fa613e97e2363fa"},"headline":"Awery integriert IATA &#8222;CO2 Connect Tool&#8220;","datePublished":"2026-03-12T14:13:15+00:00","mainEntityOfPage":{"@id":"https:\/\/transportjournal.com\/de\/2026\/03\/12\/awery-integriert-iata-co2-connect-tool\/"},"wordCount":154,"commentCount":0,"publisher":{"@id":"https:\/\/transportjournal.com\/de\/#organization"},"image":{"@id":"https:\/\/transportjournal.com\/de\/2026\/03\/12\/awery-integriert-iata-co2-connect-tool\/#primaryimage"},"thumbnailUrl":"https:\/\/transportjournal.com\/wp-content\/uploads\/sites\/2\/2026\/03\/Awery-aspect-ratio-1400-788.jpg","keywords":["air freight CO2 management","air freight efficiency improvement","air freight emissions data","air freight industry digitalization","air freight infrastructure","air freight market","air freight technology Fran\u00e7ais Awery","am\u00e9lioration efficacit\u00e9 fret a\u00e9rien","aviation industry sustainability","cadre GLEC 3.2","calculs CO2 fret","cargo and passenger load factors","cargo CO2 calculations","CO2 Connect for Cargo","CO2 Connect f\u00fcr Cargo","CO2 Connect pour Cargo","CO2 emissions data air freight","CO2 reduction aviation","CO2-Emissionsdaten Luftfracht","CO2-Reduktion Luftfahrt","Deutsch Awery","digital air freight platform","digitale Plattform Luftfracht","digitalisation secteur fret a\u00e9rien","donn\u00e9es d'\u00e9missions CO2 fret a\u00e9rien","donn\u00e9es d'\u00e9missions compagnies a\u00e9riennes","donn\u00e9es d'\u00e9missions fret a\u00e9rien","durabilit\u00e9 industrie a\u00e9ronautique","emissions data airlines","Emissionsdaten Fluggesellschaften","facteurs de charge fret et passagers","Fracht CO2-Berechnungen","Fracht- und Passagierlastfaktoren","gestion CO2 fret a\u00e9rien","GLEC Framework 3.2","IATA CO2 Connect Tool","IATA Recommended Practice 1678","infrastructure fret a\u00e9rien","ISO 14083","Luftfahrtindustrie Nachhaltigkeit","Luftfracht CO2-Management","Luftfracht Effizienzsteigerung","Luftfracht Emissionsdaten","Luftfracht Infrastruktur","Luftfracht Markt","Luftfrachtbranche Digitalisierung","Luftfrachttechnologie English Awery","march\u00e9 fret a\u00e9rien","outil CO2 Connect IATA","plateforme num\u00e9rique fret a\u00e9rien","pratique recommand\u00e9e IATA 1678","r\u00e9duction CO2 aviation","technologie fret a\u00e9rien"],"articleSection":["Luftfracht"],"inLanguage":"de","potentialAction":[{"@type":"CommentAction","name":"Comment","target":["https:\/\/transportjournal.com\/de\/2026\/03\/12\/awery-integriert-iata-co2-connect-tool\/#respond"]}]},{"@type":"WebPage","@id":"https:\/\/transportjournal.com\/de\/2026\/03\/12\/awery-integriert-iata-co2-connect-tool\/","url":"https:\/\/transportjournal.com\/de\/2026\/03\/12\/awery-integriert-iata-co2-connect-tool\/","name":"Awery integriert IATA &#8222;CO2 Connect Tool&#8220; - ITJ | International Transport Journal","isPartOf":{"@id":"https:\/\/transportjournal.com\/de\/#website"},"primaryImageOfPage":{"@id":"https:\/\/transportjournal.com\/de\/2026\/03\/12\/awery-integriert-iata-co2-connect-tool\/#primaryimage"},"image":{"@id":"https:\/\/transportjournal.com\/de\/2026\/03\/12\/awery-integriert-iata-co2-connect-tool\/#primaryimage"},"thumbnailUrl":"https:\/\/transportjournal.com\/wp-content\/uploads\/sites\/2\/2026\/03\/Awery-aspect-ratio-1400-788.jpg","datePublished":"2026-03-12T14:13:15+00:00","breadcrumb":{"@id":"https:\/\/transportjournal.com\/de\/2026\/03\/12\/awery-integriert-iata-co2-connect-tool\/#breadcrumb"},"inLanguage":"de","potentialAction":[{"@type":"ReadAction","target":["https:\/\/transportjournal.com\/de\/2026\/03\/12\/awery-integriert-iata-co2-connect-tool\/"]}]},{"@type":"ImageObject","inLanguage":"de","@id":"https:\/\/transportjournal.com\/de\/2026\/03\/12\/awery-integriert-iata-co2-connect-tool\/#primaryimage","url":"https:\/\/transportjournal.com\/wp-content\/uploads\/sites\/2\/2026\/03\/Awery-aspect-ratio-1400-788.jpg","contentUrl":"https:\/\/transportjournal.com\/wp-content\/uploads\/sites\/2\/2026\/03\/Awery-aspect-ratio-1400-788.jpg","width":2560,"height":1441},{"@type":"BreadcrumbList","@id":"https:\/\/transportjournal.com\/de\/2026\/03\/12\/awery-integriert-iata-co2-connect-tool\/#breadcrumb","itemListElement":[{"@type":"ListItem","position":1,"name":"Startseite","item":"https:\/\/transportjournal.com\/de\/"},{"@type":"ListItem","position":2,"name":"Awery integriert IATA &#8222;CO2 Connect Tool&#8220;"}]},{"@type":"WebSite","@id":"https:\/\/transportjournal.com\/de\/#website","url":"https:\/\/transportjournal.com\/de\/","name":"ITJ | International Transport Journal","description":"Stay informed with the latest global news from the transport, logistics, and supply chain industries. Transport Journal delivers expert insights, analysis, and updates across shipping, aviation, intermodal, and forwarding.","publisher":{"@id":"https:\/\/transportjournal.com\/de\/#organization"},"potentialAction":[{"@type":"SearchAction","target":{"@type":"EntryPoint","urlTemplate":"https:\/\/transportjournal.com\/de\/?s={search_term_string}"},"query-input":{"@type":"PropertyValueSpecification","valueRequired":true,"valueName":"search_term_string"}}],"inLanguage":"de"},{"@type":"Organization","@id":"https:\/\/transportjournal.com\/de\/#organization","name":"Groupe Logismedia AG","alternateName":"Logismedia Group AG","url":"https:\/\/transportjournal.com\/de\/","logo":{"@type":"ImageObject","inLanguage":"de","@id":"https:\/\/transportjournal.com\/de\/#\/schema\/logo\/image\/","url":"https:\/\/transportjournal.com\/wp-content\/uploads\/sites\/2\/2025\/09\/Logo_ITJ.png","contentUrl":"https:\/\/transportjournal.com\/wp-content\/uploads\/sites\/2\/2025\/09\/Logo_ITJ.png","width":799,"height":326,"caption":"Groupe Logismedia AG"},"image":{"@id":"https:\/\/transportjournal.com\/de\/#\/schema\/logo\/image\/"},"sameAs":["https:\/\/www.linkedin.com\/company\/56456496\/admin\/dashboard\/","https:\/\/www.instagram.com\/logismediagroup\/","https:\/\/www.youtube.com\/@LogiamediaGroupAG"]},{"@type":"Person","@id":"https:\/\/transportjournal.com\/de\/#\/schema\/person\/41d36b5474b623392fa613e97e2363fa","name":"Jeremy Soland","url":"https:\/\/transportjournal.com\/de\/author\/jeremy\/"}]}},"_links":{"self":[{"href":"https:\/\/transportjournal.com\/de\/wp-json\/wp\/v2\/posts\/80654","targetHints":{"allow":["GET"]}}],"collection":[{"href":"https:\/\/transportjournal.com\/de\/wp-json\/wp\/v2\/posts"}],"about":[{"href":"https:\/\/transportjournal.com\/de\/wp-json\/wp\/v2\/types\/post"}],"author":[{"embeddable":true,"href":"https:\/\/transportjournal.com\/de\/wp-json\/wp\/v2\/users\/10"}],"replies":[{"embeddable":true,"href":"https:\/\/transportjournal.com\/de\/wp-json\/wp\/v2\/comments?post=80654"}],"version-history":[{"count":0,"href":"https:\/\/transportjournal.com\/de\/wp-json\/wp\/v2\/posts\/80654\/revisions"}],"wp:featuredmedia":[{"embeddable":true,"href":"https:\/\/transportjournal.com\/de\/wp-json\/wp\/v2\/media\/80653"}],"wp:attachment":[{"href":"https:\/\/transportjournal.com\/de\/wp-json\/wp\/v2\/media?parent=80654"}],"wp:term":[{"taxonomy":"category","embeddable":true,"href":"https:\/\/transportjournal.com\/de\/wp-json\/wp\/v2\/categories?post=80654"},{"taxonomy":"post_tag","embeddable":true,"href":"https:\/\/transportjournal.com\/de\/wp-json\/wp\/v2\/tags?post=80654"}],"curies":[{"name":"wp","href":"https:\/\/api.w.org\/{rel}","templated":true}]}}