{"id":80638,"date":"2026-03-12T13:41:18","date_gmt":"2026-03-12T13:41:18","guid":{"rendered":"https:\/\/transportjournal.com\/2026\/03\/12\/ropel-leitet-nosta-kuehltransportteam-in-polen\/"},"modified":"2026-03-12T13:41:18","modified_gmt":"2026-03-12T13:41:18","slug":"ropel-leitet-nosta-kuehltransportteam-in-polen","status":"publish","type":"post","link":"https:\/\/transportjournal.com\/de\/2026\/03\/12\/ropel-leitet-nosta-kuehltransportteam-in-polen\/","title":{"rendered":"Ropel leitet NOSTA-K\u00fchltransportteam in Polen"},"content":{"rendered":"<p>Die NOSTA Logistik Sp. z o.o. hat ihre Aktivit\u00e4ten im Bereich temperaturgef\u00fchrter Strassentransporte in Polen ausgeweitet, um auf die steigende Nachfrage in diesem Segment zu reagieren, wie das Unternehmen mitteilt. Laut einer Mitteilung verzeichnete das Unternehmen einen Volumenzuwachs von 20 Prozent, und legt den Fokus insbesondere bei zeitkritischen Promotionstransporten f\u00fcr Einzelhandelsketten, die enge Lieferzeitfenster erfordern. Um die operativen Strukturen zu st\u00e4rken, wurde Agnieszka Ropel zur Teamleitung K\u00fchltransporte der polnischen Landesgesellschaft ernannt.<\/p>\n<h3>Erweiterung der operativen Kapazit\u00e4ten<\/h3>\n<p>Agnieszka Ropel bringt nach Angaben des Unternehmens langj\u00e4hrige Erfahrung aus ihrer T\u00e4tigkeit bei NOSTA Logistik mit und wird k\u00fcnftig die Verantwortung f\u00fcr die Koordination der temperaturgef\u00fchrten Transporte \u00fcbernehmen. Zu ihren Aufgaben geh\u00f6ren die Optimierung der Transportabl\u00e4ufe sowie die Pflege der Beziehungen zu den Transportpartnern. Zudem wird sie die \u00dcberpr\u00fcfung der Transportdienstleister\u00a0 verantworten und soll die Weiterentwicklung von Qualit\u00e4ts- und Sicherheitsstandards innerhalb der K\u00fchlkette sicherstellen.<\/p>\n<p><a href=\"https:\/\/www.nosta-group.com\/\" target=\"_blank\" rel=\"noopener noreferrer\">www.nosta-group.com<\/a><\/p>\n","protected":false},"excerpt":{"rendered":"<p>Die NOSTA Logistik Sp. z o.o. hat ihre temperaturgef\u00fchrten Strassentransporte ausgebaut und Agnieszka Ropel zur Teamleiterin f\u00fcr K\u00fchltransporte ernannt, um die Effizienz zu steigern.<\/p>\n","protected":false},"author":10,"featured_media":80637,"comment_status":"open","ping_status":"","sticky":false,"template":"","format":"standard","meta":{"_acf_changed":false,"footnotes":""},"categories":[1575,1567,1569],"tags":[26383,26384,24771,26385,26386,26387,26388,2355,2356,24777,26389,26390,26391,2122,26392,2123,26393,26394,26395,26396,26397,2133,26398,1831,7733,26399,26400,26401,2479,2148,26402,26403,26404,24797,8461,2153,2339,4268,2394,26405,2106,4269,26406,12724,26407,26408,26409,6143,26410,26411,26412,26413,26414,26415,26416],"class_list":["post-80638","post","type-post","status-publish","format-standard","has-post-thumbnail","hentry","category-europa","category-wechsel-weltweit","category-logistik-spedition","tag-agnieszka-ropel","tag-assurance-qualite-chaine-du-froid","tag-chaines-de-distribution","tag-cold-chain-quality-assurance","tag-croissance-des-volumes-logistiques","tag-delivery-time-windows","tag-deutsch-nosta-logistik","tag-digital-logistics-solutions","tag-digitale-logistikloesungen","tag-einzelhandelsketten","tag-elargir-les-capacites-operationnelles","tag-equipe-de-transport-refrigere","tag-expand-operational-capacity","tag-fachkraeftemangel-logistik","tag-fenetres-de-livraison","tag-gestion-de-la-chaine-dapprovisionnement","tag-kuehlkette-qualitaetssicherung","tag-kuehltransporte-polen","tag-kuehltransportteam","tag-lieferzeitfenster","tag-logistics-industry-francais-nosta-logistique","tag-logistics-service-providers","tag-logistikbranche-english-nosta-logistics","tag-logistikdienstleister","tag-nachhaltige-transportloesungen","tag-operative-kapazitaeten-erweitern","tag-optimiser-les-processus-de-transport","tag-optimize-transport-processes","tag-penurie-de-competences-logistique","tag-prestataires-de-services-logistiques","tag-refrigerated-transport-poland","tag-refrigerated-transport-team","tag-relations-avec-les-partenaires-de-transport","tag-retail-chains","tag-road-transport","tag-secteur-logistique","tag-skills-shortage-logistics","tag-solutions-de-transport-durables","tag-solutions-logistiques-numeriques","tag-strassentransporte","tag-supply-chain-management","tag-sustainable-transport-solutions","tag-temperature-controlled-transport","tag-temperaturgefuehrte-transporte","tag-time-sensitive-transport","tag-transport-partner-relationships","tag-transport-refrigere-pologne","tag-transport-routier","tag-transport-sensible-au-temps","tag-transport-sous-temperature-controlee","tag-transportablaeufe-optimieren","tag-transportpartner-beziehungen","tag-volume-growth-logistics","tag-volumenzuwachs-logistik","tag-zeitkritische-transporte"],"acf":[],"yoast_head":"<!-- This site is optimized with the Yoast SEO plugin v27.3 - https:\/\/yoast.com\/product\/yoast-seo-wordpress\/ -->\n<title>Ropel leitet NOSTA-K\u00fchltransportteam in Polen - ITJ | International Transport Journal<\/title>\n<meta name=\"robots\" content=\"index, follow, max-snippet:-1, max-image-preview:large, max-video-preview:-1\" \/>\n<link rel=\"canonical\" href=\"https:\/\/transportjournal.com\/de\/2026\/03\/12\/ropel-leitet-nosta-kuehltransportteam-in-polen\/\" \/>\n<meta property=\"og:locale\" content=\"de_DE\" \/>\n<meta property=\"og:type\" content=\"article\" \/>\n<meta property=\"og:title\" content=\"Ropel leitet NOSTA-K\u00fchltransportteam in Polen - ITJ | International Transport Journal\" \/>\n<meta property=\"og:description\" content=\"Die NOSTA Logistik Sp. z o.o. hat ihre temperaturgef\u00fchrten Strassentransporte ausgebaut und Agnieszka Ropel zur Teamleiterin f\u00fcr K\u00fchltransporte ernannt, um die Effizienz zu steigern.\" \/>\n<meta property=\"og:url\" content=\"https:\/\/transportjournal.com\/de\/2026\/03\/12\/ropel-leitet-nosta-kuehltransportteam-in-polen\/\" \/>\n<meta property=\"og:site_name\" content=\"ITJ | International Transport Journal\" \/>\n<meta property=\"article:published_time\" content=\"2026-03-12T13:41:18+00:00\" \/>\n<meta property=\"og:image\" content=\"https:\/\/transportjournal.com\/wp-content\/uploads\/sites\/2\/2026\/03\/36280b9a-5596-4f46-ab39-bfa853ee5ec7-aspect-ratio-1400-788.jpg\" \/>\n\t<meta property=\"og:image:width\" content=\"1920\" \/>\n\t<meta property=\"og:image:height\" content=\"1081\" \/>\n\t<meta property=\"og:image:type\" content=\"image\/jpeg\" \/>\n<meta name=\"author\" content=\"Jeremy Soland\" \/>\n<meta name=\"twitter:card\" content=\"summary_large_image\" \/>\n<meta name=\"twitter:label1\" content=\"Verfasst von\" \/>\n\t<meta name=\"twitter:data1\" content=\"Jeremy Soland\" \/>\n\t<meta name=\"twitter:label2\" content=\"Gesch\u00e4tzte Lesezeit\" \/>\n\t<meta name=\"twitter:data2\" content=\"1\u00a0Minute\" \/>\n<script type=\"application\/ld+json\" class=\"yoast-schema-graph\">{\"@context\":\"https:\\\/\\\/schema.org\",\"@graph\":[{\"@type\":\"Article\",\"@id\":\"https:\\\/\\\/transportjournal.com\\\/de\\\/2026\\\/03\\\/12\\\/ropel-leitet-nosta-kuehltransportteam-in-polen\\\/#article\",\"isPartOf\":{\"@id\":\"https:\\\/\\\/transportjournal.com\\\/de\\\/2026\\\/03\\\/12\\\/ropel-leitet-nosta-kuehltransportteam-in-polen\\\/\"},\"author\":{\"name\":\"Jeremy Soland\",\"@id\":\"https:\\\/\\\/transportjournal.com\\\/de\\\/#\\\/schema\\\/person\\\/41d36b5474b623392fa613e97e2363fa\"},\"headline\":\"Ropel leitet NOSTA-K\u00fchltransportteam in Polen\",\"datePublished\":\"2026-03-12T13:41:18+00:00\",\"mainEntityOfPage\":{\"@id\":\"https:\\\/\\\/transportjournal.com\\\/de\\\/2026\\\/03\\\/12\\\/ropel-leitet-nosta-kuehltransportteam-in-polen\\\/\"},\"wordCount\":164,\"commentCount\":0,\"publisher\":{\"@id\":\"https:\\\/\\\/transportjournal.com\\\/de\\\/#organization\"},\"image\":{\"@id\":\"https:\\\/\\\/transportjournal.com\\\/de\\\/2026\\\/03\\\/12\\\/ropel-leitet-nosta-kuehltransportteam-in-polen\\\/#primaryimage\"},\"thumbnailUrl\":\"https:\\\/\\\/transportjournal.com\\\/wp-content\\\/uploads\\\/sites\\\/2\\\/2026\\\/03\\\/36280b9a-5596-4f46-ab39-bfa853ee5ec7-aspect-ratio-1400-788.jpg\",\"keywords\":[\"Agnieszka Ropel\",\"assurance qualit\u00e9 cha\u00eene du froid\",\"cha\u00eenes de distribution\",\"cold chain quality assurance\",\"croissance des volumes logistiques\",\"delivery time windows\",\"Deutsch NOSTA Logistik\",\"digital logistics solutions\",\"digitale Logistikl\u00f6sungen\",\"Einzelhandelsketten\",\"\u00e9largir les capacit\u00e9s op\u00e9rationnelles\",\"\u00e9quipe de transport r\u00e9frig\u00e9r\u00e9\",\"expand operational capacity\",\"Fachkr\u00e4ftemangel Logistik\",\"fen\u00eatres de livraison\",\"gestion de la cha\u00eene d'approvisionnement\",\"K\u00fchlkette Qualit\u00e4tssicherung\",\"K\u00fchltransporte Polen\",\"K\u00fchltransportteam\",\"Lieferzeitfenster\",\"logistics industry Fran\u00e7ais NOSTA Logistique\",\"logistics service providers\",\"Logistikbranche English NOSTA Logistics\",\"Logistikdienstleister\",\"nachhaltige Transportl\u00f6sungen\",\"operative Kapazit\u00e4ten erweitern\",\"optimiser les processus de transport\",\"optimize transport processes\",\"p\u00e9nurie de comp\u00e9tences logistique\",\"prestataires de services logistiques\",\"refrigerated transport Poland\",\"refrigerated transport team\",\"relations avec les partenaires de transport\",\"retail chains\",\"road transport\",\"secteur logistique\",\"skills shortage logistics\",\"solutions de transport durables\",\"solutions logistiques num\u00e9riques\",\"Strassentransporte\",\"Supply Chain Management\",\"sustainable transport solutions\",\"temperature-controlled transport\",\"temperaturgef\u00fchrte Transporte\",\"time-sensitive transport\",\"transport partner relationships\",\"transport r\u00e9frig\u00e9r\u00e9 Pologne\",\"Transport routier\",\"transport sensible au temps\",\"transport sous temp\u00e9rature contr\u00f4l\u00e9e\",\"Transportabl\u00e4ufe optimieren\",\"Transportpartner Beziehungen\",\"volume growth logistics\",\"Volumenzuwachs Logistik\",\"zeitkritische Transporte\"],\"articleSection\":[\"Europa\",\"Menschen &amp; Unternehmen\",\"Spedition &amp; Logistik\"],\"inLanguage\":\"de\",\"potentialAction\":[{\"@type\":\"CommentAction\",\"name\":\"Comment\",\"target\":[\"https:\\\/\\\/transportjournal.com\\\/de\\\/2026\\\/03\\\/12\\\/ropel-leitet-nosta-kuehltransportteam-in-polen\\\/#respond\"]}]},{\"@type\":\"WebPage\",\"@id\":\"https:\\\/\\\/transportjournal.com\\\/de\\\/2026\\\/03\\\/12\\\/ropel-leitet-nosta-kuehltransportteam-in-polen\\\/\",\"url\":\"https:\\\/\\\/transportjournal.com\\\/de\\\/2026\\\/03\\\/12\\\/ropel-leitet-nosta-kuehltransportteam-in-polen\\\/\",\"name\":\"Ropel leitet NOSTA-K\u00fchltransportteam in Polen - ITJ | International Transport Journal\",\"isPartOf\":{\"@id\":\"https:\\\/\\\/transportjournal.com\\\/de\\\/#website\"},\"primaryImageOfPage\":{\"@id\":\"https:\\\/\\\/transportjournal.com\\\/de\\\/2026\\\/03\\\/12\\\/ropel-leitet-nosta-kuehltransportteam-in-polen\\\/#primaryimage\"},\"image\":{\"@id\":\"https:\\\/\\\/transportjournal.com\\\/de\\\/2026\\\/03\\\/12\\\/ropel-leitet-nosta-kuehltransportteam-in-polen\\\/#primaryimage\"},\"thumbnailUrl\":\"https:\\\/\\\/transportjournal.com\\\/wp-content\\\/uploads\\\/sites\\\/2\\\/2026\\\/03\\\/36280b9a-5596-4f46-ab39-bfa853ee5ec7-aspect-ratio-1400-788.jpg\",\"datePublished\":\"2026-03-12T13:41:18+00:00\",\"breadcrumb\":{\"@id\":\"https:\\\/\\\/transportjournal.com\\\/de\\\/2026\\\/03\\\/12\\\/ropel-leitet-nosta-kuehltransportteam-in-polen\\\/#breadcrumb\"},\"inLanguage\":\"de\",\"potentialAction\":[{\"@type\":\"ReadAction\",\"target\":[\"https:\\\/\\\/transportjournal.com\\\/de\\\/2026\\\/03\\\/12\\\/ropel-leitet-nosta-kuehltransportteam-in-polen\\\/\"]}]},{\"@type\":\"ImageObject\",\"inLanguage\":\"de\",\"@id\":\"https:\\\/\\\/transportjournal.com\\\/de\\\/2026\\\/03\\\/12\\\/ropel-leitet-nosta-kuehltransportteam-in-polen\\\/#primaryimage\",\"url\":\"https:\\\/\\\/transportjournal.com\\\/wp-content\\\/uploads\\\/sites\\\/2\\\/2026\\\/03\\\/36280b9a-5596-4f46-ab39-bfa853ee5ec7-aspect-ratio-1400-788.jpg\",\"contentUrl\":\"https:\\\/\\\/transportjournal.com\\\/wp-content\\\/uploads\\\/sites\\\/2\\\/2026\\\/03\\\/36280b9a-5596-4f46-ab39-bfa853ee5ec7-aspect-ratio-1400-788.jpg\",\"width\":1920,\"height\":1081},{\"@type\":\"BreadcrumbList\",\"@id\":\"https:\\\/\\\/transportjournal.com\\\/de\\\/2026\\\/03\\\/12\\\/ropel-leitet-nosta-kuehltransportteam-in-polen\\\/#breadcrumb\",\"itemListElement\":[{\"@type\":\"ListItem\",\"position\":1,\"name\":\"Startseite\",\"item\":\"https:\\\/\\\/transportjournal.com\\\/de\\\/\"},{\"@type\":\"ListItem\",\"position\":2,\"name\":\"Ropel leitet NOSTA-K\u00fchltransportteam in Polen\"}]},{\"@type\":\"WebSite\",\"@id\":\"https:\\\/\\\/transportjournal.com\\\/de\\\/#website\",\"url\":\"https:\\\/\\\/transportjournal.com\\\/de\\\/\",\"name\":\"ITJ | International Transport Journal\",\"description\":\"Stay informed with the latest global news from the transport, logistics, and supply chain industries. Transport Journal delivers expert insights, analysis, and updates across shipping, aviation, intermodal, and forwarding.\",\"publisher\":{\"@id\":\"https:\\\/\\\/transportjournal.com\\\/de\\\/#organization\"},\"potentialAction\":[{\"@type\":\"SearchAction\",\"target\":{\"@type\":\"EntryPoint\",\"urlTemplate\":\"https:\\\/\\\/transportjournal.com\\\/de\\\/?s={search_term_string}\"},\"query-input\":{\"@type\":\"PropertyValueSpecification\",\"valueRequired\":true,\"valueName\":\"search_term_string\"}}],\"inLanguage\":\"de\"},{\"@type\":\"Organization\",\"@id\":\"https:\\\/\\\/transportjournal.com\\\/de\\\/#organization\",\"name\":\"Groupe Logismedia AG\",\"alternateName\":\"Logismedia Group AG\",\"url\":\"https:\\\/\\\/transportjournal.com\\\/de\\\/\",\"logo\":{\"@type\":\"ImageObject\",\"inLanguage\":\"de\",\"@id\":\"https:\\\/\\\/transportjournal.com\\\/de\\\/#\\\/schema\\\/logo\\\/image\\\/\",\"url\":\"https:\\\/\\\/transportjournal.com\\\/wp-content\\\/uploads\\\/sites\\\/2\\\/2025\\\/09\\\/Logo_ITJ.png\",\"contentUrl\":\"https:\\\/\\\/transportjournal.com\\\/wp-content\\\/uploads\\\/sites\\\/2\\\/2025\\\/09\\\/Logo_ITJ.png\",\"width\":799,\"height\":326,\"caption\":\"Groupe Logismedia AG\"},\"image\":{\"@id\":\"https:\\\/\\\/transportjournal.com\\\/de\\\/#\\\/schema\\\/logo\\\/image\\\/\"},\"sameAs\":[\"https:\\\/\\\/www.linkedin.com\\\/company\\\/56456496\\\/admin\\\/dashboard\\\/\",\"https:\\\/\\\/www.instagram.com\\\/logismediagroup\\\/\",\"https:\\\/\\\/www.youtube.com\\\/@LogiamediaGroupAG\"]},{\"@type\":\"Person\",\"@id\":\"https:\\\/\\\/transportjournal.com\\\/de\\\/#\\\/schema\\\/person\\\/41d36b5474b623392fa613e97e2363fa\",\"name\":\"Jeremy Soland\",\"url\":\"https:\\\/\\\/transportjournal.com\\\/de\\\/author\\\/jeremy\\\/\"}]}<\/script>\n<!-- \/ Yoast SEO plugin. -->","yoast_head_json":{"title":"Ropel leitet NOSTA-K\u00fchltransportteam in Polen - ITJ | International Transport Journal","robots":{"index":"index","follow":"follow","max-snippet":"max-snippet:-1","max-image-preview":"max-image-preview:large","max-video-preview":"max-video-preview:-1"},"canonical":"https:\/\/transportjournal.com\/de\/2026\/03\/12\/ropel-leitet-nosta-kuehltransportteam-in-polen\/","og_locale":"de_DE","og_type":"article","og_title":"Ropel leitet NOSTA-K\u00fchltransportteam in Polen - ITJ | International Transport Journal","og_description":"Die NOSTA Logistik Sp. z o.o. hat ihre temperaturgef\u00fchrten Strassentransporte ausgebaut und Agnieszka Ropel zur Teamleiterin f\u00fcr K\u00fchltransporte ernannt, um die Effizienz zu steigern.","og_url":"https:\/\/transportjournal.com\/de\/2026\/03\/12\/ropel-leitet-nosta-kuehltransportteam-in-polen\/","og_site_name":"ITJ | International Transport Journal","article_published_time":"2026-03-12T13:41:18+00:00","og_image":[{"width":1920,"height":1081,"url":"https:\/\/transportjournal.com\/wp-content\/uploads\/sites\/2\/2026\/03\/36280b9a-5596-4f46-ab39-bfa853ee5ec7-aspect-ratio-1400-788.jpg","type":"image\/jpeg"}],"author":"Jeremy Soland","twitter_card":"summary_large_image","twitter_misc":{"Verfasst von":"Jeremy Soland","Gesch\u00e4tzte Lesezeit":"1\u00a0Minute"},"schema":{"@context":"https:\/\/schema.org","@graph":[{"@type":"Article","@id":"https:\/\/transportjournal.com\/de\/2026\/03\/12\/ropel-leitet-nosta-kuehltransportteam-in-polen\/#article","isPartOf":{"@id":"https:\/\/transportjournal.com\/de\/2026\/03\/12\/ropel-leitet-nosta-kuehltransportteam-in-polen\/"},"author":{"name":"Jeremy Soland","@id":"https:\/\/transportjournal.com\/de\/#\/schema\/person\/41d36b5474b623392fa613e97e2363fa"},"headline":"Ropel leitet NOSTA-K\u00fchltransportteam in Polen","datePublished":"2026-03-12T13:41:18+00:00","mainEntityOfPage":{"@id":"https:\/\/transportjournal.com\/de\/2026\/03\/12\/ropel-leitet-nosta-kuehltransportteam-in-polen\/"},"wordCount":164,"commentCount":0,"publisher":{"@id":"https:\/\/transportjournal.com\/de\/#organization"},"image":{"@id":"https:\/\/transportjournal.com\/de\/2026\/03\/12\/ropel-leitet-nosta-kuehltransportteam-in-polen\/#primaryimage"},"thumbnailUrl":"https:\/\/transportjournal.com\/wp-content\/uploads\/sites\/2\/2026\/03\/36280b9a-5596-4f46-ab39-bfa853ee5ec7-aspect-ratio-1400-788.jpg","keywords":["Agnieszka Ropel","assurance qualit\u00e9 cha\u00eene du froid","cha\u00eenes de distribution","cold chain quality assurance","croissance des volumes logistiques","delivery time windows","Deutsch NOSTA Logistik","digital logistics solutions","digitale Logistikl\u00f6sungen","Einzelhandelsketten","\u00e9largir les capacit\u00e9s op\u00e9rationnelles","\u00e9quipe de transport r\u00e9frig\u00e9r\u00e9","expand operational capacity","Fachkr\u00e4ftemangel Logistik","fen\u00eatres de livraison","gestion de la cha\u00eene d'approvisionnement","K\u00fchlkette Qualit\u00e4tssicherung","K\u00fchltransporte Polen","K\u00fchltransportteam","Lieferzeitfenster","logistics industry Fran\u00e7ais NOSTA Logistique","logistics service providers","Logistikbranche English NOSTA Logistics","Logistikdienstleister","nachhaltige Transportl\u00f6sungen","operative Kapazit\u00e4ten erweitern","optimiser les processus de transport","optimize transport processes","p\u00e9nurie de comp\u00e9tences logistique","prestataires de services logistiques","refrigerated transport Poland","refrigerated transport team","relations avec les partenaires de transport","retail chains","road transport","secteur logistique","skills shortage logistics","solutions de transport durables","solutions logistiques num\u00e9riques","Strassentransporte","Supply Chain Management","sustainable transport solutions","temperature-controlled transport","temperaturgef\u00fchrte Transporte","time-sensitive transport","transport partner relationships","transport r\u00e9frig\u00e9r\u00e9 Pologne","Transport routier","transport sensible au temps","transport sous temp\u00e9rature contr\u00f4l\u00e9e","Transportabl\u00e4ufe optimieren","Transportpartner Beziehungen","volume growth logistics","Volumenzuwachs Logistik","zeitkritische Transporte"],"articleSection":["Europa","Menschen &amp; Unternehmen","Spedition &amp; Logistik"],"inLanguage":"de","potentialAction":[{"@type":"CommentAction","name":"Comment","target":["https:\/\/transportjournal.com\/de\/2026\/03\/12\/ropel-leitet-nosta-kuehltransportteam-in-polen\/#respond"]}]},{"@type":"WebPage","@id":"https:\/\/transportjournal.com\/de\/2026\/03\/12\/ropel-leitet-nosta-kuehltransportteam-in-polen\/","url":"https:\/\/transportjournal.com\/de\/2026\/03\/12\/ropel-leitet-nosta-kuehltransportteam-in-polen\/","name":"Ropel leitet NOSTA-K\u00fchltransportteam in Polen - ITJ | International Transport Journal","isPartOf":{"@id":"https:\/\/transportjournal.com\/de\/#website"},"primaryImageOfPage":{"@id":"https:\/\/transportjournal.com\/de\/2026\/03\/12\/ropel-leitet-nosta-kuehltransportteam-in-polen\/#primaryimage"},"image":{"@id":"https:\/\/transportjournal.com\/de\/2026\/03\/12\/ropel-leitet-nosta-kuehltransportteam-in-polen\/#primaryimage"},"thumbnailUrl":"https:\/\/transportjournal.com\/wp-content\/uploads\/sites\/2\/2026\/03\/36280b9a-5596-4f46-ab39-bfa853ee5ec7-aspect-ratio-1400-788.jpg","datePublished":"2026-03-12T13:41:18+00:00","breadcrumb":{"@id":"https:\/\/transportjournal.com\/de\/2026\/03\/12\/ropel-leitet-nosta-kuehltransportteam-in-polen\/#breadcrumb"},"inLanguage":"de","potentialAction":[{"@type":"ReadAction","target":["https:\/\/transportjournal.com\/de\/2026\/03\/12\/ropel-leitet-nosta-kuehltransportteam-in-polen\/"]}]},{"@type":"ImageObject","inLanguage":"de","@id":"https:\/\/transportjournal.com\/de\/2026\/03\/12\/ropel-leitet-nosta-kuehltransportteam-in-polen\/#primaryimage","url":"https:\/\/transportjournal.com\/wp-content\/uploads\/sites\/2\/2026\/03\/36280b9a-5596-4f46-ab39-bfa853ee5ec7-aspect-ratio-1400-788.jpg","contentUrl":"https:\/\/transportjournal.com\/wp-content\/uploads\/sites\/2\/2026\/03\/36280b9a-5596-4f46-ab39-bfa853ee5ec7-aspect-ratio-1400-788.jpg","width":1920,"height":1081},{"@type":"BreadcrumbList","@id":"https:\/\/transportjournal.com\/de\/2026\/03\/12\/ropel-leitet-nosta-kuehltransportteam-in-polen\/#breadcrumb","itemListElement":[{"@type":"ListItem","position":1,"name":"Startseite","item":"https:\/\/transportjournal.com\/de\/"},{"@type":"ListItem","position":2,"name":"Ropel leitet NOSTA-K\u00fchltransportteam in Polen"}]},{"@type":"WebSite","@id":"https:\/\/transportjournal.com\/de\/#website","url":"https:\/\/transportjournal.com\/de\/","name":"ITJ | International Transport Journal","description":"Stay informed with the latest global news from the transport, logistics, and supply chain industries. Transport Journal delivers expert insights, analysis, and updates across shipping, aviation, intermodal, and forwarding.","publisher":{"@id":"https:\/\/transportjournal.com\/de\/#organization"},"potentialAction":[{"@type":"SearchAction","target":{"@type":"EntryPoint","urlTemplate":"https:\/\/transportjournal.com\/de\/?s={search_term_string}"},"query-input":{"@type":"PropertyValueSpecification","valueRequired":true,"valueName":"search_term_string"}}],"inLanguage":"de"},{"@type":"Organization","@id":"https:\/\/transportjournal.com\/de\/#organization","name":"Groupe Logismedia AG","alternateName":"Logismedia Group AG","url":"https:\/\/transportjournal.com\/de\/","logo":{"@type":"ImageObject","inLanguage":"de","@id":"https:\/\/transportjournal.com\/de\/#\/schema\/logo\/image\/","url":"https:\/\/transportjournal.com\/wp-content\/uploads\/sites\/2\/2025\/09\/Logo_ITJ.png","contentUrl":"https:\/\/transportjournal.com\/wp-content\/uploads\/sites\/2\/2025\/09\/Logo_ITJ.png","width":799,"height":326,"caption":"Groupe Logismedia AG"},"image":{"@id":"https:\/\/transportjournal.com\/de\/#\/schema\/logo\/image\/"},"sameAs":["https:\/\/www.linkedin.com\/company\/56456496\/admin\/dashboard\/","https:\/\/www.instagram.com\/logismediagroup\/","https:\/\/www.youtube.com\/@LogiamediaGroupAG"]},{"@type":"Person","@id":"https:\/\/transportjournal.com\/de\/#\/schema\/person\/41d36b5474b623392fa613e97e2363fa","name":"Jeremy Soland","url":"https:\/\/transportjournal.com\/de\/author\/jeremy\/"}]}},"_links":{"self":[{"href":"https:\/\/transportjournal.com\/de\/wp-json\/wp\/v2\/posts\/80638","targetHints":{"allow":["GET"]}}],"collection":[{"href":"https:\/\/transportjournal.com\/de\/wp-json\/wp\/v2\/posts"}],"about":[{"href":"https:\/\/transportjournal.com\/de\/wp-json\/wp\/v2\/types\/post"}],"author":[{"embeddable":true,"href":"https:\/\/transportjournal.com\/de\/wp-json\/wp\/v2\/users\/10"}],"replies":[{"embeddable":true,"href":"https:\/\/transportjournal.com\/de\/wp-json\/wp\/v2\/comments?post=80638"}],"version-history":[{"count":0,"href":"https:\/\/transportjournal.com\/de\/wp-json\/wp\/v2\/posts\/80638\/revisions"}],"wp:featuredmedia":[{"embeddable":true,"href":"https:\/\/transportjournal.com\/de\/wp-json\/wp\/v2\/media\/80637"}],"wp:attachment":[{"href":"https:\/\/transportjournal.com\/de\/wp-json\/wp\/v2\/media?parent=80638"}],"wp:term":[{"taxonomy":"category","embeddable":true,"href":"https:\/\/transportjournal.com\/de\/wp-json\/wp\/v2\/categories?post=80638"},{"taxonomy":"post_tag","embeddable":true,"href":"https:\/\/transportjournal.com\/de\/wp-json\/wp\/v2\/tags?post=80638"}],"curies":[{"name":"wp","href":"https:\/\/api.w.org\/{rel}","templated":true}]}}