{"id":80630,"date":"2026-03-12T11:47:26","date_gmt":"2026-03-12T11:47:26","guid":{"rendered":"https:\/\/transportjournal.com\/2026\/03\/12\/novelis-kooperiert-auf-der-schiene-mit-lineas\/"},"modified":"2026-03-12T11:47:26","modified_gmt":"2026-03-12T11:47:26","slug":"novelis-kooperiert-auf-der-schiene-mit-lineas","status":"publish","type":"post","link":"https:\/\/transportjournal.com\/de\/2026\/03\/12\/novelis-kooperiert-auf-der-schiene-mit-lineas\/","title":{"rendered":"Novelis kooperiert auf der Schiene mit LINEAS"},"content":{"rendered":"<p>Novelis hat eine strategische Partnerschaft mit dem Schieneng\u00fcterverkehrsunternehmen LINEAS unterzeichnet, um den Transport von Aluminium-Walzbarren, -B\u00e4ndern und -Schrotten \u00fcber die Schiene in Europa zu abzuwickeln. Der Vertrag sieht vor, dass j\u00e4hrlich mehr als 1.000 G\u00fcterz\u00fcge f\u00fcr den Transport zwischen den verschiedenen Novelis-Standorten in Europa eingesetzt werden, wie Novelis mitteilt.<\/p>\n<h3>Materialverteilung per Schiene<\/h3>\n<p>Laut Roland Leder, Vice President of Supply Chain Novelis Europa, erm\u00f6glicht die Zusammenarbeit mit LINEAS eine signifikante Reduktion der CO\u2082e-Emissionen. \u201eDer Transport \u00fcber die Schiene spart im Vergleich zur Strasse etwa 78 Prozent CO\u2082e-Emissionen\u201c, so Leder.<\/p>\n<p>Die Bahn spielt nach Unternehmensangaben eine zentrale Rolle im Logistiknetz von Novelis, da sie mit einem Anteil von 95 Prozent das wichtigste Transportmittel f\u00fcr Materiallieferungen zwischen den Produktionsst\u00e4tten in Europa darstellt. Besonders lange Walzbarren, die bis zu 25 Tonnen wiegen k\u00f6nnen, werden vorwiegend per Bahn transportiert. Dies ist vor allem auf die Gewichtsbeschr\u00e4nkungen f\u00fcr Lkw-Transporte zur\u00fcckzuf\u00fchren. Die Transporte beginnen im Novelis-Werk Nachterstedt und f\u00fchren zum Joint-Venture-Werk &#8222;Alunorf&#8220; in Neuss.<\/p>\n<p>Der Standort G\u00f6ttingen fungiert gem\u00e4ss Novelis als Drehscheibe f\u00fcr das europ\u00e4ische Schienenlogistiknetz des Unternehmens. Hier erfolgt die Zugbildung, was eine effiziente Materialverteilung innerhalb der Standorte gew\u00e4hrleisten gew\u00e4hrleisten soll.<\/p>\n<p><a href=\"https:\/\/de.novelis.com\/\" target=\"_blank\" rel=\"noopener noreferrer\">www.de.novelis.com<\/a><\/p>\n","protected":false},"excerpt":{"rendered":"<p>Novelis hat mit LINEAS eine Partnerschaft geschlossen, um den Schienentransport von Aluminium in Europa zu bewerkstelligen.<\/p>\n","protected":false},"author":10,"featured_media":80629,"comment_status":"open","ping_status":"","sticky":false,"template":"","format":"standard","meta":{"_acf_changed":false,"footnotes":""},"categories":[9092,1575,1568],"tags":[26358,26359,26360,26361,26362,26363,26364,2115,4521,26365,26366,26367,26368,26369,26370,26371,26372,2125,3682,3683,26373,2131,2133,2134,1831,2136,2622,26374,26375,1800,26376,26377,3157,3566,2148,2193,4264,26378,1916,26379,2641,26380,26381,26382,4345,3852,3125,2155,1837],"class_list":["post-80630","post","type-post","status-publish","format-standard","has-post-thumbnail","hentry","category-deutschland","category-europa","category-bahn-binnenschifffahrt-strasse","tag-aluminiumtransport","tag-aluminum-transport","tag-alunorf","tag-bahntransport","tag-coe-emissions","tag-coe-emissionen","tag-deutsch-novelis","tag-digitalisierung-in-der-logistik","tag-digitization-in-logistics","tag-distribution-de-materiel-par-rail","tag-emissions-de-coe","tag-europaeisches-schienenlogistiknetz","tag-european-rail-logistics-network","tag-fachkraeftemangel-in-der-transportbranche","tag-freight-trains-in-europe","tag-goettingen","tag-gueterzuege-in-europa","tag-industrie-du-transport","tag-infrastructure","tag-infrastruktur","tag-lineas","tag-logistics","tag-logistics-service-providers","tag-logistik","tag-logistikdienstleister","tag-logistique","tag-logistique-durable","tag-material-distribution-by-rail","tag-materialverteilung-per-schiene","tag-nachhaltige-logistik","tag-nachhaltiger-transport-english-novelis","tag-nachterstedt","tag-numerisation-dans-la-logistique","tag-penurie-de-main-doeuvre-dans-le-secteur-du-transport","tag-prestataires-de-services-logistiques","tag-rail-freight-transport","tag-rail-transport","tag-reseau-logistique-ferroviaire-europeen","tag-schienengueterverkehr","tag-skills-shortage-in-the-transport-sector","tag-sustainable-logistics","tag-sustainable-transport-francais-novelis","tag-trains-de-marchandises-en-europe","tag-transport-daluminium","tag-transport-durable","tag-transport-ferroviaire","tag-transport-ferroviaire-de-marchandises","tag-transport-industry","tag-transportwirtschaft"],"acf":[],"yoast_head":"<!-- This site is optimized with the Yoast SEO plugin v27.3 - https:\/\/yoast.com\/product\/yoast-seo-wordpress\/ -->\n<title>Novelis kooperiert auf der Schiene mit LINEAS - ITJ | International Transport Journal<\/title>\n<meta name=\"robots\" content=\"index, follow, max-snippet:-1, max-image-preview:large, max-video-preview:-1\" \/>\n<link rel=\"canonical\" href=\"https:\/\/transportjournal.com\/de\/2026\/03\/12\/novelis-kooperiert-auf-der-schiene-mit-lineas\/\" \/>\n<meta property=\"og:locale\" content=\"de_DE\" \/>\n<meta property=\"og:type\" content=\"article\" \/>\n<meta property=\"og:title\" content=\"Novelis kooperiert auf der Schiene mit LINEAS - ITJ | International Transport Journal\" \/>\n<meta property=\"og:description\" content=\"Novelis hat mit LINEAS eine Partnerschaft geschlossen, um den Schienentransport von Aluminium in Europa zu bewerkstelligen.\" \/>\n<meta property=\"og:url\" content=\"https:\/\/transportjournal.com\/de\/2026\/03\/12\/novelis-kooperiert-auf-der-schiene-mit-lineas\/\" \/>\n<meta property=\"og:site_name\" content=\"ITJ | International Transport Journal\" \/>\n<meta property=\"article:published_time\" content=\"2026-03-12T11:47:26+00:00\" \/>\n<meta property=\"og:image\" content=\"https:\/\/transportjournal.com\/wp-content\/uploads\/sites\/2\/2026\/03\/da2894f0-fde6-4444-aa61-2a4704833887-aspect-ratio-1400-788.jpg\" \/>\n\t<meta property=\"og:image:width\" content=\"1920\" \/>\n\t<meta property=\"og:image:height\" content=\"1081\" \/>\n\t<meta property=\"og:image:type\" content=\"image\/jpeg\" \/>\n<meta name=\"author\" content=\"Jeremy Soland\" \/>\n<meta name=\"twitter:card\" content=\"summary_large_image\" \/>\n<meta name=\"twitter:label1\" content=\"Verfasst von\" \/>\n\t<meta name=\"twitter:data1\" content=\"Jeremy Soland\" \/>\n\t<meta name=\"twitter:label2\" content=\"Gesch\u00e4tzte Lesezeit\" \/>\n\t<meta name=\"twitter:data2\" content=\"1\u00a0Minute\" \/>\n<script type=\"application\/ld+json\" class=\"yoast-schema-graph\">{\"@context\":\"https:\\\/\\\/schema.org\",\"@graph\":[{\"@type\":\"Article\",\"@id\":\"https:\\\/\\\/transportjournal.com\\\/de\\\/2026\\\/03\\\/12\\\/novelis-kooperiert-auf-der-schiene-mit-lineas\\\/#article\",\"isPartOf\":{\"@id\":\"https:\\\/\\\/transportjournal.com\\\/de\\\/2026\\\/03\\\/12\\\/novelis-kooperiert-auf-der-schiene-mit-lineas\\\/\"},\"author\":{\"name\":\"Jeremy Soland\",\"@id\":\"https:\\\/\\\/transportjournal.com\\\/de\\\/#\\\/schema\\\/person\\\/41d36b5474b623392fa613e97e2363fa\"},\"headline\":\"Novelis kooperiert auf der Schiene mit LINEAS\",\"datePublished\":\"2026-03-12T11:47:26+00:00\",\"mainEntityOfPage\":{\"@id\":\"https:\\\/\\\/transportjournal.com\\\/de\\\/2026\\\/03\\\/12\\\/novelis-kooperiert-auf-der-schiene-mit-lineas\\\/\"},\"wordCount\":215,\"commentCount\":0,\"publisher\":{\"@id\":\"https:\\\/\\\/transportjournal.com\\\/de\\\/#organization\"},\"image\":{\"@id\":\"https:\\\/\\\/transportjournal.com\\\/de\\\/2026\\\/03\\\/12\\\/novelis-kooperiert-auf-der-schiene-mit-lineas\\\/#primaryimage\"},\"thumbnailUrl\":\"https:\\\/\\\/transportjournal.com\\\/wp-content\\\/uploads\\\/sites\\\/2\\\/2026\\\/03\\\/da2894f0-fde6-4444-aa61-2a4704833887-aspect-ratio-1400-788.jpg\",\"keywords\":[\"Aluminiumtransport\",\"aluminum transport\",\"Alunorf\",\"Bahntransport\",\"CO\u2082e emissions\",\"CO\u2082e-Emissionen\",\"Deutsch Novelis\",\"Digitalisierung in der Logistik\",\"digitization in logistics\",\"distribution de mat\u00e9riel par rail\",\"\u00e9missions de CO\u2082e\",\"europ\u00e4isches Schienenlogistiknetz\",\"European rail logistics network\",\"Fachkr\u00e4ftemangel in der Transportbranche\",\"freight trains in Europe\",\"G\u00f6ttingen\",\"G\u00fcterz\u00fcge in Europa\",\"industrie du transport\",\"infrastructure\",\"Infrastruktur\",\"LINEAS\",\"logistics\",\"logistics service providers\",\"Logistik\",\"Logistikdienstleister\",\"logistique\",\"logistique durable\",\"material distribution by rail\",\"Materialverteilung per Schiene\",\"nachhaltige Logistik\",\"nachhaltiger Transport English Novelis\",\"Nachterstedt\",\"num\u00e9risation dans la logistique\",\"p\u00e9nurie de main-d'\u0153uvre dans le secteur du transport\",\"prestataires de services logistiques\",\"rail freight transport\",\"rail transport\",\"r\u00e9seau logistique ferroviaire europ\u00e9en\",\"Schieneng\u00fcterverkehr\",\"skills shortage in the transport sector\",\"sustainable logistics\",\"sustainable transport Fran\u00e7ais Novelis\",\"trains de marchandises en Europe\",\"transport d'aluminium\",\"transport durable\",\"transport ferroviaire\",\"transport ferroviaire de marchandises\",\"transport industry\",\"Transportwirtschaft\"],\"articleSection\":[\"Deutschland\",\"Europa\",\"Intermodal \\\/ Stra\u00dfe\"],\"inLanguage\":\"de\",\"potentialAction\":[{\"@type\":\"CommentAction\",\"name\":\"Comment\",\"target\":[\"https:\\\/\\\/transportjournal.com\\\/de\\\/2026\\\/03\\\/12\\\/novelis-kooperiert-auf-der-schiene-mit-lineas\\\/#respond\"]}]},{\"@type\":\"WebPage\",\"@id\":\"https:\\\/\\\/transportjournal.com\\\/de\\\/2026\\\/03\\\/12\\\/novelis-kooperiert-auf-der-schiene-mit-lineas\\\/\",\"url\":\"https:\\\/\\\/transportjournal.com\\\/de\\\/2026\\\/03\\\/12\\\/novelis-kooperiert-auf-der-schiene-mit-lineas\\\/\",\"name\":\"Novelis kooperiert auf der Schiene mit LINEAS - ITJ | International Transport Journal\",\"isPartOf\":{\"@id\":\"https:\\\/\\\/transportjournal.com\\\/de\\\/#website\"},\"primaryImageOfPage\":{\"@id\":\"https:\\\/\\\/transportjournal.com\\\/de\\\/2026\\\/03\\\/12\\\/novelis-kooperiert-auf-der-schiene-mit-lineas\\\/#primaryimage\"},\"image\":{\"@id\":\"https:\\\/\\\/transportjournal.com\\\/de\\\/2026\\\/03\\\/12\\\/novelis-kooperiert-auf-der-schiene-mit-lineas\\\/#primaryimage\"},\"thumbnailUrl\":\"https:\\\/\\\/transportjournal.com\\\/wp-content\\\/uploads\\\/sites\\\/2\\\/2026\\\/03\\\/da2894f0-fde6-4444-aa61-2a4704833887-aspect-ratio-1400-788.jpg\",\"datePublished\":\"2026-03-12T11:47:26+00:00\",\"breadcrumb\":{\"@id\":\"https:\\\/\\\/transportjournal.com\\\/de\\\/2026\\\/03\\\/12\\\/novelis-kooperiert-auf-der-schiene-mit-lineas\\\/#breadcrumb\"},\"inLanguage\":\"de\",\"potentialAction\":[{\"@type\":\"ReadAction\",\"target\":[\"https:\\\/\\\/transportjournal.com\\\/de\\\/2026\\\/03\\\/12\\\/novelis-kooperiert-auf-der-schiene-mit-lineas\\\/\"]}]},{\"@type\":\"ImageObject\",\"inLanguage\":\"de\",\"@id\":\"https:\\\/\\\/transportjournal.com\\\/de\\\/2026\\\/03\\\/12\\\/novelis-kooperiert-auf-der-schiene-mit-lineas\\\/#primaryimage\",\"url\":\"https:\\\/\\\/transportjournal.com\\\/wp-content\\\/uploads\\\/sites\\\/2\\\/2026\\\/03\\\/da2894f0-fde6-4444-aa61-2a4704833887-aspect-ratio-1400-788.jpg\",\"contentUrl\":\"https:\\\/\\\/transportjournal.com\\\/wp-content\\\/uploads\\\/sites\\\/2\\\/2026\\\/03\\\/da2894f0-fde6-4444-aa61-2a4704833887-aspect-ratio-1400-788.jpg\",\"width\":1920,\"height\":1081},{\"@type\":\"BreadcrumbList\",\"@id\":\"https:\\\/\\\/transportjournal.com\\\/de\\\/2026\\\/03\\\/12\\\/novelis-kooperiert-auf-der-schiene-mit-lineas\\\/#breadcrumb\",\"itemListElement\":[{\"@type\":\"ListItem\",\"position\":1,\"name\":\"Startseite\",\"item\":\"https:\\\/\\\/transportjournal.com\\\/de\\\/\"},{\"@type\":\"ListItem\",\"position\":2,\"name\":\"Novelis kooperiert auf der Schiene mit LINEAS\"}]},{\"@type\":\"WebSite\",\"@id\":\"https:\\\/\\\/transportjournal.com\\\/de\\\/#website\",\"url\":\"https:\\\/\\\/transportjournal.com\\\/de\\\/\",\"name\":\"ITJ | International Transport Journal\",\"description\":\"Stay informed with the latest global news from the transport, logistics, and supply chain industries. Transport Journal delivers expert insights, analysis, and updates across shipping, aviation, intermodal, and forwarding.\",\"publisher\":{\"@id\":\"https:\\\/\\\/transportjournal.com\\\/de\\\/#organization\"},\"potentialAction\":[{\"@type\":\"SearchAction\",\"target\":{\"@type\":\"EntryPoint\",\"urlTemplate\":\"https:\\\/\\\/transportjournal.com\\\/de\\\/?s={search_term_string}\"},\"query-input\":{\"@type\":\"PropertyValueSpecification\",\"valueRequired\":true,\"valueName\":\"search_term_string\"}}],\"inLanguage\":\"de\"},{\"@type\":\"Organization\",\"@id\":\"https:\\\/\\\/transportjournal.com\\\/de\\\/#organization\",\"name\":\"Groupe Logismedia AG\",\"alternateName\":\"Logismedia Group AG\",\"url\":\"https:\\\/\\\/transportjournal.com\\\/de\\\/\",\"logo\":{\"@type\":\"ImageObject\",\"inLanguage\":\"de\",\"@id\":\"https:\\\/\\\/transportjournal.com\\\/de\\\/#\\\/schema\\\/logo\\\/image\\\/\",\"url\":\"https:\\\/\\\/transportjournal.com\\\/wp-content\\\/uploads\\\/sites\\\/2\\\/2025\\\/09\\\/Logo_ITJ.png\",\"contentUrl\":\"https:\\\/\\\/transportjournal.com\\\/wp-content\\\/uploads\\\/sites\\\/2\\\/2025\\\/09\\\/Logo_ITJ.png\",\"width\":799,\"height\":326,\"caption\":\"Groupe Logismedia AG\"},\"image\":{\"@id\":\"https:\\\/\\\/transportjournal.com\\\/de\\\/#\\\/schema\\\/logo\\\/image\\\/\"},\"sameAs\":[\"https:\\\/\\\/www.linkedin.com\\\/company\\\/56456496\\\/admin\\\/dashboard\\\/\",\"https:\\\/\\\/www.instagram.com\\\/logismediagroup\\\/\",\"https:\\\/\\\/www.youtube.com\\\/@LogiamediaGroupAG\"]},{\"@type\":\"Person\",\"@id\":\"https:\\\/\\\/transportjournal.com\\\/de\\\/#\\\/schema\\\/person\\\/41d36b5474b623392fa613e97e2363fa\",\"name\":\"Jeremy Soland\",\"url\":\"https:\\\/\\\/transportjournal.com\\\/de\\\/author\\\/jeremy\\\/\"}]}<\/script>\n<!-- \/ Yoast SEO plugin. -->","yoast_head_json":{"title":"Novelis kooperiert auf der Schiene mit LINEAS - ITJ | International Transport Journal","robots":{"index":"index","follow":"follow","max-snippet":"max-snippet:-1","max-image-preview":"max-image-preview:large","max-video-preview":"max-video-preview:-1"},"canonical":"https:\/\/transportjournal.com\/de\/2026\/03\/12\/novelis-kooperiert-auf-der-schiene-mit-lineas\/","og_locale":"de_DE","og_type":"article","og_title":"Novelis kooperiert auf der Schiene mit LINEAS - ITJ | International Transport Journal","og_description":"Novelis hat mit LINEAS eine Partnerschaft geschlossen, um den Schienentransport von Aluminium in Europa zu bewerkstelligen.","og_url":"https:\/\/transportjournal.com\/de\/2026\/03\/12\/novelis-kooperiert-auf-der-schiene-mit-lineas\/","og_site_name":"ITJ | International Transport Journal","article_published_time":"2026-03-12T11:47:26+00:00","og_image":[{"width":1920,"height":1081,"url":"https:\/\/transportjournal.com\/wp-content\/uploads\/sites\/2\/2026\/03\/da2894f0-fde6-4444-aa61-2a4704833887-aspect-ratio-1400-788.jpg","type":"image\/jpeg"}],"author":"Jeremy Soland","twitter_card":"summary_large_image","twitter_misc":{"Verfasst von":"Jeremy Soland","Gesch\u00e4tzte Lesezeit":"1\u00a0Minute"},"schema":{"@context":"https:\/\/schema.org","@graph":[{"@type":"Article","@id":"https:\/\/transportjournal.com\/de\/2026\/03\/12\/novelis-kooperiert-auf-der-schiene-mit-lineas\/#article","isPartOf":{"@id":"https:\/\/transportjournal.com\/de\/2026\/03\/12\/novelis-kooperiert-auf-der-schiene-mit-lineas\/"},"author":{"name":"Jeremy Soland","@id":"https:\/\/transportjournal.com\/de\/#\/schema\/person\/41d36b5474b623392fa613e97e2363fa"},"headline":"Novelis kooperiert auf der Schiene mit LINEAS","datePublished":"2026-03-12T11:47:26+00:00","mainEntityOfPage":{"@id":"https:\/\/transportjournal.com\/de\/2026\/03\/12\/novelis-kooperiert-auf-der-schiene-mit-lineas\/"},"wordCount":215,"commentCount":0,"publisher":{"@id":"https:\/\/transportjournal.com\/de\/#organization"},"image":{"@id":"https:\/\/transportjournal.com\/de\/2026\/03\/12\/novelis-kooperiert-auf-der-schiene-mit-lineas\/#primaryimage"},"thumbnailUrl":"https:\/\/transportjournal.com\/wp-content\/uploads\/sites\/2\/2026\/03\/da2894f0-fde6-4444-aa61-2a4704833887-aspect-ratio-1400-788.jpg","keywords":["Aluminiumtransport","aluminum transport","Alunorf","Bahntransport","CO\u2082e emissions","CO\u2082e-Emissionen","Deutsch Novelis","Digitalisierung in der Logistik","digitization in logistics","distribution de mat\u00e9riel par rail","\u00e9missions de CO\u2082e","europ\u00e4isches Schienenlogistiknetz","European rail logistics network","Fachkr\u00e4ftemangel in der Transportbranche","freight trains in Europe","G\u00f6ttingen","G\u00fcterz\u00fcge in Europa","industrie du transport","infrastructure","Infrastruktur","LINEAS","logistics","logistics service providers","Logistik","Logistikdienstleister","logistique","logistique durable","material distribution by rail","Materialverteilung per Schiene","nachhaltige Logistik","nachhaltiger Transport English Novelis","Nachterstedt","num\u00e9risation dans la logistique","p\u00e9nurie de main-d'\u0153uvre dans le secteur du transport","prestataires de services logistiques","rail freight transport","rail transport","r\u00e9seau logistique ferroviaire europ\u00e9en","Schieneng\u00fcterverkehr","skills shortage in the transport sector","sustainable logistics","sustainable transport Fran\u00e7ais Novelis","trains de marchandises en Europe","transport d'aluminium","transport durable","transport ferroviaire","transport ferroviaire de marchandises","transport industry","Transportwirtschaft"],"articleSection":["Deutschland","Europa","Intermodal \/ Stra\u00dfe"],"inLanguage":"de","potentialAction":[{"@type":"CommentAction","name":"Comment","target":["https:\/\/transportjournal.com\/de\/2026\/03\/12\/novelis-kooperiert-auf-der-schiene-mit-lineas\/#respond"]}]},{"@type":"WebPage","@id":"https:\/\/transportjournal.com\/de\/2026\/03\/12\/novelis-kooperiert-auf-der-schiene-mit-lineas\/","url":"https:\/\/transportjournal.com\/de\/2026\/03\/12\/novelis-kooperiert-auf-der-schiene-mit-lineas\/","name":"Novelis kooperiert auf der Schiene mit LINEAS - ITJ | International Transport Journal","isPartOf":{"@id":"https:\/\/transportjournal.com\/de\/#website"},"primaryImageOfPage":{"@id":"https:\/\/transportjournal.com\/de\/2026\/03\/12\/novelis-kooperiert-auf-der-schiene-mit-lineas\/#primaryimage"},"image":{"@id":"https:\/\/transportjournal.com\/de\/2026\/03\/12\/novelis-kooperiert-auf-der-schiene-mit-lineas\/#primaryimage"},"thumbnailUrl":"https:\/\/transportjournal.com\/wp-content\/uploads\/sites\/2\/2026\/03\/da2894f0-fde6-4444-aa61-2a4704833887-aspect-ratio-1400-788.jpg","datePublished":"2026-03-12T11:47:26+00:00","breadcrumb":{"@id":"https:\/\/transportjournal.com\/de\/2026\/03\/12\/novelis-kooperiert-auf-der-schiene-mit-lineas\/#breadcrumb"},"inLanguage":"de","potentialAction":[{"@type":"ReadAction","target":["https:\/\/transportjournal.com\/de\/2026\/03\/12\/novelis-kooperiert-auf-der-schiene-mit-lineas\/"]}]},{"@type":"ImageObject","inLanguage":"de","@id":"https:\/\/transportjournal.com\/de\/2026\/03\/12\/novelis-kooperiert-auf-der-schiene-mit-lineas\/#primaryimage","url":"https:\/\/transportjournal.com\/wp-content\/uploads\/sites\/2\/2026\/03\/da2894f0-fde6-4444-aa61-2a4704833887-aspect-ratio-1400-788.jpg","contentUrl":"https:\/\/transportjournal.com\/wp-content\/uploads\/sites\/2\/2026\/03\/da2894f0-fde6-4444-aa61-2a4704833887-aspect-ratio-1400-788.jpg","width":1920,"height":1081},{"@type":"BreadcrumbList","@id":"https:\/\/transportjournal.com\/de\/2026\/03\/12\/novelis-kooperiert-auf-der-schiene-mit-lineas\/#breadcrumb","itemListElement":[{"@type":"ListItem","position":1,"name":"Startseite","item":"https:\/\/transportjournal.com\/de\/"},{"@type":"ListItem","position":2,"name":"Novelis kooperiert auf der Schiene mit LINEAS"}]},{"@type":"WebSite","@id":"https:\/\/transportjournal.com\/de\/#website","url":"https:\/\/transportjournal.com\/de\/","name":"ITJ | International Transport Journal","description":"Stay informed with the latest global news from the transport, logistics, and supply chain industries. Transport Journal delivers expert insights, analysis, and updates across shipping, aviation, intermodal, and forwarding.","publisher":{"@id":"https:\/\/transportjournal.com\/de\/#organization"},"potentialAction":[{"@type":"SearchAction","target":{"@type":"EntryPoint","urlTemplate":"https:\/\/transportjournal.com\/de\/?s={search_term_string}"},"query-input":{"@type":"PropertyValueSpecification","valueRequired":true,"valueName":"search_term_string"}}],"inLanguage":"de"},{"@type":"Organization","@id":"https:\/\/transportjournal.com\/de\/#organization","name":"Groupe Logismedia AG","alternateName":"Logismedia Group AG","url":"https:\/\/transportjournal.com\/de\/","logo":{"@type":"ImageObject","inLanguage":"de","@id":"https:\/\/transportjournal.com\/de\/#\/schema\/logo\/image\/","url":"https:\/\/transportjournal.com\/wp-content\/uploads\/sites\/2\/2025\/09\/Logo_ITJ.png","contentUrl":"https:\/\/transportjournal.com\/wp-content\/uploads\/sites\/2\/2025\/09\/Logo_ITJ.png","width":799,"height":326,"caption":"Groupe Logismedia AG"},"image":{"@id":"https:\/\/transportjournal.com\/de\/#\/schema\/logo\/image\/"},"sameAs":["https:\/\/www.linkedin.com\/company\/56456496\/admin\/dashboard\/","https:\/\/www.instagram.com\/logismediagroup\/","https:\/\/www.youtube.com\/@LogiamediaGroupAG"]},{"@type":"Person","@id":"https:\/\/transportjournal.com\/de\/#\/schema\/person\/41d36b5474b623392fa613e97e2363fa","name":"Jeremy Soland","url":"https:\/\/transportjournal.com\/de\/author\/jeremy\/"}]}},"_links":{"self":[{"href":"https:\/\/transportjournal.com\/de\/wp-json\/wp\/v2\/posts\/80630","targetHints":{"allow":["GET"]}}],"collection":[{"href":"https:\/\/transportjournal.com\/de\/wp-json\/wp\/v2\/posts"}],"about":[{"href":"https:\/\/transportjournal.com\/de\/wp-json\/wp\/v2\/types\/post"}],"author":[{"embeddable":true,"href":"https:\/\/transportjournal.com\/de\/wp-json\/wp\/v2\/users\/10"}],"replies":[{"embeddable":true,"href":"https:\/\/transportjournal.com\/de\/wp-json\/wp\/v2\/comments?post=80630"}],"version-history":[{"count":0,"href":"https:\/\/transportjournal.com\/de\/wp-json\/wp\/v2\/posts\/80630\/revisions"}],"wp:featuredmedia":[{"embeddable":true,"href":"https:\/\/transportjournal.com\/de\/wp-json\/wp\/v2\/media\/80629"}],"wp:attachment":[{"href":"https:\/\/transportjournal.com\/de\/wp-json\/wp\/v2\/media?parent=80630"}],"wp:term":[{"taxonomy":"category","embeddable":true,"href":"https:\/\/transportjournal.com\/de\/wp-json\/wp\/v2\/categories?post=80630"},{"taxonomy":"post_tag","embeddable":true,"href":"https:\/\/transportjournal.com\/de\/wp-json\/wp\/v2\/tags?post=80630"}],"curies":[{"name":"wp","href":"https:\/\/api.w.org\/{rel}","templated":true}]}}