{"id":80622,"date":"2026-03-12T11:51:15","date_gmt":"2026-03-12T11:51:15","guid":{"rendered":"https:\/\/transportjournal.com\/2026\/03\/12\/dhl-bericht-zur-globalen-vernetzung\/"},"modified":"2026-03-12T11:51:15","modified_gmt":"2026-03-12T11:51:15","slug":"dhl-bericht-zur-globalen-vernetzung","status":"publish","type":"post","link":"https:\/\/transportjournal.com\/de\/2026\/03\/12\/dhl-bericht-zur-globalen-vernetzung\/","title":{"rendered":"DHL-Bericht zur globalen Vernetzung"},"content":{"rendered":"<p>Der \u00abDHL Global Connectedness Report 2026\u00bb zeigt, dass die Globalisierung trotz geopolitischer Spannungen, h\u00f6herer US-Z\u00f6lle und Unsicherheiten \u00fcber k\u00fcnftige Handelspolitiken weiterhin nahe an Rekordwerten liegt.<\/p>\n<p>Der Bericht, erstellt von DHL und der Stern School of Business der New York University, analysiert mehr als 9 Millionen Datenpunkte zu internationalen Str\u00f6men von Handel, Kapital, Informationen und Menschen. Die Ergebnisse zeigen, dass die globale wirtschaftliche Integration trotz zunehmender politischer Spannungen stabil bleibt.<\/p>\n<p>Afrika gewinnt in globalen Netzwerken an Bedeutung<\/p>\n<p>Der Bericht hebt eine zunehmende Integration in Teilen Subsahara-Afrikas hervor. L\u00e4nder wie Namibia und Mosambik verzeichneten langfristig deutliche Verbesserungen ihrer globalen Vernetzung, w\u00e4hrend Nigeria und Sambia seit 2022 bemerkenswerte Fortschritte erzielt haben. Die Analyse deutet darauf hin, dass wachsende Handelsstr\u00f6me, Investitionen und grenz\u00fcberschreitende Mobilit\u00e4t die st\u00e4rkere Pr\u00e4senz der Region in internationalen M\u00e4rkten unterst\u00fctzen.<\/p>\n<p>Die Studie misst den Grad der Vernetzung auf einer Skala von null bis 100%. Im Jahr 2025 erreichte die Welt einen Wert von 25% und damit den Rekordwert von 2022. Das Ergebnis zeigt, dass grenz\u00fcberschreitende Wirtschaftsstr\u00f6me trotz geopolitischer Unsicherheiten weiter wachsen.<\/p>\n<p>Die Studie stellt zudem fest, dass sich die Weltwirtschaft nicht in rivalisierende Bl\u00f6cke aufgespalten hat. Obwohl sich die Handelsbeziehungen zwischen den USA und China abgeschw\u00e4cht haben, pflegen die meisten L\u00e4nder weiterhin vielf\u00e4ltige Partnerschaften. Nur ein kleiner Teil der globalen Handels- und Investitionsstr\u00f6me hat sich in den letzten Jahren von geopolitischen Rivalen abgewendet.<\/p>\n<p><a href=\"https:\/\/group.dhl.com\" target=\"_blank\" rel=\"noopener noreferrer\">https:\/\/group.dhl.com<\/a><\/p>\n","protected":false},"excerpt":{"rendered":"<p>Der \u00abDHL Global Connectedness Report 2026\u00bb zeigt, dass die Globalisierung trotz geopolitischer Spannungen und Handelsunsicherheiten weiterhin stabil bleibt.<\/p>\n","protected":false},"author":14,"featured_media":80621,"comment_status":"open","ping_status":"","sticky":false,"template":"","format":"standard","meta":{"_acf_changed":false,"footnotes":""},"categories":[1569],"tags":[26329,4555,26330,26331,11926,3739,2115,2116,26332,26333,2700,14656,5225,5226,2123,26334,26335,26336,26337,26338,2909,26339,3745,2075,26340,26341,14664,14665,26342,26343,26344,26345,8696,2133,1831,4573,11282,26346,26347,3157,2925,8704,2720,2929,2148,26348,26349,26350,26351,2106,26352,26353,2295,26354,26355,26356,26357],"class_list":["post-80622","post","type-post","status-publish","format-standard","has-post-thumbnail","hentry","category-logistik-spedition","tag-afrique-subsaharienne","tag-analyse-de-marche","tag-connectivite-mondiale","tag-cross-border-mobility","tag-deutsch-dhl","tag-developpement-des-infrastructures","tag-digitalisierung-in-der-logistik","tag-digitalization-in-logistics","tag-economic-integration","tag-economic-stability","tag-fachkraeftemangel-in-der-logistik","tag-flux-commerciaux-internationaux","tag-geopolitical-tensions","tag-geopolitische-spannungen","tag-gestion-de-la-chaine-dapprovisionnement","tag-global-connectivity","tag-globale-vernetzung","tag-globalisierung","tag-globalization","tag-grenzueberschreitende-mobilitaet","tag-hafenbetrieb","tag-handelsbeziehungen-usa-china","tag-infrastructure-development","tag-infrastrukturentwicklung","tag-integration-economique","tag-international-partnerships-francais-dhl","tag-international-trade-flows","tag-internationale-handelsstroeme","tag-internationale-partnerschaften-english-dhl","tag-investissements-en-afrique","tag-investitionen-in-afrika","tag-investments-in-africa","tag-labor-shortages-in-logistics","tag-logistics-service-providers","tag-logistikdienstleister","tag-market-analysis","tag-marktanalysen","tag-mobilite-transfrontaliere","tag-mondialisation","tag-numerisation-dans-la-logistique","tag-operations-portuaires","tag-partenariats-internationaux","tag-penurie-de-main-doeuvre-dans-la-logistique","tag-port-operations","tag-prestataires-de-services-logistiques","tag-relations-commerciales-etats-unis-chine","tag-stabilite-economique","tag-sub-saharan-africa","tag-subsahara-afrika","tag-supply-chain-management","tag-tariffs-and-trade-policy","tag-tarifs-et-politique-commerciale","tag-tensions-geopolitiques","tag-us-china-trade-relations","tag-wirtschaftliche-integration","tag-wirtschaftliche-stabilitaet","tag-zoelle-und-handelspolitik"],"acf":[],"yoast_head":"<!-- This site is optimized with the Yoast SEO plugin v27.3 - https:\/\/yoast.com\/product\/yoast-seo-wordpress\/ -->\n<title>DHL-Bericht zur globalen Vernetzung - ITJ | International Transport Journal<\/title>\n<meta name=\"robots\" content=\"index, follow, max-snippet:-1, max-image-preview:large, max-video-preview:-1\" \/>\n<link rel=\"canonical\" href=\"https:\/\/transportjournal.com\/de\/2026\/03\/12\/dhl-bericht-zur-globalen-vernetzung\/\" \/>\n<meta property=\"og:locale\" content=\"de_DE\" \/>\n<meta property=\"og:type\" content=\"article\" \/>\n<meta property=\"og:title\" content=\"DHL-Bericht zur globalen Vernetzung - ITJ | International Transport Journal\" \/>\n<meta property=\"og:description\" content=\"Der \u00abDHL Global Connectedness Report 2026\u00bb zeigt, dass die Globalisierung trotz geopolitischer Spannungen und Handelsunsicherheiten weiterhin stabil bleibt.\" \/>\n<meta property=\"og:url\" content=\"https:\/\/transportjournal.com\/de\/2026\/03\/12\/dhl-bericht-zur-globalen-vernetzung\/\" \/>\n<meta property=\"og:site_name\" content=\"ITJ | International Transport Journal\" \/>\n<meta property=\"article:published_time\" content=\"2026-03-12T11:51:15+00:00\" \/>\n<meta property=\"og:image\" content=\"https:\/\/transportjournal.com\/wp-content\/uploads\/sites\/2\/2026\/03\/DHL-Global_connectedness_report-2026-cover-scaled-aspect-ratio-1400-788.jpg\" \/>\n\t<meta property=\"og:image:width\" content=\"2367\" \/>\n\t<meta property=\"og:image:height\" content=\"1333\" \/>\n\t<meta property=\"og:image:type\" content=\"image\/jpeg\" \/>\n<meta name=\"author\" content=\"Gyan Sharan\" \/>\n<meta name=\"twitter:card\" content=\"summary_large_image\" \/>\n<meta name=\"twitter:label1\" content=\"Verfasst von\" \/>\n\t<meta name=\"twitter:data1\" content=\"Gyan Sharan\" \/>\n\t<meta name=\"twitter:label2\" content=\"Gesch\u00e4tzte Lesezeit\" \/>\n\t<meta name=\"twitter:data2\" content=\"1\u00a0Minute\" \/>\n<script type=\"application\/ld+json\" class=\"yoast-schema-graph\">{\"@context\":\"https:\\\/\\\/schema.org\",\"@graph\":[{\"@type\":\"Article\",\"@id\":\"https:\\\/\\\/transportjournal.com\\\/de\\\/2026\\\/03\\\/12\\\/dhl-bericht-zur-globalen-vernetzung\\\/#article\",\"isPartOf\":{\"@id\":\"https:\\\/\\\/transportjournal.com\\\/de\\\/2026\\\/03\\\/12\\\/dhl-bericht-zur-globalen-vernetzung\\\/\"},\"author\":{\"name\":\"Gyan Sharan\",\"@id\":\"https:\\\/\\\/transportjournal.com\\\/de\\\/#\\\/schema\\\/person\\\/13a9fc605c753db60ef7750a229cd042\"},\"headline\":\"DHL-Bericht zur globalen Vernetzung\",\"datePublished\":\"2026-03-12T11:51:15+00:00\",\"mainEntityOfPage\":{\"@id\":\"https:\\\/\\\/transportjournal.com\\\/de\\\/2026\\\/03\\\/12\\\/dhl-bericht-zur-globalen-vernetzung\\\/\"},\"wordCount\":243,\"commentCount\":0,\"publisher\":{\"@id\":\"https:\\\/\\\/transportjournal.com\\\/de\\\/#organization\"},\"image\":{\"@id\":\"https:\\\/\\\/transportjournal.com\\\/de\\\/2026\\\/03\\\/12\\\/dhl-bericht-zur-globalen-vernetzung\\\/#primaryimage\"},\"thumbnailUrl\":\"https:\\\/\\\/transportjournal.com\\\/wp-content\\\/uploads\\\/sites\\\/2\\\/2026\\\/03\\\/DHL-Global_connectedness_report-2026-cover-scaled-aspect-ratio-1400-788.jpg\",\"keywords\":[\"Afrique subsaharienne\",\"analyse de march\u00e9\",\"connectivit\u00e9 mondiale\",\"cross-border mobility\",\"Deutsch DHL\",\"d\u00e9veloppement des infrastructures\",\"Digitalisierung in der Logistik\",\"digitalization in logistics\",\"economic integration\",\"economic stability\",\"Fachkr\u00e4ftemangel in der Logistik\",\"flux commerciaux internationaux\",\"geopolitical tensions\",\"geopolitische Spannungen\",\"gestion de la cha\u00eene d'approvisionnement\",\"global connectivity\",\"globale Vernetzung\",\"Globalisierung\",\"globalization\",\"grenz\u00fcberschreitende Mobilit\u00e4t\",\"Hafenbetrieb\",\"Handelsbeziehungen USA-China\",\"infrastructure development\",\"Infrastrukturentwicklung\",\"int\u00e9gration \u00e9conomique\",\"international partnerships Fran\u00e7ais DHL\",\"international trade flows\",\"internationale Handelsstr\u00f6me\",\"internationale Partnerschaften English DHL\",\"investissements en Afrique\",\"Investitionen in Afrika\",\"investments in Africa\",\"labor shortages in logistics\",\"logistics service providers\",\"Logistikdienstleister\",\"market analysis\",\"Marktanalysen\",\"mobilit\u00e9 transfrontali\u00e8re\",\"mondialisation\",\"num\u00e9risation dans la logistique\",\"op\u00e9rations portuaires\",\"partenariats internationaux\",\"p\u00e9nurie de main-d'\u0153uvre dans la logistique\",\"port operations\",\"prestataires de services logistiques\",\"relations commerciales \u00c9tats-Unis-Chine\",\"stabilit\u00e9 \u00e9conomique\",\"Sub-Saharan Africa\",\"Subsahara-Afrika\",\"Supply Chain Management\",\"tariffs and trade policy\",\"tarifs et politique commerciale\",\"tensions g\u00e9opolitiques\",\"US-China trade relations\",\"wirtschaftliche Integration\",\"wirtschaftliche Stabilit\u00e4t\",\"Z\u00f6lle und Handelspolitik\"],\"articleSection\":[\"Spedition &amp; Logistik\"],\"inLanguage\":\"de\",\"potentialAction\":[{\"@type\":\"CommentAction\",\"name\":\"Comment\",\"target\":[\"https:\\\/\\\/transportjournal.com\\\/de\\\/2026\\\/03\\\/12\\\/dhl-bericht-zur-globalen-vernetzung\\\/#respond\"]}]},{\"@type\":\"WebPage\",\"@id\":\"https:\\\/\\\/transportjournal.com\\\/de\\\/2026\\\/03\\\/12\\\/dhl-bericht-zur-globalen-vernetzung\\\/\",\"url\":\"https:\\\/\\\/transportjournal.com\\\/de\\\/2026\\\/03\\\/12\\\/dhl-bericht-zur-globalen-vernetzung\\\/\",\"name\":\"DHL-Bericht zur globalen Vernetzung - ITJ | International Transport Journal\",\"isPartOf\":{\"@id\":\"https:\\\/\\\/transportjournal.com\\\/de\\\/#website\"},\"primaryImageOfPage\":{\"@id\":\"https:\\\/\\\/transportjournal.com\\\/de\\\/2026\\\/03\\\/12\\\/dhl-bericht-zur-globalen-vernetzung\\\/#primaryimage\"},\"image\":{\"@id\":\"https:\\\/\\\/transportjournal.com\\\/de\\\/2026\\\/03\\\/12\\\/dhl-bericht-zur-globalen-vernetzung\\\/#primaryimage\"},\"thumbnailUrl\":\"https:\\\/\\\/transportjournal.com\\\/wp-content\\\/uploads\\\/sites\\\/2\\\/2026\\\/03\\\/DHL-Global_connectedness_report-2026-cover-scaled-aspect-ratio-1400-788.jpg\",\"datePublished\":\"2026-03-12T11:51:15+00:00\",\"breadcrumb\":{\"@id\":\"https:\\\/\\\/transportjournal.com\\\/de\\\/2026\\\/03\\\/12\\\/dhl-bericht-zur-globalen-vernetzung\\\/#breadcrumb\"},\"inLanguage\":\"de\",\"potentialAction\":[{\"@type\":\"ReadAction\",\"target\":[\"https:\\\/\\\/transportjournal.com\\\/de\\\/2026\\\/03\\\/12\\\/dhl-bericht-zur-globalen-vernetzung\\\/\"]}]},{\"@type\":\"ImageObject\",\"inLanguage\":\"de\",\"@id\":\"https:\\\/\\\/transportjournal.com\\\/de\\\/2026\\\/03\\\/12\\\/dhl-bericht-zur-globalen-vernetzung\\\/#primaryimage\",\"url\":\"https:\\\/\\\/transportjournal.com\\\/wp-content\\\/uploads\\\/sites\\\/2\\\/2026\\\/03\\\/DHL-Global_connectedness_report-2026-cover-scaled-aspect-ratio-1400-788.jpg\",\"contentUrl\":\"https:\\\/\\\/transportjournal.com\\\/wp-content\\\/uploads\\\/sites\\\/2\\\/2026\\\/03\\\/DHL-Global_connectedness_report-2026-cover-scaled-aspect-ratio-1400-788.jpg\",\"width\":2367,\"height\":1333},{\"@type\":\"BreadcrumbList\",\"@id\":\"https:\\\/\\\/transportjournal.com\\\/de\\\/2026\\\/03\\\/12\\\/dhl-bericht-zur-globalen-vernetzung\\\/#breadcrumb\",\"itemListElement\":[{\"@type\":\"ListItem\",\"position\":1,\"name\":\"Startseite\",\"item\":\"https:\\\/\\\/transportjournal.com\\\/de\\\/\"},{\"@type\":\"ListItem\",\"position\":2,\"name\":\"DHL-Bericht zur globalen Vernetzung\"}]},{\"@type\":\"WebSite\",\"@id\":\"https:\\\/\\\/transportjournal.com\\\/de\\\/#website\",\"url\":\"https:\\\/\\\/transportjournal.com\\\/de\\\/\",\"name\":\"ITJ | International Transport Journal\",\"description\":\"Stay informed with the latest global news from the transport, logistics, and supply chain industries. Transport Journal delivers expert insights, analysis, and updates across shipping, aviation, intermodal, and forwarding.\",\"publisher\":{\"@id\":\"https:\\\/\\\/transportjournal.com\\\/de\\\/#organization\"},\"potentialAction\":[{\"@type\":\"SearchAction\",\"target\":{\"@type\":\"EntryPoint\",\"urlTemplate\":\"https:\\\/\\\/transportjournal.com\\\/de\\\/?s={search_term_string}\"},\"query-input\":{\"@type\":\"PropertyValueSpecification\",\"valueRequired\":true,\"valueName\":\"search_term_string\"}}],\"inLanguage\":\"de\"},{\"@type\":\"Organization\",\"@id\":\"https:\\\/\\\/transportjournal.com\\\/de\\\/#organization\",\"name\":\"Groupe Logismedia AG\",\"alternateName\":\"Logismedia Group AG\",\"url\":\"https:\\\/\\\/transportjournal.com\\\/de\\\/\",\"logo\":{\"@type\":\"ImageObject\",\"inLanguage\":\"de\",\"@id\":\"https:\\\/\\\/transportjournal.com\\\/de\\\/#\\\/schema\\\/logo\\\/image\\\/\",\"url\":\"https:\\\/\\\/transportjournal.com\\\/wp-content\\\/uploads\\\/sites\\\/2\\\/2025\\\/09\\\/Logo_ITJ.png\",\"contentUrl\":\"https:\\\/\\\/transportjournal.com\\\/wp-content\\\/uploads\\\/sites\\\/2\\\/2025\\\/09\\\/Logo_ITJ.png\",\"width\":799,\"height\":326,\"caption\":\"Groupe Logismedia AG\"},\"image\":{\"@id\":\"https:\\\/\\\/transportjournal.com\\\/de\\\/#\\\/schema\\\/logo\\\/image\\\/\"},\"sameAs\":[\"https:\\\/\\\/www.linkedin.com\\\/company\\\/56456496\\\/admin\\\/dashboard\\\/\",\"https:\\\/\\\/www.instagram.com\\\/logismediagroup\\\/\",\"https:\\\/\\\/www.youtube.com\\\/@LogiamediaGroupAG\"]},{\"@type\":\"Person\",\"@id\":\"https:\\\/\\\/transportjournal.com\\\/de\\\/#\\\/schema\\\/person\\\/13a9fc605c753db60ef7750a229cd042\",\"name\":\"Gyan Sharan\",\"url\":\"https:\\\/\\\/transportjournal.com\\\/de\\\/author\\\/gyan\\\/\"}]}<\/script>\n<!-- \/ Yoast SEO plugin. -->","yoast_head_json":{"title":"DHL-Bericht zur globalen Vernetzung - ITJ | International Transport Journal","robots":{"index":"index","follow":"follow","max-snippet":"max-snippet:-1","max-image-preview":"max-image-preview:large","max-video-preview":"max-video-preview:-1"},"canonical":"https:\/\/transportjournal.com\/de\/2026\/03\/12\/dhl-bericht-zur-globalen-vernetzung\/","og_locale":"de_DE","og_type":"article","og_title":"DHL-Bericht zur globalen Vernetzung - ITJ | International Transport Journal","og_description":"Der \u00abDHL Global Connectedness Report 2026\u00bb zeigt, dass die Globalisierung trotz geopolitischer Spannungen und Handelsunsicherheiten weiterhin stabil bleibt.","og_url":"https:\/\/transportjournal.com\/de\/2026\/03\/12\/dhl-bericht-zur-globalen-vernetzung\/","og_site_name":"ITJ | International Transport Journal","article_published_time":"2026-03-12T11:51:15+00:00","og_image":[{"width":2367,"height":1333,"url":"https:\/\/transportjournal.com\/wp-content\/uploads\/sites\/2\/2026\/03\/DHL-Global_connectedness_report-2026-cover-scaled-aspect-ratio-1400-788.jpg","type":"image\/jpeg"}],"author":"Gyan Sharan","twitter_card":"summary_large_image","twitter_misc":{"Verfasst von":"Gyan Sharan","Gesch\u00e4tzte Lesezeit":"1\u00a0Minute"},"schema":{"@context":"https:\/\/schema.org","@graph":[{"@type":"Article","@id":"https:\/\/transportjournal.com\/de\/2026\/03\/12\/dhl-bericht-zur-globalen-vernetzung\/#article","isPartOf":{"@id":"https:\/\/transportjournal.com\/de\/2026\/03\/12\/dhl-bericht-zur-globalen-vernetzung\/"},"author":{"name":"Gyan Sharan","@id":"https:\/\/transportjournal.com\/de\/#\/schema\/person\/13a9fc605c753db60ef7750a229cd042"},"headline":"DHL-Bericht zur globalen Vernetzung","datePublished":"2026-03-12T11:51:15+00:00","mainEntityOfPage":{"@id":"https:\/\/transportjournal.com\/de\/2026\/03\/12\/dhl-bericht-zur-globalen-vernetzung\/"},"wordCount":243,"commentCount":0,"publisher":{"@id":"https:\/\/transportjournal.com\/de\/#organization"},"image":{"@id":"https:\/\/transportjournal.com\/de\/2026\/03\/12\/dhl-bericht-zur-globalen-vernetzung\/#primaryimage"},"thumbnailUrl":"https:\/\/transportjournal.com\/wp-content\/uploads\/sites\/2\/2026\/03\/DHL-Global_connectedness_report-2026-cover-scaled-aspect-ratio-1400-788.jpg","keywords":["Afrique subsaharienne","analyse de march\u00e9","connectivit\u00e9 mondiale","cross-border mobility","Deutsch DHL","d\u00e9veloppement des infrastructures","Digitalisierung in der Logistik","digitalization in logistics","economic integration","economic stability","Fachkr\u00e4ftemangel in der Logistik","flux commerciaux internationaux","geopolitical tensions","geopolitische Spannungen","gestion de la cha\u00eene d'approvisionnement","global connectivity","globale Vernetzung","Globalisierung","globalization","grenz\u00fcberschreitende Mobilit\u00e4t","Hafenbetrieb","Handelsbeziehungen USA-China","infrastructure development","Infrastrukturentwicklung","int\u00e9gration \u00e9conomique","international partnerships Fran\u00e7ais DHL","international trade flows","internationale Handelsstr\u00f6me","internationale Partnerschaften English DHL","investissements en Afrique","Investitionen in Afrika","investments in Africa","labor shortages in logistics","logistics service providers","Logistikdienstleister","market analysis","Marktanalysen","mobilit\u00e9 transfrontali\u00e8re","mondialisation","num\u00e9risation dans la logistique","op\u00e9rations portuaires","partenariats internationaux","p\u00e9nurie de main-d'\u0153uvre dans la logistique","port operations","prestataires de services logistiques","relations commerciales \u00c9tats-Unis-Chine","stabilit\u00e9 \u00e9conomique","Sub-Saharan Africa","Subsahara-Afrika","Supply Chain Management","tariffs and trade policy","tarifs et politique commerciale","tensions g\u00e9opolitiques","US-China trade relations","wirtschaftliche Integration","wirtschaftliche Stabilit\u00e4t","Z\u00f6lle und Handelspolitik"],"articleSection":["Spedition &amp; Logistik"],"inLanguage":"de","potentialAction":[{"@type":"CommentAction","name":"Comment","target":["https:\/\/transportjournal.com\/de\/2026\/03\/12\/dhl-bericht-zur-globalen-vernetzung\/#respond"]}]},{"@type":"WebPage","@id":"https:\/\/transportjournal.com\/de\/2026\/03\/12\/dhl-bericht-zur-globalen-vernetzung\/","url":"https:\/\/transportjournal.com\/de\/2026\/03\/12\/dhl-bericht-zur-globalen-vernetzung\/","name":"DHL-Bericht zur globalen Vernetzung - ITJ | International Transport Journal","isPartOf":{"@id":"https:\/\/transportjournal.com\/de\/#website"},"primaryImageOfPage":{"@id":"https:\/\/transportjournal.com\/de\/2026\/03\/12\/dhl-bericht-zur-globalen-vernetzung\/#primaryimage"},"image":{"@id":"https:\/\/transportjournal.com\/de\/2026\/03\/12\/dhl-bericht-zur-globalen-vernetzung\/#primaryimage"},"thumbnailUrl":"https:\/\/transportjournal.com\/wp-content\/uploads\/sites\/2\/2026\/03\/DHL-Global_connectedness_report-2026-cover-scaled-aspect-ratio-1400-788.jpg","datePublished":"2026-03-12T11:51:15+00:00","breadcrumb":{"@id":"https:\/\/transportjournal.com\/de\/2026\/03\/12\/dhl-bericht-zur-globalen-vernetzung\/#breadcrumb"},"inLanguage":"de","potentialAction":[{"@type":"ReadAction","target":["https:\/\/transportjournal.com\/de\/2026\/03\/12\/dhl-bericht-zur-globalen-vernetzung\/"]}]},{"@type":"ImageObject","inLanguage":"de","@id":"https:\/\/transportjournal.com\/de\/2026\/03\/12\/dhl-bericht-zur-globalen-vernetzung\/#primaryimage","url":"https:\/\/transportjournal.com\/wp-content\/uploads\/sites\/2\/2026\/03\/DHL-Global_connectedness_report-2026-cover-scaled-aspect-ratio-1400-788.jpg","contentUrl":"https:\/\/transportjournal.com\/wp-content\/uploads\/sites\/2\/2026\/03\/DHL-Global_connectedness_report-2026-cover-scaled-aspect-ratio-1400-788.jpg","width":2367,"height":1333},{"@type":"BreadcrumbList","@id":"https:\/\/transportjournal.com\/de\/2026\/03\/12\/dhl-bericht-zur-globalen-vernetzung\/#breadcrumb","itemListElement":[{"@type":"ListItem","position":1,"name":"Startseite","item":"https:\/\/transportjournal.com\/de\/"},{"@type":"ListItem","position":2,"name":"DHL-Bericht zur globalen Vernetzung"}]},{"@type":"WebSite","@id":"https:\/\/transportjournal.com\/de\/#website","url":"https:\/\/transportjournal.com\/de\/","name":"ITJ | International Transport Journal","description":"Stay informed with the latest global news from the transport, logistics, and supply chain industries. Transport Journal delivers expert insights, analysis, and updates across shipping, aviation, intermodal, and forwarding.","publisher":{"@id":"https:\/\/transportjournal.com\/de\/#organization"},"potentialAction":[{"@type":"SearchAction","target":{"@type":"EntryPoint","urlTemplate":"https:\/\/transportjournal.com\/de\/?s={search_term_string}"},"query-input":{"@type":"PropertyValueSpecification","valueRequired":true,"valueName":"search_term_string"}}],"inLanguage":"de"},{"@type":"Organization","@id":"https:\/\/transportjournal.com\/de\/#organization","name":"Groupe Logismedia AG","alternateName":"Logismedia Group AG","url":"https:\/\/transportjournal.com\/de\/","logo":{"@type":"ImageObject","inLanguage":"de","@id":"https:\/\/transportjournal.com\/de\/#\/schema\/logo\/image\/","url":"https:\/\/transportjournal.com\/wp-content\/uploads\/sites\/2\/2025\/09\/Logo_ITJ.png","contentUrl":"https:\/\/transportjournal.com\/wp-content\/uploads\/sites\/2\/2025\/09\/Logo_ITJ.png","width":799,"height":326,"caption":"Groupe Logismedia AG"},"image":{"@id":"https:\/\/transportjournal.com\/de\/#\/schema\/logo\/image\/"},"sameAs":["https:\/\/www.linkedin.com\/company\/56456496\/admin\/dashboard\/","https:\/\/www.instagram.com\/logismediagroup\/","https:\/\/www.youtube.com\/@LogiamediaGroupAG"]},{"@type":"Person","@id":"https:\/\/transportjournal.com\/de\/#\/schema\/person\/13a9fc605c753db60ef7750a229cd042","name":"Gyan Sharan","url":"https:\/\/transportjournal.com\/de\/author\/gyan\/"}]}},"_links":{"self":[{"href":"https:\/\/transportjournal.com\/de\/wp-json\/wp\/v2\/posts\/80622","targetHints":{"allow":["GET"]}}],"collection":[{"href":"https:\/\/transportjournal.com\/de\/wp-json\/wp\/v2\/posts"}],"about":[{"href":"https:\/\/transportjournal.com\/de\/wp-json\/wp\/v2\/types\/post"}],"author":[{"embeddable":true,"href":"https:\/\/transportjournal.com\/de\/wp-json\/wp\/v2\/users\/14"}],"replies":[{"embeddable":true,"href":"https:\/\/transportjournal.com\/de\/wp-json\/wp\/v2\/comments?post=80622"}],"version-history":[{"count":0,"href":"https:\/\/transportjournal.com\/de\/wp-json\/wp\/v2\/posts\/80622\/revisions"}],"wp:featuredmedia":[{"embeddable":true,"href":"https:\/\/transportjournal.com\/de\/wp-json\/wp\/v2\/media\/80621"}],"wp:attachment":[{"href":"https:\/\/transportjournal.com\/de\/wp-json\/wp\/v2\/media?parent=80622"}],"wp:term":[{"taxonomy":"category","embeddable":true,"href":"https:\/\/transportjournal.com\/de\/wp-json\/wp\/v2\/categories?post=80622"},{"taxonomy":"post_tag","embeddable":true,"href":"https:\/\/transportjournal.com\/de\/wp-json\/wp\/v2\/tags?post=80622"}],"curies":[{"name":"wp","href":"https:\/\/api.w.org\/{rel}","templated":true}]}}