{"id":80536,"date":"2026-03-12T08:47:34","date_gmt":"2026-03-12T08:47:34","guid":{"rendered":"https:\/\/transportjournal.com\/2026\/03\/12\/frankfurt-und-changi-treten-cargo-iq-bei\/"},"modified":"2026-03-12T10:07:51","modified_gmt":"2026-03-12T09:07:51","slug":"frankfurt-und-changi-treten-cargo-iq-bei","status":"publish","type":"post","link":"https:\/\/transportjournal.com\/de\/2026\/03\/12\/frankfurt-und-changi-treten-cargo-iq-bei\/","title":{"rendered":"Frankfurt und Changi treten Cargo iQ bei"},"content":{"rendered":"<p>Cargo iQ hat bekannt gegeben, dass der Flughafen Frankfurt und der Flughafen Singapore Changi als neue strategische Mitglieder des World Cargo Symposiums der International Air Transport Association in Lima, Peru aufgenommen wurden. Marie Seco-K\u00f6ppen, Gesch\u00e4ftsf\u00fchrerin von Cargo iQ, erl\u00e4uterte, dass die beiden Flugh\u00e4fen gemeinsam mit Cargo iQ an einem Projektplan arbeiten werden, der Anforderungen und Wertversprechen definieren soll.<\/p>\n<h3>Zusammenarbeit zur Verbesserung der Luftfracht-Lieferkette<\/h3>\n<p>Die Mitgliedschaft der beiden Flugh\u00e4fen soll es Cargo iQ erm\u00f6glichen, Einblicke in die Abl\u00e4ufe der Fl\u00fcge und die Frachtabfertigung zu gewinnen. Sobald ein formelles Wertversprechen entwickelt ist, werden die Flugh\u00e4fen &#8222;<span data-olk-copy-source=\"MessageBody\">ein umsetzbares Mitglied des Rahmens von Cargo iQ&#8220;, teilt das Unternehmen mit<\/span>. Dies umfasst die Mitwirkung am Master Operating Plan (MOP) von Cargo iQ sowie die Anpassung von Leistungsdefinitionen. Diese Schritte sind gem\u00e4ss Cargo iQ Teil einer fortlaufenden Strategie, die darauf abzielt, die Luftfracht-Lieferkette durch gemeinsame Wertversprechen zu optimieren.<\/p>\n<p><a href=\"https:\/\/www.cargoiq.org\/\" target=\"_blank\" rel=\"noopener noreferrer\">www.cargoiq.org<\/a><\/p>\n","protected":false},"excerpt":{"rendered":"<p>Cargo iQ hat bekannt gegeben, dass die Flugh\u00e4fen Frankfurt und Singapore Changi als neue Mitglieder beigetreten sind.<\/p>\n","protected":false},"author":10,"featured_media":80535,"comment_status":"open","ping_status":"","sticky":false,"template":"","format":"standard","meta":{"_acf_changed":false,"footnotes":""},"categories":[1578,1574,1575,1570],"tags":[7127,8552,2648,26240,26241,25324,26242,8932,25328,7135,26243,3739,14237,14238,4951,26244,8573,8939,1958,8575,4091,2655,2952,2123,2277,3745,2075,2960,26245,2961,2133,1831,1962,26246,26247,26248,9447,26249,4962,26250,2826,26251,2148,26252,2834,2835,2106,4974,14263,4105,26253,26254,26255],"class_list":["post-80536","post","type-post","status-publish","format-standard","has-post-thumbnail","hentry","category-amerikas","category-asien-pazifik","category-europa","category-luftfracht","tag-aeroport-de-changi","tag-aeroport-de-francfort","tag-air-freight","tag-air-freight-industry-francais-cargo-iq","tag-air-freight-optimization","tag-air-freight-supply-chain","tag-association-internationale-du-transport-aerien","tag-cargo-handling","tag-chaine-dapprovisionnement-aerienne","tag-changi-airport","tag-deutsch-cargo-iq","tag-developpement-des-infrastructures","tag-digital-transformation-in-logistics","tag-digitale-transformation-in-der-logistik","tag-durabilite-dans-laviation","tag-flughafen-changi","tag-flughafen-frankfurt","tag-frachtabfertigung","tag-frachttransport","tag-frankfurt-airport","tag-freight-transport","tag-fret-aerien","tag-fret-aerien-international","tag-gestion-de-la-chaine-dapprovisionnement","tag-industrie-du-fret-aerien","tag-infrastructure-development","tag-infrastrukturentwicklung","tag-international-air-freight","tag-international-air-transport-association","tag-internationale-luftfracht","tag-logistics-service-providers","tag-logistikdienstleister","tag-luftfracht","tag-luftfracht-lieferkette","tag-luftfrachtindustrie-english-cargo-iq","tag-luftfrachtoptimierung","tag-manutention-de-fret","tag-master-operating-plan","tag-nachhaltigkeit-in-der-luftfahrt","tag-optimisation-du-fret-aerien","tag-partenariats-strategiques","tag-plan-operationnel-maitre","tag-prestataires-de-services-logistiques","tag-propositions-de-valeur-en-logistique","tag-strategic-partnerships","tag-strategische-partnerschaften","tag-supply-chain-management","tag-sustainability-in-aviation","tag-transformation-numerique-dans-la-logistique","tag-transport-de-fret","tag-value-propositions-in-logistics","tag-wertversprechen-in-der-logistik","tag-world-cargo-symposium"],"acf":[],"yoast_head":"<!-- This site is optimized with the Yoast SEO plugin v27.3 - https:\/\/yoast.com\/product\/yoast-seo-wordpress\/ -->\n<title>Frankfurt und Changi treten Cargo iQ bei - ITJ | International Transport Journal<\/title>\n<meta name=\"robots\" content=\"index, follow, max-snippet:-1, max-image-preview:large, max-video-preview:-1\" \/>\n<link rel=\"canonical\" href=\"https:\/\/transportjournal.com\/de\/2026\/03\/12\/frankfurt-und-changi-treten-cargo-iq-bei\/\" \/>\n<meta property=\"og:locale\" content=\"de_DE\" \/>\n<meta property=\"og:type\" content=\"article\" \/>\n<meta property=\"og:title\" content=\"Frankfurt und Changi treten Cargo iQ bei - ITJ | International Transport Journal\" \/>\n<meta property=\"og:description\" content=\"Cargo iQ hat bekannt gegeben, dass die Flugh\u00e4fen Frankfurt und Singapore Changi als neue Mitglieder beigetreten sind.\" \/>\n<meta property=\"og:url\" content=\"https:\/\/transportjournal.com\/de\/2026\/03\/12\/frankfurt-und-changi-treten-cargo-iq-bei\/\" \/>\n<meta property=\"og:site_name\" content=\"ITJ | International Transport Journal\" \/>\n<meta property=\"article:published_time\" content=\"2026-03-12T08:47:34+00:00\" \/>\n<meta property=\"article:modified_time\" content=\"2026-03-12T09:07:51+00:00\" \/>\n<meta property=\"og:image\" content=\"https:\/\/transportjournal.com\/wp-content\/uploads\/sites\/2\/2026\/03\/CIQ-Photo-scaled-1-aspect-ratio-1400-788.jpg\" \/>\n\t<meta property=\"og:image:width\" content=\"2048\" \/>\n\t<meta property=\"og:image:height\" content=\"1153\" \/>\n\t<meta property=\"og:image:type\" content=\"image\/jpeg\" \/>\n<meta name=\"author\" content=\"Jeremy Soland\" \/>\n<meta name=\"twitter:card\" content=\"summary_large_image\" \/>\n<meta name=\"twitter:label1\" content=\"Verfasst von\" \/>\n\t<meta name=\"twitter:data1\" content=\"Jeremy Soland\" \/>\n\t<meta name=\"twitter:label2\" content=\"Gesch\u00e4tzte Lesezeit\" \/>\n\t<meta name=\"twitter:data2\" content=\"1\u00a0Minute\" \/>\n<script type=\"application\/ld+json\" class=\"yoast-schema-graph\">{\"@context\":\"https:\\\/\\\/schema.org\",\"@graph\":[{\"@type\":\"Article\",\"@id\":\"https:\\\/\\\/transportjournal.com\\\/de\\\/2026\\\/03\\\/12\\\/frankfurt-und-changi-treten-cargo-iq-bei\\\/#article\",\"isPartOf\":{\"@id\":\"https:\\\/\\\/transportjournal.com\\\/de\\\/2026\\\/03\\\/12\\\/frankfurt-und-changi-treten-cargo-iq-bei\\\/\"},\"author\":{\"name\":\"Jeremy Soland\",\"@id\":\"https:\\\/\\\/transportjournal.com\\\/de\\\/#\\\/schema\\\/person\\\/41d36b5474b623392fa613e97e2363fa\"},\"headline\":\"Frankfurt und Changi treten Cargo iQ bei\",\"datePublished\":\"2026-03-12T08:47:34+00:00\",\"dateModified\":\"2026-03-12T09:07:51+00:00\",\"mainEntityOfPage\":{\"@id\":\"https:\\\/\\\/transportjournal.com\\\/de\\\/2026\\\/03\\\/12\\\/frankfurt-und-changi-treten-cargo-iq-bei\\\/\"},\"wordCount\":163,\"commentCount\":0,\"publisher\":{\"@id\":\"https:\\\/\\\/transportjournal.com\\\/de\\\/#organization\"},\"image\":{\"@id\":\"https:\\\/\\\/transportjournal.com\\\/de\\\/2026\\\/03\\\/12\\\/frankfurt-und-changi-treten-cargo-iq-bei\\\/#primaryimage\"},\"thumbnailUrl\":\"https:\\\/\\\/transportjournal.com\\\/wp-content\\\/uploads\\\/sites\\\/2\\\/2026\\\/03\\\/CIQ-Photo-scaled-1-aspect-ratio-1400-788.jpg\",\"keywords\":[\"a\u00e9roport de Changi\",\"a\u00e9roport de Francfort\",\"air freight\",\"air freight industry Fran\u00e7ais Cargo iQ\",\"air freight optimization\",\"air freight supply chain\",\"Association internationale du transport a\u00e9rien\",\"cargo handling\",\"cha\u00eene d'approvisionnement a\u00e9rienne\",\"Changi Airport\",\"Deutsch Cargo iQ\",\"d\u00e9veloppement des infrastructures\",\"digital transformation in logistics\",\"digitale Transformation in der Logistik\",\"durabilit\u00e9 dans l'aviation\",\"Flughafen Changi\",\"Flughafen Frankfurt\",\"Frachtabfertigung\",\"Frachttransport\",\"Frankfurt Airport\",\"freight transport\",\"fret a\u00e9rien\",\"fret a\u00e9rien international\",\"gestion de la cha\u00eene d'approvisionnement\",\"industrie du fret a\u00e9rien\",\"infrastructure development\",\"Infrastrukturentwicklung\",\"international air freight\",\"International Air Transport Association\",\"internationale Luftfracht\",\"logistics service providers\",\"Logistikdienstleister\",\"Luftfracht\",\"Luftfracht-Lieferkette\",\"Luftfrachtindustrie English Cargo iQ\",\"Luftfrachtoptimierung\",\"manutention de fret\",\"Master Operating Plan\",\"Nachhaltigkeit in der Luftfahrt\",\"optimisation du fret a\u00e9rien\",\"partenariats strat\u00e9giques\",\"plan op\u00e9rationnel ma\u00eetre\",\"prestataires de services logistiques\",\"propositions de valeur en logistique\",\"strategic partnerships\",\"strategische Partnerschaften\",\"Supply Chain Management\",\"sustainability in aviation\",\"transformation num\u00e9rique dans la logistique\",\"transport de fret\",\"value propositions in logistics\",\"Wertversprechen in der Logistik\",\"World Cargo Symposium\"],\"articleSection\":[\"Amerikas\",\"Asien\\\/Pazifik\",\"Europa\",\"Luftfracht\"],\"inLanguage\":\"de\",\"potentialAction\":[{\"@type\":\"CommentAction\",\"name\":\"Comment\",\"target\":[\"https:\\\/\\\/transportjournal.com\\\/de\\\/2026\\\/03\\\/12\\\/frankfurt-und-changi-treten-cargo-iq-bei\\\/#respond\"]}]},{\"@type\":\"WebPage\",\"@id\":\"https:\\\/\\\/transportjournal.com\\\/de\\\/2026\\\/03\\\/12\\\/frankfurt-und-changi-treten-cargo-iq-bei\\\/\",\"url\":\"https:\\\/\\\/transportjournal.com\\\/de\\\/2026\\\/03\\\/12\\\/frankfurt-und-changi-treten-cargo-iq-bei\\\/\",\"name\":\"Frankfurt und Changi treten Cargo iQ bei - ITJ | International Transport Journal\",\"isPartOf\":{\"@id\":\"https:\\\/\\\/transportjournal.com\\\/de\\\/#website\"},\"primaryImageOfPage\":{\"@id\":\"https:\\\/\\\/transportjournal.com\\\/de\\\/2026\\\/03\\\/12\\\/frankfurt-und-changi-treten-cargo-iq-bei\\\/#primaryimage\"},\"image\":{\"@id\":\"https:\\\/\\\/transportjournal.com\\\/de\\\/2026\\\/03\\\/12\\\/frankfurt-und-changi-treten-cargo-iq-bei\\\/#primaryimage\"},\"thumbnailUrl\":\"https:\\\/\\\/transportjournal.com\\\/wp-content\\\/uploads\\\/sites\\\/2\\\/2026\\\/03\\\/CIQ-Photo-scaled-1-aspect-ratio-1400-788.jpg\",\"datePublished\":\"2026-03-12T08:47:34+00:00\",\"dateModified\":\"2026-03-12T09:07:51+00:00\",\"breadcrumb\":{\"@id\":\"https:\\\/\\\/transportjournal.com\\\/de\\\/2026\\\/03\\\/12\\\/frankfurt-und-changi-treten-cargo-iq-bei\\\/#breadcrumb\"},\"inLanguage\":\"de\",\"potentialAction\":[{\"@type\":\"ReadAction\",\"target\":[\"https:\\\/\\\/transportjournal.com\\\/de\\\/2026\\\/03\\\/12\\\/frankfurt-und-changi-treten-cargo-iq-bei\\\/\"]}]},{\"@type\":\"ImageObject\",\"inLanguage\":\"de\",\"@id\":\"https:\\\/\\\/transportjournal.com\\\/de\\\/2026\\\/03\\\/12\\\/frankfurt-und-changi-treten-cargo-iq-bei\\\/#primaryimage\",\"url\":\"https:\\\/\\\/transportjournal.com\\\/wp-content\\\/uploads\\\/sites\\\/2\\\/2026\\\/03\\\/CIQ-Photo-scaled-1-aspect-ratio-1400-788.jpg\",\"contentUrl\":\"https:\\\/\\\/transportjournal.com\\\/wp-content\\\/uploads\\\/sites\\\/2\\\/2026\\\/03\\\/CIQ-Photo-scaled-1-aspect-ratio-1400-788.jpg\",\"width\":2048,\"height\":1153},{\"@type\":\"BreadcrumbList\",\"@id\":\"https:\\\/\\\/transportjournal.com\\\/de\\\/2026\\\/03\\\/12\\\/frankfurt-und-changi-treten-cargo-iq-bei\\\/#breadcrumb\",\"itemListElement\":[{\"@type\":\"ListItem\",\"position\":1,\"name\":\"Startseite\",\"item\":\"https:\\\/\\\/transportjournal.com\\\/de\\\/\"},{\"@type\":\"ListItem\",\"position\":2,\"name\":\"Frankfurt und Changi treten Cargo iQ bei\"}]},{\"@type\":\"WebSite\",\"@id\":\"https:\\\/\\\/transportjournal.com\\\/de\\\/#website\",\"url\":\"https:\\\/\\\/transportjournal.com\\\/de\\\/\",\"name\":\"ITJ | International Transport Journal\",\"description\":\"Stay informed with the latest global news from the transport, logistics, and supply chain industries. Transport Journal delivers expert insights, analysis, and updates across shipping, aviation, intermodal, and forwarding.\",\"publisher\":{\"@id\":\"https:\\\/\\\/transportjournal.com\\\/de\\\/#organization\"},\"potentialAction\":[{\"@type\":\"SearchAction\",\"target\":{\"@type\":\"EntryPoint\",\"urlTemplate\":\"https:\\\/\\\/transportjournal.com\\\/de\\\/?s={search_term_string}\"},\"query-input\":{\"@type\":\"PropertyValueSpecification\",\"valueRequired\":true,\"valueName\":\"search_term_string\"}}],\"inLanguage\":\"de\"},{\"@type\":\"Organization\",\"@id\":\"https:\\\/\\\/transportjournal.com\\\/de\\\/#organization\",\"name\":\"Groupe Logismedia AG\",\"alternateName\":\"Logismedia Group AG\",\"url\":\"https:\\\/\\\/transportjournal.com\\\/de\\\/\",\"logo\":{\"@type\":\"ImageObject\",\"inLanguage\":\"de\",\"@id\":\"https:\\\/\\\/transportjournal.com\\\/de\\\/#\\\/schema\\\/logo\\\/image\\\/\",\"url\":\"https:\\\/\\\/transportjournal.com\\\/wp-content\\\/uploads\\\/sites\\\/2\\\/2025\\\/09\\\/Logo_ITJ.png\",\"contentUrl\":\"https:\\\/\\\/transportjournal.com\\\/wp-content\\\/uploads\\\/sites\\\/2\\\/2025\\\/09\\\/Logo_ITJ.png\",\"width\":799,\"height\":326,\"caption\":\"Groupe Logismedia AG\"},\"image\":{\"@id\":\"https:\\\/\\\/transportjournal.com\\\/de\\\/#\\\/schema\\\/logo\\\/image\\\/\"},\"sameAs\":[\"https:\\\/\\\/www.linkedin.com\\\/company\\\/56456496\\\/admin\\\/dashboard\\\/\",\"https:\\\/\\\/www.instagram.com\\\/logismediagroup\\\/\",\"https:\\\/\\\/www.youtube.com\\\/@LogiamediaGroupAG\"]},{\"@type\":\"Person\",\"@id\":\"https:\\\/\\\/transportjournal.com\\\/de\\\/#\\\/schema\\\/person\\\/41d36b5474b623392fa613e97e2363fa\",\"name\":\"Jeremy Soland\",\"url\":\"https:\\\/\\\/transportjournal.com\\\/de\\\/author\\\/jeremy\\\/\"}]}<\/script>\n<!-- \/ Yoast SEO plugin. -->","yoast_head_json":{"title":"Frankfurt und Changi treten Cargo iQ bei - ITJ | International Transport Journal","robots":{"index":"index","follow":"follow","max-snippet":"max-snippet:-1","max-image-preview":"max-image-preview:large","max-video-preview":"max-video-preview:-1"},"canonical":"https:\/\/transportjournal.com\/de\/2026\/03\/12\/frankfurt-und-changi-treten-cargo-iq-bei\/","og_locale":"de_DE","og_type":"article","og_title":"Frankfurt und Changi treten Cargo iQ bei - ITJ | International Transport Journal","og_description":"Cargo iQ hat bekannt gegeben, dass die Flugh\u00e4fen Frankfurt und Singapore Changi als neue Mitglieder beigetreten sind.","og_url":"https:\/\/transportjournal.com\/de\/2026\/03\/12\/frankfurt-und-changi-treten-cargo-iq-bei\/","og_site_name":"ITJ | International Transport Journal","article_published_time":"2026-03-12T08:47:34+00:00","article_modified_time":"2026-03-12T09:07:51+00:00","og_image":[{"width":2048,"height":1153,"url":"https:\/\/transportjournal.com\/wp-content\/uploads\/sites\/2\/2026\/03\/CIQ-Photo-scaled-1-aspect-ratio-1400-788.jpg","type":"image\/jpeg"}],"author":"Jeremy Soland","twitter_card":"summary_large_image","twitter_misc":{"Verfasst von":"Jeremy Soland","Gesch\u00e4tzte Lesezeit":"1\u00a0Minute"},"schema":{"@context":"https:\/\/schema.org","@graph":[{"@type":"Article","@id":"https:\/\/transportjournal.com\/de\/2026\/03\/12\/frankfurt-und-changi-treten-cargo-iq-bei\/#article","isPartOf":{"@id":"https:\/\/transportjournal.com\/de\/2026\/03\/12\/frankfurt-und-changi-treten-cargo-iq-bei\/"},"author":{"name":"Jeremy Soland","@id":"https:\/\/transportjournal.com\/de\/#\/schema\/person\/41d36b5474b623392fa613e97e2363fa"},"headline":"Frankfurt und Changi treten Cargo iQ bei","datePublished":"2026-03-12T08:47:34+00:00","dateModified":"2026-03-12T09:07:51+00:00","mainEntityOfPage":{"@id":"https:\/\/transportjournal.com\/de\/2026\/03\/12\/frankfurt-und-changi-treten-cargo-iq-bei\/"},"wordCount":163,"commentCount":0,"publisher":{"@id":"https:\/\/transportjournal.com\/de\/#organization"},"image":{"@id":"https:\/\/transportjournal.com\/de\/2026\/03\/12\/frankfurt-und-changi-treten-cargo-iq-bei\/#primaryimage"},"thumbnailUrl":"https:\/\/transportjournal.com\/wp-content\/uploads\/sites\/2\/2026\/03\/CIQ-Photo-scaled-1-aspect-ratio-1400-788.jpg","keywords":["a\u00e9roport de Changi","a\u00e9roport de Francfort","air freight","air freight industry Fran\u00e7ais Cargo iQ","air freight optimization","air freight supply chain","Association internationale du transport a\u00e9rien","cargo handling","cha\u00eene d'approvisionnement a\u00e9rienne","Changi Airport","Deutsch Cargo iQ","d\u00e9veloppement des infrastructures","digital transformation in logistics","digitale Transformation in der Logistik","durabilit\u00e9 dans l'aviation","Flughafen Changi","Flughafen Frankfurt","Frachtabfertigung","Frachttransport","Frankfurt Airport","freight transport","fret a\u00e9rien","fret a\u00e9rien international","gestion de la cha\u00eene d'approvisionnement","industrie du fret a\u00e9rien","infrastructure development","Infrastrukturentwicklung","international air freight","International Air Transport Association","internationale Luftfracht","logistics service providers","Logistikdienstleister","Luftfracht","Luftfracht-Lieferkette","Luftfrachtindustrie English Cargo iQ","Luftfrachtoptimierung","manutention de fret","Master Operating Plan","Nachhaltigkeit in der Luftfahrt","optimisation du fret a\u00e9rien","partenariats strat\u00e9giques","plan op\u00e9rationnel ma\u00eetre","prestataires de services logistiques","propositions de valeur en logistique","strategic partnerships","strategische Partnerschaften","Supply Chain Management","sustainability in aviation","transformation num\u00e9rique dans la logistique","transport de fret","value propositions in logistics","Wertversprechen in der Logistik","World Cargo Symposium"],"articleSection":["Amerikas","Asien\/Pazifik","Europa","Luftfracht"],"inLanguage":"de","potentialAction":[{"@type":"CommentAction","name":"Comment","target":["https:\/\/transportjournal.com\/de\/2026\/03\/12\/frankfurt-und-changi-treten-cargo-iq-bei\/#respond"]}]},{"@type":"WebPage","@id":"https:\/\/transportjournal.com\/de\/2026\/03\/12\/frankfurt-und-changi-treten-cargo-iq-bei\/","url":"https:\/\/transportjournal.com\/de\/2026\/03\/12\/frankfurt-und-changi-treten-cargo-iq-bei\/","name":"Frankfurt und Changi treten Cargo iQ bei - ITJ | International Transport Journal","isPartOf":{"@id":"https:\/\/transportjournal.com\/de\/#website"},"primaryImageOfPage":{"@id":"https:\/\/transportjournal.com\/de\/2026\/03\/12\/frankfurt-und-changi-treten-cargo-iq-bei\/#primaryimage"},"image":{"@id":"https:\/\/transportjournal.com\/de\/2026\/03\/12\/frankfurt-und-changi-treten-cargo-iq-bei\/#primaryimage"},"thumbnailUrl":"https:\/\/transportjournal.com\/wp-content\/uploads\/sites\/2\/2026\/03\/CIQ-Photo-scaled-1-aspect-ratio-1400-788.jpg","datePublished":"2026-03-12T08:47:34+00:00","dateModified":"2026-03-12T09:07:51+00:00","breadcrumb":{"@id":"https:\/\/transportjournal.com\/de\/2026\/03\/12\/frankfurt-und-changi-treten-cargo-iq-bei\/#breadcrumb"},"inLanguage":"de","potentialAction":[{"@type":"ReadAction","target":["https:\/\/transportjournal.com\/de\/2026\/03\/12\/frankfurt-und-changi-treten-cargo-iq-bei\/"]}]},{"@type":"ImageObject","inLanguage":"de","@id":"https:\/\/transportjournal.com\/de\/2026\/03\/12\/frankfurt-und-changi-treten-cargo-iq-bei\/#primaryimage","url":"https:\/\/transportjournal.com\/wp-content\/uploads\/sites\/2\/2026\/03\/CIQ-Photo-scaled-1-aspect-ratio-1400-788.jpg","contentUrl":"https:\/\/transportjournal.com\/wp-content\/uploads\/sites\/2\/2026\/03\/CIQ-Photo-scaled-1-aspect-ratio-1400-788.jpg","width":2048,"height":1153},{"@type":"BreadcrumbList","@id":"https:\/\/transportjournal.com\/de\/2026\/03\/12\/frankfurt-und-changi-treten-cargo-iq-bei\/#breadcrumb","itemListElement":[{"@type":"ListItem","position":1,"name":"Startseite","item":"https:\/\/transportjournal.com\/de\/"},{"@type":"ListItem","position":2,"name":"Frankfurt und Changi treten Cargo iQ bei"}]},{"@type":"WebSite","@id":"https:\/\/transportjournal.com\/de\/#website","url":"https:\/\/transportjournal.com\/de\/","name":"ITJ | International Transport Journal","description":"Stay informed with the latest global news from the transport, logistics, and supply chain industries. Transport Journal delivers expert insights, analysis, and updates across shipping, aviation, intermodal, and forwarding.","publisher":{"@id":"https:\/\/transportjournal.com\/de\/#organization"},"potentialAction":[{"@type":"SearchAction","target":{"@type":"EntryPoint","urlTemplate":"https:\/\/transportjournal.com\/de\/?s={search_term_string}"},"query-input":{"@type":"PropertyValueSpecification","valueRequired":true,"valueName":"search_term_string"}}],"inLanguage":"de"},{"@type":"Organization","@id":"https:\/\/transportjournal.com\/de\/#organization","name":"Groupe Logismedia AG","alternateName":"Logismedia Group AG","url":"https:\/\/transportjournal.com\/de\/","logo":{"@type":"ImageObject","inLanguage":"de","@id":"https:\/\/transportjournal.com\/de\/#\/schema\/logo\/image\/","url":"https:\/\/transportjournal.com\/wp-content\/uploads\/sites\/2\/2025\/09\/Logo_ITJ.png","contentUrl":"https:\/\/transportjournal.com\/wp-content\/uploads\/sites\/2\/2025\/09\/Logo_ITJ.png","width":799,"height":326,"caption":"Groupe Logismedia AG"},"image":{"@id":"https:\/\/transportjournal.com\/de\/#\/schema\/logo\/image\/"},"sameAs":["https:\/\/www.linkedin.com\/company\/56456496\/admin\/dashboard\/","https:\/\/www.instagram.com\/logismediagroup\/","https:\/\/www.youtube.com\/@LogiamediaGroupAG"]},{"@type":"Person","@id":"https:\/\/transportjournal.com\/de\/#\/schema\/person\/41d36b5474b623392fa613e97e2363fa","name":"Jeremy Soland","url":"https:\/\/transportjournal.com\/de\/author\/jeremy\/"}]}},"_links":{"self":[{"href":"https:\/\/transportjournal.com\/de\/wp-json\/wp\/v2\/posts\/80536","targetHints":{"allow":["GET"]}}],"collection":[{"href":"https:\/\/transportjournal.com\/de\/wp-json\/wp\/v2\/posts"}],"about":[{"href":"https:\/\/transportjournal.com\/de\/wp-json\/wp\/v2\/types\/post"}],"author":[{"embeddable":true,"href":"https:\/\/transportjournal.com\/de\/wp-json\/wp\/v2\/users\/10"}],"replies":[{"embeddable":true,"href":"https:\/\/transportjournal.com\/de\/wp-json\/wp\/v2\/comments?post=80536"}],"version-history":[{"count":1,"href":"https:\/\/transportjournal.com\/de\/wp-json\/wp\/v2\/posts\/80536\/revisions"}],"predecessor-version":[{"id":80543,"href":"https:\/\/transportjournal.com\/de\/wp-json\/wp\/v2\/posts\/80536\/revisions\/80543"}],"wp:featuredmedia":[{"embeddable":true,"href":"https:\/\/transportjournal.com\/de\/wp-json\/wp\/v2\/media\/80535"}],"wp:attachment":[{"href":"https:\/\/transportjournal.com\/de\/wp-json\/wp\/v2\/media?parent=80536"}],"wp:term":[{"taxonomy":"category","embeddable":true,"href":"https:\/\/transportjournal.com\/de\/wp-json\/wp\/v2\/categories?post=80536"},{"taxonomy":"post_tag","embeddable":true,"href":"https:\/\/transportjournal.com\/de\/wp-json\/wp\/v2\/tags?post=80536"}],"curies":[{"name":"wp","href":"https:\/\/api.w.org\/{rel}","templated":true}]}}