{"id":80484,"date":"2026-03-11T14:31:19","date_gmt":"2026-03-11T14:31:19","guid":{"rendered":"https:\/\/transportjournal.com\/2026\/03\/11\/lufthansa-piloten-planen-zweitaegigen-streik\/"},"modified":"2026-03-11T15:47:05","modified_gmt":"2026-03-11T14:47:05","slug":"lufthansa-piloten-planen-zweitaegigen-streik","status":"publish","type":"post","link":"https:\/\/transportjournal.com\/de\/2026\/03\/11\/lufthansa-piloten-planen-zweitaegigen-streik\/","title":{"rendered":"Lufthansa-Piloten planen zweit\u00e4gigen Streik"},"content":{"rendered":"<p>Bei der Lufthansa zeichnet sich ein Pilotenstreik ab. Die Gewerkschaft Vereinigung Cockpit (VC) hat ihre Mitglieder dazu aufgerufen, am Donnerstag und Freitag (12.-13.3.) die Arbeit niederzulegen. Der geplante Arbeitskampf soll 48 Stunden dauern und k\u00f6nnte zahlreiche Fl\u00fcge der Lufthansa-Gruppe beeintr\u00e4chtigen.<\/p>\n<p>Betroffen w\u00e4ren insbesondere Starts in Deutschland, darunter Verbindungen der Marke Lufthansa, ihrer Frachtgesellschaft Lufthansa Cargo sowie der Regionalfluglinie Lufthansa Cityline. Hintergrund sind weiterhin ungel\u00f6ste Tarifverhandlungen zwischen der Fluggesellschaft und der Pilotenvertretung.<\/p>\n<p>Bereits Mitte Februar hatte es im Rahmen der laufenden Tarifrunde einen eint\u00e4gigen Streik gegeben. Auch diesmal haben sich die Piloten der betroffenen Flugbetriebe in Urabstimmungen mehrheitlich f\u00fcr Arbeitskampfmassnahmen ausgesprochen. Bei Eurowings l\u00e4uft eine entsprechende Abstimmung noch, weshalb deren Besch\u00e4ftigte an den aktuellen Streiks voraussichtlich nicht teilnehmen werden.<\/p>\n<p>Fl\u00fcge in den Nahen Osten sollen ausdr\u00fccklich nicht bestreikt werden. Die Gewerkschaft begr\u00fcndet dies mit der angespannten Lage im regionalen Luftverkehr. Hintergrund des Konflikts sind laut VC weiterhin ergebnislose Gespr\u00e4che \u00fcber die betriebliche Altersversorgung bei Lufthansa und Lufthansa Cargo. Die Gewerkschaft fordert von der Unternehmensseite ein verbessertes Angebot.<\/p>\n<p><a href=\"https:\/\/newsroom.lufthansagroup.com\" target=\"_blank\" rel=\"noopener noreferrer\">www.newsroom.lufthansagroup.com<\/a><\/p>\n<p><a href=\"https:\/\/www.zdfheute.de\" target=\"_blank\" rel=\"noopener noreferrer\">www.zdfheute.de<\/a><\/p>\n","protected":false},"excerpt":{"rendered":"<p>Ein Pilotenstreik bei Lufthansa wird f\u00fcr den 12. und 13. M\u00e4rz angek\u00fcndigt, was zahlreiche Fl\u00fcge der Airline beeintr\u00e4chtigen k\u00f6nnte.<\/p>\n","protected":false},"author":14,"featured_media":80483,"comment_status":"open","ping_status":"","sticky":false,"template":"","format":"standard","meta":{"_acf_changed":false,"footnotes":""},"categories":[1575,1570],"tags":[26107,26108,26109,26110,26111,26112,26113,3397,26114,26115,26116,26117,26118,26119,26120,26121,26122,26123,26124,26125,26126,26127,26128,26129,26130,26131,26132,3418,26133,4293,2035,26134,26135,26136,26137,26138,26139,26140,26141,26142,26143,26144,26145,26146,26147,26148,26149,26150,26151,26152,26153,26154,26155,26156,26157,26158],"class_list":["post-80484","post","type-post","status-publish","format-standard","has-post-thumbnail","hentry","category-europa","category-luftfracht","tag-actions-de-greve","tag-affected-flights","tag-air-freight-logistics-francais-lufthansa","tag-air-traffic-middle-east","tag-annonce-de-greve","tag-arbeitskampf","tag-arbeitskampfmassnahmen","tag-aviation-industry","tag-bargaining-round","tag-betriebliche-altersversorgung","tag-collective-bargaining","tag-compagnie-regionale-lufthansa-cityline","tag-conflit-de-travail","tag-deutsch-lufthansa","tag-droits-des-passagers","tag-duree-de-greve-48-heures","tag-eurowings-streik","tag-eurowings-strike","tag-flights-germany","tag-fluege-beeintraechtigt","tag-fluege-deutschland","tag-fluggastrechte","tag-frachtgesellschaft-lufthansa","tag-freight-company-lufthansa","tag-gewerkschaft-vereinigung-cockpit","tag-greve-des-pilotes","tag-greve-eurowings","tag-industrie-aeronautique","tag-labor-dispute","tag-logistique-aerienne","tag-luftfahrtbranche","tag-luftfahrtlogistik-english-lufthansa","tag-lufthansa-cargo","tag-luftverkehr-naher-osten","tag-negociations-collectives","tag-occupational-pension-scheme","tag-passenger-rights","tag-pilotenstreik","tag-pilots-strike","tag-regime-de-retraite-professionnel","tag-regional-airline-lufthansa-cityline","tag-regionalfluglinie-lufthansa-cityline","tag-ronde-de-negociations","tag-societe-de-fret-lufthansa","tag-streikankuendigung","tag-streikdauer-48-stunden","tag-strike-actions","tag-strike-announcement","tag-strike-duration-48-hours","tag-syndicat-vereinigung-cockpit","tag-tarifrunde","tag-tarifverhandlungen","tag-trafic-aerien-moyen-orient","tag-vereinigung-cockpit-union","tag-vols-affectes","tag-vols-allemagne"],"acf":[],"yoast_head":"<!-- This site is optimized with the Yoast SEO plugin v27.3 - https:\/\/yoast.com\/product\/yoast-seo-wordpress\/ -->\n<title>Lufthansa-Piloten planen zweit\u00e4gigen Streik - ITJ | International Transport Journal<\/title>\n<meta name=\"robots\" content=\"index, follow, max-snippet:-1, max-image-preview:large, max-video-preview:-1\" \/>\n<link rel=\"canonical\" href=\"https:\/\/transportjournal.com\/de\/2026\/03\/11\/lufthansa-piloten-planen-zweitaegigen-streik\/\" \/>\n<meta property=\"og:locale\" content=\"de_DE\" \/>\n<meta property=\"og:type\" content=\"article\" \/>\n<meta property=\"og:title\" content=\"Lufthansa-Piloten planen zweit\u00e4gigen Streik - ITJ | International Transport Journal\" \/>\n<meta property=\"og:description\" content=\"Ein Pilotenstreik bei Lufthansa wird f\u00fcr den 12. und 13. M\u00e4rz angek\u00fcndigt, was zahlreiche Fl\u00fcge der Airline beeintr\u00e4chtigen k\u00f6nnte.\" \/>\n<meta property=\"og:url\" content=\"https:\/\/transportjournal.com\/de\/2026\/03\/11\/lufthansa-piloten-planen-zweitaegigen-streik\/\" \/>\n<meta property=\"og:site_name\" content=\"ITJ | International Transport Journal\" \/>\n<meta property=\"article:published_time\" content=\"2026-03-11T14:31:19+00:00\" \/>\n<meta property=\"article:modified_time\" content=\"2026-03-11T14:47:05+00:00\" \/>\n<meta property=\"og:image\" content=\"https:\/\/transportjournal.com\/wp-content\/uploads\/sites\/2\/2026\/03\/NEW_A321F_B777F_Lateral_PPT_Min-scaled-aspect-ratio-1400-788-2.jpg\" \/>\n\t<meta property=\"og:image:width\" content=\"2471\" \/>\n\t<meta property=\"og:image:height\" content=\"1391\" \/>\n\t<meta property=\"og:image:type\" content=\"image\/jpeg\" \/>\n<meta name=\"author\" content=\"Gyan Sharan\" \/>\n<meta name=\"twitter:card\" content=\"summary_large_image\" \/>\n<meta name=\"twitter:label1\" content=\"Verfasst von\" \/>\n\t<meta name=\"twitter:data1\" content=\"Gyan Sharan\" \/>\n\t<meta name=\"twitter:label2\" content=\"Gesch\u00e4tzte Lesezeit\" \/>\n\t<meta name=\"twitter:data2\" content=\"1\u00a0Minute\" \/>\n<script type=\"application\/ld+json\" class=\"yoast-schema-graph\">{\"@context\":\"https:\\\/\\\/schema.org\",\"@graph\":[{\"@type\":\"Article\",\"@id\":\"https:\\\/\\\/transportjournal.com\\\/de\\\/2026\\\/03\\\/11\\\/lufthansa-piloten-planen-zweitaegigen-streik\\\/#article\",\"isPartOf\":{\"@id\":\"https:\\\/\\\/transportjournal.com\\\/de\\\/2026\\\/03\\\/11\\\/lufthansa-piloten-planen-zweitaegigen-streik\\\/\"},\"author\":{\"name\":\"Gyan Sharan\",\"@id\":\"https:\\\/\\\/transportjournal.com\\\/de\\\/#\\\/schema\\\/person\\\/13a9fc605c753db60ef7750a229cd042\"},\"headline\":\"Lufthansa-Piloten planen zweit\u00e4gigen Streik\",\"datePublished\":\"2026-03-11T14:31:19+00:00\",\"dateModified\":\"2026-03-11T14:47:05+00:00\",\"mainEntityOfPage\":{\"@id\":\"https:\\\/\\\/transportjournal.com\\\/de\\\/2026\\\/03\\\/11\\\/lufthansa-piloten-planen-zweitaegigen-streik\\\/\"},\"wordCount\":190,\"commentCount\":0,\"publisher\":{\"@id\":\"https:\\\/\\\/transportjournal.com\\\/de\\\/#organization\"},\"image\":{\"@id\":\"https:\\\/\\\/transportjournal.com\\\/de\\\/2026\\\/03\\\/11\\\/lufthansa-piloten-planen-zweitaegigen-streik\\\/#primaryimage\"},\"thumbnailUrl\":\"https:\\\/\\\/transportjournal.com\\\/wp-content\\\/uploads\\\/sites\\\/2\\\/2026\\\/03\\\/NEW_A321F_B777F_Lateral_PPT_Min-scaled-aspect-ratio-1400-788-2.jpg\",\"keywords\":[\"actions de gr\u00e8ve\",\"affected flights\",\"air freight logistics Fran\u00e7ais Lufthansa\",\"air traffic Middle East\",\"annonce de gr\u00e8ve\",\"Arbeitskampf\",\"Arbeitskampfmassnahmen\",\"aviation industry\",\"bargaining round\",\"betriebliche Altersversorgung\",\"collective bargaining\",\"compagnie r\u00e9gionale Lufthansa Cityline\",\"conflit de travail\",\"Deutsch Lufthansa\",\"droits des passagers\",\"dur\u00e9e de gr\u00e8ve 48 heures\",\"Eurowings Streik\",\"Eurowings strike\",\"flights Germany\",\"Fl\u00fcge beeintr\u00e4chtigt\",\"Fl\u00fcge Deutschland\",\"Fluggastrechte\",\"Frachtgesellschaft Lufthansa\",\"freight company Lufthansa\",\"Gewerkschaft Vereinigung Cockpit\",\"gr\u00e8ve des pilotes\",\"gr\u00e8ve Eurowings\",\"industrie a\u00e9ronautique\",\"labor dispute\",\"logistique a\u00e9rienne\",\"Luftfahrtbranche\",\"Luftfahrtlogistik English Lufthansa\",\"Lufthansa Cargo\",\"Luftverkehr Naher Osten\",\"n\u00e9gociations collectives\",\"occupational pension scheme\",\"passenger rights\",\"Pilotenstreik\",\"pilots strike\",\"r\u00e9gime de retraite professionnel\",\"regional airline Lufthansa Cityline\",\"Regionalfluglinie Lufthansa Cityline\",\"ronde de n\u00e9gociations\",\"soci\u00e9t\u00e9 de fret Lufthansa\",\"Streikank\u00fcndigung\",\"Streikdauer 48 Stunden\",\"strike actions\",\"strike announcement\",\"strike duration 48 hours\",\"syndicat Vereinigung Cockpit\",\"Tarifrunde\",\"Tarifverhandlungen\",\"trafic a\u00e9rien Moyen-Orient\",\"Vereinigung Cockpit union\",\"vols affect\u00e9s\",\"vols Allemagne\"],\"articleSection\":[\"Europa\",\"Luftfracht\"],\"inLanguage\":\"de\",\"potentialAction\":[{\"@type\":\"CommentAction\",\"name\":\"Comment\",\"target\":[\"https:\\\/\\\/transportjournal.com\\\/de\\\/2026\\\/03\\\/11\\\/lufthansa-piloten-planen-zweitaegigen-streik\\\/#respond\"]}]},{\"@type\":\"WebPage\",\"@id\":\"https:\\\/\\\/transportjournal.com\\\/de\\\/2026\\\/03\\\/11\\\/lufthansa-piloten-planen-zweitaegigen-streik\\\/\",\"url\":\"https:\\\/\\\/transportjournal.com\\\/de\\\/2026\\\/03\\\/11\\\/lufthansa-piloten-planen-zweitaegigen-streik\\\/\",\"name\":\"Lufthansa-Piloten planen zweit\u00e4gigen Streik - ITJ | International Transport Journal\",\"isPartOf\":{\"@id\":\"https:\\\/\\\/transportjournal.com\\\/de\\\/#website\"},\"primaryImageOfPage\":{\"@id\":\"https:\\\/\\\/transportjournal.com\\\/de\\\/2026\\\/03\\\/11\\\/lufthansa-piloten-planen-zweitaegigen-streik\\\/#primaryimage\"},\"image\":{\"@id\":\"https:\\\/\\\/transportjournal.com\\\/de\\\/2026\\\/03\\\/11\\\/lufthansa-piloten-planen-zweitaegigen-streik\\\/#primaryimage\"},\"thumbnailUrl\":\"https:\\\/\\\/transportjournal.com\\\/wp-content\\\/uploads\\\/sites\\\/2\\\/2026\\\/03\\\/NEW_A321F_B777F_Lateral_PPT_Min-scaled-aspect-ratio-1400-788-2.jpg\",\"datePublished\":\"2026-03-11T14:31:19+00:00\",\"dateModified\":\"2026-03-11T14:47:05+00:00\",\"breadcrumb\":{\"@id\":\"https:\\\/\\\/transportjournal.com\\\/de\\\/2026\\\/03\\\/11\\\/lufthansa-piloten-planen-zweitaegigen-streik\\\/#breadcrumb\"},\"inLanguage\":\"de\",\"potentialAction\":[{\"@type\":\"ReadAction\",\"target\":[\"https:\\\/\\\/transportjournal.com\\\/de\\\/2026\\\/03\\\/11\\\/lufthansa-piloten-planen-zweitaegigen-streik\\\/\"]}]},{\"@type\":\"ImageObject\",\"inLanguage\":\"de\",\"@id\":\"https:\\\/\\\/transportjournal.com\\\/de\\\/2026\\\/03\\\/11\\\/lufthansa-piloten-planen-zweitaegigen-streik\\\/#primaryimage\",\"url\":\"https:\\\/\\\/transportjournal.com\\\/wp-content\\\/uploads\\\/sites\\\/2\\\/2026\\\/03\\\/NEW_A321F_B777F_Lateral_PPT_Min-scaled-aspect-ratio-1400-788-2.jpg\",\"contentUrl\":\"https:\\\/\\\/transportjournal.com\\\/wp-content\\\/uploads\\\/sites\\\/2\\\/2026\\\/03\\\/NEW_A321F_B777F_Lateral_PPT_Min-scaled-aspect-ratio-1400-788-2.jpg\",\"width\":2471,\"height\":1391},{\"@type\":\"BreadcrumbList\",\"@id\":\"https:\\\/\\\/transportjournal.com\\\/de\\\/2026\\\/03\\\/11\\\/lufthansa-piloten-planen-zweitaegigen-streik\\\/#breadcrumb\",\"itemListElement\":[{\"@type\":\"ListItem\",\"position\":1,\"name\":\"Startseite\",\"item\":\"https:\\\/\\\/transportjournal.com\\\/de\\\/\"},{\"@type\":\"ListItem\",\"position\":2,\"name\":\"Lufthansa-Piloten planen zweit\u00e4gigen Streik\"}]},{\"@type\":\"WebSite\",\"@id\":\"https:\\\/\\\/transportjournal.com\\\/de\\\/#website\",\"url\":\"https:\\\/\\\/transportjournal.com\\\/de\\\/\",\"name\":\"ITJ | International Transport Journal\",\"description\":\"Stay informed with the latest global news from the transport, logistics, and supply chain industries. Transport Journal delivers expert insights, analysis, and updates across shipping, aviation, intermodal, and forwarding.\",\"publisher\":{\"@id\":\"https:\\\/\\\/transportjournal.com\\\/de\\\/#organization\"},\"potentialAction\":[{\"@type\":\"SearchAction\",\"target\":{\"@type\":\"EntryPoint\",\"urlTemplate\":\"https:\\\/\\\/transportjournal.com\\\/de\\\/?s={search_term_string}\"},\"query-input\":{\"@type\":\"PropertyValueSpecification\",\"valueRequired\":true,\"valueName\":\"search_term_string\"}}],\"inLanguage\":\"de\"},{\"@type\":\"Organization\",\"@id\":\"https:\\\/\\\/transportjournal.com\\\/de\\\/#organization\",\"name\":\"Groupe Logismedia AG\",\"alternateName\":\"Logismedia Group AG\",\"url\":\"https:\\\/\\\/transportjournal.com\\\/de\\\/\",\"logo\":{\"@type\":\"ImageObject\",\"inLanguage\":\"de\",\"@id\":\"https:\\\/\\\/transportjournal.com\\\/de\\\/#\\\/schema\\\/logo\\\/image\\\/\",\"url\":\"https:\\\/\\\/transportjournal.com\\\/wp-content\\\/uploads\\\/sites\\\/2\\\/2025\\\/09\\\/Logo_ITJ.png\",\"contentUrl\":\"https:\\\/\\\/transportjournal.com\\\/wp-content\\\/uploads\\\/sites\\\/2\\\/2025\\\/09\\\/Logo_ITJ.png\",\"width\":799,\"height\":326,\"caption\":\"Groupe Logismedia AG\"},\"image\":{\"@id\":\"https:\\\/\\\/transportjournal.com\\\/de\\\/#\\\/schema\\\/logo\\\/image\\\/\"},\"sameAs\":[\"https:\\\/\\\/www.linkedin.com\\\/company\\\/56456496\\\/admin\\\/dashboard\\\/\",\"https:\\\/\\\/www.instagram.com\\\/logismediagroup\\\/\",\"https:\\\/\\\/www.youtube.com\\\/@LogiamediaGroupAG\"]},{\"@type\":\"Person\",\"@id\":\"https:\\\/\\\/transportjournal.com\\\/de\\\/#\\\/schema\\\/person\\\/13a9fc605c753db60ef7750a229cd042\",\"name\":\"Gyan Sharan\",\"url\":\"https:\\\/\\\/transportjournal.com\\\/de\\\/author\\\/gyan\\\/\"}]}<\/script>\n<!-- \/ Yoast SEO plugin. -->","yoast_head_json":{"title":"Lufthansa-Piloten planen zweit\u00e4gigen Streik - ITJ | International Transport Journal","robots":{"index":"index","follow":"follow","max-snippet":"max-snippet:-1","max-image-preview":"max-image-preview:large","max-video-preview":"max-video-preview:-1"},"canonical":"https:\/\/transportjournal.com\/de\/2026\/03\/11\/lufthansa-piloten-planen-zweitaegigen-streik\/","og_locale":"de_DE","og_type":"article","og_title":"Lufthansa-Piloten planen zweit\u00e4gigen Streik - ITJ | International Transport Journal","og_description":"Ein Pilotenstreik bei Lufthansa wird f\u00fcr den 12. und 13. M\u00e4rz angek\u00fcndigt, was zahlreiche Fl\u00fcge der Airline beeintr\u00e4chtigen k\u00f6nnte.","og_url":"https:\/\/transportjournal.com\/de\/2026\/03\/11\/lufthansa-piloten-planen-zweitaegigen-streik\/","og_site_name":"ITJ | International Transport Journal","article_published_time":"2026-03-11T14:31:19+00:00","article_modified_time":"2026-03-11T14:47:05+00:00","og_image":[{"width":2471,"height":1391,"url":"https:\/\/transportjournal.com\/wp-content\/uploads\/sites\/2\/2026\/03\/NEW_A321F_B777F_Lateral_PPT_Min-scaled-aspect-ratio-1400-788-2.jpg","type":"image\/jpeg"}],"author":"Gyan Sharan","twitter_card":"summary_large_image","twitter_misc":{"Verfasst von":"Gyan Sharan","Gesch\u00e4tzte Lesezeit":"1\u00a0Minute"},"schema":{"@context":"https:\/\/schema.org","@graph":[{"@type":"Article","@id":"https:\/\/transportjournal.com\/de\/2026\/03\/11\/lufthansa-piloten-planen-zweitaegigen-streik\/#article","isPartOf":{"@id":"https:\/\/transportjournal.com\/de\/2026\/03\/11\/lufthansa-piloten-planen-zweitaegigen-streik\/"},"author":{"name":"Gyan Sharan","@id":"https:\/\/transportjournal.com\/de\/#\/schema\/person\/13a9fc605c753db60ef7750a229cd042"},"headline":"Lufthansa-Piloten planen zweit\u00e4gigen Streik","datePublished":"2026-03-11T14:31:19+00:00","dateModified":"2026-03-11T14:47:05+00:00","mainEntityOfPage":{"@id":"https:\/\/transportjournal.com\/de\/2026\/03\/11\/lufthansa-piloten-planen-zweitaegigen-streik\/"},"wordCount":190,"commentCount":0,"publisher":{"@id":"https:\/\/transportjournal.com\/de\/#organization"},"image":{"@id":"https:\/\/transportjournal.com\/de\/2026\/03\/11\/lufthansa-piloten-planen-zweitaegigen-streik\/#primaryimage"},"thumbnailUrl":"https:\/\/transportjournal.com\/wp-content\/uploads\/sites\/2\/2026\/03\/NEW_A321F_B777F_Lateral_PPT_Min-scaled-aspect-ratio-1400-788-2.jpg","keywords":["actions de gr\u00e8ve","affected flights","air freight logistics Fran\u00e7ais Lufthansa","air traffic Middle East","annonce de gr\u00e8ve","Arbeitskampf","Arbeitskampfmassnahmen","aviation industry","bargaining round","betriebliche Altersversorgung","collective bargaining","compagnie r\u00e9gionale Lufthansa Cityline","conflit de travail","Deutsch Lufthansa","droits des passagers","dur\u00e9e de gr\u00e8ve 48 heures","Eurowings Streik","Eurowings strike","flights Germany","Fl\u00fcge beeintr\u00e4chtigt","Fl\u00fcge Deutschland","Fluggastrechte","Frachtgesellschaft Lufthansa","freight company Lufthansa","Gewerkschaft Vereinigung Cockpit","gr\u00e8ve des pilotes","gr\u00e8ve Eurowings","industrie a\u00e9ronautique","labor dispute","logistique a\u00e9rienne","Luftfahrtbranche","Luftfahrtlogistik English Lufthansa","Lufthansa Cargo","Luftverkehr Naher Osten","n\u00e9gociations collectives","occupational pension scheme","passenger rights","Pilotenstreik","pilots strike","r\u00e9gime de retraite professionnel","regional airline Lufthansa Cityline","Regionalfluglinie Lufthansa Cityline","ronde de n\u00e9gociations","soci\u00e9t\u00e9 de fret Lufthansa","Streikank\u00fcndigung","Streikdauer 48 Stunden","strike actions","strike announcement","strike duration 48 hours","syndicat Vereinigung Cockpit","Tarifrunde","Tarifverhandlungen","trafic a\u00e9rien Moyen-Orient","Vereinigung Cockpit union","vols affect\u00e9s","vols Allemagne"],"articleSection":["Europa","Luftfracht"],"inLanguage":"de","potentialAction":[{"@type":"CommentAction","name":"Comment","target":["https:\/\/transportjournal.com\/de\/2026\/03\/11\/lufthansa-piloten-planen-zweitaegigen-streik\/#respond"]}]},{"@type":"WebPage","@id":"https:\/\/transportjournal.com\/de\/2026\/03\/11\/lufthansa-piloten-planen-zweitaegigen-streik\/","url":"https:\/\/transportjournal.com\/de\/2026\/03\/11\/lufthansa-piloten-planen-zweitaegigen-streik\/","name":"Lufthansa-Piloten planen zweit\u00e4gigen Streik - ITJ | International Transport Journal","isPartOf":{"@id":"https:\/\/transportjournal.com\/de\/#website"},"primaryImageOfPage":{"@id":"https:\/\/transportjournal.com\/de\/2026\/03\/11\/lufthansa-piloten-planen-zweitaegigen-streik\/#primaryimage"},"image":{"@id":"https:\/\/transportjournal.com\/de\/2026\/03\/11\/lufthansa-piloten-planen-zweitaegigen-streik\/#primaryimage"},"thumbnailUrl":"https:\/\/transportjournal.com\/wp-content\/uploads\/sites\/2\/2026\/03\/NEW_A321F_B777F_Lateral_PPT_Min-scaled-aspect-ratio-1400-788-2.jpg","datePublished":"2026-03-11T14:31:19+00:00","dateModified":"2026-03-11T14:47:05+00:00","breadcrumb":{"@id":"https:\/\/transportjournal.com\/de\/2026\/03\/11\/lufthansa-piloten-planen-zweitaegigen-streik\/#breadcrumb"},"inLanguage":"de","potentialAction":[{"@type":"ReadAction","target":["https:\/\/transportjournal.com\/de\/2026\/03\/11\/lufthansa-piloten-planen-zweitaegigen-streik\/"]}]},{"@type":"ImageObject","inLanguage":"de","@id":"https:\/\/transportjournal.com\/de\/2026\/03\/11\/lufthansa-piloten-planen-zweitaegigen-streik\/#primaryimage","url":"https:\/\/transportjournal.com\/wp-content\/uploads\/sites\/2\/2026\/03\/NEW_A321F_B777F_Lateral_PPT_Min-scaled-aspect-ratio-1400-788-2.jpg","contentUrl":"https:\/\/transportjournal.com\/wp-content\/uploads\/sites\/2\/2026\/03\/NEW_A321F_B777F_Lateral_PPT_Min-scaled-aspect-ratio-1400-788-2.jpg","width":2471,"height":1391},{"@type":"BreadcrumbList","@id":"https:\/\/transportjournal.com\/de\/2026\/03\/11\/lufthansa-piloten-planen-zweitaegigen-streik\/#breadcrumb","itemListElement":[{"@type":"ListItem","position":1,"name":"Startseite","item":"https:\/\/transportjournal.com\/de\/"},{"@type":"ListItem","position":2,"name":"Lufthansa-Piloten planen zweit\u00e4gigen Streik"}]},{"@type":"WebSite","@id":"https:\/\/transportjournal.com\/de\/#website","url":"https:\/\/transportjournal.com\/de\/","name":"ITJ | International Transport Journal","description":"Stay informed with the latest global news from the transport, logistics, and supply chain industries. Transport Journal delivers expert insights, analysis, and updates across shipping, aviation, intermodal, and forwarding.","publisher":{"@id":"https:\/\/transportjournal.com\/de\/#organization"},"potentialAction":[{"@type":"SearchAction","target":{"@type":"EntryPoint","urlTemplate":"https:\/\/transportjournal.com\/de\/?s={search_term_string}"},"query-input":{"@type":"PropertyValueSpecification","valueRequired":true,"valueName":"search_term_string"}}],"inLanguage":"de"},{"@type":"Organization","@id":"https:\/\/transportjournal.com\/de\/#organization","name":"Groupe Logismedia AG","alternateName":"Logismedia Group AG","url":"https:\/\/transportjournal.com\/de\/","logo":{"@type":"ImageObject","inLanguage":"de","@id":"https:\/\/transportjournal.com\/de\/#\/schema\/logo\/image\/","url":"https:\/\/transportjournal.com\/wp-content\/uploads\/sites\/2\/2025\/09\/Logo_ITJ.png","contentUrl":"https:\/\/transportjournal.com\/wp-content\/uploads\/sites\/2\/2025\/09\/Logo_ITJ.png","width":799,"height":326,"caption":"Groupe Logismedia AG"},"image":{"@id":"https:\/\/transportjournal.com\/de\/#\/schema\/logo\/image\/"},"sameAs":["https:\/\/www.linkedin.com\/company\/56456496\/admin\/dashboard\/","https:\/\/www.instagram.com\/logismediagroup\/","https:\/\/www.youtube.com\/@LogiamediaGroupAG"]},{"@type":"Person","@id":"https:\/\/transportjournal.com\/de\/#\/schema\/person\/13a9fc605c753db60ef7750a229cd042","name":"Gyan Sharan","url":"https:\/\/transportjournal.com\/de\/author\/gyan\/"}]}},"_links":{"self":[{"href":"https:\/\/transportjournal.com\/de\/wp-json\/wp\/v2\/posts\/80484","targetHints":{"allow":["GET"]}}],"collection":[{"href":"https:\/\/transportjournal.com\/de\/wp-json\/wp\/v2\/posts"}],"about":[{"href":"https:\/\/transportjournal.com\/de\/wp-json\/wp\/v2\/types\/post"}],"author":[{"embeddable":true,"href":"https:\/\/transportjournal.com\/de\/wp-json\/wp\/v2\/users\/14"}],"replies":[{"embeddable":true,"href":"https:\/\/transportjournal.com\/de\/wp-json\/wp\/v2\/comments?post=80484"}],"version-history":[{"count":2,"href":"https:\/\/transportjournal.com\/de\/wp-json\/wp\/v2\/posts\/80484\/revisions"}],"predecessor-version":[{"id":80498,"href":"https:\/\/transportjournal.com\/de\/wp-json\/wp\/v2\/posts\/80484\/revisions\/80498"}],"wp:featuredmedia":[{"embeddable":true,"href":"https:\/\/transportjournal.com\/de\/wp-json\/wp\/v2\/media\/80483"}],"wp:attachment":[{"href":"https:\/\/transportjournal.com\/de\/wp-json\/wp\/v2\/media?parent=80484"}],"wp:term":[{"taxonomy":"category","embeddable":true,"href":"https:\/\/transportjournal.com\/de\/wp-json\/wp\/v2\/categories?post=80484"},{"taxonomy":"post_tag","embeddable":true,"href":"https:\/\/transportjournal.com\/de\/wp-json\/wp\/v2\/tags?post=80484"}],"curies":[{"name":"wp","href":"https:\/\/api.w.org\/{rel}","templated":true}]}}