{"id":80446,"date":"2026-03-11T13:29:34","date_gmt":"2026-03-11T13:29:34","guid":{"rendered":"https:\/\/transportjournal.com\/2026\/03\/11\/nagel-group-eroeffnet-logistikzentrum-in-poznan\/"},"modified":"2026-03-12T10:21:50","modified_gmt":"2026-03-12T09:21:50","slug":"nagel-group-eroeffnet-logistikzentrum-in-poznan","status":"publish","type":"post","link":"https:\/\/transportjournal.com\/de\/2026\/03\/11\/nagel-group-eroeffnet-logistikzentrum-in-poznan\/","title":{"rendered":"Nagel-Group er\u00f6ffnet Logistikzentrum in Pozna\u0144"},"content":{"rendered":"<p>Der Lebensmittellogistiker Nagel-Group plant die Er\u00f6ffnung eines neuen zentralen Logistikstandorts in der N\u00e4he von Pozna\u0144, Polen. Der Bau des massgeschneiderten Logistikzentrums ist Teil einer umfassenden Strategie zur Konsolidierung und Effizienzsteigerung, die f\u00fcr die erste H\u00e4lfte des Jahres 2027 vorgesehen ist. Im Rahmen dieses Projekts werden vier bestehende Standorte zusammengelegt, um einen zentralen operativen Knotenpunkt zu schaffen.<\/p>\n<h3>Konsolidierung zur Effizienzsteigerung<\/h3>\n<p>Das neue Logistikzentrum wird im Panattoni Park Pozna\u0144 East III errichtet. Der Entwickler Panattoni realisiert eine moderne Immobilie mit einer Gesamtfl\u00e4che von etwa 46.000 m\u00b2. Diese neue Einrichtung wird k\u00fcnftig als zentraler operativer Standort der Nagel-Group in Polen fungieren. Die Zusammenlegung der bisherigen Lager in Diamentowa, Kolumba, Robakowo und Wi\u015bniowa an einem neuen Standort soll die betriebliche Effizienz erh\u00f6hen und gleichzeitig kurze Wege sowie ein modernes Arbeitsumfeld f\u00fcr die Mitarbeiter bieten.<\/p>\n<p>Die neue Niederlassung zeichnet sich durch eine hervorragende Anbindung an die Autobahnen A2 und S5 aus. Marek Dobrzycki, Partner bei Panattoni, betont: \u201eDas Nagel-Group BTS-Projekt in Pozna\u0144 stellt das n\u00e4chste Kapitel in unserer langj\u00e4hrigen Partnerschaft dar, die parallel zu den wachsenden Aktivit\u00e4ten unseres Partners in Polen gewachsen ist.\u201c<\/p>\n<h3>Moderne Logistikfl\u00e4chen f\u00fcr verschiedene Temperaturbereiche<\/h3>\n<p>Das neue Logistikzentrum wird \u00fcber nahezu 42.000 m\u00b2 Lagerfl\u00e4che und rund 4.500 m\u00b2 B\u00fcrofl\u00e4che verf\u00fcgen und alle temperaturkontrollierten Anforderungen der Lebensmittellogistik abdecken. Dazu geh\u00f6ren Bereiche f\u00fcr ultrafrische (0-2\/0-4 \u00b0C), frische (4-7 \u00b0C) und Raumtemperatur (16-18 \u00b0C) Produkte, unterst\u00fctzt durch moderne Temperaturkontrollsysteme. Zudem wird die Anlage \u00fcber eine Cross-Dock-Fl\u00e4che von etwa 11.000 m\u00b2 und 66 Ladebuchten verf\u00fcgen. Insgesamt stehen 300 Pkw- und 120 Lkw-Stellpl\u00e4tze zur Verf\u00fcgung.<\/p>\n<p>Das Projekt erf\u00fcllt hohe Nachhaltigkeitsanforderungen und ist nach dem BREEAM-Standard auf der Stufe \u201eExcellent\u201c zertifiziert.<\/p>\n<h3>Strategische Bedeutung von Pozna\u0144<\/h3>\n<p>Andr\u00e9 Pleines, Executive Director Real Estate der Nagel-Group, hebt hervor: \u201eMit dem neuen Standort in Pozna\u0144 legen wir die Grundlage f\u00fcr weiteres nachhaltiges Wachstum in Polen. Die Konsolidierung von vier bestehenden Niederlassungen in eine moderne, optimal angebundene Logistikeinrichtung erh\u00f6ht unsere Effizienz und st\u00e4rkt unsere operative Leistung.\u201c Pozna\u0144 wird somit zu einem zentralen Bestandteil des nationalen und europ\u00e4ischen Netzwerkes der Nagel-Group.<\/p>\n<p>Der Logistikmarkt in Pozna\u0144 z\u00e4hlt seit Jahren zu den dynamischsten in Polen. Die hervorragende Infrastruktur, die N\u00e4he zu wichtigen Verkehrswegen und der Zugang zu qualifizierten Arbeitskr\u00e4ften machen die Region zu einem strategisch wichtigen Standort auf der europ\u00e4ischen Logistiklandkarte.<\/p>\n<p>&nbsp;<\/p>\n<p><a href=\"https:\/\/www.nagel-group.com\/\" target=\"_blank\" rel=\"noopener noreferrer\">www.nagel-group.com<\/a><\/p>\n<p>&nbsp;<\/p>\n","protected":false},"excerpt":{"rendered":"<p>Die Nagel-Group er\u00f6ffnet bis 2027 ein modernes Logistikzentrum in Pozna\u0144, um vier Standorte zu konsolidieren und die betriebliche Effizienz zu steigern.<\/p>\n","protected":false},"author":12,"featured_media":80445,"comment_status":"open","ping_status":"","sticky":false,"template":"","format":"standard","meta":{"_acf_changed":false,"footnotes":""},"categories":[9092,1575,1569],"tags":[3268,26016,26017,26018,26019,26020,17947,17948,26021,26022,17950,26023,26024,26025,26026,10082,4232,3274,3275,26027,26028,26029,26030,26031,26032,26033,26034,26035,26036,26037,26038,26039,26040,26041,26042,26043,26044,26045,26046,5112,4257,5738,26047,26048,26049,26050,26051,5119,26052,26053,5120,26054,26055,26056,26057,11880],"class_list":["post-80446","post","type-post","status-publish","format-standard","has-post-thumbnail","hentry","category-deutschland","category-europa","category-logistik-spedition","tag-amelioration-de-lefficacite-logistique","tag-autobahn-a2","tag-autobahn-s5","tag-autoroute-a2","tag-autoroute-s5","tag-bien-etre-des-employes-logistique","tag-breeam-certified","tag-breeam-zertifiziert","tag-central-logistics-locations","tag-centre-logistique-poznan","tag-certifie-breeam","tag-consolidation-de-sites","tag-consolidation-of-sites","tag-cross-dock-area","tag-cross-dock-flaeche","tag-deutsch-nagel-group","tag-efficacite-operationnelle","tag-efficiency-improvement-logistics","tag-effizienzsteigerung-logistik","tag-emplacements-logistiques-centraux","tag-emplacements-logistiques-strategiques","tag-employee-well-being-logistics","tag-food-logistics-europe","tag-highway-a2","tag-highway-s5","tag-konsolidierung-von-standorten","tag-lebensmittellogistik-europa","tag-logistics-center-poznan","tag-logistics-market-poznan","tag-logistics-service-providers-poland","tag-logistikdienstleister-polen","tag-logistikmarkt-poznan","tag-logistikzentrum-poznan","tag-logistique-alimentaire-europe","tag-main-doeuvre-qualifiee","tag-marche-logistique-poznan","tag-mitarbeiterwohlbefinden-logistik","tag-modern-logistics-properties","tag-moderne-logistikimmobilien","tag-nachhaltige-logistikloesungen","tag-operational-efficiency","tag-operative-effizienz","tag-panattoni-park-poznan","tag-prestataires-logistiques-pologne","tag-proprietes-logistiques-modernes","tag-qualified-workforce-francais-nagel-group","tag-qualifizierte-arbeitskraefte-english-nagel-group","tag-solutions-logistiques-durables","tag-strategic-logistics-locations","tag-strategische-logistikstandorte","tag-sustainable-logistics-solutions","tag-temperature-controlled-storage-areas","tag-temperaturkontrollierte-lagerflaechen","tag-zentrale-logistikstandorte","tag-zone-de-cross-dock","tag-zones-de-stockage-a-temperature-controlee"],"acf":[],"yoast_head":"<!-- This site is optimized with the Yoast SEO plugin v27.3 - https:\/\/yoast.com\/product\/yoast-seo-wordpress\/ -->\n<title>Nagel-Group er\u00f6ffnet Logistikzentrum in Pozna\u0144 - ITJ | International Transport Journal<\/title>\n<meta name=\"robots\" content=\"index, follow, max-snippet:-1, max-image-preview:large, max-video-preview:-1\" \/>\n<link rel=\"canonical\" href=\"https:\/\/transportjournal.com\/de\/2026\/03\/11\/nagel-group-eroeffnet-logistikzentrum-in-poznan\/\" \/>\n<meta property=\"og:locale\" content=\"de_DE\" \/>\n<meta property=\"og:type\" content=\"article\" \/>\n<meta property=\"og:title\" content=\"Nagel-Group er\u00f6ffnet Logistikzentrum in Pozna\u0144 - ITJ | International Transport Journal\" \/>\n<meta property=\"og:description\" content=\"Die Nagel-Group er\u00f6ffnet bis 2027 ein modernes Logistikzentrum in Pozna\u0144, um vier Standorte zu konsolidieren und die betriebliche Effizienz zu steigern.\" \/>\n<meta property=\"og:url\" content=\"https:\/\/transportjournal.com\/de\/2026\/03\/11\/nagel-group-eroeffnet-logistikzentrum-in-poznan\/\" \/>\n<meta property=\"og:site_name\" content=\"ITJ | International Transport Journal\" \/>\n<meta property=\"article:published_time\" content=\"2026-03-11T13:29:34+00:00\" \/>\n<meta property=\"article:modified_time\" content=\"2026-03-12T09:21:50+00:00\" \/>\n<meta property=\"og:image\" content=\"https:\/\/transportjournal.com\/wp-content\/uploads\/sites\/2\/2026\/03\/PM_Nagel-Group_-Logistik-Hub-in-Poznan-1536x926-1-aspect-ratio-1400-788.jpg\" \/>\n\t<meta property=\"og:image:width\" content=\"1391\" \/>\n\t<meta property=\"og:image:height\" content=\"783\" \/>\n\t<meta property=\"og:image:type\" content=\"image\/jpeg\" \/>\n<meta name=\"author\" content=\"Andreas Haug\" \/>\n<meta name=\"twitter:card\" content=\"summary_large_image\" \/>\n<meta name=\"twitter:label1\" content=\"Verfasst von\" \/>\n\t<meta name=\"twitter:data1\" content=\"Andreas Haug\" \/>\n\t<meta name=\"twitter:label2\" content=\"Gesch\u00e4tzte Lesezeit\" \/>\n\t<meta name=\"twitter:data2\" content=\"2\u00a0Minute\" \/>\n<script type=\"application\/ld+json\" class=\"yoast-schema-graph\">{\"@context\":\"https:\\\/\\\/schema.org\",\"@graph\":[{\"@type\":\"Article\",\"@id\":\"https:\\\/\\\/transportjournal.com\\\/de\\\/2026\\\/03\\\/11\\\/nagel-group-eroeffnet-logistikzentrum-in-poznan\\\/#article\",\"isPartOf\":{\"@id\":\"https:\\\/\\\/transportjournal.com\\\/de\\\/2026\\\/03\\\/11\\\/nagel-group-eroeffnet-logistikzentrum-in-poznan\\\/\"},\"author\":{\"name\":\"Andreas Haug\",\"@id\":\"https:\\\/\\\/transportjournal.com\\\/de\\\/#\\\/schema\\\/person\\\/cf538b3157f15afd7589245a4b3dbd25\"},\"headline\":\"Nagel-Group er\u00f6ffnet Logistikzentrum in Pozna\u0144\",\"datePublished\":\"2026-03-11T13:29:34+00:00\",\"dateModified\":\"2026-03-12T09:21:50+00:00\",\"mainEntityOfPage\":{\"@id\":\"https:\\\/\\\/transportjournal.com\\\/de\\\/2026\\\/03\\\/11\\\/nagel-group-eroeffnet-logistikzentrum-in-poznan\\\/\"},\"wordCount\":403,\"commentCount\":0,\"publisher\":{\"@id\":\"https:\\\/\\\/transportjournal.com\\\/de\\\/#organization\"},\"image\":{\"@id\":\"https:\\\/\\\/transportjournal.com\\\/de\\\/2026\\\/03\\\/11\\\/nagel-group-eroeffnet-logistikzentrum-in-poznan\\\/#primaryimage\"},\"thumbnailUrl\":\"https:\\\/\\\/transportjournal.com\\\/wp-content\\\/uploads\\\/sites\\\/2\\\/2026\\\/03\\\/PM_Nagel-Group_-Logistik-Hub-in-Poznan-1536x926-1-aspect-ratio-1400-788.jpg\",\"keywords\":[\"am\u00e9lioration de l'efficacit\u00e9 logistique\",\"Autobahn A2\",\"Autobahn S5\",\"autoroute A2\",\"autoroute S5\",\"bien-\u00eatre des employ\u00e9s logistique\",\"BREEAM certified\",\"BREEAM zertifiziert\",\"central logistics locations\",\"centre logistique Pozna\u0144\",\"certifi\u00e9 BREEAM\",\"consolidation de sites\",\"consolidation of sites\",\"cross-dock area\",\"Cross-Dock-Fl\u00e4che\",\"Deutsch Nagel-Group\",\"efficacit\u00e9 op\u00e9rationnelle\",\"efficiency improvement logistics\",\"Effizienzsteigerung Logistik\",\"emplacements logistiques centraux\",\"emplacements logistiques strat\u00e9giques\",\"employee well-being logistics\",\"food logistics Europe\",\"highway A2\",\"highway S5\",\"Konsolidierung von Standorten\",\"Lebensmittellogistik Europa\",\"logistics center Pozna\u0144\",\"logistics market Pozna\u0144\",\"logistics service providers Poland\",\"Logistikdienstleister Polen\",\"Logistikmarkt Pozna\u0144\",\"Logistikzentrum Pozna\u0144\",\"logistique alimentaire Europe\",\"main-d'\u0153uvre qualifi\u00e9e\",\"march\u00e9 logistique Pozna\u0144\",\"Mitarbeiterwohlbefinden Logistik\",\"modern logistics properties\",\"moderne Logistikimmobilien\",\"nachhaltige Logistikl\u00f6sungen\",\"operational efficiency\",\"operative Effizienz\",\"Panattoni Park Pozna\u0144\",\"prestataires logistiques Pologne\",\"propri\u00e9t\u00e9s logistiques modernes\",\"qualified workforce Fran\u00e7ais Nagel-Group\",\"qualifizierte Arbeitskr\u00e4fte English Nagel-Group\",\"solutions logistiques durables\",\"strategic logistics locations\",\"strategische Logistikstandorte\",\"sustainable logistics solutions\",\"temperature-controlled storage areas\",\"temperaturkontrollierte Lagerfl\u00e4chen\",\"zentrale Logistikstandorte\",\"zone de cross-dock\",\"zones de stockage \u00e0 temp\u00e9rature contr\u00f4l\u00e9e\"],\"articleSection\":[\"Deutschland\",\"Europa\",\"Spedition &amp; Logistik\"],\"inLanguage\":\"de\",\"potentialAction\":[{\"@type\":\"CommentAction\",\"name\":\"Comment\",\"target\":[\"https:\\\/\\\/transportjournal.com\\\/de\\\/2026\\\/03\\\/11\\\/nagel-group-eroeffnet-logistikzentrum-in-poznan\\\/#respond\"]}]},{\"@type\":\"WebPage\",\"@id\":\"https:\\\/\\\/transportjournal.com\\\/de\\\/2026\\\/03\\\/11\\\/nagel-group-eroeffnet-logistikzentrum-in-poznan\\\/\",\"url\":\"https:\\\/\\\/transportjournal.com\\\/de\\\/2026\\\/03\\\/11\\\/nagel-group-eroeffnet-logistikzentrum-in-poznan\\\/\",\"name\":\"Nagel-Group er\u00f6ffnet Logistikzentrum in Pozna\u0144 - ITJ | International Transport Journal\",\"isPartOf\":{\"@id\":\"https:\\\/\\\/transportjournal.com\\\/de\\\/#website\"},\"primaryImageOfPage\":{\"@id\":\"https:\\\/\\\/transportjournal.com\\\/de\\\/2026\\\/03\\\/11\\\/nagel-group-eroeffnet-logistikzentrum-in-poznan\\\/#primaryimage\"},\"image\":{\"@id\":\"https:\\\/\\\/transportjournal.com\\\/de\\\/2026\\\/03\\\/11\\\/nagel-group-eroeffnet-logistikzentrum-in-poznan\\\/#primaryimage\"},\"thumbnailUrl\":\"https:\\\/\\\/transportjournal.com\\\/wp-content\\\/uploads\\\/sites\\\/2\\\/2026\\\/03\\\/PM_Nagel-Group_-Logistik-Hub-in-Poznan-1536x926-1-aspect-ratio-1400-788.jpg\",\"datePublished\":\"2026-03-11T13:29:34+00:00\",\"dateModified\":\"2026-03-12T09:21:50+00:00\",\"breadcrumb\":{\"@id\":\"https:\\\/\\\/transportjournal.com\\\/de\\\/2026\\\/03\\\/11\\\/nagel-group-eroeffnet-logistikzentrum-in-poznan\\\/#breadcrumb\"},\"inLanguage\":\"de\",\"potentialAction\":[{\"@type\":\"ReadAction\",\"target\":[\"https:\\\/\\\/transportjournal.com\\\/de\\\/2026\\\/03\\\/11\\\/nagel-group-eroeffnet-logistikzentrum-in-poznan\\\/\"]}]},{\"@type\":\"ImageObject\",\"inLanguage\":\"de\",\"@id\":\"https:\\\/\\\/transportjournal.com\\\/de\\\/2026\\\/03\\\/11\\\/nagel-group-eroeffnet-logistikzentrum-in-poznan\\\/#primaryimage\",\"url\":\"https:\\\/\\\/transportjournal.com\\\/wp-content\\\/uploads\\\/sites\\\/2\\\/2026\\\/03\\\/PM_Nagel-Group_-Logistik-Hub-in-Poznan-1536x926-1-aspect-ratio-1400-788.jpg\",\"contentUrl\":\"https:\\\/\\\/transportjournal.com\\\/wp-content\\\/uploads\\\/sites\\\/2\\\/2026\\\/03\\\/PM_Nagel-Group_-Logistik-Hub-in-Poznan-1536x926-1-aspect-ratio-1400-788.jpg\",\"width\":1391,\"height\":783},{\"@type\":\"BreadcrumbList\",\"@id\":\"https:\\\/\\\/transportjournal.com\\\/de\\\/2026\\\/03\\\/11\\\/nagel-group-eroeffnet-logistikzentrum-in-poznan\\\/#breadcrumb\",\"itemListElement\":[{\"@type\":\"ListItem\",\"position\":1,\"name\":\"Startseite\",\"item\":\"https:\\\/\\\/transportjournal.com\\\/de\\\/\"},{\"@type\":\"ListItem\",\"position\":2,\"name\":\"Nagel-Group er\u00f6ffnet Logistikzentrum in Pozna\u0144\"}]},{\"@type\":\"WebSite\",\"@id\":\"https:\\\/\\\/transportjournal.com\\\/de\\\/#website\",\"url\":\"https:\\\/\\\/transportjournal.com\\\/de\\\/\",\"name\":\"ITJ | International Transport Journal\",\"description\":\"Stay informed with the latest global news from the transport, logistics, and supply chain industries. Transport Journal delivers expert insights, analysis, and updates across shipping, aviation, intermodal, and forwarding.\",\"publisher\":{\"@id\":\"https:\\\/\\\/transportjournal.com\\\/de\\\/#organization\"},\"potentialAction\":[{\"@type\":\"SearchAction\",\"target\":{\"@type\":\"EntryPoint\",\"urlTemplate\":\"https:\\\/\\\/transportjournal.com\\\/de\\\/?s={search_term_string}\"},\"query-input\":{\"@type\":\"PropertyValueSpecification\",\"valueRequired\":true,\"valueName\":\"search_term_string\"}}],\"inLanguage\":\"de\"},{\"@type\":\"Organization\",\"@id\":\"https:\\\/\\\/transportjournal.com\\\/de\\\/#organization\",\"name\":\"Groupe Logismedia AG\",\"alternateName\":\"Logismedia Group AG\",\"url\":\"https:\\\/\\\/transportjournal.com\\\/de\\\/\",\"logo\":{\"@type\":\"ImageObject\",\"inLanguage\":\"de\",\"@id\":\"https:\\\/\\\/transportjournal.com\\\/de\\\/#\\\/schema\\\/logo\\\/image\\\/\",\"url\":\"https:\\\/\\\/transportjournal.com\\\/wp-content\\\/uploads\\\/sites\\\/2\\\/2025\\\/09\\\/Logo_ITJ.png\",\"contentUrl\":\"https:\\\/\\\/transportjournal.com\\\/wp-content\\\/uploads\\\/sites\\\/2\\\/2025\\\/09\\\/Logo_ITJ.png\",\"width\":799,\"height\":326,\"caption\":\"Groupe Logismedia AG\"},\"image\":{\"@id\":\"https:\\\/\\\/transportjournal.com\\\/de\\\/#\\\/schema\\\/logo\\\/image\\\/\"},\"sameAs\":[\"https:\\\/\\\/www.linkedin.com\\\/company\\\/56456496\\\/admin\\\/dashboard\\\/\",\"https:\\\/\\\/www.instagram.com\\\/logismediagroup\\\/\",\"https:\\\/\\\/www.youtube.com\\\/@LogiamediaGroupAG\"]},{\"@type\":\"Person\",\"@id\":\"https:\\\/\\\/transportjournal.com\\\/de\\\/#\\\/schema\\\/person\\\/cf538b3157f15afd7589245a4b3dbd25\",\"name\":\"Andreas Haug\",\"url\":\"https:\\\/\\\/transportjournal.com\\\/de\\\/author\\\/andreas\\\/\"}]}<\/script>\n<!-- \/ Yoast SEO plugin. -->","yoast_head_json":{"title":"Nagel-Group er\u00f6ffnet Logistikzentrum in Pozna\u0144 - ITJ | International Transport Journal","robots":{"index":"index","follow":"follow","max-snippet":"max-snippet:-1","max-image-preview":"max-image-preview:large","max-video-preview":"max-video-preview:-1"},"canonical":"https:\/\/transportjournal.com\/de\/2026\/03\/11\/nagel-group-eroeffnet-logistikzentrum-in-poznan\/","og_locale":"de_DE","og_type":"article","og_title":"Nagel-Group er\u00f6ffnet Logistikzentrum in Pozna\u0144 - ITJ | International Transport Journal","og_description":"Die Nagel-Group er\u00f6ffnet bis 2027 ein modernes Logistikzentrum in Pozna\u0144, um vier Standorte zu konsolidieren und die betriebliche Effizienz zu steigern.","og_url":"https:\/\/transportjournal.com\/de\/2026\/03\/11\/nagel-group-eroeffnet-logistikzentrum-in-poznan\/","og_site_name":"ITJ | International Transport Journal","article_published_time":"2026-03-11T13:29:34+00:00","article_modified_time":"2026-03-12T09:21:50+00:00","og_image":[{"width":1391,"height":783,"url":"https:\/\/transportjournal.com\/wp-content\/uploads\/sites\/2\/2026\/03\/PM_Nagel-Group_-Logistik-Hub-in-Poznan-1536x926-1-aspect-ratio-1400-788.jpg","type":"image\/jpeg"}],"author":"Andreas Haug","twitter_card":"summary_large_image","twitter_misc":{"Verfasst von":"Andreas Haug","Gesch\u00e4tzte Lesezeit":"2\u00a0Minute"},"schema":{"@context":"https:\/\/schema.org","@graph":[{"@type":"Article","@id":"https:\/\/transportjournal.com\/de\/2026\/03\/11\/nagel-group-eroeffnet-logistikzentrum-in-poznan\/#article","isPartOf":{"@id":"https:\/\/transportjournal.com\/de\/2026\/03\/11\/nagel-group-eroeffnet-logistikzentrum-in-poznan\/"},"author":{"name":"Andreas Haug","@id":"https:\/\/transportjournal.com\/de\/#\/schema\/person\/cf538b3157f15afd7589245a4b3dbd25"},"headline":"Nagel-Group er\u00f6ffnet Logistikzentrum in Pozna\u0144","datePublished":"2026-03-11T13:29:34+00:00","dateModified":"2026-03-12T09:21:50+00:00","mainEntityOfPage":{"@id":"https:\/\/transportjournal.com\/de\/2026\/03\/11\/nagel-group-eroeffnet-logistikzentrum-in-poznan\/"},"wordCount":403,"commentCount":0,"publisher":{"@id":"https:\/\/transportjournal.com\/de\/#organization"},"image":{"@id":"https:\/\/transportjournal.com\/de\/2026\/03\/11\/nagel-group-eroeffnet-logistikzentrum-in-poznan\/#primaryimage"},"thumbnailUrl":"https:\/\/transportjournal.com\/wp-content\/uploads\/sites\/2\/2026\/03\/PM_Nagel-Group_-Logistik-Hub-in-Poznan-1536x926-1-aspect-ratio-1400-788.jpg","keywords":["am\u00e9lioration de l'efficacit\u00e9 logistique","Autobahn A2","Autobahn S5","autoroute A2","autoroute S5","bien-\u00eatre des employ\u00e9s logistique","BREEAM certified","BREEAM zertifiziert","central logistics locations","centre logistique Pozna\u0144","certifi\u00e9 BREEAM","consolidation de sites","consolidation of sites","cross-dock area","Cross-Dock-Fl\u00e4che","Deutsch Nagel-Group","efficacit\u00e9 op\u00e9rationnelle","efficiency improvement logistics","Effizienzsteigerung Logistik","emplacements logistiques centraux","emplacements logistiques strat\u00e9giques","employee well-being logistics","food logistics Europe","highway A2","highway S5","Konsolidierung von Standorten","Lebensmittellogistik Europa","logistics center Pozna\u0144","logistics market Pozna\u0144","logistics service providers Poland","Logistikdienstleister Polen","Logistikmarkt Pozna\u0144","Logistikzentrum Pozna\u0144","logistique alimentaire Europe","main-d'\u0153uvre qualifi\u00e9e","march\u00e9 logistique Pozna\u0144","Mitarbeiterwohlbefinden Logistik","modern logistics properties","moderne Logistikimmobilien","nachhaltige Logistikl\u00f6sungen","operational efficiency","operative Effizienz","Panattoni Park Pozna\u0144","prestataires logistiques Pologne","propri\u00e9t\u00e9s logistiques modernes","qualified workforce Fran\u00e7ais Nagel-Group","qualifizierte Arbeitskr\u00e4fte English Nagel-Group","solutions logistiques durables","strategic logistics locations","strategische Logistikstandorte","sustainable logistics solutions","temperature-controlled storage areas","temperaturkontrollierte Lagerfl\u00e4chen","zentrale Logistikstandorte","zone de cross-dock","zones de stockage \u00e0 temp\u00e9rature contr\u00f4l\u00e9e"],"articleSection":["Deutschland","Europa","Spedition &amp; Logistik"],"inLanguage":"de","potentialAction":[{"@type":"CommentAction","name":"Comment","target":["https:\/\/transportjournal.com\/de\/2026\/03\/11\/nagel-group-eroeffnet-logistikzentrum-in-poznan\/#respond"]}]},{"@type":"WebPage","@id":"https:\/\/transportjournal.com\/de\/2026\/03\/11\/nagel-group-eroeffnet-logistikzentrum-in-poznan\/","url":"https:\/\/transportjournal.com\/de\/2026\/03\/11\/nagel-group-eroeffnet-logistikzentrum-in-poznan\/","name":"Nagel-Group er\u00f6ffnet Logistikzentrum in Pozna\u0144 - ITJ | International Transport Journal","isPartOf":{"@id":"https:\/\/transportjournal.com\/de\/#website"},"primaryImageOfPage":{"@id":"https:\/\/transportjournal.com\/de\/2026\/03\/11\/nagel-group-eroeffnet-logistikzentrum-in-poznan\/#primaryimage"},"image":{"@id":"https:\/\/transportjournal.com\/de\/2026\/03\/11\/nagel-group-eroeffnet-logistikzentrum-in-poznan\/#primaryimage"},"thumbnailUrl":"https:\/\/transportjournal.com\/wp-content\/uploads\/sites\/2\/2026\/03\/PM_Nagel-Group_-Logistik-Hub-in-Poznan-1536x926-1-aspect-ratio-1400-788.jpg","datePublished":"2026-03-11T13:29:34+00:00","dateModified":"2026-03-12T09:21:50+00:00","breadcrumb":{"@id":"https:\/\/transportjournal.com\/de\/2026\/03\/11\/nagel-group-eroeffnet-logistikzentrum-in-poznan\/#breadcrumb"},"inLanguage":"de","potentialAction":[{"@type":"ReadAction","target":["https:\/\/transportjournal.com\/de\/2026\/03\/11\/nagel-group-eroeffnet-logistikzentrum-in-poznan\/"]}]},{"@type":"ImageObject","inLanguage":"de","@id":"https:\/\/transportjournal.com\/de\/2026\/03\/11\/nagel-group-eroeffnet-logistikzentrum-in-poznan\/#primaryimage","url":"https:\/\/transportjournal.com\/wp-content\/uploads\/sites\/2\/2026\/03\/PM_Nagel-Group_-Logistik-Hub-in-Poznan-1536x926-1-aspect-ratio-1400-788.jpg","contentUrl":"https:\/\/transportjournal.com\/wp-content\/uploads\/sites\/2\/2026\/03\/PM_Nagel-Group_-Logistik-Hub-in-Poznan-1536x926-1-aspect-ratio-1400-788.jpg","width":1391,"height":783},{"@type":"BreadcrumbList","@id":"https:\/\/transportjournal.com\/de\/2026\/03\/11\/nagel-group-eroeffnet-logistikzentrum-in-poznan\/#breadcrumb","itemListElement":[{"@type":"ListItem","position":1,"name":"Startseite","item":"https:\/\/transportjournal.com\/de\/"},{"@type":"ListItem","position":2,"name":"Nagel-Group er\u00f6ffnet Logistikzentrum in Pozna\u0144"}]},{"@type":"WebSite","@id":"https:\/\/transportjournal.com\/de\/#website","url":"https:\/\/transportjournal.com\/de\/","name":"ITJ | International Transport Journal","description":"Stay informed with the latest global news from the transport, logistics, and supply chain industries. Transport Journal delivers expert insights, analysis, and updates across shipping, aviation, intermodal, and forwarding.","publisher":{"@id":"https:\/\/transportjournal.com\/de\/#organization"},"potentialAction":[{"@type":"SearchAction","target":{"@type":"EntryPoint","urlTemplate":"https:\/\/transportjournal.com\/de\/?s={search_term_string}"},"query-input":{"@type":"PropertyValueSpecification","valueRequired":true,"valueName":"search_term_string"}}],"inLanguage":"de"},{"@type":"Organization","@id":"https:\/\/transportjournal.com\/de\/#organization","name":"Groupe Logismedia AG","alternateName":"Logismedia Group AG","url":"https:\/\/transportjournal.com\/de\/","logo":{"@type":"ImageObject","inLanguage":"de","@id":"https:\/\/transportjournal.com\/de\/#\/schema\/logo\/image\/","url":"https:\/\/transportjournal.com\/wp-content\/uploads\/sites\/2\/2025\/09\/Logo_ITJ.png","contentUrl":"https:\/\/transportjournal.com\/wp-content\/uploads\/sites\/2\/2025\/09\/Logo_ITJ.png","width":799,"height":326,"caption":"Groupe Logismedia AG"},"image":{"@id":"https:\/\/transportjournal.com\/de\/#\/schema\/logo\/image\/"},"sameAs":["https:\/\/www.linkedin.com\/company\/56456496\/admin\/dashboard\/","https:\/\/www.instagram.com\/logismediagroup\/","https:\/\/www.youtube.com\/@LogiamediaGroupAG"]},{"@type":"Person","@id":"https:\/\/transportjournal.com\/de\/#\/schema\/person\/cf538b3157f15afd7589245a4b3dbd25","name":"Andreas Haug","url":"https:\/\/transportjournal.com\/de\/author\/andreas\/"}]}},"_links":{"self":[{"href":"https:\/\/transportjournal.com\/de\/wp-json\/wp\/v2\/posts\/80446","targetHints":{"allow":["GET"]}}],"collection":[{"href":"https:\/\/transportjournal.com\/de\/wp-json\/wp\/v2\/posts"}],"about":[{"href":"https:\/\/transportjournal.com\/de\/wp-json\/wp\/v2\/types\/post"}],"author":[{"embeddable":true,"href":"https:\/\/transportjournal.com\/de\/wp-json\/wp\/v2\/users\/12"}],"replies":[{"embeddable":true,"href":"https:\/\/transportjournal.com\/de\/wp-json\/wp\/v2\/comments?post=80446"}],"version-history":[{"count":1,"href":"https:\/\/transportjournal.com\/de\/wp-json\/wp\/v2\/posts\/80446\/revisions"}],"predecessor-version":[{"id":80551,"href":"https:\/\/transportjournal.com\/de\/wp-json\/wp\/v2\/posts\/80446\/revisions\/80551"}],"wp:featuredmedia":[{"embeddable":true,"href":"https:\/\/transportjournal.com\/de\/wp-json\/wp\/v2\/media\/80445"}],"wp:attachment":[{"href":"https:\/\/transportjournal.com\/de\/wp-json\/wp\/v2\/media?parent=80446"}],"wp:term":[{"taxonomy":"category","embeddable":true,"href":"https:\/\/transportjournal.com\/de\/wp-json\/wp\/v2\/categories?post=80446"},{"taxonomy":"post_tag","embeddable":true,"href":"https:\/\/transportjournal.com\/de\/wp-json\/wp\/v2\/tags?post=80446"}],"curies":[{"name":"wp","href":"https:\/\/api.w.org\/{rel}","templated":true}]}}