{"id":80430,"date":"2026-03-11T12:37:26","date_gmt":"2026-03-11T12:37:26","guid":{"rendered":"https:\/\/transportjournal.com\/2026\/03\/11\/kaercher-bezieht-frachtdaten-von-xeneta\/"},"modified":"2026-03-11T12:37:26","modified_gmt":"2026-03-11T12:37:26","slug":"kaercher-bezieht-frachtdaten-von-xeneta","status":"publish","type":"post","link":"https:\/\/transportjournal.com\/de\/2026\/03\/11\/kaercher-bezieht-frachtdaten-von-xeneta\/","title":{"rendered":"K\u00e4rcher bezieht Frachtdaten von Xeneta"},"content":{"rendered":"<p>K\u00e4rcher hat Xeneta als Partner f\u00fcr die Bereitstellung von Frachtdaten und Informationen ausgew\u00e4hlt. Diese Entscheidung zielt darauf ab, die Kosten im Vergleich zum Markt zu analysieren und strategische Entscheidungen zu unterst\u00fctzen. Das Unternehmen, das \u00fcber ein Netzwerk von mehr als 100 Handelsrouten verf\u00fcgt, m\u00f6chte durch diese Partnerschaft seine Logistikprozesse optimieren, wie Xeneta mitteilt.<\/p>\n<p>K\u00e4rcher, ein familiengef\u00fchrter Hersteller mit Sitz in Winnenden, agiert im Bereich der Reinigungstechnologie. Seit der Gr\u00fcndung im Jahr 1935 hat sich das Unternehmen nach Angaben von Xeneta zu einem globalen Marktf\u00fchrer entwickelt, insbesondere durch die Einf\u00fchrung des ersten Hochdruckreinigers f\u00fcr Hei\u00dfwasser in Europa im Jahr 1950. Heute bietet K\u00e4rcher eine breite Palette an L\u00f6sungen f\u00fcr Reinigung und Wartung, die sowohl professionelle Anwender als auch private Haushalte ansprechen sollen.<\/p>\n<h3>Optimierung der Lieferkette<\/h3>\n<p>Die Entscheidung f\u00fcr Xeneta wurde getroffen, um spezifische Herausforderungen in der Lieferkette zu adressieren. K\u00e4rcher ben\u00f6tigt daf\u00fcr eine Analyse der Transportkosten auf den verschiedenen Routen, die seine Produktions- und Logistikstandorte in Europa, Nordamerika und Asien verbinden. Dazu z\u00e4hlen Standorte in Deutschland, Italien, Rum\u00e4nien, Lettland, den USA, Mexiko, Brasilien, China, Vietnam und Indien.<\/p>\n<p>Die Partnerschaft mit Xeneta soll es dem Unternehmen erm\u00f6glichen, die Servicelevel und Zuverl\u00e4ssigkeit seiner Lieferungen zu verbessern. Durch den Zugang zu unabh\u00e4ngigen Frachtdaten erhofft sich K\u00e4rcher eine Grundlage f\u00fcr Verhandlungen, Analysen und Berichterstattung.<\/p>\n<p><a href=\"https:\/\/www.xeneta.com\/\" target=\"_blank\" rel=\"noopener noreferrer\">www.xeneta.com<\/a><\/p>\n","protected":false},"excerpt":{"rendered":"<p>K\u00e4rcher hat Xeneta als Partner gew\u00e4hlt, um Frachtdaten zu analysieren und auf dieser Basis die Effizienz seiner globalen Logistikprozesse zu verbessern.<\/p>\n","protected":false},"author":10,"featured_media":80429,"comment_status":"open","ping_status":"","sticky":false,"template":"","format":"standard","meta":{"_acf_changed":false,"footnotes":""},"categories":[9092,1575,1571],"tags":[4555,25970,25971,25972,25973,25974,2115,2116,21761,2309,2700,21764,21767,2123,25975,25976,1970,4025,4026,4027,2279,2280,25977,6478,25978,5777,8486,2133,1831,8487,2282,4573,4574,25979,3157,12513,12514,2720,2148,8495,25980,25981,25982,4183,25983,25984,25985,2106,14903,25986,4187,25987,25988,2300],"class_list":["post-80430","post","type-post","status-publish","format-standard","has-post-thumbnail","hentry","category-deutschland","category-europa","category-schiffahrt","tag-analyse-de-marche","tag-analyse-des-couts-de-transport","tag-cleaning-technology","tag-cost-analysis-in-transport","tag-decisions-strategiques-en-logistique","tag-deutsch-kaercher","tag-digitalisierung-in-der-logistik","tag-digitalization-in-logistics","tag-donnees-de-fret","tag-durabilite-dans-le-transport","tag-fachkraeftemangel-in-der-logistik","tag-frachtdaten","tag-freight-data","tag-gestion-de-la-chaine-dapprovisionnement","tag-global-market-leader-francais-kaercher","tag-globale-marktfuehrer-english-kaercher","tag-handelsrouten","tag-infrastructure-en-europe","tag-infrastructure-in-europe","tag-infrastruktur-in-europa","tag-international-logistics","tag-internationale-logistik","tag-kostenanalyse-im-transport","tag-labor-shortage-in-logistics","tag-leader-mondial-du-marche","tag-lieferkette-optimieren","tag-logistics-processes","tag-logistics-service-providers","tag-logistikdienstleister","tag-logistikprozesse","tag-logistique-internationale","tag-market-analysis","tag-marktanalyse","tag-nachhaltigkeit-in-der-transportwirtschaft","tag-numerisation-dans-la-logistique","tag-optimiser-la-chaine-dapprovisionnement","tag-optimize-supply-chain","tag-penurie-de-main-doeuvre-dans-la-logistique","tag-prestataires-de-services-logistiques","tag-processus-logistiques","tag-production-sites-in-europe","tag-produktionsstandorte-in-europa","tag-reinigungstechnologie","tag-routes-commerciales","tag-sites-de-production-en-europe","tag-strategic-decisions-in-logistics","tag-strategische-entscheidungen-in-der-logistik","tag-supply-chain-management","tag-sustainability-in-transportation","tag-technologie-de-nettoyage","tag-trade-routes","tag-transport-cost-analysis","tag-transportkostenanalyse","tag-xeneta"],"acf":[],"yoast_head":"<!-- This site is optimized with the Yoast SEO plugin v27.3 - https:\/\/yoast.com\/product\/yoast-seo-wordpress\/ -->\n<title>K\u00e4rcher bezieht Frachtdaten von Xeneta - ITJ | International Transport Journal<\/title>\n<meta name=\"robots\" content=\"index, follow, max-snippet:-1, max-image-preview:large, max-video-preview:-1\" \/>\n<link rel=\"canonical\" href=\"https:\/\/transportjournal.com\/de\/2026\/03\/11\/kaercher-bezieht-frachtdaten-von-xeneta\/\" \/>\n<meta property=\"og:locale\" content=\"de_DE\" \/>\n<meta property=\"og:type\" content=\"article\" \/>\n<meta property=\"og:title\" content=\"K\u00e4rcher bezieht Frachtdaten von Xeneta - ITJ | International Transport Journal\" \/>\n<meta property=\"og:description\" content=\"K\u00e4rcher hat Xeneta als Partner gew\u00e4hlt, um Frachtdaten zu analysieren und auf dieser Basis die Effizienz seiner globalen Logistikprozesse zu verbessern.\" \/>\n<meta property=\"og:url\" content=\"https:\/\/transportjournal.com\/de\/2026\/03\/11\/kaercher-bezieht-frachtdaten-von-xeneta\/\" \/>\n<meta property=\"og:site_name\" content=\"ITJ | International Transport Journal\" \/>\n<meta property=\"article:published_time\" content=\"2026-03-11T12:37:26+00:00\" \/>\n<meta property=\"og:image\" content=\"https:\/\/transportjournal.com\/wp-content\/uploads\/sites\/2\/2026\/03\/AdobeStock_732251735-8-scaled-aspect-ratio-1400-788-scaled-1.jpeg\" \/>\n\t<meta property=\"og:image:width\" content=\"2560\" \/>\n\t<meta property=\"og:image:height\" content=\"1441\" \/>\n\t<meta property=\"og:image:type\" content=\"image\/jpeg\" \/>\n<meta name=\"author\" content=\"Jeremy Soland\" \/>\n<meta name=\"twitter:card\" content=\"summary_large_image\" \/>\n<meta name=\"twitter:label1\" content=\"Verfasst von\" \/>\n\t<meta name=\"twitter:data1\" content=\"Jeremy Soland\" \/>\n\t<meta name=\"twitter:label2\" content=\"Gesch\u00e4tzte Lesezeit\" \/>\n\t<meta name=\"twitter:data2\" content=\"1\u00a0Minute\" \/>\n<script type=\"application\/ld+json\" class=\"yoast-schema-graph\">{\"@context\":\"https:\\\/\\\/schema.org\",\"@graph\":[{\"@type\":\"Article\",\"@id\":\"https:\\\/\\\/transportjournal.com\\\/de\\\/2026\\\/03\\\/11\\\/kaercher-bezieht-frachtdaten-von-xeneta\\\/#article\",\"isPartOf\":{\"@id\":\"https:\\\/\\\/transportjournal.com\\\/de\\\/2026\\\/03\\\/11\\\/kaercher-bezieht-frachtdaten-von-xeneta\\\/\"},\"author\":{\"name\":\"Jeremy Soland\",\"@id\":\"https:\\\/\\\/transportjournal.com\\\/de\\\/#\\\/schema\\\/person\\\/41d36b5474b623392fa613e97e2363fa\"},\"headline\":\"K\u00e4rcher bezieht Frachtdaten von Xeneta\",\"datePublished\":\"2026-03-11T12:37:26+00:00\",\"mainEntityOfPage\":{\"@id\":\"https:\\\/\\\/transportjournal.com\\\/de\\\/2026\\\/03\\\/11\\\/kaercher-bezieht-frachtdaten-von-xeneta\\\/\"},\"wordCount\":242,\"commentCount\":0,\"publisher\":{\"@id\":\"https:\\\/\\\/transportjournal.com\\\/de\\\/#organization\"},\"image\":{\"@id\":\"https:\\\/\\\/transportjournal.com\\\/de\\\/2026\\\/03\\\/11\\\/kaercher-bezieht-frachtdaten-von-xeneta\\\/#primaryimage\"},\"thumbnailUrl\":\"https:\\\/\\\/transportjournal.com\\\/wp-content\\\/uploads\\\/sites\\\/2\\\/2026\\\/03\\\/AdobeStock_732251735-8-scaled-aspect-ratio-1400-788-scaled-1.jpeg\",\"keywords\":[\"analyse de march\u00e9\",\"analyse des co\u00fbts de transport\",\"cleaning technology\",\"cost analysis in transport\",\"d\u00e9cisions strat\u00e9giques en logistique\",\"Deutsch K\u00e4rcher\",\"Digitalisierung in der Logistik\",\"digitalization in logistics\",\"donn\u00e9es de fret\",\"durabilit\u00e9 dans le transport\",\"Fachkr\u00e4ftemangel in der Logistik\",\"Frachtdaten\",\"freight data\",\"gestion de la cha\u00eene d'approvisionnement\",\"global market leader Fran\u00e7ais K\u00e4rcher\",\"globale Marktf\u00fchrer English K\u00e4rcher\",\"Handelsrouten\",\"infrastructure en Europe\",\"infrastructure in Europe\",\"Infrastruktur in Europa\",\"international logistics\",\"internationale Logistik\",\"Kostenanalyse im Transport\",\"labor shortage in logistics\",\"leader mondial du march\u00e9\",\"Lieferkette optimieren\",\"logistics processes\",\"logistics service providers\",\"Logistikdienstleister\",\"Logistikprozesse\",\"logistique internationale\",\"market analysis\",\"Marktanalyse\",\"Nachhaltigkeit in der Transportwirtschaft\",\"num\u00e9risation dans la logistique\",\"optimiser la cha\u00eene d'approvisionnement\",\"optimize supply chain\",\"p\u00e9nurie de main-d'\u0153uvre dans la logistique\",\"prestataires de services logistiques\",\"processus logistiques\",\"production sites in Europe\",\"Produktionsstandorte in Europa\",\"Reinigungstechnologie\",\"routes commerciales\",\"sites de production en Europe\",\"strategic decisions in logistics\",\"strategische Entscheidungen in der Logistik\",\"Supply Chain Management\",\"sustainability in transportation\",\"technologie de nettoyage\",\"trade routes\",\"transport cost analysis\",\"Transportkostenanalyse\",\"Xeneta\"],\"articleSection\":[\"Deutschland\",\"Europa\",\"Schifffahrt &amp; H\u00e4fen\"],\"inLanguage\":\"de\",\"potentialAction\":[{\"@type\":\"CommentAction\",\"name\":\"Comment\",\"target\":[\"https:\\\/\\\/transportjournal.com\\\/de\\\/2026\\\/03\\\/11\\\/kaercher-bezieht-frachtdaten-von-xeneta\\\/#respond\"]}]},{\"@type\":\"WebPage\",\"@id\":\"https:\\\/\\\/transportjournal.com\\\/de\\\/2026\\\/03\\\/11\\\/kaercher-bezieht-frachtdaten-von-xeneta\\\/\",\"url\":\"https:\\\/\\\/transportjournal.com\\\/de\\\/2026\\\/03\\\/11\\\/kaercher-bezieht-frachtdaten-von-xeneta\\\/\",\"name\":\"K\u00e4rcher bezieht Frachtdaten von Xeneta - ITJ | International Transport Journal\",\"isPartOf\":{\"@id\":\"https:\\\/\\\/transportjournal.com\\\/de\\\/#website\"},\"primaryImageOfPage\":{\"@id\":\"https:\\\/\\\/transportjournal.com\\\/de\\\/2026\\\/03\\\/11\\\/kaercher-bezieht-frachtdaten-von-xeneta\\\/#primaryimage\"},\"image\":{\"@id\":\"https:\\\/\\\/transportjournal.com\\\/de\\\/2026\\\/03\\\/11\\\/kaercher-bezieht-frachtdaten-von-xeneta\\\/#primaryimage\"},\"thumbnailUrl\":\"https:\\\/\\\/transportjournal.com\\\/wp-content\\\/uploads\\\/sites\\\/2\\\/2026\\\/03\\\/AdobeStock_732251735-8-scaled-aspect-ratio-1400-788-scaled-1.jpeg\",\"datePublished\":\"2026-03-11T12:37:26+00:00\",\"breadcrumb\":{\"@id\":\"https:\\\/\\\/transportjournal.com\\\/de\\\/2026\\\/03\\\/11\\\/kaercher-bezieht-frachtdaten-von-xeneta\\\/#breadcrumb\"},\"inLanguage\":\"de\",\"potentialAction\":[{\"@type\":\"ReadAction\",\"target\":[\"https:\\\/\\\/transportjournal.com\\\/de\\\/2026\\\/03\\\/11\\\/kaercher-bezieht-frachtdaten-von-xeneta\\\/\"]}]},{\"@type\":\"ImageObject\",\"inLanguage\":\"de\",\"@id\":\"https:\\\/\\\/transportjournal.com\\\/de\\\/2026\\\/03\\\/11\\\/kaercher-bezieht-frachtdaten-von-xeneta\\\/#primaryimage\",\"url\":\"https:\\\/\\\/transportjournal.com\\\/wp-content\\\/uploads\\\/sites\\\/2\\\/2026\\\/03\\\/AdobeStock_732251735-8-scaled-aspect-ratio-1400-788-scaled-1.jpeg\",\"contentUrl\":\"https:\\\/\\\/transportjournal.com\\\/wp-content\\\/uploads\\\/sites\\\/2\\\/2026\\\/03\\\/AdobeStock_732251735-8-scaled-aspect-ratio-1400-788-scaled-1.jpeg\",\"width\":2560,\"height\":1441},{\"@type\":\"BreadcrumbList\",\"@id\":\"https:\\\/\\\/transportjournal.com\\\/de\\\/2026\\\/03\\\/11\\\/kaercher-bezieht-frachtdaten-von-xeneta\\\/#breadcrumb\",\"itemListElement\":[{\"@type\":\"ListItem\",\"position\":1,\"name\":\"Startseite\",\"item\":\"https:\\\/\\\/transportjournal.com\\\/de\\\/\"},{\"@type\":\"ListItem\",\"position\":2,\"name\":\"K\u00e4rcher bezieht Frachtdaten von Xeneta\"}]},{\"@type\":\"WebSite\",\"@id\":\"https:\\\/\\\/transportjournal.com\\\/de\\\/#website\",\"url\":\"https:\\\/\\\/transportjournal.com\\\/de\\\/\",\"name\":\"ITJ | International Transport Journal\",\"description\":\"Stay informed with the latest global news from the transport, logistics, and supply chain industries. Transport Journal delivers expert insights, analysis, and updates across shipping, aviation, intermodal, and forwarding.\",\"publisher\":{\"@id\":\"https:\\\/\\\/transportjournal.com\\\/de\\\/#organization\"},\"potentialAction\":[{\"@type\":\"SearchAction\",\"target\":{\"@type\":\"EntryPoint\",\"urlTemplate\":\"https:\\\/\\\/transportjournal.com\\\/de\\\/?s={search_term_string}\"},\"query-input\":{\"@type\":\"PropertyValueSpecification\",\"valueRequired\":true,\"valueName\":\"search_term_string\"}}],\"inLanguage\":\"de\"},{\"@type\":\"Organization\",\"@id\":\"https:\\\/\\\/transportjournal.com\\\/de\\\/#organization\",\"name\":\"Groupe Logismedia AG\",\"alternateName\":\"Logismedia Group AG\",\"url\":\"https:\\\/\\\/transportjournal.com\\\/de\\\/\",\"logo\":{\"@type\":\"ImageObject\",\"inLanguage\":\"de\",\"@id\":\"https:\\\/\\\/transportjournal.com\\\/de\\\/#\\\/schema\\\/logo\\\/image\\\/\",\"url\":\"https:\\\/\\\/transportjournal.com\\\/wp-content\\\/uploads\\\/sites\\\/2\\\/2025\\\/09\\\/Logo_ITJ.png\",\"contentUrl\":\"https:\\\/\\\/transportjournal.com\\\/wp-content\\\/uploads\\\/sites\\\/2\\\/2025\\\/09\\\/Logo_ITJ.png\",\"width\":799,\"height\":326,\"caption\":\"Groupe Logismedia AG\"},\"image\":{\"@id\":\"https:\\\/\\\/transportjournal.com\\\/de\\\/#\\\/schema\\\/logo\\\/image\\\/\"},\"sameAs\":[\"https:\\\/\\\/www.linkedin.com\\\/company\\\/56456496\\\/admin\\\/dashboard\\\/\",\"https:\\\/\\\/www.instagram.com\\\/logismediagroup\\\/\",\"https:\\\/\\\/www.youtube.com\\\/@LogiamediaGroupAG\"]},{\"@type\":\"Person\",\"@id\":\"https:\\\/\\\/transportjournal.com\\\/de\\\/#\\\/schema\\\/person\\\/41d36b5474b623392fa613e97e2363fa\",\"name\":\"Jeremy Soland\",\"url\":\"https:\\\/\\\/transportjournal.com\\\/de\\\/author\\\/jeremy\\\/\"}]}<\/script>\n<!-- \/ Yoast SEO plugin. -->","yoast_head_json":{"title":"K\u00e4rcher bezieht Frachtdaten von Xeneta - ITJ | International Transport Journal","robots":{"index":"index","follow":"follow","max-snippet":"max-snippet:-1","max-image-preview":"max-image-preview:large","max-video-preview":"max-video-preview:-1"},"canonical":"https:\/\/transportjournal.com\/de\/2026\/03\/11\/kaercher-bezieht-frachtdaten-von-xeneta\/","og_locale":"de_DE","og_type":"article","og_title":"K\u00e4rcher bezieht Frachtdaten von Xeneta - ITJ | International Transport Journal","og_description":"K\u00e4rcher hat Xeneta als Partner gew\u00e4hlt, um Frachtdaten zu analysieren und auf dieser Basis die Effizienz seiner globalen Logistikprozesse zu verbessern.","og_url":"https:\/\/transportjournal.com\/de\/2026\/03\/11\/kaercher-bezieht-frachtdaten-von-xeneta\/","og_site_name":"ITJ | International Transport Journal","article_published_time":"2026-03-11T12:37:26+00:00","og_image":[{"width":2560,"height":1441,"url":"https:\/\/transportjournal.com\/wp-content\/uploads\/sites\/2\/2026\/03\/AdobeStock_732251735-8-scaled-aspect-ratio-1400-788-scaled-1.jpeg","type":"image\/jpeg"}],"author":"Jeremy Soland","twitter_card":"summary_large_image","twitter_misc":{"Verfasst von":"Jeremy Soland","Gesch\u00e4tzte Lesezeit":"1\u00a0Minute"},"schema":{"@context":"https:\/\/schema.org","@graph":[{"@type":"Article","@id":"https:\/\/transportjournal.com\/de\/2026\/03\/11\/kaercher-bezieht-frachtdaten-von-xeneta\/#article","isPartOf":{"@id":"https:\/\/transportjournal.com\/de\/2026\/03\/11\/kaercher-bezieht-frachtdaten-von-xeneta\/"},"author":{"name":"Jeremy Soland","@id":"https:\/\/transportjournal.com\/de\/#\/schema\/person\/41d36b5474b623392fa613e97e2363fa"},"headline":"K\u00e4rcher bezieht Frachtdaten von Xeneta","datePublished":"2026-03-11T12:37:26+00:00","mainEntityOfPage":{"@id":"https:\/\/transportjournal.com\/de\/2026\/03\/11\/kaercher-bezieht-frachtdaten-von-xeneta\/"},"wordCount":242,"commentCount":0,"publisher":{"@id":"https:\/\/transportjournal.com\/de\/#organization"},"image":{"@id":"https:\/\/transportjournal.com\/de\/2026\/03\/11\/kaercher-bezieht-frachtdaten-von-xeneta\/#primaryimage"},"thumbnailUrl":"https:\/\/transportjournal.com\/wp-content\/uploads\/sites\/2\/2026\/03\/AdobeStock_732251735-8-scaled-aspect-ratio-1400-788-scaled-1.jpeg","keywords":["analyse de march\u00e9","analyse des co\u00fbts de transport","cleaning technology","cost analysis in transport","d\u00e9cisions strat\u00e9giques en logistique","Deutsch K\u00e4rcher","Digitalisierung in der Logistik","digitalization in logistics","donn\u00e9es de fret","durabilit\u00e9 dans le transport","Fachkr\u00e4ftemangel in der Logistik","Frachtdaten","freight data","gestion de la cha\u00eene d'approvisionnement","global market leader Fran\u00e7ais K\u00e4rcher","globale Marktf\u00fchrer English K\u00e4rcher","Handelsrouten","infrastructure en Europe","infrastructure in Europe","Infrastruktur in Europa","international logistics","internationale Logistik","Kostenanalyse im Transport","labor shortage in logistics","leader mondial du march\u00e9","Lieferkette optimieren","logistics processes","logistics service providers","Logistikdienstleister","Logistikprozesse","logistique internationale","market analysis","Marktanalyse","Nachhaltigkeit in der Transportwirtschaft","num\u00e9risation dans la logistique","optimiser la cha\u00eene d'approvisionnement","optimize supply chain","p\u00e9nurie de main-d'\u0153uvre dans la logistique","prestataires de services logistiques","processus logistiques","production sites in Europe","Produktionsstandorte in Europa","Reinigungstechnologie","routes commerciales","sites de production en Europe","strategic decisions in logistics","strategische Entscheidungen in der Logistik","Supply Chain Management","sustainability in transportation","technologie de nettoyage","trade routes","transport cost analysis","Transportkostenanalyse","Xeneta"],"articleSection":["Deutschland","Europa","Schifffahrt &amp; H\u00e4fen"],"inLanguage":"de","potentialAction":[{"@type":"CommentAction","name":"Comment","target":["https:\/\/transportjournal.com\/de\/2026\/03\/11\/kaercher-bezieht-frachtdaten-von-xeneta\/#respond"]}]},{"@type":"WebPage","@id":"https:\/\/transportjournal.com\/de\/2026\/03\/11\/kaercher-bezieht-frachtdaten-von-xeneta\/","url":"https:\/\/transportjournal.com\/de\/2026\/03\/11\/kaercher-bezieht-frachtdaten-von-xeneta\/","name":"K\u00e4rcher bezieht Frachtdaten von Xeneta - ITJ | International Transport Journal","isPartOf":{"@id":"https:\/\/transportjournal.com\/de\/#website"},"primaryImageOfPage":{"@id":"https:\/\/transportjournal.com\/de\/2026\/03\/11\/kaercher-bezieht-frachtdaten-von-xeneta\/#primaryimage"},"image":{"@id":"https:\/\/transportjournal.com\/de\/2026\/03\/11\/kaercher-bezieht-frachtdaten-von-xeneta\/#primaryimage"},"thumbnailUrl":"https:\/\/transportjournal.com\/wp-content\/uploads\/sites\/2\/2026\/03\/AdobeStock_732251735-8-scaled-aspect-ratio-1400-788-scaled-1.jpeg","datePublished":"2026-03-11T12:37:26+00:00","breadcrumb":{"@id":"https:\/\/transportjournal.com\/de\/2026\/03\/11\/kaercher-bezieht-frachtdaten-von-xeneta\/#breadcrumb"},"inLanguage":"de","potentialAction":[{"@type":"ReadAction","target":["https:\/\/transportjournal.com\/de\/2026\/03\/11\/kaercher-bezieht-frachtdaten-von-xeneta\/"]}]},{"@type":"ImageObject","inLanguage":"de","@id":"https:\/\/transportjournal.com\/de\/2026\/03\/11\/kaercher-bezieht-frachtdaten-von-xeneta\/#primaryimage","url":"https:\/\/transportjournal.com\/wp-content\/uploads\/sites\/2\/2026\/03\/AdobeStock_732251735-8-scaled-aspect-ratio-1400-788-scaled-1.jpeg","contentUrl":"https:\/\/transportjournal.com\/wp-content\/uploads\/sites\/2\/2026\/03\/AdobeStock_732251735-8-scaled-aspect-ratio-1400-788-scaled-1.jpeg","width":2560,"height":1441},{"@type":"BreadcrumbList","@id":"https:\/\/transportjournal.com\/de\/2026\/03\/11\/kaercher-bezieht-frachtdaten-von-xeneta\/#breadcrumb","itemListElement":[{"@type":"ListItem","position":1,"name":"Startseite","item":"https:\/\/transportjournal.com\/de\/"},{"@type":"ListItem","position":2,"name":"K\u00e4rcher bezieht Frachtdaten von Xeneta"}]},{"@type":"WebSite","@id":"https:\/\/transportjournal.com\/de\/#website","url":"https:\/\/transportjournal.com\/de\/","name":"ITJ | International Transport Journal","description":"Stay informed with the latest global news from the transport, logistics, and supply chain industries. Transport Journal delivers expert insights, analysis, and updates across shipping, aviation, intermodal, and forwarding.","publisher":{"@id":"https:\/\/transportjournal.com\/de\/#organization"},"potentialAction":[{"@type":"SearchAction","target":{"@type":"EntryPoint","urlTemplate":"https:\/\/transportjournal.com\/de\/?s={search_term_string}"},"query-input":{"@type":"PropertyValueSpecification","valueRequired":true,"valueName":"search_term_string"}}],"inLanguage":"de"},{"@type":"Organization","@id":"https:\/\/transportjournal.com\/de\/#organization","name":"Groupe Logismedia AG","alternateName":"Logismedia Group AG","url":"https:\/\/transportjournal.com\/de\/","logo":{"@type":"ImageObject","inLanguage":"de","@id":"https:\/\/transportjournal.com\/de\/#\/schema\/logo\/image\/","url":"https:\/\/transportjournal.com\/wp-content\/uploads\/sites\/2\/2025\/09\/Logo_ITJ.png","contentUrl":"https:\/\/transportjournal.com\/wp-content\/uploads\/sites\/2\/2025\/09\/Logo_ITJ.png","width":799,"height":326,"caption":"Groupe Logismedia AG"},"image":{"@id":"https:\/\/transportjournal.com\/de\/#\/schema\/logo\/image\/"},"sameAs":["https:\/\/www.linkedin.com\/company\/56456496\/admin\/dashboard\/","https:\/\/www.instagram.com\/logismediagroup\/","https:\/\/www.youtube.com\/@LogiamediaGroupAG"]},{"@type":"Person","@id":"https:\/\/transportjournal.com\/de\/#\/schema\/person\/41d36b5474b623392fa613e97e2363fa","name":"Jeremy Soland","url":"https:\/\/transportjournal.com\/de\/author\/jeremy\/"}]}},"_links":{"self":[{"href":"https:\/\/transportjournal.com\/de\/wp-json\/wp\/v2\/posts\/80430","targetHints":{"allow":["GET"]}}],"collection":[{"href":"https:\/\/transportjournal.com\/de\/wp-json\/wp\/v2\/posts"}],"about":[{"href":"https:\/\/transportjournal.com\/de\/wp-json\/wp\/v2\/types\/post"}],"author":[{"embeddable":true,"href":"https:\/\/transportjournal.com\/de\/wp-json\/wp\/v2\/users\/10"}],"replies":[{"embeddable":true,"href":"https:\/\/transportjournal.com\/de\/wp-json\/wp\/v2\/comments?post=80430"}],"version-history":[{"count":0,"href":"https:\/\/transportjournal.com\/de\/wp-json\/wp\/v2\/posts\/80430\/revisions"}],"wp:featuredmedia":[{"embeddable":true,"href":"https:\/\/transportjournal.com\/de\/wp-json\/wp\/v2\/media\/80429"}],"wp:attachment":[{"href":"https:\/\/transportjournal.com\/de\/wp-json\/wp\/v2\/media?parent=80430"}],"wp:term":[{"taxonomy":"category","embeddable":true,"href":"https:\/\/transportjournal.com\/de\/wp-json\/wp\/v2\/categories?post=80430"},{"taxonomy":"post_tag","embeddable":true,"href":"https:\/\/transportjournal.com\/de\/wp-json\/wp\/v2\/tags?post=80430"}],"curies":[{"name":"wp","href":"https:\/\/api.w.org\/{rel}","templated":true}]}}