{"id":80408,"date":"2026-03-11T12:29:11","date_gmt":"2026-03-11T12:29:11","guid":{"rendered":"https:\/\/transportjournal.com\/2026\/03\/11\/al-hassan-leitet-neu-gcc-region-von-dp-world\/"},"modified":"2026-03-11T13:44:05","modified_gmt":"2026-03-11T12:44:05","slug":"al-hassan-leitet-neu-gcc-region-von-dp-world","status":"publish","type":"post","link":"https:\/\/transportjournal.com\/de\/2026\/03\/11\/al-hassan-leitet-neu-gcc-region-von-dp-world\/","title":{"rendered":"Al-Hassan leitet neu GCC-Region von DP World"},"content":{"rendered":"<p>DP World, ein globaler Logistikdienstleister und Betreiber von Supply-Chain-Infrastruktur mit Aktivit\u00e4ten in 69 L\u00e4ndern auf allen Kontinenten, hat Ahmad Yousef Al-Hassan zum neuen CEO und MD seiner GCC-Regionalorganisation ernannt. In dieser Funktion verantwortet er H\u00e4fen, Logistik- und Lieferkettenaktivit\u00e4ten in mehreren M\u00e4rkten am Persischen Golf. Das Unternehmen betreibt ein integriertes Portfolio in den Vereinigten Arabischen Emiraten, Saudi-Arabien und Oman.<\/p>\n<p>Fokus auf regionalen Handel und Logistik<\/p>\n<p>Der neue CEO soll durchg\u00e4ngige Lieferketten st\u00e4rken und Logistikdienstleistungen entwickeln, die Handelsstr\u00f6me vereinfachen. Er erkl\u00e4rte, dass \u00abder Handel st\u00e4rker vernetzt und komplexer ist als je zuvor, und unsere Priorit\u00e4t darin besteht, die Fracht f\u00fcr unsere Kunden sicher und effizient zu transportieren.\u00bb Das Unternehmen beobachtet weiterhin die Entwicklungen im Persischen Golf und in der Strasse von Hormus, w\u00e4hrend der Betrieb in den Anlagen in Dubai (VAE) aufrechterhalten wird.<\/p>\n<p>Die Container- und St\u00fcckgutterminals im Hafen Jebel Ali bleiben vollst\u00e4ndig in Betrieb. Das Unternehmen arbeitet eng mit den Beh\u00f6rden der VAE, Reedereien und Logistikpartnern zusammen, um stabile Warenstr\u00f6me sicherzustellen.<\/p>\n<p>Al-Hassan ist seit 2010 bei DP World t\u00e4tig und war von 2021 bis 2026 CFO von DP World GCC. In mehr als 23 Jahren Branchenerfahrung arbeitete er in Dubai, Washington DC, London und Hongkong in den Bereichen Logistik, Treasury und Bankwesen.<\/p>\n<p><a href=\"https:\/\/www.dpworld.com\" target=\"_blank\" rel=\"noopener noreferrer\">www.dpworld.com<\/a><\/p>\n","protected":false},"excerpt":{"rendered":"<p>DP World hat Ahmad Yousef Al-Hassan zum neuen CEO der GCC-Regionalorganisation ernannt, um Lieferketten und Logistikdienstleistungen im Persischen Golf zu optimieren.<\/p>\n","protected":false},"author":14,"featured_media":80407,"comment_status":"open","ping_status":"","sticky":false,"template":"","format":"standard","meta":{"_acf_changed":false,"footnotes":""},"categories":[1567,1576,1571,1569],"tags":[25947,25948,7947,25949,25950,16524,16526,16846,2115,2116,9628,2700,25951,25952,1958,4091,25953,25954,25955,2909,25956,25957,25958,4128,2664,1831,1847,3157,24395,2925,4923,25959,25960,2929,2481,25961,25962,25963,7962,7963,2682,2731,25964,25965,25397,25966,16547,25967,25968,4105,25969],"class_list":["post-80408","post","type-post","status-publish","format-standard","has-post-thumbnail","hentry","category-wechsel-weltweit","category-naher-osten","category-schiffahrt","category-logistik-spedition","tag-activites-de-chaine-dapprovisionnement","tag-ahmad-yousef-al-hassan","tag-arabie-saoudite","tag-breakbulk-terminals","tag-connectivite-commerciale","tag-container-terminals","tag-containerterminals","tag-deutsch-dp-world","tag-digitalisierung-in-der-logistik","tag-digitalization-in-logistics","tag-dubai","tag-fachkraeftemangel-in-der-logistik","tag-flux-commerciaux-regionaux","tag-flux-de-marchandises","tag-frachttransport","tag-freight-transport","tag-gcc-region","tag-golfe-persique","tag-goods-flows-francais-dp-world","tag-hafenbetrieb","tag-handelsvernetzung","tag-infrastructure-de-chaine-dapprovisionnement","tag-lieferkettenaktivitaeten","tag-logistics-provider","tag-logistics-services","tag-logistikdienstleister","tag-logistikdienstleistungen","tag-numerisation-dans-la-logistique","tag-oman","tag-operations-portuaires","tag-penurie-de-competences-dans-la-logistique","tag-persian-gulf","tag-persischer-golf","tag-port-operations","tag-prestataire-logistique","tag-region-gcc","tag-regional-trade-flows","tag-regionale-handelsstroeme","tag-saudi-arabia","tag-saudi-arabien","tag-services-logistiques","tag-skills-shortage-in-logistics","tag-stueckgutterminals","tag-supply-chain-activities","tag-supply-chain-infrastructure","tag-supply-chain-infrastruktur","tag-terminaux-a-conteneurs","tag-terminaux-de-marchandises","tag-trade-connectivity","tag-transport-de-fret","tag-warenstroeme-english-dp-world"],"acf":[],"yoast_head":"<!-- This site is optimized with the Yoast SEO plugin v27.3 - https:\/\/yoast.com\/product\/yoast-seo-wordpress\/ -->\n<title>Al-Hassan leitet neu GCC-Region von DP World - ITJ | International Transport Journal<\/title>\n<meta name=\"robots\" content=\"index, follow, max-snippet:-1, max-image-preview:large, max-video-preview:-1\" \/>\n<link rel=\"canonical\" href=\"https:\/\/transportjournal.com\/de\/2026\/03\/11\/al-hassan-leitet-neu-gcc-region-von-dp-world\/\" \/>\n<meta property=\"og:locale\" content=\"de_DE\" \/>\n<meta property=\"og:type\" content=\"article\" \/>\n<meta property=\"og:title\" content=\"Al-Hassan leitet neu GCC-Region von DP World - ITJ | International Transport Journal\" \/>\n<meta property=\"og:description\" content=\"DP World hat Ahmad Yousef Al-Hassan zum neuen CEO der GCC-Regionalorganisation ernannt, um Lieferketten und Logistikdienstleistungen im Persischen Golf zu optimieren.\" \/>\n<meta property=\"og:url\" content=\"https:\/\/transportjournal.com\/de\/2026\/03\/11\/al-hassan-leitet-neu-gcc-region-von-dp-world\/\" \/>\n<meta property=\"og:site_name\" content=\"ITJ | International Transport Journal\" \/>\n<meta property=\"article:published_time\" content=\"2026-03-11T12:29:11+00:00\" \/>\n<meta property=\"article:modified_time\" content=\"2026-03-11T12:44:05+00:00\" \/>\n<meta property=\"og:image\" content=\"https:\/\/transportjournal.com\/wp-content\/uploads\/sites\/2\/2026\/03\/DP-World-Al-Hassan-CEO-GCC-150_74584-aspect-ratio-1400-788.jpg\" \/>\n\t<meta property=\"og:image:width\" content=\"600\" \/>\n\t<meta property=\"og:image:height\" content=\"337\" \/>\n\t<meta property=\"og:image:type\" content=\"image\/jpeg\" \/>\n<meta name=\"author\" content=\"Gyan Sharan\" \/>\n<meta name=\"twitter:card\" content=\"summary_large_image\" \/>\n<meta name=\"twitter:label1\" content=\"Verfasst von\" \/>\n\t<meta name=\"twitter:data1\" content=\"Gyan Sharan\" \/>\n\t<meta name=\"twitter:label2\" content=\"Gesch\u00e4tzte Lesezeit\" \/>\n\t<meta name=\"twitter:data2\" content=\"1\u00a0Minute\" \/>\n<script type=\"application\/ld+json\" class=\"yoast-schema-graph\">{\"@context\":\"https:\\\/\\\/schema.org\",\"@graph\":[{\"@type\":\"Article\",\"@id\":\"https:\\\/\\\/transportjournal.com\\\/de\\\/2026\\\/03\\\/11\\\/al-hassan-leitet-neu-gcc-region-von-dp-world\\\/#article\",\"isPartOf\":{\"@id\":\"https:\\\/\\\/transportjournal.com\\\/de\\\/2026\\\/03\\\/11\\\/al-hassan-leitet-neu-gcc-region-von-dp-world\\\/\"},\"author\":{\"name\":\"Gyan Sharan\",\"@id\":\"https:\\\/\\\/transportjournal.com\\\/de\\\/#\\\/schema\\\/person\\\/13a9fc605c753db60ef7750a229cd042\"},\"headline\":\"Al-Hassan leitet neu GCC-Region von DP World\",\"datePublished\":\"2026-03-11T12:29:11+00:00\",\"dateModified\":\"2026-03-11T12:44:05+00:00\",\"mainEntityOfPage\":{\"@id\":\"https:\\\/\\\/transportjournal.com\\\/de\\\/2026\\\/03\\\/11\\\/al-hassan-leitet-neu-gcc-region-von-dp-world\\\/\"},\"wordCount\":224,\"commentCount\":0,\"publisher\":{\"@id\":\"https:\\\/\\\/transportjournal.com\\\/de\\\/#organization\"},\"image\":{\"@id\":\"https:\\\/\\\/transportjournal.com\\\/de\\\/2026\\\/03\\\/11\\\/al-hassan-leitet-neu-gcc-region-von-dp-world\\\/#primaryimage\"},\"thumbnailUrl\":\"https:\\\/\\\/transportjournal.com\\\/wp-content\\\/uploads\\\/sites\\\/2\\\/2026\\\/03\\\/DP-World-Al-Hassan-CEO-GCC-150_74584-aspect-ratio-1400-788.jpg\",\"keywords\":[\"activit\u00e9s de cha\u00eene d'approvisionnement\",\"Ahmad Yousef Al-Hassan\",\"Arabie Saoudite\",\"breakbulk terminals\",\"connectivit\u00e9 commerciale\",\"container terminals\",\"Containerterminals\",\"Deutsch DP World\",\"Digitalisierung in der Logistik\",\"digitalization in logistics\",\"Dubai\",\"Fachkr\u00e4ftemangel in der Logistik\",\"flux commerciaux r\u00e9gionaux\",\"flux de marchandises\",\"Frachttransport\",\"freight transport\",\"GCC-Region\",\"Golfe Persique\",\"goods flows Fran\u00e7ais DP World\",\"Hafenbetrieb\",\"Handelsvernetzung\",\"infrastructure de cha\u00eene d'approvisionnement\",\"Lieferkettenaktivit\u00e4ten\",\"logistics provider\",\"logistics services\",\"Logistikdienstleister\",\"Logistikdienstleistungen\",\"num\u00e9risation dans la logistique\",\"Oman\",\"op\u00e9rations portuaires\",\"p\u00e9nurie de comp\u00e9tences dans la logistique\",\"Persian Gulf\",\"Persischer Golf\",\"port operations\",\"prestataire logistique\",\"r\u00e9gion GCC\",\"regional trade flows\",\"regionale Handelsstr\u00f6me\",\"Saudi Arabia\",\"Saudi Arabien\",\"services logistiques\",\"skills shortage in logistics\",\"St\u00fcckgutterminals\",\"supply chain activities\",\"supply chain infrastructure\",\"Supply Chain Infrastruktur\",\"terminaux \u00e0 conteneurs\",\"terminaux de marchandises\",\"trade connectivity\",\"transport de fret\",\"Warenstr\u00f6me English DP World\"],\"articleSection\":[\"Menschen &amp; Unternehmen\",\"Naher Osten\",\"Schifffahrt &amp; H\u00e4fen\",\"Spedition &amp; Logistik\"],\"inLanguage\":\"de\",\"potentialAction\":[{\"@type\":\"CommentAction\",\"name\":\"Comment\",\"target\":[\"https:\\\/\\\/transportjournal.com\\\/de\\\/2026\\\/03\\\/11\\\/al-hassan-leitet-neu-gcc-region-von-dp-world\\\/#respond\"]}]},{\"@type\":\"WebPage\",\"@id\":\"https:\\\/\\\/transportjournal.com\\\/de\\\/2026\\\/03\\\/11\\\/al-hassan-leitet-neu-gcc-region-von-dp-world\\\/\",\"url\":\"https:\\\/\\\/transportjournal.com\\\/de\\\/2026\\\/03\\\/11\\\/al-hassan-leitet-neu-gcc-region-von-dp-world\\\/\",\"name\":\"Al-Hassan leitet neu GCC-Region von DP World - ITJ | International Transport Journal\",\"isPartOf\":{\"@id\":\"https:\\\/\\\/transportjournal.com\\\/de\\\/#website\"},\"primaryImageOfPage\":{\"@id\":\"https:\\\/\\\/transportjournal.com\\\/de\\\/2026\\\/03\\\/11\\\/al-hassan-leitet-neu-gcc-region-von-dp-world\\\/#primaryimage\"},\"image\":{\"@id\":\"https:\\\/\\\/transportjournal.com\\\/de\\\/2026\\\/03\\\/11\\\/al-hassan-leitet-neu-gcc-region-von-dp-world\\\/#primaryimage\"},\"thumbnailUrl\":\"https:\\\/\\\/transportjournal.com\\\/wp-content\\\/uploads\\\/sites\\\/2\\\/2026\\\/03\\\/DP-World-Al-Hassan-CEO-GCC-150_74584-aspect-ratio-1400-788.jpg\",\"datePublished\":\"2026-03-11T12:29:11+00:00\",\"dateModified\":\"2026-03-11T12:44:05+00:00\",\"breadcrumb\":{\"@id\":\"https:\\\/\\\/transportjournal.com\\\/de\\\/2026\\\/03\\\/11\\\/al-hassan-leitet-neu-gcc-region-von-dp-world\\\/#breadcrumb\"},\"inLanguage\":\"de\",\"potentialAction\":[{\"@type\":\"ReadAction\",\"target\":[\"https:\\\/\\\/transportjournal.com\\\/de\\\/2026\\\/03\\\/11\\\/al-hassan-leitet-neu-gcc-region-von-dp-world\\\/\"]}]},{\"@type\":\"ImageObject\",\"inLanguage\":\"de\",\"@id\":\"https:\\\/\\\/transportjournal.com\\\/de\\\/2026\\\/03\\\/11\\\/al-hassan-leitet-neu-gcc-region-von-dp-world\\\/#primaryimage\",\"url\":\"https:\\\/\\\/transportjournal.com\\\/wp-content\\\/uploads\\\/sites\\\/2\\\/2026\\\/03\\\/DP-World-Al-Hassan-CEO-GCC-150_74584-aspect-ratio-1400-788.jpg\",\"contentUrl\":\"https:\\\/\\\/transportjournal.com\\\/wp-content\\\/uploads\\\/sites\\\/2\\\/2026\\\/03\\\/DP-World-Al-Hassan-CEO-GCC-150_74584-aspect-ratio-1400-788.jpg\",\"width\":600,\"height\":337},{\"@type\":\"BreadcrumbList\",\"@id\":\"https:\\\/\\\/transportjournal.com\\\/de\\\/2026\\\/03\\\/11\\\/al-hassan-leitet-neu-gcc-region-von-dp-world\\\/#breadcrumb\",\"itemListElement\":[{\"@type\":\"ListItem\",\"position\":1,\"name\":\"Startseite\",\"item\":\"https:\\\/\\\/transportjournal.com\\\/de\\\/\"},{\"@type\":\"ListItem\",\"position\":2,\"name\":\"Al-Hassan leitet neu GCC-Region von DP World\"}]},{\"@type\":\"WebSite\",\"@id\":\"https:\\\/\\\/transportjournal.com\\\/de\\\/#website\",\"url\":\"https:\\\/\\\/transportjournal.com\\\/de\\\/\",\"name\":\"ITJ | International Transport Journal\",\"description\":\"Stay informed with the latest global news from the transport, logistics, and supply chain industries. Transport Journal delivers expert insights, analysis, and updates across shipping, aviation, intermodal, and forwarding.\",\"publisher\":{\"@id\":\"https:\\\/\\\/transportjournal.com\\\/de\\\/#organization\"},\"potentialAction\":[{\"@type\":\"SearchAction\",\"target\":{\"@type\":\"EntryPoint\",\"urlTemplate\":\"https:\\\/\\\/transportjournal.com\\\/de\\\/?s={search_term_string}\"},\"query-input\":{\"@type\":\"PropertyValueSpecification\",\"valueRequired\":true,\"valueName\":\"search_term_string\"}}],\"inLanguage\":\"de\"},{\"@type\":\"Organization\",\"@id\":\"https:\\\/\\\/transportjournal.com\\\/de\\\/#organization\",\"name\":\"Groupe Logismedia AG\",\"alternateName\":\"Logismedia Group AG\",\"url\":\"https:\\\/\\\/transportjournal.com\\\/de\\\/\",\"logo\":{\"@type\":\"ImageObject\",\"inLanguage\":\"de\",\"@id\":\"https:\\\/\\\/transportjournal.com\\\/de\\\/#\\\/schema\\\/logo\\\/image\\\/\",\"url\":\"https:\\\/\\\/transportjournal.com\\\/wp-content\\\/uploads\\\/sites\\\/2\\\/2025\\\/09\\\/Logo_ITJ.png\",\"contentUrl\":\"https:\\\/\\\/transportjournal.com\\\/wp-content\\\/uploads\\\/sites\\\/2\\\/2025\\\/09\\\/Logo_ITJ.png\",\"width\":799,\"height\":326,\"caption\":\"Groupe Logismedia AG\"},\"image\":{\"@id\":\"https:\\\/\\\/transportjournal.com\\\/de\\\/#\\\/schema\\\/logo\\\/image\\\/\"},\"sameAs\":[\"https:\\\/\\\/www.linkedin.com\\\/company\\\/56456496\\\/admin\\\/dashboard\\\/\",\"https:\\\/\\\/www.instagram.com\\\/logismediagroup\\\/\",\"https:\\\/\\\/www.youtube.com\\\/@LogiamediaGroupAG\"]},{\"@type\":\"Person\",\"@id\":\"https:\\\/\\\/transportjournal.com\\\/de\\\/#\\\/schema\\\/person\\\/13a9fc605c753db60ef7750a229cd042\",\"name\":\"Gyan Sharan\",\"url\":\"https:\\\/\\\/transportjournal.com\\\/de\\\/author\\\/gyan\\\/\"}]}<\/script>\n<!-- \/ Yoast SEO plugin. -->","yoast_head_json":{"title":"Al-Hassan leitet neu GCC-Region von DP World - ITJ | International Transport Journal","robots":{"index":"index","follow":"follow","max-snippet":"max-snippet:-1","max-image-preview":"max-image-preview:large","max-video-preview":"max-video-preview:-1"},"canonical":"https:\/\/transportjournal.com\/de\/2026\/03\/11\/al-hassan-leitet-neu-gcc-region-von-dp-world\/","og_locale":"de_DE","og_type":"article","og_title":"Al-Hassan leitet neu GCC-Region von DP World - ITJ | International Transport Journal","og_description":"DP World hat Ahmad Yousef Al-Hassan zum neuen CEO der GCC-Regionalorganisation ernannt, um Lieferketten und Logistikdienstleistungen im Persischen Golf zu optimieren.","og_url":"https:\/\/transportjournal.com\/de\/2026\/03\/11\/al-hassan-leitet-neu-gcc-region-von-dp-world\/","og_site_name":"ITJ | International Transport Journal","article_published_time":"2026-03-11T12:29:11+00:00","article_modified_time":"2026-03-11T12:44:05+00:00","og_image":[{"width":600,"height":337,"url":"https:\/\/transportjournal.com\/wp-content\/uploads\/sites\/2\/2026\/03\/DP-World-Al-Hassan-CEO-GCC-150_74584-aspect-ratio-1400-788.jpg","type":"image\/jpeg"}],"author":"Gyan Sharan","twitter_card":"summary_large_image","twitter_misc":{"Verfasst von":"Gyan Sharan","Gesch\u00e4tzte Lesezeit":"1\u00a0Minute"},"schema":{"@context":"https:\/\/schema.org","@graph":[{"@type":"Article","@id":"https:\/\/transportjournal.com\/de\/2026\/03\/11\/al-hassan-leitet-neu-gcc-region-von-dp-world\/#article","isPartOf":{"@id":"https:\/\/transportjournal.com\/de\/2026\/03\/11\/al-hassan-leitet-neu-gcc-region-von-dp-world\/"},"author":{"name":"Gyan Sharan","@id":"https:\/\/transportjournal.com\/de\/#\/schema\/person\/13a9fc605c753db60ef7750a229cd042"},"headline":"Al-Hassan leitet neu GCC-Region von DP World","datePublished":"2026-03-11T12:29:11+00:00","dateModified":"2026-03-11T12:44:05+00:00","mainEntityOfPage":{"@id":"https:\/\/transportjournal.com\/de\/2026\/03\/11\/al-hassan-leitet-neu-gcc-region-von-dp-world\/"},"wordCount":224,"commentCount":0,"publisher":{"@id":"https:\/\/transportjournal.com\/de\/#organization"},"image":{"@id":"https:\/\/transportjournal.com\/de\/2026\/03\/11\/al-hassan-leitet-neu-gcc-region-von-dp-world\/#primaryimage"},"thumbnailUrl":"https:\/\/transportjournal.com\/wp-content\/uploads\/sites\/2\/2026\/03\/DP-World-Al-Hassan-CEO-GCC-150_74584-aspect-ratio-1400-788.jpg","keywords":["activit\u00e9s de cha\u00eene d'approvisionnement","Ahmad Yousef Al-Hassan","Arabie Saoudite","breakbulk terminals","connectivit\u00e9 commerciale","container terminals","Containerterminals","Deutsch DP World","Digitalisierung in der Logistik","digitalization in logistics","Dubai","Fachkr\u00e4ftemangel in der Logistik","flux commerciaux r\u00e9gionaux","flux de marchandises","Frachttransport","freight transport","GCC-Region","Golfe Persique","goods flows Fran\u00e7ais DP World","Hafenbetrieb","Handelsvernetzung","infrastructure de cha\u00eene d'approvisionnement","Lieferkettenaktivit\u00e4ten","logistics provider","logistics services","Logistikdienstleister","Logistikdienstleistungen","num\u00e9risation dans la logistique","Oman","op\u00e9rations portuaires","p\u00e9nurie de comp\u00e9tences dans la logistique","Persian Gulf","Persischer Golf","port operations","prestataire logistique","r\u00e9gion GCC","regional trade flows","regionale Handelsstr\u00f6me","Saudi Arabia","Saudi Arabien","services logistiques","skills shortage in logistics","St\u00fcckgutterminals","supply chain activities","supply chain infrastructure","Supply Chain Infrastruktur","terminaux \u00e0 conteneurs","terminaux de marchandises","trade connectivity","transport de fret","Warenstr\u00f6me English DP World"],"articleSection":["Menschen &amp; Unternehmen","Naher Osten","Schifffahrt &amp; H\u00e4fen","Spedition &amp; Logistik"],"inLanguage":"de","potentialAction":[{"@type":"CommentAction","name":"Comment","target":["https:\/\/transportjournal.com\/de\/2026\/03\/11\/al-hassan-leitet-neu-gcc-region-von-dp-world\/#respond"]}]},{"@type":"WebPage","@id":"https:\/\/transportjournal.com\/de\/2026\/03\/11\/al-hassan-leitet-neu-gcc-region-von-dp-world\/","url":"https:\/\/transportjournal.com\/de\/2026\/03\/11\/al-hassan-leitet-neu-gcc-region-von-dp-world\/","name":"Al-Hassan leitet neu GCC-Region von DP World - ITJ | International Transport Journal","isPartOf":{"@id":"https:\/\/transportjournal.com\/de\/#website"},"primaryImageOfPage":{"@id":"https:\/\/transportjournal.com\/de\/2026\/03\/11\/al-hassan-leitet-neu-gcc-region-von-dp-world\/#primaryimage"},"image":{"@id":"https:\/\/transportjournal.com\/de\/2026\/03\/11\/al-hassan-leitet-neu-gcc-region-von-dp-world\/#primaryimage"},"thumbnailUrl":"https:\/\/transportjournal.com\/wp-content\/uploads\/sites\/2\/2026\/03\/DP-World-Al-Hassan-CEO-GCC-150_74584-aspect-ratio-1400-788.jpg","datePublished":"2026-03-11T12:29:11+00:00","dateModified":"2026-03-11T12:44:05+00:00","breadcrumb":{"@id":"https:\/\/transportjournal.com\/de\/2026\/03\/11\/al-hassan-leitet-neu-gcc-region-von-dp-world\/#breadcrumb"},"inLanguage":"de","potentialAction":[{"@type":"ReadAction","target":["https:\/\/transportjournal.com\/de\/2026\/03\/11\/al-hassan-leitet-neu-gcc-region-von-dp-world\/"]}]},{"@type":"ImageObject","inLanguage":"de","@id":"https:\/\/transportjournal.com\/de\/2026\/03\/11\/al-hassan-leitet-neu-gcc-region-von-dp-world\/#primaryimage","url":"https:\/\/transportjournal.com\/wp-content\/uploads\/sites\/2\/2026\/03\/DP-World-Al-Hassan-CEO-GCC-150_74584-aspect-ratio-1400-788.jpg","contentUrl":"https:\/\/transportjournal.com\/wp-content\/uploads\/sites\/2\/2026\/03\/DP-World-Al-Hassan-CEO-GCC-150_74584-aspect-ratio-1400-788.jpg","width":600,"height":337},{"@type":"BreadcrumbList","@id":"https:\/\/transportjournal.com\/de\/2026\/03\/11\/al-hassan-leitet-neu-gcc-region-von-dp-world\/#breadcrumb","itemListElement":[{"@type":"ListItem","position":1,"name":"Startseite","item":"https:\/\/transportjournal.com\/de\/"},{"@type":"ListItem","position":2,"name":"Al-Hassan leitet neu GCC-Region von DP World"}]},{"@type":"WebSite","@id":"https:\/\/transportjournal.com\/de\/#website","url":"https:\/\/transportjournal.com\/de\/","name":"ITJ | International Transport Journal","description":"Stay informed with the latest global news from the transport, logistics, and supply chain industries. Transport Journal delivers expert insights, analysis, and updates across shipping, aviation, intermodal, and forwarding.","publisher":{"@id":"https:\/\/transportjournal.com\/de\/#organization"},"potentialAction":[{"@type":"SearchAction","target":{"@type":"EntryPoint","urlTemplate":"https:\/\/transportjournal.com\/de\/?s={search_term_string}"},"query-input":{"@type":"PropertyValueSpecification","valueRequired":true,"valueName":"search_term_string"}}],"inLanguage":"de"},{"@type":"Organization","@id":"https:\/\/transportjournal.com\/de\/#organization","name":"Groupe Logismedia AG","alternateName":"Logismedia Group AG","url":"https:\/\/transportjournal.com\/de\/","logo":{"@type":"ImageObject","inLanguage":"de","@id":"https:\/\/transportjournal.com\/de\/#\/schema\/logo\/image\/","url":"https:\/\/transportjournal.com\/wp-content\/uploads\/sites\/2\/2025\/09\/Logo_ITJ.png","contentUrl":"https:\/\/transportjournal.com\/wp-content\/uploads\/sites\/2\/2025\/09\/Logo_ITJ.png","width":799,"height":326,"caption":"Groupe Logismedia AG"},"image":{"@id":"https:\/\/transportjournal.com\/de\/#\/schema\/logo\/image\/"},"sameAs":["https:\/\/www.linkedin.com\/company\/56456496\/admin\/dashboard\/","https:\/\/www.instagram.com\/logismediagroup\/","https:\/\/www.youtube.com\/@LogiamediaGroupAG"]},{"@type":"Person","@id":"https:\/\/transportjournal.com\/de\/#\/schema\/person\/13a9fc605c753db60ef7750a229cd042","name":"Gyan Sharan","url":"https:\/\/transportjournal.com\/de\/author\/gyan\/"}]}},"_links":{"self":[{"href":"https:\/\/transportjournal.com\/de\/wp-json\/wp\/v2\/posts\/80408","targetHints":{"allow":["GET"]}}],"collection":[{"href":"https:\/\/transportjournal.com\/de\/wp-json\/wp\/v2\/posts"}],"about":[{"href":"https:\/\/transportjournal.com\/de\/wp-json\/wp\/v2\/types\/post"}],"author":[{"embeddable":true,"href":"https:\/\/transportjournal.com\/de\/wp-json\/wp\/v2\/users\/14"}],"replies":[{"embeddable":true,"href":"https:\/\/transportjournal.com\/de\/wp-json\/wp\/v2\/comments?post=80408"}],"version-history":[{"count":2,"href":"https:\/\/transportjournal.com\/de\/wp-json\/wp\/v2\/posts\/80408\/revisions"}],"predecessor-version":[{"id":80422,"href":"https:\/\/transportjournal.com\/de\/wp-json\/wp\/v2\/posts\/80408\/revisions\/80422"}],"wp:featuredmedia":[{"embeddable":true,"href":"https:\/\/transportjournal.com\/de\/wp-json\/wp\/v2\/media\/80407"}],"wp:attachment":[{"href":"https:\/\/transportjournal.com\/de\/wp-json\/wp\/v2\/media?parent=80408"}],"wp:term":[{"taxonomy":"category","embeddable":true,"href":"https:\/\/transportjournal.com\/de\/wp-json\/wp\/v2\/categories?post=80408"},{"taxonomy":"post_tag","embeddable":true,"href":"https:\/\/transportjournal.com\/de\/wp-json\/wp\/v2\/tags?post=80408"}],"curies":[{"name":"wp","href":"https:\/\/api.w.org\/{rel}","templated":true}]}}