{"id":80400,"date":"2026-03-11T12:14:20","date_gmt":"2026-03-11T12:14:20","guid":{"rendered":"https:\/\/transportjournal.com\/2026\/03\/11\/wiederinbetriebnahme-der-strecke-hamburg-berlin\/"},"modified":"2026-03-11T12:14:20","modified_gmt":"2026-03-11T12:14:20","slug":"wiederinbetriebnahme-der-strecke-hamburg-berlin","status":"publish","type":"post","link":"https:\/\/transportjournal.com\/de\/2026\/03\/11\/wiederinbetriebnahme-der-strecke-hamburg-berlin\/","title":{"rendered":"Wiederinbetriebnahme der Strecke Hamburg-Berlin"},"content":{"rendered":"<p>Die Deutsche Bahn hat die Inbetriebnahme der Strecke zwischen Hamburg und Berlin nach Abschluss der Korridorsanierung in zwei Stufen angek\u00fcndigt: Ab dem 15. Mai 2026 k\u00f6nnen die ersten Z\u00fcge wieder auf dem n\u00f6rdlichen Abschnitt von Hamburg bis Hagenow Land fahren. Die vollst\u00e4ndige Wiederinbetriebnahme der gesamten Strecke ist f\u00fcr den kleinen Fahrplanwechsel am 14. Juni 2026 geplant, wie das Unternehmen mitteilt.<\/p>\n<h3>Infrastrukturverbesserungen<\/h3>\n<p>Die Sanierungsarbeiten umfassen eine Erneuerung der Infrastruktur, die Fahrg\u00e4sten und G\u00fcterverkehrskunden zugutekommen soll. Die Massnahmen beinhalten die Erneuerung von 165 km Gleisen und fast 250 Weichen. Zudem wurden sechs neue \u00dcberleitstellen geschaffen, sechs Stellwerke gebaut und 19 zus\u00e4tzlich modernisiert. Diese Verbesserungen sollen nicht nur die Zuverl\u00e4ssigkeit des Zugverkehrs erh\u00f6hen, sondern auch eine h\u00f6here Frequenz an Bahnverbindungen erm\u00f6glichen.<\/p>\n<p>Gerd-Dietrich Bolte, Vorstand Infrastrukturplanung und -projekte der DB InfraGO, \u00e4ussert sich in eienr Mitteilung zu den Verz\u00f6gerungen, die laut ihm durch den &#8222;aussergew\u00f6hnlich starken und langwierigen Wintereinbruch in Norddeutschland&#8220; verursacht wurden. Er f\u00fcgt ausserdem hinzu, dass die eingeplanten Zeitpuffer aufgebraucht seien und bedankte sich bei den betroffenen Reisenden und G\u00fcterverkehrskunden f\u00fcr ihre Geduld.<\/p>\n<p><a href=\"https:\/\/www.bahn.de\/\" target=\"_blank\" rel=\"noopener noreferrer\">www.bahn.de<\/a><\/p>\n","protected":false},"excerpt":{"rendered":"<p>Die Deutsche Bahn plant die Wiederinbetriebnahme der Strecke zwischen Hamburg und Berlin in zwei Phasen, beginnend am 15. Mai 2026.<\/p>\n","protected":false},"author":10,"featured_media":80399,"comment_status":"open","ping_status":"","sticky":false,"template":"","format":"standard","meta":{"_acf_changed":false,"footnotes":""},"categories":[9092,1575,1568],"tags":[],"class_list":["post-80400","post","type-post","status-publish","format-standard","has-post-thumbnail","hentry","category-deutschland","category-europa","category-bahn-binnenschifffahrt-strasse"],"acf":[],"yoast_head":"<!-- This site is optimized with the Yoast SEO plugin v27.3 - https:\/\/yoast.com\/product\/yoast-seo-wordpress\/ -->\n<title>Wiederinbetriebnahme der Strecke Hamburg-Berlin - ITJ | International Transport Journal<\/title>\n<meta name=\"robots\" content=\"index, follow, max-snippet:-1, max-image-preview:large, max-video-preview:-1\" \/>\n<link rel=\"canonical\" href=\"https:\/\/transportjournal.com\/de\/2026\/03\/11\/wiederinbetriebnahme-der-strecke-hamburg-berlin\/\" \/>\n<meta property=\"og:locale\" content=\"de_DE\" \/>\n<meta property=\"og:type\" content=\"article\" \/>\n<meta property=\"og:title\" content=\"Wiederinbetriebnahme der Strecke Hamburg-Berlin - ITJ | International Transport Journal\" \/>\n<meta property=\"og:description\" content=\"Die Deutsche Bahn plant die Wiederinbetriebnahme der Strecke zwischen Hamburg und Berlin in zwei Phasen, beginnend am 15. Mai 2026.\" \/>\n<meta property=\"og:url\" content=\"https:\/\/transportjournal.com\/de\/2026\/03\/11\/wiederinbetriebnahme-der-strecke-hamburg-berlin\/\" \/>\n<meta property=\"og:site_name\" content=\"ITJ | International Transport Journal\" \/>\n<meta property=\"article:published_time\" content=\"2026-03-11T12:14:20+00:00\" \/>\n<meta property=\"og:image\" content=\"https:\/\/transportjournal.com\/wp-content\/uploads\/sites\/2\/2026\/03\/DB285658-aspect-ratio-1400-788.jpg\" \/>\n\t<meta property=\"og:image:width\" content=\"971\" \/>\n\t<meta property=\"og:image:height\" content=\"546\" \/>\n\t<meta property=\"og:image:type\" content=\"image\/jpeg\" \/>\n<meta name=\"author\" content=\"Jeremy Soland\" \/>\n<meta name=\"twitter:card\" content=\"summary_large_image\" \/>\n<meta name=\"twitter:label1\" content=\"Verfasst von\" \/>\n\t<meta name=\"twitter:data1\" content=\"Jeremy Soland\" \/>\n\t<meta name=\"twitter:label2\" content=\"Gesch\u00e4tzte Lesezeit\" \/>\n\t<meta name=\"twitter:data2\" content=\"1\u00a0Minute\" \/>\n<script type=\"application\/ld+json\" class=\"yoast-schema-graph\">{\"@context\":\"https:\\\/\\\/schema.org\",\"@graph\":[{\"@type\":\"Article\",\"@id\":\"https:\\\/\\\/transportjournal.com\\\/de\\\/2026\\\/03\\\/11\\\/wiederinbetriebnahme-der-strecke-hamburg-berlin\\\/#article\",\"isPartOf\":{\"@id\":\"https:\\\/\\\/transportjournal.com\\\/de\\\/2026\\\/03\\\/11\\\/wiederinbetriebnahme-der-strecke-hamburg-berlin\\\/\"},\"author\":{\"name\":\"Jeremy Soland\",\"@id\":\"https:\\\/\\\/transportjournal.com\\\/de\\\/#\\\/schema\\\/person\\\/41d36b5474b623392fa613e97e2363fa\"},\"headline\":\"Wiederinbetriebnahme der Strecke Hamburg-Berlin\",\"datePublished\":\"2026-03-11T12:14:20+00:00\",\"mainEntityOfPage\":{\"@id\":\"https:\\\/\\\/transportjournal.com\\\/de\\\/2026\\\/03\\\/11\\\/wiederinbetriebnahme-der-strecke-hamburg-berlin\\\/\"},\"wordCount\":189,\"commentCount\":0,\"publisher\":{\"@id\":\"https:\\\/\\\/transportjournal.com\\\/de\\\/#organization\"},\"image\":{\"@id\":\"https:\\\/\\\/transportjournal.com\\\/de\\\/2026\\\/03\\\/11\\\/wiederinbetriebnahme-der-strecke-hamburg-berlin\\\/#primaryimage\"},\"thumbnailUrl\":\"https:\\\/\\\/transportjournal.com\\\/wp-content\\\/uploads\\\/sites\\\/2\\\/2026\\\/03\\\/DB285658-aspect-ratio-1400-788.jpg\",\"articleSection\":[\"Deutschland\",\"Europa\",\"Intermodal \\\/ Stra\u00dfe\"],\"inLanguage\":\"de\",\"potentialAction\":[{\"@type\":\"CommentAction\",\"name\":\"Comment\",\"target\":[\"https:\\\/\\\/transportjournal.com\\\/de\\\/2026\\\/03\\\/11\\\/wiederinbetriebnahme-der-strecke-hamburg-berlin\\\/#respond\"]}]},{\"@type\":\"WebPage\",\"@id\":\"https:\\\/\\\/transportjournal.com\\\/de\\\/2026\\\/03\\\/11\\\/wiederinbetriebnahme-der-strecke-hamburg-berlin\\\/\",\"url\":\"https:\\\/\\\/transportjournal.com\\\/de\\\/2026\\\/03\\\/11\\\/wiederinbetriebnahme-der-strecke-hamburg-berlin\\\/\",\"name\":\"Wiederinbetriebnahme der Strecke Hamburg-Berlin - ITJ | International Transport Journal\",\"isPartOf\":{\"@id\":\"https:\\\/\\\/transportjournal.com\\\/de\\\/#website\"},\"primaryImageOfPage\":{\"@id\":\"https:\\\/\\\/transportjournal.com\\\/de\\\/2026\\\/03\\\/11\\\/wiederinbetriebnahme-der-strecke-hamburg-berlin\\\/#primaryimage\"},\"image\":{\"@id\":\"https:\\\/\\\/transportjournal.com\\\/de\\\/2026\\\/03\\\/11\\\/wiederinbetriebnahme-der-strecke-hamburg-berlin\\\/#primaryimage\"},\"thumbnailUrl\":\"https:\\\/\\\/transportjournal.com\\\/wp-content\\\/uploads\\\/sites\\\/2\\\/2026\\\/03\\\/DB285658-aspect-ratio-1400-788.jpg\",\"datePublished\":\"2026-03-11T12:14:20+00:00\",\"breadcrumb\":{\"@id\":\"https:\\\/\\\/transportjournal.com\\\/de\\\/2026\\\/03\\\/11\\\/wiederinbetriebnahme-der-strecke-hamburg-berlin\\\/#breadcrumb\"},\"inLanguage\":\"de\",\"potentialAction\":[{\"@type\":\"ReadAction\",\"target\":[\"https:\\\/\\\/transportjournal.com\\\/de\\\/2026\\\/03\\\/11\\\/wiederinbetriebnahme-der-strecke-hamburg-berlin\\\/\"]}]},{\"@type\":\"ImageObject\",\"inLanguage\":\"de\",\"@id\":\"https:\\\/\\\/transportjournal.com\\\/de\\\/2026\\\/03\\\/11\\\/wiederinbetriebnahme-der-strecke-hamburg-berlin\\\/#primaryimage\",\"url\":\"https:\\\/\\\/transportjournal.com\\\/wp-content\\\/uploads\\\/sites\\\/2\\\/2026\\\/03\\\/DB285658-aspect-ratio-1400-788.jpg\",\"contentUrl\":\"https:\\\/\\\/transportjournal.com\\\/wp-content\\\/uploads\\\/sites\\\/2\\\/2026\\\/03\\\/DB285658-aspect-ratio-1400-788.jpg\",\"width\":971,\"height\":546},{\"@type\":\"BreadcrumbList\",\"@id\":\"https:\\\/\\\/transportjournal.com\\\/de\\\/2026\\\/03\\\/11\\\/wiederinbetriebnahme-der-strecke-hamburg-berlin\\\/#breadcrumb\",\"itemListElement\":[{\"@type\":\"ListItem\",\"position\":1,\"name\":\"Startseite\",\"item\":\"https:\\\/\\\/transportjournal.com\\\/de\\\/\"},{\"@type\":\"ListItem\",\"position\":2,\"name\":\"Wiederinbetriebnahme der Strecke Hamburg-Berlin\"}]},{\"@type\":\"WebSite\",\"@id\":\"https:\\\/\\\/transportjournal.com\\\/de\\\/#website\",\"url\":\"https:\\\/\\\/transportjournal.com\\\/de\\\/\",\"name\":\"ITJ | International Transport Journal\",\"description\":\"Stay informed with the latest global news from the transport, logistics, and supply chain industries. Transport Journal delivers expert insights, analysis, and updates across shipping, aviation, intermodal, and forwarding.\",\"publisher\":{\"@id\":\"https:\\\/\\\/transportjournal.com\\\/de\\\/#organization\"},\"potentialAction\":[{\"@type\":\"SearchAction\",\"target\":{\"@type\":\"EntryPoint\",\"urlTemplate\":\"https:\\\/\\\/transportjournal.com\\\/de\\\/?s={search_term_string}\"},\"query-input\":{\"@type\":\"PropertyValueSpecification\",\"valueRequired\":true,\"valueName\":\"search_term_string\"}}],\"inLanguage\":\"de\"},{\"@type\":\"Organization\",\"@id\":\"https:\\\/\\\/transportjournal.com\\\/de\\\/#organization\",\"name\":\"Groupe Logismedia AG\",\"alternateName\":\"Logismedia Group AG\",\"url\":\"https:\\\/\\\/transportjournal.com\\\/de\\\/\",\"logo\":{\"@type\":\"ImageObject\",\"inLanguage\":\"de\",\"@id\":\"https:\\\/\\\/transportjournal.com\\\/de\\\/#\\\/schema\\\/logo\\\/image\\\/\",\"url\":\"https:\\\/\\\/transportjournal.com\\\/wp-content\\\/uploads\\\/sites\\\/2\\\/2025\\\/09\\\/Logo_ITJ.png\",\"contentUrl\":\"https:\\\/\\\/transportjournal.com\\\/wp-content\\\/uploads\\\/sites\\\/2\\\/2025\\\/09\\\/Logo_ITJ.png\",\"width\":799,\"height\":326,\"caption\":\"Groupe Logismedia AG\"},\"image\":{\"@id\":\"https:\\\/\\\/transportjournal.com\\\/de\\\/#\\\/schema\\\/logo\\\/image\\\/\"},\"sameAs\":[\"https:\\\/\\\/www.linkedin.com\\\/company\\\/56456496\\\/admin\\\/dashboard\\\/\",\"https:\\\/\\\/www.instagram.com\\\/logismediagroup\\\/\",\"https:\\\/\\\/www.youtube.com\\\/@LogiamediaGroupAG\"]},{\"@type\":\"Person\",\"@id\":\"https:\\\/\\\/transportjournal.com\\\/de\\\/#\\\/schema\\\/person\\\/41d36b5474b623392fa613e97e2363fa\",\"name\":\"Jeremy Soland\",\"url\":\"https:\\\/\\\/transportjournal.com\\\/de\\\/author\\\/jeremy\\\/\"}]}<\/script>\n<!-- \/ Yoast SEO plugin. -->","yoast_head_json":{"title":"Wiederinbetriebnahme der Strecke Hamburg-Berlin - ITJ | International Transport Journal","robots":{"index":"index","follow":"follow","max-snippet":"max-snippet:-1","max-image-preview":"max-image-preview:large","max-video-preview":"max-video-preview:-1"},"canonical":"https:\/\/transportjournal.com\/de\/2026\/03\/11\/wiederinbetriebnahme-der-strecke-hamburg-berlin\/","og_locale":"de_DE","og_type":"article","og_title":"Wiederinbetriebnahme der Strecke Hamburg-Berlin - ITJ | International Transport Journal","og_description":"Die Deutsche Bahn plant die Wiederinbetriebnahme der Strecke zwischen Hamburg und Berlin in zwei Phasen, beginnend am 15. Mai 2026.","og_url":"https:\/\/transportjournal.com\/de\/2026\/03\/11\/wiederinbetriebnahme-der-strecke-hamburg-berlin\/","og_site_name":"ITJ | International Transport Journal","article_published_time":"2026-03-11T12:14:20+00:00","og_image":[{"width":971,"height":546,"url":"https:\/\/transportjournal.com\/wp-content\/uploads\/sites\/2\/2026\/03\/DB285658-aspect-ratio-1400-788.jpg","type":"image\/jpeg"}],"author":"Jeremy Soland","twitter_card":"summary_large_image","twitter_misc":{"Verfasst von":"Jeremy Soland","Gesch\u00e4tzte Lesezeit":"1\u00a0Minute"},"schema":{"@context":"https:\/\/schema.org","@graph":[{"@type":"Article","@id":"https:\/\/transportjournal.com\/de\/2026\/03\/11\/wiederinbetriebnahme-der-strecke-hamburg-berlin\/#article","isPartOf":{"@id":"https:\/\/transportjournal.com\/de\/2026\/03\/11\/wiederinbetriebnahme-der-strecke-hamburg-berlin\/"},"author":{"name":"Jeremy Soland","@id":"https:\/\/transportjournal.com\/de\/#\/schema\/person\/41d36b5474b623392fa613e97e2363fa"},"headline":"Wiederinbetriebnahme der Strecke Hamburg-Berlin","datePublished":"2026-03-11T12:14:20+00:00","mainEntityOfPage":{"@id":"https:\/\/transportjournal.com\/de\/2026\/03\/11\/wiederinbetriebnahme-der-strecke-hamburg-berlin\/"},"wordCount":189,"commentCount":0,"publisher":{"@id":"https:\/\/transportjournal.com\/de\/#organization"},"image":{"@id":"https:\/\/transportjournal.com\/de\/2026\/03\/11\/wiederinbetriebnahme-der-strecke-hamburg-berlin\/#primaryimage"},"thumbnailUrl":"https:\/\/transportjournal.com\/wp-content\/uploads\/sites\/2\/2026\/03\/DB285658-aspect-ratio-1400-788.jpg","articleSection":["Deutschland","Europa","Intermodal \/ Stra\u00dfe"],"inLanguage":"de","potentialAction":[{"@type":"CommentAction","name":"Comment","target":["https:\/\/transportjournal.com\/de\/2026\/03\/11\/wiederinbetriebnahme-der-strecke-hamburg-berlin\/#respond"]}]},{"@type":"WebPage","@id":"https:\/\/transportjournal.com\/de\/2026\/03\/11\/wiederinbetriebnahme-der-strecke-hamburg-berlin\/","url":"https:\/\/transportjournal.com\/de\/2026\/03\/11\/wiederinbetriebnahme-der-strecke-hamburg-berlin\/","name":"Wiederinbetriebnahme der Strecke Hamburg-Berlin - ITJ | International Transport Journal","isPartOf":{"@id":"https:\/\/transportjournal.com\/de\/#website"},"primaryImageOfPage":{"@id":"https:\/\/transportjournal.com\/de\/2026\/03\/11\/wiederinbetriebnahme-der-strecke-hamburg-berlin\/#primaryimage"},"image":{"@id":"https:\/\/transportjournal.com\/de\/2026\/03\/11\/wiederinbetriebnahme-der-strecke-hamburg-berlin\/#primaryimage"},"thumbnailUrl":"https:\/\/transportjournal.com\/wp-content\/uploads\/sites\/2\/2026\/03\/DB285658-aspect-ratio-1400-788.jpg","datePublished":"2026-03-11T12:14:20+00:00","breadcrumb":{"@id":"https:\/\/transportjournal.com\/de\/2026\/03\/11\/wiederinbetriebnahme-der-strecke-hamburg-berlin\/#breadcrumb"},"inLanguage":"de","potentialAction":[{"@type":"ReadAction","target":["https:\/\/transportjournal.com\/de\/2026\/03\/11\/wiederinbetriebnahme-der-strecke-hamburg-berlin\/"]}]},{"@type":"ImageObject","inLanguage":"de","@id":"https:\/\/transportjournal.com\/de\/2026\/03\/11\/wiederinbetriebnahme-der-strecke-hamburg-berlin\/#primaryimage","url":"https:\/\/transportjournal.com\/wp-content\/uploads\/sites\/2\/2026\/03\/DB285658-aspect-ratio-1400-788.jpg","contentUrl":"https:\/\/transportjournal.com\/wp-content\/uploads\/sites\/2\/2026\/03\/DB285658-aspect-ratio-1400-788.jpg","width":971,"height":546},{"@type":"BreadcrumbList","@id":"https:\/\/transportjournal.com\/de\/2026\/03\/11\/wiederinbetriebnahme-der-strecke-hamburg-berlin\/#breadcrumb","itemListElement":[{"@type":"ListItem","position":1,"name":"Startseite","item":"https:\/\/transportjournal.com\/de\/"},{"@type":"ListItem","position":2,"name":"Wiederinbetriebnahme der Strecke Hamburg-Berlin"}]},{"@type":"WebSite","@id":"https:\/\/transportjournal.com\/de\/#website","url":"https:\/\/transportjournal.com\/de\/","name":"ITJ | International Transport Journal","description":"Stay informed with the latest global news from the transport, logistics, and supply chain industries. Transport Journal delivers expert insights, analysis, and updates across shipping, aviation, intermodal, and forwarding.","publisher":{"@id":"https:\/\/transportjournal.com\/de\/#organization"},"potentialAction":[{"@type":"SearchAction","target":{"@type":"EntryPoint","urlTemplate":"https:\/\/transportjournal.com\/de\/?s={search_term_string}"},"query-input":{"@type":"PropertyValueSpecification","valueRequired":true,"valueName":"search_term_string"}}],"inLanguage":"de"},{"@type":"Organization","@id":"https:\/\/transportjournal.com\/de\/#organization","name":"Groupe Logismedia AG","alternateName":"Logismedia Group AG","url":"https:\/\/transportjournal.com\/de\/","logo":{"@type":"ImageObject","inLanguage":"de","@id":"https:\/\/transportjournal.com\/de\/#\/schema\/logo\/image\/","url":"https:\/\/transportjournal.com\/wp-content\/uploads\/sites\/2\/2025\/09\/Logo_ITJ.png","contentUrl":"https:\/\/transportjournal.com\/wp-content\/uploads\/sites\/2\/2025\/09\/Logo_ITJ.png","width":799,"height":326,"caption":"Groupe Logismedia AG"},"image":{"@id":"https:\/\/transportjournal.com\/de\/#\/schema\/logo\/image\/"},"sameAs":["https:\/\/www.linkedin.com\/company\/56456496\/admin\/dashboard\/","https:\/\/www.instagram.com\/logismediagroup\/","https:\/\/www.youtube.com\/@LogiamediaGroupAG"]},{"@type":"Person","@id":"https:\/\/transportjournal.com\/de\/#\/schema\/person\/41d36b5474b623392fa613e97e2363fa","name":"Jeremy Soland","url":"https:\/\/transportjournal.com\/de\/author\/jeremy\/"}]}},"_links":{"self":[{"href":"https:\/\/transportjournal.com\/de\/wp-json\/wp\/v2\/posts\/80400","targetHints":{"allow":["GET"]}}],"collection":[{"href":"https:\/\/transportjournal.com\/de\/wp-json\/wp\/v2\/posts"}],"about":[{"href":"https:\/\/transportjournal.com\/de\/wp-json\/wp\/v2\/types\/post"}],"author":[{"embeddable":true,"href":"https:\/\/transportjournal.com\/de\/wp-json\/wp\/v2\/users\/10"}],"replies":[{"embeddable":true,"href":"https:\/\/transportjournal.com\/de\/wp-json\/wp\/v2\/comments?post=80400"}],"version-history":[{"count":0,"href":"https:\/\/transportjournal.com\/de\/wp-json\/wp\/v2\/posts\/80400\/revisions"}],"wp:featuredmedia":[{"embeddable":true,"href":"https:\/\/transportjournal.com\/de\/wp-json\/wp\/v2\/media\/80399"}],"wp:attachment":[{"href":"https:\/\/transportjournal.com\/de\/wp-json\/wp\/v2\/media?parent=80400"}],"wp:term":[{"taxonomy":"category","embeddable":true,"href":"https:\/\/transportjournal.com\/de\/wp-json\/wp\/v2\/categories?post=80400"},{"taxonomy":"post_tag","embeddable":true,"href":"https:\/\/transportjournal.com\/de\/wp-json\/wp\/v2\/tags?post=80400"}],"curies":[{"name":"wp","href":"https:\/\/api.w.org\/{rel}","templated":true}]}}