{"id":80332,"date":"2026-03-11T10:04:55","date_gmt":"2026-03-11T10:04:55","guid":{"rendered":"https:\/\/transportjournal.com\/2026\/03\/11\/luftfracht-staerkt-handelsresilienz-iata\/"},"modified":"2026-03-11T11:18:47","modified_gmt":"2026-03-11T10:18:47","slug":"luftfracht-staerkt-handelsresilienz-iata","status":"publish","type":"post","link":"https:\/\/transportjournal.com\/de\/2026\/03\/11\/luftfracht-staerkt-handelsresilienz-iata\/","title":{"rendered":"Luftfracht st\u00e4rkt Handelsresilienz \u2013 Iata"},"content":{"rendered":"<p>Die Luftfracht hat 2025 trotz steigender Z\u00f6lle und politischer Unsicherheiten den Welthandel gest\u00fctzt. Laut Iata erm\u00f6glichte sie beschleunigte Lieferungen im Wert von USD 157 Mrd. in die USA und transportierte den Grossteil der global gehandelten KI-G\u00fcter.<\/p>\n<p>Die Luftfracht spielte 2025 eine zentrale Rolle im globalen Warenverkehr. Ein Bericht der Iata zeigt, dass Unternehmen schnelle Luftfrachtverbindungen nutzten, um auf Zoll\u00e4nderungen zu reagieren, Lieferketten anzupassen und hochwertige Technologieprodukte zu transportieren. Der Sektor trug dazu bei, dass der Welthandel um 2.4% wuchs und die Weltwirtschaft trotz zunehmender Handelsspannungen expandierte.<\/p>\n<p>Zolldruck ver\u00e4ndert Lieferketten<\/p>\n<p>Unternehmen beschleunigten Sendungen per Luftfracht, um neuen Z\u00f6llen zuvorzukommen. Im ersten Quartal 2025 stiegen die US-Importe im Jahresvergleich um USD 193 Mrd. Waren im Wert von USD 157 Mrd. dieses Anstiegs wurden per Luftfracht transportiert. Das entspricht 82% des gesamten Importwachstums in diesem Zeitraum.<\/p>\n<p>Unternehmen passten zudem ihre Beschaffungsstrategien an, um Zollrisiken zu verringern. Importeure verlagerten ihre Eink\u00e4ufe von stark belasteten Handelspartnern weg, w\u00e4hrend Exporteure Sendungen verst\u00e4rkt in alternative M\u00e4rkte, insbesondere nach Europa, umleiteten. Luftfracht erm\u00f6glichte diese schnellen Anpassungen, da hochwertige G\u00fcter rasch zwischen Regionen transportiert werden k\u00f6nnen.<\/p>\n<p>Der Sektor unterst\u00fctzte auch das starke Wachstum der K\u00fcnstlichen Intelligenz. Mehr als zwei Drittel des weltweiten Handelswerts von KI-bezogenen G\u00fctern wurden 2025 per Luft transportiert. Sendungen von Servern, Speicherchips und Datenspeichersystemen nahmen gegen\u00fcber dem Vorjahr um 20% zu. Diese Produkte machten 54% des Gesamtwerts der per Luft transportierten Waren aus, obwohl ihr Volumen nur 7% betrug \u2013 ein Hinweis auf ihre hohe Wertdichte.<\/p>\n<p>www.iata.org<\/p>\n","protected":false},"excerpt":{"rendered":"<p>Die Luftfracht war 2025 entscheidend f\u00fcr den Welthandel, indem sie schnelle Lieferungen von KI-G\u00fctern und Anpassungen an Zoll\u00e4nderungen erm\u00f6glichte.<\/p>\n","protected":false},"author":14,"featured_media":80331,"comment_status":"open","ping_status":"","sticky":false,"template":"","format":"standard","meta":{"_acf_changed":false,"footnotes":""},"categories":[1570],"tags":[11528,2600,3447,25754,5396,12662,25755,5128,16110,25756,25757,25758,2265,2115,15828,10460,10461,5139,25759,25760,25761,25762,25763,7453,25764,25765,2125,23792,25766,5408,3561,12674,9116,2133,1831,3472,11545,3475,25767,25768,5867,2148,25769,25770,25771,25772,12681,25773,25774,2837,2155,1837,22031,25775,25776,25777,25778],"class_list":["post-80332","post","type-post","status-publish","format-standard","has-post-thumbnail","hentry","category-luftfracht","tag-air-freight-connections","tag-air-freight-infrastructure","tag-air-freight-market","tag-ajustements-de-marche","tag-artificial-intelligence","tag-chaines-dapprovisionnement","tag-changements-douaniers","tag-commerce-mondial","tag-connexions-de-fret-aerien","tag-croissance-des-importations","tag-customs-changes","tag-customs-risks","tag-deutsch-luftfracht","tag-digitalisierung-in-der-logistik","tag-etats-unis","tag-europa","tag-europe","tag-global-trade","tag-goods-transport","tag-handelsresilienz","tag-handelsstrategien","tag-high-value-technology-products","tag-hochwertige-technologieprodukte","tag-iata","tag-import-growth","tag-importwachstum","tag-industrie-du-transport","tag-infrastructure-du-fret-aerien","tag-infrastruktur-der-luftfracht","tag-intelligence-artificielle","tag-kuenstliche-intelligenz","tag-lieferketten","tag-logistics-digitization","tag-logistics-service-providers","tag-logistikdienstleister","tag-luftfrachtmarkt","tag-luftfrachtverbindungen","tag-marche-du-fret-aerien","tag-market-adjustments-francais-fret-aerien","tag-marktanpassungen-english-air-freight","tag-numerisation-de-la-logistique","tag-prestataires-de-services-logistiques","tag-produits-technologiques-de-haute-valeur","tag-resilience-commerciale","tag-risques-douaniers","tag-strategies-commerciales","tag-supply-chains","tag-trade-resilience","tag-trade-strategies","tag-transport-de-marchandises","tag-transport-industry","tag-transportwirtschaft","tag-usa","tag-warenverkehr","tag-welthandel","tag-zollaenderungen","tag-zollrisiken"],"acf":[],"yoast_head":"<!-- This site is optimized with the Yoast SEO plugin v27.3 - https:\/\/yoast.com\/product\/yoast-seo-wordpress\/ -->\n<title>Luftfracht st\u00e4rkt Handelsresilienz \u2013 Iata - ITJ | International Transport Journal<\/title>\n<meta name=\"robots\" content=\"index, follow, max-snippet:-1, max-image-preview:large, max-video-preview:-1\" \/>\n<link rel=\"canonical\" href=\"https:\/\/transportjournal.com\/de\/2026\/03\/11\/luftfracht-staerkt-handelsresilienz-iata\/\" \/>\n<meta property=\"og:locale\" content=\"de_DE\" \/>\n<meta property=\"og:type\" content=\"article\" \/>\n<meta property=\"og:title\" content=\"Luftfracht st\u00e4rkt Handelsresilienz \u2013 Iata - ITJ | International Transport Journal\" \/>\n<meta property=\"og:description\" content=\"Die Luftfracht war 2025 entscheidend f\u00fcr den Welthandel, indem sie schnelle Lieferungen von KI-G\u00fctern und Anpassungen an Zoll\u00e4nderungen erm\u00f6glichte.\" \/>\n<meta property=\"og:url\" content=\"https:\/\/transportjournal.com\/de\/2026\/03\/11\/luftfracht-staerkt-handelsresilienz-iata\/\" \/>\n<meta property=\"og:site_name\" content=\"ITJ | International Transport Journal\" \/>\n<meta property=\"article:published_time\" content=\"2026-03-11T10:04:55+00:00\" \/>\n<meta property=\"article:modified_time\" content=\"2026-03-11T10:18:47+00:00\" \/>\n<meta property=\"og:image\" content=\"https:\/\/transportjournal.com\/wp-content\/uploads\/sites\/2\/2026\/03\/Luftfracht_allgemein_AdobeStock_215225362_PhotoCandy1812-scaled-aspect-ratio-1400-788-scaled-1.jpeg\" \/>\n\t<meta property=\"og:image:width\" content=\"2560\" \/>\n\t<meta property=\"og:image:height\" content=\"1441\" \/>\n\t<meta property=\"og:image:type\" content=\"image\/jpeg\" \/>\n<meta name=\"author\" content=\"Gyan Sharan\" \/>\n<meta name=\"twitter:card\" content=\"summary_large_image\" \/>\n<meta name=\"twitter:label1\" content=\"Verfasst von\" \/>\n\t<meta name=\"twitter:data1\" content=\"Gyan Sharan\" \/>\n\t<meta name=\"twitter:label2\" content=\"Gesch\u00e4tzte Lesezeit\" \/>\n\t<meta name=\"twitter:data2\" content=\"1\u00a0Minute\" \/>\n<script type=\"application\/ld+json\" class=\"yoast-schema-graph\">{\"@context\":\"https:\\\/\\\/schema.org\",\"@graph\":[{\"@type\":\"Article\",\"@id\":\"https:\\\/\\\/transportjournal.com\\\/de\\\/2026\\\/03\\\/11\\\/luftfracht-staerkt-handelsresilienz-iata\\\/#article\",\"isPartOf\":{\"@id\":\"https:\\\/\\\/transportjournal.com\\\/de\\\/2026\\\/03\\\/11\\\/luftfracht-staerkt-handelsresilienz-iata\\\/\"},\"author\":{\"name\":\"Gyan Sharan\",\"@id\":\"https:\\\/\\\/transportjournal.com\\\/de\\\/#\\\/schema\\\/person\\\/13a9fc605c753db60ef7750a229cd042\"},\"headline\":\"Luftfracht st\u00e4rkt Handelsresilienz \u2013 Iata\",\"datePublished\":\"2026-03-11T10:04:55+00:00\",\"dateModified\":\"2026-03-11T10:18:47+00:00\",\"mainEntityOfPage\":{\"@id\":\"https:\\\/\\\/transportjournal.com\\\/de\\\/2026\\\/03\\\/11\\\/luftfracht-staerkt-handelsresilienz-iata\\\/\"},\"wordCount\":253,\"commentCount\":0,\"publisher\":{\"@id\":\"https:\\\/\\\/transportjournal.com\\\/de\\\/#organization\"},\"image\":{\"@id\":\"https:\\\/\\\/transportjournal.com\\\/de\\\/2026\\\/03\\\/11\\\/luftfracht-staerkt-handelsresilienz-iata\\\/#primaryimage\"},\"thumbnailUrl\":\"https:\\\/\\\/transportjournal.com\\\/wp-content\\\/uploads\\\/sites\\\/2\\\/2026\\\/03\\\/Luftfracht_allgemein_AdobeStock_215225362_PhotoCandy1812-scaled-aspect-ratio-1400-788-scaled-1.jpeg\",\"keywords\":[\"air freight connections\",\"air freight infrastructure\",\"air freight market\",\"ajustements de march\u00e9\",\"artificial intelligence\",\"cha\u00eenes d'approvisionnement\",\"changements douaniers\",\"commerce mondial\",\"connexions de fret a\u00e9rien\",\"croissance des importations\",\"customs changes\",\"customs risks\",\"Deutsch Luftfracht\",\"Digitalisierung in der Logistik\",\"\u00c9tats-Unis\",\"Europa\",\"Europe\",\"global trade\",\"goods transport\",\"Handelsresilienz\",\"Handelsstrategien\",\"high-value technology products\",\"Hochwertige Technologieprodukte\",\"IATA\",\"import growth\",\"Importwachstum\",\"industrie du transport\",\"infrastructure du fret a\u00e9rien\",\"Infrastruktur der Luftfracht\",\"intelligence artificielle\",\"K\u00fcnstliche Intelligenz\",\"Lieferketten\",\"logistics digitization\",\"logistics service providers\",\"Logistikdienstleister\",\"Luftfrachtmarkt\",\"Luftfrachtverbindungen\",\"march\u00e9 du fret a\u00e9rien\",\"market adjustments Fran\u00e7ais Fret a\u00e9rien\",\"Marktanpassungen English Air freight\",\"num\u00e9risation de la logistique\",\"prestataires de services logistiques\",\"produits technologiques de haute valeur\",\"r\u00e9silience commerciale\",\"risques douaniers\",\"strat\u00e9gies commerciales\",\"supply chains\",\"trade resilience\",\"trade strategies\",\"transport de marchandises\",\"transport industry\",\"Transportwirtschaft\",\"USA\",\"Warenverkehr\",\"Welthandel\",\"Zoll\u00e4nderungen\",\"Zollrisiken\"],\"articleSection\":[\"Luftfracht\"],\"inLanguage\":\"de\",\"potentialAction\":[{\"@type\":\"CommentAction\",\"name\":\"Comment\",\"target\":[\"https:\\\/\\\/transportjournal.com\\\/de\\\/2026\\\/03\\\/11\\\/luftfracht-staerkt-handelsresilienz-iata\\\/#respond\"]}]},{\"@type\":\"WebPage\",\"@id\":\"https:\\\/\\\/transportjournal.com\\\/de\\\/2026\\\/03\\\/11\\\/luftfracht-staerkt-handelsresilienz-iata\\\/\",\"url\":\"https:\\\/\\\/transportjournal.com\\\/de\\\/2026\\\/03\\\/11\\\/luftfracht-staerkt-handelsresilienz-iata\\\/\",\"name\":\"Luftfracht st\u00e4rkt Handelsresilienz \u2013 Iata - ITJ | International Transport Journal\",\"isPartOf\":{\"@id\":\"https:\\\/\\\/transportjournal.com\\\/de\\\/#website\"},\"primaryImageOfPage\":{\"@id\":\"https:\\\/\\\/transportjournal.com\\\/de\\\/2026\\\/03\\\/11\\\/luftfracht-staerkt-handelsresilienz-iata\\\/#primaryimage\"},\"image\":{\"@id\":\"https:\\\/\\\/transportjournal.com\\\/de\\\/2026\\\/03\\\/11\\\/luftfracht-staerkt-handelsresilienz-iata\\\/#primaryimage\"},\"thumbnailUrl\":\"https:\\\/\\\/transportjournal.com\\\/wp-content\\\/uploads\\\/sites\\\/2\\\/2026\\\/03\\\/Luftfracht_allgemein_AdobeStock_215225362_PhotoCandy1812-scaled-aspect-ratio-1400-788-scaled-1.jpeg\",\"datePublished\":\"2026-03-11T10:04:55+00:00\",\"dateModified\":\"2026-03-11T10:18:47+00:00\",\"breadcrumb\":{\"@id\":\"https:\\\/\\\/transportjournal.com\\\/de\\\/2026\\\/03\\\/11\\\/luftfracht-staerkt-handelsresilienz-iata\\\/#breadcrumb\"},\"inLanguage\":\"de\",\"potentialAction\":[{\"@type\":\"ReadAction\",\"target\":[\"https:\\\/\\\/transportjournal.com\\\/de\\\/2026\\\/03\\\/11\\\/luftfracht-staerkt-handelsresilienz-iata\\\/\"]}]},{\"@type\":\"ImageObject\",\"inLanguage\":\"de\",\"@id\":\"https:\\\/\\\/transportjournal.com\\\/de\\\/2026\\\/03\\\/11\\\/luftfracht-staerkt-handelsresilienz-iata\\\/#primaryimage\",\"url\":\"https:\\\/\\\/transportjournal.com\\\/wp-content\\\/uploads\\\/sites\\\/2\\\/2026\\\/03\\\/Luftfracht_allgemein_AdobeStock_215225362_PhotoCandy1812-scaled-aspect-ratio-1400-788-scaled-1.jpeg\",\"contentUrl\":\"https:\\\/\\\/transportjournal.com\\\/wp-content\\\/uploads\\\/sites\\\/2\\\/2026\\\/03\\\/Luftfracht_allgemein_AdobeStock_215225362_PhotoCandy1812-scaled-aspect-ratio-1400-788-scaled-1.jpeg\",\"width\":2560,\"height\":1441},{\"@type\":\"BreadcrumbList\",\"@id\":\"https:\\\/\\\/transportjournal.com\\\/de\\\/2026\\\/03\\\/11\\\/luftfracht-staerkt-handelsresilienz-iata\\\/#breadcrumb\",\"itemListElement\":[{\"@type\":\"ListItem\",\"position\":1,\"name\":\"Startseite\",\"item\":\"https:\\\/\\\/transportjournal.com\\\/de\\\/\"},{\"@type\":\"ListItem\",\"position\":2,\"name\":\"Luftfracht st\u00e4rkt Handelsresilienz \u2013 Iata\"}]},{\"@type\":\"WebSite\",\"@id\":\"https:\\\/\\\/transportjournal.com\\\/de\\\/#website\",\"url\":\"https:\\\/\\\/transportjournal.com\\\/de\\\/\",\"name\":\"ITJ | International Transport Journal\",\"description\":\"Stay informed with the latest global news from the transport, logistics, and supply chain industries. Transport Journal delivers expert insights, analysis, and updates across shipping, aviation, intermodal, and forwarding.\",\"publisher\":{\"@id\":\"https:\\\/\\\/transportjournal.com\\\/de\\\/#organization\"},\"potentialAction\":[{\"@type\":\"SearchAction\",\"target\":{\"@type\":\"EntryPoint\",\"urlTemplate\":\"https:\\\/\\\/transportjournal.com\\\/de\\\/?s={search_term_string}\"},\"query-input\":{\"@type\":\"PropertyValueSpecification\",\"valueRequired\":true,\"valueName\":\"search_term_string\"}}],\"inLanguage\":\"de\"},{\"@type\":\"Organization\",\"@id\":\"https:\\\/\\\/transportjournal.com\\\/de\\\/#organization\",\"name\":\"Groupe Logismedia AG\",\"alternateName\":\"Logismedia Group AG\",\"url\":\"https:\\\/\\\/transportjournal.com\\\/de\\\/\",\"logo\":{\"@type\":\"ImageObject\",\"inLanguage\":\"de\",\"@id\":\"https:\\\/\\\/transportjournal.com\\\/de\\\/#\\\/schema\\\/logo\\\/image\\\/\",\"url\":\"https:\\\/\\\/transportjournal.com\\\/wp-content\\\/uploads\\\/sites\\\/2\\\/2025\\\/09\\\/Logo_ITJ.png\",\"contentUrl\":\"https:\\\/\\\/transportjournal.com\\\/wp-content\\\/uploads\\\/sites\\\/2\\\/2025\\\/09\\\/Logo_ITJ.png\",\"width\":799,\"height\":326,\"caption\":\"Groupe Logismedia AG\"},\"image\":{\"@id\":\"https:\\\/\\\/transportjournal.com\\\/de\\\/#\\\/schema\\\/logo\\\/image\\\/\"},\"sameAs\":[\"https:\\\/\\\/www.linkedin.com\\\/company\\\/56456496\\\/admin\\\/dashboard\\\/\",\"https:\\\/\\\/www.instagram.com\\\/logismediagroup\\\/\",\"https:\\\/\\\/www.youtube.com\\\/@LogiamediaGroupAG\"]},{\"@type\":\"Person\",\"@id\":\"https:\\\/\\\/transportjournal.com\\\/de\\\/#\\\/schema\\\/person\\\/13a9fc605c753db60ef7750a229cd042\",\"name\":\"Gyan Sharan\",\"url\":\"https:\\\/\\\/transportjournal.com\\\/de\\\/author\\\/gyan\\\/\"}]}<\/script>\n<!-- \/ Yoast SEO plugin. -->","yoast_head_json":{"title":"Luftfracht st\u00e4rkt Handelsresilienz \u2013 Iata - ITJ | International Transport Journal","robots":{"index":"index","follow":"follow","max-snippet":"max-snippet:-1","max-image-preview":"max-image-preview:large","max-video-preview":"max-video-preview:-1"},"canonical":"https:\/\/transportjournal.com\/de\/2026\/03\/11\/luftfracht-staerkt-handelsresilienz-iata\/","og_locale":"de_DE","og_type":"article","og_title":"Luftfracht st\u00e4rkt Handelsresilienz \u2013 Iata - ITJ | International Transport Journal","og_description":"Die Luftfracht war 2025 entscheidend f\u00fcr den Welthandel, indem sie schnelle Lieferungen von KI-G\u00fctern und Anpassungen an Zoll\u00e4nderungen erm\u00f6glichte.","og_url":"https:\/\/transportjournal.com\/de\/2026\/03\/11\/luftfracht-staerkt-handelsresilienz-iata\/","og_site_name":"ITJ | International Transport Journal","article_published_time":"2026-03-11T10:04:55+00:00","article_modified_time":"2026-03-11T10:18:47+00:00","og_image":[{"width":2560,"height":1441,"url":"https:\/\/transportjournal.com\/wp-content\/uploads\/sites\/2\/2026\/03\/Luftfracht_allgemein_AdobeStock_215225362_PhotoCandy1812-scaled-aspect-ratio-1400-788-scaled-1.jpeg","type":"image\/jpeg"}],"author":"Gyan Sharan","twitter_card":"summary_large_image","twitter_misc":{"Verfasst von":"Gyan Sharan","Gesch\u00e4tzte Lesezeit":"1\u00a0Minute"},"schema":{"@context":"https:\/\/schema.org","@graph":[{"@type":"Article","@id":"https:\/\/transportjournal.com\/de\/2026\/03\/11\/luftfracht-staerkt-handelsresilienz-iata\/#article","isPartOf":{"@id":"https:\/\/transportjournal.com\/de\/2026\/03\/11\/luftfracht-staerkt-handelsresilienz-iata\/"},"author":{"name":"Gyan Sharan","@id":"https:\/\/transportjournal.com\/de\/#\/schema\/person\/13a9fc605c753db60ef7750a229cd042"},"headline":"Luftfracht st\u00e4rkt Handelsresilienz \u2013 Iata","datePublished":"2026-03-11T10:04:55+00:00","dateModified":"2026-03-11T10:18:47+00:00","mainEntityOfPage":{"@id":"https:\/\/transportjournal.com\/de\/2026\/03\/11\/luftfracht-staerkt-handelsresilienz-iata\/"},"wordCount":253,"commentCount":0,"publisher":{"@id":"https:\/\/transportjournal.com\/de\/#organization"},"image":{"@id":"https:\/\/transportjournal.com\/de\/2026\/03\/11\/luftfracht-staerkt-handelsresilienz-iata\/#primaryimage"},"thumbnailUrl":"https:\/\/transportjournal.com\/wp-content\/uploads\/sites\/2\/2026\/03\/Luftfracht_allgemein_AdobeStock_215225362_PhotoCandy1812-scaled-aspect-ratio-1400-788-scaled-1.jpeg","keywords":["air freight connections","air freight infrastructure","air freight market","ajustements de march\u00e9","artificial intelligence","cha\u00eenes d'approvisionnement","changements douaniers","commerce mondial","connexions de fret a\u00e9rien","croissance des importations","customs changes","customs risks","Deutsch Luftfracht","Digitalisierung in der Logistik","\u00c9tats-Unis","Europa","Europe","global trade","goods transport","Handelsresilienz","Handelsstrategien","high-value technology products","Hochwertige Technologieprodukte","IATA","import growth","Importwachstum","industrie du transport","infrastructure du fret a\u00e9rien","Infrastruktur der Luftfracht","intelligence artificielle","K\u00fcnstliche Intelligenz","Lieferketten","logistics digitization","logistics service providers","Logistikdienstleister","Luftfrachtmarkt","Luftfrachtverbindungen","march\u00e9 du fret a\u00e9rien","market adjustments Fran\u00e7ais Fret a\u00e9rien","Marktanpassungen English Air freight","num\u00e9risation de la logistique","prestataires de services logistiques","produits technologiques de haute valeur","r\u00e9silience commerciale","risques douaniers","strat\u00e9gies commerciales","supply chains","trade resilience","trade strategies","transport de marchandises","transport industry","Transportwirtschaft","USA","Warenverkehr","Welthandel","Zoll\u00e4nderungen","Zollrisiken"],"articleSection":["Luftfracht"],"inLanguage":"de","potentialAction":[{"@type":"CommentAction","name":"Comment","target":["https:\/\/transportjournal.com\/de\/2026\/03\/11\/luftfracht-staerkt-handelsresilienz-iata\/#respond"]}]},{"@type":"WebPage","@id":"https:\/\/transportjournal.com\/de\/2026\/03\/11\/luftfracht-staerkt-handelsresilienz-iata\/","url":"https:\/\/transportjournal.com\/de\/2026\/03\/11\/luftfracht-staerkt-handelsresilienz-iata\/","name":"Luftfracht st\u00e4rkt Handelsresilienz \u2013 Iata - ITJ | International Transport Journal","isPartOf":{"@id":"https:\/\/transportjournal.com\/de\/#website"},"primaryImageOfPage":{"@id":"https:\/\/transportjournal.com\/de\/2026\/03\/11\/luftfracht-staerkt-handelsresilienz-iata\/#primaryimage"},"image":{"@id":"https:\/\/transportjournal.com\/de\/2026\/03\/11\/luftfracht-staerkt-handelsresilienz-iata\/#primaryimage"},"thumbnailUrl":"https:\/\/transportjournal.com\/wp-content\/uploads\/sites\/2\/2026\/03\/Luftfracht_allgemein_AdobeStock_215225362_PhotoCandy1812-scaled-aspect-ratio-1400-788-scaled-1.jpeg","datePublished":"2026-03-11T10:04:55+00:00","dateModified":"2026-03-11T10:18:47+00:00","breadcrumb":{"@id":"https:\/\/transportjournal.com\/de\/2026\/03\/11\/luftfracht-staerkt-handelsresilienz-iata\/#breadcrumb"},"inLanguage":"de","potentialAction":[{"@type":"ReadAction","target":["https:\/\/transportjournal.com\/de\/2026\/03\/11\/luftfracht-staerkt-handelsresilienz-iata\/"]}]},{"@type":"ImageObject","inLanguage":"de","@id":"https:\/\/transportjournal.com\/de\/2026\/03\/11\/luftfracht-staerkt-handelsresilienz-iata\/#primaryimage","url":"https:\/\/transportjournal.com\/wp-content\/uploads\/sites\/2\/2026\/03\/Luftfracht_allgemein_AdobeStock_215225362_PhotoCandy1812-scaled-aspect-ratio-1400-788-scaled-1.jpeg","contentUrl":"https:\/\/transportjournal.com\/wp-content\/uploads\/sites\/2\/2026\/03\/Luftfracht_allgemein_AdobeStock_215225362_PhotoCandy1812-scaled-aspect-ratio-1400-788-scaled-1.jpeg","width":2560,"height":1441},{"@type":"BreadcrumbList","@id":"https:\/\/transportjournal.com\/de\/2026\/03\/11\/luftfracht-staerkt-handelsresilienz-iata\/#breadcrumb","itemListElement":[{"@type":"ListItem","position":1,"name":"Startseite","item":"https:\/\/transportjournal.com\/de\/"},{"@type":"ListItem","position":2,"name":"Luftfracht st\u00e4rkt Handelsresilienz \u2013 Iata"}]},{"@type":"WebSite","@id":"https:\/\/transportjournal.com\/de\/#website","url":"https:\/\/transportjournal.com\/de\/","name":"ITJ | International Transport Journal","description":"Stay informed with the latest global news from the transport, logistics, and supply chain industries. Transport Journal delivers expert insights, analysis, and updates across shipping, aviation, intermodal, and forwarding.","publisher":{"@id":"https:\/\/transportjournal.com\/de\/#organization"},"potentialAction":[{"@type":"SearchAction","target":{"@type":"EntryPoint","urlTemplate":"https:\/\/transportjournal.com\/de\/?s={search_term_string}"},"query-input":{"@type":"PropertyValueSpecification","valueRequired":true,"valueName":"search_term_string"}}],"inLanguage":"de"},{"@type":"Organization","@id":"https:\/\/transportjournal.com\/de\/#organization","name":"Groupe Logismedia AG","alternateName":"Logismedia Group AG","url":"https:\/\/transportjournal.com\/de\/","logo":{"@type":"ImageObject","inLanguage":"de","@id":"https:\/\/transportjournal.com\/de\/#\/schema\/logo\/image\/","url":"https:\/\/transportjournal.com\/wp-content\/uploads\/sites\/2\/2025\/09\/Logo_ITJ.png","contentUrl":"https:\/\/transportjournal.com\/wp-content\/uploads\/sites\/2\/2025\/09\/Logo_ITJ.png","width":799,"height":326,"caption":"Groupe Logismedia AG"},"image":{"@id":"https:\/\/transportjournal.com\/de\/#\/schema\/logo\/image\/"},"sameAs":["https:\/\/www.linkedin.com\/company\/56456496\/admin\/dashboard\/","https:\/\/www.instagram.com\/logismediagroup\/","https:\/\/www.youtube.com\/@LogiamediaGroupAG"]},{"@type":"Person","@id":"https:\/\/transportjournal.com\/de\/#\/schema\/person\/13a9fc605c753db60ef7750a229cd042","name":"Gyan Sharan","url":"https:\/\/transportjournal.com\/de\/author\/gyan\/"}]}},"_links":{"self":[{"href":"https:\/\/transportjournal.com\/de\/wp-json\/wp\/v2\/posts\/80332","targetHints":{"allow":["GET"]}}],"collection":[{"href":"https:\/\/transportjournal.com\/de\/wp-json\/wp\/v2\/posts"}],"about":[{"href":"https:\/\/transportjournal.com\/de\/wp-json\/wp\/v2\/types\/post"}],"author":[{"embeddable":true,"href":"https:\/\/transportjournal.com\/de\/wp-json\/wp\/v2\/users\/14"}],"replies":[{"embeddable":true,"href":"https:\/\/transportjournal.com\/de\/wp-json\/wp\/v2\/comments?post=80332"}],"version-history":[{"count":2,"href":"https:\/\/transportjournal.com\/de\/wp-json\/wp\/v2\/posts\/80332\/revisions"}],"predecessor-version":[{"id":80346,"href":"https:\/\/transportjournal.com\/de\/wp-json\/wp\/v2\/posts\/80332\/revisions\/80346"}],"wp:featuredmedia":[{"embeddable":true,"href":"https:\/\/transportjournal.com\/de\/wp-json\/wp\/v2\/media\/80331"}],"wp:attachment":[{"href":"https:\/\/transportjournal.com\/de\/wp-json\/wp\/v2\/media?parent=80332"}],"wp:term":[{"taxonomy":"category","embeddable":true,"href":"https:\/\/transportjournal.com\/de\/wp-json\/wp\/v2\/categories?post=80332"},{"taxonomy":"post_tag","embeddable":true,"href":"https:\/\/transportjournal.com\/de\/wp-json\/wp\/v2\/tags?post=80332"}],"curies":[{"name":"wp","href":"https:\/\/api.w.org\/{rel}","templated":true}]}}