{"id":80303,"date":"2026-03-11T09:21:59","date_gmt":"2026-03-11T09:21:59","guid":{"rendered":"https:\/\/transportjournal.com\/2026\/03\/11\/tiroler-insolvenz-bedroht-300-transport-mitarbeiter\/"},"modified":"2026-03-11T11:19:28","modified_gmt":"2026-03-11T10:19:28","slug":"tiroler-insolvenz-bedroht-300-transport-mitarbeiter","status":"publish","type":"post","link":"https:\/\/transportjournal.com\/de\/2026\/03\/11\/tiroler-insolvenz-bedroht-300-transport-mitarbeiter\/","title":{"rendered":"Tiroler Insolvenz bedroht 300 Transport-Mitarbeiter"},"content":{"rendered":"<p>Die Tiroler Transportfirma Nothegger ist insolvent, wie tirol.ORF.at und andere Medien berichtet haben. Am Landesgericht Innsbruck wurde das Konkursverfahren \u00fcber die Nothegger Transport Logistik er\u00f6ffnet. Laut Angaben von Gl\u00e4ubigerschutzverb\u00e4nden belaufen sich die Verbindlichkeiten auf rund EUR 15 Millionen. Von der Insolvenz k\u00f6nnten etwa 300 Mitarbeiter betroffen sein.<\/p>\n<p>Den Antrag stellte die \u00d6sterreichische Gesundheitskasse (\u00d6GK), die offene Sozialversicherungsbeitr\u00e4ge in Millionenh\u00f6he geltend macht. Nach Angaben des Alpenl\u00e4ndischen Kreditorenverbands bestehen Schulden von etwa EUR 3.2 Mio. bei der \u00d6GK, rund EUR 1.8 Mio. beim Finanzamt sowie etwa EUR 9.3 Mio. gegen\u00fcber Banken. Trotz einzelner Teilzahlungen konnten die finanziellen Probleme nicht gel\u00f6st werden.<\/p>\n<p>Die Gesch\u00e4ftsf\u00fchrung hatte zuvor auf den Einstieg eines Investors sowie auf den kurzfristigen Verkauf einer Immobilie gesetzt. Diese Schritte konnten jedoch nicht rechtzeitig umgesetzt werden. Das Gericht sah deshalb die Voraussetzungen f\u00fcr ein Konkursverfahren als gegeben an.<\/p>\n<p>Als zus\u00e4tzliche Belastung gelten gestundete Abgaben aus der Coronavirus-Pandemie. Die nun f\u00e4lligen R\u00fcckzahlungen versch\u00e4rfen laut KSV1870 die Liquidit\u00e4tslage des Unternehmens deutlich. Die Insolvenzverwaltung pr\u00fcft nun, ob eine Fortf\u00fchrung des Betriebs m\u00f6glich ist. Die erste Gl\u00e4ubigerversammlung ist f\u00fcr Mitte Mai geplant.<\/p>\n<p><a href=\"https:\/\/nothegger-transporte.at\" target=\"_blank\" rel=\"noopener noreferrer\">www.nothegger-transporte.at<\/a><\/p>\n","protected":false},"excerpt":{"rendered":"<p>Die Tiroler Transportfirma Nothegger ist insolvent; ein Konkursverfahren ist am Landesgericht Innsbruck er\u00f6ffnet worden; betroffen sind etwa 300 Mitarbeiter.<\/p>\n","protected":false},"author":14,"featured_media":80302,"comment_status":"open","ping_status":"","sticky":false,"template":"","format":"standard","meta":{"_acf_changed":false,"footnotes":""},"categories":[1575,1568,1569],"tags":[25705,25706,25707,25708,25709,25710,25711,25712,25713,25714,25715,25716,25717,25718,25719,25720,25721,25722,25723,25724,25725,25726,25727,25728,25729,25730,25731,25732,25733,25734,25735,25736,25737,25738,25739,25740,25741,25742,25743,25744,25745,25746,25747,25748,25749,25750,25751,25752,25753],"class_list":["post-80303","post","type-post","status-publish","format-standard","has-post-thumbnail","hentry","category-europa","category-bahn-binnenschifffahrt-strasse","category-logistik-spedition","tag-administration-des-faillites","tag-associations-de-protection-des-creanciers","tag-austrian-health-insurance","tag-bankruptcy-proceedings-innsbruck","tag-caisse-de-sante-autrichienne","tag-coronavirus-pandemic-impact","tag-coronavirus-pandemie-auswirkungen","tag-creditor-protection-associations","tag-debts-nothegger","tag-dettes-fiscales","tag-dettes-nothegger","tag-deutsch-nothegger-transport","tag-employes-de-transport","tag-entree-dinvestisseurs","tag-finanzamt-schulden","tag-gesundheitskasse-oesterreich","tag-glaeubigerschutzverbaende","tag-impact-de-la-pandemie-de-coronavirus","tag-insolvabilite-tyrolienne","tag-insolvency-administration","tag-insolvency-proceedings-austria","tag-insolvenzverfahren-oesterreich","tag-insolvenzverwaltung","tag-investor-entry","tag-investoren-einstieg","tag-job-loss-transport-sector","tag-jobverlust-transportbranche","tag-konkursverfahren-innsbruck","tag-liabilities-transport-company","tag-liquiditaetslage-unternehmen","tag-liquidity-situation-company","tag-passifs-entreprise-de-transport","tag-perte-demplois-secteur-du-transport","tag-procedures-dinsolvabilite-autriche","tag-procedures-de-faillite-innsbruck","tag-remboursements-des-impots","tag-rueckzahlungen-abgaben-english-nothegger-transport","tag-schulden-nothegger","tag-secteur-du-transport-tyrol","tag-situation-de-liquidite-entreprise","tag-tax-deferrals-repayments-francais-nothegger-transport","tag-tax-office-debts","tag-tiroler-insolvenz","tag-transport-employees","tag-transport-industry-tyrol","tag-transport-mitarbeiter","tag-transportwirtschaft-tirol","tag-tyrolean-insolvency","tag-verbindlichkeiten-transportfirma"],"acf":[],"yoast_head":"<!-- This site is optimized with the Yoast SEO plugin v27.3 - https:\/\/yoast.com\/product\/yoast-seo-wordpress\/ -->\n<title>Tiroler Insolvenz bedroht 300 Transport-Mitarbeiter - ITJ | International Transport Journal<\/title>\n<meta name=\"robots\" content=\"index, follow, max-snippet:-1, max-image-preview:large, max-video-preview:-1\" \/>\n<link rel=\"canonical\" href=\"https:\/\/transportjournal.com\/de\/2026\/03\/11\/tiroler-insolvenz-bedroht-300-transport-mitarbeiter\/\" \/>\n<meta property=\"og:locale\" content=\"de_DE\" \/>\n<meta property=\"og:type\" content=\"article\" \/>\n<meta property=\"og:title\" content=\"Tiroler Insolvenz bedroht 300 Transport-Mitarbeiter - ITJ | International Transport Journal\" \/>\n<meta property=\"og:description\" content=\"Die Tiroler Transportfirma Nothegger ist insolvent; ein Konkursverfahren ist am Landesgericht Innsbruck er\u00f6ffnet worden; betroffen sind etwa 300 Mitarbeiter.\" \/>\n<meta property=\"og:url\" content=\"https:\/\/transportjournal.com\/de\/2026\/03\/11\/tiroler-insolvenz-bedroht-300-transport-mitarbeiter\/\" \/>\n<meta property=\"og:site_name\" content=\"ITJ | International Transport Journal\" \/>\n<meta property=\"article:published_time\" content=\"2026-03-11T09:21:59+00:00\" \/>\n<meta property=\"article:modified_time\" content=\"2026-03-11T10:19:28+00:00\" \/>\n<meta property=\"og:image\" content=\"https:\/\/transportjournal.com\/wp-content\/uploads\/sites\/2\/2026\/03\/Nothegger_WEB_20190322_143827_web-1-1900x499-1-aspect-ratio-1400-788.jpg\" \/>\n\t<meta property=\"og:image:width\" content=\"886\" \/>\n\t<meta property=\"og:image:height\" content=\"499\" \/>\n\t<meta property=\"og:image:type\" content=\"image\/jpeg\" \/>\n<meta name=\"author\" content=\"Gyan Sharan\" \/>\n<meta name=\"twitter:card\" content=\"summary_large_image\" \/>\n<meta name=\"twitter:label1\" content=\"Verfasst von\" \/>\n\t<meta name=\"twitter:data1\" content=\"Gyan Sharan\" \/>\n\t<meta name=\"twitter:label2\" content=\"Gesch\u00e4tzte Lesezeit\" \/>\n\t<meta name=\"twitter:data2\" content=\"1\u00a0Minute\" \/>\n<script type=\"application\/ld+json\" class=\"yoast-schema-graph\">{\"@context\":\"https:\\\/\\\/schema.org\",\"@graph\":[{\"@type\":\"Article\",\"@id\":\"https:\\\/\\\/transportjournal.com\\\/de\\\/2026\\\/03\\\/11\\\/tiroler-insolvenz-bedroht-300-transport-mitarbeiter\\\/#article\",\"isPartOf\":{\"@id\":\"https:\\\/\\\/transportjournal.com\\\/de\\\/2026\\\/03\\\/11\\\/tiroler-insolvenz-bedroht-300-transport-mitarbeiter\\\/\"},\"author\":{\"name\":\"Gyan Sharan\",\"@id\":\"https:\\\/\\\/transportjournal.com\\\/de\\\/#\\\/schema\\\/person\\\/13a9fc605c753db60ef7750a229cd042\"},\"headline\":\"Tiroler Insolvenz bedroht 300 Transport-Mitarbeiter\",\"datePublished\":\"2026-03-11T09:21:59+00:00\",\"dateModified\":\"2026-03-11T10:19:28+00:00\",\"mainEntityOfPage\":{\"@id\":\"https:\\\/\\\/transportjournal.com\\\/de\\\/2026\\\/03\\\/11\\\/tiroler-insolvenz-bedroht-300-transport-mitarbeiter\\\/\"},\"wordCount\":202,\"commentCount\":0,\"publisher\":{\"@id\":\"https:\\\/\\\/transportjournal.com\\\/de\\\/#organization\"},\"image\":{\"@id\":\"https:\\\/\\\/transportjournal.com\\\/de\\\/2026\\\/03\\\/11\\\/tiroler-insolvenz-bedroht-300-transport-mitarbeiter\\\/#primaryimage\"},\"thumbnailUrl\":\"https:\\\/\\\/transportjournal.com\\\/wp-content\\\/uploads\\\/sites\\\/2\\\/2026\\\/03\\\/Nothegger_WEB_20190322_143827_web-1-1900x499-1-aspect-ratio-1400-788.jpg\",\"keywords\":[\"administration des faillites\",\"associations de protection des cr\u00e9anciers\",\"Austrian health insurance\",\"bankruptcy proceedings Innsbruck\",\"caisse de sant\u00e9 autrichienne\",\"coronavirus pandemic impact\",\"Coronavirus-Pandemie Auswirkungen\",\"creditor protection associations\",\"debts Nothegger\",\"dettes fiscales\",\"dettes Nothegger\",\"Deutsch Nothegger Transport\",\"employ\u00e9s de transport\",\"entr\u00e9e d'investisseurs\",\"Finanzamt Schulden\",\"Gesundheitskasse \u00d6sterreich\",\"Gl\u00e4ubigerschutzverb\u00e4nde\",\"impact de la pand\u00e9mie de coronavirus\",\"insolvabilit\u00e9 tyrolienne\",\"insolvency administration\",\"insolvency proceedings Austria\",\"Insolvenzverfahren \u00d6sterreich\",\"Insolvenzverwaltung\",\"investor entry\",\"Investoren Einstieg\",\"job loss transport sector\",\"Jobverlust Transportbranche\",\"Konkursverfahren Innsbruck\",\"liabilities transport company\",\"Liquidit\u00e4tslage Unternehmen\",\"liquidity situation company\",\"passifs entreprise de transport\",\"perte d'emplois secteur du transport\",\"proc\u00e9dures d'insolvabilit\u00e9 Autriche\",\"proc\u00e9dures de faillite Innsbruck\",\"remboursements des imp\u00f4ts\",\"R\u00fcckzahlungen Abgaben English Nothegger Transport\",\"Schulden Nothegger\",\"secteur du transport Tyrol\",\"situation de liquidit\u00e9 entreprise\",\"tax deferrals repayments Fran\u00e7ais Nothegger Transport\",\"tax office debts\",\"Tiroler Insolvenz\",\"transport employees\",\"transport industry Tyrol\",\"Transport-Mitarbeiter\",\"Transportwirtschaft Tirol\",\"Tyrolean insolvency\",\"Verbindlichkeiten Transportfirma\"],\"articleSection\":[\"Europa\",\"Intermodal \\\/ Stra\u00dfe\",\"Spedition &amp; Logistik\"],\"inLanguage\":\"de\",\"potentialAction\":[{\"@type\":\"CommentAction\",\"name\":\"Comment\",\"target\":[\"https:\\\/\\\/transportjournal.com\\\/de\\\/2026\\\/03\\\/11\\\/tiroler-insolvenz-bedroht-300-transport-mitarbeiter\\\/#respond\"]}]},{\"@type\":\"WebPage\",\"@id\":\"https:\\\/\\\/transportjournal.com\\\/de\\\/2026\\\/03\\\/11\\\/tiroler-insolvenz-bedroht-300-transport-mitarbeiter\\\/\",\"url\":\"https:\\\/\\\/transportjournal.com\\\/de\\\/2026\\\/03\\\/11\\\/tiroler-insolvenz-bedroht-300-transport-mitarbeiter\\\/\",\"name\":\"Tiroler Insolvenz bedroht 300 Transport-Mitarbeiter - ITJ | International Transport Journal\",\"isPartOf\":{\"@id\":\"https:\\\/\\\/transportjournal.com\\\/de\\\/#website\"},\"primaryImageOfPage\":{\"@id\":\"https:\\\/\\\/transportjournal.com\\\/de\\\/2026\\\/03\\\/11\\\/tiroler-insolvenz-bedroht-300-transport-mitarbeiter\\\/#primaryimage\"},\"image\":{\"@id\":\"https:\\\/\\\/transportjournal.com\\\/de\\\/2026\\\/03\\\/11\\\/tiroler-insolvenz-bedroht-300-transport-mitarbeiter\\\/#primaryimage\"},\"thumbnailUrl\":\"https:\\\/\\\/transportjournal.com\\\/wp-content\\\/uploads\\\/sites\\\/2\\\/2026\\\/03\\\/Nothegger_WEB_20190322_143827_web-1-1900x499-1-aspect-ratio-1400-788.jpg\",\"datePublished\":\"2026-03-11T09:21:59+00:00\",\"dateModified\":\"2026-03-11T10:19:28+00:00\",\"breadcrumb\":{\"@id\":\"https:\\\/\\\/transportjournal.com\\\/de\\\/2026\\\/03\\\/11\\\/tiroler-insolvenz-bedroht-300-transport-mitarbeiter\\\/#breadcrumb\"},\"inLanguage\":\"de\",\"potentialAction\":[{\"@type\":\"ReadAction\",\"target\":[\"https:\\\/\\\/transportjournal.com\\\/de\\\/2026\\\/03\\\/11\\\/tiroler-insolvenz-bedroht-300-transport-mitarbeiter\\\/\"]}]},{\"@type\":\"ImageObject\",\"inLanguage\":\"de\",\"@id\":\"https:\\\/\\\/transportjournal.com\\\/de\\\/2026\\\/03\\\/11\\\/tiroler-insolvenz-bedroht-300-transport-mitarbeiter\\\/#primaryimage\",\"url\":\"https:\\\/\\\/transportjournal.com\\\/wp-content\\\/uploads\\\/sites\\\/2\\\/2026\\\/03\\\/Nothegger_WEB_20190322_143827_web-1-1900x499-1-aspect-ratio-1400-788.jpg\",\"contentUrl\":\"https:\\\/\\\/transportjournal.com\\\/wp-content\\\/uploads\\\/sites\\\/2\\\/2026\\\/03\\\/Nothegger_WEB_20190322_143827_web-1-1900x499-1-aspect-ratio-1400-788.jpg\",\"width\":886,\"height\":499},{\"@type\":\"BreadcrumbList\",\"@id\":\"https:\\\/\\\/transportjournal.com\\\/de\\\/2026\\\/03\\\/11\\\/tiroler-insolvenz-bedroht-300-transport-mitarbeiter\\\/#breadcrumb\",\"itemListElement\":[{\"@type\":\"ListItem\",\"position\":1,\"name\":\"Startseite\",\"item\":\"https:\\\/\\\/transportjournal.com\\\/de\\\/\"},{\"@type\":\"ListItem\",\"position\":2,\"name\":\"Tiroler Insolvenz bedroht 300 Transport-Mitarbeiter\"}]},{\"@type\":\"WebSite\",\"@id\":\"https:\\\/\\\/transportjournal.com\\\/de\\\/#website\",\"url\":\"https:\\\/\\\/transportjournal.com\\\/de\\\/\",\"name\":\"ITJ | International Transport Journal\",\"description\":\"Stay informed with the latest global news from the transport, logistics, and supply chain industries. Transport Journal delivers expert insights, analysis, and updates across shipping, aviation, intermodal, and forwarding.\",\"publisher\":{\"@id\":\"https:\\\/\\\/transportjournal.com\\\/de\\\/#organization\"},\"potentialAction\":[{\"@type\":\"SearchAction\",\"target\":{\"@type\":\"EntryPoint\",\"urlTemplate\":\"https:\\\/\\\/transportjournal.com\\\/de\\\/?s={search_term_string}\"},\"query-input\":{\"@type\":\"PropertyValueSpecification\",\"valueRequired\":true,\"valueName\":\"search_term_string\"}}],\"inLanguage\":\"de\"},{\"@type\":\"Organization\",\"@id\":\"https:\\\/\\\/transportjournal.com\\\/de\\\/#organization\",\"name\":\"Groupe Logismedia AG\",\"alternateName\":\"Logismedia Group AG\",\"url\":\"https:\\\/\\\/transportjournal.com\\\/de\\\/\",\"logo\":{\"@type\":\"ImageObject\",\"inLanguage\":\"de\",\"@id\":\"https:\\\/\\\/transportjournal.com\\\/de\\\/#\\\/schema\\\/logo\\\/image\\\/\",\"url\":\"https:\\\/\\\/transportjournal.com\\\/wp-content\\\/uploads\\\/sites\\\/2\\\/2025\\\/09\\\/Logo_ITJ.png\",\"contentUrl\":\"https:\\\/\\\/transportjournal.com\\\/wp-content\\\/uploads\\\/sites\\\/2\\\/2025\\\/09\\\/Logo_ITJ.png\",\"width\":799,\"height\":326,\"caption\":\"Groupe Logismedia AG\"},\"image\":{\"@id\":\"https:\\\/\\\/transportjournal.com\\\/de\\\/#\\\/schema\\\/logo\\\/image\\\/\"},\"sameAs\":[\"https:\\\/\\\/www.linkedin.com\\\/company\\\/56456496\\\/admin\\\/dashboard\\\/\",\"https:\\\/\\\/www.instagram.com\\\/logismediagroup\\\/\",\"https:\\\/\\\/www.youtube.com\\\/@LogiamediaGroupAG\"]},{\"@type\":\"Person\",\"@id\":\"https:\\\/\\\/transportjournal.com\\\/de\\\/#\\\/schema\\\/person\\\/13a9fc605c753db60ef7750a229cd042\",\"name\":\"Gyan Sharan\",\"url\":\"https:\\\/\\\/transportjournal.com\\\/de\\\/author\\\/gyan\\\/\"}]}<\/script>\n<!-- \/ Yoast SEO plugin. -->","yoast_head_json":{"title":"Tiroler Insolvenz bedroht 300 Transport-Mitarbeiter - ITJ | International Transport Journal","robots":{"index":"index","follow":"follow","max-snippet":"max-snippet:-1","max-image-preview":"max-image-preview:large","max-video-preview":"max-video-preview:-1"},"canonical":"https:\/\/transportjournal.com\/de\/2026\/03\/11\/tiroler-insolvenz-bedroht-300-transport-mitarbeiter\/","og_locale":"de_DE","og_type":"article","og_title":"Tiroler Insolvenz bedroht 300 Transport-Mitarbeiter - ITJ | International Transport Journal","og_description":"Die Tiroler Transportfirma Nothegger ist insolvent; ein Konkursverfahren ist am Landesgericht Innsbruck er\u00f6ffnet worden; betroffen sind etwa 300 Mitarbeiter.","og_url":"https:\/\/transportjournal.com\/de\/2026\/03\/11\/tiroler-insolvenz-bedroht-300-transport-mitarbeiter\/","og_site_name":"ITJ | International Transport Journal","article_published_time":"2026-03-11T09:21:59+00:00","article_modified_time":"2026-03-11T10:19:28+00:00","og_image":[{"width":886,"height":499,"url":"https:\/\/transportjournal.com\/wp-content\/uploads\/sites\/2\/2026\/03\/Nothegger_WEB_20190322_143827_web-1-1900x499-1-aspect-ratio-1400-788.jpg","type":"image\/jpeg"}],"author":"Gyan Sharan","twitter_card":"summary_large_image","twitter_misc":{"Verfasst von":"Gyan Sharan","Gesch\u00e4tzte Lesezeit":"1\u00a0Minute"},"schema":{"@context":"https:\/\/schema.org","@graph":[{"@type":"Article","@id":"https:\/\/transportjournal.com\/de\/2026\/03\/11\/tiroler-insolvenz-bedroht-300-transport-mitarbeiter\/#article","isPartOf":{"@id":"https:\/\/transportjournal.com\/de\/2026\/03\/11\/tiroler-insolvenz-bedroht-300-transport-mitarbeiter\/"},"author":{"name":"Gyan Sharan","@id":"https:\/\/transportjournal.com\/de\/#\/schema\/person\/13a9fc605c753db60ef7750a229cd042"},"headline":"Tiroler Insolvenz bedroht 300 Transport-Mitarbeiter","datePublished":"2026-03-11T09:21:59+00:00","dateModified":"2026-03-11T10:19:28+00:00","mainEntityOfPage":{"@id":"https:\/\/transportjournal.com\/de\/2026\/03\/11\/tiroler-insolvenz-bedroht-300-transport-mitarbeiter\/"},"wordCount":202,"commentCount":0,"publisher":{"@id":"https:\/\/transportjournal.com\/de\/#organization"},"image":{"@id":"https:\/\/transportjournal.com\/de\/2026\/03\/11\/tiroler-insolvenz-bedroht-300-transport-mitarbeiter\/#primaryimage"},"thumbnailUrl":"https:\/\/transportjournal.com\/wp-content\/uploads\/sites\/2\/2026\/03\/Nothegger_WEB_20190322_143827_web-1-1900x499-1-aspect-ratio-1400-788.jpg","keywords":["administration des faillites","associations de protection des cr\u00e9anciers","Austrian health insurance","bankruptcy proceedings Innsbruck","caisse de sant\u00e9 autrichienne","coronavirus pandemic impact","Coronavirus-Pandemie Auswirkungen","creditor protection associations","debts Nothegger","dettes fiscales","dettes Nothegger","Deutsch Nothegger Transport","employ\u00e9s de transport","entr\u00e9e d'investisseurs","Finanzamt Schulden","Gesundheitskasse \u00d6sterreich","Gl\u00e4ubigerschutzverb\u00e4nde","impact de la pand\u00e9mie de coronavirus","insolvabilit\u00e9 tyrolienne","insolvency administration","insolvency proceedings Austria","Insolvenzverfahren \u00d6sterreich","Insolvenzverwaltung","investor entry","Investoren Einstieg","job loss transport sector","Jobverlust Transportbranche","Konkursverfahren Innsbruck","liabilities transport company","Liquidit\u00e4tslage Unternehmen","liquidity situation company","passifs entreprise de transport","perte d'emplois secteur du transport","proc\u00e9dures d'insolvabilit\u00e9 Autriche","proc\u00e9dures de faillite Innsbruck","remboursements des imp\u00f4ts","R\u00fcckzahlungen Abgaben English Nothegger Transport","Schulden Nothegger","secteur du transport Tyrol","situation de liquidit\u00e9 entreprise","tax deferrals repayments Fran\u00e7ais Nothegger Transport","tax office debts","Tiroler Insolvenz","transport employees","transport industry Tyrol","Transport-Mitarbeiter","Transportwirtschaft Tirol","Tyrolean insolvency","Verbindlichkeiten Transportfirma"],"articleSection":["Europa","Intermodal \/ Stra\u00dfe","Spedition &amp; Logistik"],"inLanguage":"de","potentialAction":[{"@type":"CommentAction","name":"Comment","target":["https:\/\/transportjournal.com\/de\/2026\/03\/11\/tiroler-insolvenz-bedroht-300-transport-mitarbeiter\/#respond"]}]},{"@type":"WebPage","@id":"https:\/\/transportjournal.com\/de\/2026\/03\/11\/tiroler-insolvenz-bedroht-300-transport-mitarbeiter\/","url":"https:\/\/transportjournal.com\/de\/2026\/03\/11\/tiroler-insolvenz-bedroht-300-transport-mitarbeiter\/","name":"Tiroler Insolvenz bedroht 300 Transport-Mitarbeiter - ITJ | International Transport Journal","isPartOf":{"@id":"https:\/\/transportjournal.com\/de\/#website"},"primaryImageOfPage":{"@id":"https:\/\/transportjournal.com\/de\/2026\/03\/11\/tiroler-insolvenz-bedroht-300-transport-mitarbeiter\/#primaryimage"},"image":{"@id":"https:\/\/transportjournal.com\/de\/2026\/03\/11\/tiroler-insolvenz-bedroht-300-transport-mitarbeiter\/#primaryimage"},"thumbnailUrl":"https:\/\/transportjournal.com\/wp-content\/uploads\/sites\/2\/2026\/03\/Nothegger_WEB_20190322_143827_web-1-1900x499-1-aspect-ratio-1400-788.jpg","datePublished":"2026-03-11T09:21:59+00:00","dateModified":"2026-03-11T10:19:28+00:00","breadcrumb":{"@id":"https:\/\/transportjournal.com\/de\/2026\/03\/11\/tiroler-insolvenz-bedroht-300-transport-mitarbeiter\/#breadcrumb"},"inLanguage":"de","potentialAction":[{"@type":"ReadAction","target":["https:\/\/transportjournal.com\/de\/2026\/03\/11\/tiroler-insolvenz-bedroht-300-transport-mitarbeiter\/"]}]},{"@type":"ImageObject","inLanguage":"de","@id":"https:\/\/transportjournal.com\/de\/2026\/03\/11\/tiroler-insolvenz-bedroht-300-transport-mitarbeiter\/#primaryimage","url":"https:\/\/transportjournal.com\/wp-content\/uploads\/sites\/2\/2026\/03\/Nothegger_WEB_20190322_143827_web-1-1900x499-1-aspect-ratio-1400-788.jpg","contentUrl":"https:\/\/transportjournal.com\/wp-content\/uploads\/sites\/2\/2026\/03\/Nothegger_WEB_20190322_143827_web-1-1900x499-1-aspect-ratio-1400-788.jpg","width":886,"height":499},{"@type":"BreadcrumbList","@id":"https:\/\/transportjournal.com\/de\/2026\/03\/11\/tiroler-insolvenz-bedroht-300-transport-mitarbeiter\/#breadcrumb","itemListElement":[{"@type":"ListItem","position":1,"name":"Startseite","item":"https:\/\/transportjournal.com\/de\/"},{"@type":"ListItem","position":2,"name":"Tiroler Insolvenz bedroht 300 Transport-Mitarbeiter"}]},{"@type":"WebSite","@id":"https:\/\/transportjournal.com\/de\/#website","url":"https:\/\/transportjournal.com\/de\/","name":"ITJ | International Transport Journal","description":"Stay informed with the latest global news from the transport, logistics, and supply chain industries. Transport Journal delivers expert insights, analysis, and updates across shipping, aviation, intermodal, and forwarding.","publisher":{"@id":"https:\/\/transportjournal.com\/de\/#organization"},"potentialAction":[{"@type":"SearchAction","target":{"@type":"EntryPoint","urlTemplate":"https:\/\/transportjournal.com\/de\/?s={search_term_string}"},"query-input":{"@type":"PropertyValueSpecification","valueRequired":true,"valueName":"search_term_string"}}],"inLanguage":"de"},{"@type":"Organization","@id":"https:\/\/transportjournal.com\/de\/#organization","name":"Groupe Logismedia AG","alternateName":"Logismedia Group AG","url":"https:\/\/transportjournal.com\/de\/","logo":{"@type":"ImageObject","inLanguage":"de","@id":"https:\/\/transportjournal.com\/de\/#\/schema\/logo\/image\/","url":"https:\/\/transportjournal.com\/wp-content\/uploads\/sites\/2\/2025\/09\/Logo_ITJ.png","contentUrl":"https:\/\/transportjournal.com\/wp-content\/uploads\/sites\/2\/2025\/09\/Logo_ITJ.png","width":799,"height":326,"caption":"Groupe Logismedia AG"},"image":{"@id":"https:\/\/transportjournal.com\/de\/#\/schema\/logo\/image\/"},"sameAs":["https:\/\/www.linkedin.com\/company\/56456496\/admin\/dashboard\/","https:\/\/www.instagram.com\/logismediagroup\/","https:\/\/www.youtube.com\/@LogiamediaGroupAG"]},{"@type":"Person","@id":"https:\/\/transportjournal.com\/de\/#\/schema\/person\/13a9fc605c753db60ef7750a229cd042","name":"Gyan Sharan","url":"https:\/\/transportjournal.com\/de\/author\/gyan\/"}]}},"_links":{"self":[{"href":"https:\/\/transportjournal.com\/de\/wp-json\/wp\/v2\/posts\/80303","targetHints":{"allow":["GET"]}}],"collection":[{"href":"https:\/\/transportjournal.com\/de\/wp-json\/wp\/v2\/posts"}],"about":[{"href":"https:\/\/transportjournal.com\/de\/wp-json\/wp\/v2\/types\/post"}],"author":[{"embeddable":true,"href":"https:\/\/transportjournal.com\/de\/wp-json\/wp\/v2\/users\/14"}],"replies":[{"embeddable":true,"href":"https:\/\/transportjournal.com\/de\/wp-json\/wp\/v2\/comments?post=80303"}],"version-history":[{"count":1,"href":"https:\/\/transportjournal.com\/de\/wp-json\/wp\/v2\/posts\/80303\/revisions"}],"predecessor-version":[{"id":80353,"href":"https:\/\/transportjournal.com\/de\/wp-json\/wp\/v2\/posts\/80303\/revisions\/80353"}],"wp:featuredmedia":[{"embeddable":true,"href":"https:\/\/transportjournal.com\/de\/wp-json\/wp\/v2\/media\/80302"}],"wp:attachment":[{"href":"https:\/\/transportjournal.com\/de\/wp-json\/wp\/v2\/media?parent=80303"}],"wp:term":[{"taxonomy":"category","embeddable":true,"href":"https:\/\/transportjournal.com\/de\/wp-json\/wp\/v2\/categories?post=80303"},{"taxonomy":"post_tag","embeddable":true,"href":"https:\/\/transportjournal.com\/de\/wp-json\/wp\/v2\/tags?post=80303"}],"curies":[{"name":"wp","href":"https:\/\/api.w.org\/{rel}","templated":true}]}}