{"id":80026,"date":"2026-03-09T16:56:15","date_gmt":"2026-03-09T16:56:15","guid":{"rendered":"https:\/\/transportjournal.com\/2026\/03\/09\/joe-lacek-neuer-vice-president-cargo\/"},"modified":"2026-03-10T11:17:13","modified_gmt":"2026-03-10T10:17:13","slug":"joe-lacek-neuer-vice-president-cargo","status":"publish","type":"post","link":"https:\/\/transportjournal.com\/de\/2026\/03\/09\/joe-lacek-neuer-vice-president-cargo\/","title":{"rendered":"Joe Lacek neuer Vice President Cargo"},"content":{"rendered":"<p>Hunt &amp; Palmer USA Inc. hat die Ernennung von Joe Lacek zum Vice President f\u00fcr US Cargo Charters bekannt gegeben. Diese Entscheidung soll die Position des Unternehmens im US-Frachtsegment st\u00e4rken. Lacek wird Teil des nordamerikanischen Managementteams des Unternehmens, das zur internationalen Luftfrachtgesellschaft Hunt &amp; Palmer PLC geh\u00f6rt.<\/p>\n<p>Jamie Peters, Director of Cargo bei Hunt &amp; Palmer, \u00e4usserte sich positiv \u00fcber die Neubesetzung: \u201eWir freuen uns, Joe im Team von Hunt &amp; Palmer willkommen zu heissen. Joe hat seine Karriere in der Luftfahrt bei einem angesehenen Wettbewerber begonnen, wo er acht Jahre t\u00e4tig war und in dieser Zeit ein kontinuierliches Wachstum in der Region nachweisen konnte. Sein umfassendes Wissen \u00fcber den nordamerikanischen Markt und sein respektierter Ruf in der Branche machen ihn zu einer idealen Erg\u00e4nzung f\u00fcr unsere Unternehmenswerte.\u201c<\/p>\n<p>Lacek selbst zeigte sich ebenfalls begeistert \u00fcber seine neue Rolle: \u201eIch freue mich, zu Hunt &amp; Palmer zu stossen. Ich habe das Unternehmen immer hoch gesch\u00e4tzt, und es baut weiterhin seinen globalen Ruf f\u00fcr Professionalit\u00e4t und Exzellenz aus. Mein Ziel ist es, sicherzustellen, dass Hunt &amp; Palmer der bevorzugte Broker f\u00fcr Kunden und Spediteure bleibt, die die besten Frachtcharter suchen, und das enorme Wachstumspotenzial in diesem Bereich zu nutzen.\u201c<\/p>\n<p>&nbsp;<\/p>\n<p><a href=\"https:\/\/www.huntandpalmer.com\/\" target=\"_blank\" rel=\"noopener noreferrer\">www.huntandpalmer.com<\/a><\/p>\n<p>&nbsp;<\/p>\n","protected":false},"excerpt":{"rendered":"<p>Hunt and Palmer USA Inc. hat Joe Lacek zum Vice President f\u00fcr US Cargo Charters ernannt, um die Marktposition im Frachtsegment zu st\u00e4rken.<\/p>\n","protected":false},"author":12,"featured_media":80025,"comment_status":"open","ping_status":"","sticky":false,"template":"","format":"standard","meta":{"_acf_changed":false,"footnotes":""},"categories":[1578,1570,1567],"tags":[25115,3447,3397,5891,25116,25117,25118,2112,25119,7917,25120,5089,25121,25122,25123,2811,25124,7925,25125,10504,7926,3234,25126,2952,5448,2123,3418,2125,2960,2961,25127,25128,2821,1831,2176,3423,25129,3472,3475,25130,25131,25132,2720,2829,25133,25134,25135,25136,2106,2839,1837,2157,25137,25138],"class_list":["post-80026","post","type-post","status-publish","format-standard","has-post-thumbnail","hentry","category-amerikas","category-luftfracht","category-wechsel-weltweit","tag-air-freight-company","tag-air-freight-market","tag-aviation-industry","tag-cargo-management","tag-cargo-management-strategies","tag-cargo-management-strategien","tag-charters-de-fret-aux-etats-unis","tag-corporate-leadership","tag-courtier-en-fret","tag-croissance-du-fret","tag-deutsch-hunt-palmer","tag-direction-dentreprise","tag-fachkraeftemangel-in-der-logistik-english-hunt-palmer","tag-frachtbroker","tag-frachtcharter-dienstleistungen","tag-frachtlogistik","tag-frachtsegment","tag-frachtwachstum","tag-freight-broker","tag-freight-charter-services","tag-freight-growth","tag-freight-logistics","tag-freight-segment","tag-fret-aerien-international","tag-gestion-de-fret","tag-gestion-de-la-chaine-dapprovisionnement","tag-industrie-aeronautique","tag-industrie-du-transport","tag-international-air-freight","tag-internationale-luftfracht","tag-joe-lacek","tag-labor-shortage-in-logistics-francais-hunt-palmer","tag-logistics-providers","tag-logistikdienstleister","tag-logistique-de-fret","tag-luftfahrtindustrie","tag-luftfrachtgesellschaft","tag-luftfrachtmarkt","tag-marche-du-fret-aerien","tag-marche-nord-americain","tag-nordamerikanischer-markt","tag-north-american-market","tag-penurie-de-main-doeuvre-dans-la-logistique","tag-prestataires-logistiques","tag-segment-de-fret","tag-services-de-charters-de-fret","tag-societe-de-fret-aerien","tag-strategies-de-gestion-de-fret","tag-supply-chain-management","tag-transportation-industry","tag-transportwirtschaft","tag-unternehmensfuehrung","tag-us-cargo-charters","tag-us-frachtcharter"],"acf":[],"yoast_head":"<!-- This site is optimized with the Yoast SEO plugin v27.3 - https:\/\/yoast.com\/product\/yoast-seo-wordpress\/ -->\n<title>Joe Lacek neuer Vice President Cargo - ITJ | International Transport Journal<\/title>\n<meta name=\"robots\" content=\"index, follow, max-snippet:-1, max-image-preview:large, max-video-preview:-1\" \/>\n<link rel=\"canonical\" href=\"https:\/\/transportjournal.com\/de\/2026\/03\/09\/joe-lacek-neuer-vice-president-cargo\/\" \/>\n<meta property=\"og:locale\" content=\"de_DE\" \/>\n<meta property=\"og:type\" content=\"article\" \/>\n<meta property=\"og:title\" content=\"Joe Lacek neuer Vice President Cargo - ITJ | International Transport Journal\" \/>\n<meta property=\"og:description\" content=\"Hunt and Palmer USA Inc. hat Joe Lacek zum Vice President f\u00fcr US Cargo Charters ernannt, um die Marktposition im Frachtsegment zu st\u00e4rken.\" \/>\n<meta property=\"og:url\" content=\"https:\/\/transportjournal.com\/de\/2026\/03\/09\/joe-lacek-neuer-vice-president-cargo\/\" \/>\n<meta property=\"og:site_name\" content=\"ITJ | International Transport Journal\" \/>\n<meta property=\"article:published_time\" content=\"2026-03-09T16:56:15+00:00\" \/>\n<meta property=\"article:modified_time\" content=\"2026-03-10T10:17:13+00:00\" \/>\n<meta property=\"og:image\" content=\"https:\/\/transportjournal.com\/wp-content\/uploads\/sites\/2\/2026\/03\/joe-lacek-headshot-2025-72dpi-1-aspect-ratio-1400-788.jpg\" \/>\n\t<meta property=\"og:image:width\" content=\"459\" \/>\n\t<meta property=\"og:image:height\" content=\"258\" \/>\n\t<meta property=\"og:image:type\" content=\"image\/jpeg\" \/>\n<meta name=\"author\" content=\"Andreas Haug\" \/>\n<meta name=\"twitter:card\" content=\"summary_large_image\" \/>\n<meta name=\"twitter:label1\" content=\"Verfasst von\" \/>\n\t<meta name=\"twitter:data1\" content=\"Andreas Haug\" \/>\n\t<meta name=\"twitter:label2\" content=\"Gesch\u00e4tzte Lesezeit\" \/>\n\t<meta name=\"twitter:data2\" content=\"1\u00a0Minute\" \/>\n<script type=\"application\/ld+json\" class=\"yoast-schema-graph\">{\"@context\":\"https:\\\/\\\/schema.org\",\"@graph\":[{\"@type\":\"Article\",\"@id\":\"https:\\\/\\\/transportjournal.com\\\/de\\\/2026\\\/03\\\/09\\\/joe-lacek-neuer-vice-president-cargo\\\/#article\",\"isPartOf\":{\"@id\":\"https:\\\/\\\/transportjournal.com\\\/de\\\/2026\\\/03\\\/09\\\/joe-lacek-neuer-vice-president-cargo\\\/\"},\"author\":{\"name\":\"Andreas Haug\",\"@id\":\"https:\\\/\\\/transportjournal.com\\\/de\\\/#\\\/schema\\\/person\\\/cf538b3157f15afd7589245a4b3dbd25\"},\"headline\":\"Joe Lacek neuer Vice President Cargo\",\"datePublished\":\"2026-03-09T16:56:15+00:00\",\"dateModified\":\"2026-03-10T10:17:13+00:00\",\"mainEntityOfPage\":{\"@id\":\"https:\\\/\\\/transportjournal.com\\\/de\\\/2026\\\/03\\\/09\\\/joe-lacek-neuer-vice-president-cargo\\\/\"},\"wordCount\":218,\"commentCount\":0,\"publisher\":{\"@id\":\"https:\\\/\\\/transportjournal.com\\\/de\\\/#organization\"},\"image\":{\"@id\":\"https:\\\/\\\/transportjournal.com\\\/de\\\/2026\\\/03\\\/09\\\/joe-lacek-neuer-vice-president-cargo\\\/#primaryimage\"},\"thumbnailUrl\":\"https:\\\/\\\/transportjournal.com\\\/wp-content\\\/uploads\\\/sites\\\/2\\\/2026\\\/03\\\/joe-lacek-headshot-2025-72dpi-1-aspect-ratio-1400-788.jpg\",\"keywords\":[\"air freight company\",\"air freight market\",\"aviation industry\",\"cargo management\",\"cargo management strategies\",\"Cargo-Management-Strategien\",\"charters de fret aux \u00c9tats-Unis\",\"corporate leadership\",\"courtier en fret\",\"croissance du fret\",\"Deutsch Hunt &amp; Palmer\",\"direction d'entreprise\",\"Fachkr\u00e4ftemangel in der Logistik English Hunt &amp; Palmer\",\"Frachtbroker\",\"Frachtcharter-Dienstleistungen\",\"Frachtlogistik\",\"Frachtsegment\",\"Frachtwachstum\",\"freight broker\",\"freight charter services\",\"freight growth\",\"freight logistics\",\"freight segment\",\"fret a\u00e9rien international\",\"gestion de fret\",\"gestion de la cha\u00eene d'approvisionnement\",\"industrie a\u00e9ronautique\",\"industrie du transport\",\"international air freight\",\"internationale Luftfracht\",\"Joe Lacek\",\"labor shortage in logistics Fran\u00e7ais Hunt &amp; Palmer\",\"logistics providers\",\"Logistikdienstleister\",\"logistique de fret\",\"Luftfahrtindustrie\",\"Luftfrachtgesellschaft\",\"Luftfrachtmarkt\",\"march\u00e9 du fret a\u00e9rien\",\"march\u00e9 nord-am\u00e9ricain\",\"nordamerikanischer Markt\",\"North American market\",\"p\u00e9nurie de main-d'\u0153uvre dans la logistique\",\"prestataires logistiques\",\"segment de fret\",\"services de charters de fret\",\"soci\u00e9t\u00e9 de fret a\u00e9rien\",\"strat\u00e9gies de gestion de fret\",\"Supply Chain Management\",\"transportation industry\",\"Transportwirtschaft\",\"Unternehmensf\u00fchrung\",\"US cargo charters\",\"US-Frachtcharter\"],\"articleSection\":[\"Amerikas\",\"Luftfracht\",\"Menschen &amp; Unternehmen\"],\"inLanguage\":\"de\",\"potentialAction\":[{\"@type\":\"CommentAction\",\"name\":\"Comment\",\"target\":[\"https:\\\/\\\/transportjournal.com\\\/de\\\/2026\\\/03\\\/09\\\/joe-lacek-neuer-vice-president-cargo\\\/#respond\"]}]},{\"@type\":\"WebPage\",\"@id\":\"https:\\\/\\\/transportjournal.com\\\/de\\\/2026\\\/03\\\/09\\\/joe-lacek-neuer-vice-president-cargo\\\/\",\"url\":\"https:\\\/\\\/transportjournal.com\\\/de\\\/2026\\\/03\\\/09\\\/joe-lacek-neuer-vice-president-cargo\\\/\",\"name\":\"Joe Lacek neuer Vice President Cargo - ITJ | International Transport Journal\",\"isPartOf\":{\"@id\":\"https:\\\/\\\/transportjournal.com\\\/de\\\/#website\"},\"primaryImageOfPage\":{\"@id\":\"https:\\\/\\\/transportjournal.com\\\/de\\\/2026\\\/03\\\/09\\\/joe-lacek-neuer-vice-president-cargo\\\/#primaryimage\"},\"image\":{\"@id\":\"https:\\\/\\\/transportjournal.com\\\/de\\\/2026\\\/03\\\/09\\\/joe-lacek-neuer-vice-president-cargo\\\/#primaryimage\"},\"thumbnailUrl\":\"https:\\\/\\\/transportjournal.com\\\/wp-content\\\/uploads\\\/sites\\\/2\\\/2026\\\/03\\\/joe-lacek-headshot-2025-72dpi-1-aspect-ratio-1400-788.jpg\",\"datePublished\":\"2026-03-09T16:56:15+00:00\",\"dateModified\":\"2026-03-10T10:17:13+00:00\",\"breadcrumb\":{\"@id\":\"https:\\\/\\\/transportjournal.com\\\/de\\\/2026\\\/03\\\/09\\\/joe-lacek-neuer-vice-president-cargo\\\/#breadcrumb\"},\"inLanguage\":\"de\",\"potentialAction\":[{\"@type\":\"ReadAction\",\"target\":[\"https:\\\/\\\/transportjournal.com\\\/de\\\/2026\\\/03\\\/09\\\/joe-lacek-neuer-vice-president-cargo\\\/\"]}]},{\"@type\":\"ImageObject\",\"inLanguage\":\"de\",\"@id\":\"https:\\\/\\\/transportjournal.com\\\/de\\\/2026\\\/03\\\/09\\\/joe-lacek-neuer-vice-president-cargo\\\/#primaryimage\",\"url\":\"https:\\\/\\\/transportjournal.com\\\/wp-content\\\/uploads\\\/sites\\\/2\\\/2026\\\/03\\\/joe-lacek-headshot-2025-72dpi-1-aspect-ratio-1400-788.jpg\",\"contentUrl\":\"https:\\\/\\\/transportjournal.com\\\/wp-content\\\/uploads\\\/sites\\\/2\\\/2026\\\/03\\\/joe-lacek-headshot-2025-72dpi-1-aspect-ratio-1400-788.jpg\",\"width\":459,\"height\":258},{\"@type\":\"BreadcrumbList\",\"@id\":\"https:\\\/\\\/transportjournal.com\\\/de\\\/2026\\\/03\\\/09\\\/joe-lacek-neuer-vice-president-cargo\\\/#breadcrumb\",\"itemListElement\":[{\"@type\":\"ListItem\",\"position\":1,\"name\":\"Startseite\",\"item\":\"https:\\\/\\\/transportjournal.com\\\/de\\\/\"},{\"@type\":\"ListItem\",\"position\":2,\"name\":\"Joe Lacek neuer Vice President Cargo\"}]},{\"@type\":\"WebSite\",\"@id\":\"https:\\\/\\\/transportjournal.com\\\/de\\\/#website\",\"url\":\"https:\\\/\\\/transportjournal.com\\\/de\\\/\",\"name\":\"ITJ | International Transport Journal\",\"description\":\"Stay informed with the latest global news from the transport, logistics, and supply chain industries. Transport Journal delivers expert insights, analysis, and updates across shipping, aviation, intermodal, and forwarding.\",\"publisher\":{\"@id\":\"https:\\\/\\\/transportjournal.com\\\/de\\\/#organization\"},\"potentialAction\":[{\"@type\":\"SearchAction\",\"target\":{\"@type\":\"EntryPoint\",\"urlTemplate\":\"https:\\\/\\\/transportjournal.com\\\/de\\\/?s={search_term_string}\"},\"query-input\":{\"@type\":\"PropertyValueSpecification\",\"valueRequired\":true,\"valueName\":\"search_term_string\"}}],\"inLanguage\":\"de\"},{\"@type\":\"Organization\",\"@id\":\"https:\\\/\\\/transportjournal.com\\\/de\\\/#organization\",\"name\":\"Groupe Logismedia AG\",\"alternateName\":\"Logismedia Group AG\",\"url\":\"https:\\\/\\\/transportjournal.com\\\/de\\\/\",\"logo\":{\"@type\":\"ImageObject\",\"inLanguage\":\"de\",\"@id\":\"https:\\\/\\\/transportjournal.com\\\/de\\\/#\\\/schema\\\/logo\\\/image\\\/\",\"url\":\"https:\\\/\\\/transportjournal.com\\\/wp-content\\\/uploads\\\/sites\\\/2\\\/2025\\\/09\\\/Logo_ITJ.png\",\"contentUrl\":\"https:\\\/\\\/transportjournal.com\\\/wp-content\\\/uploads\\\/sites\\\/2\\\/2025\\\/09\\\/Logo_ITJ.png\",\"width\":799,\"height\":326,\"caption\":\"Groupe Logismedia AG\"},\"image\":{\"@id\":\"https:\\\/\\\/transportjournal.com\\\/de\\\/#\\\/schema\\\/logo\\\/image\\\/\"},\"sameAs\":[\"https:\\\/\\\/www.linkedin.com\\\/company\\\/56456496\\\/admin\\\/dashboard\\\/\",\"https:\\\/\\\/www.instagram.com\\\/logismediagroup\\\/\",\"https:\\\/\\\/www.youtube.com\\\/@LogiamediaGroupAG\"]},{\"@type\":\"Person\",\"@id\":\"https:\\\/\\\/transportjournal.com\\\/de\\\/#\\\/schema\\\/person\\\/cf538b3157f15afd7589245a4b3dbd25\",\"name\":\"Andreas Haug\",\"url\":\"https:\\\/\\\/transportjournal.com\\\/de\\\/author\\\/andreas\\\/\"}]}<\/script>\n<!-- \/ Yoast SEO plugin. -->","yoast_head_json":{"title":"Joe Lacek neuer Vice President Cargo - ITJ | International Transport Journal","robots":{"index":"index","follow":"follow","max-snippet":"max-snippet:-1","max-image-preview":"max-image-preview:large","max-video-preview":"max-video-preview:-1"},"canonical":"https:\/\/transportjournal.com\/de\/2026\/03\/09\/joe-lacek-neuer-vice-president-cargo\/","og_locale":"de_DE","og_type":"article","og_title":"Joe Lacek neuer Vice President Cargo - ITJ | International Transport Journal","og_description":"Hunt and Palmer USA Inc. hat Joe Lacek zum Vice President f\u00fcr US Cargo Charters ernannt, um die Marktposition im Frachtsegment zu st\u00e4rken.","og_url":"https:\/\/transportjournal.com\/de\/2026\/03\/09\/joe-lacek-neuer-vice-president-cargo\/","og_site_name":"ITJ | International Transport Journal","article_published_time":"2026-03-09T16:56:15+00:00","article_modified_time":"2026-03-10T10:17:13+00:00","og_image":[{"width":459,"height":258,"url":"https:\/\/transportjournal.com\/wp-content\/uploads\/sites\/2\/2026\/03\/joe-lacek-headshot-2025-72dpi-1-aspect-ratio-1400-788.jpg","type":"image\/jpeg"}],"author":"Andreas Haug","twitter_card":"summary_large_image","twitter_misc":{"Verfasst von":"Andreas Haug","Gesch\u00e4tzte Lesezeit":"1\u00a0Minute"},"schema":{"@context":"https:\/\/schema.org","@graph":[{"@type":"Article","@id":"https:\/\/transportjournal.com\/de\/2026\/03\/09\/joe-lacek-neuer-vice-president-cargo\/#article","isPartOf":{"@id":"https:\/\/transportjournal.com\/de\/2026\/03\/09\/joe-lacek-neuer-vice-president-cargo\/"},"author":{"name":"Andreas Haug","@id":"https:\/\/transportjournal.com\/de\/#\/schema\/person\/cf538b3157f15afd7589245a4b3dbd25"},"headline":"Joe Lacek neuer Vice President Cargo","datePublished":"2026-03-09T16:56:15+00:00","dateModified":"2026-03-10T10:17:13+00:00","mainEntityOfPage":{"@id":"https:\/\/transportjournal.com\/de\/2026\/03\/09\/joe-lacek-neuer-vice-president-cargo\/"},"wordCount":218,"commentCount":0,"publisher":{"@id":"https:\/\/transportjournal.com\/de\/#organization"},"image":{"@id":"https:\/\/transportjournal.com\/de\/2026\/03\/09\/joe-lacek-neuer-vice-president-cargo\/#primaryimage"},"thumbnailUrl":"https:\/\/transportjournal.com\/wp-content\/uploads\/sites\/2\/2026\/03\/joe-lacek-headshot-2025-72dpi-1-aspect-ratio-1400-788.jpg","keywords":["air freight company","air freight market","aviation industry","cargo management","cargo management strategies","Cargo-Management-Strategien","charters de fret aux \u00c9tats-Unis","corporate leadership","courtier en fret","croissance du fret","Deutsch Hunt &amp; Palmer","direction d'entreprise","Fachkr\u00e4ftemangel in der Logistik English Hunt &amp; Palmer","Frachtbroker","Frachtcharter-Dienstleistungen","Frachtlogistik","Frachtsegment","Frachtwachstum","freight broker","freight charter services","freight growth","freight logistics","freight segment","fret a\u00e9rien international","gestion de fret","gestion de la cha\u00eene d'approvisionnement","industrie a\u00e9ronautique","industrie du transport","international air freight","internationale Luftfracht","Joe Lacek","labor shortage in logistics Fran\u00e7ais Hunt &amp; Palmer","logistics providers","Logistikdienstleister","logistique de fret","Luftfahrtindustrie","Luftfrachtgesellschaft","Luftfrachtmarkt","march\u00e9 du fret a\u00e9rien","march\u00e9 nord-am\u00e9ricain","nordamerikanischer Markt","North American market","p\u00e9nurie de main-d'\u0153uvre dans la logistique","prestataires logistiques","segment de fret","services de charters de fret","soci\u00e9t\u00e9 de fret a\u00e9rien","strat\u00e9gies de gestion de fret","Supply Chain Management","transportation industry","Transportwirtschaft","Unternehmensf\u00fchrung","US cargo charters","US-Frachtcharter"],"articleSection":["Amerikas","Luftfracht","Menschen &amp; Unternehmen"],"inLanguage":"de","potentialAction":[{"@type":"CommentAction","name":"Comment","target":["https:\/\/transportjournal.com\/de\/2026\/03\/09\/joe-lacek-neuer-vice-president-cargo\/#respond"]}]},{"@type":"WebPage","@id":"https:\/\/transportjournal.com\/de\/2026\/03\/09\/joe-lacek-neuer-vice-president-cargo\/","url":"https:\/\/transportjournal.com\/de\/2026\/03\/09\/joe-lacek-neuer-vice-president-cargo\/","name":"Joe Lacek neuer Vice President Cargo - ITJ | International Transport Journal","isPartOf":{"@id":"https:\/\/transportjournal.com\/de\/#website"},"primaryImageOfPage":{"@id":"https:\/\/transportjournal.com\/de\/2026\/03\/09\/joe-lacek-neuer-vice-president-cargo\/#primaryimage"},"image":{"@id":"https:\/\/transportjournal.com\/de\/2026\/03\/09\/joe-lacek-neuer-vice-president-cargo\/#primaryimage"},"thumbnailUrl":"https:\/\/transportjournal.com\/wp-content\/uploads\/sites\/2\/2026\/03\/joe-lacek-headshot-2025-72dpi-1-aspect-ratio-1400-788.jpg","datePublished":"2026-03-09T16:56:15+00:00","dateModified":"2026-03-10T10:17:13+00:00","breadcrumb":{"@id":"https:\/\/transportjournal.com\/de\/2026\/03\/09\/joe-lacek-neuer-vice-president-cargo\/#breadcrumb"},"inLanguage":"de","potentialAction":[{"@type":"ReadAction","target":["https:\/\/transportjournal.com\/de\/2026\/03\/09\/joe-lacek-neuer-vice-president-cargo\/"]}]},{"@type":"ImageObject","inLanguage":"de","@id":"https:\/\/transportjournal.com\/de\/2026\/03\/09\/joe-lacek-neuer-vice-president-cargo\/#primaryimage","url":"https:\/\/transportjournal.com\/wp-content\/uploads\/sites\/2\/2026\/03\/joe-lacek-headshot-2025-72dpi-1-aspect-ratio-1400-788.jpg","contentUrl":"https:\/\/transportjournal.com\/wp-content\/uploads\/sites\/2\/2026\/03\/joe-lacek-headshot-2025-72dpi-1-aspect-ratio-1400-788.jpg","width":459,"height":258},{"@type":"BreadcrumbList","@id":"https:\/\/transportjournal.com\/de\/2026\/03\/09\/joe-lacek-neuer-vice-president-cargo\/#breadcrumb","itemListElement":[{"@type":"ListItem","position":1,"name":"Startseite","item":"https:\/\/transportjournal.com\/de\/"},{"@type":"ListItem","position":2,"name":"Joe Lacek neuer Vice President Cargo"}]},{"@type":"WebSite","@id":"https:\/\/transportjournal.com\/de\/#website","url":"https:\/\/transportjournal.com\/de\/","name":"ITJ | International Transport Journal","description":"Stay informed with the latest global news from the transport, logistics, and supply chain industries. Transport Journal delivers expert insights, analysis, and updates across shipping, aviation, intermodal, and forwarding.","publisher":{"@id":"https:\/\/transportjournal.com\/de\/#organization"},"potentialAction":[{"@type":"SearchAction","target":{"@type":"EntryPoint","urlTemplate":"https:\/\/transportjournal.com\/de\/?s={search_term_string}"},"query-input":{"@type":"PropertyValueSpecification","valueRequired":true,"valueName":"search_term_string"}}],"inLanguage":"de"},{"@type":"Organization","@id":"https:\/\/transportjournal.com\/de\/#organization","name":"Groupe Logismedia AG","alternateName":"Logismedia Group AG","url":"https:\/\/transportjournal.com\/de\/","logo":{"@type":"ImageObject","inLanguage":"de","@id":"https:\/\/transportjournal.com\/de\/#\/schema\/logo\/image\/","url":"https:\/\/transportjournal.com\/wp-content\/uploads\/sites\/2\/2025\/09\/Logo_ITJ.png","contentUrl":"https:\/\/transportjournal.com\/wp-content\/uploads\/sites\/2\/2025\/09\/Logo_ITJ.png","width":799,"height":326,"caption":"Groupe Logismedia AG"},"image":{"@id":"https:\/\/transportjournal.com\/de\/#\/schema\/logo\/image\/"},"sameAs":["https:\/\/www.linkedin.com\/company\/56456496\/admin\/dashboard\/","https:\/\/www.instagram.com\/logismediagroup\/","https:\/\/www.youtube.com\/@LogiamediaGroupAG"]},{"@type":"Person","@id":"https:\/\/transportjournal.com\/de\/#\/schema\/person\/cf538b3157f15afd7589245a4b3dbd25","name":"Andreas Haug","url":"https:\/\/transportjournal.com\/de\/author\/andreas\/"}]}},"_links":{"self":[{"href":"https:\/\/transportjournal.com\/de\/wp-json\/wp\/v2\/posts\/80026","targetHints":{"allow":["GET"]}}],"collection":[{"href":"https:\/\/transportjournal.com\/de\/wp-json\/wp\/v2\/posts"}],"about":[{"href":"https:\/\/transportjournal.com\/de\/wp-json\/wp\/v2\/types\/post"}],"author":[{"embeddable":true,"href":"https:\/\/transportjournal.com\/de\/wp-json\/wp\/v2\/users\/12"}],"replies":[{"embeddable":true,"href":"https:\/\/transportjournal.com\/de\/wp-json\/wp\/v2\/comments?post=80026"}],"version-history":[{"count":1,"href":"https:\/\/transportjournal.com\/de\/wp-json\/wp\/v2\/posts\/80026\/revisions"}],"predecessor-version":[{"id":80186,"href":"https:\/\/transportjournal.com\/de\/wp-json\/wp\/v2\/posts\/80026\/revisions\/80186"}],"wp:featuredmedia":[{"embeddable":true,"href":"https:\/\/transportjournal.com\/de\/wp-json\/wp\/v2\/media\/80025"}],"wp:attachment":[{"href":"https:\/\/transportjournal.com\/de\/wp-json\/wp\/v2\/media?parent=80026"}],"wp:term":[{"taxonomy":"category","embeddable":true,"href":"https:\/\/transportjournal.com\/de\/wp-json\/wp\/v2\/categories?post=80026"},{"taxonomy":"post_tag","embeddable":true,"href":"https:\/\/transportjournal.com\/de\/wp-json\/wp\/v2\/tags?post=80026"}],"curies":[{"name":"wp","href":"https:\/\/api.w.org\/{rel}","templated":true}]}}