{"id":80018,"date":"2026-03-09T16:37:57","date_gmt":"2026-03-09T16:37:57","guid":{"rendered":"https:\/\/transportjournal.com\/2026\/03\/09\/fiata-und-spedlogswiss-vertiefen-kooperation\/"},"modified":"2026-03-09T16:37:57","modified_gmt":"2026-03-09T16:37:57","slug":"fiata-und-spedlogswiss-vertiefen-kooperation","status":"publish","type":"post","link":"https:\/\/transportjournal.com\/de\/2026\/03\/09\/fiata-und-spedlogswiss-vertiefen-kooperation\/","title":{"rendered":"FIATA und SPEDLOGSWISS vertiefen Kooperation"},"content":{"rendered":"<p>Im Rahmen eines offiziellen Besuchs in der FIATA-Zentrale in Genf haben der FIATA-Generaldirektor Dr. St\u00e9phane Graber sowie das FIATA-Team den Direktor von SPEDLOGSWISS, Thomas Schwarzenbach, und den Manager f\u00fcr Zoll und Spedition, Tom Odermatt, empfangen. Der Austausch diente der Vertiefung der Zusammenarbeit zwischen den beiden Organisationen und umfasste eine Vielzahl von Themen.<\/p>\n<p>Ein zentraler Punkt der Gespr\u00e4che war die rechtliche Thematik rund um das Negotiable Cargo Document (NCD) Convention, das im Dezember 2025 von den Vereinten Nationen angenommen wurde. FIATA unterst\u00fctzte aktiv die Verabschiedung dieses Dokuments, das f\u00fcr die Schweiz und andere Binnenl\u00e4nder von Bedeutung ist. Andrea Tang, Direktorin der Rechtsabteilung von FIATA, gab einen \u00dcberblick \u00fcber die Konvention und die damit verbundenen Erwartungen an SPEDLOGSWISS, insbesondere in Bezug auf die Zusammenarbeit mit den Schweizer Beh\u00f6rden.<\/p>\n<h3>Ausbildung und Weiterbildung im Fokus<\/h3>\n<p>Ein weiterer wichtiger Aspekt der Diskussion war die Ausbildung. Sofia Aiche, Leiterin f\u00fcr Ausbildung und Programme bei FIATA, sprach \u00fcber das Lehrstellenangebot von SPEDLOGSWISS sowie die Vergabe des FIATA-Diploms. Die Gespr\u00e4che beinhalteten auch die Angleichung an die Mindeststandards von FIATA und die Teilnahme von SPEDLOGSWISS am Young Logistics Professionals (YLP) Award. Es wurde vereinbart, dass die Leiterin f\u00fcr Ausbildung und Programme in naher Zukunft Basel besuchen wird, um die Kooperation zwischen FIATA und SPEDLOGSWISS weiter zu st\u00e4rken.<\/p>\n<p>Zus\u00e4tzlich wurde die zuk\u00fcnftige Vertretung und Mitwirkung von SPEDLOGSWISS innerhalb von FIATA thematisiert. Der Generaldirektor betonte die Bedeutung der institutionellen Vertretung und der aktiven Beteiligung der Mitgliedsverb\u00e4nde an der strategischen Ausrichtung von FIATA. Ein Update zur FIATA-Governance wurde gegeben, wobei die Rolle des FIATA Extended Board als beratendes Forum hervorgehoben wurde. Dieses Gremium ist verantwortlich f\u00fcr die Koordination der Aktivit\u00e4ten und Programme von FIATA und spielt eine zentrale Rolle bei der Entwicklung neuer Ideen und Initiativen.<\/p>\n<h3>Kommunikation und zuk\u00fcnftige Initiativen<\/h3>\n<p>Die Gespr\u00e4che f\u00fchrten auch zu \u00dcberlegungen zur Verbesserung der Kommunikationskooperation zwischen FIATA und SPEDLOGSWISS, um die Sichtbarkeit der Arbeit von FIATA innerhalb der Schweizer Logistikgemeinschaft zu erh\u00f6hen. Die Kommunikationsbeauftragten beider Organisationen werden in den kommenden Wochen zusammenarbeiten, um konkrete Kommunikationsinitiativen zu entwickeln.<\/p>\n<p>FIATA bedankt sich ausdr\u00fccklich bei Thomas Schwarzenbach f\u00fcr sein langj\u00e4hriges Engagement und seine Unterst\u00fctzung. Obwohl er im Juli von seiner Position als Direktor von SPEDLOGSWISS zur\u00fccktritt, wird sein Beitrag zur Organisation sehr gesch\u00e4tzt. FIATA w\u00fcrdigt insbesondere seine Rolle bei der Vorbereitung eines reibungslosen \u00dcbergangs zu seinem Nachfolger, um sicherzustellen, dass FIATA und SPEDLOGSWISS, die 1926 zu den Gr\u00fcndungsmitgliedern von FIATA geh\u00f6rte, weiterhin auf die sich wandelnden globalen Erwartungen und Gesch\u00e4ftspraktiken reagieren k\u00f6nnen.<\/p>\n<p>&nbsp;<\/p>\n<p><a href=\"https:\/\/fiata.org\/\" target=\"_blank\" rel=\"noopener noreferrer\">www.fiata.org<\/a><\/p>\n<p>&nbsp;<\/p>\n<p><a href=\"https:\/\/spedlogswiss.com\/\" target=\"_blank\" rel=\"noopener noreferrer\">www.spedlogswiss.com<\/a><\/p>\n<p>&nbsp;<\/p>\n","protected":false},"excerpt":{"rendered":"<p>FIATA und SPEDLOGSWISS haben ihre Zusammenarbeit bei einem Treffen in Genf vertieft und zahlreiche Themen, einschliesslich Ausbildung und rechtlicher Aspekte, besprochen.<\/p>\n","protected":false},"author":12,"featured_media":80017,"comment_status":"open","ping_status":"","sticky":false,"template":"","format":"standard","meta":{"_acf_changed":false,"footnotes":""},"categories":[1575,11110,1569],"tags":[8994,7784,7785,25085,25086,25087,25088,25089,25090,2115,2116,25091,25092,2117,25093,25094,25095,25096,25097,9013,2123,25098,2125,25099,25100,25101,25102,2131,2134,2136,25103,25104,2140,25105,25106,25107,25108,25109,2106,25110,25111,9031,2155,1837,25112,25113,25114,7829],"class_list":["post-80018","post","type-post","status-publish","format-standard","has-post-thumbnail","hentry","category-europa","category-schweiz","category-logistik-spedition","tag-ausbildung-in-der-logistik","tag-collaboration-en-logistique","tag-collaboration-in-logistics","tag-communaute-logistique-suisse","tag-communication-cooperation","tag-continuing-education-in-logistics","tag-cooperation-en-communication","tag-customs-and-forwarding","tag-deutsch-fiata","tag-digitalisierung-in-der-logistik","tag-digitalization-in-logistics","tag-diplome-fiata","tag-douane-et-expedition","tag-durabilite-en-logistique","tag-fiata-diploma","tag-fiata-extended-board","tag-fiata-diplom","tag-fiata-governance","tag-formation-continue-en-logistique","tag-formation-en-logistique","tag-gestion-de-la-chaine-dapprovisionnement","tag-gouvernance-de-fiata","tag-industrie-du-transport","tag-institutional-representation","tag-institutionelle-vertretung","tag-kommunikationskooperation","tag-legal-issues-in-logistics","tag-logistics","tag-logistik","tag-logistique","tag-nachhaltigkeit-in-der-logistik-english-fiata","tag-negotiable-cargo-document","tag-numerisation-en-logistique","tag-questions-juridiques-en-logistique","tag-rechtliche-themen-in-der-logistik","tag-representation-institutionnelle","tag-schweizer-logistikgemeinschaft","tag-spedlogswiss","tag-supply-chain-management","tag-sustainability-in-logistics-francais-fiata","tag-swiss-logistics-community","tag-training-in-logistics","tag-transport-industry","tag-transportwirtschaft","tag-weiterbildung-in-der-logistik","tag-young-logistics-professionals","tag-zoll-und-spedition","tag-zusammenarbeit-in-der-logistik"],"acf":[],"yoast_head":"<!-- This site is optimized with the Yoast SEO plugin v27.3 - https:\/\/yoast.com\/product\/yoast-seo-wordpress\/ -->\n<title>FIATA und SPEDLOGSWISS vertiefen Kooperation - ITJ | International Transport Journal<\/title>\n<meta name=\"robots\" content=\"index, follow, max-snippet:-1, max-image-preview:large, max-video-preview:-1\" \/>\n<link rel=\"canonical\" href=\"https:\/\/transportjournal.com\/de\/2026\/03\/09\/fiata-und-spedlogswiss-vertiefen-kooperation\/\" \/>\n<meta property=\"og:locale\" content=\"de_DE\" \/>\n<meta property=\"og:type\" content=\"article\" \/>\n<meta property=\"og:title\" content=\"FIATA und SPEDLOGSWISS vertiefen Kooperation - ITJ | International Transport Journal\" \/>\n<meta property=\"og:description\" content=\"FIATA und SPEDLOGSWISS haben ihre Zusammenarbeit bei einem Treffen in Genf vertieft und zahlreiche Themen, einschliesslich Ausbildung und rechtlicher Aspekte, besprochen.\" \/>\n<meta property=\"og:url\" content=\"https:\/\/transportjournal.com\/de\/2026\/03\/09\/fiata-und-spedlogswiss-vertiefen-kooperation\/\" \/>\n<meta property=\"og:site_name\" content=\"ITJ | International Transport Journal\" \/>\n<meta property=\"article:published_time\" content=\"2026-03-09T16:37:57+00:00\" \/>\n<meta property=\"og:image\" content=\"https:\/\/transportjournal.com\/wp-content\/uploads\/sites\/2\/2026\/03\/Fiata-348473658_281609737542825_5414589192928242460_n-aspect-ratio-1400-788.png\" \/>\n\t<meta property=\"og:image:width\" content=\"1636\" \/>\n\t<meta property=\"og:image:height\" content=\"920\" \/>\n\t<meta property=\"og:image:type\" content=\"image\/png\" \/>\n<meta name=\"author\" content=\"Andreas Haug\" \/>\n<meta name=\"twitter:card\" content=\"summary_large_image\" \/>\n<meta name=\"twitter:label1\" content=\"Verfasst von\" \/>\n\t<meta name=\"twitter:data1\" content=\"Andreas Haug\" \/>\n\t<meta name=\"twitter:label2\" content=\"Gesch\u00e4tzte Lesezeit\" \/>\n\t<meta name=\"twitter:data2\" content=\"2\u00a0Minute\" \/>\n<script type=\"application\/ld+json\" class=\"yoast-schema-graph\">{\"@context\":\"https:\\\/\\\/schema.org\",\"@graph\":[{\"@type\":\"Article\",\"@id\":\"https:\\\/\\\/transportjournal.com\\\/de\\\/2026\\\/03\\\/09\\\/fiata-und-spedlogswiss-vertiefen-kooperation\\\/#article\",\"isPartOf\":{\"@id\":\"https:\\\/\\\/transportjournal.com\\\/de\\\/2026\\\/03\\\/09\\\/fiata-und-spedlogswiss-vertiefen-kooperation\\\/\"},\"author\":{\"name\":\"Andreas Haug\",\"@id\":\"https:\\\/\\\/transportjournal.com\\\/de\\\/#\\\/schema\\\/person\\\/cf538b3157f15afd7589245a4b3dbd25\"},\"headline\":\"FIATA und SPEDLOGSWISS vertiefen Kooperation\",\"datePublished\":\"2026-03-09T16:37:57+00:00\",\"mainEntityOfPage\":{\"@id\":\"https:\\\/\\\/transportjournal.com\\\/de\\\/2026\\\/03\\\/09\\\/fiata-und-spedlogswiss-vertiefen-kooperation\\\/\"},\"wordCount\":445,\"commentCount\":0,\"publisher\":{\"@id\":\"https:\\\/\\\/transportjournal.com\\\/de\\\/#organization\"},\"image\":{\"@id\":\"https:\\\/\\\/transportjournal.com\\\/de\\\/2026\\\/03\\\/09\\\/fiata-und-spedlogswiss-vertiefen-kooperation\\\/#primaryimage\"},\"thumbnailUrl\":\"https:\\\/\\\/transportjournal.com\\\/wp-content\\\/uploads\\\/sites\\\/2\\\/2026\\\/03\\\/Fiata-348473658_281609737542825_5414589192928242460_n-aspect-ratio-1400-788.png\",\"keywords\":[\"Ausbildung in der Logistik\",\"collaboration en logistique\",\"collaboration in logistics\",\"communaut\u00e9 logistique suisse\",\"communication cooperation\",\"continuing education in logistics\",\"coop\u00e9ration en communication\",\"customs and forwarding\",\"Deutsch FIATA\",\"Digitalisierung in der Logistik\",\"digitalization in logistics\",\"dipl\u00f4me FIATA\",\"douane et exp\u00e9dition\",\"durabilit\u00e9 en logistique\",\"FIATA diploma\",\"FIATA Extended Board\",\"FIATA-Diplom\",\"FIATA-Governance\",\"formation continue en logistique\",\"formation en logistique\",\"gestion de la cha\u00eene d'approvisionnement\",\"gouvernance de FIATA\",\"industrie du transport\",\"institutional representation\",\"institutionelle Vertretung\",\"Kommunikationskooperation\",\"legal issues in logistics\",\"logistics\",\"Logistik\",\"logistique\",\"Nachhaltigkeit in der Logistik English FIATA\",\"Negotiable Cargo Document\",\"num\u00e9risation en logistique\",\"questions juridiques en logistique\",\"rechtliche Themen in der Logistik\",\"repr\u00e9sentation institutionnelle\",\"Schweizer Logistikgemeinschaft\",\"SPEDLOGSWISS\",\"Supply Chain Management\",\"sustainability in logistics Fran\u00e7ais FIATA\",\"Swiss logistics community\",\"training in logistics\",\"transport industry\",\"Transportwirtschaft\",\"Weiterbildung in der Logistik\",\"Young Logistics Professionals\",\"Zoll und Spedition\",\"Zusammenarbeit in der Logistik\"],\"articleSection\":[\"Europa\",\"Schweiz\",\"Spedition &amp; Logistik\"],\"inLanguage\":\"de\",\"potentialAction\":[{\"@type\":\"CommentAction\",\"name\":\"Comment\",\"target\":[\"https:\\\/\\\/transportjournal.com\\\/de\\\/2026\\\/03\\\/09\\\/fiata-und-spedlogswiss-vertiefen-kooperation\\\/#respond\"]}]},{\"@type\":\"WebPage\",\"@id\":\"https:\\\/\\\/transportjournal.com\\\/de\\\/2026\\\/03\\\/09\\\/fiata-und-spedlogswiss-vertiefen-kooperation\\\/\",\"url\":\"https:\\\/\\\/transportjournal.com\\\/de\\\/2026\\\/03\\\/09\\\/fiata-und-spedlogswiss-vertiefen-kooperation\\\/\",\"name\":\"FIATA und SPEDLOGSWISS vertiefen Kooperation - ITJ | International Transport Journal\",\"isPartOf\":{\"@id\":\"https:\\\/\\\/transportjournal.com\\\/de\\\/#website\"},\"primaryImageOfPage\":{\"@id\":\"https:\\\/\\\/transportjournal.com\\\/de\\\/2026\\\/03\\\/09\\\/fiata-und-spedlogswiss-vertiefen-kooperation\\\/#primaryimage\"},\"image\":{\"@id\":\"https:\\\/\\\/transportjournal.com\\\/de\\\/2026\\\/03\\\/09\\\/fiata-und-spedlogswiss-vertiefen-kooperation\\\/#primaryimage\"},\"thumbnailUrl\":\"https:\\\/\\\/transportjournal.com\\\/wp-content\\\/uploads\\\/sites\\\/2\\\/2026\\\/03\\\/Fiata-348473658_281609737542825_5414589192928242460_n-aspect-ratio-1400-788.png\",\"datePublished\":\"2026-03-09T16:37:57+00:00\",\"breadcrumb\":{\"@id\":\"https:\\\/\\\/transportjournal.com\\\/de\\\/2026\\\/03\\\/09\\\/fiata-und-spedlogswiss-vertiefen-kooperation\\\/#breadcrumb\"},\"inLanguage\":\"de\",\"potentialAction\":[{\"@type\":\"ReadAction\",\"target\":[\"https:\\\/\\\/transportjournal.com\\\/de\\\/2026\\\/03\\\/09\\\/fiata-und-spedlogswiss-vertiefen-kooperation\\\/\"]}]},{\"@type\":\"ImageObject\",\"inLanguage\":\"de\",\"@id\":\"https:\\\/\\\/transportjournal.com\\\/de\\\/2026\\\/03\\\/09\\\/fiata-und-spedlogswiss-vertiefen-kooperation\\\/#primaryimage\",\"url\":\"https:\\\/\\\/transportjournal.com\\\/wp-content\\\/uploads\\\/sites\\\/2\\\/2026\\\/03\\\/Fiata-348473658_281609737542825_5414589192928242460_n-aspect-ratio-1400-788.png\",\"contentUrl\":\"https:\\\/\\\/transportjournal.com\\\/wp-content\\\/uploads\\\/sites\\\/2\\\/2026\\\/03\\\/Fiata-348473658_281609737542825_5414589192928242460_n-aspect-ratio-1400-788.png\",\"width\":1636,\"height\":920},{\"@type\":\"BreadcrumbList\",\"@id\":\"https:\\\/\\\/transportjournal.com\\\/de\\\/2026\\\/03\\\/09\\\/fiata-und-spedlogswiss-vertiefen-kooperation\\\/#breadcrumb\",\"itemListElement\":[{\"@type\":\"ListItem\",\"position\":1,\"name\":\"Startseite\",\"item\":\"https:\\\/\\\/transportjournal.com\\\/de\\\/\"},{\"@type\":\"ListItem\",\"position\":2,\"name\":\"FIATA und SPEDLOGSWISS vertiefen Kooperation\"}]},{\"@type\":\"WebSite\",\"@id\":\"https:\\\/\\\/transportjournal.com\\\/de\\\/#website\",\"url\":\"https:\\\/\\\/transportjournal.com\\\/de\\\/\",\"name\":\"ITJ | International Transport Journal\",\"description\":\"Stay informed with the latest global news from the transport, logistics, and supply chain industries. Transport Journal delivers expert insights, analysis, and updates across shipping, aviation, intermodal, and forwarding.\",\"publisher\":{\"@id\":\"https:\\\/\\\/transportjournal.com\\\/de\\\/#organization\"},\"potentialAction\":[{\"@type\":\"SearchAction\",\"target\":{\"@type\":\"EntryPoint\",\"urlTemplate\":\"https:\\\/\\\/transportjournal.com\\\/de\\\/?s={search_term_string}\"},\"query-input\":{\"@type\":\"PropertyValueSpecification\",\"valueRequired\":true,\"valueName\":\"search_term_string\"}}],\"inLanguage\":\"de\"},{\"@type\":\"Organization\",\"@id\":\"https:\\\/\\\/transportjournal.com\\\/de\\\/#organization\",\"name\":\"Groupe Logismedia AG\",\"alternateName\":\"Logismedia Group AG\",\"url\":\"https:\\\/\\\/transportjournal.com\\\/de\\\/\",\"logo\":{\"@type\":\"ImageObject\",\"inLanguage\":\"de\",\"@id\":\"https:\\\/\\\/transportjournal.com\\\/de\\\/#\\\/schema\\\/logo\\\/image\\\/\",\"url\":\"https:\\\/\\\/transportjournal.com\\\/wp-content\\\/uploads\\\/sites\\\/2\\\/2025\\\/09\\\/Logo_ITJ.png\",\"contentUrl\":\"https:\\\/\\\/transportjournal.com\\\/wp-content\\\/uploads\\\/sites\\\/2\\\/2025\\\/09\\\/Logo_ITJ.png\",\"width\":799,\"height\":326,\"caption\":\"Groupe Logismedia AG\"},\"image\":{\"@id\":\"https:\\\/\\\/transportjournal.com\\\/de\\\/#\\\/schema\\\/logo\\\/image\\\/\"},\"sameAs\":[\"https:\\\/\\\/www.linkedin.com\\\/company\\\/56456496\\\/admin\\\/dashboard\\\/\",\"https:\\\/\\\/www.instagram.com\\\/logismediagroup\\\/\",\"https:\\\/\\\/www.youtube.com\\\/@LogiamediaGroupAG\"]},{\"@type\":\"Person\",\"@id\":\"https:\\\/\\\/transportjournal.com\\\/de\\\/#\\\/schema\\\/person\\\/cf538b3157f15afd7589245a4b3dbd25\",\"name\":\"Andreas Haug\",\"url\":\"https:\\\/\\\/transportjournal.com\\\/de\\\/author\\\/andreas\\\/\"}]}<\/script>\n<!-- \/ Yoast SEO plugin. -->","yoast_head_json":{"title":"FIATA und SPEDLOGSWISS vertiefen Kooperation - ITJ | International Transport Journal","robots":{"index":"index","follow":"follow","max-snippet":"max-snippet:-1","max-image-preview":"max-image-preview:large","max-video-preview":"max-video-preview:-1"},"canonical":"https:\/\/transportjournal.com\/de\/2026\/03\/09\/fiata-und-spedlogswiss-vertiefen-kooperation\/","og_locale":"de_DE","og_type":"article","og_title":"FIATA und SPEDLOGSWISS vertiefen Kooperation - ITJ | International Transport Journal","og_description":"FIATA und SPEDLOGSWISS haben ihre Zusammenarbeit bei einem Treffen in Genf vertieft und zahlreiche Themen, einschliesslich Ausbildung und rechtlicher Aspekte, besprochen.","og_url":"https:\/\/transportjournal.com\/de\/2026\/03\/09\/fiata-und-spedlogswiss-vertiefen-kooperation\/","og_site_name":"ITJ | International Transport Journal","article_published_time":"2026-03-09T16:37:57+00:00","og_image":[{"width":1636,"height":920,"url":"https:\/\/transportjournal.com\/wp-content\/uploads\/sites\/2\/2026\/03\/Fiata-348473658_281609737542825_5414589192928242460_n-aspect-ratio-1400-788.png","type":"image\/png"}],"author":"Andreas Haug","twitter_card":"summary_large_image","twitter_misc":{"Verfasst von":"Andreas Haug","Gesch\u00e4tzte Lesezeit":"2\u00a0Minute"},"schema":{"@context":"https:\/\/schema.org","@graph":[{"@type":"Article","@id":"https:\/\/transportjournal.com\/de\/2026\/03\/09\/fiata-und-spedlogswiss-vertiefen-kooperation\/#article","isPartOf":{"@id":"https:\/\/transportjournal.com\/de\/2026\/03\/09\/fiata-und-spedlogswiss-vertiefen-kooperation\/"},"author":{"name":"Andreas Haug","@id":"https:\/\/transportjournal.com\/de\/#\/schema\/person\/cf538b3157f15afd7589245a4b3dbd25"},"headline":"FIATA und SPEDLOGSWISS vertiefen Kooperation","datePublished":"2026-03-09T16:37:57+00:00","mainEntityOfPage":{"@id":"https:\/\/transportjournal.com\/de\/2026\/03\/09\/fiata-und-spedlogswiss-vertiefen-kooperation\/"},"wordCount":445,"commentCount":0,"publisher":{"@id":"https:\/\/transportjournal.com\/de\/#organization"},"image":{"@id":"https:\/\/transportjournal.com\/de\/2026\/03\/09\/fiata-und-spedlogswiss-vertiefen-kooperation\/#primaryimage"},"thumbnailUrl":"https:\/\/transportjournal.com\/wp-content\/uploads\/sites\/2\/2026\/03\/Fiata-348473658_281609737542825_5414589192928242460_n-aspect-ratio-1400-788.png","keywords":["Ausbildung in der Logistik","collaboration en logistique","collaboration in logistics","communaut\u00e9 logistique suisse","communication cooperation","continuing education in logistics","coop\u00e9ration en communication","customs and forwarding","Deutsch FIATA","Digitalisierung in der Logistik","digitalization in logistics","dipl\u00f4me FIATA","douane et exp\u00e9dition","durabilit\u00e9 en logistique","FIATA diploma","FIATA Extended Board","FIATA-Diplom","FIATA-Governance","formation continue en logistique","formation en logistique","gestion de la cha\u00eene d'approvisionnement","gouvernance de FIATA","industrie du transport","institutional representation","institutionelle Vertretung","Kommunikationskooperation","legal issues in logistics","logistics","Logistik","logistique","Nachhaltigkeit in der Logistik English FIATA","Negotiable Cargo Document","num\u00e9risation en logistique","questions juridiques en logistique","rechtliche Themen in der Logistik","repr\u00e9sentation institutionnelle","Schweizer Logistikgemeinschaft","SPEDLOGSWISS","Supply Chain Management","sustainability in logistics Fran\u00e7ais FIATA","Swiss logistics community","training in logistics","transport industry","Transportwirtschaft","Weiterbildung in der Logistik","Young Logistics Professionals","Zoll und Spedition","Zusammenarbeit in der Logistik"],"articleSection":["Europa","Schweiz","Spedition &amp; Logistik"],"inLanguage":"de","potentialAction":[{"@type":"CommentAction","name":"Comment","target":["https:\/\/transportjournal.com\/de\/2026\/03\/09\/fiata-und-spedlogswiss-vertiefen-kooperation\/#respond"]}]},{"@type":"WebPage","@id":"https:\/\/transportjournal.com\/de\/2026\/03\/09\/fiata-und-spedlogswiss-vertiefen-kooperation\/","url":"https:\/\/transportjournal.com\/de\/2026\/03\/09\/fiata-und-spedlogswiss-vertiefen-kooperation\/","name":"FIATA und SPEDLOGSWISS vertiefen Kooperation - ITJ | International Transport Journal","isPartOf":{"@id":"https:\/\/transportjournal.com\/de\/#website"},"primaryImageOfPage":{"@id":"https:\/\/transportjournal.com\/de\/2026\/03\/09\/fiata-und-spedlogswiss-vertiefen-kooperation\/#primaryimage"},"image":{"@id":"https:\/\/transportjournal.com\/de\/2026\/03\/09\/fiata-und-spedlogswiss-vertiefen-kooperation\/#primaryimage"},"thumbnailUrl":"https:\/\/transportjournal.com\/wp-content\/uploads\/sites\/2\/2026\/03\/Fiata-348473658_281609737542825_5414589192928242460_n-aspect-ratio-1400-788.png","datePublished":"2026-03-09T16:37:57+00:00","breadcrumb":{"@id":"https:\/\/transportjournal.com\/de\/2026\/03\/09\/fiata-und-spedlogswiss-vertiefen-kooperation\/#breadcrumb"},"inLanguage":"de","potentialAction":[{"@type":"ReadAction","target":["https:\/\/transportjournal.com\/de\/2026\/03\/09\/fiata-und-spedlogswiss-vertiefen-kooperation\/"]}]},{"@type":"ImageObject","inLanguage":"de","@id":"https:\/\/transportjournal.com\/de\/2026\/03\/09\/fiata-und-spedlogswiss-vertiefen-kooperation\/#primaryimage","url":"https:\/\/transportjournal.com\/wp-content\/uploads\/sites\/2\/2026\/03\/Fiata-348473658_281609737542825_5414589192928242460_n-aspect-ratio-1400-788.png","contentUrl":"https:\/\/transportjournal.com\/wp-content\/uploads\/sites\/2\/2026\/03\/Fiata-348473658_281609737542825_5414589192928242460_n-aspect-ratio-1400-788.png","width":1636,"height":920},{"@type":"BreadcrumbList","@id":"https:\/\/transportjournal.com\/de\/2026\/03\/09\/fiata-und-spedlogswiss-vertiefen-kooperation\/#breadcrumb","itemListElement":[{"@type":"ListItem","position":1,"name":"Startseite","item":"https:\/\/transportjournal.com\/de\/"},{"@type":"ListItem","position":2,"name":"FIATA und SPEDLOGSWISS vertiefen Kooperation"}]},{"@type":"WebSite","@id":"https:\/\/transportjournal.com\/de\/#website","url":"https:\/\/transportjournal.com\/de\/","name":"ITJ | International Transport Journal","description":"Stay informed with the latest global news from the transport, logistics, and supply chain industries. Transport Journal delivers expert insights, analysis, and updates across shipping, aviation, intermodal, and forwarding.","publisher":{"@id":"https:\/\/transportjournal.com\/de\/#organization"},"potentialAction":[{"@type":"SearchAction","target":{"@type":"EntryPoint","urlTemplate":"https:\/\/transportjournal.com\/de\/?s={search_term_string}"},"query-input":{"@type":"PropertyValueSpecification","valueRequired":true,"valueName":"search_term_string"}}],"inLanguage":"de"},{"@type":"Organization","@id":"https:\/\/transportjournal.com\/de\/#organization","name":"Groupe Logismedia AG","alternateName":"Logismedia Group AG","url":"https:\/\/transportjournal.com\/de\/","logo":{"@type":"ImageObject","inLanguage":"de","@id":"https:\/\/transportjournal.com\/de\/#\/schema\/logo\/image\/","url":"https:\/\/transportjournal.com\/wp-content\/uploads\/sites\/2\/2025\/09\/Logo_ITJ.png","contentUrl":"https:\/\/transportjournal.com\/wp-content\/uploads\/sites\/2\/2025\/09\/Logo_ITJ.png","width":799,"height":326,"caption":"Groupe Logismedia AG"},"image":{"@id":"https:\/\/transportjournal.com\/de\/#\/schema\/logo\/image\/"},"sameAs":["https:\/\/www.linkedin.com\/company\/56456496\/admin\/dashboard\/","https:\/\/www.instagram.com\/logismediagroup\/","https:\/\/www.youtube.com\/@LogiamediaGroupAG"]},{"@type":"Person","@id":"https:\/\/transportjournal.com\/de\/#\/schema\/person\/cf538b3157f15afd7589245a4b3dbd25","name":"Andreas Haug","url":"https:\/\/transportjournal.com\/de\/author\/andreas\/"}]}},"_links":{"self":[{"href":"https:\/\/transportjournal.com\/de\/wp-json\/wp\/v2\/posts\/80018","targetHints":{"allow":["GET"]}}],"collection":[{"href":"https:\/\/transportjournal.com\/de\/wp-json\/wp\/v2\/posts"}],"about":[{"href":"https:\/\/transportjournal.com\/de\/wp-json\/wp\/v2\/types\/post"}],"author":[{"embeddable":true,"href":"https:\/\/transportjournal.com\/de\/wp-json\/wp\/v2\/users\/12"}],"replies":[{"embeddable":true,"href":"https:\/\/transportjournal.com\/de\/wp-json\/wp\/v2\/comments?post=80018"}],"version-history":[{"count":0,"href":"https:\/\/transportjournal.com\/de\/wp-json\/wp\/v2\/posts\/80018\/revisions"}],"wp:featuredmedia":[{"embeddable":true,"href":"https:\/\/transportjournal.com\/de\/wp-json\/wp\/v2\/media\/80017"}],"wp:attachment":[{"href":"https:\/\/transportjournal.com\/de\/wp-json\/wp\/v2\/media?parent=80018"}],"wp:term":[{"taxonomy":"category","embeddable":true,"href":"https:\/\/transportjournal.com\/de\/wp-json\/wp\/v2\/categories?post=80018"},{"taxonomy":"post_tag","embeddable":true,"href":"https:\/\/transportjournal.com\/de\/wp-json\/wp\/v2\/tags?post=80018"}],"curies":[{"name":"wp","href":"https:\/\/api.w.org\/{rel}","templated":true}]}}