{"id":79994,"date":"2026-03-09T12:56:45","date_gmt":"2026-03-09T12:56:45","guid":{"rendered":"https:\/\/transportjournal.com\/2026\/03\/09\/bifa-ernennt-regionalvertreter-fuer-die-midlands\/"},"modified":"2026-03-09T12:56:45","modified_gmt":"2026-03-09T12:56:45","slug":"bifa-ernennt-regionalvertreter-fuer-die-midlands","status":"publish","type":"post","link":"https:\/\/transportjournal.com\/de\/2026\/03\/09\/bifa-ernennt-regionalvertreter-fuer-die-midlands\/","title":{"rendered":"Bifa ernennt Regionalvertreter f\u00fcr die Midlands"},"content":{"rendered":"<p>Die British International Freight Association (Bifa) hat Steve Murray zum Regionalvertreter f\u00fcr ihre neu geschaffene Zentralregion ernannt. Mit diesem Schritt will der Verband den Austausch mit seinen Mitgliedern st\u00e4rken und Spediteure in den Midlands sowie in den umliegenden Regionen besser unterst\u00fctzen.<\/p>\n<p>Die neue Region umfasst die Grafschaften n\u00f6rdlich von London und reicht bis Nottingham, Birmingham und Peterborough. Sie wurde eingerichtet, um das zuvor von Andrew Melton betreute Gebiet zu verkleinern. Dieser hatte bislang Mitglieder von Milton Keynes bis zur schottischen Grenze vertreten. K\u00fcnftig wird sich Melton auf Bifa-Mitglieder in Nordengland konzentrieren.<\/p>\n<p>Murray verf\u00fcgt \u00fcber umfangreiche Erfahrung in der Logistik und im Supply-Chain-Management. Zuletzt war er f\u00fcr FedEx Logistics t\u00e4tig. Zuvor bekleidete er leitende Positionen in der International Supply Chain-Einheit von DHL und arbeitete fr\u00fcher auch f\u00fcr Exel.<\/p>\n<p>Bifa-Generaldirektor Steve Parker zeigte sich \u00aberfreut, Steve als Regionalvertreter f\u00fcr diese neu geschaffene Region begr\u00fcssen zu d\u00fcrfen.\u00bb<\/p>\n<p><a href=\"https:\/\/bifa.org\" target=\"_blank\" rel=\"noopener noreferrer\">www.bifa.org<\/a><\/p>\n","protected":false},"excerpt":{"rendered":"<p>Die British International Freight Association hat Steve Murray als Regionalvertreter f\u00fcr ihre neue Zentralregion ernannt, um den Austausch mit Mitgliedern zu verbessern.<\/p>\n","protected":false},"author":14,"featured_media":79993,"comment_status":"open","ping_status":"","sticky":false,"template":"","format":"standard","meta":{"_acf_changed":false,"footnotes":""},"categories":[1575,1567],"tags":[24974,24975,24976,24977,24978,24979,24980,4593,24981,24982,24983,3353,2122,24984,24985,2123,24986,2125,3328,3994,2373,3872,4000,24987,2133,24988,1831,24989,24990,24991,24992,24993,24994,24995,24996,24997,24998,3379,2145,24999,25000,2148,25001,25002,25003,25004,25005,25006,25007,2106,25008,25009,25010,2155,1837,25011],"class_list":["post-79994","post","type-post","status-publish","format-standard","has-post-thumbnail","hentry","category-europa","category-wechsel-weltweit","tag-adhesion-bifa","tag-au-nord-de-londres","tag-bifa-central-region","tag-bifa-membership","tag-bifa-regional-representative","tag-birmingham-transport","tag-comtes-des-midlands","tag-deutsch-bifa","tag-developpement-regional-logistique","tag-dhl-logistics","tag-dhl-logistik","tag-digitalisierung-logistik","tag-fachkraeftemangel-logistik","tag-fedex-logistics","tag-freight-forwarders-midlands","tag-gestion-de-la-chaine-dapprovisionnement","tag-grafschaften-midlands-english-bifa","tag-industrie-du-transport","tag-infrastructure-logistique","tag-infrastruktur-logistik","tag-labor-shortage-logistics","tag-logistics-digitalization","tag-logistics-infrastructure","tag-logistics-midlands","tag-logistics-service-providers","tag-logistik-midlands","tag-logistikdienstleister","tag-logistique-dhl","tag-logistique-fedex","tag-logistique-midlands","tag-logistique-nottingham","tag-midlands-counties-francais-bifa","tag-mitgliedschaft-bifa","tag-noerdlich-von-london","tag-north-of-london","tag-nottingham-logistics","tag-nottingham-logistik","tag-numerisation-logistique","tag-penurie-de-main-doeuvre-logistique","tag-peterborough-freight-forwarders","tag-peterborough-spediteure","tag-prestataires-de-services-logistiques","tag-region-centrale-bifa","tag-regional-development-logistics","tag-regionalentwicklung-logistik","tag-regionalvertretung-bifa","tag-representant-regional-bifa","tag-spediteure-midlands","tag-steve-murray-bifa","tag-supply-chain-management","tag-transitaires-midlands","tag-transitaires-peterborough","tag-transport-birmingham","tag-transport-industry","tag-transportwirtschaft","tag-zentralregion-bifa"],"acf":[],"yoast_head":"<!-- This site is optimized with the Yoast SEO plugin v27.3 - https:\/\/yoast.com\/product\/yoast-seo-wordpress\/ -->\n<title>Bifa ernennt Regionalvertreter f\u00fcr die Midlands - ITJ | International Transport Journal<\/title>\n<meta name=\"robots\" content=\"index, follow, max-snippet:-1, max-image-preview:large, max-video-preview:-1\" \/>\n<link rel=\"canonical\" href=\"https:\/\/transportjournal.com\/de\/2026\/03\/09\/bifa-ernennt-regionalvertreter-fuer-die-midlands\/\" \/>\n<meta property=\"og:locale\" content=\"de_DE\" \/>\n<meta property=\"og:type\" content=\"article\" \/>\n<meta property=\"og:title\" content=\"Bifa ernennt Regionalvertreter f\u00fcr die Midlands - ITJ | International Transport Journal\" \/>\n<meta property=\"og:description\" content=\"Die British International Freight Association hat Steve Murray als Regionalvertreter f\u00fcr ihre neue Zentralregion ernannt, um den Austausch mit Mitgliedern zu verbessern.\" \/>\n<meta property=\"og:url\" content=\"https:\/\/transportjournal.com\/de\/2026\/03\/09\/bifa-ernennt-regionalvertreter-fuer-die-midlands\/\" \/>\n<meta property=\"og:site_name\" content=\"ITJ | International Transport Journal\" \/>\n<meta property=\"article:published_time\" content=\"2026-03-09T12:56:45+00:00\" \/>\n<meta property=\"og:image\" content=\"https:\/\/transportjournal.com\/wp-content\/uploads\/sites\/2\/2026\/03\/Bifa-Murray.png\" \/>\n\t<meta property=\"og:image:width\" content=\"640\" \/>\n\t<meta property=\"og:image:height\" content=\"360\" \/>\n\t<meta property=\"og:image:type\" content=\"image\/png\" \/>\n<meta name=\"author\" content=\"Gyan Sharan\" \/>\n<meta name=\"twitter:card\" content=\"summary_large_image\" \/>\n<meta name=\"twitter:label1\" content=\"Verfasst von\" \/>\n\t<meta name=\"twitter:data1\" content=\"Gyan Sharan\" \/>\n\t<meta name=\"twitter:label2\" content=\"Gesch\u00e4tzte Lesezeit\" \/>\n\t<meta name=\"twitter:data2\" content=\"1\u00a0Minute\" \/>\n<script type=\"application\/ld+json\" class=\"yoast-schema-graph\">{\"@context\":\"https:\\\/\\\/schema.org\",\"@graph\":[{\"@type\":\"Article\",\"@id\":\"https:\\\/\\\/transportjournal.com\\\/de\\\/2026\\\/03\\\/09\\\/bifa-ernennt-regionalvertreter-fuer-die-midlands\\\/#article\",\"isPartOf\":{\"@id\":\"https:\\\/\\\/transportjournal.com\\\/de\\\/2026\\\/03\\\/09\\\/bifa-ernennt-regionalvertreter-fuer-die-midlands\\\/\"},\"author\":{\"name\":\"Gyan Sharan\",\"@id\":\"https:\\\/\\\/transportjournal.com\\\/de\\\/#\\\/schema\\\/person\\\/13a9fc605c753db60ef7750a229cd042\"},\"headline\":\"Bifa ernennt Regionalvertreter f\u00fcr die Midlands\",\"datePublished\":\"2026-03-09T12:56:45+00:00\",\"mainEntityOfPage\":{\"@id\":\"https:\\\/\\\/transportjournal.com\\\/de\\\/2026\\\/03\\\/09\\\/bifa-ernennt-regionalvertreter-fuer-die-midlands\\\/\"},\"wordCount\":167,\"commentCount\":0,\"publisher\":{\"@id\":\"https:\\\/\\\/transportjournal.com\\\/de\\\/#organization\"},\"image\":{\"@id\":\"https:\\\/\\\/transportjournal.com\\\/de\\\/2026\\\/03\\\/09\\\/bifa-ernennt-regionalvertreter-fuer-die-midlands\\\/#primaryimage\"},\"thumbnailUrl\":\"https:\\\/\\\/transportjournal.com\\\/wp-content\\\/uploads\\\/sites\\\/2\\\/2026\\\/03\\\/Bifa-Murray.png\",\"keywords\":[\"adh\u00e9sion Bifa\",\"au nord de Londres\",\"Bifa central region\",\"Bifa membership\",\"Bifa regional representative\",\"Birmingham Transport\",\"comt\u00e9s des Midlands\",\"Deutsch BIFA\",\"d\u00e9veloppement r\u00e9gional logistique\",\"DHL logistics\",\"DHL Logistik\",\"Digitalisierung Logistik\",\"Fachkr\u00e4ftemangel Logistik\",\"FedEx Logistics\",\"freight forwarders Midlands\",\"gestion de la cha\u00eene d'approvisionnement\",\"Grafschaften Midlands English Bifa\",\"industrie du transport\",\"infrastructure logistique\",\"Infrastruktur Logistik\",\"labor shortage logistics\",\"logistics digitalization\",\"logistics infrastructure\",\"logistics Midlands\",\"logistics service providers\",\"Logistik Midlands\",\"Logistikdienstleister\",\"logistique DHL\",\"logistique FedEx\",\"logistique Midlands\",\"logistique Nottingham\",\"Midlands counties Fran\u00e7ais Bifa\",\"Mitgliedschaft Bifa\",\"n\u00f6rdlich von London\",\"north of London\",\"Nottingham logistics\",\"Nottingham Logistik\",\"num\u00e9risation logistique\",\"p\u00e9nurie de main-d'\u0153uvre logistique\",\"Peterborough freight forwarders\",\"Peterborough Spediteure\",\"prestataires de services logistiques\",\"r\u00e9gion centrale Bifa\",\"regional development logistics\",\"Regionalentwicklung Logistik\",\"Regionalvertretung Bifa\",\"repr\u00e9sentant r\u00e9gional Bifa\",\"Spediteure Midlands\",\"Steve Murray Bifa\",\"Supply Chain Management\",\"transitaires Midlands\",\"transitaires Peterborough\",\"transport Birmingham\",\"transport industry\",\"Transportwirtschaft\",\"Zentralregion Bifa\"],\"articleSection\":[\"Europa\",\"Menschen &amp; Unternehmen\"],\"inLanguage\":\"de\",\"potentialAction\":[{\"@type\":\"CommentAction\",\"name\":\"Comment\",\"target\":[\"https:\\\/\\\/transportjournal.com\\\/de\\\/2026\\\/03\\\/09\\\/bifa-ernennt-regionalvertreter-fuer-die-midlands\\\/#respond\"]}]},{\"@type\":\"WebPage\",\"@id\":\"https:\\\/\\\/transportjournal.com\\\/de\\\/2026\\\/03\\\/09\\\/bifa-ernennt-regionalvertreter-fuer-die-midlands\\\/\",\"url\":\"https:\\\/\\\/transportjournal.com\\\/de\\\/2026\\\/03\\\/09\\\/bifa-ernennt-regionalvertreter-fuer-die-midlands\\\/\",\"name\":\"Bifa ernennt Regionalvertreter f\u00fcr die Midlands - ITJ | International Transport Journal\",\"isPartOf\":{\"@id\":\"https:\\\/\\\/transportjournal.com\\\/de\\\/#website\"},\"primaryImageOfPage\":{\"@id\":\"https:\\\/\\\/transportjournal.com\\\/de\\\/2026\\\/03\\\/09\\\/bifa-ernennt-regionalvertreter-fuer-die-midlands\\\/#primaryimage\"},\"image\":{\"@id\":\"https:\\\/\\\/transportjournal.com\\\/de\\\/2026\\\/03\\\/09\\\/bifa-ernennt-regionalvertreter-fuer-die-midlands\\\/#primaryimage\"},\"thumbnailUrl\":\"https:\\\/\\\/transportjournal.com\\\/wp-content\\\/uploads\\\/sites\\\/2\\\/2026\\\/03\\\/Bifa-Murray.png\",\"datePublished\":\"2026-03-09T12:56:45+00:00\",\"breadcrumb\":{\"@id\":\"https:\\\/\\\/transportjournal.com\\\/de\\\/2026\\\/03\\\/09\\\/bifa-ernennt-regionalvertreter-fuer-die-midlands\\\/#breadcrumb\"},\"inLanguage\":\"de\",\"potentialAction\":[{\"@type\":\"ReadAction\",\"target\":[\"https:\\\/\\\/transportjournal.com\\\/de\\\/2026\\\/03\\\/09\\\/bifa-ernennt-regionalvertreter-fuer-die-midlands\\\/\"]}]},{\"@type\":\"ImageObject\",\"inLanguage\":\"de\",\"@id\":\"https:\\\/\\\/transportjournal.com\\\/de\\\/2026\\\/03\\\/09\\\/bifa-ernennt-regionalvertreter-fuer-die-midlands\\\/#primaryimage\",\"url\":\"https:\\\/\\\/transportjournal.com\\\/wp-content\\\/uploads\\\/sites\\\/2\\\/2026\\\/03\\\/Bifa-Murray.png\",\"contentUrl\":\"https:\\\/\\\/transportjournal.com\\\/wp-content\\\/uploads\\\/sites\\\/2\\\/2026\\\/03\\\/Bifa-Murray.png\",\"width\":640,\"height\":360},{\"@type\":\"BreadcrumbList\",\"@id\":\"https:\\\/\\\/transportjournal.com\\\/de\\\/2026\\\/03\\\/09\\\/bifa-ernennt-regionalvertreter-fuer-die-midlands\\\/#breadcrumb\",\"itemListElement\":[{\"@type\":\"ListItem\",\"position\":1,\"name\":\"Startseite\",\"item\":\"https:\\\/\\\/transportjournal.com\\\/de\\\/\"},{\"@type\":\"ListItem\",\"position\":2,\"name\":\"Bifa ernennt Regionalvertreter f\u00fcr die Midlands\"}]},{\"@type\":\"WebSite\",\"@id\":\"https:\\\/\\\/transportjournal.com\\\/de\\\/#website\",\"url\":\"https:\\\/\\\/transportjournal.com\\\/de\\\/\",\"name\":\"ITJ | International Transport Journal\",\"description\":\"Stay informed with the latest global news from the transport, logistics, and supply chain industries. Transport Journal delivers expert insights, analysis, and updates across shipping, aviation, intermodal, and forwarding.\",\"publisher\":{\"@id\":\"https:\\\/\\\/transportjournal.com\\\/de\\\/#organization\"},\"potentialAction\":[{\"@type\":\"SearchAction\",\"target\":{\"@type\":\"EntryPoint\",\"urlTemplate\":\"https:\\\/\\\/transportjournal.com\\\/de\\\/?s={search_term_string}\"},\"query-input\":{\"@type\":\"PropertyValueSpecification\",\"valueRequired\":true,\"valueName\":\"search_term_string\"}}],\"inLanguage\":\"de\"},{\"@type\":\"Organization\",\"@id\":\"https:\\\/\\\/transportjournal.com\\\/de\\\/#organization\",\"name\":\"Groupe Logismedia AG\",\"alternateName\":\"Logismedia Group AG\",\"url\":\"https:\\\/\\\/transportjournal.com\\\/de\\\/\",\"logo\":{\"@type\":\"ImageObject\",\"inLanguage\":\"de\",\"@id\":\"https:\\\/\\\/transportjournal.com\\\/de\\\/#\\\/schema\\\/logo\\\/image\\\/\",\"url\":\"https:\\\/\\\/transportjournal.com\\\/wp-content\\\/uploads\\\/sites\\\/2\\\/2025\\\/09\\\/Logo_ITJ.png\",\"contentUrl\":\"https:\\\/\\\/transportjournal.com\\\/wp-content\\\/uploads\\\/sites\\\/2\\\/2025\\\/09\\\/Logo_ITJ.png\",\"width\":799,\"height\":326,\"caption\":\"Groupe Logismedia AG\"},\"image\":{\"@id\":\"https:\\\/\\\/transportjournal.com\\\/de\\\/#\\\/schema\\\/logo\\\/image\\\/\"},\"sameAs\":[\"https:\\\/\\\/www.linkedin.com\\\/company\\\/56456496\\\/admin\\\/dashboard\\\/\",\"https:\\\/\\\/www.instagram.com\\\/logismediagroup\\\/\",\"https:\\\/\\\/www.youtube.com\\\/@LogiamediaGroupAG\"]},{\"@type\":\"Person\",\"@id\":\"https:\\\/\\\/transportjournal.com\\\/de\\\/#\\\/schema\\\/person\\\/13a9fc605c753db60ef7750a229cd042\",\"name\":\"Gyan Sharan\",\"url\":\"https:\\\/\\\/transportjournal.com\\\/de\\\/author\\\/gyan\\\/\"}]}<\/script>\n<!-- \/ Yoast SEO plugin. -->","yoast_head_json":{"title":"Bifa ernennt Regionalvertreter f\u00fcr die Midlands - ITJ | International Transport Journal","robots":{"index":"index","follow":"follow","max-snippet":"max-snippet:-1","max-image-preview":"max-image-preview:large","max-video-preview":"max-video-preview:-1"},"canonical":"https:\/\/transportjournal.com\/de\/2026\/03\/09\/bifa-ernennt-regionalvertreter-fuer-die-midlands\/","og_locale":"de_DE","og_type":"article","og_title":"Bifa ernennt Regionalvertreter f\u00fcr die Midlands - ITJ | International Transport Journal","og_description":"Die British International Freight Association hat Steve Murray als Regionalvertreter f\u00fcr ihre neue Zentralregion ernannt, um den Austausch mit Mitgliedern zu verbessern.","og_url":"https:\/\/transportjournal.com\/de\/2026\/03\/09\/bifa-ernennt-regionalvertreter-fuer-die-midlands\/","og_site_name":"ITJ | International Transport Journal","article_published_time":"2026-03-09T12:56:45+00:00","og_image":[{"width":640,"height":360,"url":"https:\/\/transportjournal.com\/wp-content\/uploads\/sites\/2\/2026\/03\/Bifa-Murray.png","type":"image\/png"}],"author":"Gyan Sharan","twitter_card":"summary_large_image","twitter_misc":{"Verfasst von":"Gyan Sharan","Gesch\u00e4tzte Lesezeit":"1\u00a0Minute"},"schema":{"@context":"https:\/\/schema.org","@graph":[{"@type":"Article","@id":"https:\/\/transportjournal.com\/de\/2026\/03\/09\/bifa-ernennt-regionalvertreter-fuer-die-midlands\/#article","isPartOf":{"@id":"https:\/\/transportjournal.com\/de\/2026\/03\/09\/bifa-ernennt-regionalvertreter-fuer-die-midlands\/"},"author":{"name":"Gyan Sharan","@id":"https:\/\/transportjournal.com\/de\/#\/schema\/person\/13a9fc605c753db60ef7750a229cd042"},"headline":"Bifa ernennt Regionalvertreter f\u00fcr die Midlands","datePublished":"2026-03-09T12:56:45+00:00","mainEntityOfPage":{"@id":"https:\/\/transportjournal.com\/de\/2026\/03\/09\/bifa-ernennt-regionalvertreter-fuer-die-midlands\/"},"wordCount":167,"commentCount":0,"publisher":{"@id":"https:\/\/transportjournal.com\/de\/#organization"},"image":{"@id":"https:\/\/transportjournal.com\/de\/2026\/03\/09\/bifa-ernennt-regionalvertreter-fuer-die-midlands\/#primaryimage"},"thumbnailUrl":"https:\/\/transportjournal.com\/wp-content\/uploads\/sites\/2\/2026\/03\/Bifa-Murray.png","keywords":["adh\u00e9sion Bifa","au nord de Londres","Bifa central region","Bifa membership","Bifa regional representative","Birmingham Transport","comt\u00e9s des Midlands","Deutsch BIFA","d\u00e9veloppement r\u00e9gional logistique","DHL logistics","DHL Logistik","Digitalisierung Logistik","Fachkr\u00e4ftemangel Logistik","FedEx Logistics","freight forwarders Midlands","gestion de la cha\u00eene d'approvisionnement","Grafschaften Midlands English Bifa","industrie du transport","infrastructure logistique","Infrastruktur Logistik","labor shortage logistics","logistics digitalization","logistics infrastructure","logistics Midlands","logistics service providers","Logistik Midlands","Logistikdienstleister","logistique DHL","logistique FedEx","logistique Midlands","logistique Nottingham","Midlands counties Fran\u00e7ais Bifa","Mitgliedschaft Bifa","n\u00f6rdlich von London","north of London","Nottingham logistics","Nottingham Logistik","num\u00e9risation logistique","p\u00e9nurie de main-d'\u0153uvre logistique","Peterborough freight forwarders","Peterborough Spediteure","prestataires de services logistiques","r\u00e9gion centrale Bifa","regional development logistics","Regionalentwicklung Logistik","Regionalvertretung Bifa","repr\u00e9sentant r\u00e9gional Bifa","Spediteure Midlands","Steve Murray Bifa","Supply Chain Management","transitaires Midlands","transitaires Peterborough","transport Birmingham","transport industry","Transportwirtschaft","Zentralregion Bifa"],"articleSection":["Europa","Menschen &amp; Unternehmen"],"inLanguage":"de","potentialAction":[{"@type":"CommentAction","name":"Comment","target":["https:\/\/transportjournal.com\/de\/2026\/03\/09\/bifa-ernennt-regionalvertreter-fuer-die-midlands\/#respond"]}]},{"@type":"WebPage","@id":"https:\/\/transportjournal.com\/de\/2026\/03\/09\/bifa-ernennt-regionalvertreter-fuer-die-midlands\/","url":"https:\/\/transportjournal.com\/de\/2026\/03\/09\/bifa-ernennt-regionalvertreter-fuer-die-midlands\/","name":"Bifa ernennt Regionalvertreter f\u00fcr die Midlands - ITJ | International Transport Journal","isPartOf":{"@id":"https:\/\/transportjournal.com\/de\/#website"},"primaryImageOfPage":{"@id":"https:\/\/transportjournal.com\/de\/2026\/03\/09\/bifa-ernennt-regionalvertreter-fuer-die-midlands\/#primaryimage"},"image":{"@id":"https:\/\/transportjournal.com\/de\/2026\/03\/09\/bifa-ernennt-regionalvertreter-fuer-die-midlands\/#primaryimage"},"thumbnailUrl":"https:\/\/transportjournal.com\/wp-content\/uploads\/sites\/2\/2026\/03\/Bifa-Murray.png","datePublished":"2026-03-09T12:56:45+00:00","breadcrumb":{"@id":"https:\/\/transportjournal.com\/de\/2026\/03\/09\/bifa-ernennt-regionalvertreter-fuer-die-midlands\/#breadcrumb"},"inLanguage":"de","potentialAction":[{"@type":"ReadAction","target":["https:\/\/transportjournal.com\/de\/2026\/03\/09\/bifa-ernennt-regionalvertreter-fuer-die-midlands\/"]}]},{"@type":"ImageObject","inLanguage":"de","@id":"https:\/\/transportjournal.com\/de\/2026\/03\/09\/bifa-ernennt-regionalvertreter-fuer-die-midlands\/#primaryimage","url":"https:\/\/transportjournal.com\/wp-content\/uploads\/sites\/2\/2026\/03\/Bifa-Murray.png","contentUrl":"https:\/\/transportjournal.com\/wp-content\/uploads\/sites\/2\/2026\/03\/Bifa-Murray.png","width":640,"height":360},{"@type":"BreadcrumbList","@id":"https:\/\/transportjournal.com\/de\/2026\/03\/09\/bifa-ernennt-regionalvertreter-fuer-die-midlands\/#breadcrumb","itemListElement":[{"@type":"ListItem","position":1,"name":"Startseite","item":"https:\/\/transportjournal.com\/de\/"},{"@type":"ListItem","position":2,"name":"Bifa ernennt Regionalvertreter f\u00fcr die Midlands"}]},{"@type":"WebSite","@id":"https:\/\/transportjournal.com\/de\/#website","url":"https:\/\/transportjournal.com\/de\/","name":"ITJ | International Transport Journal","description":"Stay informed with the latest global news from the transport, logistics, and supply chain industries. Transport Journal delivers expert insights, analysis, and updates across shipping, aviation, intermodal, and forwarding.","publisher":{"@id":"https:\/\/transportjournal.com\/de\/#organization"},"potentialAction":[{"@type":"SearchAction","target":{"@type":"EntryPoint","urlTemplate":"https:\/\/transportjournal.com\/de\/?s={search_term_string}"},"query-input":{"@type":"PropertyValueSpecification","valueRequired":true,"valueName":"search_term_string"}}],"inLanguage":"de"},{"@type":"Organization","@id":"https:\/\/transportjournal.com\/de\/#organization","name":"Groupe Logismedia AG","alternateName":"Logismedia Group AG","url":"https:\/\/transportjournal.com\/de\/","logo":{"@type":"ImageObject","inLanguage":"de","@id":"https:\/\/transportjournal.com\/de\/#\/schema\/logo\/image\/","url":"https:\/\/transportjournal.com\/wp-content\/uploads\/sites\/2\/2025\/09\/Logo_ITJ.png","contentUrl":"https:\/\/transportjournal.com\/wp-content\/uploads\/sites\/2\/2025\/09\/Logo_ITJ.png","width":799,"height":326,"caption":"Groupe Logismedia AG"},"image":{"@id":"https:\/\/transportjournal.com\/de\/#\/schema\/logo\/image\/"},"sameAs":["https:\/\/www.linkedin.com\/company\/56456496\/admin\/dashboard\/","https:\/\/www.instagram.com\/logismediagroup\/","https:\/\/www.youtube.com\/@LogiamediaGroupAG"]},{"@type":"Person","@id":"https:\/\/transportjournal.com\/de\/#\/schema\/person\/13a9fc605c753db60ef7750a229cd042","name":"Gyan Sharan","url":"https:\/\/transportjournal.com\/de\/author\/gyan\/"}]}},"_links":{"self":[{"href":"https:\/\/transportjournal.com\/de\/wp-json\/wp\/v2\/posts\/79994","targetHints":{"allow":["GET"]}}],"collection":[{"href":"https:\/\/transportjournal.com\/de\/wp-json\/wp\/v2\/posts"}],"about":[{"href":"https:\/\/transportjournal.com\/de\/wp-json\/wp\/v2\/types\/post"}],"author":[{"embeddable":true,"href":"https:\/\/transportjournal.com\/de\/wp-json\/wp\/v2\/users\/14"}],"replies":[{"embeddable":true,"href":"https:\/\/transportjournal.com\/de\/wp-json\/wp\/v2\/comments?post=79994"}],"version-history":[{"count":0,"href":"https:\/\/transportjournal.com\/de\/wp-json\/wp\/v2\/posts\/79994\/revisions"}],"wp:featuredmedia":[{"embeddable":true,"href":"https:\/\/transportjournal.com\/de\/wp-json\/wp\/v2\/media\/79993"}],"wp:attachment":[{"href":"https:\/\/transportjournal.com\/de\/wp-json\/wp\/v2\/media?parent=79994"}],"wp:term":[{"taxonomy":"category","embeddable":true,"href":"https:\/\/transportjournal.com\/de\/wp-json\/wp\/v2\/categories?post=79994"},{"taxonomy":"post_tag","embeddable":true,"href":"https:\/\/transportjournal.com\/de\/wp-json\/wp\/v2\/tags?post=79994"}],"curies":[{"name":"wp","href":"https:\/\/api.w.org\/{rel}","templated":true}]}}