{"id":79971,"date":"2026-03-09T11:41:31","date_gmt":"2026-03-09T11:41:31","guid":{"rendered":"https:\/\/transportjournal.com\/2026\/03\/09\/gebrueder-weiss-steigert-umsatz-leicht\/"},"modified":"2026-03-09T11:41:31","modified_gmt":"2026-03-09T11:41:31","slug":"gebrueder-weiss-steigert-umsatz-leicht","status":"publish","type":"post","link":"https:\/\/transportjournal.com\/de\/2026\/03\/09\/gebrueder-weiss-steigert-umsatz-leicht\/","title":{"rendered":"Gebr\u00fcder Weiss steigert Umsatz leicht"},"content":{"rendered":"<p>Gebr\u00fcder Weiss hat das Gesch\u00e4ftsjahr 2025 mit einem Nettoumsatz von 2,73 Milliarden Euro abgeschlossen, was einen leichten Anstieg im Vergleich zum Vorjahr darstellt, als der Umsatz bei 2,71 Milliarden Euro lag. Trotz der herausfordernden wirtschaftlichen Rahmenbedingungen in Europa konnte das Unternehmen Marktanteile gewinnen und die Produktivit\u00e4t steigern, wie es k\u00fcrzlich mitgeteilt hat.<\/p>\n<p>Wolfram Senger-Weiss, Vorsitzender der Gesch\u00e4ftsleitung, betont die Widerstandsf\u00e4higkeit des Unternehmens: \u201e<span data-olk-copy-source=\"MessageBody\">Die wirtschaftlichen Rahmenbedingungen waren 2025 anspruchsvoll \u2013 insbesondere in unseren mitteleurop\u00e4ischen Kernm\u00e4rkten. Dass wir dennoch leicht gewachsen sind und parallel weiter investieren konnten, zeigt die Leistungsf\u00e4higkeit und finanzielle St\u00e4rke unserer Organisation<\/span>.\u201c Er f\u00fcgt hinzu, dass Europa weiterhin das R\u00fcckgrat des Gesch\u00e4fts bleibt, w\u00e4hrend gleichzeitig Chancen in globalen Wachstumsm\u00e4rkten genutzt werden, um das Netzwerk weiterzuentwickeln.<\/p>\n<h3>Stabile Finanzbasis und Mitarbeiterzahl<\/h3>\n<p>Die Eigenkapitalquote blieb nach Unternehmensangaben mit \u00fcber 60 Prozent stabil. Die Anzahl der Mitarbeitenden blieb mit rund 8.600 konstant. Im Bereich Landtransport Europa erzielte Gebr\u00fcder Weiss einen Umsatz von 1,55 Milliarden Euro, was einem leichten Anstieg im Vergleich zu 1,52 Milliarden Euro im Jahr 2024 entspricht. W\u00e4hrend der Umsatz in Deutschland leicht r\u00fcckl\u00e4ufig war, konnte das Unternehmen dort Marktanteile hinzugewinnen. Auch in Osteuropa wurde die Position nach Angaben des Logistikunternehmens ausgebaut. Dies wirkte sich positiv auf das Home Delivery-Gesch\u00e4ft aus, das mit 1,36 Millionen Zustellungen zulegte, im Vergleich zu 1,31 Millionen im Vorjahr.<\/p>\n<h3>Entwicklung im Luft- und Seetransport<\/h3>\n<p>Im Bereich Air &amp; Sea stiegen die transportierten Mengen, besonders zwischen Asien und Europa sowie im asiatischen Handel. Im Luftfrachtbereich nahmen Volumina in erster Linie im E-Commerce-Gesch\u00e4ft zwischen China und Europa zu. Aufgrund gesunkener Frachtraten lag der Umsatz in diesem Segment mit 913 Millionen Euro jedoch leicht unter dem Vorjahreswert von 929 Millionen Euro, wie Gebr\u00fcder Weiss mitteilt. In der Logistik berichtet das Unternehmen ebenfalls von Zuw\u00e4chsen: In der Kontraktlogistik und im Supply Chain Management beobachtet es einen Anstieg um sieben Prozent auf 147 Millionen Euro.<\/p>\n<p><a href=\"https:\/\/www.gw-world.com\/\" target=\"_blank\" rel=\"noopener noreferrer\">www.gw-world.com<\/a><\/p>\n","protected":false},"excerpt":{"rendered":"<p>Gebr\u00fcder Weiss erzielte 2025 einen Nettoumsatz von 2,73 Milliarden Euro und konnte trotz schwieriger Bedingungen in Europa Marktanteile gewinnen und investieren.<\/p>\n","protected":false},"author":10,"featured_media":79970,"comment_status":"open","ping_status":"","sticky":false,"template":"","format":"standard","meta":{"_acf_changed":false,"footnotes":""},"categories":[1575,1568,1569],"tags":[2648,21947,10065,24914,3739,2211,2212,5090,5091,24443,21956,24915,24916,24917,24918,24444,2655,24919,22018,2123,21100,7673,2125,3745,2075,24920,24921,7680,2469,1831,3750,5108,1962,21108,22025,24922,24458,3756,3757,2481,2193,24923,5611,1916,5068,5071,2106,2242,3125,24924,2243,24925,24926,5621,21112,21980],"class_list":["post-79971","post","type-post","status-publish","format-standard","has-post-thumbnail","hentry","category-europa","category-bahn-binnenschifffahrt-strasse","category-logistik-spedition","tag-air-freight","tag-conditions-economiques","tag-croissance-du-chiffre-daffaires","tag-deutsch-gebrueder-weiss","tag-developpement-des-infrastructures","tag-digital-transformation","tag-digitale-transformation","tag-e-commerce-logistics","tag-e-commerce-logistik","tag-eastern-europe","tag-economic-conditions","tag-effectif","tag-eigenkapitalquote","tag-employee-count","tag-equity-ratio","tag-europe-de-lest","tag-fret-aerien","tag-gain-de-parts-de-marche","tag-gaining-market-share","tag-gestion-de-la-chaine-dapprovisionnement","tag-growth-markets","tag-home-delivery","tag-industrie-du-transport","tag-infrastructure-development","tag-infrastrukturentwicklung","tag-land-transport-europe","tag-landtransport-europa","tag-livraison-a-domicile","tag-logistics-service-provider","tag-logistikdienstleister","tag-logistique-de-colis","tag-logistique-e-commerce","tag-luftfracht","tag-marches-en-croissance","tag-marktanteile-gewinnen","tag-mitarbeiterzahl","tag-osteuropa","tag-paketlogistik","tag-parcel-logistics","tag-prestataire-logistique","tag-rail-freight-transport","tag-ratio-dequite","tag-revenue-growth","tag-schienengueterverkehr","tag-sea-transport","tag-seetransport","tag-supply-chain-management","tag-transformation-numerique","tag-transport-ferroviaire-de-marchandises","tag-transport-industry-francais-gebrueder-weiss","tag-transport-maritime","tag-transport-terrestre-europe","tag-transportwirtschaft-english-gebrueder-weiss","tag-umsatzsteigerung","tag-wachstumsmaerkte","tag-wirtschaftliche-rahmenbedingungen"],"acf":[],"yoast_head":"<!-- This site is optimized with the Yoast SEO plugin v27.3 - https:\/\/yoast.com\/product\/yoast-seo-wordpress\/ -->\n<title>Gebr\u00fcder Weiss steigert Umsatz leicht - ITJ | International Transport Journal<\/title>\n<meta name=\"robots\" content=\"index, follow, max-snippet:-1, max-image-preview:large, max-video-preview:-1\" \/>\n<link rel=\"canonical\" href=\"https:\/\/transportjournal.com\/de\/2026\/03\/09\/gebrueder-weiss-steigert-umsatz-leicht\/\" \/>\n<meta property=\"og:locale\" content=\"de_DE\" \/>\n<meta property=\"og:type\" content=\"article\" \/>\n<meta property=\"og:title\" content=\"Gebr\u00fcder Weiss steigert Umsatz leicht - ITJ | International Transport Journal\" \/>\n<meta property=\"og:description\" content=\"Gebr\u00fcder Weiss erzielte 2025 einen Nettoumsatz von 2,73 Milliarden Euro und konnte trotz schwieriger Bedingungen in Europa Marktanteile gewinnen und investieren.\" \/>\n<meta property=\"og:url\" content=\"https:\/\/transportjournal.com\/de\/2026\/03\/09\/gebrueder-weiss-steigert-umsatz-leicht\/\" \/>\n<meta property=\"og:site_name\" content=\"ITJ | International Transport Journal\" \/>\n<meta property=\"article:published_time\" content=\"2026-03-09T11:41:31+00:00\" \/>\n<meta property=\"og:image\" content=\"https:\/\/transportjournal.com\/wp-content\/uploads\/sites\/2\/2026\/03\/6_e-mobility-scaled-aspect-ratio-1400-788-scaled-1.jpeg\" \/>\n\t<meta property=\"og:image:width\" content=\"2560\" \/>\n\t<meta property=\"og:image:height\" content=\"1441\" \/>\n\t<meta property=\"og:image:type\" content=\"image\/jpeg\" \/>\n<meta name=\"author\" content=\"Jeremy Soland\" \/>\n<meta name=\"twitter:card\" content=\"summary_large_image\" \/>\n<meta name=\"twitter:label1\" content=\"Verfasst von\" \/>\n\t<meta name=\"twitter:data1\" content=\"Jeremy Soland\" \/>\n\t<meta name=\"twitter:label2\" content=\"Gesch\u00e4tzte Lesezeit\" \/>\n\t<meta name=\"twitter:data2\" content=\"2\u00a0Minute\" \/>\n<script type=\"application\/ld+json\" class=\"yoast-schema-graph\">{\"@context\":\"https:\\\/\\\/schema.org\",\"@graph\":[{\"@type\":\"Article\",\"@id\":\"https:\\\/\\\/transportjournal.com\\\/de\\\/2026\\\/03\\\/09\\\/gebrueder-weiss-steigert-umsatz-leicht\\\/#article\",\"isPartOf\":{\"@id\":\"https:\\\/\\\/transportjournal.com\\\/de\\\/2026\\\/03\\\/09\\\/gebrueder-weiss-steigert-umsatz-leicht\\\/\"},\"author\":{\"name\":\"Jeremy Soland\",\"@id\":\"https:\\\/\\\/transportjournal.com\\\/de\\\/#\\\/schema\\\/person\\\/41d36b5474b623392fa613e97e2363fa\"},\"headline\":\"Gebr\u00fcder Weiss steigert Umsatz leicht\",\"datePublished\":\"2026-03-09T11:41:31+00:00\",\"mainEntityOfPage\":{\"@id\":\"https:\\\/\\\/transportjournal.com\\\/de\\\/2026\\\/03\\\/09\\\/gebrueder-weiss-steigert-umsatz-leicht\\\/\"},\"wordCount\":321,\"commentCount\":0,\"publisher\":{\"@id\":\"https:\\\/\\\/transportjournal.com\\\/de\\\/#organization\"},\"image\":{\"@id\":\"https:\\\/\\\/transportjournal.com\\\/de\\\/2026\\\/03\\\/09\\\/gebrueder-weiss-steigert-umsatz-leicht\\\/#primaryimage\"},\"thumbnailUrl\":\"https:\\\/\\\/transportjournal.com\\\/wp-content\\\/uploads\\\/sites\\\/2\\\/2026\\\/03\\\/6_e-mobility-scaled-aspect-ratio-1400-788-scaled-1.jpeg\",\"keywords\":[\"air freight\",\"conditions \u00e9conomiques\",\"croissance du chiffre d'affaires\",\"Deutsch Gebr\u00fcder Weiss\",\"d\u00e9veloppement des infrastructures\",\"digital transformation\",\"digitale Transformation\",\"e-commerce logistics\",\"E-Commerce Logistik\",\"Eastern Europe\",\"economic conditions\",\"effectif\",\"Eigenkapitalquote\",\"employee count\",\"equity ratio\",\"Europe de l'Est\",\"fret a\u00e9rien\",\"gain de parts de march\u00e9\",\"gaining market share\",\"gestion de la cha\u00eene d'approvisionnement\",\"growth markets\",\"Home Delivery\",\"industrie du transport\",\"infrastructure development\",\"Infrastrukturentwicklung\",\"land transport Europe\",\"Landtransport Europa\",\"livraison \u00e0 domicile\",\"logistics service provider\",\"Logistikdienstleister\",\"logistique de colis\",\"logistique e-commerce\",\"Luftfracht\",\"march\u00e9s en croissance\",\"Marktanteile gewinnen\",\"Mitarbeiterzahl\",\"Osteuropa\",\"Paketlogistik\",\"parcel logistics\",\"prestataire logistique\",\"rail freight transport\",\"ratio d'\u00e9quit\u00e9\",\"revenue growth\",\"Schieneng\u00fcterverkehr\",\"sea transport\",\"Seetransport\",\"Supply Chain Management\",\"transformation num\u00e9rique\",\"transport ferroviaire de marchandises\",\"transport industry Fran\u00e7ais Gebr\u00fcder Weiss\",\"transport maritime\",\"transport terrestre Europe\",\"Transportwirtschaft English Gebr\u00fcder Weiss\",\"Umsatzsteigerung\",\"Wachstumsm\u00e4rkte\",\"wirtschaftliche Rahmenbedingungen\"],\"articleSection\":[\"Europa\",\"Intermodal \\\/ Stra\u00dfe\",\"Spedition &amp; Logistik\"],\"inLanguage\":\"de\",\"potentialAction\":[{\"@type\":\"CommentAction\",\"name\":\"Comment\",\"target\":[\"https:\\\/\\\/transportjournal.com\\\/de\\\/2026\\\/03\\\/09\\\/gebrueder-weiss-steigert-umsatz-leicht\\\/#respond\"]}]},{\"@type\":\"WebPage\",\"@id\":\"https:\\\/\\\/transportjournal.com\\\/de\\\/2026\\\/03\\\/09\\\/gebrueder-weiss-steigert-umsatz-leicht\\\/\",\"url\":\"https:\\\/\\\/transportjournal.com\\\/de\\\/2026\\\/03\\\/09\\\/gebrueder-weiss-steigert-umsatz-leicht\\\/\",\"name\":\"Gebr\u00fcder Weiss steigert Umsatz leicht - ITJ | International Transport Journal\",\"isPartOf\":{\"@id\":\"https:\\\/\\\/transportjournal.com\\\/de\\\/#website\"},\"primaryImageOfPage\":{\"@id\":\"https:\\\/\\\/transportjournal.com\\\/de\\\/2026\\\/03\\\/09\\\/gebrueder-weiss-steigert-umsatz-leicht\\\/#primaryimage\"},\"image\":{\"@id\":\"https:\\\/\\\/transportjournal.com\\\/de\\\/2026\\\/03\\\/09\\\/gebrueder-weiss-steigert-umsatz-leicht\\\/#primaryimage\"},\"thumbnailUrl\":\"https:\\\/\\\/transportjournal.com\\\/wp-content\\\/uploads\\\/sites\\\/2\\\/2026\\\/03\\\/6_e-mobility-scaled-aspect-ratio-1400-788-scaled-1.jpeg\",\"datePublished\":\"2026-03-09T11:41:31+00:00\",\"breadcrumb\":{\"@id\":\"https:\\\/\\\/transportjournal.com\\\/de\\\/2026\\\/03\\\/09\\\/gebrueder-weiss-steigert-umsatz-leicht\\\/#breadcrumb\"},\"inLanguage\":\"de\",\"potentialAction\":[{\"@type\":\"ReadAction\",\"target\":[\"https:\\\/\\\/transportjournal.com\\\/de\\\/2026\\\/03\\\/09\\\/gebrueder-weiss-steigert-umsatz-leicht\\\/\"]}]},{\"@type\":\"ImageObject\",\"inLanguage\":\"de\",\"@id\":\"https:\\\/\\\/transportjournal.com\\\/de\\\/2026\\\/03\\\/09\\\/gebrueder-weiss-steigert-umsatz-leicht\\\/#primaryimage\",\"url\":\"https:\\\/\\\/transportjournal.com\\\/wp-content\\\/uploads\\\/sites\\\/2\\\/2026\\\/03\\\/6_e-mobility-scaled-aspect-ratio-1400-788-scaled-1.jpeg\",\"contentUrl\":\"https:\\\/\\\/transportjournal.com\\\/wp-content\\\/uploads\\\/sites\\\/2\\\/2026\\\/03\\\/6_e-mobility-scaled-aspect-ratio-1400-788-scaled-1.jpeg\",\"width\":2560,\"height\":1441},{\"@type\":\"BreadcrumbList\",\"@id\":\"https:\\\/\\\/transportjournal.com\\\/de\\\/2026\\\/03\\\/09\\\/gebrueder-weiss-steigert-umsatz-leicht\\\/#breadcrumb\",\"itemListElement\":[{\"@type\":\"ListItem\",\"position\":1,\"name\":\"Startseite\",\"item\":\"https:\\\/\\\/transportjournal.com\\\/de\\\/\"},{\"@type\":\"ListItem\",\"position\":2,\"name\":\"Gebr\u00fcder Weiss steigert Umsatz leicht\"}]},{\"@type\":\"WebSite\",\"@id\":\"https:\\\/\\\/transportjournal.com\\\/de\\\/#website\",\"url\":\"https:\\\/\\\/transportjournal.com\\\/de\\\/\",\"name\":\"ITJ | International Transport Journal\",\"description\":\"Stay informed with the latest global news from the transport, logistics, and supply chain industries. Transport Journal delivers expert insights, analysis, and updates across shipping, aviation, intermodal, and forwarding.\",\"publisher\":{\"@id\":\"https:\\\/\\\/transportjournal.com\\\/de\\\/#organization\"},\"potentialAction\":[{\"@type\":\"SearchAction\",\"target\":{\"@type\":\"EntryPoint\",\"urlTemplate\":\"https:\\\/\\\/transportjournal.com\\\/de\\\/?s={search_term_string}\"},\"query-input\":{\"@type\":\"PropertyValueSpecification\",\"valueRequired\":true,\"valueName\":\"search_term_string\"}}],\"inLanguage\":\"de\"},{\"@type\":\"Organization\",\"@id\":\"https:\\\/\\\/transportjournal.com\\\/de\\\/#organization\",\"name\":\"Groupe Logismedia AG\",\"alternateName\":\"Logismedia Group AG\",\"url\":\"https:\\\/\\\/transportjournal.com\\\/de\\\/\",\"logo\":{\"@type\":\"ImageObject\",\"inLanguage\":\"de\",\"@id\":\"https:\\\/\\\/transportjournal.com\\\/de\\\/#\\\/schema\\\/logo\\\/image\\\/\",\"url\":\"https:\\\/\\\/transportjournal.com\\\/wp-content\\\/uploads\\\/sites\\\/2\\\/2025\\\/09\\\/Logo_ITJ.png\",\"contentUrl\":\"https:\\\/\\\/transportjournal.com\\\/wp-content\\\/uploads\\\/sites\\\/2\\\/2025\\\/09\\\/Logo_ITJ.png\",\"width\":799,\"height\":326,\"caption\":\"Groupe Logismedia AG\"},\"image\":{\"@id\":\"https:\\\/\\\/transportjournal.com\\\/de\\\/#\\\/schema\\\/logo\\\/image\\\/\"},\"sameAs\":[\"https:\\\/\\\/www.linkedin.com\\\/company\\\/56456496\\\/admin\\\/dashboard\\\/\",\"https:\\\/\\\/www.instagram.com\\\/logismediagroup\\\/\",\"https:\\\/\\\/www.youtube.com\\\/@LogiamediaGroupAG\"]},{\"@type\":\"Person\",\"@id\":\"https:\\\/\\\/transportjournal.com\\\/de\\\/#\\\/schema\\\/person\\\/41d36b5474b623392fa613e97e2363fa\",\"name\":\"Jeremy Soland\",\"url\":\"https:\\\/\\\/transportjournal.com\\\/de\\\/author\\\/jeremy\\\/\"}]}<\/script>\n<!-- \/ Yoast SEO plugin. -->","yoast_head_json":{"title":"Gebr\u00fcder Weiss steigert Umsatz leicht - ITJ | International Transport Journal","robots":{"index":"index","follow":"follow","max-snippet":"max-snippet:-1","max-image-preview":"max-image-preview:large","max-video-preview":"max-video-preview:-1"},"canonical":"https:\/\/transportjournal.com\/de\/2026\/03\/09\/gebrueder-weiss-steigert-umsatz-leicht\/","og_locale":"de_DE","og_type":"article","og_title":"Gebr\u00fcder Weiss steigert Umsatz leicht - ITJ | International Transport Journal","og_description":"Gebr\u00fcder Weiss erzielte 2025 einen Nettoumsatz von 2,73 Milliarden Euro und konnte trotz schwieriger Bedingungen in Europa Marktanteile gewinnen und investieren.","og_url":"https:\/\/transportjournal.com\/de\/2026\/03\/09\/gebrueder-weiss-steigert-umsatz-leicht\/","og_site_name":"ITJ | International Transport Journal","article_published_time":"2026-03-09T11:41:31+00:00","og_image":[{"width":2560,"height":1441,"url":"https:\/\/transportjournal.com\/wp-content\/uploads\/sites\/2\/2026\/03\/6_e-mobility-scaled-aspect-ratio-1400-788-scaled-1.jpeg","type":"image\/jpeg"}],"author":"Jeremy Soland","twitter_card":"summary_large_image","twitter_misc":{"Verfasst von":"Jeremy Soland","Gesch\u00e4tzte Lesezeit":"2\u00a0Minute"},"schema":{"@context":"https:\/\/schema.org","@graph":[{"@type":"Article","@id":"https:\/\/transportjournal.com\/de\/2026\/03\/09\/gebrueder-weiss-steigert-umsatz-leicht\/#article","isPartOf":{"@id":"https:\/\/transportjournal.com\/de\/2026\/03\/09\/gebrueder-weiss-steigert-umsatz-leicht\/"},"author":{"name":"Jeremy Soland","@id":"https:\/\/transportjournal.com\/de\/#\/schema\/person\/41d36b5474b623392fa613e97e2363fa"},"headline":"Gebr\u00fcder Weiss steigert Umsatz leicht","datePublished":"2026-03-09T11:41:31+00:00","mainEntityOfPage":{"@id":"https:\/\/transportjournal.com\/de\/2026\/03\/09\/gebrueder-weiss-steigert-umsatz-leicht\/"},"wordCount":321,"commentCount":0,"publisher":{"@id":"https:\/\/transportjournal.com\/de\/#organization"},"image":{"@id":"https:\/\/transportjournal.com\/de\/2026\/03\/09\/gebrueder-weiss-steigert-umsatz-leicht\/#primaryimage"},"thumbnailUrl":"https:\/\/transportjournal.com\/wp-content\/uploads\/sites\/2\/2026\/03\/6_e-mobility-scaled-aspect-ratio-1400-788-scaled-1.jpeg","keywords":["air freight","conditions \u00e9conomiques","croissance du chiffre d'affaires","Deutsch Gebr\u00fcder Weiss","d\u00e9veloppement des infrastructures","digital transformation","digitale Transformation","e-commerce logistics","E-Commerce Logistik","Eastern Europe","economic conditions","effectif","Eigenkapitalquote","employee count","equity ratio","Europe de l'Est","fret a\u00e9rien","gain de parts de march\u00e9","gaining market share","gestion de la cha\u00eene d'approvisionnement","growth markets","Home Delivery","industrie du transport","infrastructure development","Infrastrukturentwicklung","land transport Europe","Landtransport Europa","livraison \u00e0 domicile","logistics service provider","Logistikdienstleister","logistique de colis","logistique e-commerce","Luftfracht","march\u00e9s en croissance","Marktanteile gewinnen","Mitarbeiterzahl","Osteuropa","Paketlogistik","parcel logistics","prestataire logistique","rail freight transport","ratio d'\u00e9quit\u00e9","revenue growth","Schieneng\u00fcterverkehr","sea transport","Seetransport","Supply Chain Management","transformation num\u00e9rique","transport ferroviaire de marchandises","transport industry Fran\u00e7ais Gebr\u00fcder Weiss","transport maritime","transport terrestre Europe","Transportwirtschaft English Gebr\u00fcder Weiss","Umsatzsteigerung","Wachstumsm\u00e4rkte","wirtschaftliche Rahmenbedingungen"],"articleSection":["Europa","Intermodal \/ Stra\u00dfe","Spedition &amp; Logistik"],"inLanguage":"de","potentialAction":[{"@type":"CommentAction","name":"Comment","target":["https:\/\/transportjournal.com\/de\/2026\/03\/09\/gebrueder-weiss-steigert-umsatz-leicht\/#respond"]}]},{"@type":"WebPage","@id":"https:\/\/transportjournal.com\/de\/2026\/03\/09\/gebrueder-weiss-steigert-umsatz-leicht\/","url":"https:\/\/transportjournal.com\/de\/2026\/03\/09\/gebrueder-weiss-steigert-umsatz-leicht\/","name":"Gebr\u00fcder Weiss steigert Umsatz leicht - ITJ | International Transport Journal","isPartOf":{"@id":"https:\/\/transportjournal.com\/de\/#website"},"primaryImageOfPage":{"@id":"https:\/\/transportjournal.com\/de\/2026\/03\/09\/gebrueder-weiss-steigert-umsatz-leicht\/#primaryimage"},"image":{"@id":"https:\/\/transportjournal.com\/de\/2026\/03\/09\/gebrueder-weiss-steigert-umsatz-leicht\/#primaryimage"},"thumbnailUrl":"https:\/\/transportjournal.com\/wp-content\/uploads\/sites\/2\/2026\/03\/6_e-mobility-scaled-aspect-ratio-1400-788-scaled-1.jpeg","datePublished":"2026-03-09T11:41:31+00:00","breadcrumb":{"@id":"https:\/\/transportjournal.com\/de\/2026\/03\/09\/gebrueder-weiss-steigert-umsatz-leicht\/#breadcrumb"},"inLanguage":"de","potentialAction":[{"@type":"ReadAction","target":["https:\/\/transportjournal.com\/de\/2026\/03\/09\/gebrueder-weiss-steigert-umsatz-leicht\/"]}]},{"@type":"ImageObject","inLanguage":"de","@id":"https:\/\/transportjournal.com\/de\/2026\/03\/09\/gebrueder-weiss-steigert-umsatz-leicht\/#primaryimage","url":"https:\/\/transportjournal.com\/wp-content\/uploads\/sites\/2\/2026\/03\/6_e-mobility-scaled-aspect-ratio-1400-788-scaled-1.jpeg","contentUrl":"https:\/\/transportjournal.com\/wp-content\/uploads\/sites\/2\/2026\/03\/6_e-mobility-scaled-aspect-ratio-1400-788-scaled-1.jpeg","width":2560,"height":1441},{"@type":"BreadcrumbList","@id":"https:\/\/transportjournal.com\/de\/2026\/03\/09\/gebrueder-weiss-steigert-umsatz-leicht\/#breadcrumb","itemListElement":[{"@type":"ListItem","position":1,"name":"Startseite","item":"https:\/\/transportjournal.com\/de\/"},{"@type":"ListItem","position":2,"name":"Gebr\u00fcder Weiss steigert Umsatz leicht"}]},{"@type":"WebSite","@id":"https:\/\/transportjournal.com\/de\/#website","url":"https:\/\/transportjournal.com\/de\/","name":"ITJ | International Transport Journal","description":"Stay informed with the latest global news from the transport, logistics, and supply chain industries. Transport Journal delivers expert insights, analysis, and updates across shipping, aviation, intermodal, and forwarding.","publisher":{"@id":"https:\/\/transportjournal.com\/de\/#organization"},"potentialAction":[{"@type":"SearchAction","target":{"@type":"EntryPoint","urlTemplate":"https:\/\/transportjournal.com\/de\/?s={search_term_string}"},"query-input":{"@type":"PropertyValueSpecification","valueRequired":true,"valueName":"search_term_string"}}],"inLanguage":"de"},{"@type":"Organization","@id":"https:\/\/transportjournal.com\/de\/#organization","name":"Groupe Logismedia AG","alternateName":"Logismedia Group AG","url":"https:\/\/transportjournal.com\/de\/","logo":{"@type":"ImageObject","inLanguage":"de","@id":"https:\/\/transportjournal.com\/de\/#\/schema\/logo\/image\/","url":"https:\/\/transportjournal.com\/wp-content\/uploads\/sites\/2\/2025\/09\/Logo_ITJ.png","contentUrl":"https:\/\/transportjournal.com\/wp-content\/uploads\/sites\/2\/2025\/09\/Logo_ITJ.png","width":799,"height":326,"caption":"Groupe Logismedia AG"},"image":{"@id":"https:\/\/transportjournal.com\/de\/#\/schema\/logo\/image\/"},"sameAs":["https:\/\/www.linkedin.com\/company\/56456496\/admin\/dashboard\/","https:\/\/www.instagram.com\/logismediagroup\/","https:\/\/www.youtube.com\/@LogiamediaGroupAG"]},{"@type":"Person","@id":"https:\/\/transportjournal.com\/de\/#\/schema\/person\/41d36b5474b623392fa613e97e2363fa","name":"Jeremy Soland","url":"https:\/\/transportjournal.com\/de\/author\/jeremy\/"}]}},"_links":{"self":[{"href":"https:\/\/transportjournal.com\/de\/wp-json\/wp\/v2\/posts\/79971","targetHints":{"allow":["GET"]}}],"collection":[{"href":"https:\/\/transportjournal.com\/de\/wp-json\/wp\/v2\/posts"}],"about":[{"href":"https:\/\/transportjournal.com\/de\/wp-json\/wp\/v2\/types\/post"}],"author":[{"embeddable":true,"href":"https:\/\/transportjournal.com\/de\/wp-json\/wp\/v2\/users\/10"}],"replies":[{"embeddable":true,"href":"https:\/\/transportjournal.com\/de\/wp-json\/wp\/v2\/comments?post=79971"}],"version-history":[{"count":0,"href":"https:\/\/transportjournal.com\/de\/wp-json\/wp\/v2\/posts\/79971\/revisions"}],"wp:featuredmedia":[{"embeddable":true,"href":"https:\/\/transportjournal.com\/de\/wp-json\/wp\/v2\/media\/79970"}],"wp:attachment":[{"href":"https:\/\/transportjournal.com\/de\/wp-json\/wp\/v2\/media?parent=79971"}],"wp:term":[{"taxonomy":"category","embeddable":true,"href":"https:\/\/transportjournal.com\/de\/wp-json\/wp\/v2\/categories?post=79971"},{"taxonomy":"post_tag","embeddable":true,"href":"https:\/\/transportjournal.com\/de\/wp-json\/wp\/v2\/tags?post=79971"}],"curies":[{"name":"wp","href":"https:\/\/api.w.org\/{rel}","templated":true}]}}