{"id":75038,"date":"2026-01-29T09:46:54","date_gmt":"2026-01-29T09:46:54","guid":{"rendered":"https:\/\/transportjournal.com\/2026\/01\/29\/peter-ehler-wird-geschaeftsfuehrer-von-rheincargo\/"},"modified":"2026-01-29T09:46:54","modified_gmt":"2026-01-29T09:46:54","slug":"peter-ehler-wird-geschaeftsfuehrer-von-rheincargo","status":"publish","type":"post","link":"https:\/\/transportjournal.com\/de\/2026\/01\/29\/peter-ehler-wird-geschaeftsfuehrer-von-rheincargo\/","title":{"rendered":"Peter Ehler wird Gesch\u00e4ftsf\u00fchrer von RheinCargo"},"content":{"rendered":"<p>Peter Ehler (links) wird neuer Gesch\u00e4ftsf\u00fchrer der RheinCargo GmbH &amp; Co. KG. Er tritt die Nachfolge von Sascha Odermatt an (rechts), der sich k\u00fcnftig wieder auf seine Rolle als Gesch\u00e4ftsf\u00fchrer der Neuss D\u00fcsseldorfer H\u00e4fen GmbH &amp; Co. KG (NDH) konzentrieren wird. Ehler, der bislang Sprecher der Gesch\u00e4ftsf\u00fchrung der AWISTA GmbH und AWISTA Kommunal in D\u00fcsseldorf war, \u00fcbernimmt die kaufm\u00e4nnische Leitung des Unternehmens am 1. Februar 2026.<\/p>\n<p>Die RheinCargo GmbH &amp; Co. KG ist ein Gemeinschaftsunternehmen der H\u00e4fen und G\u00fcterverkehr K\u00f6ln AG (HGK) und der NDH. Der Wechsel in der Gesch\u00e4ftsf\u00fchrung erfolgt in einem herausfordernden Umfeld f\u00fcr die Logistikbranche, insbesondere im Eisenbahnbereich. Jan Huth, Aufsichtsratsvorsitzender der RheinCargo, betont die Notwendigkeit eines gest\u00e4rkten Managements, um das Unternehmen an die aktuellen Marktbedingungen anzupassen. \u201eEine schw\u00e4chere industrielle Nachfrage, umfangreiche Baustellensperrungen im Netz und gestiegene Trassenpreise belasten Ergebnis und Planbarkeit\u201c, erkl\u00e4rt Huth.<\/p>\n<h3>Erfahrungen und Herausforderungen<\/h3>\n<p>Peter Ehler bringt umfangreiche Erfahrungen aus seiner bisherigen T\u00e4tigkeit mit. Er hat die AWISTA Kommunal in D\u00fcsseldorf in einem komplexen Umfeld erfolgreich gef\u00fchrt und wird nun die RheinCargo gemeinsam mit dem operativen Gesch\u00e4ftsf\u00fchrer G\u00f6tz Jesberg leiten. Huth hebt hervor, dass Ehlers Expertise im Umgang mit verschiedenen Stakeholdern der wirtschaftlichen und operativen Performance der RheinCargo zugutekommen wird.<\/p>\n<p>Julien Mounier, Aufsichtsratsvorsitzender der AWISTA GmbH, \u00e4u\u00dfert Bedauern \u00fcber Ehlers Wechsel, erkennt jedoch die Bedeutung der Weiterentwicklung der RheinCargo f\u00fcr die Region an. \u201eDie Weiterentwicklung der RheinCargo ist f\u00fcr D\u00fcsseldorf und die Region von sehr gro\u00dfer Bedeutung\u201c, so Mounier.<\/p>\n<p>Ehler selbst zeigt sich optimistisch hinsichtlich der neuen Herausforderungen. \u201eLogistik auf der Schiene und auf dem Rhein ist eine elementare Voraussetzung f\u00fcr eine prosperierende Wirtschaft und Gesellschaft in unserer Region\u201c, erkl\u00e4rt er. Gleichzeitig betont er, dass ihm der Abschied von der AWISTA schwer falle, freut sich jedoch auf die neue Aufgabe bei RheinCargo.<\/p>\n<p>Die Nachfolgeregelung f\u00fcr Ehler bei der AWISTA ist bereits in Planung.<\/p>\n<p>&nbsp;<\/p>\n<p><a href=\"https:\/\/www.hgk.de\/\" target=\"_blank\" rel=\"noopener noreferrer\">www.hgk.de<\/a><\/p>\n","protected":false},"excerpt":{"rendered":"<p>Peter Ehler wird am 1. Februar 2026 neuer Gesch\u00e4ftsf\u00fchrer der RheinCargo und folgt damit Sascha Odermatt nach.<\/p>\n","protected":false},"author":12,"featured_media":75037,"comment_status":"open","ping_status":"open","sticky":false,"template":"","format":"standard","meta":{"_acf_changed":false,"footnotes":""},"categories":[9092,1575,1568,1567],"tags":[10862,10863,10864,7787,10865,10866,3739,10867,10868,10869,10870,10871,10872,2122,10873,10874,10875,10876,2123,10877,10878,10879,10880,10881,3745,2075,10882,2918,10883,2135,10884,5258,10885,10886,10887,10888,10889,2479,10890,10891,10892,10893,5263,10894,10895,10896,10897,10898,2153,2339,2106,10899,10900,10901,10902],"class_list":["post-75038","post","type-post","status-publish","format-standard","has-post-thumbnail","hentry","category-deutschland","category-europa","category-bahn-binnenschifffahrt-strasse","category-wechsel-weltweit","tag-awista-gmbh","tag-baustellensperrungen","tag-construction-site-closures","tag-defis-logistiques","tag-demande-industrielle","tag-deutsch-rheincargo","tag-developpement-des-infrastructures","tag-directeur-general-rheincargo","tag-duesseldorf-logistics","tag-duesseldorf-logistik","tag-economic-performance","tag-eisenbahnbereich","tag-entreprises-logistiques-regionales","tag-fachkraeftemangel-logistik","tag-fermetures-de-chantiers","tag-freight-transport-cologne","tag-geschaeftsfuehrer-rheincargo","tag-gestion-dans-la-logistique","tag-gestion-de-la-chaine-dapprovisionnement","tag-gestion-operationnelle","tag-gueterverkehr-koeln","tag-herausforderungen-in-der-logistik","tag-industrial-demand","tag-industrielle-nachfrage","tag-infrastructure-development","tag-infrastrukturentwicklung","tag-logistics-challenges","tag-logistics-industry","tag-logistik-auf-der-schiene","tag-logistikbranche","tag-logistique-duesseldorf","tag-logistique-ferroviaire","tag-management-in-der-logistik","tag-management-in-logistics","tag-neuss-duesseldorf-ports","tag-neuss-duesseldorfer-haefen","tag-operational-management-francais-rheincargo","tag-penurie-de-competences-logistique","tag-performance-economique","tag-peter-ehler","tag-ports-de-neuss-duesseldorf","tag-prix-des-voies","tag-rail-logistics","tag-railway-sector","tag-regional-logistics-companies","tag-regionale-logistikunternehmen","tag-rheincargo-ceo","tag-secteur-ferroviaire","tag-secteur-logistique","tag-skills-shortage-logistics","tag-supply-chain-management","tag-track-prices","tag-transport-de-marchandises-cologne","tag-trassenpreise","tag-wirtschaftliche-performance-english-rheincargo"],"acf":[],"yoast_head":"<!-- This site is optimized with the Yoast SEO plugin v27.3 - https:\/\/yoast.com\/product\/yoast-seo-wordpress\/ -->\n<title>Peter Ehler wird Gesch\u00e4ftsf\u00fchrer von RheinCargo - ITJ | International Transport Journal<\/title>\n<meta name=\"robots\" content=\"index, follow, max-snippet:-1, max-image-preview:large, max-video-preview:-1\" \/>\n<link rel=\"canonical\" href=\"https:\/\/transportjournal.com\/de\/2026\/01\/29\/peter-ehler-wird-geschaeftsfuehrer-von-rheincargo\/\" \/>\n<meta property=\"og:locale\" content=\"de_DE\" \/>\n<meta property=\"og:type\" content=\"article\" \/>\n<meta property=\"og:title\" content=\"Peter Ehler wird Gesch\u00e4ftsf\u00fchrer von RheinCargo - ITJ | International Transport Journal\" \/>\n<meta property=\"og:description\" content=\"Peter Ehler wird am 1. Februar 2026 neuer Gesch\u00e4ftsf\u00fchrer der RheinCargo und folgt damit Sascha Odermatt nach.\" \/>\n<meta property=\"og:url\" content=\"https:\/\/transportjournal.com\/de\/2026\/01\/29\/peter-ehler-wird-geschaeftsfuehrer-von-rheincargo\/\" \/>\n<meta property=\"og:site_name\" content=\"ITJ | International Transport Journal\" \/>\n<meta property=\"article:published_time\" content=\"2026-01-29T09:46:54+00:00\" \/>\n<meta property=\"og:image\" content=\"https:\/\/transportjournal.com\/wp-content\/uploads\/sites\/2\/2026\/01\/2026_01_29_V_l_Peter_Ehler_Sascha_Odermatt-scaled-aspect-ratio-1400-788-scaled-1.jpg\" \/>\n\t<meta property=\"og:image:width\" content=\"2560\" \/>\n\t<meta property=\"og:image:height\" content=\"1441\" \/>\n\t<meta property=\"og:image:type\" content=\"image\/jpeg\" \/>\n<meta name=\"author\" content=\"Andreas Haug\" \/>\n<meta name=\"twitter:card\" content=\"summary_large_image\" \/>\n<meta name=\"twitter:label1\" content=\"Verfasst von\" \/>\n\t<meta name=\"twitter:data1\" content=\"Andreas Haug\" \/>\n\t<meta name=\"twitter:label2\" content=\"Gesch\u00e4tzte Lesezeit\" \/>\n\t<meta name=\"twitter:data2\" content=\"2\u00a0Minute\" \/>\n<script type=\"application\/ld+json\" class=\"yoast-schema-graph\">{\"@context\":\"https:\\\/\\\/schema.org\",\"@graph\":[{\"@type\":\"Article\",\"@id\":\"https:\\\/\\\/transportjournal.com\\\/de\\\/2026\\\/01\\\/29\\\/peter-ehler-wird-geschaeftsfuehrer-von-rheincargo\\\/#article\",\"isPartOf\":{\"@id\":\"https:\\\/\\\/transportjournal.com\\\/de\\\/2026\\\/01\\\/29\\\/peter-ehler-wird-geschaeftsfuehrer-von-rheincargo\\\/\"},\"author\":{\"name\":\"Andreas Haug\",\"@id\":\"https:\\\/\\\/transportjournal.com\\\/de\\\/#\\\/schema\\\/person\\\/cf538b3157f15afd7589245a4b3dbd25\"},\"headline\":\"Peter Ehler wird Gesch\u00e4ftsf\u00fchrer von RheinCargo\",\"datePublished\":\"2026-01-29T09:46:54+00:00\",\"mainEntityOfPage\":{\"@id\":\"https:\\\/\\\/transportjournal.com\\\/de\\\/2026\\\/01\\\/29\\\/peter-ehler-wird-geschaeftsfuehrer-von-rheincargo\\\/\"},\"wordCount\":343,\"commentCount\":0,\"publisher\":{\"@id\":\"https:\\\/\\\/transportjournal.com\\\/de\\\/#organization\"},\"image\":{\"@id\":\"https:\\\/\\\/transportjournal.com\\\/de\\\/2026\\\/01\\\/29\\\/peter-ehler-wird-geschaeftsfuehrer-von-rheincargo\\\/#primaryimage\"},\"thumbnailUrl\":\"https:\\\/\\\/transportjournal.com\\\/wp-content\\\/uploads\\\/sites\\\/2\\\/2026\\\/01\\\/2026_01_29_V_l_Peter_Ehler_Sascha_Odermatt-scaled-aspect-ratio-1400-788-scaled-1.jpg\",\"keywords\":[\"AWISTA GmbH\",\"Baustellensperrungen\",\"construction site closures\",\"d\u00e9fis logistiques\",\"demande industrielle\",\"Deutsch RheinCargo\",\"d\u00e9veloppement des infrastructures\",\"directeur g\u00e9n\u00e9ral RheinCargo\",\"D\u00fcsseldorf logistics\",\"D\u00fcsseldorf Logistik\",\"economic performance\",\"Eisenbahnbereich\",\"entreprises logistiques r\u00e9gionales\",\"Fachkr\u00e4ftemangel Logistik\",\"fermetures de chantiers\",\"freight transport Cologne\",\"Gesch\u00e4ftsf\u00fchrer RheinCargo\",\"gestion dans la logistique\",\"gestion de la cha\u00eene d'approvisionnement\",\"gestion op\u00e9rationnelle\",\"G\u00fcterverkehr K\u00f6ln\",\"Herausforderungen in der Logistik\",\"industrial demand\",\"industrielle Nachfrage\",\"infrastructure development\",\"Infrastrukturentwicklung\",\"logistics challenges\",\"logistics industry\",\"Logistik auf der Schiene\",\"Logistikbranche\",\"logistique D\u00fcsseldorf\",\"logistique ferroviaire\",\"Management in der Logistik\",\"management in logistics\",\"Neuss D\u00fcsseldorf ports\",\"Neuss D\u00fcsseldorfer H\u00e4fen\",\"operational management Fran\u00e7ais RheinCargo\",\"p\u00e9nurie de comp\u00e9tences logistique\",\"performance \u00e9conomique\",\"Peter Ehler\",\"ports de Neuss D\u00fcsseldorf\",\"prix des voies\",\"rail logistics\",\"railway sector\",\"regional logistics companies\",\"regionale Logistikunternehmen\",\"RheinCargo CEO\",\"secteur ferroviaire\",\"secteur logistique\",\"skills shortage logistics\",\"Supply Chain Management\",\"track prices\",\"transport de marchandises Cologne\",\"Trassenpreise\",\"wirtschaftliche Performance English RheinCargo\"],\"articleSection\":[\"Deutschland\",\"Europa\",\"Intermodal \\\/ Stra\u00dfe\",\"Menschen &amp; Unternehmen\"],\"inLanguage\":\"de\",\"potentialAction\":[{\"@type\":\"CommentAction\",\"name\":\"Comment\",\"target\":[\"https:\\\/\\\/transportjournal.com\\\/de\\\/2026\\\/01\\\/29\\\/peter-ehler-wird-geschaeftsfuehrer-von-rheincargo\\\/#respond\"]}]},{\"@type\":\"WebPage\",\"@id\":\"https:\\\/\\\/transportjournal.com\\\/de\\\/2026\\\/01\\\/29\\\/peter-ehler-wird-geschaeftsfuehrer-von-rheincargo\\\/\",\"url\":\"https:\\\/\\\/transportjournal.com\\\/de\\\/2026\\\/01\\\/29\\\/peter-ehler-wird-geschaeftsfuehrer-von-rheincargo\\\/\",\"name\":\"Peter Ehler wird Gesch\u00e4ftsf\u00fchrer von RheinCargo - ITJ | International Transport Journal\",\"isPartOf\":{\"@id\":\"https:\\\/\\\/transportjournal.com\\\/de\\\/#website\"},\"primaryImageOfPage\":{\"@id\":\"https:\\\/\\\/transportjournal.com\\\/de\\\/2026\\\/01\\\/29\\\/peter-ehler-wird-geschaeftsfuehrer-von-rheincargo\\\/#primaryimage\"},\"image\":{\"@id\":\"https:\\\/\\\/transportjournal.com\\\/de\\\/2026\\\/01\\\/29\\\/peter-ehler-wird-geschaeftsfuehrer-von-rheincargo\\\/#primaryimage\"},\"thumbnailUrl\":\"https:\\\/\\\/transportjournal.com\\\/wp-content\\\/uploads\\\/sites\\\/2\\\/2026\\\/01\\\/2026_01_29_V_l_Peter_Ehler_Sascha_Odermatt-scaled-aspect-ratio-1400-788-scaled-1.jpg\",\"datePublished\":\"2026-01-29T09:46:54+00:00\",\"breadcrumb\":{\"@id\":\"https:\\\/\\\/transportjournal.com\\\/de\\\/2026\\\/01\\\/29\\\/peter-ehler-wird-geschaeftsfuehrer-von-rheincargo\\\/#breadcrumb\"},\"inLanguage\":\"de\",\"potentialAction\":[{\"@type\":\"ReadAction\",\"target\":[\"https:\\\/\\\/transportjournal.com\\\/de\\\/2026\\\/01\\\/29\\\/peter-ehler-wird-geschaeftsfuehrer-von-rheincargo\\\/\"]}]},{\"@type\":\"ImageObject\",\"inLanguage\":\"de\",\"@id\":\"https:\\\/\\\/transportjournal.com\\\/de\\\/2026\\\/01\\\/29\\\/peter-ehler-wird-geschaeftsfuehrer-von-rheincargo\\\/#primaryimage\",\"url\":\"https:\\\/\\\/transportjournal.com\\\/wp-content\\\/uploads\\\/sites\\\/2\\\/2026\\\/01\\\/2026_01_29_V_l_Peter_Ehler_Sascha_Odermatt-scaled-aspect-ratio-1400-788-scaled-1.jpg\",\"contentUrl\":\"https:\\\/\\\/transportjournal.com\\\/wp-content\\\/uploads\\\/sites\\\/2\\\/2026\\\/01\\\/2026_01_29_V_l_Peter_Ehler_Sascha_Odermatt-scaled-aspect-ratio-1400-788-scaled-1.jpg\",\"width\":2560,\"height\":1441},{\"@type\":\"BreadcrumbList\",\"@id\":\"https:\\\/\\\/transportjournal.com\\\/de\\\/2026\\\/01\\\/29\\\/peter-ehler-wird-geschaeftsfuehrer-von-rheincargo\\\/#breadcrumb\",\"itemListElement\":[{\"@type\":\"ListItem\",\"position\":1,\"name\":\"Startseite\",\"item\":\"https:\\\/\\\/transportjournal.com\\\/de\\\/\"},{\"@type\":\"ListItem\",\"position\":2,\"name\":\"Peter Ehler wird Gesch\u00e4ftsf\u00fchrer von RheinCargo\"}]},{\"@type\":\"WebSite\",\"@id\":\"https:\\\/\\\/transportjournal.com\\\/de\\\/#website\",\"url\":\"https:\\\/\\\/transportjournal.com\\\/de\\\/\",\"name\":\"ITJ | International Transport Journal\",\"description\":\"Stay informed with the latest global news from the transport, logistics, and supply chain industries. Transport Journal delivers expert insights, analysis, and updates across shipping, aviation, intermodal, and forwarding.\",\"publisher\":{\"@id\":\"https:\\\/\\\/transportjournal.com\\\/de\\\/#organization\"},\"potentialAction\":[{\"@type\":\"SearchAction\",\"target\":{\"@type\":\"EntryPoint\",\"urlTemplate\":\"https:\\\/\\\/transportjournal.com\\\/de\\\/?s={search_term_string}\"},\"query-input\":{\"@type\":\"PropertyValueSpecification\",\"valueRequired\":true,\"valueName\":\"search_term_string\"}}],\"inLanguage\":\"de\"},{\"@type\":\"Organization\",\"@id\":\"https:\\\/\\\/transportjournal.com\\\/de\\\/#organization\",\"name\":\"Groupe Logismedia AG\",\"alternateName\":\"Logismedia Group AG\",\"url\":\"https:\\\/\\\/transportjournal.com\\\/de\\\/\",\"logo\":{\"@type\":\"ImageObject\",\"inLanguage\":\"de\",\"@id\":\"https:\\\/\\\/transportjournal.com\\\/de\\\/#\\\/schema\\\/logo\\\/image\\\/\",\"url\":\"https:\\\/\\\/transportjournal.com\\\/wp-content\\\/uploads\\\/sites\\\/2\\\/2025\\\/09\\\/Logo_ITJ.png\",\"contentUrl\":\"https:\\\/\\\/transportjournal.com\\\/wp-content\\\/uploads\\\/sites\\\/2\\\/2025\\\/09\\\/Logo_ITJ.png\",\"width\":799,\"height\":326,\"caption\":\"Groupe Logismedia AG\"},\"image\":{\"@id\":\"https:\\\/\\\/transportjournal.com\\\/de\\\/#\\\/schema\\\/logo\\\/image\\\/\"},\"sameAs\":[\"https:\\\/\\\/www.linkedin.com\\\/company\\\/56456496\\\/admin\\\/dashboard\\\/\",\"https:\\\/\\\/www.instagram.com\\\/logismediagroup\\\/\",\"https:\\\/\\\/www.youtube.com\\\/@LogiamediaGroupAG\"]},{\"@type\":\"Person\",\"@id\":\"https:\\\/\\\/transportjournal.com\\\/de\\\/#\\\/schema\\\/person\\\/cf538b3157f15afd7589245a4b3dbd25\",\"name\":\"Andreas Haug\",\"url\":\"https:\\\/\\\/transportjournal.com\\\/de\\\/author\\\/andreas\\\/\"}]}<\/script>\n<!-- \/ Yoast SEO plugin. -->","yoast_head_json":{"title":"Peter Ehler wird Gesch\u00e4ftsf\u00fchrer von RheinCargo - ITJ | International Transport Journal","robots":{"index":"index","follow":"follow","max-snippet":"max-snippet:-1","max-image-preview":"max-image-preview:large","max-video-preview":"max-video-preview:-1"},"canonical":"https:\/\/transportjournal.com\/de\/2026\/01\/29\/peter-ehler-wird-geschaeftsfuehrer-von-rheincargo\/","og_locale":"de_DE","og_type":"article","og_title":"Peter Ehler wird Gesch\u00e4ftsf\u00fchrer von RheinCargo - ITJ | International Transport Journal","og_description":"Peter Ehler wird am 1. Februar 2026 neuer Gesch\u00e4ftsf\u00fchrer der RheinCargo und folgt damit Sascha Odermatt nach.","og_url":"https:\/\/transportjournal.com\/de\/2026\/01\/29\/peter-ehler-wird-geschaeftsfuehrer-von-rheincargo\/","og_site_name":"ITJ | International Transport Journal","article_published_time":"2026-01-29T09:46:54+00:00","og_image":[{"width":2560,"height":1441,"url":"https:\/\/transportjournal.com\/wp-content\/uploads\/sites\/2\/2026\/01\/2026_01_29_V_l_Peter_Ehler_Sascha_Odermatt-scaled-aspect-ratio-1400-788-scaled-1.jpg","type":"image\/jpeg"}],"author":"Andreas Haug","twitter_card":"summary_large_image","twitter_misc":{"Verfasst von":"Andreas Haug","Gesch\u00e4tzte Lesezeit":"2\u00a0Minute"},"schema":{"@context":"https:\/\/schema.org","@graph":[{"@type":"Article","@id":"https:\/\/transportjournal.com\/de\/2026\/01\/29\/peter-ehler-wird-geschaeftsfuehrer-von-rheincargo\/#article","isPartOf":{"@id":"https:\/\/transportjournal.com\/de\/2026\/01\/29\/peter-ehler-wird-geschaeftsfuehrer-von-rheincargo\/"},"author":{"name":"Andreas Haug","@id":"https:\/\/transportjournal.com\/de\/#\/schema\/person\/cf538b3157f15afd7589245a4b3dbd25"},"headline":"Peter Ehler wird Gesch\u00e4ftsf\u00fchrer von RheinCargo","datePublished":"2026-01-29T09:46:54+00:00","mainEntityOfPage":{"@id":"https:\/\/transportjournal.com\/de\/2026\/01\/29\/peter-ehler-wird-geschaeftsfuehrer-von-rheincargo\/"},"wordCount":343,"commentCount":0,"publisher":{"@id":"https:\/\/transportjournal.com\/de\/#organization"},"image":{"@id":"https:\/\/transportjournal.com\/de\/2026\/01\/29\/peter-ehler-wird-geschaeftsfuehrer-von-rheincargo\/#primaryimage"},"thumbnailUrl":"https:\/\/transportjournal.com\/wp-content\/uploads\/sites\/2\/2026\/01\/2026_01_29_V_l_Peter_Ehler_Sascha_Odermatt-scaled-aspect-ratio-1400-788-scaled-1.jpg","keywords":["AWISTA GmbH","Baustellensperrungen","construction site closures","d\u00e9fis logistiques","demande industrielle","Deutsch RheinCargo","d\u00e9veloppement des infrastructures","directeur g\u00e9n\u00e9ral RheinCargo","D\u00fcsseldorf logistics","D\u00fcsseldorf Logistik","economic performance","Eisenbahnbereich","entreprises logistiques r\u00e9gionales","Fachkr\u00e4ftemangel Logistik","fermetures de chantiers","freight transport Cologne","Gesch\u00e4ftsf\u00fchrer RheinCargo","gestion dans la logistique","gestion de la cha\u00eene d'approvisionnement","gestion op\u00e9rationnelle","G\u00fcterverkehr K\u00f6ln","Herausforderungen in der Logistik","industrial demand","industrielle Nachfrage","infrastructure development","Infrastrukturentwicklung","logistics challenges","logistics industry","Logistik auf der Schiene","Logistikbranche","logistique D\u00fcsseldorf","logistique ferroviaire","Management in der Logistik","management in logistics","Neuss D\u00fcsseldorf ports","Neuss D\u00fcsseldorfer H\u00e4fen","operational management Fran\u00e7ais RheinCargo","p\u00e9nurie de comp\u00e9tences logistique","performance \u00e9conomique","Peter Ehler","ports de Neuss D\u00fcsseldorf","prix des voies","rail logistics","railway sector","regional logistics companies","regionale Logistikunternehmen","RheinCargo CEO","secteur ferroviaire","secteur logistique","skills shortage logistics","Supply Chain Management","track prices","transport de marchandises Cologne","Trassenpreise","wirtschaftliche Performance English RheinCargo"],"articleSection":["Deutschland","Europa","Intermodal \/ Stra\u00dfe","Menschen &amp; Unternehmen"],"inLanguage":"de","potentialAction":[{"@type":"CommentAction","name":"Comment","target":["https:\/\/transportjournal.com\/de\/2026\/01\/29\/peter-ehler-wird-geschaeftsfuehrer-von-rheincargo\/#respond"]}]},{"@type":"WebPage","@id":"https:\/\/transportjournal.com\/de\/2026\/01\/29\/peter-ehler-wird-geschaeftsfuehrer-von-rheincargo\/","url":"https:\/\/transportjournal.com\/de\/2026\/01\/29\/peter-ehler-wird-geschaeftsfuehrer-von-rheincargo\/","name":"Peter Ehler wird Gesch\u00e4ftsf\u00fchrer von RheinCargo - ITJ | International Transport Journal","isPartOf":{"@id":"https:\/\/transportjournal.com\/de\/#website"},"primaryImageOfPage":{"@id":"https:\/\/transportjournal.com\/de\/2026\/01\/29\/peter-ehler-wird-geschaeftsfuehrer-von-rheincargo\/#primaryimage"},"image":{"@id":"https:\/\/transportjournal.com\/de\/2026\/01\/29\/peter-ehler-wird-geschaeftsfuehrer-von-rheincargo\/#primaryimage"},"thumbnailUrl":"https:\/\/transportjournal.com\/wp-content\/uploads\/sites\/2\/2026\/01\/2026_01_29_V_l_Peter_Ehler_Sascha_Odermatt-scaled-aspect-ratio-1400-788-scaled-1.jpg","datePublished":"2026-01-29T09:46:54+00:00","breadcrumb":{"@id":"https:\/\/transportjournal.com\/de\/2026\/01\/29\/peter-ehler-wird-geschaeftsfuehrer-von-rheincargo\/#breadcrumb"},"inLanguage":"de","potentialAction":[{"@type":"ReadAction","target":["https:\/\/transportjournal.com\/de\/2026\/01\/29\/peter-ehler-wird-geschaeftsfuehrer-von-rheincargo\/"]}]},{"@type":"ImageObject","inLanguage":"de","@id":"https:\/\/transportjournal.com\/de\/2026\/01\/29\/peter-ehler-wird-geschaeftsfuehrer-von-rheincargo\/#primaryimage","url":"https:\/\/transportjournal.com\/wp-content\/uploads\/sites\/2\/2026\/01\/2026_01_29_V_l_Peter_Ehler_Sascha_Odermatt-scaled-aspect-ratio-1400-788-scaled-1.jpg","contentUrl":"https:\/\/transportjournal.com\/wp-content\/uploads\/sites\/2\/2026\/01\/2026_01_29_V_l_Peter_Ehler_Sascha_Odermatt-scaled-aspect-ratio-1400-788-scaled-1.jpg","width":2560,"height":1441},{"@type":"BreadcrumbList","@id":"https:\/\/transportjournal.com\/de\/2026\/01\/29\/peter-ehler-wird-geschaeftsfuehrer-von-rheincargo\/#breadcrumb","itemListElement":[{"@type":"ListItem","position":1,"name":"Startseite","item":"https:\/\/transportjournal.com\/de\/"},{"@type":"ListItem","position":2,"name":"Peter Ehler wird Gesch\u00e4ftsf\u00fchrer von RheinCargo"}]},{"@type":"WebSite","@id":"https:\/\/transportjournal.com\/de\/#website","url":"https:\/\/transportjournal.com\/de\/","name":"ITJ | International Transport Journal","description":"Stay informed with the latest global news from the transport, logistics, and supply chain industries. Transport Journal delivers expert insights, analysis, and updates across shipping, aviation, intermodal, and forwarding.","publisher":{"@id":"https:\/\/transportjournal.com\/de\/#organization"},"potentialAction":[{"@type":"SearchAction","target":{"@type":"EntryPoint","urlTemplate":"https:\/\/transportjournal.com\/de\/?s={search_term_string}"},"query-input":{"@type":"PropertyValueSpecification","valueRequired":true,"valueName":"search_term_string"}}],"inLanguage":"de"},{"@type":"Organization","@id":"https:\/\/transportjournal.com\/de\/#organization","name":"Groupe Logismedia AG","alternateName":"Logismedia Group AG","url":"https:\/\/transportjournal.com\/de\/","logo":{"@type":"ImageObject","inLanguage":"de","@id":"https:\/\/transportjournal.com\/de\/#\/schema\/logo\/image\/","url":"https:\/\/transportjournal.com\/wp-content\/uploads\/sites\/2\/2025\/09\/Logo_ITJ.png","contentUrl":"https:\/\/transportjournal.com\/wp-content\/uploads\/sites\/2\/2025\/09\/Logo_ITJ.png","width":799,"height":326,"caption":"Groupe Logismedia AG"},"image":{"@id":"https:\/\/transportjournal.com\/de\/#\/schema\/logo\/image\/"},"sameAs":["https:\/\/www.linkedin.com\/company\/56456496\/admin\/dashboard\/","https:\/\/www.instagram.com\/logismediagroup\/","https:\/\/www.youtube.com\/@LogiamediaGroupAG"]},{"@type":"Person","@id":"https:\/\/transportjournal.com\/de\/#\/schema\/person\/cf538b3157f15afd7589245a4b3dbd25","name":"Andreas Haug","url":"https:\/\/transportjournal.com\/de\/author\/andreas\/"}]}},"_links":{"self":[{"href":"https:\/\/transportjournal.com\/de\/wp-json\/wp\/v2\/posts\/75038","targetHints":{"allow":["GET"]}}],"collection":[{"href":"https:\/\/transportjournal.com\/de\/wp-json\/wp\/v2\/posts"}],"about":[{"href":"https:\/\/transportjournal.com\/de\/wp-json\/wp\/v2\/types\/post"}],"author":[{"embeddable":true,"href":"https:\/\/transportjournal.com\/de\/wp-json\/wp\/v2\/users\/12"}],"replies":[{"embeddable":true,"href":"https:\/\/transportjournal.com\/de\/wp-json\/wp\/v2\/comments?post=75038"}],"version-history":[{"count":0,"href":"https:\/\/transportjournal.com\/de\/wp-json\/wp\/v2\/posts\/75038\/revisions"}],"wp:featuredmedia":[{"embeddable":true,"href":"https:\/\/transportjournal.com\/de\/wp-json\/wp\/v2\/media\/75037"}],"wp:attachment":[{"href":"https:\/\/transportjournal.com\/de\/wp-json\/wp\/v2\/media?parent=75038"}],"wp:term":[{"taxonomy":"category","embeddable":true,"href":"https:\/\/transportjournal.com\/de\/wp-json\/wp\/v2\/categories?post=75038"},{"taxonomy":"post_tag","embeddable":true,"href":"https:\/\/transportjournal.com\/de\/wp-json\/wp\/v2\/tags?post=75038"}],"curies":[{"name":"wp","href":"https:\/\/api.w.org\/{rel}","templated":true}]}}