{"id":75022,"date":"2026-01-29T08:29:29","date_gmt":"2026-01-29T08:29:29","guid":{"rendered":"https:\/\/transportjournal.com\/2026\/01\/29\/air-charter-service-baut-praesenz-in-brisbane-aus\/"},"modified":"2026-01-29T08:29:29","modified_gmt":"2026-01-29T08:29:29","slug":"air-charter-service-baut-praesenz-in-brisbane-aus","status":"publish","type":"post","link":"https:\/\/transportjournal.com\/de\/2026\/01\/29\/air-charter-service-baut-praesenz-in-brisbane-aus\/","title":{"rendered":"Air Charter Service baut Pr\u00e4senz in Brisbane aus"},"content":{"rendered":"<p>Air Charter Service hat seine Pr\u00e4senz in Australien durch die Er\u00f6ffnung eines neuen B\u00fcros in Brisbane weiter ausgebaut. Dieses B\u00fcro ist mehr als viermal so gross wie der vorherige Arbeitsplatz des Teams. Die Expansion erfolgt nur sechs Monate nach der Er\u00f6ffnung eines B\u00fcros in Perth.<\/p>\n<p>Melissa Rogers, Charter Sales Director von Air Charter Service in Brisbane, \u00e4usserte sich zu den Entwicklungen: \u201eIn den vier Jahren, seit Matthew Haigh und ich unser B\u00fcro hier er\u00f6ffnet haben, haben wir ein bemerkenswertes Wachstum erlebt und verf\u00fcgen nun \u00fcber ein stetig wachsendes Team von fast 20 Personen.\u201c<\/p>\n<p>Die Zahlen belegen den Erfolg des Unternehmens: Im vergangenen Jahr hat sich die Anzahl der Charterfl\u00fcge mehr als verdoppelt im Vergleich zu den Ergebnissen von 2024. Dar\u00fcber hinaus hat Air Charter Service mehrere neue FIFO (Fly In, Fly Out) Vertr\u00e4ge mit wichtigen Kunden gewonnen, was die wachsende Reputation des Unternehmens in der Region unterstreicht.<\/p>\n<h3>Strategische Standortwahl und Zukunftsperspektiven<\/h3>\n<p>Das neue B\u00fcro befindet sich im James Street Viertel im Fortitude Valley von Brisbane und bietet ausreichend Platz, um die Wachstumspl\u00e4ne des Unternehmens f\u00fcr die kommenden Jahre zu realisieren. Rogers betont: \u201eDies ist eine spannende Zeit f\u00fcr Air Charter Service in Australien, da wir unseren Erfolg weiter ausbauen und unsere Teams hier in Brisbane sowie die bestehenden Operationen in Sydney und Perth erweitern m\u00f6chten.\u201c<\/p>\n<p>Air Charter Service ist ein global t\u00e4tiger Flugzeugcharter-Broker mit 40 B\u00fcros auf sechs Kontinenten. Das Unternehmen organisiert j\u00e4hrlich \u00fcber 35.000 Fl\u00fcge und erwirtschaftet seit f\u00fcnf Jahren einen Umsatz von mehr als 1 Mrd. USD. Gegr\u00fcndet wurde es 1990 von Chris und Tina Leach. Heute besch\u00e4ftigt das Unternehmen weltweit mehr als 750 Mitarbeiter.<\/p>\n<p>&nbsp;<\/p>\n<p><a href=\"https:\/\/www.aircharterservice.com\/\" target=\"_blank\" rel=\"noopener noreferrer\">www.aircharterservice.com<\/a><\/p>\n<p>&nbsp;<\/p>\n","protected":false},"excerpt":{"rendered":"<p>Air Charter Service hat in Brisbane ein neues, grosses B\u00fcro er\u00f6ffnet, um das Wachstum des Unternehmens und die Expansion in Australien weiter voranzutreiben.<\/p>\n","protected":false},"author":12,"featured_media":75021,"comment_status":"open","ping_status":"open","sticky":false,"template":"","format":"standard","meta":{"_acf_changed":false,"footnotes":""},"categories":[1574,1570,1567],"tags":[10833,10834,7581,10835,10836,10837,6438,10838,6439,10839,10840,10841,10842,6305,3739,4281,4282,10843,10844,10845,10846,7594,10847,10848,10849,10850,2125,3745,2075,10851,10852,2469,1831,10853,3252,9220,9221,4298,9227,10854,4031,10855,10856,10857,10858,10859,2155,1837,5621,10860,10861],"class_list":["post-75022","post","type-post","status-publish","format-standard","has-post-thumbnail","hentry","category-asien-pazifik","category-luftfracht","category-wechsel-weltweit","tag-affretement-davions","tag-air-transport-market-francais-air-charter-service","tag-aircraft-charter","tag-augmentation-des-revenus","tag-aviation-internationale","tag-brisbane","tag-charter-flights","tag-charter-sales-director","tag-charterfluege","tag-choix-strategique-de-localisation","tag-contrats-fifo","tag-croissance-de-lequipe","tag-croissance-en-australie","tag-deutsch-air-charter-service","tag-developpement-des-infrastructures","tag-digitalisierung-in-der-luftfahrt","tag-digitalization-in-aviation","tag-directeur-des-ventes-charter","tag-expansion-mondiale","tag-fifo-contracts","tag-fifo-vertraege","tag-flugzeugcharter","tag-fortitude-valley","tag-global-expansion","tag-globale-expansion","tag-growth-in-australia","tag-industrie-du-transport","tag-infrastructure-development","tag-infrastrukturentwicklung","tag-international-aviation","tag-internationale-luftfahrt","tag-logistics-service-provider","tag-logistikdienstleister","tag-luftverkehrsmarkt-english-air-charter-service","tag-marche-du-transport-aerien","tag-market-share","tag-marktanteil","tag-numerisation-dans-laviation","tag-part-de-marche","tag-perth","tag-prestataire-de-services-logistiques","tag-revenue-increase","tag-strategic-location-choice","tag-strategische-standortwahl","tag-team-growth","tag-teamwachstum","tag-transport-industry","tag-transportwirtschaft","tag-umsatzsteigerung","tag-vols-charters","tag-wachstum-in-australien"],"acf":[],"yoast_head":"<!-- This site is optimized with the Yoast SEO plugin v27.3 - https:\/\/yoast.com\/product\/yoast-seo-wordpress\/ -->\n<title>Air Charter Service baut Pr\u00e4senz in Brisbane aus - ITJ | International Transport Journal<\/title>\n<meta name=\"robots\" content=\"index, follow, max-snippet:-1, max-image-preview:large, max-video-preview:-1\" \/>\n<link rel=\"canonical\" href=\"https:\/\/transportjournal.com\/de\/2026\/01\/29\/air-charter-service-baut-praesenz-in-brisbane-aus\/\" \/>\n<meta property=\"og:locale\" content=\"de_DE\" \/>\n<meta property=\"og:type\" content=\"article\" \/>\n<meta property=\"og:title\" content=\"Air Charter Service baut Pr\u00e4senz in Brisbane aus - ITJ | International Transport Journal\" \/>\n<meta property=\"og:description\" content=\"Air Charter Service hat in Brisbane ein neues, grosses B\u00fcro er\u00f6ffnet, um das Wachstum des Unternehmens und die Expansion in Australien weiter voranzutreiben.\" \/>\n<meta property=\"og:url\" content=\"https:\/\/transportjournal.com\/de\/2026\/01\/29\/air-charter-service-baut-praesenz-in-brisbane-aus\/\" \/>\n<meta property=\"og:site_name\" content=\"ITJ | International Transport Journal\" \/>\n<meta property=\"article:published_time\" content=\"2026-01-29T08:29:29+00:00\" \/>\n<meta property=\"og:image\" content=\"https:\/\/transportjournal.com\/wp-content\/uploads\/sites\/2\/2026\/01\/BNE-office-team-photo-scaled-aspect-ratio-1400-788-scaled-1.jpg\" \/>\n\t<meta property=\"og:image:width\" content=\"2560\" \/>\n\t<meta property=\"og:image:height\" content=\"1441\" \/>\n\t<meta property=\"og:image:type\" content=\"image\/jpeg\" \/>\n<meta name=\"author\" content=\"Andreas Haug\" \/>\n<meta name=\"twitter:card\" content=\"summary_large_image\" \/>\n<meta name=\"twitter:label1\" content=\"Verfasst von\" \/>\n\t<meta name=\"twitter:data1\" content=\"Andreas Haug\" \/>\n\t<meta name=\"twitter:label2\" content=\"Gesch\u00e4tzte Lesezeit\" \/>\n\t<meta name=\"twitter:data2\" content=\"1\u00a0Minute\" \/>\n<script type=\"application\/ld+json\" class=\"yoast-schema-graph\">{\"@context\":\"https:\\\/\\\/schema.org\",\"@graph\":[{\"@type\":\"Article\",\"@id\":\"https:\\\/\\\/transportjournal.com\\\/de\\\/2026\\\/01\\\/29\\\/air-charter-service-baut-praesenz-in-brisbane-aus\\\/#article\",\"isPartOf\":{\"@id\":\"https:\\\/\\\/transportjournal.com\\\/de\\\/2026\\\/01\\\/29\\\/air-charter-service-baut-praesenz-in-brisbane-aus\\\/\"},\"author\":{\"name\":\"Andreas Haug\",\"@id\":\"https:\\\/\\\/transportjournal.com\\\/de\\\/#\\\/schema\\\/person\\\/cf538b3157f15afd7589245a4b3dbd25\"},\"headline\":\"Air Charter Service baut Pr\u00e4senz in Brisbane aus\",\"datePublished\":\"2026-01-29T08:29:29+00:00\",\"mainEntityOfPage\":{\"@id\":\"https:\\\/\\\/transportjournal.com\\\/de\\\/2026\\\/01\\\/29\\\/air-charter-service-baut-praesenz-in-brisbane-aus\\\/\"},\"wordCount\":298,\"commentCount\":0,\"publisher\":{\"@id\":\"https:\\\/\\\/transportjournal.com\\\/de\\\/#organization\"},\"image\":{\"@id\":\"https:\\\/\\\/transportjournal.com\\\/de\\\/2026\\\/01\\\/29\\\/air-charter-service-baut-praesenz-in-brisbane-aus\\\/#primaryimage\"},\"thumbnailUrl\":\"https:\\\/\\\/transportjournal.com\\\/wp-content\\\/uploads\\\/sites\\\/2\\\/2026\\\/01\\\/BNE-office-team-photo-scaled-aspect-ratio-1400-788-scaled-1.jpg\",\"keywords\":[\"affr\u00e8tement d'avions\",\"air transport market Fran\u00e7ais Air Charter Service\",\"aircraft charter\",\"augmentation des revenus\",\"aviation internationale\",\"Brisbane\",\"charter flights\",\"Charter Sales Director\",\"Charterfl\u00fcge\",\"choix strat\u00e9gique de localisation\",\"contrats FIFO\",\"croissance de l'\u00e9quipe\",\"croissance en Australie\",\"Deutsch Air Charter Service\",\"d\u00e9veloppement des infrastructures\",\"Digitalisierung in der Luftfahrt\",\"digitalization in aviation\",\"directeur des ventes charter\",\"expansion mondiale\",\"FIFO contracts\",\"FIFO Vertr\u00e4ge\",\"Flugzeugcharter\",\"Fortitude Valley\",\"global expansion\",\"globale Expansion\",\"growth in Australia\",\"industrie du transport\",\"infrastructure development\",\"Infrastrukturentwicklung\",\"international aviation\",\"internationale Luftfahrt\",\"logistics service provider\",\"Logistikdienstleister\",\"Luftverkehrsmarkt English Air Charter Service\",\"march\u00e9 du transport a\u00e9rien\",\"market share\",\"Marktanteil\",\"num\u00e9risation dans l'aviation\",\"part de march\u00e9\",\"Perth\",\"prestataire de services logistiques\",\"revenue increase\",\"strategic location choice\",\"strategische Standortwahl\",\"team growth\",\"Teamwachstum\",\"transport industry\",\"Transportwirtschaft\",\"Umsatzsteigerung\",\"vols charters\",\"Wachstum in Australien\"],\"articleSection\":[\"Asien\\\/Pazifik\",\"Luftfracht\",\"Menschen &amp; Unternehmen\"],\"inLanguage\":\"de\",\"potentialAction\":[{\"@type\":\"CommentAction\",\"name\":\"Comment\",\"target\":[\"https:\\\/\\\/transportjournal.com\\\/de\\\/2026\\\/01\\\/29\\\/air-charter-service-baut-praesenz-in-brisbane-aus\\\/#respond\"]}]},{\"@type\":\"WebPage\",\"@id\":\"https:\\\/\\\/transportjournal.com\\\/de\\\/2026\\\/01\\\/29\\\/air-charter-service-baut-praesenz-in-brisbane-aus\\\/\",\"url\":\"https:\\\/\\\/transportjournal.com\\\/de\\\/2026\\\/01\\\/29\\\/air-charter-service-baut-praesenz-in-brisbane-aus\\\/\",\"name\":\"Air Charter Service baut Pr\u00e4senz in Brisbane aus - ITJ | International Transport Journal\",\"isPartOf\":{\"@id\":\"https:\\\/\\\/transportjournal.com\\\/de\\\/#website\"},\"primaryImageOfPage\":{\"@id\":\"https:\\\/\\\/transportjournal.com\\\/de\\\/2026\\\/01\\\/29\\\/air-charter-service-baut-praesenz-in-brisbane-aus\\\/#primaryimage\"},\"image\":{\"@id\":\"https:\\\/\\\/transportjournal.com\\\/de\\\/2026\\\/01\\\/29\\\/air-charter-service-baut-praesenz-in-brisbane-aus\\\/#primaryimage\"},\"thumbnailUrl\":\"https:\\\/\\\/transportjournal.com\\\/wp-content\\\/uploads\\\/sites\\\/2\\\/2026\\\/01\\\/BNE-office-team-photo-scaled-aspect-ratio-1400-788-scaled-1.jpg\",\"datePublished\":\"2026-01-29T08:29:29+00:00\",\"breadcrumb\":{\"@id\":\"https:\\\/\\\/transportjournal.com\\\/de\\\/2026\\\/01\\\/29\\\/air-charter-service-baut-praesenz-in-brisbane-aus\\\/#breadcrumb\"},\"inLanguage\":\"de\",\"potentialAction\":[{\"@type\":\"ReadAction\",\"target\":[\"https:\\\/\\\/transportjournal.com\\\/de\\\/2026\\\/01\\\/29\\\/air-charter-service-baut-praesenz-in-brisbane-aus\\\/\"]}]},{\"@type\":\"ImageObject\",\"inLanguage\":\"de\",\"@id\":\"https:\\\/\\\/transportjournal.com\\\/de\\\/2026\\\/01\\\/29\\\/air-charter-service-baut-praesenz-in-brisbane-aus\\\/#primaryimage\",\"url\":\"https:\\\/\\\/transportjournal.com\\\/wp-content\\\/uploads\\\/sites\\\/2\\\/2026\\\/01\\\/BNE-office-team-photo-scaled-aspect-ratio-1400-788-scaled-1.jpg\",\"contentUrl\":\"https:\\\/\\\/transportjournal.com\\\/wp-content\\\/uploads\\\/sites\\\/2\\\/2026\\\/01\\\/BNE-office-team-photo-scaled-aspect-ratio-1400-788-scaled-1.jpg\",\"width\":2560,\"height\":1441},{\"@type\":\"BreadcrumbList\",\"@id\":\"https:\\\/\\\/transportjournal.com\\\/de\\\/2026\\\/01\\\/29\\\/air-charter-service-baut-praesenz-in-brisbane-aus\\\/#breadcrumb\",\"itemListElement\":[{\"@type\":\"ListItem\",\"position\":1,\"name\":\"Startseite\",\"item\":\"https:\\\/\\\/transportjournal.com\\\/de\\\/\"},{\"@type\":\"ListItem\",\"position\":2,\"name\":\"Air Charter Service baut Pr\u00e4senz in Brisbane aus\"}]},{\"@type\":\"WebSite\",\"@id\":\"https:\\\/\\\/transportjournal.com\\\/de\\\/#website\",\"url\":\"https:\\\/\\\/transportjournal.com\\\/de\\\/\",\"name\":\"ITJ | International Transport Journal\",\"description\":\"Stay informed with the latest global news from the transport, logistics, and supply chain industries. Transport Journal delivers expert insights, analysis, and updates across shipping, aviation, intermodal, and forwarding.\",\"publisher\":{\"@id\":\"https:\\\/\\\/transportjournal.com\\\/de\\\/#organization\"},\"potentialAction\":[{\"@type\":\"SearchAction\",\"target\":{\"@type\":\"EntryPoint\",\"urlTemplate\":\"https:\\\/\\\/transportjournal.com\\\/de\\\/?s={search_term_string}\"},\"query-input\":{\"@type\":\"PropertyValueSpecification\",\"valueRequired\":true,\"valueName\":\"search_term_string\"}}],\"inLanguage\":\"de\"},{\"@type\":\"Organization\",\"@id\":\"https:\\\/\\\/transportjournal.com\\\/de\\\/#organization\",\"name\":\"Groupe Logismedia AG\",\"alternateName\":\"Logismedia Group AG\",\"url\":\"https:\\\/\\\/transportjournal.com\\\/de\\\/\",\"logo\":{\"@type\":\"ImageObject\",\"inLanguage\":\"de\",\"@id\":\"https:\\\/\\\/transportjournal.com\\\/de\\\/#\\\/schema\\\/logo\\\/image\\\/\",\"url\":\"https:\\\/\\\/transportjournal.com\\\/wp-content\\\/uploads\\\/sites\\\/2\\\/2025\\\/09\\\/Logo_ITJ.png\",\"contentUrl\":\"https:\\\/\\\/transportjournal.com\\\/wp-content\\\/uploads\\\/sites\\\/2\\\/2025\\\/09\\\/Logo_ITJ.png\",\"width\":799,\"height\":326,\"caption\":\"Groupe Logismedia AG\"},\"image\":{\"@id\":\"https:\\\/\\\/transportjournal.com\\\/de\\\/#\\\/schema\\\/logo\\\/image\\\/\"},\"sameAs\":[\"https:\\\/\\\/www.linkedin.com\\\/company\\\/56456496\\\/admin\\\/dashboard\\\/\",\"https:\\\/\\\/www.instagram.com\\\/logismediagroup\\\/\",\"https:\\\/\\\/www.youtube.com\\\/@LogiamediaGroupAG\"]},{\"@type\":\"Person\",\"@id\":\"https:\\\/\\\/transportjournal.com\\\/de\\\/#\\\/schema\\\/person\\\/cf538b3157f15afd7589245a4b3dbd25\",\"name\":\"Andreas Haug\",\"url\":\"https:\\\/\\\/transportjournal.com\\\/de\\\/author\\\/andreas\\\/\"}]}<\/script>\n<!-- \/ Yoast SEO plugin. -->","yoast_head_json":{"title":"Air Charter Service baut Pr\u00e4senz in Brisbane aus - ITJ | International Transport Journal","robots":{"index":"index","follow":"follow","max-snippet":"max-snippet:-1","max-image-preview":"max-image-preview:large","max-video-preview":"max-video-preview:-1"},"canonical":"https:\/\/transportjournal.com\/de\/2026\/01\/29\/air-charter-service-baut-praesenz-in-brisbane-aus\/","og_locale":"de_DE","og_type":"article","og_title":"Air Charter Service baut Pr\u00e4senz in Brisbane aus - ITJ | International Transport Journal","og_description":"Air Charter Service hat in Brisbane ein neues, grosses B\u00fcro er\u00f6ffnet, um das Wachstum des Unternehmens und die Expansion in Australien weiter voranzutreiben.","og_url":"https:\/\/transportjournal.com\/de\/2026\/01\/29\/air-charter-service-baut-praesenz-in-brisbane-aus\/","og_site_name":"ITJ | International Transport Journal","article_published_time":"2026-01-29T08:29:29+00:00","og_image":[{"width":2560,"height":1441,"url":"https:\/\/transportjournal.com\/wp-content\/uploads\/sites\/2\/2026\/01\/BNE-office-team-photo-scaled-aspect-ratio-1400-788-scaled-1.jpg","type":"image\/jpeg"}],"author":"Andreas Haug","twitter_card":"summary_large_image","twitter_misc":{"Verfasst von":"Andreas Haug","Gesch\u00e4tzte Lesezeit":"1\u00a0Minute"},"schema":{"@context":"https:\/\/schema.org","@graph":[{"@type":"Article","@id":"https:\/\/transportjournal.com\/de\/2026\/01\/29\/air-charter-service-baut-praesenz-in-brisbane-aus\/#article","isPartOf":{"@id":"https:\/\/transportjournal.com\/de\/2026\/01\/29\/air-charter-service-baut-praesenz-in-brisbane-aus\/"},"author":{"name":"Andreas Haug","@id":"https:\/\/transportjournal.com\/de\/#\/schema\/person\/cf538b3157f15afd7589245a4b3dbd25"},"headline":"Air Charter Service baut Pr\u00e4senz in Brisbane aus","datePublished":"2026-01-29T08:29:29+00:00","mainEntityOfPage":{"@id":"https:\/\/transportjournal.com\/de\/2026\/01\/29\/air-charter-service-baut-praesenz-in-brisbane-aus\/"},"wordCount":298,"commentCount":0,"publisher":{"@id":"https:\/\/transportjournal.com\/de\/#organization"},"image":{"@id":"https:\/\/transportjournal.com\/de\/2026\/01\/29\/air-charter-service-baut-praesenz-in-brisbane-aus\/#primaryimage"},"thumbnailUrl":"https:\/\/transportjournal.com\/wp-content\/uploads\/sites\/2\/2026\/01\/BNE-office-team-photo-scaled-aspect-ratio-1400-788-scaled-1.jpg","keywords":["affr\u00e8tement d'avions","air transport market Fran\u00e7ais Air Charter Service","aircraft charter","augmentation des revenus","aviation internationale","Brisbane","charter flights","Charter Sales Director","Charterfl\u00fcge","choix strat\u00e9gique de localisation","contrats FIFO","croissance de l'\u00e9quipe","croissance en Australie","Deutsch Air Charter Service","d\u00e9veloppement des infrastructures","Digitalisierung in der Luftfahrt","digitalization in aviation","directeur des ventes charter","expansion mondiale","FIFO contracts","FIFO Vertr\u00e4ge","Flugzeugcharter","Fortitude Valley","global expansion","globale Expansion","growth in Australia","industrie du transport","infrastructure development","Infrastrukturentwicklung","international aviation","internationale Luftfahrt","logistics service provider","Logistikdienstleister","Luftverkehrsmarkt English Air Charter Service","march\u00e9 du transport a\u00e9rien","market share","Marktanteil","num\u00e9risation dans l'aviation","part de march\u00e9","Perth","prestataire de services logistiques","revenue increase","strategic location choice","strategische Standortwahl","team growth","Teamwachstum","transport industry","Transportwirtschaft","Umsatzsteigerung","vols charters","Wachstum in Australien"],"articleSection":["Asien\/Pazifik","Luftfracht","Menschen &amp; Unternehmen"],"inLanguage":"de","potentialAction":[{"@type":"CommentAction","name":"Comment","target":["https:\/\/transportjournal.com\/de\/2026\/01\/29\/air-charter-service-baut-praesenz-in-brisbane-aus\/#respond"]}]},{"@type":"WebPage","@id":"https:\/\/transportjournal.com\/de\/2026\/01\/29\/air-charter-service-baut-praesenz-in-brisbane-aus\/","url":"https:\/\/transportjournal.com\/de\/2026\/01\/29\/air-charter-service-baut-praesenz-in-brisbane-aus\/","name":"Air Charter Service baut Pr\u00e4senz in Brisbane aus - ITJ | International Transport Journal","isPartOf":{"@id":"https:\/\/transportjournal.com\/de\/#website"},"primaryImageOfPage":{"@id":"https:\/\/transportjournal.com\/de\/2026\/01\/29\/air-charter-service-baut-praesenz-in-brisbane-aus\/#primaryimage"},"image":{"@id":"https:\/\/transportjournal.com\/de\/2026\/01\/29\/air-charter-service-baut-praesenz-in-brisbane-aus\/#primaryimage"},"thumbnailUrl":"https:\/\/transportjournal.com\/wp-content\/uploads\/sites\/2\/2026\/01\/BNE-office-team-photo-scaled-aspect-ratio-1400-788-scaled-1.jpg","datePublished":"2026-01-29T08:29:29+00:00","breadcrumb":{"@id":"https:\/\/transportjournal.com\/de\/2026\/01\/29\/air-charter-service-baut-praesenz-in-brisbane-aus\/#breadcrumb"},"inLanguage":"de","potentialAction":[{"@type":"ReadAction","target":["https:\/\/transportjournal.com\/de\/2026\/01\/29\/air-charter-service-baut-praesenz-in-brisbane-aus\/"]}]},{"@type":"ImageObject","inLanguage":"de","@id":"https:\/\/transportjournal.com\/de\/2026\/01\/29\/air-charter-service-baut-praesenz-in-brisbane-aus\/#primaryimage","url":"https:\/\/transportjournal.com\/wp-content\/uploads\/sites\/2\/2026\/01\/BNE-office-team-photo-scaled-aspect-ratio-1400-788-scaled-1.jpg","contentUrl":"https:\/\/transportjournal.com\/wp-content\/uploads\/sites\/2\/2026\/01\/BNE-office-team-photo-scaled-aspect-ratio-1400-788-scaled-1.jpg","width":2560,"height":1441},{"@type":"BreadcrumbList","@id":"https:\/\/transportjournal.com\/de\/2026\/01\/29\/air-charter-service-baut-praesenz-in-brisbane-aus\/#breadcrumb","itemListElement":[{"@type":"ListItem","position":1,"name":"Startseite","item":"https:\/\/transportjournal.com\/de\/"},{"@type":"ListItem","position":2,"name":"Air Charter Service baut Pr\u00e4senz in Brisbane aus"}]},{"@type":"WebSite","@id":"https:\/\/transportjournal.com\/de\/#website","url":"https:\/\/transportjournal.com\/de\/","name":"ITJ | International Transport Journal","description":"Stay informed with the latest global news from the transport, logistics, and supply chain industries. Transport Journal delivers expert insights, analysis, and updates across shipping, aviation, intermodal, and forwarding.","publisher":{"@id":"https:\/\/transportjournal.com\/de\/#organization"},"potentialAction":[{"@type":"SearchAction","target":{"@type":"EntryPoint","urlTemplate":"https:\/\/transportjournal.com\/de\/?s={search_term_string}"},"query-input":{"@type":"PropertyValueSpecification","valueRequired":true,"valueName":"search_term_string"}}],"inLanguage":"de"},{"@type":"Organization","@id":"https:\/\/transportjournal.com\/de\/#organization","name":"Groupe Logismedia AG","alternateName":"Logismedia Group AG","url":"https:\/\/transportjournal.com\/de\/","logo":{"@type":"ImageObject","inLanguage":"de","@id":"https:\/\/transportjournal.com\/de\/#\/schema\/logo\/image\/","url":"https:\/\/transportjournal.com\/wp-content\/uploads\/sites\/2\/2025\/09\/Logo_ITJ.png","contentUrl":"https:\/\/transportjournal.com\/wp-content\/uploads\/sites\/2\/2025\/09\/Logo_ITJ.png","width":799,"height":326,"caption":"Groupe Logismedia AG"},"image":{"@id":"https:\/\/transportjournal.com\/de\/#\/schema\/logo\/image\/"},"sameAs":["https:\/\/www.linkedin.com\/company\/56456496\/admin\/dashboard\/","https:\/\/www.instagram.com\/logismediagroup\/","https:\/\/www.youtube.com\/@LogiamediaGroupAG"]},{"@type":"Person","@id":"https:\/\/transportjournal.com\/de\/#\/schema\/person\/cf538b3157f15afd7589245a4b3dbd25","name":"Andreas Haug","url":"https:\/\/transportjournal.com\/de\/author\/andreas\/"}]}},"_links":{"self":[{"href":"https:\/\/transportjournal.com\/de\/wp-json\/wp\/v2\/posts\/75022","targetHints":{"allow":["GET"]}}],"collection":[{"href":"https:\/\/transportjournal.com\/de\/wp-json\/wp\/v2\/posts"}],"about":[{"href":"https:\/\/transportjournal.com\/de\/wp-json\/wp\/v2\/types\/post"}],"author":[{"embeddable":true,"href":"https:\/\/transportjournal.com\/de\/wp-json\/wp\/v2\/users\/12"}],"replies":[{"embeddable":true,"href":"https:\/\/transportjournal.com\/de\/wp-json\/wp\/v2\/comments?post=75022"}],"version-history":[{"count":0,"href":"https:\/\/transportjournal.com\/de\/wp-json\/wp\/v2\/posts\/75022\/revisions"}],"wp:featuredmedia":[{"embeddable":true,"href":"https:\/\/transportjournal.com\/de\/wp-json\/wp\/v2\/media\/75021"}],"wp:attachment":[{"href":"https:\/\/transportjournal.com\/de\/wp-json\/wp\/v2\/media?parent=75022"}],"wp:term":[{"taxonomy":"category","embeddable":true,"href":"https:\/\/transportjournal.com\/de\/wp-json\/wp\/v2\/categories?post=75022"},{"taxonomy":"post_tag","embeddable":true,"href":"https:\/\/transportjournal.com\/de\/wp-json\/wp\/v2\/tags?post=75022"}],"curies":[{"name":"wp","href":"https:\/\/api.w.org\/{rel}","templated":true}]}}