{"id":74955,"date":"2026-01-28T15:26:59","date_gmt":"2026-01-28T15:26:59","guid":{"rendered":"https:\/\/transportjournal.com\/2026\/01\/28\/nfi-holt-melissa-curry-zurueck\/"},"modified":"2026-01-28T15:26:59","modified_gmt":"2026-01-28T15:26:59","slug":"nfi-holt-melissa-curry-zurueck","status":"publish","type":"post","link":"https:\/\/transportjournal.com\/de\/2026\/01\/28\/nfi-holt-melissa-curry-zurueck\/","title":{"rendered":"NFI holt Melissa Curry zur\u00fcck"},"content":{"rendered":"<p>NFI hat Melissa Curry als Vice President of Global zur\u00fcckgeholt. In ihrer neuen Rolle wird sie die Global Freight Forwarding-Abteilung leiten und direkt mit den aktuellen Betreibern zusammenarbeiten. Curry bringt umfangreiche Erfahrung in der Logistikbranche mit, die sie in verschiedenen F\u00fchrungspositionen gesammelt hat. Ihre Expertise umfasst den Aufbau und die Skalierung komplexer Logistik- und Fulfillment-Operationen, einschliesslich der Leitung von Projekten, die von der Null bis zur vollst\u00e4ndigen Betriebsf\u00e4higkeit reichen.<\/p>\n<p>Brian Webb, Pr\u00e4sident der Port Services von NFI, \u00e4usserte sich positiv \u00fcber Currys R\u00fcckkehr: \u201eMelissa ist eine hoch angesehene operative F\u00fchrungskraft, deren Fachwissen und tiefes Verst\u00e4ndnis f\u00fcr globale Lieferketten unserer Port Services-Abteilung zugutekommen werden.\u201c Webb betonte, dass ihr systematischer und umsetzungsorientierter Ansatz zur Umsetzung von Strategien die Erfahrung der Versender weiter verbessern wird.<\/p>\n<p>Curry hat zuvor als Leiterin der Programme bei Stord gearbeitet und war VP f\u00fcr Fulfillment Operations bei Nimble Robotics, wo sie die Strategie und Umsetzung f\u00fcr mehrere moderne Fulfillment-Zentren leitete. Ihre Karriere bei NFI begann sie als Regional VP f\u00fcr Operations bei NFI California Cartage. Dar\u00fcber hinaus ist sie Mitglied des Vorstands von Girls on the Run Los Angeles und hat einen Bachelor of Science in Management &amp; International Business von der Villanova University sowie einen MBA von der Pepperdine University erworben. Ihre Weiterbildung in F\u00fchrungskompetenzen absolvierte sie an der Stanford Graduate School of Business.<\/p>\n<p>NFI ist ein integrierter Anbieter von L\u00f6sungen f\u00fcr die nordamerikanische Lieferkette mit Hauptsitz in Camden, New Jersey. Das Unternehmen, das seit 1932 im Familienbesitz der Browns ist, erzielt einen Jahresumsatz von \u00fcber 3,6 Mrd. USD und besch\u00e4ftigt mehr als 18.000 Mitarbeiter. NFI betreibt \u00fcber 6,78 Mio. m\u00b2 Lagerfl\u00e4che und verf\u00fcgt \u00fcber eine Flotte von 5.000 Zugmaschinen und 14.000 Anh\u00e4ngern. Die Dienstleistungen des Unternehmens umfassen unter anderem dedizierte Transporte, Lagerhaltung, E-Commerce-Fulfillment und globale Logistikl\u00f6sungen.<\/p>\n<p>&nbsp;<\/p>\n<p><a href=\"https:\/\/www.nfiindustries.com\/\" target=\"_blank\" rel=\"noopener noreferrer\">www.nfiindustries.com<\/a><\/p>\n<p>&nbsp;<\/p>\n","protected":false},"excerpt":{"rendered":"<p>NFI hat Melissa Curry als Vice President of Global Freight Forwarding zur\u00fcckgeholt, um ihre umfangreiche Logistikexpertise in der Abteilung einzubringen.<\/p>\n","protected":false},"author":12,"featured_media":74954,"comment_status":"open","ping_status":"open","sticky":false,"template":"","format":"standard","meta":{"_acf_changed":false,"footnotes":""},"categories":[1578,1568,1567,1569],"tags":[10805,10806,10807,3739,2115,2116,10808,2221,1889,10809,10810,10811,2123,10812,10813,10814,10815,10816,2910,3745,2075,10561,2225,10817,10818,2918,4028,2135,1855,2622,10819,10820,1800,10821,10822,3157,10823,10824,10825,2232,10826,10827,10828,4035,10829,10830,2106,2641,10831,10832,4632,2249],"class_list":["post-74955","post","type-post","status-publish","format-standard","has-post-thumbnail","hentry","category-amerikas","category-bahn-binnenschifffahrt-strasse","category-wechsel-weltweit","category-logistik-spedition","tag-camden-new-jersey","tag-chaine-dapprovisionnement-nord-americaine","tag-deutsch-nfi","tag-developpement-des-infrastructures","tag-digitalisierung-in-der-logistik","tag-digitalization-in-logistics","tag-e-commerce-fulfillment","tag-entreposage","tag-fachkraeftemangel","tag-fulfillment-e-commerce","tag-fulfillment-operations","tag-fulfillment-operationen","tag-gestion-de-la-chaine-dapprovisionnement","tag-gestion-de-projet-en-logistique","tag-global-freight-forwarding","tag-global-transportation-industry","tag-globale-transportwirtschaft","tag-industrie-du-transport-mondial","tag-industrie-logistique","tag-infrastructure-development","tag-infrastrukturentwicklung","tag-labor-shortage","tag-lagerhaltung","tag-leadership-operationnel","tag-lieferkettenmanagement","tag-logistics-industry","tag-logistics-solutions","tag-logistikbranche","tag-logistikloesungen","tag-logistique-durable","tag-melissa-curry","tag-mise-en-oeuvre-strategique","tag-nachhaltige-logistik","tag-nordamerikanische-lieferkette","tag-north-american-supply-chain","tag-numerisation-dans-la-logistique","tag-operational-leadership","tag-operations-de-fulfillment","tag-operative-fuehrungskraft","tag-penurie-de-main-doeuvre","tag-prestataires-de-transport","tag-project-management-in-logistics","tag-projektmanagement-in-der-logistik","tag-solutions-logistiques","tag-strategic-implementation-francais-nfi","tag-strategische-umsetzung-english-nfi","tag-supply-chain-management","tag-sustainable-logistics","tag-transport-de-fret-mondial","tag-transportation-providers","tag-transportdienstleister","tag-warehousing"],"acf":[],"yoast_head":"<!-- This site is optimized with the Yoast SEO plugin v27.3 - https:\/\/yoast.com\/product\/yoast-seo-wordpress\/ -->\n<title>NFI holt Melissa Curry zur\u00fcck - ITJ | International Transport Journal<\/title>\n<meta name=\"robots\" content=\"index, follow, max-snippet:-1, max-image-preview:large, max-video-preview:-1\" \/>\n<link rel=\"canonical\" href=\"https:\/\/transportjournal.com\/de\/2026\/01\/28\/nfi-holt-melissa-curry-zurueck\/\" \/>\n<meta property=\"og:locale\" content=\"de_DE\" \/>\n<meta property=\"og:type\" content=\"article\" \/>\n<meta property=\"og:title\" content=\"NFI holt Melissa Curry zur\u00fcck - ITJ | International Transport Journal\" \/>\n<meta property=\"og:description\" content=\"NFI hat Melissa Curry als Vice President of Global Freight Forwarding zur\u00fcckgeholt, um ihre umfangreiche Logistikexpertise in der Abteilung einzubringen.\" \/>\n<meta property=\"og:url\" content=\"https:\/\/transportjournal.com\/de\/2026\/01\/28\/nfi-holt-melissa-curry-zurueck\/\" \/>\n<meta property=\"og:site_name\" content=\"ITJ | International Transport Journal\" \/>\n<meta property=\"article:published_time\" content=\"2026-01-28T15:26:59+00:00\" \/>\n<meta property=\"og:image\" content=\"https:\/\/transportjournal.com\/wp-content\/uploads\/sites\/2\/2026\/01\/Melissa_Curry_Headshot-836x1024-1-aspect-ratio-1400-788.jpeg\" \/>\n\t<meta property=\"og:image:width\" content=\"836\" \/>\n\t<meta property=\"og:image:height\" content=\"470\" \/>\n\t<meta property=\"og:image:type\" content=\"image\/jpeg\" \/>\n<meta name=\"author\" content=\"Andreas Haug\" \/>\n<meta name=\"twitter:card\" content=\"summary_large_image\" \/>\n<meta name=\"twitter:label1\" content=\"Verfasst von\" \/>\n\t<meta name=\"twitter:data1\" content=\"Andreas Haug\" \/>\n\t<meta name=\"twitter:label2\" content=\"Gesch\u00e4tzte Lesezeit\" \/>\n\t<meta name=\"twitter:data2\" content=\"2\u00a0Minute\" \/>\n<script type=\"application\/ld+json\" class=\"yoast-schema-graph\">{\"@context\":\"https:\\\/\\\/schema.org\",\"@graph\":[{\"@type\":\"Article\",\"@id\":\"https:\\\/\\\/transportjournal.com\\\/de\\\/2026\\\/01\\\/28\\\/nfi-holt-melissa-curry-zurueck\\\/#article\",\"isPartOf\":{\"@id\":\"https:\\\/\\\/transportjournal.com\\\/de\\\/2026\\\/01\\\/28\\\/nfi-holt-melissa-curry-zurueck\\\/\"},\"author\":{\"name\":\"Andreas Haug\",\"@id\":\"https:\\\/\\\/transportjournal.com\\\/de\\\/#\\\/schema\\\/person\\\/cf538b3157f15afd7589245a4b3dbd25\"},\"headline\":\"NFI holt Melissa Curry zur\u00fcck\",\"datePublished\":\"2026-01-28T15:26:59+00:00\",\"mainEntityOfPage\":{\"@id\":\"https:\\\/\\\/transportjournal.com\\\/de\\\/2026\\\/01\\\/28\\\/nfi-holt-melissa-curry-zurueck\\\/\"},\"wordCount\":316,\"commentCount\":0,\"publisher\":{\"@id\":\"https:\\\/\\\/transportjournal.com\\\/de\\\/#organization\"},\"image\":{\"@id\":\"https:\\\/\\\/transportjournal.com\\\/de\\\/2026\\\/01\\\/28\\\/nfi-holt-melissa-curry-zurueck\\\/#primaryimage\"},\"thumbnailUrl\":\"https:\\\/\\\/transportjournal.com\\\/wp-content\\\/uploads\\\/sites\\\/2\\\/2026\\\/01\\\/Melissa_Curry_Headshot-836x1024-1-aspect-ratio-1400-788.jpeg\",\"keywords\":[\"Camden New Jersey\",\"cha\u00eene d'approvisionnement nord-am\u00e9ricaine\",\"Deutsch NFI\",\"d\u00e9veloppement des infrastructures\",\"Digitalisierung in der Logistik\",\"digitalization in logistics\",\"E-Commerce-Fulfillment\",\"entreposage\",\"Fachkr\u00e4ftemangel\",\"fulfillment e-commerce\",\"fulfillment operations\",\"Fulfillment-Operationen\",\"gestion de la cha\u00eene d'approvisionnement\",\"gestion de projet en logistique\",\"Global Freight Forwarding\",\"global transportation industry\",\"globale Transportwirtschaft\",\"industrie du transport mondial\",\"industrie logistique\",\"infrastructure development\",\"Infrastrukturentwicklung\",\"labor shortage\",\"Lagerhaltung\",\"leadership op\u00e9rationnel\",\"Lieferkettenmanagement\",\"logistics industry\",\"logistics solutions\",\"Logistikbranche\",\"Logistikl\u00f6sungen\",\"logistique durable\",\"Melissa Curry\",\"mise en \u0153uvre strat\u00e9gique\",\"nachhaltige Logistik\",\"nordamerikanische Lieferkette\",\"North American supply chain\",\"num\u00e9risation dans la logistique\",\"operational leadership\",\"op\u00e9rations de fulfillment\",\"operative F\u00fchrungskraft\",\"p\u00e9nurie de main-d'\u0153uvre\",\"prestataires de transport\",\"project management in logistics\",\"Projektmanagement in der Logistik\",\"solutions logistiques\",\"strategic implementation Fran\u00e7ais NFI\",\"strategische Umsetzung English NFI\",\"Supply Chain Management\",\"sustainable logistics\",\"transport de fret mondial\",\"transportation providers\",\"Transportdienstleister\",\"warehousing\"],\"articleSection\":[\"Amerikas\",\"Intermodal \\\/ Stra\u00dfe\",\"Menschen &amp; Unternehmen\",\"Spedition &amp; Logistik\"],\"inLanguage\":\"de\",\"potentialAction\":[{\"@type\":\"CommentAction\",\"name\":\"Comment\",\"target\":[\"https:\\\/\\\/transportjournal.com\\\/de\\\/2026\\\/01\\\/28\\\/nfi-holt-melissa-curry-zurueck\\\/#respond\"]}]},{\"@type\":\"WebPage\",\"@id\":\"https:\\\/\\\/transportjournal.com\\\/de\\\/2026\\\/01\\\/28\\\/nfi-holt-melissa-curry-zurueck\\\/\",\"url\":\"https:\\\/\\\/transportjournal.com\\\/de\\\/2026\\\/01\\\/28\\\/nfi-holt-melissa-curry-zurueck\\\/\",\"name\":\"NFI holt Melissa Curry zur\u00fcck - ITJ | International Transport Journal\",\"isPartOf\":{\"@id\":\"https:\\\/\\\/transportjournal.com\\\/de\\\/#website\"},\"primaryImageOfPage\":{\"@id\":\"https:\\\/\\\/transportjournal.com\\\/de\\\/2026\\\/01\\\/28\\\/nfi-holt-melissa-curry-zurueck\\\/#primaryimage\"},\"image\":{\"@id\":\"https:\\\/\\\/transportjournal.com\\\/de\\\/2026\\\/01\\\/28\\\/nfi-holt-melissa-curry-zurueck\\\/#primaryimage\"},\"thumbnailUrl\":\"https:\\\/\\\/transportjournal.com\\\/wp-content\\\/uploads\\\/sites\\\/2\\\/2026\\\/01\\\/Melissa_Curry_Headshot-836x1024-1-aspect-ratio-1400-788.jpeg\",\"datePublished\":\"2026-01-28T15:26:59+00:00\",\"breadcrumb\":{\"@id\":\"https:\\\/\\\/transportjournal.com\\\/de\\\/2026\\\/01\\\/28\\\/nfi-holt-melissa-curry-zurueck\\\/#breadcrumb\"},\"inLanguage\":\"de\",\"potentialAction\":[{\"@type\":\"ReadAction\",\"target\":[\"https:\\\/\\\/transportjournal.com\\\/de\\\/2026\\\/01\\\/28\\\/nfi-holt-melissa-curry-zurueck\\\/\"]}]},{\"@type\":\"ImageObject\",\"inLanguage\":\"de\",\"@id\":\"https:\\\/\\\/transportjournal.com\\\/de\\\/2026\\\/01\\\/28\\\/nfi-holt-melissa-curry-zurueck\\\/#primaryimage\",\"url\":\"https:\\\/\\\/transportjournal.com\\\/wp-content\\\/uploads\\\/sites\\\/2\\\/2026\\\/01\\\/Melissa_Curry_Headshot-836x1024-1-aspect-ratio-1400-788.jpeg\",\"contentUrl\":\"https:\\\/\\\/transportjournal.com\\\/wp-content\\\/uploads\\\/sites\\\/2\\\/2026\\\/01\\\/Melissa_Curry_Headshot-836x1024-1-aspect-ratio-1400-788.jpeg\",\"width\":836,\"height\":470},{\"@type\":\"BreadcrumbList\",\"@id\":\"https:\\\/\\\/transportjournal.com\\\/de\\\/2026\\\/01\\\/28\\\/nfi-holt-melissa-curry-zurueck\\\/#breadcrumb\",\"itemListElement\":[{\"@type\":\"ListItem\",\"position\":1,\"name\":\"Startseite\",\"item\":\"https:\\\/\\\/transportjournal.com\\\/de\\\/\"},{\"@type\":\"ListItem\",\"position\":2,\"name\":\"NFI holt Melissa Curry zur\u00fcck\"}]},{\"@type\":\"WebSite\",\"@id\":\"https:\\\/\\\/transportjournal.com\\\/de\\\/#website\",\"url\":\"https:\\\/\\\/transportjournal.com\\\/de\\\/\",\"name\":\"ITJ | International Transport Journal\",\"description\":\"Stay informed with the latest global news from the transport, logistics, and supply chain industries. Transport Journal delivers expert insights, analysis, and updates across shipping, aviation, intermodal, and forwarding.\",\"publisher\":{\"@id\":\"https:\\\/\\\/transportjournal.com\\\/de\\\/#organization\"},\"potentialAction\":[{\"@type\":\"SearchAction\",\"target\":{\"@type\":\"EntryPoint\",\"urlTemplate\":\"https:\\\/\\\/transportjournal.com\\\/de\\\/?s={search_term_string}\"},\"query-input\":{\"@type\":\"PropertyValueSpecification\",\"valueRequired\":true,\"valueName\":\"search_term_string\"}}],\"inLanguage\":\"de\"},{\"@type\":\"Organization\",\"@id\":\"https:\\\/\\\/transportjournal.com\\\/de\\\/#organization\",\"name\":\"Groupe Logismedia AG\",\"alternateName\":\"Logismedia Group AG\",\"url\":\"https:\\\/\\\/transportjournal.com\\\/de\\\/\",\"logo\":{\"@type\":\"ImageObject\",\"inLanguage\":\"de\",\"@id\":\"https:\\\/\\\/transportjournal.com\\\/de\\\/#\\\/schema\\\/logo\\\/image\\\/\",\"url\":\"https:\\\/\\\/transportjournal.com\\\/wp-content\\\/uploads\\\/sites\\\/2\\\/2025\\\/09\\\/Logo_ITJ.png\",\"contentUrl\":\"https:\\\/\\\/transportjournal.com\\\/wp-content\\\/uploads\\\/sites\\\/2\\\/2025\\\/09\\\/Logo_ITJ.png\",\"width\":799,\"height\":326,\"caption\":\"Groupe Logismedia AG\"},\"image\":{\"@id\":\"https:\\\/\\\/transportjournal.com\\\/de\\\/#\\\/schema\\\/logo\\\/image\\\/\"},\"sameAs\":[\"https:\\\/\\\/www.linkedin.com\\\/company\\\/56456496\\\/admin\\\/dashboard\\\/\",\"https:\\\/\\\/www.instagram.com\\\/logismediagroup\\\/\",\"https:\\\/\\\/www.youtube.com\\\/@LogiamediaGroupAG\"]},{\"@type\":\"Person\",\"@id\":\"https:\\\/\\\/transportjournal.com\\\/de\\\/#\\\/schema\\\/person\\\/cf538b3157f15afd7589245a4b3dbd25\",\"name\":\"Andreas Haug\",\"url\":\"https:\\\/\\\/transportjournal.com\\\/de\\\/author\\\/andreas\\\/\"}]}<\/script>\n<!-- \/ Yoast SEO plugin. -->","yoast_head_json":{"title":"NFI holt Melissa Curry zur\u00fcck - ITJ | International Transport Journal","robots":{"index":"index","follow":"follow","max-snippet":"max-snippet:-1","max-image-preview":"max-image-preview:large","max-video-preview":"max-video-preview:-1"},"canonical":"https:\/\/transportjournal.com\/de\/2026\/01\/28\/nfi-holt-melissa-curry-zurueck\/","og_locale":"de_DE","og_type":"article","og_title":"NFI holt Melissa Curry zur\u00fcck - ITJ | International Transport Journal","og_description":"NFI hat Melissa Curry als Vice President of Global Freight Forwarding zur\u00fcckgeholt, um ihre umfangreiche Logistikexpertise in der Abteilung einzubringen.","og_url":"https:\/\/transportjournal.com\/de\/2026\/01\/28\/nfi-holt-melissa-curry-zurueck\/","og_site_name":"ITJ | International Transport Journal","article_published_time":"2026-01-28T15:26:59+00:00","og_image":[{"width":836,"height":470,"url":"https:\/\/transportjournal.com\/wp-content\/uploads\/sites\/2\/2026\/01\/Melissa_Curry_Headshot-836x1024-1-aspect-ratio-1400-788.jpeg","type":"image\/jpeg"}],"author":"Andreas Haug","twitter_card":"summary_large_image","twitter_misc":{"Verfasst von":"Andreas Haug","Gesch\u00e4tzte Lesezeit":"2\u00a0Minute"},"schema":{"@context":"https:\/\/schema.org","@graph":[{"@type":"Article","@id":"https:\/\/transportjournal.com\/de\/2026\/01\/28\/nfi-holt-melissa-curry-zurueck\/#article","isPartOf":{"@id":"https:\/\/transportjournal.com\/de\/2026\/01\/28\/nfi-holt-melissa-curry-zurueck\/"},"author":{"name":"Andreas Haug","@id":"https:\/\/transportjournal.com\/de\/#\/schema\/person\/cf538b3157f15afd7589245a4b3dbd25"},"headline":"NFI holt Melissa Curry zur\u00fcck","datePublished":"2026-01-28T15:26:59+00:00","mainEntityOfPage":{"@id":"https:\/\/transportjournal.com\/de\/2026\/01\/28\/nfi-holt-melissa-curry-zurueck\/"},"wordCount":316,"commentCount":0,"publisher":{"@id":"https:\/\/transportjournal.com\/de\/#organization"},"image":{"@id":"https:\/\/transportjournal.com\/de\/2026\/01\/28\/nfi-holt-melissa-curry-zurueck\/#primaryimage"},"thumbnailUrl":"https:\/\/transportjournal.com\/wp-content\/uploads\/sites\/2\/2026\/01\/Melissa_Curry_Headshot-836x1024-1-aspect-ratio-1400-788.jpeg","keywords":["Camden New Jersey","cha\u00eene d'approvisionnement nord-am\u00e9ricaine","Deutsch NFI","d\u00e9veloppement des infrastructures","Digitalisierung in der Logistik","digitalization in logistics","E-Commerce-Fulfillment","entreposage","Fachkr\u00e4ftemangel","fulfillment e-commerce","fulfillment operations","Fulfillment-Operationen","gestion de la cha\u00eene d'approvisionnement","gestion de projet en logistique","Global Freight Forwarding","global transportation industry","globale Transportwirtschaft","industrie du transport mondial","industrie logistique","infrastructure development","Infrastrukturentwicklung","labor shortage","Lagerhaltung","leadership op\u00e9rationnel","Lieferkettenmanagement","logistics industry","logistics solutions","Logistikbranche","Logistikl\u00f6sungen","logistique durable","Melissa Curry","mise en \u0153uvre strat\u00e9gique","nachhaltige Logistik","nordamerikanische Lieferkette","North American supply chain","num\u00e9risation dans la logistique","operational leadership","op\u00e9rations de fulfillment","operative F\u00fchrungskraft","p\u00e9nurie de main-d'\u0153uvre","prestataires de transport","project management in logistics","Projektmanagement in der Logistik","solutions logistiques","strategic implementation Fran\u00e7ais NFI","strategische Umsetzung English NFI","Supply Chain Management","sustainable logistics","transport de fret mondial","transportation providers","Transportdienstleister","warehousing"],"articleSection":["Amerikas","Intermodal \/ Stra\u00dfe","Menschen &amp; Unternehmen","Spedition &amp; Logistik"],"inLanguage":"de","potentialAction":[{"@type":"CommentAction","name":"Comment","target":["https:\/\/transportjournal.com\/de\/2026\/01\/28\/nfi-holt-melissa-curry-zurueck\/#respond"]}]},{"@type":"WebPage","@id":"https:\/\/transportjournal.com\/de\/2026\/01\/28\/nfi-holt-melissa-curry-zurueck\/","url":"https:\/\/transportjournal.com\/de\/2026\/01\/28\/nfi-holt-melissa-curry-zurueck\/","name":"NFI holt Melissa Curry zur\u00fcck - ITJ | International Transport Journal","isPartOf":{"@id":"https:\/\/transportjournal.com\/de\/#website"},"primaryImageOfPage":{"@id":"https:\/\/transportjournal.com\/de\/2026\/01\/28\/nfi-holt-melissa-curry-zurueck\/#primaryimage"},"image":{"@id":"https:\/\/transportjournal.com\/de\/2026\/01\/28\/nfi-holt-melissa-curry-zurueck\/#primaryimage"},"thumbnailUrl":"https:\/\/transportjournal.com\/wp-content\/uploads\/sites\/2\/2026\/01\/Melissa_Curry_Headshot-836x1024-1-aspect-ratio-1400-788.jpeg","datePublished":"2026-01-28T15:26:59+00:00","breadcrumb":{"@id":"https:\/\/transportjournal.com\/de\/2026\/01\/28\/nfi-holt-melissa-curry-zurueck\/#breadcrumb"},"inLanguage":"de","potentialAction":[{"@type":"ReadAction","target":["https:\/\/transportjournal.com\/de\/2026\/01\/28\/nfi-holt-melissa-curry-zurueck\/"]}]},{"@type":"ImageObject","inLanguage":"de","@id":"https:\/\/transportjournal.com\/de\/2026\/01\/28\/nfi-holt-melissa-curry-zurueck\/#primaryimage","url":"https:\/\/transportjournal.com\/wp-content\/uploads\/sites\/2\/2026\/01\/Melissa_Curry_Headshot-836x1024-1-aspect-ratio-1400-788.jpeg","contentUrl":"https:\/\/transportjournal.com\/wp-content\/uploads\/sites\/2\/2026\/01\/Melissa_Curry_Headshot-836x1024-1-aspect-ratio-1400-788.jpeg","width":836,"height":470},{"@type":"BreadcrumbList","@id":"https:\/\/transportjournal.com\/de\/2026\/01\/28\/nfi-holt-melissa-curry-zurueck\/#breadcrumb","itemListElement":[{"@type":"ListItem","position":1,"name":"Startseite","item":"https:\/\/transportjournal.com\/de\/"},{"@type":"ListItem","position":2,"name":"NFI holt Melissa Curry zur\u00fcck"}]},{"@type":"WebSite","@id":"https:\/\/transportjournal.com\/de\/#website","url":"https:\/\/transportjournal.com\/de\/","name":"ITJ | International Transport Journal","description":"Stay informed with the latest global news from the transport, logistics, and supply chain industries. Transport Journal delivers expert insights, analysis, and updates across shipping, aviation, intermodal, and forwarding.","publisher":{"@id":"https:\/\/transportjournal.com\/de\/#organization"},"potentialAction":[{"@type":"SearchAction","target":{"@type":"EntryPoint","urlTemplate":"https:\/\/transportjournal.com\/de\/?s={search_term_string}"},"query-input":{"@type":"PropertyValueSpecification","valueRequired":true,"valueName":"search_term_string"}}],"inLanguage":"de"},{"@type":"Organization","@id":"https:\/\/transportjournal.com\/de\/#organization","name":"Groupe Logismedia AG","alternateName":"Logismedia Group AG","url":"https:\/\/transportjournal.com\/de\/","logo":{"@type":"ImageObject","inLanguage":"de","@id":"https:\/\/transportjournal.com\/de\/#\/schema\/logo\/image\/","url":"https:\/\/transportjournal.com\/wp-content\/uploads\/sites\/2\/2025\/09\/Logo_ITJ.png","contentUrl":"https:\/\/transportjournal.com\/wp-content\/uploads\/sites\/2\/2025\/09\/Logo_ITJ.png","width":799,"height":326,"caption":"Groupe Logismedia AG"},"image":{"@id":"https:\/\/transportjournal.com\/de\/#\/schema\/logo\/image\/"},"sameAs":["https:\/\/www.linkedin.com\/company\/56456496\/admin\/dashboard\/","https:\/\/www.instagram.com\/logismediagroup\/","https:\/\/www.youtube.com\/@LogiamediaGroupAG"]},{"@type":"Person","@id":"https:\/\/transportjournal.com\/de\/#\/schema\/person\/cf538b3157f15afd7589245a4b3dbd25","name":"Andreas Haug","url":"https:\/\/transportjournal.com\/de\/author\/andreas\/"}]}},"_links":{"self":[{"href":"https:\/\/transportjournal.com\/de\/wp-json\/wp\/v2\/posts\/74955","targetHints":{"allow":["GET"]}}],"collection":[{"href":"https:\/\/transportjournal.com\/de\/wp-json\/wp\/v2\/posts"}],"about":[{"href":"https:\/\/transportjournal.com\/de\/wp-json\/wp\/v2\/types\/post"}],"author":[{"embeddable":true,"href":"https:\/\/transportjournal.com\/de\/wp-json\/wp\/v2\/users\/12"}],"replies":[{"embeddable":true,"href":"https:\/\/transportjournal.com\/de\/wp-json\/wp\/v2\/comments?post=74955"}],"version-history":[{"count":0,"href":"https:\/\/transportjournal.com\/de\/wp-json\/wp\/v2\/posts\/74955\/revisions"}],"wp:featuredmedia":[{"embeddable":true,"href":"https:\/\/transportjournal.com\/de\/wp-json\/wp\/v2\/media\/74954"}],"wp:attachment":[{"href":"https:\/\/transportjournal.com\/de\/wp-json\/wp\/v2\/media?parent=74955"}],"wp:term":[{"taxonomy":"category","embeddable":true,"href":"https:\/\/transportjournal.com\/de\/wp-json\/wp\/v2\/categories?post=74955"},{"taxonomy":"post_tag","embeddable":true,"href":"https:\/\/transportjournal.com\/de\/wp-json\/wp\/v2\/tags?post=74955"}],"curies":[{"name":"wp","href":"https:\/\/api.w.org\/{rel}","templated":true}]}}