{"id":74873,"date":"2026-01-28T11:51:12","date_gmt":"2026-01-28T11:51:12","guid":{"rendered":"https:\/\/transportjournal.com\/2026\/01\/28\/ravi-tulsyan-neuer-cfo-von-odyssey\/"},"modified":"2026-01-28T11:51:12","modified_gmt":"2026-01-28T11:51:12","slug":"ravi-tulsyan-neuer-cfo-von-odyssey","status":"publish","type":"post","link":"https:\/\/transportjournal.com\/de\/2026\/01\/28\/ravi-tulsyan-neuer-cfo-von-odyssey\/","title":{"rendered":"Ravi Tulsyan neuer CFO von Odyssey"},"content":{"rendered":"<p>Ravi Tulsyan wurde zum Chief Financial Officer (CFO) von Odyssey Logistics ernannt. Er bringt \u00fcber zwei Jahrzehnte Erfahrung in der Finanzf\u00fchrung mit, die er in verschiedenen Unternehmen der Logistik- und Industriebranche gesammelt hat. Zuletzt war er CFO bei XPO, Inc., wo er die globalen Finanz- und Rechtsabteilungen leitete.<\/p>\n<p>Tulsyan hat umfangreiche Kenntnisse in den Bereichen Rechnungswesen, Treasury, Steuern, Finanzplanung und -analyse sowie in der Beschaffung. W\u00e4hrend seiner Zeit bei XPO spielte er eine entscheidende Rolle bei mehreren Initiativen zur Wertsch\u00f6pfung, darunter die erfolgreichen Abspaltungen von GXO Logistics und RXO sowie den Verkauf des intermodalen Gesch\u00e4fts von XPO. Zuvor hatte er leitende Finanzpositionen bei The ADT Corporation und Tyco International inne, wo er gro\u00dfe Transaktionen auf den Kapitalm\u00e4rkten und Unternehmensumwandlungen begleitete. Seine Karriere begann er bei PepsiCo und Xerox Corporation.<\/p>\n<h3>Erwartungen an die neue Rolle<\/h3>\n<p>Hans Stig Moller, CEO von Odyssey Logistics, \u00e4usserte sich zu Tulsyans Ernennung: \u201eRavi bringt die finanzielle F\u00fchrung, die wir in dieser Wachstumsphase ben\u00f6tigen. Er hat erfolgreich Abspaltungen, \u00dcbernahmen und grosse Transformationen geleitet, was f\u00fcr Odyssey von unsch\u00e4tzbarem Wert sein wird, w\u00e4hrend wir weiter wachsen.\u201c<\/p>\n<p>Tulsyan selbst betonte die Chancen, die Odyssey bietet: \u201eOdyssey hat eine differenzierte multimodale Plattform aufgebaut, die klare M\u00f6glichkeiten zur Wertsch\u00f6pfung bietet. Ich freue mich darauf, mit dem F\u00fchrungsteam zusammenzuarbeiten, um die finanzielle Disziplin zu st\u00e4rken, profitables Wachstum zu beschleunigen und eine skalierbare Plattform zu entwickeln, die den langfristigen Unternehmenswert maximiert.\u201c<\/p>\n<p>Tulsyan tritt die Nachfolge von Mike Pozzi an, der fast 12 Jahre bei Odyssey t\u00e4tig war und in dieser Zeit die Finanzorganisation durch Transformationen f\u00fchrte und eine solide Grundlage f\u00fcr die Zukunft schuf. Moller w\u00fcrdigte Pozzis Beitrag: \u201eMike hat w\u00e4hrend einer Phase des erheblichen Wachstums positive Impulse f\u00fcr unser Unternehmen gesetzt, und wir w\u00fcnschen ihm weiterhin viel Erfolg.\u201c<\/p>\n<p>&nbsp;<\/p>\n<p><a href=\"https:\/\/www.odysseylogistics.com\/\" target=\"_blank\" rel=\"noopener noreferrer\">www.odysseylogistics.com<\/a><\/p>\n<p>&nbsp;<\/p>\n","protected":false},"excerpt":{"rendered":"<p>Ravi Tulsyan wurde zum CFO von Odyssey Logistics ernannt und bringt umfassende Erfahrung in der Finanzf\u00fchrung sowie bedeutende Erfolge in der Branche mit.<\/p>\n","protected":false},"author":12,"featured_media":74872,"comment_status":"open","ping_status":"open","sticky":false,"template":"","format":"standard","meta":{"_acf_changed":false,"footnotes":""},"categories":[1578,1567,1569],"tags":[10726,10727,9458,9459,10728,10729,10730,10731,10732,10733,2653,1887,2166,7974,10734,10735,10736,10737,10738,10739,10740,2123,10741,10742,3328,10743,10744,10745,10746,10747,4000,10748,10749,10750,10751,10752,10753,10754,2139,10755,7992,10756,10757,10758,10759,2106,2154,10760,2684,10761,10762,10763,10764,10765,10766,10767],"class_list":["post-74873","post","type-post","status-publish","format-standard","has-post-thumbnail","hentry","category-amerikas","category-wechsel-weltweit","category-logistik-spedition","tag-accounting-and-treasury","tag-capital-markets-transactions","tag-cfo-appointment","tag-cfo-ernennung","tag-comptabilite-et-tresorerie","tag-corporate-transformations","tag-creation-de-valeur-logistique","tag-croissance-de-lorganisation-financiere","tag-departements-financiers-mondiaux","tag-deutsch-odyssey-logistics","tag-digital-transformation-logistics","tag-digitale-transformation-logistik","tag-durabilite-dans-la-logistique","tag-fachkraeftemangel-logistikbranche","tag-financial-leadership-logistics","tag-financial-organization-growth","tag-financial-planning-and-analysis","tag-finanzfuehrung-logistik","tag-finanzorganisation-wachstum","tag-finanzplanung-und-analyse","tag-fusions-et-scissions","tag-gestion-de-la-chaine-dapprovisionnement","tag-global-finance-departments","tag-globale-finanzabteilungen","tag-infrastructure-logistique","tag-intermodal-business-models","tag-intermodale-geschaeftsmodelle","tag-kapitalmaerkte-transaktionen","tag-labor-shortage-logistics-industry","tag-leadership-financier-logistique","tag-logistics-infrastructure","tag-logistics-transformations","tag-logistische-infrastruktur","tag-logistische-transformationen","tag-mergers-and-spin-offs-francais-odyssey-logistics","tag-modeles-daffaires-intermodaux","tag-multimodal-platform","tag-multimodale-plattform","tag-nachhaltigkeit-in-der-logistik","tag-nomination-de-cfo","tag-penurie-de-main-doeuvre-secteur-logistique","tag-planification-et-analyse-financieres","tag-plateforme-multimodale","tag-ravi-tulsyan-cfo","tag-rechnungswesen-und-treasury","tag-supply-chain-management","tag-sustainability-in-logistics","tag-transactions-sur-les-marches-de-capitaux","tag-transformation-numerique-logistique","tag-transformations-dentreprise","tag-transformations-logistiques","tag-uebernahmen-und-abspaltungen-english-odyssey-logistics","tag-unternehmensumwandlungen","tag-value-creation-logistics","tag-wertschoepfung-logistik","tag-xpo-inc-cfo"],"acf":[],"yoast_head":"<!-- This site is optimized with the Yoast SEO plugin v27.3 - https:\/\/yoast.com\/product\/yoast-seo-wordpress\/ -->\n<title>Ravi Tulsyan neuer CFO von Odyssey - ITJ | International Transport Journal<\/title>\n<meta name=\"robots\" content=\"index, follow, max-snippet:-1, max-image-preview:large, max-video-preview:-1\" \/>\n<link rel=\"canonical\" href=\"https:\/\/transportjournal.com\/de\/2026\/01\/28\/ravi-tulsyan-neuer-cfo-von-odyssey\/\" \/>\n<meta property=\"og:locale\" content=\"de_DE\" \/>\n<meta property=\"og:type\" content=\"article\" \/>\n<meta property=\"og:title\" content=\"Ravi Tulsyan neuer CFO von Odyssey - ITJ | International Transport Journal\" \/>\n<meta property=\"og:description\" content=\"Ravi Tulsyan wurde zum CFO von Odyssey Logistics ernannt und bringt umfassende Erfahrung in der Finanzf\u00fchrung sowie bedeutende Erfolge in der Branche mit.\" \/>\n<meta property=\"og:url\" content=\"https:\/\/transportjournal.com\/de\/2026\/01\/28\/ravi-tulsyan-neuer-cfo-von-odyssey\/\" \/>\n<meta property=\"og:site_name\" content=\"ITJ | International Transport Journal\" \/>\n<meta property=\"article:published_time\" content=\"2026-01-28T11:51:12+00:00\" \/>\n<meta property=\"og:image\" content=\"https:\/\/transportjournal.com\/wp-content\/uploads\/sites\/2\/2026\/01\/Odyssey_Ravi_Tulsyan_040-vF-Cropped-2048x1742-1-aspect-ratio-1400-788.png\" \/>\n\t<meta property=\"og:image:width\" content=\"2048\" \/>\n\t<meta property=\"og:image:height\" content=\"1152\" \/>\n\t<meta property=\"og:image:type\" content=\"image\/png\" \/>\n<meta name=\"author\" content=\"Andreas Haug\" \/>\n<meta name=\"twitter:card\" content=\"summary_large_image\" \/>\n<meta name=\"twitter:label1\" content=\"Verfasst von\" \/>\n\t<meta name=\"twitter:data1\" content=\"Andreas Haug\" \/>\n\t<meta name=\"twitter:label2\" content=\"Gesch\u00e4tzte Lesezeit\" \/>\n\t<meta name=\"twitter:data2\" content=\"2\u00a0Minute\" \/>\n<script type=\"application\/ld+json\" class=\"yoast-schema-graph\">{\"@context\":\"https:\\\/\\\/schema.org\",\"@graph\":[{\"@type\":\"Article\",\"@id\":\"https:\\\/\\\/transportjournal.com\\\/de\\\/2026\\\/01\\\/28\\\/ravi-tulsyan-neuer-cfo-von-odyssey\\\/#article\",\"isPartOf\":{\"@id\":\"https:\\\/\\\/transportjournal.com\\\/de\\\/2026\\\/01\\\/28\\\/ravi-tulsyan-neuer-cfo-von-odyssey\\\/\"},\"author\":{\"name\":\"Andreas Haug\",\"@id\":\"https:\\\/\\\/transportjournal.com\\\/de\\\/#\\\/schema\\\/person\\\/cf538b3157f15afd7589245a4b3dbd25\"},\"headline\":\"Ravi Tulsyan neuer CFO von Odyssey\",\"datePublished\":\"2026-01-28T11:51:12+00:00\",\"mainEntityOfPage\":{\"@id\":\"https:\\\/\\\/transportjournal.com\\\/de\\\/2026\\\/01\\\/28\\\/ravi-tulsyan-neuer-cfo-von-odyssey\\\/\"},\"wordCount\":318,\"commentCount\":0,\"publisher\":{\"@id\":\"https:\\\/\\\/transportjournal.com\\\/de\\\/#organization\"},\"image\":{\"@id\":\"https:\\\/\\\/transportjournal.com\\\/de\\\/2026\\\/01\\\/28\\\/ravi-tulsyan-neuer-cfo-von-odyssey\\\/#primaryimage\"},\"thumbnailUrl\":\"https:\\\/\\\/transportjournal.com\\\/wp-content\\\/uploads\\\/sites\\\/2\\\/2026\\\/01\\\/Odyssey_Ravi_Tulsyan_040-vF-Cropped-2048x1742-1-aspect-ratio-1400-788.png\",\"keywords\":[\"accounting and treasury\",\"capital markets transactions\",\"CFO appointment\",\"CFO Ernennung\",\"comptabilit\u00e9 et tr\u00e9sorerie\",\"corporate transformations\",\"cr\u00e9ation de valeur logistique\",\"croissance de l'organisation financi\u00e8re\",\"d\u00e9partements financiers mondiaux\",\"Deutsch Odyssey Logistics\",\"digital transformation logistics\",\"digitale Transformation Logistik\",\"durabilit\u00e9 dans la logistique\",\"Fachkr\u00e4ftemangel Logistikbranche\",\"financial leadership logistics\",\"financial organization growth\",\"financial planning and analysis\",\"Finanzf\u00fchrung Logistik\",\"Finanzorganisation Wachstum\",\"Finanzplanung und -analyse\",\"fusions et scissions\",\"gestion de la cha\u00eene d'approvisionnement\",\"global finance departments\",\"globale Finanzabteilungen\",\"infrastructure logistique\",\"intermodal business models\",\"intermodale Gesch\u00e4ftsmodelle\",\"Kapitalm\u00e4rkte Transaktionen\",\"labor shortage logistics industry\",\"leadership financier logistique\",\"logistics infrastructure\",\"logistics transformations\",\"logistische Infrastruktur\",\"logistische Transformationen\",\"mergers and spin-offs Fran\u00e7ais Odyssey Logistics\",\"mod\u00e8les d'affaires intermodaux\",\"multimodal platform\",\"multimodale Plattform\",\"Nachhaltigkeit in der Logistik\",\"nomination de CFO\",\"p\u00e9nurie de main-d'\u0153uvre secteur logistique\",\"planification et analyse financi\u00e8res\",\"plateforme multimodale\",\"Ravi Tulsyan CFO\",\"Rechnungswesen und Treasury\",\"Supply Chain Management\",\"sustainability in logistics\",\"transactions sur les march\u00e9s de capitaux\",\"transformation num\u00e9rique logistique\",\"transformations d'entreprise\",\"transformations logistiques\",\"\u00dcbernahmen und Abspaltungen English Odyssey Logistics\",\"Unternehmensumwandlungen\",\"value creation logistics\",\"Wertsch\u00f6pfung Logistik\",\"XPO Inc. CFO\"],\"articleSection\":[\"Amerikas\",\"Menschen &amp; Unternehmen\",\"Spedition &amp; Logistik\"],\"inLanguage\":\"de\",\"potentialAction\":[{\"@type\":\"CommentAction\",\"name\":\"Comment\",\"target\":[\"https:\\\/\\\/transportjournal.com\\\/de\\\/2026\\\/01\\\/28\\\/ravi-tulsyan-neuer-cfo-von-odyssey\\\/#respond\"]}]},{\"@type\":\"WebPage\",\"@id\":\"https:\\\/\\\/transportjournal.com\\\/de\\\/2026\\\/01\\\/28\\\/ravi-tulsyan-neuer-cfo-von-odyssey\\\/\",\"url\":\"https:\\\/\\\/transportjournal.com\\\/de\\\/2026\\\/01\\\/28\\\/ravi-tulsyan-neuer-cfo-von-odyssey\\\/\",\"name\":\"Ravi Tulsyan neuer CFO von Odyssey - ITJ | International Transport Journal\",\"isPartOf\":{\"@id\":\"https:\\\/\\\/transportjournal.com\\\/de\\\/#website\"},\"primaryImageOfPage\":{\"@id\":\"https:\\\/\\\/transportjournal.com\\\/de\\\/2026\\\/01\\\/28\\\/ravi-tulsyan-neuer-cfo-von-odyssey\\\/#primaryimage\"},\"image\":{\"@id\":\"https:\\\/\\\/transportjournal.com\\\/de\\\/2026\\\/01\\\/28\\\/ravi-tulsyan-neuer-cfo-von-odyssey\\\/#primaryimage\"},\"thumbnailUrl\":\"https:\\\/\\\/transportjournal.com\\\/wp-content\\\/uploads\\\/sites\\\/2\\\/2026\\\/01\\\/Odyssey_Ravi_Tulsyan_040-vF-Cropped-2048x1742-1-aspect-ratio-1400-788.png\",\"datePublished\":\"2026-01-28T11:51:12+00:00\",\"breadcrumb\":{\"@id\":\"https:\\\/\\\/transportjournal.com\\\/de\\\/2026\\\/01\\\/28\\\/ravi-tulsyan-neuer-cfo-von-odyssey\\\/#breadcrumb\"},\"inLanguage\":\"de\",\"potentialAction\":[{\"@type\":\"ReadAction\",\"target\":[\"https:\\\/\\\/transportjournal.com\\\/de\\\/2026\\\/01\\\/28\\\/ravi-tulsyan-neuer-cfo-von-odyssey\\\/\"]}]},{\"@type\":\"ImageObject\",\"inLanguage\":\"de\",\"@id\":\"https:\\\/\\\/transportjournal.com\\\/de\\\/2026\\\/01\\\/28\\\/ravi-tulsyan-neuer-cfo-von-odyssey\\\/#primaryimage\",\"url\":\"https:\\\/\\\/transportjournal.com\\\/wp-content\\\/uploads\\\/sites\\\/2\\\/2026\\\/01\\\/Odyssey_Ravi_Tulsyan_040-vF-Cropped-2048x1742-1-aspect-ratio-1400-788.png\",\"contentUrl\":\"https:\\\/\\\/transportjournal.com\\\/wp-content\\\/uploads\\\/sites\\\/2\\\/2026\\\/01\\\/Odyssey_Ravi_Tulsyan_040-vF-Cropped-2048x1742-1-aspect-ratio-1400-788.png\",\"width\":2048,\"height\":1152},{\"@type\":\"BreadcrumbList\",\"@id\":\"https:\\\/\\\/transportjournal.com\\\/de\\\/2026\\\/01\\\/28\\\/ravi-tulsyan-neuer-cfo-von-odyssey\\\/#breadcrumb\",\"itemListElement\":[{\"@type\":\"ListItem\",\"position\":1,\"name\":\"Startseite\",\"item\":\"https:\\\/\\\/transportjournal.com\\\/de\\\/\"},{\"@type\":\"ListItem\",\"position\":2,\"name\":\"Ravi Tulsyan neuer CFO von Odyssey\"}]},{\"@type\":\"WebSite\",\"@id\":\"https:\\\/\\\/transportjournal.com\\\/de\\\/#website\",\"url\":\"https:\\\/\\\/transportjournal.com\\\/de\\\/\",\"name\":\"ITJ | International Transport Journal\",\"description\":\"Stay informed with the latest global news from the transport, logistics, and supply chain industries. Transport Journal delivers expert insights, analysis, and updates across shipping, aviation, intermodal, and forwarding.\",\"publisher\":{\"@id\":\"https:\\\/\\\/transportjournal.com\\\/de\\\/#organization\"},\"potentialAction\":[{\"@type\":\"SearchAction\",\"target\":{\"@type\":\"EntryPoint\",\"urlTemplate\":\"https:\\\/\\\/transportjournal.com\\\/de\\\/?s={search_term_string}\"},\"query-input\":{\"@type\":\"PropertyValueSpecification\",\"valueRequired\":true,\"valueName\":\"search_term_string\"}}],\"inLanguage\":\"de\"},{\"@type\":\"Organization\",\"@id\":\"https:\\\/\\\/transportjournal.com\\\/de\\\/#organization\",\"name\":\"Groupe Logismedia AG\",\"alternateName\":\"Logismedia Group AG\",\"url\":\"https:\\\/\\\/transportjournal.com\\\/de\\\/\",\"logo\":{\"@type\":\"ImageObject\",\"inLanguage\":\"de\",\"@id\":\"https:\\\/\\\/transportjournal.com\\\/de\\\/#\\\/schema\\\/logo\\\/image\\\/\",\"url\":\"https:\\\/\\\/transportjournal.com\\\/wp-content\\\/uploads\\\/sites\\\/2\\\/2025\\\/09\\\/Logo_ITJ.png\",\"contentUrl\":\"https:\\\/\\\/transportjournal.com\\\/wp-content\\\/uploads\\\/sites\\\/2\\\/2025\\\/09\\\/Logo_ITJ.png\",\"width\":799,\"height\":326,\"caption\":\"Groupe Logismedia AG\"},\"image\":{\"@id\":\"https:\\\/\\\/transportjournal.com\\\/de\\\/#\\\/schema\\\/logo\\\/image\\\/\"},\"sameAs\":[\"https:\\\/\\\/www.linkedin.com\\\/company\\\/56456496\\\/admin\\\/dashboard\\\/\",\"https:\\\/\\\/www.instagram.com\\\/logismediagroup\\\/\",\"https:\\\/\\\/www.youtube.com\\\/@LogiamediaGroupAG\"]},{\"@type\":\"Person\",\"@id\":\"https:\\\/\\\/transportjournal.com\\\/de\\\/#\\\/schema\\\/person\\\/cf538b3157f15afd7589245a4b3dbd25\",\"name\":\"Andreas Haug\",\"url\":\"https:\\\/\\\/transportjournal.com\\\/de\\\/author\\\/andreas\\\/\"}]}<\/script>\n<!-- \/ Yoast SEO plugin. -->","yoast_head_json":{"title":"Ravi Tulsyan neuer CFO von Odyssey - ITJ | International Transport Journal","robots":{"index":"index","follow":"follow","max-snippet":"max-snippet:-1","max-image-preview":"max-image-preview:large","max-video-preview":"max-video-preview:-1"},"canonical":"https:\/\/transportjournal.com\/de\/2026\/01\/28\/ravi-tulsyan-neuer-cfo-von-odyssey\/","og_locale":"de_DE","og_type":"article","og_title":"Ravi Tulsyan neuer CFO von Odyssey - ITJ | International Transport Journal","og_description":"Ravi Tulsyan wurde zum CFO von Odyssey Logistics ernannt und bringt umfassende Erfahrung in der Finanzf\u00fchrung sowie bedeutende Erfolge in der Branche mit.","og_url":"https:\/\/transportjournal.com\/de\/2026\/01\/28\/ravi-tulsyan-neuer-cfo-von-odyssey\/","og_site_name":"ITJ | International Transport Journal","article_published_time":"2026-01-28T11:51:12+00:00","og_image":[{"width":2048,"height":1152,"url":"https:\/\/transportjournal.com\/wp-content\/uploads\/sites\/2\/2026\/01\/Odyssey_Ravi_Tulsyan_040-vF-Cropped-2048x1742-1-aspect-ratio-1400-788.png","type":"image\/png"}],"author":"Andreas Haug","twitter_card":"summary_large_image","twitter_misc":{"Verfasst von":"Andreas Haug","Gesch\u00e4tzte Lesezeit":"2\u00a0Minute"},"schema":{"@context":"https:\/\/schema.org","@graph":[{"@type":"Article","@id":"https:\/\/transportjournal.com\/de\/2026\/01\/28\/ravi-tulsyan-neuer-cfo-von-odyssey\/#article","isPartOf":{"@id":"https:\/\/transportjournal.com\/de\/2026\/01\/28\/ravi-tulsyan-neuer-cfo-von-odyssey\/"},"author":{"name":"Andreas Haug","@id":"https:\/\/transportjournal.com\/de\/#\/schema\/person\/cf538b3157f15afd7589245a4b3dbd25"},"headline":"Ravi Tulsyan neuer CFO von Odyssey","datePublished":"2026-01-28T11:51:12+00:00","mainEntityOfPage":{"@id":"https:\/\/transportjournal.com\/de\/2026\/01\/28\/ravi-tulsyan-neuer-cfo-von-odyssey\/"},"wordCount":318,"commentCount":0,"publisher":{"@id":"https:\/\/transportjournal.com\/de\/#organization"},"image":{"@id":"https:\/\/transportjournal.com\/de\/2026\/01\/28\/ravi-tulsyan-neuer-cfo-von-odyssey\/#primaryimage"},"thumbnailUrl":"https:\/\/transportjournal.com\/wp-content\/uploads\/sites\/2\/2026\/01\/Odyssey_Ravi_Tulsyan_040-vF-Cropped-2048x1742-1-aspect-ratio-1400-788.png","keywords":["accounting and treasury","capital markets transactions","CFO appointment","CFO Ernennung","comptabilit\u00e9 et tr\u00e9sorerie","corporate transformations","cr\u00e9ation de valeur logistique","croissance de l'organisation financi\u00e8re","d\u00e9partements financiers mondiaux","Deutsch Odyssey Logistics","digital transformation logistics","digitale Transformation Logistik","durabilit\u00e9 dans la logistique","Fachkr\u00e4ftemangel Logistikbranche","financial leadership logistics","financial organization growth","financial planning and analysis","Finanzf\u00fchrung Logistik","Finanzorganisation Wachstum","Finanzplanung und -analyse","fusions et scissions","gestion de la cha\u00eene d'approvisionnement","global finance departments","globale Finanzabteilungen","infrastructure logistique","intermodal business models","intermodale Gesch\u00e4ftsmodelle","Kapitalm\u00e4rkte Transaktionen","labor shortage logistics industry","leadership financier logistique","logistics infrastructure","logistics transformations","logistische Infrastruktur","logistische Transformationen","mergers and spin-offs Fran\u00e7ais Odyssey Logistics","mod\u00e8les d'affaires intermodaux","multimodal platform","multimodale Plattform","Nachhaltigkeit in der Logistik","nomination de CFO","p\u00e9nurie de main-d'\u0153uvre secteur logistique","planification et analyse financi\u00e8res","plateforme multimodale","Ravi Tulsyan CFO","Rechnungswesen und Treasury","Supply Chain Management","sustainability in logistics","transactions sur les march\u00e9s de capitaux","transformation num\u00e9rique logistique","transformations d'entreprise","transformations logistiques","\u00dcbernahmen und Abspaltungen English Odyssey Logistics","Unternehmensumwandlungen","value creation logistics","Wertsch\u00f6pfung Logistik","XPO Inc. CFO"],"articleSection":["Amerikas","Menschen &amp; Unternehmen","Spedition &amp; Logistik"],"inLanguage":"de","potentialAction":[{"@type":"CommentAction","name":"Comment","target":["https:\/\/transportjournal.com\/de\/2026\/01\/28\/ravi-tulsyan-neuer-cfo-von-odyssey\/#respond"]}]},{"@type":"WebPage","@id":"https:\/\/transportjournal.com\/de\/2026\/01\/28\/ravi-tulsyan-neuer-cfo-von-odyssey\/","url":"https:\/\/transportjournal.com\/de\/2026\/01\/28\/ravi-tulsyan-neuer-cfo-von-odyssey\/","name":"Ravi Tulsyan neuer CFO von Odyssey - ITJ | International Transport Journal","isPartOf":{"@id":"https:\/\/transportjournal.com\/de\/#website"},"primaryImageOfPage":{"@id":"https:\/\/transportjournal.com\/de\/2026\/01\/28\/ravi-tulsyan-neuer-cfo-von-odyssey\/#primaryimage"},"image":{"@id":"https:\/\/transportjournal.com\/de\/2026\/01\/28\/ravi-tulsyan-neuer-cfo-von-odyssey\/#primaryimage"},"thumbnailUrl":"https:\/\/transportjournal.com\/wp-content\/uploads\/sites\/2\/2026\/01\/Odyssey_Ravi_Tulsyan_040-vF-Cropped-2048x1742-1-aspect-ratio-1400-788.png","datePublished":"2026-01-28T11:51:12+00:00","breadcrumb":{"@id":"https:\/\/transportjournal.com\/de\/2026\/01\/28\/ravi-tulsyan-neuer-cfo-von-odyssey\/#breadcrumb"},"inLanguage":"de","potentialAction":[{"@type":"ReadAction","target":["https:\/\/transportjournal.com\/de\/2026\/01\/28\/ravi-tulsyan-neuer-cfo-von-odyssey\/"]}]},{"@type":"ImageObject","inLanguage":"de","@id":"https:\/\/transportjournal.com\/de\/2026\/01\/28\/ravi-tulsyan-neuer-cfo-von-odyssey\/#primaryimage","url":"https:\/\/transportjournal.com\/wp-content\/uploads\/sites\/2\/2026\/01\/Odyssey_Ravi_Tulsyan_040-vF-Cropped-2048x1742-1-aspect-ratio-1400-788.png","contentUrl":"https:\/\/transportjournal.com\/wp-content\/uploads\/sites\/2\/2026\/01\/Odyssey_Ravi_Tulsyan_040-vF-Cropped-2048x1742-1-aspect-ratio-1400-788.png","width":2048,"height":1152},{"@type":"BreadcrumbList","@id":"https:\/\/transportjournal.com\/de\/2026\/01\/28\/ravi-tulsyan-neuer-cfo-von-odyssey\/#breadcrumb","itemListElement":[{"@type":"ListItem","position":1,"name":"Startseite","item":"https:\/\/transportjournal.com\/de\/"},{"@type":"ListItem","position":2,"name":"Ravi Tulsyan neuer CFO von Odyssey"}]},{"@type":"WebSite","@id":"https:\/\/transportjournal.com\/de\/#website","url":"https:\/\/transportjournal.com\/de\/","name":"ITJ | International Transport Journal","description":"Stay informed with the latest global news from the transport, logistics, and supply chain industries. Transport Journal delivers expert insights, analysis, and updates across shipping, aviation, intermodal, and forwarding.","publisher":{"@id":"https:\/\/transportjournal.com\/de\/#organization"},"potentialAction":[{"@type":"SearchAction","target":{"@type":"EntryPoint","urlTemplate":"https:\/\/transportjournal.com\/de\/?s={search_term_string}"},"query-input":{"@type":"PropertyValueSpecification","valueRequired":true,"valueName":"search_term_string"}}],"inLanguage":"de"},{"@type":"Organization","@id":"https:\/\/transportjournal.com\/de\/#organization","name":"Groupe Logismedia AG","alternateName":"Logismedia Group AG","url":"https:\/\/transportjournal.com\/de\/","logo":{"@type":"ImageObject","inLanguage":"de","@id":"https:\/\/transportjournal.com\/de\/#\/schema\/logo\/image\/","url":"https:\/\/transportjournal.com\/wp-content\/uploads\/sites\/2\/2025\/09\/Logo_ITJ.png","contentUrl":"https:\/\/transportjournal.com\/wp-content\/uploads\/sites\/2\/2025\/09\/Logo_ITJ.png","width":799,"height":326,"caption":"Groupe Logismedia AG"},"image":{"@id":"https:\/\/transportjournal.com\/de\/#\/schema\/logo\/image\/"},"sameAs":["https:\/\/www.linkedin.com\/company\/56456496\/admin\/dashboard\/","https:\/\/www.instagram.com\/logismediagroup\/","https:\/\/www.youtube.com\/@LogiamediaGroupAG"]},{"@type":"Person","@id":"https:\/\/transportjournal.com\/de\/#\/schema\/person\/cf538b3157f15afd7589245a4b3dbd25","name":"Andreas Haug","url":"https:\/\/transportjournal.com\/de\/author\/andreas\/"}]}},"_links":{"self":[{"href":"https:\/\/transportjournal.com\/de\/wp-json\/wp\/v2\/posts\/74873","targetHints":{"allow":["GET"]}}],"collection":[{"href":"https:\/\/transportjournal.com\/de\/wp-json\/wp\/v2\/posts"}],"about":[{"href":"https:\/\/transportjournal.com\/de\/wp-json\/wp\/v2\/types\/post"}],"author":[{"embeddable":true,"href":"https:\/\/transportjournal.com\/de\/wp-json\/wp\/v2\/users\/12"}],"replies":[{"embeddable":true,"href":"https:\/\/transportjournal.com\/de\/wp-json\/wp\/v2\/comments?post=74873"}],"version-history":[{"count":0,"href":"https:\/\/transportjournal.com\/de\/wp-json\/wp\/v2\/posts\/74873\/revisions"}],"wp:featuredmedia":[{"embeddable":true,"href":"https:\/\/transportjournal.com\/de\/wp-json\/wp\/v2\/media\/74872"}],"wp:attachment":[{"href":"https:\/\/transportjournal.com\/de\/wp-json\/wp\/v2\/media?parent=74873"}],"wp:term":[{"taxonomy":"category","embeddable":true,"href":"https:\/\/transportjournal.com\/de\/wp-json\/wp\/v2\/categories?post=74873"},{"taxonomy":"post_tag","embeddable":true,"href":"https:\/\/transportjournal.com\/de\/wp-json\/wp\/v2\/tags?post=74873"}],"curies":[{"name":"wp","href":"https:\/\/api.w.org\/{rel}","templated":true}]}}