{"id":74409,"date":"2026-01-26T13:29:15","date_gmt":"2026-01-26T13:29:15","guid":{"rendered":"https:\/\/transportjournal.com\/2026\/01\/26\/leschaco-ernennt-emile-goossens-zum-cfo\/"},"modified":"2026-01-26T13:29:15","modified_gmt":"2026-01-26T13:29:15","slug":"leschaco-ernennt-emile-goossens-zum-cfo","status":"publish","type":"post","link":"https:\/\/transportjournal.com\/de\/2026\/01\/26\/leschaco-ernennt-emile-goossens-zum-cfo\/","title":{"rendered":"Leschaco ernennt Emile Goossens zum CFO"},"content":{"rendered":"<p>Leschaco hat Emile Goossens mit Wirkung zum 1. April 2026 zum Chief Financial Officer (CFO) ernannt. Er folgt auf Lutz Weber, der seine interimistische T\u00e4tigkeit Ende 2025 nach erfolgreicher Unterst\u00fctzung des Unternehmens in einer wichtigen Transformationsphase beendet hat.<\/p>\n<p>Emile Goossens bringt mehr als 30 Jahre internationale Erfahrung in der Logistikbranche mit. Zuletzt war er CFO f\u00fcr Belgien, die Niederlande und Luxemburg bei DB Schenker, wo er eine Finanzorganisation mit 30 Mitarbeitern an 30 Standorten leitete und mehr als 3.400 Mitarbeiter unterst\u00fctzte. Sein beruflicher Werdegang vereint umfassende finanzielle Expertise mit breiter Erfahrung im Management, einschlie\u00dflich einer neunmonatigen T\u00e4tigkeit als Interim-CEO von DB Schenker Benelux.<\/p>\n<p>Im Laufe seiner Karriere hat Goossens zahlreiche komplexe Transformationsprojekte erfolgreich umgesetzt, Finanzfunktionen in Shared-Service-Strukturen integriert und moderne Reporting- sowie IT-Systeme implementiert. Er hat nachweislich die finanzielle Leistung anspruchsvoller Gesch\u00e4ftseinheiten durch diszipliniertes Finanzmanagement, transparente Governance und enge Zusammenarbeit mit operativen Teams nachhaltig verbessert. Sein F\u00fchrungsstil zeichnet sich durch Integrit\u00e4t, Klarheit und einen starken Fokus auf die Mitarbeiter aus, was eng mit den Werten und langfristigen Zielen von Leschaco \u00fcbereinstimmt.<\/p>\n<p>Die Ernennung erfolgt zu einem Zeitpunkt, an dem Leschaco die Umsetzung seiner Strategie 2030, die 2021 eingef\u00fchrt wurde, kontinuierlich vorantreibt und zunehmend sichtbare Fortschritte bei der Transformation seines Gesch\u00e4ftsmodells, der Organisationsstruktur und der Unternehmenskultur erzielt. Der Auswahlprozess f\u00fcr die CFO-Position war gezielt auf Stabilit\u00e4t und langfristige Kontinuit\u00e4t ausgerichtet.<\/p>\n<p>&nbsp;<\/p>\n<p><a href=\"https:\/\/www.leschaco.com\/\" target=\"_blank\" rel=\"noopener noreferrer\">www.leschaco.com<\/a><\/p>\n<p>&nbsp;<\/p>\n","protected":false},"excerpt":{"rendered":"<p>Leschaco hat Emile Goossens zum CFO ernannt, um die Strategie 2030 voranzutreiben und die Transformation des Unternehmens weiter zu unterst\u00fctzen.<\/p>\n","protected":false},"author":12,"featured_media":74408,"comment_status":"open","ping_status":"open","sticky":false,"template":"","format":"standard","meta":{"_acf_changed":false,"footnotes":""},"categories":[9092,1575,1567,1569],"tags":[9458,9459,2548,2651,9460,2211,2212,9461,9462,9463,9464,9465,9466,9467,5593,9468,5596,9469,9470,5599,9471,2562,9472,9473,9474,9475,9476,9477,2918,9478,2135,9479,9480,9481,9482,9483,2145,9484,9485,9486,2153,9487,9488,9489,9490,9491,9492,9493,2242,9494,9495,2157],"class_list":["post-74409","post","type-post","status-publish","format-standard","has-post-thumbnail","hentry","category-deutschland","category-europa","category-wechsel-weltweit","category-logistik-spedition","tag-cfo-appointment","tag-cfo-ernennung","tag-corporate-governance","tag-db-schenker","tag-deutsch-leschaco","tag-digital-transformation","tag-digitale-transformation","tag-emile-goossens","tag-employee-leadership","tag-experience-internationale","tag-expertise-financiere","tag-fachkraeftemangel-logistik-english-leschaco","tag-finance-organization","tag-financial-expertise","tag-financial-management","tag-finanzexpertise","tag-finanzmanagement","tag-finanzorganisation","tag-gestion-dentreprise-durable","tag-gestion-financiere","tag-gouvernance","tag-gouvernance-dentreprise","tag-governance","tag-international-experience","tag-internationale-erfahrung","tag-labor-shortage-logistics-francais-leschaco","tag-leader-du-marche-logistique","tag-leadership-des-employes","tag-logistics-industry","tag-logistics-market-leader","tag-logistikbranche","tag-marktfuehrer-logistik","tag-mitarbeiterfuehrung","tag-nachhaltige-unternehmensfuehrung","tag-nomination-cfo","tag-organisation-financiere","tag-penurie-de-main-doeuvre-logistique","tag-projets-de-transformation","tag-reporting-systems","tag-reporting-systeme","tag-secteur-logistique","tag-shared-service-structures","tag-shared-service-strukturen","tag-strategie-2030","tag-strategy-2030","tag-structures-de-services-partages","tag-sustainable-corporate-management","tag-systemes-de-reporting","tag-transformation-numerique","tag-transformation-projects","tag-transformationsprojekte","tag-unternehmensfuehrung"],"acf":[],"yoast_head":"<!-- This site is optimized with the Yoast SEO plugin v27.3 - https:\/\/yoast.com\/product\/yoast-seo-wordpress\/ -->\n<title>Leschaco ernennt Emile Goossens zum CFO - ITJ | International Transport Journal<\/title>\n<meta name=\"robots\" content=\"index, follow, max-snippet:-1, max-image-preview:large, max-video-preview:-1\" \/>\n<link rel=\"canonical\" href=\"https:\/\/transportjournal.com\/de\/2026\/01\/26\/leschaco-ernennt-emile-goossens-zum-cfo\/\" \/>\n<meta property=\"og:locale\" content=\"de_DE\" \/>\n<meta property=\"og:type\" content=\"article\" \/>\n<meta property=\"og:title\" content=\"Leschaco ernennt Emile Goossens zum CFO - ITJ | International Transport Journal\" \/>\n<meta property=\"og:description\" content=\"Leschaco hat Emile Goossens zum CFO ernannt, um die Strategie 2030 voranzutreiben und die Transformation des Unternehmens weiter zu unterst\u00fctzen.\" \/>\n<meta property=\"og:url\" content=\"https:\/\/transportjournal.com\/de\/2026\/01\/26\/leschaco-ernennt-emile-goossens-zum-cfo\/\" \/>\n<meta property=\"og:site_name\" content=\"ITJ | International Transport Journal\" \/>\n<meta property=\"article:published_time\" content=\"2026-01-26T13:29:15+00:00\" \/>\n<meta property=\"og:image\" content=\"https:\/\/transportjournal.com\/wp-content\/uploads\/sites\/2\/2026\/01\/Emile-Goossens-high-aspect-ratio-1400-788.png\" \/>\n\t<meta property=\"og:image:width\" content=\"1920\" \/>\n\t<meta property=\"og:image:height\" content=\"1081\" \/>\n\t<meta property=\"og:image:type\" content=\"image\/png\" \/>\n<meta name=\"author\" content=\"Andreas Haug\" \/>\n<meta name=\"twitter:card\" content=\"summary_large_image\" \/>\n<meta name=\"twitter:label1\" content=\"Verfasst von\" \/>\n\t<meta name=\"twitter:data1\" content=\"Andreas Haug\" \/>\n\t<meta name=\"twitter:label2\" content=\"Gesch\u00e4tzte Lesezeit\" \/>\n\t<meta name=\"twitter:data2\" content=\"1\u00a0Minute\" \/>\n<script type=\"application\/ld+json\" class=\"yoast-schema-graph\">{\"@context\":\"https:\\\/\\\/schema.org\",\"@graph\":[{\"@type\":\"Article\",\"@id\":\"https:\\\/\\\/transportjournal.com\\\/de\\\/2026\\\/01\\\/26\\\/leschaco-ernennt-emile-goossens-zum-cfo\\\/#article\",\"isPartOf\":{\"@id\":\"https:\\\/\\\/transportjournal.com\\\/de\\\/2026\\\/01\\\/26\\\/leschaco-ernennt-emile-goossens-zum-cfo\\\/\"},\"author\":{\"name\":\"Andreas Haug\",\"@id\":\"https:\\\/\\\/transportjournal.com\\\/de\\\/#\\\/schema\\\/person\\\/cf538b3157f15afd7589245a4b3dbd25\"},\"headline\":\"Leschaco ernennt Emile Goossens zum CFO\",\"datePublished\":\"2026-01-26T13:29:15+00:00\",\"mainEntityOfPage\":{\"@id\":\"https:\\\/\\\/transportjournal.com\\\/de\\\/2026\\\/01\\\/26\\\/leschaco-ernennt-emile-goossens-zum-cfo\\\/\"},\"wordCount\":235,\"commentCount\":0,\"publisher\":{\"@id\":\"https:\\\/\\\/transportjournal.com\\\/de\\\/#organization\"},\"image\":{\"@id\":\"https:\\\/\\\/transportjournal.com\\\/de\\\/2026\\\/01\\\/26\\\/leschaco-ernennt-emile-goossens-zum-cfo\\\/#primaryimage\"},\"thumbnailUrl\":\"https:\\\/\\\/transportjournal.com\\\/wp-content\\\/uploads\\\/sites\\\/2\\\/2026\\\/01\\\/Emile-Goossens-high-aspect-ratio-1400-788.png\",\"keywords\":[\"CFO appointment\",\"CFO Ernennung\",\"corporate governance\",\"DB Schenker\",\"Deutsch Leschaco\",\"digital transformation\",\"digitale Transformation\",\"Emile Goossens\",\"employee leadership\",\"exp\u00e9rience internationale\",\"expertise financi\u00e8re\",\"Fachkr\u00e4ftemangel Logistik English Leschaco\",\"finance organization\",\"financial expertise\",\"financial management\",\"Finanzexpertise\",\"Finanzmanagement\",\"Finanzorganisation\",\"gestion d'entreprise durable\",\"gestion financi\u00e8re\",\"gouvernance\",\"gouvernance d'entreprise\",\"Governance\",\"international experience\",\"internationale Erfahrung\",\"labor shortage logistics Fran\u00e7ais Leschaco\",\"leader du march\u00e9 logistique\",\"leadership des employ\u00e9s\",\"logistics industry\",\"logistics market leader\",\"Logistikbranche\",\"Marktf\u00fchrer Logistik\",\"Mitarbeiterf\u00fchrung\",\"nachhaltige Unternehmensf\u00fchrung\",\"nomination CFO\",\"organisation financi\u00e8re\",\"p\u00e9nurie de main-d'\u0153uvre logistique\",\"projets de transformation\",\"reporting systems\",\"Reporting-Systeme\",\"secteur logistique\",\"shared service structures\",\"Shared-Service-Strukturen\",\"Strategie 2030\",\"strategy 2030\",\"structures de services partag\u00e9s\",\"sustainable corporate management\",\"syst\u00e8mes de reporting\",\"transformation num\u00e9rique\",\"transformation projects\",\"Transformationsprojekte\",\"Unternehmensf\u00fchrung\"],\"articleSection\":[\"Deutschland\",\"Europa\",\"Menschen &amp; Unternehmen\",\"Spedition &amp; Logistik\"],\"inLanguage\":\"de\",\"potentialAction\":[{\"@type\":\"CommentAction\",\"name\":\"Comment\",\"target\":[\"https:\\\/\\\/transportjournal.com\\\/de\\\/2026\\\/01\\\/26\\\/leschaco-ernennt-emile-goossens-zum-cfo\\\/#respond\"]}]},{\"@type\":\"WebPage\",\"@id\":\"https:\\\/\\\/transportjournal.com\\\/de\\\/2026\\\/01\\\/26\\\/leschaco-ernennt-emile-goossens-zum-cfo\\\/\",\"url\":\"https:\\\/\\\/transportjournal.com\\\/de\\\/2026\\\/01\\\/26\\\/leschaco-ernennt-emile-goossens-zum-cfo\\\/\",\"name\":\"Leschaco ernennt Emile Goossens zum CFO - ITJ | International Transport Journal\",\"isPartOf\":{\"@id\":\"https:\\\/\\\/transportjournal.com\\\/de\\\/#website\"},\"primaryImageOfPage\":{\"@id\":\"https:\\\/\\\/transportjournal.com\\\/de\\\/2026\\\/01\\\/26\\\/leschaco-ernennt-emile-goossens-zum-cfo\\\/#primaryimage\"},\"image\":{\"@id\":\"https:\\\/\\\/transportjournal.com\\\/de\\\/2026\\\/01\\\/26\\\/leschaco-ernennt-emile-goossens-zum-cfo\\\/#primaryimage\"},\"thumbnailUrl\":\"https:\\\/\\\/transportjournal.com\\\/wp-content\\\/uploads\\\/sites\\\/2\\\/2026\\\/01\\\/Emile-Goossens-high-aspect-ratio-1400-788.png\",\"datePublished\":\"2026-01-26T13:29:15+00:00\",\"breadcrumb\":{\"@id\":\"https:\\\/\\\/transportjournal.com\\\/de\\\/2026\\\/01\\\/26\\\/leschaco-ernennt-emile-goossens-zum-cfo\\\/#breadcrumb\"},\"inLanguage\":\"de\",\"potentialAction\":[{\"@type\":\"ReadAction\",\"target\":[\"https:\\\/\\\/transportjournal.com\\\/de\\\/2026\\\/01\\\/26\\\/leschaco-ernennt-emile-goossens-zum-cfo\\\/\"]}]},{\"@type\":\"ImageObject\",\"inLanguage\":\"de\",\"@id\":\"https:\\\/\\\/transportjournal.com\\\/de\\\/2026\\\/01\\\/26\\\/leschaco-ernennt-emile-goossens-zum-cfo\\\/#primaryimage\",\"url\":\"https:\\\/\\\/transportjournal.com\\\/wp-content\\\/uploads\\\/sites\\\/2\\\/2026\\\/01\\\/Emile-Goossens-high-aspect-ratio-1400-788.png\",\"contentUrl\":\"https:\\\/\\\/transportjournal.com\\\/wp-content\\\/uploads\\\/sites\\\/2\\\/2026\\\/01\\\/Emile-Goossens-high-aspect-ratio-1400-788.png\",\"width\":1920,\"height\":1081},{\"@type\":\"BreadcrumbList\",\"@id\":\"https:\\\/\\\/transportjournal.com\\\/de\\\/2026\\\/01\\\/26\\\/leschaco-ernennt-emile-goossens-zum-cfo\\\/#breadcrumb\",\"itemListElement\":[{\"@type\":\"ListItem\",\"position\":1,\"name\":\"Startseite\",\"item\":\"https:\\\/\\\/transportjournal.com\\\/de\\\/\"},{\"@type\":\"ListItem\",\"position\":2,\"name\":\"Leschaco ernennt Emile Goossens zum CFO\"}]},{\"@type\":\"WebSite\",\"@id\":\"https:\\\/\\\/transportjournal.com\\\/de\\\/#website\",\"url\":\"https:\\\/\\\/transportjournal.com\\\/de\\\/\",\"name\":\"ITJ | International Transport Journal\",\"description\":\"Stay informed with the latest global news from the transport, logistics, and supply chain industries. Transport Journal delivers expert insights, analysis, and updates across shipping, aviation, intermodal, and forwarding.\",\"publisher\":{\"@id\":\"https:\\\/\\\/transportjournal.com\\\/de\\\/#organization\"},\"potentialAction\":[{\"@type\":\"SearchAction\",\"target\":{\"@type\":\"EntryPoint\",\"urlTemplate\":\"https:\\\/\\\/transportjournal.com\\\/de\\\/?s={search_term_string}\"},\"query-input\":{\"@type\":\"PropertyValueSpecification\",\"valueRequired\":true,\"valueName\":\"search_term_string\"}}],\"inLanguage\":\"de\"},{\"@type\":\"Organization\",\"@id\":\"https:\\\/\\\/transportjournal.com\\\/de\\\/#organization\",\"name\":\"Groupe Logismedia AG\",\"alternateName\":\"Logismedia Group AG\",\"url\":\"https:\\\/\\\/transportjournal.com\\\/de\\\/\",\"logo\":{\"@type\":\"ImageObject\",\"inLanguage\":\"de\",\"@id\":\"https:\\\/\\\/transportjournal.com\\\/de\\\/#\\\/schema\\\/logo\\\/image\\\/\",\"url\":\"https:\\\/\\\/transportjournal.com\\\/wp-content\\\/uploads\\\/sites\\\/2\\\/2025\\\/09\\\/Logo_ITJ.png\",\"contentUrl\":\"https:\\\/\\\/transportjournal.com\\\/wp-content\\\/uploads\\\/sites\\\/2\\\/2025\\\/09\\\/Logo_ITJ.png\",\"width\":799,\"height\":326,\"caption\":\"Groupe Logismedia AG\"},\"image\":{\"@id\":\"https:\\\/\\\/transportjournal.com\\\/de\\\/#\\\/schema\\\/logo\\\/image\\\/\"},\"sameAs\":[\"https:\\\/\\\/www.linkedin.com\\\/company\\\/56456496\\\/admin\\\/dashboard\\\/\",\"https:\\\/\\\/www.instagram.com\\\/logismediagroup\\\/\",\"https:\\\/\\\/www.youtube.com\\\/@LogiamediaGroupAG\"]},{\"@type\":\"Person\",\"@id\":\"https:\\\/\\\/transportjournal.com\\\/de\\\/#\\\/schema\\\/person\\\/cf538b3157f15afd7589245a4b3dbd25\",\"name\":\"Andreas Haug\",\"url\":\"https:\\\/\\\/transportjournal.com\\\/de\\\/author\\\/andreas\\\/\"}]}<\/script>\n<!-- \/ Yoast SEO plugin. -->","yoast_head_json":{"title":"Leschaco ernennt Emile Goossens zum CFO - ITJ | International Transport Journal","robots":{"index":"index","follow":"follow","max-snippet":"max-snippet:-1","max-image-preview":"max-image-preview:large","max-video-preview":"max-video-preview:-1"},"canonical":"https:\/\/transportjournal.com\/de\/2026\/01\/26\/leschaco-ernennt-emile-goossens-zum-cfo\/","og_locale":"de_DE","og_type":"article","og_title":"Leschaco ernennt Emile Goossens zum CFO - ITJ | International Transport Journal","og_description":"Leschaco hat Emile Goossens zum CFO ernannt, um die Strategie 2030 voranzutreiben und die Transformation des Unternehmens weiter zu unterst\u00fctzen.","og_url":"https:\/\/transportjournal.com\/de\/2026\/01\/26\/leschaco-ernennt-emile-goossens-zum-cfo\/","og_site_name":"ITJ | International Transport Journal","article_published_time":"2026-01-26T13:29:15+00:00","og_image":[{"width":1920,"height":1081,"url":"https:\/\/transportjournal.com\/wp-content\/uploads\/sites\/2\/2026\/01\/Emile-Goossens-high-aspect-ratio-1400-788.png","type":"image\/png"}],"author":"Andreas Haug","twitter_card":"summary_large_image","twitter_misc":{"Verfasst von":"Andreas Haug","Gesch\u00e4tzte Lesezeit":"1\u00a0Minute"},"schema":{"@context":"https:\/\/schema.org","@graph":[{"@type":"Article","@id":"https:\/\/transportjournal.com\/de\/2026\/01\/26\/leschaco-ernennt-emile-goossens-zum-cfo\/#article","isPartOf":{"@id":"https:\/\/transportjournal.com\/de\/2026\/01\/26\/leschaco-ernennt-emile-goossens-zum-cfo\/"},"author":{"name":"Andreas Haug","@id":"https:\/\/transportjournal.com\/de\/#\/schema\/person\/cf538b3157f15afd7589245a4b3dbd25"},"headline":"Leschaco ernennt Emile Goossens zum CFO","datePublished":"2026-01-26T13:29:15+00:00","mainEntityOfPage":{"@id":"https:\/\/transportjournal.com\/de\/2026\/01\/26\/leschaco-ernennt-emile-goossens-zum-cfo\/"},"wordCount":235,"commentCount":0,"publisher":{"@id":"https:\/\/transportjournal.com\/de\/#organization"},"image":{"@id":"https:\/\/transportjournal.com\/de\/2026\/01\/26\/leschaco-ernennt-emile-goossens-zum-cfo\/#primaryimage"},"thumbnailUrl":"https:\/\/transportjournal.com\/wp-content\/uploads\/sites\/2\/2026\/01\/Emile-Goossens-high-aspect-ratio-1400-788.png","keywords":["CFO appointment","CFO Ernennung","corporate governance","DB Schenker","Deutsch Leschaco","digital transformation","digitale Transformation","Emile Goossens","employee leadership","exp\u00e9rience internationale","expertise financi\u00e8re","Fachkr\u00e4ftemangel Logistik English Leschaco","finance organization","financial expertise","financial management","Finanzexpertise","Finanzmanagement","Finanzorganisation","gestion d'entreprise durable","gestion financi\u00e8re","gouvernance","gouvernance d'entreprise","Governance","international experience","internationale Erfahrung","labor shortage logistics Fran\u00e7ais Leschaco","leader du march\u00e9 logistique","leadership des employ\u00e9s","logistics industry","logistics market leader","Logistikbranche","Marktf\u00fchrer Logistik","Mitarbeiterf\u00fchrung","nachhaltige Unternehmensf\u00fchrung","nomination CFO","organisation financi\u00e8re","p\u00e9nurie de main-d'\u0153uvre logistique","projets de transformation","reporting systems","Reporting-Systeme","secteur logistique","shared service structures","Shared-Service-Strukturen","Strategie 2030","strategy 2030","structures de services partag\u00e9s","sustainable corporate management","syst\u00e8mes de reporting","transformation num\u00e9rique","transformation projects","Transformationsprojekte","Unternehmensf\u00fchrung"],"articleSection":["Deutschland","Europa","Menschen &amp; Unternehmen","Spedition &amp; Logistik"],"inLanguage":"de","potentialAction":[{"@type":"CommentAction","name":"Comment","target":["https:\/\/transportjournal.com\/de\/2026\/01\/26\/leschaco-ernennt-emile-goossens-zum-cfo\/#respond"]}]},{"@type":"WebPage","@id":"https:\/\/transportjournal.com\/de\/2026\/01\/26\/leschaco-ernennt-emile-goossens-zum-cfo\/","url":"https:\/\/transportjournal.com\/de\/2026\/01\/26\/leschaco-ernennt-emile-goossens-zum-cfo\/","name":"Leschaco ernennt Emile Goossens zum CFO - ITJ | International Transport Journal","isPartOf":{"@id":"https:\/\/transportjournal.com\/de\/#website"},"primaryImageOfPage":{"@id":"https:\/\/transportjournal.com\/de\/2026\/01\/26\/leschaco-ernennt-emile-goossens-zum-cfo\/#primaryimage"},"image":{"@id":"https:\/\/transportjournal.com\/de\/2026\/01\/26\/leschaco-ernennt-emile-goossens-zum-cfo\/#primaryimage"},"thumbnailUrl":"https:\/\/transportjournal.com\/wp-content\/uploads\/sites\/2\/2026\/01\/Emile-Goossens-high-aspect-ratio-1400-788.png","datePublished":"2026-01-26T13:29:15+00:00","breadcrumb":{"@id":"https:\/\/transportjournal.com\/de\/2026\/01\/26\/leschaco-ernennt-emile-goossens-zum-cfo\/#breadcrumb"},"inLanguage":"de","potentialAction":[{"@type":"ReadAction","target":["https:\/\/transportjournal.com\/de\/2026\/01\/26\/leschaco-ernennt-emile-goossens-zum-cfo\/"]}]},{"@type":"ImageObject","inLanguage":"de","@id":"https:\/\/transportjournal.com\/de\/2026\/01\/26\/leschaco-ernennt-emile-goossens-zum-cfo\/#primaryimage","url":"https:\/\/transportjournal.com\/wp-content\/uploads\/sites\/2\/2026\/01\/Emile-Goossens-high-aspect-ratio-1400-788.png","contentUrl":"https:\/\/transportjournal.com\/wp-content\/uploads\/sites\/2\/2026\/01\/Emile-Goossens-high-aspect-ratio-1400-788.png","width":1920,"height":1081},{"@type":"BreadcrumbList","@id":"https:\/\/transportjournal.com\/de\/2026\/01\/26\/leschaco-ernennt-emile-goossens-zum-cfo\/#breadcrumb","itemListElement":[{"@type":"ListItem","position":1,"name":"Startseite","item":"https:\/\/transportjournal.com\/de\/"},{"@type":"ListItem","position":2,"name":"Leschaco ernennt Emile Goossens zum CFO"}]},{"@type":"WebSite","@id":"https:\/\/transportjournal.com\/de\/#website","url":"https:\/\/transportjournal.com\/de\/","name":"ITJ | International Transport Journal","description":"Stay informed with the latest global news from the transport, logistics, and supply chain industries. Transport Journal delivers expert insights, analysis, and updates across shipping, aviation, intermodal, and forwarding.","publisher":{"@id":"https:\/\/transportjournal.com\/de\/#organization"},"potentialAction":[{"@type":"SearchAction","target":{"@type":"EntryPoint","urlTemplate":"https:\/\/transportjournal.com\/de\/?s={search_term_string}"},"query-input":{"@type":"PropertyValueSpecification","valueRequired":true,"valueName":"search_term_string"}}],"inLanguage":"de"},{"@type":"Organization","@id":"https:\/\/transportjournal.com\/de\/#organization","name":"Groupe Logismedia AG","alternateName":"Logismedia Group AG","url":"https:\/\/transportjournal.com\/de\/","logo":{"@type":"ImageObject","inLanguage":"de","@id":"https:\/\/transportjournal.com\/de\/#\/schema\/logo\/image\/","url":"https:\/\/transportjournal.com\/wp-content\/uploads\/sites\/2\/2025\/09\/Logo_ITJ.png","contentUrl":"https:\/\/transportjournal.com\/wp-content\/uploads\/sites\/2\/2025\/09\/Logo_ITJ.png","width":799,"height":326,"caption":"Groupe Logismedia AG"},"image":{"@id":"https:\/\/transportjournal.com\/de\/#\/schema\/logo\/image\/"},"sameAs":["https:\/\/www.linkedin.com\/company\/56456496\/admin\/dashboard\/","https:\/\/www.instagram.com\/logismediagroup\/","https:\/\/www.youtube.com\/@LogiamediaGroupAG"]},{"@type":"Person","@id":"https:\/\/transportjournal.com\/de\/#\/schema\/person\/cf538b3157f15afd7589245a4b3dbd25","name":"Andreas Haug","url":"https:\/\/transportjournal.com\/de\/author\/andreas\/"}]}},"_links":{"self":[{"href":"https:\/\/transportjournal.com\/de\/wp-json\/wp\/v2\/posts\/74409","targetHints":{"allow":["GET"]}}],"collection":[{"href":"https:\/\/transportjournal.com\/de\/wp-json\/wp\/v2\/posts"}],"about":[{"href":"https:\/\/transportjournal.com\/de\/wp-json\/wp\/v2\/types\/post"}],"author":[{"embeddable":true,"href":"https:\/\/transportjournal.com\/de\/wp-json\/wp\/v2\/users\/12"}],"replies":[{"embeddable":true,"href":"https:\/\/transportjournal.com\/de\/wp-json\/wp\/v2\/comments?post=74409"}],"version-history":[{"count":0,"href":"https:\/\/transportjournal.com\/de\/wp-json\/wp\/v2\/posts\/74409\/revisions"}],"wp:featuredmedia":[{"embeddable":true,"href":"https:\/\/transportjournal.com\/de\/wp-json\/wp\/v2\/media\/74408"}],"wp:attachment":[{"href":"https:\/\/transportjournal.com\/de\/wp-json\/wp\/v2\/media?parent=74409"}],"wp:term":[{"taxonomy":"category","embeddable":true,"href":"https:\/\/transportjournal.com\/de\/wp-json\/wp\/v2\/categories?post=74409"},{"taxonomy":"post_tag","embeddable":true,"href":"https:\/\/transportjournal.com\/de\/wp-json\/wp\/v2\/tags?post=74409"}],"curies":[{"name":"wp","href":"https:\/\/api.w.org\/{rel}","templated":true}]}}