{"id":74386,"date":"2026-01-26T10:02:57","date_gmt":"2026-01-26T10:02:57","guid":{"rendered":"https:\/\/transportjournal.com\/2026\/01\/26\/neuer-luftfrachtservice-nach-europa\/"},"modified":"2026-01-26T14:09:26","modified_gmt":"2026-01-26T13:09:26","slug":"neuer-luftfrachtservice-nach-europa","status":"publish","type":"post","link":"https:\/\/transportjournal.com\/de\/2026\/01\/26\/neuer-luftfrachtservice-nach-europa\/","title":{"rendered":"Neuer Luftfrachtservice nach Europa"},"content":{"rendered":"<p>DP World und die Punta Cana Freihandelszone haben einen neuen internationalen Luftfrachtservice nach Europa ins Leben gerufen, der die Rolle der Dominikanischen Republik als Logistik- und Transitdrehscheibe f\u00fcr die Amerikas st\u00e4rken soll. Der Service wird \u00fcber das Luftfrachtzentrum Punta Cana im Osten des Landes abgewickelt.<\/p>\n<h3>Neuer Luftfrachtservice st\u00e4rkt Handelsverbindungen<\/h3>\n<p>Der neue Service, der dienstags und samstags operiert, ist darauf ausgelegt, Transitfracht aus S\u00fcdamerika, Mittelamerika und der Karibik \u00fcber das Luftfrachtzentrum Punta Cana nach Europa zu transportieren. In der Anfangsphase wird erwartet, dass das Zentrum monatlich bis zu 120 t Luftfracht abwickelt, was die Geschwindigkeit und Zuverl\u00e4ssigkeit f\u00fcr regionale Exporteure verbessern soll.<\/p>\n<p>Der erweiterte Service unterst\u00fctzt den Transport von wertvollen und zeitkritischen G\u00fctern, darunter verderbliche Waren wie Blumen und Fr\u00fcchte, Pharmazeutika, Pakete und Trockenfracht. Sendungen aus Kolumbien, Ecuador und Peru werden in Punta Cana konsolidiert und mit h\u00e4ufigen Linienfl\u00fcgen zu wichtigen europ\u00e4ischen M\u00e4rkten wie Madrid, Frankfurt und London verbunden. Die Partner pr\u00fcfen zudem die M\u00f6glichkeit, den Service auf Kanada auszuweiten, da die Nachfrage weiter steigt.<\/p>\n<h3>Infrastruktur f\u00fcr zeitkritische Fracht<\/h3>\n<p>Das Luftfrachtzentrum Punta Cana ist speziell f\u00fcr den Umgang mit temperaturempfindlicher Fracht konzipiert und bietet etwa 4.000 Quadratmeter K\u00fchlraum, der f\u00fcr verderbliche Waren vorgesehen ist. Zudem sind die Abl\u00e4ufe f\u00fcr Transitfracht optimiert, um die Transferzeiten zu verk\u00fcrzen. Direkter Rampenzugang f\u00fcr Frachtflugzeuge und Verkehrsflugzeuge sowie verbesserte Sicherheitsdienste und spezielle Handhabungsger\u00e4te f\u00fcr verschiedene Frachtarten sind ebenfalls Teil der Infrastruktur.<\/p>\n<p>Der neue Service baut auf der Ankunft des ersten Frachtflugzeugs im Jahr 2024 auf, das die Infrastruktur und das Betriebsmodell des Terminals validierte und die Grundlage f\u00fcr ein nachhaltiges Wachstum des internationalen Luftfrachtverkehrs legte. 2025 hat der Luftfrachtterminal voraussichtlich \u00fcber 33.000 t an Importen, Exporten und Transitfracht abgewickelt, was einem Anstieg von 15% im Vergleich zu 2024 entspricht.<\/p>\n<p>Manuel Mart\u00ednez, CEO von DP World in der Dominikanischen Republik, erkl\u00e4rte: \u201eDiese Expansion verst\u00e4rkt unsere gemeinsame Vision mit der Punta Cana Freihandelszone, Punta Cana als wichtigen regionalen Verbindungspunkt innerhalb globaler Handelsnetzwerke zu positionieren. Durch die Erh\u00f6hung der Kapazit\u00e4t und der Vorhersehbarkeit des Services bieten wir Exporteuren und Logistikdienstleistern schnelleren und zuverl\u00e4ssigeren Zugang zu internationalen M\u00e4rkten und st\u00e4rken die Wettbewerbsf\u00e4higkeit der Region.\u201c<\/p>\n<p>&nbsp;<\/p>\n<p><a href=\"https:\/\/www.dpworld.com\/\" target=\"_blank\" rel=\"noopener noreferrer\">www.dpworld.com<\/a><\/p>\n<p>&nbsp;<\/p>\n","protected":false},"excerpt":{"rendered":"<p>DP World und die Punta Cana Freihandelszone haben einen neuen Luftfrachtservice nach Europa gestartet, um die Logistik der Dominikanischen Republik zu st\u00e4rken.<\/p>\n","protected":false},"author":12,"featured_media":74385,"comment_status":"open","ping_status":"open","sticky":false,"template":"","format":"standard","meta":{"_acf_changed":false,"footnotes":""},"categories":[1578,1575,1570],"tags":[9388,5507,9389,3402,9390,9391,9392,2265,6754,9393,9394,2032,9395,9396,9397,2952,9398,9399,9400,9401,2960,2961,9402,9403,2133,9404,1831,9405,9406,9407,9408,9409,9410,9411,9412,9084,9085,2148,9413,9414,9415,9416,9417,9418,9419,9420,9421,9422,9423,9424,9425,9426,7052,9427],"class_list":["post-74386","post","type-post","status-publish","format-standard","has-post-thumbnail","hentry","category-amerikas","category-europa","category-luftfracht","tag-air-freight-service-2024","tag-avions-cargo","tag-cargaison-sensible-a-la-temperature","tag-cargo-aircraft","tag-centre-de-fret-aerien-de-punta-cana","tag-cold-storage-for-cargo","tag-connexions-commerciales-europe","tag-deutsch-luftfracht","tag-dp-world","tag-export-markets-europe","tag-exportmaerkte-europa","tag-frachtflugzeuge","tag-frachtservice-kanada","tag-freight-service-canada","tag-fret-aerien-amerique-du-sud","tag-fret-aerien-international","tag-handelsverbindungen-europa","tag-infrastructure-for-air-freight","tag-infrastructure-pour-fret-aerien","tag-infrastruktur-fuer-luftfracht","tag-international-air-freight","tag-internationale-luftfracht","tag-kuehlraum-fuer-fracht","tag-logistics-dominican-republic","tag-logistics-service-providers","tag-logistik-dominikanische-republik","tag-logistikdienstleister","tag-logistique-republique-dominicaine","tag-luftfrachtservice-2024","tag-luftfrachtzentrum-punta-cana","tag-marchandises-sensibles-au-temps","tag-marches-dexportation-europe","tag-nachhaltiger-luftfrachtverkehr","tag-optimisation-du-fret-en-transit","tag-optimizing-transit-cargo","tag-pharmaceuticals-transport","tag-pharmazeutika-transport","tag-prestataires-de-services-logistiques","tag-punta-cana","tag-punta-cana-air-freight-center","tag-service-de-fret-aerien-2024","tag-service-de-fret-canada","tag-south-america-air-freight","tag-stockage-frigorifique-pour-fret","tag-suedamerika-luftfracht","tag-sustainable-air-freight-traffic","tag-temperature-sensitive-cargo","tag-temperaturempfindliche-fracht","tag-time-sensitive-goods-francais-fret-aerien","tag-trade-connections-europe","tag-trafic-de-fret-aerien-durable","tag-transitfracht-optimieren","tag-transport-de-produits-pharmaceutiques","tag-zeitkritische-gueter-english-air-freight"],"acf":[],"yoast_head":"<!-- This site is optimized with the Yoast SEO plugin v27.3 - https:\/\/yoast.com\/product\/yoast-seo-wordpress\/ -->\n<title>Neuer Luftfrachtservice nach Europa - ITJ | International Transport Journal<\/title>\n<meta name=\"robots\" content=\"index, follow, max-snippet:-1, max-image-preview:large, max-video-preview:-1\" \/>\n<link rel=\"canonical\" href=\"https:\/\/transportjournal.com\/de\/2026\/01\/26\/neuer-luftfrachtservice-nach-europa\/\" \/>\n<meta property=\"og:locale\" content=\"de_DE\" \/>\n<meta property=\"og:type\" content=\"article\" \/>\n<meta property=\"og:title\" content=\"Neuer Luftfrachtservice nach Europa - ITJ | International Transport Journal\" \/>\n<meta property=\"og:description\" content=\"DP World und die Punta Cana Freihandelszone haben einen neuen Luftfrachtservice nach Europa gestartet, um die Logistik der Dominikanischen Republik zu st\u00e4rken.\" \/>\n<meta property=\"og:url\" content=\"https:\/\/transportjournal.com\/de\/2026\/01\/26\/neuer-luftfrachtservice-nach-europa\/\" \/>\n<meta property=\"og:site_name\" content=\"ITJ | International Transport Journal\" \/>\n<meta property=\"article:published_time\" content=\"2026-01-26T10:02:57+00:00\" \/>\n<meta property=\"article:modified_time\" content=\"2026-01-26T13:09:26+00:00\" \/>\n<meta property=\"og:image\" content=\"https:\/\/transportjournal.com\/wp-content\/uploads\/sites\/2\/2026\/01\/DP-Woerld-movimiento-de-carga-tras-la-llegada-del-carguero-a-las-insta-scaled-aspect-ratio-1400-788-scaled-1.jpg\" \/>\n\t<meta property=\"og:image:width\" content=\"2560\" \/>\n\t<meta property=\"og:image:height\" content=\"1441\" \/>\n\t<meta property=\"og:image:type\" content=\"image\/jpeg\" \/>\n<meta name=\"author\" content=\"Andreas Haug\" \/>\n<meta name=\"twitter:card\" content=\"summary_large_image\" \/>\n<meta name=\"twitter:label1\" content=\"Verfasst von\" \/>\n\t<meta name=\"twitter:data1\" content=\"Andreas Haug\" \/>\n\t<meta name=\"twitter:label2\" content=\"Gesch\u00e4tzte Lesezeit\" \/>\n\t<meta name=\"twitter:data2\" content=\"2\u00a0Minute\" \/>\n<script type=\"application\/ld+json\" class=\"yoast-schema-graph\">{\"@context\":\"https:\\\/\\\/schema.org\",\"@graph\":[{\"@type\":\"Article\",\"@id\":\"https:\\\/\\\/transportjournal.com\\\/de\\\/2026\\\/01\\\/26\\\/neuer-luftfrachtservice-nach-europa\\\/#article\",\"isPartOf\":{\"@id\":\"https:\\\/\\\/transportjournal.com\\\/de\\\/2026\\\/01\\\/26\\\/neuer-luftfrachtservice-nach-europa\\\/\"},\"author\":{\"name\":\"Andreas Haug\",\"@id\":\"https:\\\/\\\/transportjournal.com\\\/de\\\/#\\\/schema\\\/person\\\/cf538b3157f15afd7589245a4b3dbd25\"},\"headline\":\"Neuer Luftfrachtservice nach Europa\",\"datePublished\":\"2026-01-26T10:02:57+00:00\",\"dateModified\":\"2026-01-26T13:09:26+00:00\",\"mainEntityOfPage\":{\"@id\":\"https:\\\/\\\/transportjournal.com\\\/de\\\/2026\\\/01\\\/26\\\/neuer-luftfrachtservice-nach-europa\\\/\"},\"wordCount\":381,\"commentCount\":0,\"publisher\":{\"@id\":\"https:\\\/\\\/transportjournal.com\\\/de\\\/#organization\"},\"image\":{\"@id\":\"https:\\\/\\\/transportjournal.com\\\/de\\\/2026\\\/01\\\/26\\\/neuer-luftfrachtservice-nach-europa\\\/#primaryimage\"},\"thumbnailUrl\":\"https:\\\/\\\/transportjournal.com\\\/wp-content\\\/uploads\\\/sites\\\/2\\\/2026\\\/01\\\/DP-Woerld-movimiento-de-carga-tras-la-llegada-del-carguero-a-las-insta-scaled-aspect-ratio-1400-788-scaled-1.jpg\",\"keywords\":[\"air freight service 2024\",\"avions cargo\",\"cargaison sensible \u00e0 la temp\u00e9rature\",\"cargo aircraft\",\"centre de fret a\u00e9rien de Punta Cana\",\"cold storage for cargo\",\"connexions commerciales Europe\",\"Deutsch Luftfracht\",\"DP World\",\"export markets Europe\",\"Exportm\u00e4rkte Europa\",\"Frachtflugzeuge\",\"Frachtservice Kanada\",\"freight service Canada\",\"fret a\u00e9rien Am\u00e9rique du Sud\",\"fret a\u00e9rien international\",\"Handelsverbindungen Europa\",\"infrastructure for air freight\",\"infrastructure pour fret a\u00e9rien\",\"Infrastruktur f\u00fcr Luftfracht\",\"international air freight\",\"internationale Luftfracht\",\"K\u00fchlraum f\u00fcr Fracht\",\"logistics Dominican Republic\",\"logistics service providers\",\"Logistik Dominikanische Republik\",\"Logistikdienstleister\",\"logistique R\u00e9publique dominicaine\",\"Luftfrachtservice 2024\",\"Luftfrachtzentrum Punta Cana\",\"marchandises sensibles au temps\",\"march\u00e9s d'exportation Europe\",\"nachhaltiger Luftfrachtverkehr\",\"optimisation du fret en transit\",\"optimizing transit cargo\",\"pharmaceuticals transport\",\"Pharmazeutika Transport\",\"prestataires de services logistiques\",\"Punta Cana\",\"Punta Cana air freight center\",\"service de fret a\u00e9rien 2024\",\"service de fret Canada\",\"South America air freight\",\"stockage frigorifique pour fret\",\"S\u00fcdamerika Luftfracht\",\"sustainable air freight traffic\",\"temperature-sensitive cargo\",\"temperaturempfindliche Fracht\",\"time-sensitive goods Fran\u00e7ais Fret a\u00e9rien\",\"trade connections Europe\",\"trafic de fret a\u00e9rien durable\",\"Transitfracht optimieren\",\"transport de produits pharmaceutiques\",\"zeitkritische G\u00fcter English Air freight\"],\"articleSection\":[\"Amerikas\",\"Europa\",\"Luftfracht\"],\"inLanguage\":\"de\",\"potentialAction\":[{\"@type\":\"CommentAction\",\"name\":\"Comment\",\"target\":[\"https:\\\/\\\/transportjournal.com\\\/de\\\/2026\\\/01\\\/26\\\/neuer-luftfrachtservice-nach-europa\\\/#respond\"]}]},{\"@type\":\"WebPage\",\"@id\":\"https:\\\/\\\/transportjournal.com\\\/de\\\/2026\\\/01\\\/26\\\/neuer-luftfrachtservice-nach-europa\\\/\",\"url\":\"https:\\\/\\\/transportjournal.com\\\/de\\\/2026\\\/01\\\/26\\\/neuer-luftfrachtservice-nach-europa\\\/\",\"name\":\"Neuer Luftfrachtservice nach Europa - ITJ | International Transport Journal\",\"isPartOf\":{\"@id\":\"https:\\\/\\\/transportjournal.com\\\/de\\\/#website\"},\"primaryImageOfPage\":{\"@id\":\"https:\\\/\\\/transportjournal.com\\\/de\\\/2026\\\/01\\\/26\\\/neuer-luftfrachtservice-nach-europa\\\/#primaryimage\"},\"image\":{\"@id\":\"https:\\\/\\\/transportjournal.com\\\/de\\\/2026\\\/01\\\/26\\\/neuer-luftfrachtservice-nach-europa\\\/#primaryimage\"},\"thumbnailUrl\":\"https:\\\/\\\/transportjournal.com\\\/wp-content\\\/uploads\\\/sites\\\/2\\\/2026\\\/01\\\/DP-Woerld-movimiento-de-carga-tras-la-llegada-del-carguero-a-las-insta-scaled-aspect-ratio-1400-788-scaled-1.jpg\",\"datePublished\":\"2026-01-26T10:02:57+00:00\",\"dateModified\":\"2026-01-26T13:09:26+00:00\",\"breadcrumb\":{\"@id\":\"https:\\\/\\\/transportjournal.com\\\/de\\\/2026\\\/01\\\/26\\\/neuer-luftfrachtservice-nach-europa\\\/#breadcrumb\"},\"inLanguage\":\"de\",\"potentialAction\":[{\"@type\":\"ReadAction\",\"target\":[\"https:\\\/\\\/transportjournal.com\\\/de\\\/2026\\\/01\\\/26\\\/neuer-luftfrachtservice-nach-europa\\\/\"]}]},{\"@type\":\"ImageObject\",\"inLanguage\":\"de\",\"@id\":\"https:\\\/\\\/transportjournal.com\\\/de\\\/2026\\\/01\\\/26\\\/neuer-luftfrachtservice-nach-europa\\\/#primaryimage\",\"url\":\"https:\\\/\\\/transportjournal.com\\\/wp-content\\\/uploads\\\/sites\\\/2\\\/2026\\\/01\\\/DP-Woerld-movimiento-de-carga-tras-la-llegada-del-carguero-a-las-insta-scaled-aspect-ratio-1400-788-scaled-1.jpg\",\"contentUrl\":\"https:\\\/\\\/transportjournal.com\\\/wp-content\\\/uploads\\\/sites\\\/2\\\/2026\\\/01\\\/DP-Woerld-movimiento-de-carga-tras-la-llegada-del-carguero-a-las-insta-scaled-aspect-ratio-1400-788-scaled-1.jpg\",\"width\":2560,\"height\":1441},{\"@type\":\"BreadcrumbList\",\"@id\":\"https:\\\/\\\/transportjournal.com\\\/de\\\/2026\\\/01\\\/26\\\/neuer-luftfrachtservice-nach-europa\\\/#breadcrumb\",\"itemListElement\":[{\"@type\":\"ListItem\",\"position\":1,\"name\":\"Startseite\",\"item\":\"https:\\\/\\\/transportjournal.com\\\/de\\\/\"},{\"@type\":\"ListItem\",\"position\":2,\"name\":\"Neuer Luftfrachtservice nach Europa\"}]},{\"@type\":\"WebSite\",\"@id\":\"https:\\\/\\\/transportjournal.com\\\/de\\\/#website\",\"url\":\"https:\\\/\\\/transportjournal.com\\\/de\\\/\",\"name\":\"ITJ | International Transport Journal\",\"description\":\"Stay informed with the latest global news from the transport, logistics, and supply chain industries. Transport Journal delivers expert insights, analysis, and updates across shipping, aviation, intermodal, and forwarding.\",\"publisher\":{\"@id\":\"https:\\\/\\\/transportjournal.com\\\/de\\\/#organization\"},\"potentialAction\":[{\"@type\":\"SearchAction\",\"target\":{\"@type\":\"EntryPoint\",\"urlTemplate\":\"https:\\\/\\\/transportjournal.com\\\/de\\\/?s={search_term_string}\"},\"query-input\":{\"@type\":\"PropertyValueSpecification\",\"valueRequired\":true,\"valueName\":\"search_term_string\"}}],\"inLanguage\":\"de\"},{\"@type\":\"Organization\",\"@id\":\"https:\\\/\\\/transportjournal.com\\\/de\\\/#organization\",\"name\":\"Groupe Logismedia AG\",\"alternateName\":\"Logismedia Group AG\",\"url\":\"https:\\\/\\\/transportjournal.com\\\/de\\\/\",\"logo\":{\"@type\":\"ImageObject\",\"inLanguage\":\"de\",\"@id\":\"https:\\\/\\\/transportjournal.com\\\/de\\\/#\\\/schema\\\/logo\\\/image\\\/\",\"url\":\"https:\\\/\\\/transportjournal.com\\\/wp-content\\\/uploads\\\/sites\\\/2\\\/2025\\\/09\\\/Logo_ITJ.png\",\"contentUrl\":\"https:\\\/\\\/transportjournal.com\\\/wp-content\\\/uploads\\\/sites\\\/2\\\/2025\\\/09\\\/Logo_ITJ.png\",\"width\":799,\"height\":326,\"caption\":\"Groupe Logismedia AG\"},\"image\":{\"@id\":\"https:\\\/\\\/transportjournal.com\\\/de\\\/#\\\/schema\\\/logo\\\/image\\\/\"},\"sameAs\":[\"https:\\\/\\\/www.linkedin.com\\\/company\\\/56456496\\\/admin\\\/dashboard\\\/\",\"https:\\\/\\\/www.instagram.com\\\/logismediagroup\\\/\",\"https:\\\/\\\/www.youtube.com\\\/@LogiamediaGroupAG\"]},{\"@type\":\"Person\",\"@id\":\"https:\\\/\\\/transportjournal.com\\\/de\\\/#\\\/schema\\\/person\\\/cf538b3157f15afd7589245a4b3dbd25\",\"name\":\"Andreas Haug\",\"url\":\"https:\\\/\\\/transportjournal.com\\\/de\\\/author\\\/andreas\\\/\"}]}<\/script>\n<!-- \/ Yoast SEO plugin. -->","yoast_head_json":{"title":"Neuer Luftfrachtservice nach Europa - ITJ | International Transport Journal","robots":{"index":"index","follow":"follow","max-snippet":"max-snippet:-1","max-image-preview":"max-image-preview:large","max-video-preview":"max-video-preview:-1"},"canonical":"https:\/\/transportjournal.com\/de\/2026\/01\/26\/neuer-luftfrachtservice-nach-europa\/","og_locale":"de_DE","og_type":"article","og_title":"Neuer Luftfrachtservice nach Europa - ITJ | International Transport Journal","og_description":"DP World und die Punta Cana Freihandelszone haben einen neuen Luftfrachtservice nach Europa gestartet, um die Logistik der Dominikanischen Republik zu st\u00e4rken.","og_url":"https:\/\/transportjournal.com\/de\/2026\/01\/26\/neuer-luftfrachtservice-nach-europa\/","og_site_name":"ITJ | International Transport Journal","article_published_time":"2026-01-26T10:02:57+00:00","article_modified_time":"2026-01-26T13:09:26+00:00","og_image":[{"width":2560,"height":1441,"url":"https:\/\/transportjournal.com\/wp-content\/uploads\/sites\/2\/2026\/01\/DP-Woerld-movimiento-de-carga-tras-la-llegada-del-carguero-a-las-insta-scaled-aspect-ratio-1400-788-scaled-1.jpg","type":"image\/jpeg"}],"author":"Andreas Haug","twitter_card":"summary_large_image","twitter_misc":{"Verfasst von":"Andreas Haug","Gesch\u00e4tzte Lesezeit":"2\u00a0Minute"},"schema":{"@context":"https:\/\/schema.org","@graph":[{"@type":"Article","@id":"https:\/\/transportjournal.com\/de\/2026\/01\/26\/neuer-luftfrachtservice-nach-europa\/#article","isPartOf":{"@id":"https:\/\/transportjournal.com\/de\/2026\/01\/26\/neuer-luftfrachtservice-nach-europa\/"},"author":{"name":"Andreas Haug","@id":"https:\/\/transportjournal.com\/de\/#\/schema\/person\/cf538b3157f15afd7589245a4b3dbd25"},"headline":"Neuer Luftfrachtservice nach Europa","datePublished":"2026-01-26T10:02:57+00:00","dateModified":"2026-01-26T13:09:26+00:00","mainEntityOfPage":{"@id":"https:\/\/transportjournal.com\/de\/2026\/01\/26\/neuer-luftfrachtservice-nach-europa\/"},"wordCount":381,"commentCount":0,"publisher":{"@id":"https:\/\/transportjournal.com\/de\/#organization"},"image":{"@id":"https:\/\/transportjournal.com\/de\/2026\/01\/26\/neuer-luftfrachtservice-nach-europa\/#primaryimage"},"thumbnailUrl":"https:\/\/transportjournal.com\/wp-content\/uploads\/sites\/2\/2026\/01\/DP-Woerld-movimiento-de-carga-tras-la-llegada-del-carguero-a-las-insta-scaled-aspect-ratio-1400-788-scaled-1.jpg","keywords":["air freight service 2024","avions cargo","cargaison sensible \u00e0 la temp\u00e9rature","cargo aircraft","centre de fret a\u00e9rien de Punta Cana","cold storage for cargo","connexions commerciales Europe","Deutsch Luftfracht","DP World","export markets Europe","Exportm\u00e4rkte Europa","Frachtflugzeuge","Frachtservice Kanada","freight service Canada","fret a\u00e9rien Am\u00e9rique du Sud","fret a\u00e9rien international","Handelsverbindungen Europa","infrastructure for air freight","infrastructure pour fret a\u00e9rien","Infrastruktur f\u00fcr Luftfracht","international air freight","internationale Luftfracht","K\u00fchlraum f\u00fcr Fracht","logistics Dominican Republic","logistics service providers","Logistik Dominikanische Republik","Logistikdienstleister","logistique R\u00e9publique dominicaine","Luftfrachtservice 2024","Luftfrachtzentrum Punta Cana","marchandises sensibles au temps","march\u00e9s d'exportation Europe","nachhaltiger Luftfrachtverkehr","optimisation du fret en transit","optimizing transit cargo","pharmaceuticals transport","Pharmazeutika Transport","prestataires de services logistiques","Punta Cana","Punta Cana air freight center","service de fret a\u00e9rien 2024","service de fret Canada","South America air freight","stockage frigorifique pour fret","S\u00fcdamerika Luftfracht","sustainable air freight traffic","temperature-sensitive cargo","temperaturempfindliche Fracht","time-sensitive goods Fran\u00e7ais Fret a\u00e9rien","trade connections Europe","trafic de fret a\u00e9rien durable","Transitfracht optimieren","transport de produits pharmaceutiques","zeitkritische G\u00fcter English Air freight"],"articleSection":["Amerikas","Europa","Luftfracht"],"inLanguage":"de","potentialAction":[{"@type":"CommentAction","name":"Comment","target":["https:\/\/transportjournal.com\/de\/2026\/01\/26\/neuer-luftfrachtservice-nach-europa\/#respond"]}]},{"@type":"WebPage","@id":"https:\/\/transportjournal.com\/de\/2026\/01\/26\/neuer-luftfrachtservice-nach-europa\/","url":"https:\/\/transportjournal.com\/de\/2026\/01\/26\/neuer-luftfrachtservice-nach-europa\/","name":"Neuer Luftfrachtservice nach Europa - ITJ | International Transport Journal","isPartOf":{"@id":"https:\/\/transportjournal.com\/de\/#website"},"primaryImageOfPage":{"@id":"https:\/\/transportjournal.com\/de\/2026\/01\/26\/neuer-luftfrachtservice-nach-europa\/#primaryimage"},"image":{"@id":"https:\/\/transportjournal.com\/de\/2026\/01\/26\/neuer-luftfrachtservice-nach-europa\/#primaryimage"},"thumbnailUrl":"https:\/\/transportjournal.com\/wp-content\/uploads\/sites\/2\/2026\/01\/DP-Woerld-movimiento-de-carga-tras-la-llegada-del-carguero-a-las-insta-scaled-aspect-ratio-1400-788-scaled-1.jpg","datePublished":"2026-01-26T10:02:57+00:00","dateModified":"2026-01-26T13:09:26+00:00","breadcrumb":{"@id":"https:\/\/transportjournal.com\/de\/2026\/01\/26\/neuer-luftfrachtservice-nach-europa\/#breadcrumb"},"inLanguage":"de","potentialAction":[{"@type":"ReadAction","target":["https:\/\/transportjournal.com\/de\/2026\/01\/26\/neuer-luftfrachtservice-nach-europa\/"]}]},{"@type":"ImageObject","inLanguage":"de","@id":"https:\/\/transportjournal.com\/de\/2026\/01\/26\/neuer-luftfrachtservice-nach-europa\/#primaryimage","url":"https:\/\/transportjournal.com\/wp-content\/uploads\/sites\/2\/2026\/01\/DP-Woerld-movimiento-de-carga-tras-la-llegada-del-carguero-a-las-insta-scaled-aspect-ratio-1400-788-scaled-1.jpg","contentUrl":"https:\/\/transportjournal.com\/wp-content\/uploads\/sites\/2\/2026\/01\/DP-Woerld-movimiento-de-carga-tras-la-llegada-del-carguero-a-las-insta-scaled-aspect-ratio-1400-788-scaled-1.jpg","width":2560,"height":1441},{"@type":"BreadcrumbList","@id":"https:\/\/transportjournal.com\/de\/2026\/01\/26\/neuer-luftfrachtservice-nach-europa\/#breadcrumb","itemListElement":[{"@type":"ListItem","position":1,"name":"Startseite","item":"https:\/\/transportjournal.com\/de\/"},{"@type":"ListItem","position":2,"name":"Neuer Luftfrachtservice nach Europa"}]},{"@type":"WebSite","@id":"https:\/\/transportjournal.com\/de\/#website","url":"https:\/\/transportjournal.com\/de\/","name":"ITJ | International Transport Journal","description":"Stay informed with the latest global news from the transport, logistics, and supply chain industries. Transport Journal delivers expert insights, analysis, and updates across shipping, aviation, intermodal, and forwarding.","publisher":{"@id":"https:\/\/transportjournal.com\/de\/#organization"},"potentialAction":[{"@type":"SearchAction","target":{"@type":"EntryPoint","urlTemplate":"https:\/\/transportjournal.com\/de\/?s={search_term_string}"},"query-input":{"@type":"PropertyValueSpecification","valueRequired":true,"valueName":"search_term_string"}}],"inLanguage":"de"},{"@type":"Organization","@id":"https:\/\/transportjournal.com\/de\/#organization","name":"Groupe Logismedia AG","alternateName":"Logismedia Group AG","url":"https:\/\/transportjournal.com\/de\/","logo":{"@type":"ImageObject","inLanguage":"de","@id":"https:\/\/transportjournal.com\/de\/#\/schema\/logo\/image\/","url":"https:\/\/transportjournal.com\/wp-content\/uploads\/sites\/2\/2025\/09\/Logo_ITJ.png","contentUrl":"https:\/\/transportjournal.com\/wp-content\/uploads\/sites\/2\/2025\/09\/Logo_ITJ.png","width":799,"height":326,"caption":"Groupe Logismedia AG"},"image":{"@id":"https:\/\/transportjournal.com\/de\/#\/schema\/logo\/image\/"},"sameAs":["https:\/\/www.linkedin.com\/company\/56456496\/admin\/dashboard\/","https:\/\/www.instagram.com\/logismediagroup\/","https:\/\/www.youtube.com\/@LogiamediaGroupAG"]},{"@type":"Person","@id":"https:\/\/transportjournal.com\/de\/#\/schema\/person\/cf538b3157f15afd7589245a4b3dbd25","name":"Andreas Haug","url":"https:\/\/transportjournal.com\/de\/author\/andreas\/"}]}},"_links":{"self":[{"href":"https:\/\/transportjournal.com\/de\/wp-json\/wp\/v2\/posts\/74386","targetHints":{"allow":["GET"]}}],"collection":[{"href":"https:\/\/transportjournal.com\/de\/wp-json\/wp\/v2\/posts"}],"about":[{"href":"https:\/\/transportjournal.com\/de\/wp-json\/wp\/v2\/types\/post"}],"author":[{"embeddable":true,"href":"https:\/\/transportjournal.com\/de\/wp-json\/wp\/v2\/users\/12"}],"replies":[{"embeddable":true,"href":"https:\/\/transportjournal.com\/de\/wp-json\/wp\/v2\/comments?post=74386"}],"version-history":[{"count":1,"href":"https:\/\/transportjournal.com\/de\/wp-json\/wp\/v2\/posts\/74386\/revisions"}],"predecessor-version":[{"id":74393,"href":"https:\/\/transportjournal.com\/de\/wp-json\/wp\/v2\/posts\/74386\/revisions\/74393"}],"wp:featuredmedia":[{"embeddable":true,"href":"https:\/\/transportjournal.com\/de\/wp-json\/wp\/v2\/media\/74385"}],"wp:attachment":[{"href":"https:\/\/transportjournal.com\/de\/wp-json\/wp\/v2\/media?parent=74386"}],"wp:term":[{"taxonomy":"category","embeddable":true,"href":"https:\/\/transportjournal.com\/de\/wp-json\/wp\/v2\/categories?post=74386"},{"taxonomy":"post_tag","embeddable":true,"href":"https:\/\/transportjournal.com\/de\/wp-json\/wp\/v2\/tags?post=74386"}],"curies":[{"name":"wp","href":"https:\/\/api.w.org\/{rel}","templated":true}]}}