{"id":74356,"date":"2026-01-26T10:56:15","date_gmt":"2026-01-26T10:56:15","guid":{"rendered":"https:\/\/transportjournal.com\/2026\/01\/26\/mh-direkt-praesentiert-logistikkonzept\/"},"modified":"2026-01-26T12:07:05","modified_gmt":"2026-01-26T11:07:05","slug":"mh-direkt-praesentiert-logistikkonzept","status":"publish","type":"post","link":"https:\/\/transportjournal.com\/de\/2026\/01\/26\/mh-direkt-praesentiert-logistikkonzept\/","title":{"rendered":"MH Direkt pr\u00e4sentiert Logistikkonzept"},"content":{"rendered":"<p>K\u00fcrzlich gab die MH Direkt e-Commerce + fulfillment GmbH &amp; Co KG aus Lauterach bekannt, ein umfassendes Logistikkonzept zu pr\u00e4sentieren, das darauf abzielt, den Versand an \u00fcber 260 Millionen Kunden in den wichtigsten europ\u00e4ischen L\u00e4ndern, einschliesslich der Schweiz, zu optimieren. In Anbetracht des anhaltenden Wachstums im Online-Handel k\u00f6nnte dieses Konzept die Abl\u00e4ufe f\u00fcr Online-H\u00e4ndler in Europa erheblich beeinflussen, wie das Unternehmen mitteilt.<\/p>\n<h3>Ein zentrales Lager f\u00fcr Europa<\/h3>\n<p>Das Konzept \u201eEin Lager \u2013 ganz Europa\u201c von MH Direkt verfolgt das Ziel, die Herausforderungen, die durch unterschiedliche Versandsysteme und komplexe Logistikstrukturen entstehen, zu adressieren. Durch die Zentralisierung in Europa sollen Online-H\u00e4ndler in der Lage sein, ihre Produkte schneller und kosteng\u00fcnstiger zu versenden. Dies k\u00f6nnte insbesondere f\u00fcr den Markt in der Schweiz von Bedeutung sein, da MH Direkt die Zollabwicklung durchf\u00fchrt und damit eine Lieferung am n\u00e4chsten Tag erm\u00f6glichen will.<\/p>\n<p><a href=\"https:\/\/www.mhdirekt.com\/\" target=\"_blank\" rel=\"noopener noreferrer\">www.mhdirekt.com<\/a><\/p>\n","protected":false},"excerpt":{"rendered":"<p>MH Direkt plant, mit einem neuen Logistikkonzept die Versandprozesse f\u00fcr Online-H\u00e4ndler in Europa zu optimieren und die Effizienz zu steigern.<\/p>\n","protected":false},"author":10,"featured_media":74355,"comment_status":"open","ping_status":"open","sticky":false,"template":"","format":"standard","meta":{"_acf_changed":false,"footnotes":""},"categories":[1575,1569],"tags":[9320,9321,9322,9323,9324,9325,2115,2116,2166,5090,5091,9326,9327,9328,4524,4525,9329,2122,9330,9331,2123,2125,2373,9332,9333,9334,9335,9336,9337,9338,5108,4537,9339,2139,3157,9340,9341,9342,3793,9343,2145,9344,3801,9345,9346,2106,2154,2397,2155,1837,9347,3810,9348,9349,9350],"class_list":["post-74356","post","type-post","status-publish","format-standard","has-post-thumbnail","hentry","category-europa","category-logistik-spedition","tag-centralized-logistics","tag-commerce-en-ligne-europe","tag-concept-logistique-europe","tag-customs-clearance-switzerland","tag-dedouanement-suisse","tag-deutsch-logistikdienstleister","tag-digitalisierung-in-der-logistik","tag-digitalization-in-logistics","tag-durabilite-dans-la-logistique","tag-e-commerce-logistics","tag-e-commerce-logistik","tag-efficient-shipping-solutions","tag-effiziente-versandloesungen","tag-entreposage-suisse","tag-europaeische-logistikmaerkte","tag-european-logistics-markets","tag-expedition-aux-clients","tag-fachkraeftemangel-logistik","tag-fulfillment-dienstleistungen","tag-fulfillment-services","tag-gestion-de-la-chaine-dapprovisionnement","tag-industrie-du-transport","tag-labor-shortage-logistics","tag-lagerhaltung-schweiz","tag-logistics-concept-europe","tag-logistics-technology-francais-fournisseurs-de-services-logistiques","tag-logistikkonzept-europa","tag-logistikstruktur-optimieren","tag-logistiktechnologie-english-logistics-service-providers","tag-logistique-centralisee","tag-logistique-e-commerce","tag-marches-logistiques-europeens","tag-mh-direkt","tag-nachhaltigkeit-in-der-logistik","tag-numerisation-dans-la-logistique","tag-online-retail-europe","tag-online-handel-europa","tag-optimisation-de-la-structure-logistique","tag-optimisation-des-expeditions","tag-optimizing-logistics-structure","tag-penurie-de-main-doeuvre-logistique","tag-services-de-fulfillment","tag-shipping-optimization","tag-shipping-to-customers","tag-solutions-dexpedition-efficaces","tag-supply-chain-management","tag-sustainability-in-logistics","tag-technologie-logistique","tag-transport-industry","tag-transportwirtschaft","tag-versand-an-kunden","tag-versandoptimierung","tag-warehousing-switzerland","tag-zentrale-lagerlogistik","tag-zollabwicklung-schweiz"],"acf":[],"yoast_head":"<!-- This site is optimized with the Yoast SEO plugin v27.3 - https:\/\/yoast.com\/product\/yoast-seo-wordpress\/ -->\n<title>MH Direkt pr\u00e4sentiert Logistikkonzept - ITJ | International Transport Journal<\/title>\n<meta name=\"robots\" content=\"index, follow, max-snippet:-1, max-image-preview:large, max-video-preview:-1\" \/>\n<link rel=\"canonical\" href=\"https:\/\/transportjournal.com\/de\/2026\/01\/26\/mh-direkt-praesentiert-logistikkonzept\/\" \/>\n<meta property=\"og:locale\" content=\"de_DE\" \/>\n<meta property=\"og:type\" content=\"article\" \/>\n<meta property=\"og:title\" content=\"MH Direkt pr\u00e4sentiert Logistikkonzept - ITJ | International Transport Journal\" \/>\n<meta property=\"og:description\" content=\"MH Direkt plant, mit einem neuen Logistikkonzept die Versandprozesse f\u00fcr Online-H\u00e4ndler in Europa zu optimieren und die Effizienz zu steigern.\" \/>\n<meta property=\"og:url\" content=\"https:\/\/transportjournal.com\/de\/2026\/01\/26\/mh-direkt-praesentiert-logistikkonzept\/\" \/>\n<meta property=\"og:site_name\" content=\"ITJ | International Transport Journal\" \/>\n<meta property=\"article:published_time\" content=\"2026-01-26T10:56:15+00:00\" \/>\n<meta property=\"article:modified_time\" content=\"2026-01-26T11:07:05+00:00\" \/>\n<meta property=\"og:image\" content=\"https:\/\/transportjournal.com\/wp-content\/uploads\/sites\/2\/2026\/01\/AdobeStock_623520200-3-scaled-aspect-ratio-1400-788-scaled-1.jpeg\" \/>\n\t<meta property=\"og:image:width\" content=\"2560\" \/>\n\t<meta property=\"og:image:height\" content=\"1441\" \/>\n\t<meta property=\"og:image:type\" content=\"image\/jpeg\" \/>\n<meta name=\"author\" content=\"Jeremy Soland\" \/>\n<meta name=\"twitter:card\" content=\"summary_large_image\" \/>\n<meta name=\"twitter:label1\" content=\"Verfasst von\" \/>\n\t<meta name=\"twitter:data1\" content=\"Jeremy Soland\" \/>\n\t<meta name=\"twitter:label2\" content=\"Gesch\u00e4tzte Lesezeit\" \/>\n\t<meta name=\"twitter:data2\" content=\"1\u00a0Minute\" \/>\n<script type=\"application\/ld+json\" class=\"yoast-schema-graph\">{\"@context\":\"https:\\\/\\\/schema.org\",\"@graph\":[{\"@type\":\"Article\",\"@id\":\"https:\\\/\\\/transportjournal.com\\\/de\\\/2026\\\/01\\\/26\\\/mh-direkt-praesentiert-logistikkonzept\\\/#article\",\"isPartOf\":{\"@id\":\"https:\\\/\\\/transportjournal.com\\\/de\\\/2026\\\/01\\\/26\\\/mh-direkt-praesentiert-logistikkonzept\\\/\"},\"author\":{\"name\":\"Jeremy Soland\",\"@id\":\"https:\\\/\\\/transportjournal.com\\\/de\\\/#\\\/schema\\\/person\\\/41d36b5474b623392fa613e97e2363fa\"},\"headline\":\"MH Direkt pr\u00e4sentiert Logistikkonzept\",\"datePublished\":\"2026-01-26T10:56:15+00:00\",\"dateModified\":\"2026-01-26T11:07:05+00:00\",\"mainEntityOfPage\":{\"@id\":\"https:\\\/\\\/transportjournal.com\\\/de\\\/2026\\\/01\\\/26\\\/mh-direkt-praesentiert-logistikkonzept\\\/\"},\"wordCount\":158,\"commentCount\":0,\"publisher\":{\"@id\":\"https:\\\/\\\/transportjournal.com\\\/de\\\/#organization\"},\"image\":{\"@id\":\"https:\\\/\\\/transportjournal.com\\\/de\\\/2026\\\/01\\\/26\\\/mh-direkt-praesentiert-logistikkonzept\\\/#primaryimage\"},\"thumbnailUrl\":\"https:\\\/\\\/transportjournal.com\\\/wp-content\\\/uploads\\\/sites\\\/2\\\/2026\\\/01\\\/AdobeStock_623520200-3-scaled-aspect-ratio-1400-788-scaled-1.jpeg\",\"keywords\":[\"centralized logistics\",\"commerce en ligne Europe\",\"concept logistique Europe\",\"customs clearance Switzerland\",\"d\u00e9douanement Suisse\",\"Deutsch Logistikdienstleister\",\"Digitalisierung in der Logistik\",\"digitalization in logistics\",\"durabilit\u00e9 dans la logistique\",\"e-commerce logistics\",\"E-Commerce Logistik\",\"efficient shipping solutions\",\"effiziente Versandl\u00f6sungen\",\"entreposage Suisse\",\"europ\u00e4ische Logistikm\u00e4rkte\",\"European logistics markets\",\"exp\u00e9dition aux clients\",\"Fachkr\u00e4ftemangel Logistik\",\"Fulfillment Dienstleistungen\",\"fulfillment services\",\"gestion de la cha\u00eene d'approvisionnement\",\"industrie du transport\",\"labor shortage logistics\",\"Lagerhaltung Schweiz\",\"logistics concept Europe\",\"logistics technology Fran\u00e7ais Fournisseurs de services logistiques\",\"Logistikkonzept Europa\",\"Logistikstruktur optimieren\",\"Logistiktechnologie English Logistics service providers\",\"logistique centralis\u00e9e\",\"logistique e-commerce\",\"march\u00e9s logistiques europ\u00e9ens\",\"MH Direkt\",\"Nachhaltigkeit in der Logistik\",\"num\u00e9risation dans la logistique\",\"online retail Europe\",\"Online-Handel Europa\",\"optimisation de la structure logistique\",\"optimisation des exp\u00e9ditions\",\"optimizing logistics structure\",\"p\u00e9nurie de main-d'\u0153uvre logistique\",\"services de fulfillment\",\"shipping optimization\",\"shipping to customers\",\"solutions d'exp\u00e9dition efficaces\",\"Supply Chain Management\",\"sustainability in logistics\",\"technologie logistique\",\"transport industry\",\"Transportwirtschaft\",\"Versand an Kunden\",\"Versandoptimierung\",\"warehousing Switzerland\",\"zentrale Lagerlogistik\",\"Zollabwicklung Schweiz\"],\"articleSection\":[\"Europa\",\"Spedition &amp; Logistik\"],\"inLanguage\":\"de\",\"potentialAction\":[{\"@type\":\"CommentAction\",\"name\":\"Comment\",\"target\":[\"https:\\\/\\\/transportjournal.com\\\/de\\\/2026\\\/01\\\/26\\\/mh-direkt-praesentiert-logistikkonzept\\\/#respond\"]}]},{\"@type\":\"WebPage\",\"@id\":\"https:\\\/\\\/transportjournal.com\\\/de\\\/2026\\\/01\\\/26\\\/mh-direkt-praesentiert-logistikkonzept\\\/\",\"url\":\"https:\\\/\\\/transportjournal.com\\\/de\\\/2026\\\/01\\\/26\\\/mh-direkt-praesentiert-logistikkonzept\\\/\",\"name\":\"MH Direkt pr\u00e4sentiert Logistikkonzept - ITJ | International Transport Journal\",\"isPartOf\":{\"@id\":\"https:\\\/\\\/transportjournal.com\\\/de\\\/#website\"},\"primaryImageOfPage\":{\"@id\":\"https:\\\/\\\/transportjournal.com\\\/de\\\/2026\\\/01\\\/26\\\/mh-direkt-praesentiert-logistikkonzept\\\/#primaryimage\"},\"image\":{\"@id\":\"https:\\\/\\\/transportjournal.com\\\/de\\\/2026\\\/01\\\/26\\\/mh-direkt-praesentiert-logistikkonzept\\\/#primaryimage\"},\"thumbnailUrl\":\"https:\\\/\\\/transportjournal.com\\\/wp-content\\\/uploads\\\/sites\\\/2\\\/2026\\\/01\\\/AdobeStock_623520200-3-scaled-aspect-ratio-1400-788-scaled-1.jpeg\",\"datePublished\":\"2026-01-26T10:56:15+00:00\",\"dateModified\":\"2026-01-26T11:07:05+00:00\",\"breadcrumb\":{\"@id\":\"https:\\\/\\\/transportjournal.com\\\/de\\\/2026\\\/01\\\/26\\\/mh-direkt-praesentiert-logistikkonzept\\\/#breadcrumb\"},\"inLanguage\":\"de\",\"potentialAction\":[{\"@type\":\"ReadAction\",\"target\":[\"https:\\\/\\\/transportjournal.com\\\/de\\\/2026\\\/01\\\/26\\\/mh-direkt-praesentiert-logistikkonzept\\\/\"]}]},{\"@type\":\"ImageObject\",\"inLanguage\":\"de\",\"@id\":\"https:\\\/\\\/transportjournal.com\\\/de\\\/2026\\\/01\\\/26\\\/mh-direkt-praesentiert-logistikkonzept\\\/#primaryimage\",\"url\":\"https:\\\/\\\/transportjournal.com\\\/wp-content\\\/uploads\\\/sites\\\/2\\\/2026\\\/01\\\/AdobeStock_623520200-3-scaled-aspect-ratio-1400-788-scaled-1.jpeg\",\"contentUrl\":\"https:\\\/\\\/transportjournal.com\\\/wp-content\\\/uploads\\\/sites\\\/2\\\/2026\\\/01\\\/AdobeStock_623520200-3-scaled-aspect-ratio-1400-788-scaled-1.jpeg\",\"width\":2560,\"height\":1441},{\"@type\":\"BreadcrumbList\",\"@id\":\"https:\\\/\\\/transportjournal.com\\\/de\\\/2026\\\/01\\\/26\\\/mh-direkt-praesentiert-logistikkonzept\\\/#breadcrumb\",\"itemListElement\":[{\"@type\":\"ListItem\",\"position\":1,\"name\":\"Startseite\",\"item\":\"https:\\\/\\\/transportjournal.com\\\/de\\\/\"},{\"@type\":\"ListItem\",\"position\":2,\"name\":\"MH Direkt pr\u00e4sentiert Logistikkonzept\"}]},{\"@type\":\"WebSite\",\"@id\":\"https:\\\/\\\/transportjournal.com\\\/de\\\/#website\",\"url\":\"https:\\\/\\\/transportjournal.com\\\/de\\\/\",\"name\":\"ITJ | International Transport Journal\",\"description\":\"Stay informed with the latest global news from the transport, logistics, and supply chain industries. Transport Journal delivers expert insights, analysis, and updates across shipping, aviation, intermodal, and forwarding.\",\"publisher\":{\"@id\":\"https:\\\/\\\/transportjournal.com\\\/de\\\/#organization\"},\"potentialAction\":[{\"@type\":\"SearchAction\",\"target\":{\"@type\":\"EntryPoint\",\"urlTemplate\":\"https:\\\/\\\/transportjournal.com\\\/de\\\/?s={search_term_string}\"},\"query-input\":{\"@type\":\"PropertyValueSpecification\",\"valueRequired\":true,\"valueName\":\"search_term_string\"}}],\"inLanguage\":\"de\"},{\"@type\":\"Organization\",\"@id\":\"https:\\\/\\\/transportjournal.com\\\/de\\\/#organization\",\"name\":\"Groupe Logismedia AG\",\"alternateName\":\"Logismedia Group AG\",\"url\":\"https:\\\/\\\/transportjournal.com\\\/de\\\/\",\"logo\":{\"@type\":\"ImageObject\",\"inLanguage\":\"de\",\"@id\":\"https:\\\/\\\/transportjournal.com\\\/de\\\/#\\\/schema\\\/logo\\\/image\\\/\",\"url\":\"https:\\\/\\\/transportjournal.com\\\/wp-content\\\/uploads\\\/sites\\\/2\\\/2025\\\/09\\\/Logo_ITJ.png\",\"contentUrl\":\"https:\\\/\\\/transportjournal.com\\\/wp-content\\\/uploads\\\/sites\\\/2\\\/2025\\\/09\\\/Logo_ITJ.png\",\"width\":799,\"height\":326,\"caption\":\"Groupe Logismedia AG\"},\"image\":{\"@id\":\"https:\\\/\\\/transportjournal.com\\\/de\\\/#\\\/schema\\\/logo\\\/image\\\/\"},\"sameAs\":[\"https:\\\/\\\/www.linkedin.com\\\/company\\\/56456496\\\/admin\\\/dashboard\\\/\",\"https:\\\/\\\/www.instagram.com\\\/logismediagroup\\\/\",\"https:\\\/\\\/www.youtube.com\\\/@LogiamediaGroupAG\"]},{\"@type\":\"Person\",\"@id\":\"https:\\\/\\\/transportjournal.com\\\/de\\\/#\\\/schema\\\/person\\\/41d36b5474b623392fa613e97e2363fa\",\"name\":\"Jeremy Soland\",\"url\":\"https:\\\/\\\/transportjournal.com\\\/de\\\/author\\\/jeremy\\\/\"}]}<\/script>\n<!-- \/ Yoast SEO plugin. -->","yoast_head_json":{"title":"MH Direkt pr\u00e4sentiert Logistikkonzept - ITJ | International Transport Journal","robots":{"index":"index","follow":"follow","max-snippet":"max-snippet:-1","max-image-preview":"max-image-preview:large","max-video-preview":"max-video-preview:-1"},"canonical":"https:\/\/transportjournal.com\/de\/2026\/01\/26\/mh-direkt-praesentiert-logistikkonzept\/","og_locale":"de_DE","og_type":"article","og_title":"MH Direkt pr\u00e4sentiert Logistikkonzept - ITJ | International Transport Journal","og_description":"MH Direkt plant, mit einem neuen Logistikkonzept die Versandprozesse f\u00fcr Online-H\u00e4ndler in Europa zu optimieren und die Effizienz zu steigern.","og_url":"https:\/\/transportjournal.com\/de\/2026\/01\/26\/mh-direkt-praesentiert-logistikkonzept\/","og_site_name":"ITJ | International Transport Journal","article_published_time":"2026-01-26T10:56:15+00:00","article_modified_time":"2026-01-26T11:07:05+00:00","og_image":[{"width":2560,"height":1441,"url":"https:\/\/transportjournal.com\/wp-content\/uploads\/sites\/2\/2026\/01\/AdobeStock_623520200-3-scaled-aspect-ratio-1400-788-scaled-1.jpeg","type":"image\/jpeg"}],"author":"Jeremy Soland","twitter_card":"summary_large_image","twitter_misc":{"Verfasst von":"Jeremy Soland","Gesch\u00e4tzte Lesezeit":"1\u00a0Minute"},"schema":{"@context":"https:\/\/schema.org","@graph":[{"@type":"Article","@id":"https:\/\/transportjournal.com\/de\/2026\/01\/26\/mh-direkt-praesentiert-logistikkonzept\/#article","isPartOf":{"@id":"https:\/\/transportjournal.com\/de\/2026\/01\/26\/mh-direkt-praesentiert-logistikkonzept\/"},"author":{"name":"Jeremy Soland","@id":"https:\/\/transportjournal.com\/de\/#\/schema\/person\/41d36b5474b623392fa613e97e2363fa"},"headline":"MH Direkt pr\u00e4sentiert Logistikkonzept","datePublished":"2026-01-26T10:56:15+00:00","dateModified":"2026-01-26T11:07:05+00:00","mainEntityOfPage":{"@id":"https:\/\/transportjournal.com\/de\/2026\/01\/26\/mh-direkt-praesentiert-logistikkonzept\/"},"wordCount":158,"commentCount":0,"publisher":{"@id":"https:\/\/transportjournal.com\/de\/#organization"},"image":{"@id":"https:\/\/transportjournal.com\/de\/2026\/01\/26\/mh-direkt-praesentiert-logistikkonzept\/#primaryimage"},"thumbnailUrl":"https:\/\/transportjournal.com\/wp-content\/uploads\/sites\/2\/2026\/01\/AdobeStock_623520200-3-scaled-aspect-ratio-1400-788-scaled-1.jpeg","keywords":["centralized logistics","commerce en ligne Europe","concept logistique Europe","customs clearance Switzerland","d\u00e9douanement Suisse","Deutsch Logistikdienstleister","Digitalisierung in der Logistik","digitalization in logistics","durabilit\u00e9 dans la logistique","e-commerce logistics","E-Commerce Logistik","efficient shipping solutions","effiziente Versandl\u00f6sungen","entreposage Suisse","europ\u00e4ische Logistikm\u00e4rkte","European logistics markets","exp\u00e9dition aux clients","Fachkr\u00e4ftemangel Logistik","Fulfillment Dienstleistungen","fulfillment services","gestion de la cha\u00eene d'approvisionnement","industrie du transport","labor shortage logistics","Lagerhaltung Schweiz","logistics concept Europe","logistics technology Fran\u00e7ais Fournisseurs de services logistiques","Logistikkonzept Europa","Logistikstruktur optimieren","Logistiktechnologie English Logistics service providers","logistique centralis\u00e9e","logistique e-commerce","march\u00e9s logistiques europ\u00e9ens","MH Direkt","Nachhaltigkeit in der Logistik","num\u00e9risation dans la logistique","online retail Europe","Online-Handel Europa","optimisation de la structure logistique","optimisation des exp\u00e9ditions","optimizing logistics structure","p\u00e9nurie de main-d'\u0153uvre logistique","services de fulfillment","shipping optimization","shipping to customers","solutions d'exp\u00e9dition efficaces","Supply Chain Management","sustainability in logistics","technologie logistique","transport industry","Transportwirtschaft","Versand an Kunden","Versandoptimierung","warehousing Switzerland","zentrale Lagerlogistik","Zollabwicklung Schweiz"],"articleSection":["Europa","Spedition &amp; Logistik"],"inLanguage":"de","potentialAction":[{"@type":"CommentAction","name":"Comment","target":["https:\/\/transportjournal.com\/de\/2026\/01\/26\/mh-direkt-praesentiert-logistikkonzept\/#respond"]}]},{"@type":"WebPage","@id":"https:\/\/transportjournal.com\/de\/2026\/01\/26\/mh-direkt-praesentiert-logistikkonzept\/","url":"https:\/\/transportjournal.com\/de\/2026\/01\/26\/mh-direkt-praesentiert-logistikkonzept\/","name":"MH Direkt pr\u00e4sentiert Logistikkonzept - ITJ | International Transport Journal","isPartOf":{"@id":"https:\/\/transportjournal.com\/de\/#website"},"primaryImageOfPage":{"@id":"https:\/\/transportjournal.com\/de\/2026\/01\/26\/mh-direkt-praesentiert-logistikkonzept\/#primaryimage"},"image":{"@id":"https:\/\/transportjournal.com\/de\/2026\/01\/26\/mh-direkt-praesentiert-logistikkonzept\/#primaryimage"},"thumbnailUrl":"https:\/\/transportjournal.com\/wp-content\/uploads\/sites\/2\/2026\/01\/AdobeStock_623520200-3-scaled-aspect-ratio-1400-788-scaled-1.jpeg","datePublished":"2026-01-26T10:56:15+00:00","dateModified":"2026-01-26T11:07:05+00:00","breadcrumb":{"@id":"https:\/\/transportjournal.com\/de\/2026\/01\/26\/mh-direkt-praesentiert-logistikkonzept\/#breadcrumb"},"inLanguage":"de","potentialAction":[{"@type":"ReadAction","target":["https:\/\/transportjournal.com\/de\/2026\/01\/26\/mh-direkt-praesentiert-logistikkonzept\/"]}]},{"@type":"ImageObject","inLanguage":"de","@id":"https:\/\/transportjournal.com\/de\/2026\/01\/26\/mh-direkt-praesentiert-logistikkonzept\/#primaryimage","url":"https:\/\/transportjournal.com\/wp-content\/uploads\/sites\/2\/2026\/01\/AdobeStock_623520200-3-scaled-aspect-ratio-1400-788-scaled-1.jpeg","contentUrl":"https:\/\/transportjournal.com\/wp-content\/uploads\/sites\/2\/2026\/01\/AdobeStock_623520200-3-scaled-aspect-ratio-1400-788-scaled-1.jpeg","width":2560,"height":1441},{"@type":"BreadcrumbList","@id":"https:\/\/transportjournal.com\/de\/2026\/01\/26\/mh-direkt-praesentiert-logistikkonzept\/#breadcrumb","itemListElement":[{"@type":"ListItem","position":1,"name":"Startseite","item":"https:\/\/transportjournal.com\/de\/"},{"@type":"ListItem","position":2,"name":"MH Direkt pr\u00e4sentiert Logistikkonzept"}]},{"@type":"WebSite","@id":"https:\/\/transportjournal.com\/de\/#website","url":"https:\/\/transportjournal.com\/de\/","name":"ITJ | International Transport Journal","description":"Stay informed with the latest global news from the transport, logistics, and supply chain industries. Transport Journal delivers expert insights, analysis, and updates across shipping, aviation, intermodal, and forwarding.","publisher":{"@id":"https:\/\/transportjournal.com\/de\/#organization"},"potentialAction":[{"@type":"SearchAction","target":{"@type":"EntryPoint","urlTemplate":"https:\/\/transportjournal.com\/de\/?s={search_term_string}"},"query-input":{"@type":"PropertyValueSpecification","valueRequired":true,"valueName":"search_term_string"}}],"inLanguage":"de"},{"@type":"Organization","@id":"https:\/\/transportjournal.com\/de\/#organization","name":"Groupe Logismedia AG","alternateName":"Logismedia Group AG","url":"https:\/\/transportjournal.com\/de\/","logo":{"@type":"ImageObject","inLanguage":"de","@id":"https:\/\/transportjournal.com\/de\/#\/schema\/logo\/image\/","url":"https:\/\/transportjournal.com\/wp-content\/uploads\/sites\/2\/2025\/09\/Logo_ITJ.png","contentUrl":"https:\/\/transportjournal.com\/wp-content\/uploads\/sites\/2\/2025\/09\/Logo_ITJ.png","width":799,"height":326,"caption":"Groupe Logismedia AG"},"image":{"@id":"https:\/\/transportjournal.com\/de\/#\/schema\/logo\/image\/"},"sameAs":["https:\/\/www.linkedin.com\/company\/56456496\/admin\/dashboard\/","https:\/\/www.instagram.com\/logismediagroup\/","https:\/\/www.youtube.com\/@LogiamediaGroupAG"]},{"@type":"Person","@id":"https:\/\/transportjournal.com\/de\/#\/schema\/person\/41d36b5474b623392fa613e97e2363fa","name":"Jeremy Soland","url":"https:\/\/transportjournal.com\/de\/author\/jeremy\/"}]}},"_links":{"self":[{"href":"https:\/\/transportjournal.com\/de\/wp-json\/wp\/v2\/posts\/74356","targetHints":{"allow":["GET"]}}],"collection":[{"href":"https:\/\/transportjournal.com\/de\/wp-json\/wp\/v2\/posts"}],"about":[{"href":"https:\/\/transportjournal.com\/de\/wp-json\/wp\/v2\/types\/post"}],"author":[{"embeddable":true,"href":"https:\/\/transportjournal.com\/de\/wp-json\/wp\/v2\/users\/10"}],"replies":[{"embeddable":true,"href":"https:\/\/transportjournal.com\/de\/wp-json\/wp\/v2\/comments?post=74356"}],"version-history":[{"count":1,"href":"https:\/\/transportjournal.com\/de\/wp-json\/wp\/v2\/posts\/74356\/revisions"}],"predecessor-version":[{"id":74363,"href":"https:\/\/transportjournal.com\/de\/wp-json\/wp\/v2\/posts\/74356\/revisions\/74363"}],"wp:featuredmedia":[{"embeddable":true,"href":"https:\/\/transportjournal.com\/de\/wp-json\/wp\/v2\/media\/74355"}],"wp:attachment":[{"href":"https:\/\/transportjournal.com\/de\/wp-json\/wp\/v2\/media?parent=74356"}],"wp:term":[{"taxonomy":"category","embeddable":true,"href":"https:\/\/transportjournal.com\/de\/wp-json\/wp\/v2\/categories?post=74356"},{"taxonomy":"post_tag","embeddable":true,"href":"https:\/\/transportjournal.com\/de\/wp-json\/wp\/v2\/tags?post=74356"}],"curies":[{"name":"wp","href":"https:\/\/api.w.org\/{rel}","templated":true}]}}