{"id":74348,"date":"2026-01-26T10:41:22","date_gmt":"2026-01-26T10:41:22","guid":{"rendered":"https:\/\/transportjournal.com\/2026\/01\/26\/ellerman-startet-baltex-kurzstreckendienst\/"},"modified":"2026-01-26T10:41:22","modified_gmt":"2026-01-26T10:41:22","slug":"ellerman-startet-baltex-kurzstreckendienst","status":"publish","type":"post","link":"https:\/\/transportjournal.com\/de\/2026\/01\/26\/ellerman-startet-baltex-kurzstreckendienst\/","title":{"rendered":"Ellerman startet BALTEX-Kurzstreckendienst"},"content":{"rendered":"<p>Ellerman City Liners hat einen neuen Kurzstreckendienst ins Leben gerufen, der die Ostsee mit dem Vereinigten K\u00f6nigreich und der Benelux-Region verbindet. Dieser Dienst, bekannt als &#8222;BALTEX&#8220;, stellt die erste Route dieser Art f\u00fcr das Unternehmen in der Region dar, wie es mitteilt. Der BALTEX-Service wird in einer w\u00f6chentlichen Rotation betrieben und bedient mehrere H\u00e4fen. Dazu geh\u00f6ren Riga in Lettland, Gdynia in Polen, Teesport und Tilbury im Vereinigten K\u00f6nigreich, Rotterdam in den Niederlanden sowie Oslo in Norwegen.<\/p>\n<p>Mit einer Kapazit\u00e4t von 1.160 TEU pro Fahrt bietet der Dienst Umschlagverbindungen nach Spanien und Portugal \u00fcber den Hafen von Tilbury. Die Einf\u00fchrung des BALTEX-Dienstes erweitert die Pr\u00e4senz von Ellerman City Liners in den baltischen Staaten und soll die Position des Unternehmens im Korridor zwischen Rotterdam und Oslo festigen. Der BALTEX-Service ist die neueste Erg\u00e4nzung des Portfolios von Ellerman City Liners, das bereits sechs weitere Kurzstreckendienste in Nordeuropa umfasst, darunter &#8222;iNEX 1&#8220;, &#8222;iNEX 2&#8220;, &#8222;iPEX 1 &amp; 2&#8220;, &#8222;iPEX 3&#8220; und &#8222;iBEX 1&#8220;.<\/p>\n<p><a href=\"https:\/\/ellermanlines.com\/\" target=\"_blank\" rel=\"noopener noreferrer\">www.ellermanlines.com<\/a><\/p>\n","protected":false},"excerpt":{"rendered":"<p>Ellerman City Liners hat den neuen BALTEX-Kurzstreckendienst eingef\u00fchrt, der w\u00f6chentliche Verbindungen zwischen wichtigen Ostsee-H\u00e4fen und dem Vereinigten K\u00f6nigreich sowie der Benelux-Region bietet.<\/p>\n","protected":false},"author":10,"featured_media":74347,"comment_status":"open","ping_status":"open","sticky":false,"template":"","format":"standard","meta":{"_acf_changed":false,"footnotes":""},"categories":[1575,1571],"tags":[9288,9289,9290,9291,9292,9293,9294,9295,2115,2116,2309,9296,4117,2122,9297,9298,2123,9299,9300,2125,9301,9302,2373,2133,1831,3725,9303,9304,3157,9305,2145,9306,9307,3114,9308,9309,9310,2148,9311,9312,9313,1884,6251,9314,9315,2106,3735,9316,9317,2155,1837,9318,9319],"class_list":["post-74348","post","type-post","status-publish","format-standard","has-post-thumbnail","hentry","category-europa","category-schiffahrt","tag-benelux-region","tag-capacite-de-conteneur-1160-evp","tag-connexions-maritimes-hebdomadaires","tag-container-capacity-1160-teu","tag-containerkapazitaet-1160-teu","tag-corridor-rotterdam-oslo","tag-deep-sea-ports","tag-deutsch-baltex","tag-digitalisierung-in-der-logistik","tag-digitalization-in-logistics","tag-durabilite-dans-le-transport","tag-ellerman-city-liners","tag-europe-du-nord","tag-fachkraeftemangel-logistik","tag-gdynia-hafen","tag-gdynia-port","tag-gestion-de-la-chaine-dapprovisionnement","tag-hafenbetrieb-ostsee","tag-hochsee-haefen","tag-industrie-du-transport","tag-korridor-rotterdam-oslo","tag-kurzstreckendienst-ostsee","tag-labor-shortage-logistics","tag-logistics-service-providers","tag-logistikdienstleister","tag-nachhaltigkeit-im-transport","tag-nordeuropa-english-baltex","tag-northern-europe-francais-baltex","tag-numerisation-dans-la-logistique","tag-operations-portuaires-mer-baltique","tag-penurie-de-main-doeuvre-logistique","tag-port-de-gdynia","tag-port-de-riga","tag-port-de-rotterdam","tag-port-de-teesport","tag-port-operations-baltic-sea","tag-ports-en-haute-mer","tag-prestataires-de-services-logistiques","tag-region-benelux","tag-riga-hafen","tag-riga-port","tag-rotterdam-hafen","tag-rotterdam-port","tag-service-de-courte-distance-mer-baltique","tag-short-sea-service-baltic-sea","tag-supply-chain-management","tag-sustainability-in-transport","tag-teesport-hafen","tag-teesport-port","tag-transport-industry","tag-transportwirtschaft","tag-weekly-shipping-connections","tag-woechentliche-schiffsverbindungen"],"acf":[],"yoast_head":"<!-- This site is optimized with the Yoast SEO plugin v27.3 - https:\/\/yoast.com\/product\/yoast-seo-wordpress\/ -->\n<title>Ellerman startet BALTEX-Kurzstreckendienst - ITJ | International Transport Journal<\/title>\n<meta name=\"robots\" content=\"index, follow, max-snippet:-1, max-image-preview:large, max-video-preview:-1\" \/>\n<link rel=\"canonical\" href=\"https:\/\/transportjournal.com\/de\/2026\/01\/26\/ellerman-startet-baltex-kurzstreckendienst\/\" \/>\n<meta property=\"og:locale\" content=\"de_DE\" \/>\n<meta property=\"og:type\" content=\"article\" \/>\n<meta property=\"og:title\" content=\"Ellerman startet BALTEX-Kurzstreckendienst - ITJ | International Transport Journal\" \/>\n<meta property=\"og:description\" content=\"Ellerman City Liners hat den neuen BALTEX-Kurzstreckendienst eingef\u00fchrt, der w\u00f6chentliche Verbindungen zwischen wichtigen Ostsee-H\u00e4fen und dem Vereinigten K\u00f6nigreich sowie der Benelux-Region bietet.\" \/>\n<meta property=\"og:url\" content=\"https:\/\/transportjournal.com\/de\/2026\/01\/26\/ellerman-startet-baltex-kurzstreckendienst\/\" \/>\n<meta property=\"og:site_name\" content=\"ITJ | International Transport Journal\" \/>\n<meta property=\"article:published_time\" content=\"2026-01-26T10:41:22+00:00\" \/>\n<meta property=\"og:image\" content=\"https:\/\/transportjournal.com\/wp-content\/uploads\/sites\/2\/2026\/01\/AdobeStock_484795278-4-scaled-aspect-ratio-1400-788-scaled-1.jpeg\" \/>\n\t<meta property=\"og:image:width\" content=\"2560\" \/>\n\t<meta property=\"og:image:height\" content=\"1441\" \/>\n\t<meta property=\"og:image:type\" content=\"image\/jpeg\" \/>\n<meta name=\"author\" content=\"Jeremy Soland\" \/>\n<meta name=\"twitter:card\" content=\"summary_large_image\" \/>\n<meta name=\"twitter:label1\" content=\"Verfasst von\" \/>\n\t<meta name=\"twitter:data1\" content=\"Jeremy Soland\" \/>\n\t<meta name=\"twitter:label2\" content=\"Gesch\u00e4tzte Lesezeit\" \/>\n\t<meta name=\"twitter:data2\" content=\"1\u00a0Minute\" \/>\n<script type=\"application\/ld+json\" class=\"yoast-schema-graph\">{\"@context\":\"https:\\\/\\\/schema.org\",\"@graph\":[{\"@type\":\"Article\",\"@id\":\"https:\\\/\\\/transportjournal.com\\\/de\\\/2026\\\/01\\\/26\\\/ellerman-startet-baltex-kurzstreckendienst\\\/#article\",\"isPartOf\":{\"@id\":\"https:\\\/\\\/transportjournal.com\\\/de\\\/2026\\\/01\\\/26\\\/ellerman-startet-baltex-kurzstreckendienst\\\/\"},\"author\":{\"name\":\"Jeremy Soland\",\"@id\":\"https:\\\/\\\/transportjournal.com\\\/de\\\/#\\\/schema\\\/person\\\/41d36b5474b623392fa613e97e2363fa\"},\"headline\":\"Ellerman startet BALTEX-Kurzstreckendienst\",\"datePublished\":\"2026-01-26T10:41:22+00:00\",\"mainEntityOfPage\":{\"@id\":\"https:\\\/\\\/transportjournal.com\\\/de\\\/2026\\\/01\\\/26\\\/ellerman-startet-baltex-kurzstreckendienst\\\/\"},\"wordCount\":168,\"commentCount\":0,\"publisher\":{\"@id\":\"https:\\\/\\\/transportjournal.com\\\/de\\\/#organization\"},\"image\":{\"@id\":\"https:\\\/\\\/transportjournal.com\\\/de\\\/2026\\\/01\\\/26\\\/ellerman-startet-baltex-kurzstreckendienst\\\/#primaryimage\"},\"thumbnailUrl\":\"https:\\\/\\\/transportjournal.com\\\/wp-content\\\/uploads\\\/sites\\\/2\\\/2026\\\/01\\\/AdobeStock_484795278-4-scaled-aspect-ratio-1400-788-scaled-1.jpeg\",\"keywords\":[\"Benelux-Region\",\"capacit\u00e9 de conteneur 1160 EVP\",\"connexions maritimes hebdomadaires\",\"container capacity 1160 TEU\",\"Containerkapazit\u00e4t 1160 TEU\",\"corridor Rotterdam Oslo\",\"deep-sea ports\",\"Deutsch BALTEX\",\"Digitalisierung in der Logistik\",\"digitalization in logistics\",\"durabilit\u00e9 dans le transport\",\"Ellerman City Liners\",\"Europe du Nord\",\"Fachkr\u00e4ftemangel Logistik\",\"Gdynia Hafen\",\"Gdynia port\",\"gestion de la cha\u00eene d'approvisionnement\",\"Hafenbetrieb Ostsee\",\"Hochsee-H\u00e4fen\",\"industrie du transport\",\"Korridor Rotterdam Oslo\",\"Kurzstreckendienst Ostsee\",\"labor shortage logistics\",\"logistics service providers\",\"Logistikdienstleister\",\"Nachhaltigkeit im Transport\",\"Nordeuropa English BALTEX\",\"Northern Europe Fran\u00e7ais BALTEX\",\"num\u00e9risation dans la logistique\",\"op\u00e9rations portuaires mer Baltique\",\"p\u00e9nurie de main-d'\u0153uvre logistique\",\"port de Gdynia\",\"port de Riga\",\"port de Rotterdam\",\"port de Teesport\",\"port operations Baltic Sea\",\"ports en haute mer\",\"prestataires de services logistiques\",\"r\u00e9gion Benelux\",\"Riga Hafen\",\"Riga port\",\"Rotterdam Hafen\",\"Rotterdam port\",\"service de courte distance mer Baltique\",\"short sea service Baltic Sea\",\"Supply Chain Management\",\"sustainability in transport\",\"Teesport Hafen\",\"Teesport port\",\"transport industry\",\"Transportwirtschaft\",\"weekly shipping connections\",\"w\u00f6chentliche Schiffsverbindungen\"],\"articleSection\":[\"Europa\",\"Schifffahrt &amp; H\u00e4fen\"],\"inLanguage\":\"de\",\"potentialAction\":[{\"@type\":\"CommentAction\",\"name\":\"Comment\",\"target\":[\"https:\\\/\\\/transportjournal.com\\\/de\\\/2026\\\/01\\\/26\\\/ellerman-startet-baltex-kurzstreckendienst\\\/#respond\"]}]},{\"@type\":\"WebPage\",\"@id\":\"https:\\\/\\\/transportjournal.com\\\/de\\\/2026\\\/01\\\/26\\\/ellerman-startet-baltex-kurzstreckendienst\\\/\",\"url\":\"https:\\\/\\\/transportjournal.com\\\/de\\\/2026\\\/01\\\/26\\\/ellerman-startet-baltex-kurzstreckendienst\\\/\",\"name\":\"Ellerman startet BALTEX-Kurzstreckendienst - ITJ | International Transport Journal\",\"isPartOf\":{\"@id\":\"https:\\\/\\\/transportjournal.com\\\/de\\\/#website\"},\"primaryImageOfPage\":{\"@id\":\"https:\\\/\\\/transportjournal.com\\\/de\\\/2026\\\/01\\\/26\\\/ellerman-startet-baltex-kurzstreckendienst\\\/#primaryimage\"},\"image\":{\"@id\":\"https:\\\/\\\/transportjournal.com\\\/de\\\/2026\\\/01\\\/26\\\/ellerman-startet-baltex-kurzstreckendienst\\\/#primaryimage\"},\"thumbnailUrl\":\"https:\\\/\\\/transportjournal.com\\\/wp-content\\\/uploads\\\/sites\\\/2\\\/2026\\\/01\\\/AdobeStock_484795278-4-scaled-aspect-ratio-1400-788-scaled-1.jpeg\",\"datePublished\":\"2026-01-26T10:41:22+00:00\",\"breadcrumb\":{\"@id\":\"https:\\\/\\\/transportjournal.com\\\/de\\\/2026\\\/01\\\/26\\\/ellerman-startet-baltex-kurzstreckendienst\\\/#breadcrumb\"},\"inLanguage\":\"de\",\"potentialAction\":[{\"@type\":\"ReadAction\",\"target\":[\"https:\\\/\\\/transportjournal.com\\\/de\\\/2026\\\/01\\\/26\\\/ellerman-startet-baltex-kurzstreckendienst\\\/\"]}]},{\"@type\":\"ImageObject\",\"inLanguage\":\"de\",\"@id\":\"https:\\\/\\\/transportjournal.com\\\/de\\\/2026\\\/01\\\/26\\\/ellerman-startet-baltex-kurzstreckendienst\\\/#primaryimage\",\"url\":\"https:\\\/\\\/transportjournal.com\\\/wp-content\\\/uploads\\\/sites\\\/2\\\/2026\\\/01\\\/AdobeStock_484795278-4-scaled-aspect-ratio-1400-788-scaled-1.jpeg\",\"contentUrl\":\"https:\\\/\\\/transportjournal.com\\\/wp-content\\\/uploads\\\/sites\\\/2\\\/2026\\\/01\\\/AdobeStock_484795278-4-scaled-aspect-ratio-1400-788-scaled-1.jpeg\",\"width\":2560,\"height\":1441},{\"@type\":\"BreadcrumbList\",\"@id\":\"https:\\\/\\\/transportjournal.com\\\/de\\\/2026\\\/01\\\/26\\\/ellerman-startet-baltex-kurzstreckendienst\\\/#breadcrumb\",\"itemListElement\":[{\"@type\":\"ListItem\",\"position\":1,\"name\":\"Startseite\",\"item\":\"https:\\\/\\\/transportjournal.com\\\/de\\\/\"},{\"@type\":\"ListItem\",\"position\":2,\"name\":\"Ellerman startet BALTEX-Kurzstreckendienst\"}]},{\"@type\":\"WebSite\",\"@id\":\"https:\\\/\\\/transportjournal.com\\\/de\\\/#website\",\"url\":\"https:\\\/\\\/transportjournal.com\\\/de\\\/\",\"name\":\"ITJ | International Transport Journal\",\"description\":\"Stay informed with the latest global news from the transport, logistics, and supply chain industries. Transport Journal delivers expert insights, analysis, and updates across shipping, aviation, intermodal, and forwarding.\",\"publisher\":{\"@id\":\"https:\\\/\\\/transportjournal.com\\\/de\\\/#organization\"},\"potentialAction\":[{\"@type\":\"SearchAction\",\"target\":{\"@type\":\"EntryPoint\",\"urlTemplate\":\"https:\\\/\\\/transportjournal.com\\\/de\\\/?s={search_term_string}\"},\"query-input\":{\"@type\":\"PropertyValueSpecification\",\"valueRequired\":true,\"valueName\":\"search_term_string\"}}],\"inLanguage\":\"de\"},{\"@type\":\"Organization\",\"@id\":\"https:\\\/\\\/transportjournal.com\\\/de\\\/#organization\",\"name\":\"Groupe Logismedia AG\",\"alternateName\":\"Logismedia Group AG\",\"url\":\"https:\\\/\\\/transportjournal.com\\\/de\\\/\",\"logo\":{\"@type\":\"ImageObject\",\"inLanguage\":\"de\",\"@id\":\"https:\\\/\\\/transportjournal.com\\\/de\\\/#\\\/schema\\\/logo\\\/image\\\/\",\"url\":\"https:\\\/\\\/transportjournal.com\\\/wp-content\\\/uploads\\\/sites\\\/2\\\/2025\\\/09\\\/Logo_ITJ.png\",\"contentUrl\":\"https:\\\/\\\/transportjournal.com\\\/wp-content\\\/uploads\\\/sites\\\/2\\\/2025\\\/09\\\/Logo_ITJ.png\",\"width\":799,\"height\":326,\"caption\":\"Groupe Logismedia AG\"},\"image\":{\"@id\":\"https:\\\/\\\/transportjournal.com\\\/de\\\/#\\\/schema\\\/logo\\\/image\\\/\"},\"sameAs\":[\"https:\\\/\\\/www.linkedin.com\\\/company\\\/56456496\\\/admin\\\/dashboard\\\/\",\"https:\\\/\\\/www.instagram.com\\\/logismediagroup\\\/\",\"https:\\\/\\\/www.youtube.com\\\/@LogiamediaGroupAG\"]},{\"@type\":\"Person\",\"@id\":\"https:\\\/\\\/transportjournal.com\\\/de\\\/#\\\/schema\\\/person\\\/41d36b5474b623392fa613e97e2363fa\",\"name\":\"Jeremy Soland\",\"url\":\"https:\\\/\\\/transportjournal.com\\\/de\\\/author\\\/jeremy\\\/\"}]}<\/script>\n<!-- \/ Yoast SEO plugin. -->","yoast_head_json":{"title":"Ellerman startet BALTEX-Kurzstreckendienst - ITJ | International Transport Journal","robots":{"index":"index","follow":"follow","max-snippet":"max-snippet:-1","max-image-preview":"max-image-preview:large","max-video-preview":"max-video-preview:-1"},"canonical":"https:\/\/transportjournal.com\/de\/2026\/01\/26\/ellerman-startet-baltex-kurzstreckendienst\/","og_locale":"de_DE","og_type":"article","og_title":"Ellerman startet BALTEX-Kurzstreckendienst - ITJ | International Transport Journal","og_description":"Ellerman City Liners hat den neuen BALTEX-Kurzstreckendienst eingef\u00fchrt, der w\u00f6chentliche Verbindungen zwischen wichtigen Ostsee-H\u00e4fen und dem Vereinigten K\u00f6nigreich sowie der Benelux-Region bietet.","og_url":"https:\/\/transportjournal.com\/de\/2026\/01\/26\/ellerman-startet-baltex-kurzstreckendienst\/","og_site_name":"ITJ | International Transport Journal","article_published_time":"2026-01-26T10:41:22+00:00","og_image":[{"width":2560,"height":1441,"url":"https:\/\/transportjournal.com\/wp-content\/uploads\/sites\/2\/2026\/01\/AdobeStock_484795278-4-scaled-aspect-ratio-1400-788-scaled-1.jpeg","type":"image\/jpeg"}],"author":"Jeremy Soland","twitter_card":"summary_large_image","twitter_misc":{"Verfasst von":"Jeremy Soland","Gesch\u00e4tzte Lesezeit":"1\u00a0Minute"},"schema":{"@context":"https:\/\/schema.org","@graph":[{"@type":"Article","@id":"https:\/\/transportjournal.com\/de\/2026\/01\/26\/ellerman-startet-baltex-kurzstreckendienst\/#article","isPartOf":{"@id":"https:\/\/transportjournal.com\/de\/2026\/01\/26\/ellerman-startet-baltex-kurzstreckendienst\/"},"author":{"name":"Jeremy Soland","@id":"https:\/\/transportjournal.com\/de\/#\/schema\/person\/41d36b5474b623392fa613e97e2363fa"},"headline":"Ellerman startet BALTEX-Kurzstreckendienst","datePublished":"2026-01-26T10:41:22+00:00","mainEntityOfPage":{"@id":"https:\/\/transportjournal.com\/de\/2026\/01\/26\/ellerman-startet-baltex-kurzstreckendienst\/"},"wordCount":168,"commentCount":0,"publisher":{"@id":"https:\/\/transportjournal.com\/de\/#organization"},"image":{"@id":"https:\/\/transportjournal.com\/de\/2026\/01\/26\/ellerman-startet-baltex-kurzstreckendienst\/#primaryimage"},"thumbnailUrl":"https:\/\/transportjournal.com\/wp-content\/uploads\/sites\/2\/2026\/01\/AdobeStock_484795278-4-scaled-aspect-ratio-1400-788-scaled-1.jpeg","keywords":["Benelux-Region","capacit\u00e9 de conteneur 1160 EVP","connexions maritimes hebdomadaires","container capacity 1160 TEU","Containerkapazit\u00e4t 1160 TEU","corridor Rotterdam Oslo","deep-sea ports","Deutsch BALTEX","Digitalisierung in der Logistik","digitalization in logistics","durabilit\u00e9 dans le transport","Ellerman City Liners","Europe du Nord","Fachkr\u00e4ftemangel Logistik","Gdynia Hafen","Gdynia port","gestion de la cha\u00eene d'approvisionnement","Hafenbetrieb Ostsee","Hochsee-H\u00e4fen","industrie du transport","Korridor Rotterdam Oslo","Kurzstreckendienst Ostsee","labor shortage logistics","logistics service providers","Logistikdienstleister","Nachhaltigkeit im Transport","Nordeuropa English BALTEX","Northern Europe Fran\u00e7ais BALTEX","num\u00e9risation dans la logistique","op\u00e9rations portuaires mer Baltique","p\u00e9nurie de main-d'\u0153uvre logistique","port de Gdynia","port de Riga","port de Rotterdam","port de Teesport","port operations Baltic Sea","ports en haute mer","prestataires de services logistiques","r\u00e9gion Benelux","Riga Hafen","Riga port","Rotterdam Hafen","Rotterdam port","service de courte distance mer Baltique","short sea service Baltic Sea","Supply Chain Management","sustainability in transport","Teesport Hafen","Teesport port","transport industry","Transportwirtschaft","weekly shipping connections","w\u00f6chentliche Schiffsverbindungen"],"articleSection":["Europa","Schifffahrt &amp; H\u00e4fen"],"inLanguage":"de","potentialAction":[{"@type":"CommentAction","name":"Comment","target":["https:\/\/transportjournal.com\/de\/2026\/01\/26\/ellerman-startet-baltex-kurzstreckendienst\/#respond"]}]},{"@type":"WebPage","@id":"https:\/\/transportjournal.com\/de\/2026\/01\/26\/ellerman-startet-baltex-kurzstreckendienst\/","url":"https:\/\/transportjournal.com\/de\/2026\/01\/26\/ellerman-startet-baltex-kurzstreckendienst\/","name":"Ellerman startet BALTEX-Kurzstreckendienst - ITJ | International Transport Journal","isPartOf":{"@id":"https:\/\/transportjournal.com\/de\/#website"},"primaryImageOfPage":{"@id":"https:\/\/transportjournal.com\/de\/2026\/01\/26\/ellerman-startet-baltex-kurzstreckendienst\/#primaryimage"},"image":{"@id":"https:\/\/transportjournal.com\/de\/2026\/01\/26\/ellerman-startet-baltex-kurzstreckendienst\/#primaryimage"},"thumbnailUrl":"https:\/\/transportjournal.com\/wp-content\/uploads\/sites\/2\/2026\/01\/AdobeStock_484795278-4-scaled-aspect-ratio-1400-788-scaled-1.jpeg","datePublished":"2026-01-26T10:41:22+00:00","breadcrumb":{"@id":"https:\/\/transportjournal.com\/de\/2026\/01\/26\/ellerman-startet-baltex-kurzstreckendienst\/#breadcrumb"},"inLanguage":"de","potentialAction":[{"@type":"ReadAction","target":["https:\/\/transportjournal.com\/de\/2026\/01\/26\/ellerman-startet-baltex-kurzstreckendienst\/"]}]},{"@type":"ImageObject","inLanguage":"de","@id":"https:\/\/transportjournal.com\/de\/2026\/01\/26\/ellerman-startet-baltex-kurzstreckendienst\/#primaryimage","url":"https:\/\/transportjournal.com\/wp-content\/uploads\/sites\/2\/2026\/01\/AdobeStock_484795278-4-scaled-aspect-ratio-1400-788-scaled-1.jpeg","contentUrl":"https:\/\/transportjournal.com\/wp-content\/uploads\/sites\/2\/2026\/01\/AdobeStock_484795278-4-scaled-aspect-ratio-1400-788-scaled-1.jpeg","width":2560,"height":1441},{"@type":"BreadcrumbList","@id":"https:\/\/transportjournal.com\/de\/2026\/01\/26\/ellerman-startet-baltex-kurzstreckendienst\/#breadcrumb","itemListElement":[{"@type":"ListItem","position":1,"name":"Startseite","item":"https:\/\/transportjournal.com\/de\/"},{"@type":"ListItem","position":2,"name":"Ellerman startet BALTEX-Kurzstreckendienst"}]},{"@type":"WebSite","@id":"https:\/\/transportjournal.com\/de\/#website","url":"https:\/\/transportjournal.com\/de\/","name":"ITJ | International Transport Journal","description":"Stay informed with the latest global news from the transport, logistics, and supply chain industries. Transport Journal delivers expert insights, analysis, and updates across shipping, aviation, intermodal, and forwarding.","publisher":{"@id":"https:\/\/transportjournal.com\/de\/#organization"},"potentialAction":[{"@type":"SearchAction","target":{"@type":"EntryPoint","urlTemplate":"https:\/\/transportjournal.com\/de\/?s={search_term_string}"},"query-input":{"@type":"PropertyValueSpecification","valueRequired":true,"valueName":"search_term_string"}}],"inLanguage":"de"},{"@type":"Organization","@id":"https:\/\/transportjournal.com\/de\/#organization","name":"Groupe Logismedia AG","alternateName":"Logismedia Group AG","url":"https:\/\/transportjournal.com\/de\/","logo":{"@type":"ImageObject","inLanguage":"de","@id":"https:\/\/transportjournal.com\/de\/#\/schema\/logo\/image\/","url":"https:\/\/transportjournal.com\/wp-content\/uploads\/sites\/2\/2025\/09\/Logo_ITJ.png","contentUrl":"https:\/\/transportjournal.com\/wp-content\/uploads\/sites\/2\/2025\/09\/Logo_ITJ.png","width":799,"height":326,"caption":"Groupe Logismedia AG"},"image":{"@id":"https:\/\/transportjournal.com\/de\/#\/schema\/logo\/image\/"},"sameAs":["https:\/\/www.linkedin.com\/company\/56456496\/admin\/dashboard\/","https:\/\/www.instagram.com\/logismediagroup\/","https:\/\/www.youtube.com\/@LogiamediaGroupAG"]},{"@type":"Person","@id":"https:\/\/transportjournal.com\/de\/#\/schema\/person\/41d36b5474b623392fa613e97e2363fa","name":"Jeremy Soland","url":"https:\/\/transportjournal.com\/de\/author\/jeremy\/"}]}},"_links":{"self":[{"href":"https:\/\/transportjournal.com\/de\/wp-json\/wp\/v2\/posts\/74348","targetHints":{"allow":["GET"]}}],"collection":[{"href":"https:\/\/transportjournal.com\/de\/wp-json\/wp\/v2\/posts"}],"about":[{"href":"https:\/\/transportjournal.com\/de\/wp-json\/wp\/v2\/types\/post"}],"author":[{"embeddable":true,"href":"https:\/\/transportjournal.com\/de\/wp-json\/wp\/v2\/users\/10"}],"replies":[{"embeddable":true,"href":"https:\/\/transportjournal.com\/de\/wp-json\/wp\/v2\/comments?post=74348"}],"version-history":[{"count":0,"href":"https:\/\/transportjournal.com\/de\/wp-json\/wp\/v2\/posts\/74348\/revisions"}],"wp:featuredmedia":[{"embeddable":true,"href":"https:\/\/transportjournal.com\/de\/wp-json\/wp\/v2\/media\/74347"}],"wp:attachment":[{"href":"https:\/\/transportjournal.com\/de\/wp-json\/wp\/v2\/media?parent=74348"}],"wp:term":[{"taxonomy":"category","embeddable":true,"href":"https:\/\/transportjournal.com\/de\/wp-json\/wp\/v2\/categories?post=74348"},{"taxonomy":"post_tag","embeddable":true,"href":"https:\/\/transportjournal.com\/de\/wp-json\/wp\/v2\/tags?post=74348"}],"curies":[{"name":"wp","href":"https:\/\/api.w.org\/{rel}","templated":true}]}}