{"id":74325,"date":"2026-01-26T09:52:22","date_gmt":"2026-01-26T09:52:22","guid":{"rendered":"https:\/\/transportjournal.com\/2026\/01\/26\/groupe-stef-ernennt-neue-geschaeftsfuehrer\/"},"modified":"2026-01-26T09:52:22","modified_gmt":"2026-01-26T09:52:22","slug":"groupe-stef-ernennt-neue-geschaeftsfuehrer","status":"publish","type":"post","link":"https:\/\/transportjournal.com\/de\/2026\/01\/26\/groupe-stef-ernennt-neue-geschaeftsfuehrer\/","title":{"rendered":"Groupe STEF ernennt neue Gesch\u00e4ftsf\u00fchrer"},"content":{"rendered":"<p>Groupe STEF hat seine Unternehmensf\u00fchrung neu strukturiert und zwei neue operative Gesch\u00e4ftsf\u00fchrer ernannt. Diese Entscheidung folgt auf das Wachstum des Unternehmens sowie auf die Erweiterung seines T\u00e4tigkeitsbereichs und seiner geografischen Pr\u00e4senz. Ziel ist es, die Organisation und Governance so anzupassen, dass die strategischen Priorit\u00e4ten und die internationale Entwicklung des Unternehmens effektiv unterst\u00fctzt werden.<\/p>\n<p>Laut einer Mitteilung des Unternehmens wird Damien Chapotot zum operativen Gesch\u00e4ftsf\u00fchrer f\u00fcr Frankreich ernannt, w\u00e4hrend Fran\u00e7ois Pinto (Foto) die Rolle des operativen Gesch\u00e4ftsf\u00fchrers f\u00fcr internationale Angelegenheiten \u00fcbernimmt. Beide werden direkt dem Vorstandsvorsitzenden Stanislas Lemor unterstellt. Ihre Ernennung tritt nach der Hauptversammlung am 23. April 2026 in Kraft.<\/p>\n<p>Diese Ver\u00e4nderungen stehen auch im Zusammenhang mit dem bevorstehenden Ruhestand von Marc Vettard, der mehr als 40 Jahre im Unternehmen t\u00e4tig war, davon sieben Jahre in der Gesch\u00e4ftsf\u00fchrung. Vettard hat massgeblich dazu beigetragen, Groupe STEF als bedeutenden Akteur im europ\u00e4ischen Transport- und Logistiksektor zu positionieren. Unter seiner Leitung hat das Unternehmen eine umfassende Transformation durchlaufen und seine internationalen Aktivit\u00e4ten ausgeweitet. Er verl\u00e4sst das Unternehmen, w\u00e4hrend es bereits ein Umsatzziel von 5 Mrd. EUR erreicht hat, und dies ein Jahr fr\u00fcher als geplant.<\/p>\n<h3>Neue F\u00fchrungsstruktur zur Unterst\u00fctzung des Wachstums<\/h3>\n<p>Die neue Governance-Struktur von Groupe STEF wird um den Vorstandsvorsitzenden und die beiden operativen Gesch\u00e4ftsf\u00fchrer herum aufgebaut. Diese Struktur soll den unterschiedlichen wirtschaftlichen, geografischen und operationellen Herausforderungen der verschiedenen M\u00e4rkte des Unternehmens gerecht werden und die Umsatzentwicklung unterst\u00fctzen.<\/p>\n<p>Damien Chapotot bringt fast 30 Jahre Erfahrung im Transport- und Logistiksektor mit. Er hat in seiner Karriere verschiedene F\u00fchrungspositionen innegehabt und war zuletzt als stellvertretender Gesch\u00e4ftsf\u00fchrer bei STEF Transport t\u00e4tig. In seiner neuen Rolle wird er f\u00fcr den gr\u00f6ssten Markt des Unternehmens verantwortlich sein und sich auf die Entwicklung neuer Wachstumsstrategien sowie die Modernisierung der Betriebsabl\u00e4ufe konzentrieren.<\/p>\n<p>Fran\u00e7ois Pinto hat fast 20 Jahre Erfahrung in verschiedenen L\u00e4ndern gesammelt und wird die internationale Strategie des Unternehmens leiten. Er begann seine Karriere bei STEF im Jahr 1999 und hat seither verschiedene Positionen in Frankreich und im Ausland bekleidet. In seiner neuen Funktion wird er sich auf das Wachstum, die Integration neuer Akquisitionen und die Umsetzung der Unternehmensstrategie konzentrieren.<\/p>\n<p>Stanislas Lemor, Vorstandsvorsitzender des Groupe STEF, \u00e4usserte sich dankbar f\u00fcr die Verdienste von Marc Vettard und betonte die Bedeutung seiner strategischen Vision f\u00fcr das Unternehmen. Er begr\u00fcsste die neuen Gesch\u00e4ftsf\u00fchrer und hob hervor, dass deren Expertise und Zusammenarbeit entscheidend f\u00fcr die zuk\u00fcnftige Entwicklung des Unternehmens sein werden. Lemor betonte zudem die Wichtigkeit, die Bed\u00fcrfnisse der Kunden und Mitarbeiter in den Mittelpunkt der Unternehmensstrategie zu stellen.<\/p>\n<p>&nbsp;<\/p>\n<p><a href=\"https:\/\/www.stef.com\/\" target=\"_blank\" rel=\"noopener noreferrer\">www.stef.com<\/a><\/p>\n<p>&nbsp;<\/p>\n","protected":false},"excerpt":{"rendered":"<p>Groupe STEF hat seine Unternehmensf\u00fchrung neu strukturiert und Damien Chapotot sowie Fran\u00e7ois Pinto als operative Gesch\u00e4ftsf\u00fchrer ernannt, um das Wachstum und die internationale Entwicklung zu f\u00f6rdern.<\/p>\n","protected":false},"author":12,"featured_media":74324,"comment_status":"open","ping_status":"open","sticky":false,"template":"","format":"standard","meta":{"_acf_changed":false,"footnotes":""},"categories":[1575,1567,1569],"tags":[9203,9204,9205,2548,9206,3739,9207,2115,2116,9208,2040,9209,6097,1889,9210,2562,9211,9212,4291,3745,2075,9213,9214,9215,9216,9217,3750,2622,9218,9219,9220,9221,1800,9222,9223,9224,3157,9225,9226,3756,3757,9227,3602,2193,9228,1916,9229,2237,4305,9230,9231,2641,9232,3125,9233,9234,2157,9235],"class_list":["post-74325","post","type-post","status-publish","format-standard","has-post-thumbnail","hentry","category-europa","category-wechsel-weltweit","category-logistik-spedition","tag-acquisitions-dans-le-transport","tag-acquisitions-in-transport","tag-akquisitionen-im-transport","tag-corporate-governance","tag-deutsch-groupe-stef","tag-developpement-des-infrastructures","tag-developpement-des-revenus","tag-digitalisierung-in-der-logistik","tag-digitalization-in-logistics","tag-directeurs-operationnels","tag-europaeischer-markt","tag-european-market","tag-expansion-internationale","tag-fachkraeftemangel","tag-frankreich-logistik","tag-gouvernance-dentreprise","tag-governance-structure","tag-governance-struktur","tag-growth-strategy","tag-infrastructure-development","tag-infrastrukturentwicklung","tag-international-expansion-francais-groupe-stef","tag-international-strategy","tag-internationale-expansion-english-groupe-stef","tag-internationale-strategie","tag-logistics-in-france","tag-logistique-de-colis","tag-logistique-durable","tag-logistique-en-france","tag-marche-europeen","tag-market-share","tag-marktanteil","tag-nachhaltige-logistik","tag-neue-geschaeftsfuehrer","tag-new-managing-directors","tag-nouveaux-directeurs-generaux","tag-numerisation-dans-la-logistique","tag-operational-directors","tag-operative-geschaeftsfuehrer","tag-paketlogistik","tag-parcel-logistics","tag-part-de-marche","tag-penurie-de-competences","tag-rail-freight-transport","tag-revenue-development","tag-schienengueterverkehr","tag-secteur-du-transport-et-de-la-logistique","tag-skills-shortage","tag-strategie-de-croissance","tag-strategie-internationale","tag-structure-de-gouvernance","tag-sustainable-logistics","tag-transport-and-logistics-sector","tag-transport-ferroviaire-de-marchandises","tag-transport-und-logistiksektor","tag-umsatzentwicklung","tag-unternehmensfuehrung","tag-wachstumskurs"],"acf":[],"yoast_head":"<!-- This site is optimized with the Yoast SEO plugin v27.3 - https:\/\/yoast.com\/product\/yoast-seo-wordpress\/ -->\n<title>Groupe STEF ernennt neue Gesch\u00e4ftsf\u00fchrer - ITJ | International Transport Journal<\/title>\n<meta name=\"robots\" content=\"index, follow, max-snippet:-1, max-image-preview:large, max-video-preview:-1\" \/>\n<link rel=\"canonical\" href=\"https:\/\/transportjournal.com\/de\/2026\/01\/26\/groupe-stef-ernennt-neue-geschaeftsfuehrer\/\" \/>\n<meta property=\"og:locale\" content=\"de_DE\" \/>\n<meta property=\"og:type\" content=\"article\" \/>\n<meta property=\"og:title\" content=\"Groupe STEF ernennt neue Gesch\u00e4ftsf\u00fchrer - ITJ | International Transport Journal\" \/>\n<meta property=\"og:description\" content=\"Groupe STEF hat seine Unternehmensf\u00fchrung neu strukturiert und Damien Chapotot sowie Fran\u00e7ois Pinto als operative Gesch\u00e4ftsf\u00fchrer ernannt, um das Wachstum und die internationale Entwicklung zu f\u00f6rdern.\" \/>\n<meta property=\"og:url\" content=\"https:\/\/transportjournal.com\/de\/2026\/01\/26\/groupe-stef-ernennt-neue-geschaeftsfuehrer\/\" \/>\n<meta property=\"og:site_name\" content=\"ITJ | International Transport Journal\" \/>\n<meta property=\"article:published_time\" content=\"2026-01-26T09:52:22+00:00\" \/>\n<meta property=\"og:image\" content=\"https:\/\/transportjournal.com\/wp-content\/uploads\/sites\/2\/2026\/01\/FRANCOIS-PINTO-\u00a9-OBOClandoeil.fr_.jpg-aspect-ratio-1400-788.webp\" \/>\n\t<meta property=\"og:image:width\" content=\"1755\" \/>\n\t<meta property=\"og:image:height\" content=\"988\" \/>\n\t<meta property=\"og:image:type\" content=\"image\/webp\" \/>\n<meta name=\"author\" content=\"Andreas Haug\" \/>\n<meta name=\"twitter:card\" content=\"summary_large_image\" \/>\n<meta name=\"twitter:label1\" content=\"Verfasst von\" \/>\n\t<meta name=\"twitter:data1\" content=\"Andreas Haug\" \/>\n\t<meta name=\"twitter:label2\" content=\"Gesch\u00e4tzte Lesezeit\" \/>\n\t<meta name=\"twitter:data2\" content=\"2\u00a0Minute\" \/>\n<script type=\"application\/ld+json\" class=\"yoast-schema-graph\">{\"@context\":\"https:\\\/\\\/schema.org\",\"@graph\":[{\"@type\":\"Article\",\"@id\":\"https:\\\/\\\/transportjournal.com\\\/de\\\/2026\\\/01\\\/26\\\/groupe-stef-ernennt-neue-geschaeftsfuehrer\\\/#article\",\"isPartOf\":{\"@id\":\"https:\\\/\\\/transportjournal.com\\\/de\\\/2026\\\/01\\\/26\\\/groupe-stef-ernennt-neue-geschaeftsfuehrer\\\/\"},\"author\":{\"name\":\"Andreas Haug\",\"@id\":\"https:\\\/\\\/transportjournal.com\\\/de\\\/#\\\/schema\\\/person\\\/cf538b3157f15afd7589245a4b3dbd25\"},\"headline\":\"Groupe STEF ernennt neue Gesch\u00e4ftsf\u00fchrer\",\"datePublished\":\"2026-01-26T09:52:22+00:00\",\"mainEntityOfPage\":{\"@id\":\"https:\\\/\\\/transportjournal.com\\\/de\\\/2026\\\/01\\\/26\\\/groupe-stef-ernennt-neue-geschaeftsfuehrer\\\/\"},\"wordCount\":459,\"commentCount\":0,\"publisher\":{\"@id\":\"https:\\\/\\\/transportjournal.com\\\/de\\\/#organization\"},\"image\":{\"@id\":\"https:\\\/\\\/transportjournal.com\\\/de\\\/2026\\\/01\\\/26\\\/groupe-stef-ernennt-neue-geschaeftsfuehrer\\\/#primaryimage\"},\"thumbnailUrl\":\"https:\\\/\\\/transportjournal.com\\\/wp-content\\\/uploads\\\/sites\\\/2\\\/2026\\\/01\\\/FRANCOIS-PINTO-\u00a9-OBOClandoeil.fr_.jpg-aspect-ratio-1400-788.webp\",\"keywords\":[\"acquisitions dans le transport\",\"acquisitions in transport\",\"Akquisitionen im Transport\",\"corporate governance\",\"Deutsch Groupe STEF\",\"d\u00e9veloppement des infrastructures\",\"d\u00e9veloppement des revenus\",\"Digitalisierung in der Logistik\",\"digitalization in logistics\",\"directeurs op\u00e9rationnels\",\"europ\u00e4ischer Markt\",\"European market\",\"expansion internationale\",\"Fachkr\u00e4ftemangel\",\"Frankreich Logistik\",\"gouvernance d'entreprise\",\"governance structure\",\"Governance-Struktur\",\"growth strategy\",\"infrastructure development\",\"Infrastrukturentwicklung\",\"international expansion Fran\u00e7ais Groupe STEF\",\"international strategy\",\"internationale Expansion English Groupe STEF\",\"internationale Strategie\",\"logistics in France\",\"logistique de colis\",\"logistique durable\",\"logistique en France\",\"march\u00e9 europ\u00e9en\",\"market share\",\"Marktanteil\",\"nachhaltige Logistik\",\"neue Gesch\u00e4ftsf\u00fchrer\",\"new managing directors\",\"nouveaux directeurs g\u00e9n\u00e9raux\",\"num\u00e9risation dans la logistique\",\"operational directors\",\"operative Gesch\u00e4ftsf\u00fchrer\",\"Paketlogistik\",\"parcel logistics\",\"part de march\u00e9\",\"p\u00e9nurie de comp\u00e9tences\",\"rail freight transport\",\"revenue development\",\"Schieneng\u00fcterverkehr\",\"secteur du transport et de la logistique\",\"skills shortage\",\"strat\u00e9gie de croissance\",\"strat\u00e9gie internationale\",\"structure de gouvernance\",\"sustainable logistics\",\"transport and logistics sector\",\"transport ferroviaire de marchandises\",\"Transport- und Logistiksektor\",\"Umsatzentwicklung\",\"Unternehmensf\u00fchrung\",\"Wachstumskurs\"],\"articleSection\":[\"Europa\",\"Menschen &amp; Unternehmen\",\"Spedition &amp; Logistik\"],\"inLanguage\":\"de\",\"potentialAction\":[{\"@type\":\"CommentAction\",\"name\":\"Comment\",\"target\":[\"https:\\\/\\\/transportjournal.com\\\/de\\\/2026\\\/01\\\/26\\\/groupe-stef-ernennt-neue-geschaeftsfuehrer\\\/#respond\"]}]},{\"@type\":\"WebPage\",\"@id\":\"https:\\\/\\\/transportjournal.com\\\/de\\\/2026\\\/01\\\/26\\\/groupe-stef-ernennt-neue-geschaeftsfuehrer\\\/\",\"url\":\"https:\\\/\\\/transportjournal.com\\\/de\\\/2026\\\/01\\\/26\\\/groupe-stef-ernennt-neue-geschaeftsfuehrer\\\/\",\"name\":\"Groupe STEF ernennt neue Gesch\u00e4ftsf\u00fchrer - ITJ | International Transport Journal\",\"isPartOf\":{\"@id\":\"https:\\\/\\\/transportjournal.com\\\/de\\\/#website\"},\"primaryImageOfPage\":{\"@id\":\"https:\\\/\\\/transportjournal.com\\\/de\\\/2026\\\/01\\\/26\\\/groupe-stef-ernennt-neue-geschaeftsfuehrer\\\/#primaryimage\"},\"image\":{\"@id\":\"https:\\\/\\\/transportjournal.com\\\/de\\\/2026\\\/01\\\/26\\\/groupe-stef-ernennt-neue-geschaeftsfuehrer\\\/#primaryimage\"},\"thumbnailUrl\":\"https:\\\/\\\/transportjournal.com\\\/wp-content\\\/uploads\\\/sites\\\/2\\\/2026\\\/01\\\/FRANCOIS-PINTO-\u00a9-OBOClandoeil.fr_.jpg-aspect-ratio-1400-788.webp\",\"datePublished\":\"2026-01-26T09:52:22+00:00\",\"breadcrumb\":{\"@id\":\"https:\\\/\\\/transportjournal.com\\\/de\\\/2026\\\/01\\\/26\\\/groupe-stef-ernennt-neue-geschaeftsfuehrer\\\/#breadcrumb\"},\"inLanguage\":\"de\",\"potentialAction\":[{\"@type\":\"ReadAction\",\"target\":[\"https:\\\/\\\/transportjournal.com\\\/de\\\/2026\\\/01\\\/26\\\/groupe-stef-ernennt-neue-geschaeftsfuehrer\\\/\"]}]},{\"@type\":\"ImageObject\",\"inLanguage\":\"de\",\"@id\":\"https:\\\/\\\/transportjournal.com\\\/de\\\/2026\\\/01\\\/26\\\/groupe-stef-ernennt-neue-geschaeftsfuehrer\\\/#primaryimage\",\"url\":\"https:\\\/\\\/transportjournal.com\\\/wp-content\\\/uploads\\\/sites\\\/2\\\/2026\\\/01\\\/FRANCOIS-PINTO-\u00a9-OBOClandoeil.fr_.jpg-aspect-ratio-1400-788.webp\",\"contentUrl\":\"https:\\\/\\\/transportjournal.com\\\/wp-content\\\/uploads\\\/sites\\\/2\\\/2026\\\/01\\\/FRANCOIS-PINTO-\u00a9-OBOClandoeil.fr_.jpg-aspect-ratio-1400-788.webp\",\"width\":1755,\"height\":988},{\"@type\":\"BreadcrumbList\",\"@id\":\"https:\\\/\\\/transportjournal.com\\\/de\\\/2026\\\/01\\\/26\\\/groupe-stef-ernennt-neue-geschaeftsfuehrer\\\/#breadcrumb\",\"itemListElement\":[{\"@type\":\"ListItem\",\"position\":1,\"name\":\"Startseite\",\"item\":\"https:\\\/\\\/transportjournal.com\\\/de\\\/\"},{\"@type\":\"ListItem\",\"position\":2,\"name\":\"Groupe STEF ernennt neue Gesch\u00e4ftsf\u00fchrer\"}]},{\"@type\":\"WebSite\",\"@id\":\"https:\\\/\\\/transportjournal.com\\\/de\\\/#website\",\"url\":\"https:\\\/\\\/transportjournal.com\\\/de\\\/\",\"name\":\"ITJ | International Transport Journal\",\"description\":\"Stay informed with the latest global news from the transport, logistics, and supply chain industries. Transport Journal delivers expert insights, analysis, and updates across shipping, aviation, intermodal, and forwarding.\",\"publisher\":{\"@id\":\"https:\\\/\\\/transportjournal.com\\\/de\\\/#organization\"},\"potentialAction\":[{\"@type\":\"SearchAction\",\"target\":{\"@type\":\"EntryPoint\",\"urlTemplate\":\"https:\\\/\\\/transportjournal.com\\\/de\\\/?s={search_term_string}\"},\"query-input\":{\"@type\":\"PropertyValueSpecification\",\"valueRequired\":true,\"valueName\":\"search_term_string\"}}],\"inLanguage\":\"de\"},{\"@type\":\"Organization\",\"@id\":\"https:\\\/\\\/transportjournal.com\\\/de\\\/#organization\",\"name\":\"Groupe Logismedia AG\",\"alternateName\":\"Logismedia Group AG\",\"url\":\"https:\\\/\\\/transportjournal.com\\\/de\\\/\",\"logo\":{\"@type\":\"ImageObject\",\"inLanguage\":\"de\",\"@id\":\"https:\\\/\\\/transportjournal.com\\\/de\\\/#\\\/schema\\\/logo\\\/image\\\/\",\"url\":\"https:\\\/\\\/transportjournal.com\\\/wp-content\\\/uploads\\\/sites\\\/2\\\/2025\\\/09\\\/Logo_ITJ.png\",\"contentUrl\":\"https:\\\/\\\/transportjournal.com\\\/wp-content\\\/uploads\\\/sites\\\/2\\\/2025\\\/09\\\/Logo_ITJ.png\",\"width\":799,\"height\":326,\"caption\":\"Groupe Logismedia AG\"},\"image\":{\"@id\":\"https:\\\/\\\/transportjournal.com\\\/de\\\/#\\\/schema\\\/logo\\\/image\\\/\"},\"sameAs\":[\"https:\\\/\\\/www.linkedin.com\\\/company\\\/56456496\\\/admin\\\/dashboard\\\/\",\"https:\\\/\\\/www.instagram.com\\\/logismediagroup\\\/\",\"https:\\\/\\\/www.youtube.com\\\/@LogiamediaGroupAG\"]},{\"@type\":\"Person\",\"@id\":\"https:\\\/\\\/transportjournal.com\\\/de\\\/#\\\/schema\\\/person\\\/cf538b3157f15afd7589245a4b3dbd25\",\"name\":\"Andreas Haug\",\"url\":\"https:\\\/\\\/transportjournal.com\\\/de\\\/author\\\/andreas\\\/\"}]}<\/script>\n<!-- \/ Yoast SEO plugin. -->","yoast_head_json":{"title":"Groupe STEF ernennt neue Gesch\u00e4ftsf\u00fchrer - ITJ | International Transport Journal","robots":{"index":"index","follow":"follow","max-snippet":"max-snippet:-1","max-image-preview":"max-image-preview:large","max-video-preview":"max-video-preview:-1"},"canonical":"https:\/\/transportjournal.com\/de\/2026\/01\/26\/groupe-stef-ernennt-neue-geschaeftsfuehrer\/","og_locale":"de_DE","og_type":"article","og_title":"Groupe STEF ernennt neue Gesch\u00e4ftsf\u00fchrer - ITJ | International Transport Journal","og_description":"Groupe STEF hat seine Unternehmensf\u00fchrung neu strukturiert und Damien Chapotot sowie Fran\u00e7ois Pinto als operative Gesch\u00e4ftsf\u00fchrer ernannt, um das Wachstum und die internationale Entwicklung zu f\u00f6rdern.","og_url":"https:\/\/transportjournal.com\/de\/2026\/01\/26\/groupe-stef-ernennt-neue-geschaeftsfuehrer\/","og_site_name":"ITJ | International Transport Journal","article_published_time":"2026-01-26T09:52:22+00:00","og_image":[{"width":1755,"height":988,"url":"https:\/\/transportjournal.com\/wp-content\/uploads\/sites\/2\/2026\/01\/FRANCOIS-PINTO-\u00a9-OBOClandoeil.fr_.jpg-aspect-ratio-1400-788.webp","type":"image\/webp"}],"author":"Andreas Haug","twitter_card":"summary_large_image","twitter_misc":{"Verfasst von":"Andreas Haug","Gesch\u00e4tzte Lesezeit":"2\u00a0Minute"},"schema":{"@context":"https:\/\/schema.org","@graph":[{"@type":"Article","@id":"https:\/\/transportjournal.com\/de\/2026\/01\/26\/groupe-stef-ernennt-neue-geschaeftsfuehrer\/#article","isPartOf":{"@id":"https:\/\/transportjournal.com\/de\/2026\/01\/26\/groupe-stef-ernennt-neue-geschaeftsfuehrer\/"},"author":{"name":"Andreas Haug","@id":"https:\/\/transportjournal.com\/de\/#\/schema\/person\/cf538b3157f15afd7589245a4b3dbd25"},"headline":"Groupe STEF ernennt neue Gesch\u00e4ftsf\u00fchrer","datePublished":"2026-01-26T09:52:22+00:00","mainEntityOfPage":{"@id":"https:\/\/transportjournal.com\/de\/2026\/01\/26\/groupe-stef-ernennt-neue-geschaeftsfuehrer\/"},"wordCount":459,"commentCount":0,"publisher":{"@id":"https:\/\/transportjournal.com\/de\/#organization"},"image":{"@id":"https:\/\/transportjournal.com\/de\/2026\/01\/26\/groupe-stef-ernennt-neue-geschaeftsfuehrer\/#primaryimage"},"thumbnailUrl":"https:\/\/transportjournal.com\/wp-content\/uploads\/sites\/2\/2026\/01\/FRANCOIS-PINTO-\u00a9-OBOClandoeil.fr_.jpg-aspect-ratio-1400-788.webp","keywords":["acquisitions dans le transport","acquisitions in transport","Akquisitionen im Transport","corporate governance","Deutsch Groupe STEF","d\u00e9veloppement des infrastructures","d\u00e9veloppement des revenus","Digitalisierung in der Logistik","digitalization in logistics","directeurs op\u00e9rationnels","europ\u00e4ischer Markt","European market","expansion internationale","Fachkr\u00e4ftemangel","Frankreich Logistik","gouvernance d'entreprise","governance structure","Governance-Struktur","growth strategy","infrastructure development","Infrastrukturentwicklung","international expansion Fran\u00e7ais Groupe STEF","international strategy","internationale Expansion English Groupe STEF","internationale Strategie","logistics in France","logistique de colis","logistique durable","logistique en France","march\u00e9 europ\u00e9en","market share","Marktanteil","nachhaltige Logistik","neue Gesch\u00e4ftsf\u00fchrer","new managing directors","nouveaux directeurs g\u00e9n\u00e9raux","num\u00e9risation dans la logistique","operational directors","operative Gesch\u00e4ftsf\u00fchrer","Paketlogistik","parcel logistics","part de march\u00e9","p\u00e9nurie de comp\u00e9tences","rail freight transport","revenue development","Schieneng\u00fcterverkehr","secteur du transport et de la logistique","skills shortage","strat\u00e9gie de croissance","strat\u00e9gie internationale","structure de gouvernance","sustainable logistics","transport and logistics sector","transport ferroviaire de marchandises","Transport- und Logistiksektor","Umsatzentwicklung","Unternehmensf\u00fchrung","Wachstumskurs"],"articleSection":["Europa","Menschen &amp; Unternehmen","Spedition &amp; Logistik"],"inLanguage":"de","potentialAction":[{"@type":"CommentAction","name":"Comment","target":["https:\/\/transportjournal.com\/de\/2026\/01\/26\/groupe-stef-ernennt-neue-geschaeftsfuehrer\/#respond"]}]},{"@type":"WebPage","@id":"https:\/\/transportjournal.com\/de\/2026\/01\/26\/groupe-stef-ernennt-neue-geschaeftsfuehrer\/","url":"https:\/\/transportjournal.com\/de\/2026\/01\/26\/groupe-stef-ernennt-neue-geschaeftsfuehrer\/","name":"Groupe STEF ernennt neue Gesch\u00e4ftsf\u00fchrer - ITJ | International Transport Journal","isPartOf":{"@id":"https:\/\/transportjournal.com\/de\/#website"},"primaryImageOfPage":{"@id":"https:\/\/transportjournal.com\/de\/2026\/01\/26\/groupe-stef-ernennt-neue-geschaeftsfuehrer\/#primaryimage"},"image":{"@id":"https:\/\/transportjournal.com\/de\/2026\/01\/26\/groupe-stef-ernennt-neue-geschaeftsfuehrer\/#primaryimage"},"thumbnailUrl":"https:\/\/transportjournal.com\/wp-content\/uploads\/sites\/2\/2026\/01\/FRANCOIS-PINTO-\u00a9-OBOClandoeil.fr_.jpg-aspect-ratio-1400-788.webp","datePublished":"2026-01-26T09:52:22+00:00","breadcrumb":{"@id":"https:\/\/transportjournal.com\/de\/2026\/01\/26\/groupe-stef-ernennt-neue-geschaeftsfuehrer\/#breadcrumb"},"inLanguage":"de","potentialAction":[{"@type":"ReadAction","target":["https:\/\/transportjournal.com\/de\/2026\/01\/26\/groupe-stef-ernennt-neue-geschaeftsfuehrer\/"]}]},{"@type":"ImageObject","inLanguage":"de","@id":"https:\/\/transportjournal.com\/de\/2026\/01\/26\/groupe-stef-ernennt-neue-geschaeftsfuehrer\/#primaryimage","url":"https:\/\/transportjournal.com\/wp-content\/uploads\/sites\/2\/2026\/01\/FRANCOIS-PINTO-\u00a9-OBOClandoeil.fr_.jpg-aspect-ratio-1400-788.webp","contentUrl":"https:\/\/transportjournal.com\/wp-content\/uploads\/sites\/2\/2026\/01\/FRANCOIS-PINTO-\u00a9-OBOClandoeil.fr_.jpg-aspect-ratio-1400-788.webp","width":1755,"height":988},{"@type":"BreadcrumbList","@id":"https:\/\/transportjournal.com\/de\/2026\/01\/26\/groupe-stef-ernennt-neue-geschaeftsfuehrer\/#breadcrumb","itemListElement":[{"@type":"ListItem","position":1,"name":"Startseite","item":"https:\/\/transportjournal.com\/de\/"},{"@type":"ListItem","position":2,"name":"Groupe STEF ernennt neue Gesch\u00e4ftsf\u00fchrer"}]},{"@type":"WebSite","@id":"https:\/\/transportjournal.com\/de\/#website","url":"https:\/\/transportjournal.com\/de\/","name":"ITJ | International Transport Journal","description":"Stay informed with the latest global news from the transport, logistics, and supply chain industries. Transport Journal delivers expert insights, analysis, and updates across shipping, aviation, intermodal, and forwarding.","publisher":{"@id":"https:\/\/transportjournal.com\/de\/#organization"},"potentialAction":[{"@type":"SearchAction","target":{"@type":"EntryPoint","urlTemplate":"https:\/\/transportjournal.com\/de\/?s={search_term_string}"},"query-input":{"@type":"PropertyValueSpecification","valueRequired":true,"valueName":"search_term_string"}}],"inLanguage":"de"},{"@type":"Organization","@id":"https:\/\/transportjournal.com\/de\/#organization","name":"Groupe Logismedia AG","alternateName":"Logismedia Group AG","url":"https:\/\/transportjournal.com\/de\/","logo":{"@type":"ImageObject","inLanguage":"de","@id":"https:\/\/transportjournal.com\/de\/#\/schema\/logo\/image\/","url":"https:\/\/transportjournal.com\/wp-content\/uploads\/sites\/2\/2025\/09\/Logo_ITJ.png","contentUrl":"https:\/\/transportjournal.com\/wp-content\/uploads\/sites\/2\/2025\/09\/Logo_ITJ.png","width":799,"height":326,"caption":"Groupe Logismedia AG"},"image":{"@id":"https:\/\/transportjournal.com\/de\/#\/schema\/logo\/image\/"},"sameAs":["https:\/\/www.linkedin.com\/company\/56456496\/admin\/dashboard\/","https:\/\/www.instagram.com\/logismediagroup\/","https:\/\/www.youtube.com\/@LogiamediaGroupAG"]},{"@type":"Person","@id":"https:\/\/transportjournal.com\/de\/#\/schema\/person\/cf538b3157f15afd7589245a4b3dbd25","name":"Andreas Haug","url":"https:\/\/transportjournal.com\/de\/author\/andreas\/"}]}},"_links":{"self":[{"href":"https:\/\/transportjournal.com\/de\/wp-json\/wp\/v2\/posts\/74325","targetHints":{"allow":["GET"]}}],"collection":[{"href":"https:\/\/transportjournal.com\/de\/wp-json\/wp\/v2\/posts"}],"about":[{"href":"https:\/\/transportjournal.com\/de\/wp-json\/wp\/v2\/types\/post"}],"author":[{"embeddable":true,"href":"https:\/\/transportjournal.com\/de\/wp-json\/wp\/v2\/users\/12"}],"replies":[{"embeddable":true,"href":"https:\/\/transportjournal.com\/de\/wp-json\/wp\/v2\/comments?post=74325"}],"version-history":[{"count":0,"href":"https:\/\/transportjournal.com\/de\/wp-json\/wp\/v2\/posts\/74325\/revisions"}],"wp:featuredmedia":[{"embeddable":true,"href":"https:\/\/transportjournal.com\/de\/wp-json\/wp\/v2\/media\/74324"}],"wp:attachment":[{"href":"https:\/\/transportjournal.com\/de\/wp-json\/wp\/v2\/media?parent=74325"}],"wp:term":[{"taxonomy":"category","embeddable":true,"href":"https:\/\/transportjournal.com\/de\/wp-json\/wp\/v2\/categories?post=74325"},{"taxonomy":"post_tag","embeddable":true,"href":"https:\/\/transportjournal.com\/de\/wp-json\/wp\/v2\/tags?post=74325"}],"curies":[{"name":"wp","href":"https:\/\/api.w.org\/{rel}","templated":true}]}}