{"id":74302,"date":"2026-01-26T09:22:58","date_gmt":"2026-01-26T09:22:58","guid":{"rendered":"https:\/\/transportjournal.com\/2026\/01\/26\/neuer-praesident-bei-yang-ming\/"},"modified":"2026-01-26T09:22:58","modified_gmt":"2026-01-26T09:22:58","slug":"neuer-praesident-bei-yang-ming","status":"publish","type":"post","link":"https:\/\/transportjournal.com\/de\/2026\/01\/26\/neuer-praesident-bei-yang-ming\/","title":{"rendered":"Neuer Pr\u00e4sident bei Yang Ming"},"content":{"rendered":"<p>Yang Ming Marine Transport Corp. hat im Rahmen seiner 410. Vorstandssitzung am 23. Januar 2026 die Ernennung eines neuen Pr\u00e4sidenten beschlossen. Der derzeitige Pr\u00e4sident, Cliff Pai, hat seinen R\u00fccktritt beantragt. Kevin Lee, der bisherige Chief Commercial Officer und Senior Vice President, wird die Position ab dem 10. Februar 2026 \u00fcbernehmen.<\/p>\n<p>Kevin Lee hat einen Bachelor-Abschluss in International Business von der National Taiwan University sowie einen MBA von der Claremont Graduate University in den USA. Er trat 1997 in das Unternehmen ein und begann seine Karriere als Vertriebsmitarbeiter. Lee war in wichtigen M\u00e4rkten wie China, den USA und Europa t\u00e4tig und hatte zuvor die Leitung der Handelsabteilung sowie der Abteilung f\u00fcr Tochtergesellschaften inne. Seit seiner Ernennung zum Chief Commercial Officer im Jahr 2023 hat er die globale Handelsleistung \u00fcberwacht und dabei strategisches Geschick in der Entwicklung neuer M\u00e4rkte, im Key Account Management und in der Steuerung von Investitionsstrategien gezeigt.<\/p>\n<p>Cliff Pai, der seit dem 1. August 2024 im Amt ist, hat die strategischen Initiativen des Unternehmens in \u00dcbereinstimmung mit der Vision von Chairman Dr. Chuck Tsai vorangetrieben. In enger Zusammenarbeit mit dem Team von Yang Ming hat er sich auf die St\u00e4rkung des Kerngesch\u00e4fts im Bereich Linienschifffahrt konzentriert und eine Schl\u00fcsselrolle bei der Gestaltung der strategischen Ausrichtung des Unternehmens gespielt. Dabei lag der Fokus auf einer nachhaltigen Entwicklung, dem Gesch\u00e4ftswachstum, der digitalen Transformation und der organisatorischen Reform. Zu den wesentlichen Initiativen w\u00e4hrend seiner Amtszeit z\u00e4hlen der Plan zur Optimierung der Flotte und Container, die Verl\u00e4ngerung des langfristigen Mietvertrags f\u00fcr Terminal Nr. 70 im Hafen von Kaohsiung sowie die beschleunigte Einrichtung des Global Service Centers. Diese Massnahmen haben eine solide Grundlage f\u00fcr die langfristige betriebliche Resilienz und nachhaltige Entwicklung von Yang Ming geschaffen.<\/p>\n<p>Mit Blick auf die Zukunft ist Yang Ming gut positioniert, um den globalen Handel und das Wirtschaftswachstum zu unterst\u00fctzen. Unter der strategischen Vision von Chairman Dr. Tsai und dem Fokus auf digitale Innovation sowie der kommerziellen Expertise des neuen Pr\u00e4sidenten Kevin Lee strebt das Unternehmen an, bis 2032 einen Marktanteil von 3,0\u20133,5% im globalen Containertransport zu erreichen. Das Team von Yang Ming wird voraussichtlich weiterhin die Gesamtleistung st\u00e4rken und nachhaltiges Wachstum anstreben.<\/p>\n<p>&nbsp;<\/p>\n<p><a href=\"https:\/\/www.yangming.com\/\" target=\"_blank\" rel=\"noopener noreferrer\">www.yangming.com<\/a><\/p>\n<p>&nbsp;<\/p>\n","protected":false},"excerpt":{"rendered":"<p>Yang Ming Marine Transport Corp. hat Kevin Lee zum neuen Pr\u00e4sidenten ernannt, um die strategische Vision des Unternehmens bis 2032 weiter voranzutreiben.<\/p>\n","protected":false},"author":12,"featured_media":74301,"comment_status":"open","ping_status":"open","sticky":false,"template":"","format":"standard","meta":{"_acf_changed":false,"footnotes":""},"categories":[1574,1567,1571],"tags":[],"class_list":["post-74302","post","type-post","status-publish","format-standard","has-post-thumbnail","hentry","category-asien-pazifik","category-wechsel-weltweit","category-schiffahrt"],"acf":[],"yoast_head":"<!-- This site is optimized with the Yoast SEO plugin v27.3 - https:\/\/yoast.com\/product\/yoast-seo-wordpress\/ -->\n<title>Neuer Pr\u00e4sident bei Yang Ming - ITJ | International Transport Journal<\/title>\n<meta name=\"robots\" content=\"index, follow, max-snippet:-1, max-image-preview:large, max-video-preview:-1\" \/>\n<link rel=\"canonical\" href=\"https:\/\/transportjournal.com\/de\/2026\/01\/26\/neuer-praesident-bei-yang-ming\/\" \/>\n<meta property=\"og:locale\" content=\"de_DE\" \/>\n<meta property=\"og:type\" content=\"article\" \/>\n<meta property=\"og:title\" content=\"Neuer Pr\u00e4sident bei Yang Ming - ITJ | International Transport Journal\" \/>\n<meta property=\"og:description\" content=\"Yang Ming Marine Transport Corp. hat Kevin Lee zum neuen Pr\u00e4sidenten ernannt, um die strategische Vision des Unternehmens bis 2032 weiter voranzutreiben.\" \/>\n<meta property=\"og:url\" content=\"https:\/\/transportjournal.com\/de\/2026\/01\/26\/neuer-praesident-bei-yang-ming\/\" \/>\n<meta property=\"og:site_name\" content=\"ITJ | International Transport Journal\" \/>\n<meta property=\"article:published_time\" content=\"2026-01-26T09:22:58+00:00\" \/>\n<meta property=\"og:image\" content=\"https:\/\/transportjournal.com\/wp-content\/uploads\/sites\/2\/2026\/01\/Yang-Ming-1753241411289-aspect-ratio-1400-788-2.jpg\" \/>\n\t<meta property=\"og:image:width\" content=\"1626\" \/>\n\t<meta property=\"og:image:height\" content=\"915\" \/>\n\t<meta property=\"og:image:type\" content=\"image\/jpeg\" \/>\n<meta name=\"author\" content=\"Andreas Haug\" \/>\n<meta name=\"twitter:card\" content=\"summary_large_image\" \/>\n<meta name=\"twitter:label1\" content=\"Verfasst von\" \/>\n\t<meta name=\"twitter:data1\" content=\"Andreas Haug\" \/>\n\t<meta name=\"twitter:label2\" content=\"Gesch\u00e4tzte Lesezeit\" \/>\n\t<meta name=\"twitter:data2\" content=\"2\u00a0Minute\" \/>\n<script type=\"application\/ld+json\" class=\"yoast-schema-graph\">{\"@context\":\"https:\\\/\\\/schema.org\",\"@graph\":[{\"@type\":\"Article\",\"@id\":\"https:\\\/\\\/transportjournal.com\\\/de\\\/2026\\\/01\\\/26\\\/neuer-praesident-bei-yang-ming\\\/#article\",\"isPartOf\":{\"@id\":\"https:\\\/\\\/transportjournal.com\\\/de\\\/2026\\\/01\\\/26\\\/neuer-praesident-bei-yang-ming\\\/\"},\"author\":{\"name\":\"Andreas Haug\",\"@id\":\"https:\\\/\\\/transportjournal.com\\\/de\\\/#\\\/schema\\\/person\\\/cf538b3157f15afd7589245a4b3dbd25\"},\"headline\":\"Neuer Pr\u00e4sident bei Yang Ming\",\"datePublished\":\"2026-01-26T09:22:58+00:00\",\"mainEntityOfPage\":{\"@id\":\"https:\\\/\\\/transportjournal.com\\\/de\\\/2026\\\/01\\\/26\\\/neuer-praesident-bei-yang-ming\\\/\"},\"wordCount\":371,\"commentCount\":0,\"publisher\":{\"@id\":\"https:\\\/\\\/transportjournal.com\\\/de\\\/#organization\"},\"image\":{\"@id\":\"https:\\\/\\\/transportjournal.com\\\/de\\\/2026\\\/01\\\/26\\\/neuer-praesident-bei-yang-ming\\\/#primaryimage\"},\"thumbnailUrl\":\"https:\\\/\\\/transportjournal.com\\\/wp-content\\\/uploads\\\/sites\\\/2\\\/2026\\\/01\\\/Yang-Ming-1753241411289-aspect-ratio-1400-788-2.jpg\",\"articleSection\":[\"Asien\\\/Pazifik\",\"Menschen &amp; Unternehmen\",\"Schifffahrt &amp; H\u00e4fen\"],\"inLanguage\":\"de\",\"potentialAction\":[{\"@type\":\"CommentAction\",\"name\":\"Comment\",\"target\":[\"https:\\\/\\\/transportjournal.com\\\/de\\\/2026\\\/01\\\/26\\\/neuer-praesident-bei-yang-ming\\\/#respond\"]}]},{\"@type\":\"WebPage\",\"@id\":\"https:\\\/\\\/transportjournal.com\\\/de\\\/2026\\\/01\\\/26\\\/neuer-praesident-bei-yang-ming\\\/\",\"url\":\"https:\\\/\\\/transportjournal.com\\\/de\\\/2026\\\/01\\\/26\\\/neuer-praesident-bei-yang-ming\\\/\",\"name\":\"Neuer Pr\u00e4sident bei Yang Ming - ITJ | International Transport Journal\",\"isPartOf\":{\"@id\":\"https:\\\/\\\/transportjournal.com\\\/de\\\/#website\"},\"primaryImageOfPage\":{\"@id\":\"https:\\\/\\\/transportjournal.com\\\/de\\\/2026\\\/01\\\/26\\\/neuer-praesident-bei-yang-ming\\\/#primaryimage\"},\"image\":{\"@id\":\"https:\\\/\\\/transportjournal.com\\\/de\\\/2026\\\/01\\\/26\\\/neuer-praesident-bei-yang-ming\\\/#primaryimage\"},\"thumbnailUrl\":\"https:\\\/\\\/transportjournal.com\\\/wp-content\\\/uploads\\\/sites\\\/2\\\/2026\\\/01\\\/Yang-Ming-1753241411289-aspect-ratio-1400-788-2.jpg\",\"datePublished\":\"2026-01-26T09:22:58+00:00\",\"breadcrumb\":{\"@id\":\"https:\\\/\\\/transportjournal.com\\\/de\\\/2026\\\/01\\\/26\\\/neuer-praesident-bei-yang-ming\\\/#breadcrumb\"},\"inLanguage\":\"de\",\"potentialAction\":[{\"@type\":\"ReadAction\",\"target\":[\"https:\\\/\\\/transportjournal.com\\\/de\\\/2026\\\/01\\\/26\\\/neuer-praesident-bei-yang-ming\\\/\"]}]},{\"@type\":\"ImageObject\",\"inLanguage\":\"de\",\"@id\":\"https:\\\/\\\/transportjournal.com\\\/de\\\/2026\\\/01\\\/26\\\/neuer-praesident-bei-yang-ming\\\/#primaryimage\",\"url\":\"https:\\\/\\\/transportjournal.com\\\/wp-content\\\/uploads\\\/sites\\\/2\\\/2026\\\/01\\\/Yang-Ming-1753241411289-aspect-ratio-1400-788-2.jpg\",\"contentUrl\":\"https:\\\/\\\/transportjournal.com\\\/wp-content\\\/uploads\\\/sites\\\/2\\\/2026\\\/01\\\/Yang-Ming-1753241411289-aspect-ratio-1400-788-2.jpg\",\"width\":1626,\"height\":915},{\"@type\":\"BreadcrumbList\",\"@id\":\"https:\\\/\\\/transportjournal.com\\\/de\\\/2026\\\/01\\\/26\\\/neuer-praesident-bei-yang-ming\\\/#breadcrumb\",\"itemListElement\":[{\"@type\":\"ListItem\",\"position\":1,\"name\":\"Startseite\",\"item\":\"https:\\\/\\\/transportjournal.com\\\/de\\\/\"},{\"@type\":\"ListItem\",\"position\":2,\"name\":\"Neuer Pr\u00e4sident bei Yang Ming\"}]},{\"@type\":\"WebSite\",\"@id\":\"https:\\\/\\\/transportjournal.com\\\/de\\\/#website\",\"url\":\"https:\\\/\\\/transportjournal.com\\\/de\\\/\",\"name\":\"ITJ | International Transport Journal\",\"description\":\"Stay informed with the latest global news from the transport, logistics, and supply chain industries. Transport Journal delivers expert insights, analysis, and updates across shipping, aviation, intermodal, and forwarding.\",\"publisher\":{\"@id\":\"https:\\\/\\\/transportjournal.com\\\/de\\\/#organization\"},\"potentialAction\":[{\"@type\":\"SearchAction\",\"target\":{\"@type\":\"EntryPoint\",\"urlTemplate\":\"https:\\\/\\\/transportjournal.com\\\/de\\\/?s={search_term_string}\"},\"query-input\":{\"@type\":\"PropertyValueSpecification\",\"valueRequired\":true,\"valueName\":\"search_term_string\"}}],\"inLanguage\":\"de\"},{\"@type\":\"Organization\",\"@id\":\"https:\\\/\\\/transportjournal.com\\\/de\\\/#organization\",\"name\":\"Groupe Logismedia AG\",\"alternateName\":\"Logismedia Group AG\",\"url\":\"https:\\\/\\\/transportjournal.com\\\/de\\\/\",\"logo\":{\"@type\":\"ImageObject\",\"inLanguage\":\"de\",\"@id\":\"https:\\\/\\\/transportjournal.com\\\/de\\\/#\\\/schema\\\/logo\\\/image\\\/\",\"url\":\"https:\\\/\\\/transportjournal.com\\\/wp-content\\\/uploads\\\/sites\\\/2\\\/2025\\\/09\\\/Logo_ITJ.png\",\"contentUrl\":\"https:\\\/\\\/transportjournal.com\\\/wp-content\\\/uploads\\\/sites\\\/2\\\/2025\\\/09\\\/Logo_ITJ.png\",\"width\":799,\"height\":326,\"caption\":\"Groupe Logismedia AG\"},\"image\":{\"@id\":\"https:\\\/\\\/transportjournal.com\\\/de\\\/#\\\/schema\\\/logo\\\/image\\\/\"},\"sameAs\":[\"https:\\\/\\\/www.linkedin.com\\\/company\\\/56456496\\\/admin\\\/dashboard\\\/\",\"https:\\\/\\\/www.instagram.com\\\/logismediagroup\\\/\",\"https:\\\/\\\/www.youtube.com\\\/@LogiamediaGroupAG\"]},{\"@type\":\"Person\",\"@id\":\"https:\\\/\\\/transportjournal.com\\\/de\\\/#\\\/schema\\\/person\\\/cf538b3157f15afd7589245a4b3dbd25\",\"name\":\"Andreas Haug\",\"url\":\"https:\\\/\\\/transportjournal.com\\\/de\\\/author\\\/andreas\\\/\"}]}<\/script>\n<!-- \/ Yoast SEO plugin. -->","yoast_head_json":{"title":"Neuer Pr\u00e4sident bei Yang Ming - ITJ | International Transport Journal","robots":{"index":"index","follow":"follow","max-snippet":"max-snippet:-1","max-image-preview":"max-image-preview:large","max-video-preview":"max-video-preview:-1"},"canonical":"https:\/\/transportjournal.com\/de\/2026\/01\/26\/neuer-praesident-bei-yang-ming\/","og_locale":"de_DE","og_type":"article","og_title":"Neuer Pr\u00e4sident bei Yang Ming - ITJ | International Transport Journal","og_description":"Yang Ming Marine Transport Corp. hat Kevin Lee zum neuen Pr\u00e4sidenten ernannt, um die strategische Vision des Unternehmens bis 2032 weiter voranzutreiben.","og_url":"https:\/\/transportjournal.com\/de\/2026\/01\/26\/neuer-praesident-bei-yang-ming\/","og_site_name":"ITJ | International Transport Journal","article_published_time":"2026-01-26T09:22:58+00:00","og_image":[{"width":1626,"height":915,"url":"https:\/\/transportjournal.com\/wp-content\/uploads\/sites\/2\/2026\/01\/Yang-Ming-1753241411289-aspect-ratio-1400-788-2.jpg","type":"image\/jpeg"}],"author":"Andreas Haug","twitter_card":"summary_large_image","twitter_misc":{"Verfasst von":"Andreas Haug","Gesch\u00e4tzte Lesezeit":"2\u00a0Minute"},"schema":{"@context":"https:\/\/schema.org","@graph":[{"@type":"Article","@id":"https:\/\/transportjournal.com\/de\/2026\/01\/26\/neuer-praesident-bei-yang-ming\/#article","isPartOf":{"@id":"https:\/\/transportjournal.com\/de\/2026\/01\/26\/neuer-praesident-bei-yang-ming\/"},"author":{"name":"Andreas Haug","@id":"https:\/\/transportjournal.com\/de\/#\/schema\/person\/cf538b3157f15afd7589245a4b3dbd25"},"headline":"Neuer Pr\u00e4sident bei Yang Ming","datePublished":"2026-01-26T09:22:58+00:00","mainEntityOfPage":{"@id":"https:\/\/transportjournal.com\/de\/2026\/01\/26\/neuer-praesident-bei-yang-ming\/"},"wordCount":371,"commentCount":0,"publisher":{"@id":"https:\/\/transportjournal.com\/de\/#organization"},"image":{"@id":"https:\/\/transportjournal.com\/de\/2026\/01\/26\/neuer-praesident-bei-yang-ming\/#primaryimage"},"thumbnailUrl":"https:\/\/transportjournal.com\/wp-content\/uploads\/sites\/2\/2026\/01\/Yang-Ming-1753241411289-aspect-ratio-1400-788-2.jpg","articleSection":["Asien\/Pazifik","Menschen &amp; Unternehmen","Schifffahrt &amp; H\u00e4fen"],"inLanguage":"de","potentialAction":[{"@type":"CommentAction","name":"Comment","target":["https:\/\/transportjournal.com\/de\/2026\/01\/26\/neuer-praesident-bei-yang-ming\/#respond"]}]},{"@type":"WebPage","@id":"https:\/\/transportjournal.com\/de\/2026\/01\/26\/neuer-praesident-bei-yang-ming\/","url":"https:\/\/transportjournal.com\/de\/2026\/01\/26\/neuer-praesident-bei-yang-ming\/","name":"Neuer Pr\u00e4sident bei Yang Ming - ITJ | International Transport Journal","isPartOf":{"@id":"https:\/\/transportjournal.com\/de\/#website"},"primaryImageOfPage":{"@id":"https:\/\/transportjournal.com\/de\/2026\/01\/26\/neuer-praesident-bei-yang-ming\/#primaryimage"},"image":{"@id":"https:\/\/transportjournal.com\/de\/2026\/01\/26\/neuer-praesident-bei-yang-ming\/#primaryimage"},"thumbnailUrl":"https:\/\/transportjournal.com\/wp-content\/uploads\/sites\/2\/2026\/01\/Yang-Ming-1753241411289-aspect-ratio-1400-788-2.jpg","datePublished":"2026-01-26T09:22:58+00:00","breadcrumb":{"@id":"https:\/\/transportjournal.com\/de\/2026\/01\/26\/neuer-praesident-bei-yang-ming\/#breadcrumb"},"inLanguage":"de","potentialAction":[{"@type":"ReadAction","target":["https:\/\/transportjournal.com\/de\/2026\/01\/26\/neuer-praesident-bei-yang-ming\/"]}]},{"@type":"ImageObject","inLanguage":"de","@id":"https:\/\/transportjournal.com\/de\/2026\/01\/26\/neuer-praesident-bei-yang-ming\/#primaryimage","url":"https:\/\/transportjournal.com\/wp-content\/uploads\/sites\/2\/2026\/01\/Yang-Ming-1753241411289-aspect-ratio-1400-788-2.jpg","contentUrl":"https:\/\/transportjournal.com\/wp-content\/uploads\/sites\/2\/2026\/01\/Yang-Ming-1753241411289-aspect-ratio-1400-788-2.jpg","width":1626,"height":915},{"@type":"BreadcrumbList","@id":"https:\/\/transportjournal.com\/de\/2026\/01\/26\/neuer-praesident-bei-yang-ming\/#breadcrumb","itemListElement":[{"@type":"ListItem","position":1,"name":"Startseite","item":"https:\/\/transportjournal.com\/de\/"},{"@type":"ListItem","position":2,"name":"Neuer Pr\u00e4sident bei Yang Ming"}]},{"@type":"WebSite","@id":"https:\/\/transportjournal.com\/de\/#website","url":"https:\/\/transportjournal.com\/de\/","name":"ITJ | International Transport Journal","description":"Stay informed with the latest global news from the transport, logistics, and supply chain industries. Transport Journal delivers expert insights, analysis, and updates across shipping, aviation, intermodal, and forwarding.","publisher":{"@id":"https:\/\/transportjournal.com\/de\/#organization"},"potentialAction":[{"@type":"SearchAction","target":{"@type":"EntryPoint","urlTemplate":"https:\/\/transportjournal.com\/de\/?s={search_term_string}"},"query-input":{"@type":"PropertyValueSpecification","valueRequired":true,"valueName":"search_term_string"}}],"inLanguage":"de"},{"@type":"Organization","@id":"https:\/\/transportjournal.com\/de\/#organization","name":"Groupe Logismedia AG","alternateName":"Logismedia Group AG","url":"https:\/\/transportjournal.com\/de\/","logo":{"@type":"ImageObject","inLanguage":"de","@id":"https:\/\/transportjournal.com\/de\/#\/schema\/logo\/image\/","url":"https:\/\/transportjournal.com\/wp-content\/uploads\/sites\/2\/2025\/09\/Logo_ITJ.png","contentUrl":"https:\/\/transportjournal.com\/wp-content\/uploads\/sites\/2\/2025\/09\/Logo_ITJ.png","width":799,"height":326,"caption":"Groupe Logismedia AG"},"image":{"@id":"https:\/\/transportjournal.com\/de\/#\/schema\/logo\/image\/"},"sameAs":["https:\/\/www.linkedin.com\/company\/56456496\/admin\/dashboard\/","https:\/\/www.instagram.com\/logismediagroup\/","https:\/\/www.youtube.com\/@LogiamediaGroupAG"]},{"@type":"Person","@id":"https:\/\/transportjournal.com\/de\/#\/schema\/person\/cf538b3157f15afd7589245a4b3dbd25","name":"Andreas Haug","url":"https:\/\/transportjournal.com\/de\/author\/andreas\/"}]}},"_links":{"self":[{"href":"https:\/\/transportjournal.com\/de\/wp-json\/wp\/v2\/posts\/74302","targetHints":{"allow":["GET"]}}],"collection":[{"href":"https:\/\/transportjournal.com\/de\/wp-json\/wp\/v2\/posts"}],"about":[{"href":"https:\/\/transportjournal.com\/de\/wp-json\/wp\/v2\/types\/post"}],"author":[{"embeddable":true,"href":"https:\/\/transportjournal.com\/de\/wp-json\/wp\/v2\/users\/12"}],"replies":[{"embeddable":true,"href":"https:\/\/transportjournal.com\/de\/wp-json\/wp\/v2\/comments?post=74302"}],"version-history":[{"count":0,"href":"https:\/\/transportjournal.com\/de\/wp-json\/wp\/v2\/posts\/74302\/revisions"}],"wp:featuredmedia":[{"embeddable":true,"href":"https:\/\/transportjournal.com\/de\/wp-json\/wp\/v2\/media\/74301"}],"wp:attachment":[{"href":"https:\/\/transportjournal.com\/de\/wp-json\/wp\/v2\/media?parent=74302"}],"wp:term":[{"taxonomy":"category","embeddable":true,"href":"https:\/\/transportjournal.com\/de\/wp-json\/wp\/v2\/categories?post=74302"},{"taxonomy":"post_tag","embeddable":true,"href":"https:\/\/transportjournal.com\/de\/wp-json\/wp\/v2\/tags?post=74302"}],"curies":[{"name":"wp","href":"https:\/\/api.w.org\/{rel}","templated":true}]}}