{"id":74286,"date":"2026-01-26T09:00:43","date_gmt":"2026-01-26T09:00:43","guid":{"rendered":"https:\/\/transportjournal.com\/2026\/01\/26\/schwankungen-bei-lkw-spotpreisen\/"},"modified":"2026-01-26T09:00:43","modified_gmt":"2026-01-26T09:00:43","slug":"schwankungen-bei-lkw-spotpreisen","status":"publish","type":"post","link":"https:\/\/transportjournal.com\/de\/2026\/01\/26\/schwankungen-bei-lkw-spotpreisen\/","title":{"rendered":"Schwankungen bei Lkw-Spotpreisen"},"content":{"rendered":"<p>Die aktuellen Entwicklungen auf dem Markt f\u00fcr Lkw-Transport zeigen signifikante Schwankungen bei den Spotpreisen, laut dem neuesten Bericht von ACT Research, der die Prognosen f\u00fcr Raten und Volumen im Frachtsektor analysiert. Gem\u00e4ss diesem stiegen die Spotpreise in den letzten Wochen des vergangenen Jahres und zu Beginn dieses Jahres um zweistellige Prozents\u00e4tze im Vergleich zum Vorjahr. Diese Preiserh\u00f6hungen sind vor allem auf extreme Wetterbedingungen zur\u00fcckzuf\u00fchren, die die Kapazit\u00e4t im Lkw-Transport beeintr\u00e4chtigen, so ACT Research.<\/p>\n<h3>Marktanalyse und zuk\u00fcnftige Entwicklungen<\/h3>\n<p>Tim Denoyer, Vizepr\u00e4sident und leitender Analyst bei ACT Research, erl\u00e4utert, dass die Erh\u00f6hung der Spotpreise auch mit einem Anstieg der Bestellungen f\u00fcr Lkw der Klasse 8 im Dezember zusammenh\u00e4ngt. Dies sei in einem Umfeld, in dem sich die Bedingungen im Lkw-Transport verbesserten und eine gewisse Klarheit bez\u00fcglich der niedrigen NOx-Vorschriften der EPA f\u00fcr 2027 entstand. Denoyer erwartet, dass es im Jahr 2026 zu einer leichten Verringerung der Kapazit\u00e4t kommen wird, die sich voraussichtlich auch im Jahr 2027 fortsetzen k\u00f6nnte.<\/p>\n<p>Denoyer weist darauf hin, dass es Potenzial f\u00fcr eine breitere wirtschaftliche Expansion gibt, insbesondere wenn die bevorstehende Entscheidung des Obersten Gerichtshofs zu Z\u00f6llen zu einer Senkung der Tarife f\u00fchrt. Eine solche Entwicklung k\u00f6nne zu einer zus\u00e4tzlichen breiten Disinflation f\u00fchren, was der Federal Reserve mehr Spielraum geben w\u00fcrde, die Zinss\u00e4tze weiter zu senken. Dies k\u00f6nnte wiederum positive Auswirkungen auf fracht-sensitive Sektoren wie den Wohnungsbau und langlebige G\u00fcter haben.<\/p>\n<p><a href=\"https:\/\/www.actresearch.net\/\" target=\"_blank\" rel=\"noopener noreferrer\">www.actresearch.net<\/a><\/p>\n<p>&nbsp;<\/p>\n","protected":false},"excerpt":{"rendered":"<p>Die Spotpreise im Lkw-Transport steigen aufgrund extremer Wetterbedingungen und einer erh\u00f6hten Nachfrage nach Lkw, was die Marktbedingungen beeinflusst.<\/p>\n","protected":false},"author":10,"featured_media":74285,"comment_status":"open","ping_status":"open","sticky":false,"template":"","format":"standard","meta":{"_acf_changed":false,"footnotes":""},"categories":[1578,1568],"tags":[1921,9094,9095,5666,9096,5669,9097,9098,9099,3353,9100,9101,9102,9103,9104,9105,5136,9106,9107,9108,9109,9110,9111,9112,9113,9114,5148,5681,9115,9116,2622,9117,1800,9118,3379,5151,9119,9120,9121,9122,9123,2641,9124,9125,9126,9127,9128,3807,8592,9129,9130,9131,9132,9133,9134,9135],"class_list":["post-74286","post","type-post","status-publish","format-standard","has-post-thumbnail","hentry","category-amerikas","category-bahn-binnenschifffahrt-strasse","tag-act-research","tag-analyse-du-marche-du-fret","tag-augmentations-de-prix-camion","tag-camions-de-classe-8","tag-capacite-de-transport-routier","tag-class-8-trucks","tag-conditions-meteorologiques-extremes-logistique","tag-desinflation-du-fret","tag-deutsch-lkw-transport","tag-digitalisierung-logistik","tag-disinflation-fracht","tag-economic-expansion-logistics","tag-epa-nox-regulations","tag-expansion-economique-logistique","tag-extreme-weather-conditions-logistics","tag-extreme-wetterbedingungen-logistik","tag-fachkraeftemangel-transport","tag-federal-reserve-interest-rates","tag-frachtsektor-trends","tag-freight-disinflation","tag-freight-market-analysis","tag-freight-sector-trends","tag-industrie-du-transport-france","tag-infrastructure-transport-routier","tag-infrastruktur-lkw-transport","tag-kapazitaet-lkw-transport","tag-labor-shortage-transport","tag-lkw-klasse-8","tag-lkw-preisentwicklung-english-truck-transport","tag-logistics-digitization","tag-logistique-durable","tag-marktanalyse-fracht","tag-nachhaltige-logistik","tag-nox-vorschriften-epa","tag-numerisation-logistique","tag-penurie-de-main-doeuvre-transport","tag-preiserhoehungen-lkw","tag-price-increases-trucking","tag-prix-spot-camions","tag-reglementations-nox-epa","tag-spotpreise-lkw","tag-sustainable-logistics","tag-tariffs-supreme-court","tag-tarifs-cour-supreme","tag-taux-dinteret-reserve-federale","tag-tendances-des-prix-des-camions","tag-tendances-du-secteur-du-fret","tag-transport-industry-usa","tag-transportwirtschaft-deutschland","tag-truck-spot-prices","tag-truck-transport-capacity","tag-trucking-infrastructure","tag-trucking-price-trends-francais-transport-routier","tag-wirtschaftliche-expansion-logistik","tag-zinssaetze-federal-reserve","tag-zoelle-oberster-gerichtshof"],"acf":[],"yoast_head":"<!-- This site is optimized with the Yoast SEO plugin v27.3 - https:\/\/yoast.com\/product\/yoast-seo-wordpress\/ -->\n<title>Schwankungen bei Lkw-Spotpreisen - ITJ | International Transport Journal<\/title>\n<meta name=\"robots\" content=\"index, follow, max-snippet:-1, max-image-preview:large, max-video-preview:-1\" \/>\n<link rel=\"canonical\" href=\"https:\/\/transportjournal.com\/de\/2026\/01\/26\/schwankungen-bei-lkw-spotpreisen\/\" \/>\n<meta property=\"og:locale\" content=\"de_DE\" \/>\n<meta property=\"og:type\" content=\"article\" \/>\n<meta property=\"og:title\" content=\"Schwankungen bei Lkw-Spotpreisen - ITJ | International Transport Journal\" \/>\n<meta property=\"og:description\" content=\"Die Spotpreise im Lkw-Transport steigen aufgrund extremer Wetterbedingungen und einer erh\u00f6hten Nachfrage nach Lkw, was die Marktbedingungen beeinflusst.\" \/>\n<meta property=\"og:url\" content=\"https:\/\/transportjournal.com\/de\/2026\/01\/26\/schwankungen-bei-lkw-spotpreisen\/\" \/>\n<meta property=\"og:site_name\" content=\"ITJ | International Transport Journal\" \/>\n<meta property=\"article:published_time\" content=\"2026-01-26T09:00:43+00:00\" \/>\n<meta property=\"og:image\" content=\"https:\/\/transportjournal.com\/wp-content\/uploads\/sites\/2\/2026\/01\/Screenshot-2026-01-26-100845-aspect-ratio-1400-788.jpg\" \/>\n\t<meta property=\"og:image:width\" content=\"722\" \/>\n\t<meta property=\"og:image:height\" content=\"406\" \/>\n\t<meta property=\"og:image:type\" content=\"image\/jpeg\" \/>\n<meta name=\"author\" content=\"Jeremy Soland\" \/>\n<meta name=\"twitter:card\" content=\"summary_large_image\" \/>\n<meta name=\"twitter:label1\" content=\"Verfasst von\" \/>\n\t<meta name=\"twitter:data1\" content=\"Jeremy Soland\" \/>\n\t<meta name=\"twitter:label2\" content=\"Gesch\u00e4tzte Lesezeit\" \/>\n\t<meta name=\"twitter:data2\" content=\"1\u00a0Minute\" \/>\n<script type=\"application\/ld+json\" class=\"yoast-schema-graph\">{\"@context\":\"https:\\\/\\\/schema.org\",\"@graph\":[{\"@type\":\"Article\",\"@id\":\"https:\\\/\\\/transportjournal.com\\\/de\\\/2026\\\/01\\\/26\\\/schwankungen-bei-lkw-spotpreisen\\\/#article\",\"isPartOf\":{\"@id\":\"https:\\\/\\\/transportjournal.com\\\/de\\\/2026\\\/01\\\/26\\\/schwankungen-bei-lkw-spotpreisen\\\/\"},\"author\":{\"name\":\"Jeremy Soland\",\"@id\":\"https:\\\/\\\/transportjournal.com\\\/de\\\/#\\\/schema\\\/person\\\/41d36b5474b623392fa613e97e2363fa\"},\"headline\":\"Schwankungen bei Lkw-Spotpreisen\",\"datePublished\":\"2026-01-26T09:00:43+00:00\",\"mainEntityOfPage\":{\"@id\":\"https:\\\/\\\/transportjournal.com\\\/de\\\/2026\\\/01\\\/26\\\/schwankungen-bei-lkw-spotpreisen\\\/\"},\"wordCount\":255,\"commentCount\":0,\"publisher\":{\"@id\":\"https:\\\/\\\/transportjournal.com\\\/de\\\/#organization\"},\"image\":{\"@id\":\"https:\\\/\\\/transportjournal.com\\\/de\\\/2026\\\/01\\\/26\\\/schwankungen-bei-lkw-spotpreisen\\\/#primaryimage\"},\"thumbnailUrl\":\"https:\\\/\\\/transportjournal.com\\\/wp-content\\\/uploads\\\/sites\\\/2\\\/2026\\\/01\\\/Screenshot-2026-01-26-100845-aspect-ratio-1400-788.jpg\",\"keywords\":[\"ACT Research\",\"analyse du march\u00e9 du fret\",\"augmentations de prix camion\",\"camions de classe 8\",\"capacit\u00e9 de transport routier\",\"Class 8 trucks\",\"conditions m\u00e9t\u00e9orologiques extr\u00eames logistique\",\"d\u00e9sinflation du fret\",\"Deutsch Lkw-Transport\",\"Digitalisierung Logistik\",\"Disinflation Fracht\",\"economic expansion logistics\",\"EPA NOx regulations\",\"expansion \u00e9conomique logistique\",\"extreme weather conditions logistics\",\"extreme Wetterbedingungen Logistik\",\"Fachkr\u00e4ftemangel Transport\",\"Federal Reserve interest rates\",\"Frachtsektor Trends\",\"freight disinflation\",\"freight market analysis\",\"freight sector trends\",\"industrie du transport France\",\"infrastructure transport routier\",\"Infrastruktur Lkw-Transport\",\"Kapazit\u00e4t Lkw-Transport\",\"labor shortage transport\",\"Lkw-Klasse 8\",\"Lkw-Preisentwicklung English truck transport\",\"logistics digitization\",\"logistique durable\",\"Marktanalyse Fracht\",\"nachhaltige Logistik\",\"NOx-Vorschriften EPA\",\"num\u00e9risation logistique\",\"p\u00e9nurie de main-d'\u0153uvre transport\",\"Preiserh\u00f6hungen Lkw\",\"price increases trucking\",\"prix spot camions\",\"r\u00e9glementations NOx EPA\",\"Spotpreise Lkw\",\"sustainable logistics\",\"tariffs Supreme Court\",\"tarifs Cour supr\u00eame\",\"taux d'int\u00e9r\u00eat R\u00e9serve f\u00e9d\u00e9rale\",\"tendances des prix des camions\",\"tendances du secteur du fret\",\"transport industry USA\",\"Transportwirtschaft Deutschland\",\"truck spot prices\",\"truck transport capacity\",\"trucking infrastructure\",\"trucking price trends Fran\u00e7ais transport routier\",\"wirtschaftliche Expansion Logistik\",\"Zinss\u00e4tze Federal Reserve\",\"Z\u00f6lle Oberster Gerichtshof\"],\"articleSection\":[\"Amerikas\",\"Intermodal \\\/ Stra\u00dfe\"],\"inLanguage\":\"de\",\"potentialAction\":[{\"@type\":\"CommentAction\",\"name\":\"Comment\",\"target\":[\"https:\\\/\\\/transportjournal.com\\\/de\\\/2026\\\/01\\\/26\\\/schwankungen-bei-lkw-spotpreisen\\\/#respond\"]}]},{\"@type\":\"WebPage\",\"@id\":\"https:\\\/\\\/transportjournal.com\\\/de\\\/2026\\\/01\\\/26\\\/schwankungen-bei-lkw-spotpreisen\\\/\",\"url\":\"https:\\\/\\\/transportjournal.com\\\/de\\\/2026\\\/01\\\/26\\\/schwankungen-bei-lkw-spotpreisen\\\/\",\"name\":\"Schwankungen bei Lkw-Spotpreisen - ITJ | International Transport Journal\",\"isPartOf\":{\"@id\":\"https:\\\/\\\/transportjournal.com\\\/de\\\/#website\"},\"primaryImageOfPage\":{\"@id\":\"https:\\\/\\\/transportjournal.com\\\/de\\\/2026\\\/01\\\/26\\\/schwankungen-bei-lkw-spotpreisen\\\/#primaryimage\"},\"image\":{\"@id\":\"https:\\\/\\\/transportjournal.com\\\/de\\\/2026\\\/01\\\/26\\\/schwankungen-bei-lkw-spotpreisen\\\/#primaryimage\"},\"thumbnailUrl\":\"https:\\\/\\\/transportjournal.com\\\/wp-content\\\/uploads\\\/sites\\\/2\\\/2026\\\/01\\\/Screenshot-2026-01-26-100845-aspect-ratio-1400-788.jpg\",\"datePublished\":\"2026-01-26T09:00:43+00:00\",\"breadcrumb\":{\"@id\":\"https:\\\/\\\/transportjournal.com\\\/de\\\/2026\\\/01\\\/26\\\/schwankungen-bei-lkw-spotpreisen\\\/#breadcrumb\"},\"inLanguage\":\"de\",\"potentialAction\":[{\"@type\":\"ReadAction\",\"target\":[\"https:\\\/\\\/transportjournal.com\\\/de\\\/2026\\\/01\\\/26\\\/schwankungen-bei-lkw-spotpreisen\\\/\"]}]},{\"@type\":\"ImageObject\",\"inLanguage\":\"de\",\"@id\":\"https:\\\/\\\/transportjournal.com\\\/de\\\/2026\\\/01\\\/26\\\/schwankungen-bei-lkw-spotpreisen\\\/#primaryimage\",\"url\":\"https:\\\/\\\/transportjournal.com\\\/wp-content\\\/uploads\\\/sites\\\/2\\\/2026\\\/01\\\/Screenshot-2026-01-26-100845-aspect-ratio-1400-788.jpg\",\"contentUrl\":\"https:\\\/\\\/transportjournal.com\\\/wp-content\\\/uploads\\\/sites\\\/2\\\/2026\\\/01\\\/Screenshot-2026-01-26-100845-aspect-ratio-1400-788.jpg\",\"width\":722,\"height\":406},{\"@type\":\"BreadcrumbList\",\"@id\":\"https:\\\/\\\/transportjournal.com\\\/de\\\/2026\\\/01\\\/26\\\/schwankungen-bei-lkw-spotpreisen\\\/#breadcrumb\",\"itemListElement\":[{\"@type\":\"ListItem\",\"position\":1,\"name\":\"Startseite\",\"item\":\"https:\\\/\\\/transportjournal.com\\\/de\\\/\"},{\"@type\":\"ListItem\",\"position\":2,\"name\":\"Schwankungen bei Lkw-Spotpreisen\"}]},{\"@type\":\"WebSite\",\"@id\":\"https:\\\/\\\/transportjournal.com\\\/de\\\/#website\",\"url\":\"https:\\\/\\\/transportjournal.com\\\/de\\\/\",\"name\":\"ITJ | International Transport Journal\",\"description\":\"Stay informed with the latest global news from the transport, logistics, and supply chain industries. Transport Journal delivers expert insights, analysis, and updates across shipping, aviation, intermodal, and forwarding.\",\"publisher\":{\"@id\":\"https:\\\/\\\/transportjournal.com\\\/de\\\/#organization\"},\"potentialAction\":[{\"@type\":\"SearchAction\",\"target\":{\"@type\":\"EntryPoint\",\"urlTemplate\":\"https:\\\/\\\/transportjournal.com\\\/de\\\/?s={search_term_string}\"},\"query-input\":{\"@type\":\"PropertyValueSpecification\",\"valueRequired\":true,\"valueName\":\"search_term_string\"}}],\"inLanguage\":\"de\"},{\"@type\":\"Organization\",\"@id\":\"https:\\\/\\\/transportjournal.com\\\/de\\\/#organization\",\"name\":\"Groupe Logismedia AG\",\"alternateName\":\"Logismedia Group AG\",\"url\":\"https:\\\/\\\/transportjournal.com\\\/de\\\/\",\"logo\":{\"@type\":\"ImageObject\",\"inLanguage\":\"de\",\"@id\":\"https:\\\/\\\/transportjournal.com\\\/de\\\/#\\\/schema\\\/logo\\\/image\\\/\",\"url\":\"https:\\\/\\\/transportjournal.com\\\/wp-content\\\/uploads\\\/sites\\\/2\\\/2025\\\/09\\\/Logo_ITJ.png\",\"contentUrl\":\"https:\\\/\\\/transportjournal.com\\\/wp-content\\\/uploads\\\/sites\\\/2\\\/2025\\\/09\\\/Logo_ITJ.png\",\"width\":799,\"height\":326,\"caption\":\"Groupe Logismedia AG\"},\"image\":{\"@id\":\"https:\\\/\\\/transportjournal.com\\\/de\\\/#\\\/schema\\\/logo\\\/image\\\/\"},\"sameAs\":[\"https:\\\/\\\/www.linkedin.com\\\/company\\\/56456496\\\/admin\\\/dashboard\\\/\",\"https:\\\/\\\/www.instagram.com\\\/logismediagroup\\\/\",\"https:\\\/\\\/www.youtube.com\\\/@LogiamediaGroupAG\"]},{\"@type\":\"Person\",\"@id\":\"https:\\\/\\\/transportjournal.com\\\/de\\\/#\\\/schema\\\/person\\\/41d36b5474b623392fa613e97e2363fa\",\"name\":\"Jeremy Soland\",\"url\":\"https:\\\/\\\/transportjournal.com\\\/de\\\/author\\\/jeremy\\\/\"}]}<\/script>\n<!-- \/ Yoast SEO plugin. -->","yoast_head_json":{"title":"Schwankungen bei Lkw-Spotpreisen - ITJ | International Transport Journal","robots":{"index":"index","follow":"follow","max-snippet":"max-snippet:-1","max-image-preview":"max-image-preview:large","max-video-preview":"max-video-preview:-1"},"canonical":"https:\/\/transportjournal.com\/de\/2026\/01\/26\/schwankungen-bei-lkw-spotpreisen\/","og_locale":"de_DE","og_type":"article","og_title":"Schwankungen bei Lkw-Spotpreisen - ITJ | International Transport Journal","og_description":"Die Spotpreise im Lkw-Transport steigen aufgrund extremer Wetterbedingungen und einer erh\u00f6hten Nachfrage nach Lkw, was die Marktbedingungen beeinflusst.","og_url":"https:\/\/transportjournal.com\/de\/2026\/01\/26\/schwankungen-bei-lkw-spotpreisen\/","og_site_name":"ITJ | International Transport Journal","article_published_time":"2026-01-26T09:00:43+00:00","og_image":[{"width":722,"height":406,"url":"https:\/\/transportjournal.com\/wp-content\/uploads\/sites\/2\/2026\/01\/Screenshot-2026-01-26-100845-aspect-ratio-1400-788.jpg","type":"image\/jpeg"}],"author":"Jeremy Soland","twitter_card":"summary_large_image","twitter_misc":{"Verfasst von":"Jeremy Soland","Gesch\u00e4tzte Lesezeit":"1\u00a0Minute"},"schema":{"@context":"https:\/\/schema.org","@graph":[{"@type":"Article","@id":"https:\/\/transportjournal.com\/de\/2026\/01\/26\/schwankungen-bei-lkw-spotpreisen\/#article","isPartOf":{"@id":"https:\/\/transportjournal.com\/de\/2026\/01\/26\/schwankungen-bei-lkw-spotpreisen\/"},"author":{"name":"Jeremy Soland","@id":"https:\/\/transportjournal.com\/de\/#\/schema\/person\/41d36b5474b623392fa613e97e2363fa"},"headline":"Schwankungen bei Lkw-Spotpreisen","datePublished":"2026-01-26T09:00:43+00:00","mainEntityOfPage":{"@id":"https:\/\/transportjournal.com\/de\/2026\/01\/26\/schwankungen-bei-lkw-spotpreisen\/"},"wordCount":255,"commentCount":0,"publisher":{"@id":"https:\/\/transportjournal.com\/de\/#organization"},"image":{"@id":"https:\/\/transportjournal.com\/de\/2026\/01\/26\/schwankungen-bei-lkw-spotpreisen\/#primaryimage"},"thumbnailUrl":"https:\/\/transportjournal.com\/wp-content\/uploads\/sites\/2\/2026\/01\/Screenshot-2026-01-26-100845-aspect-ratio-1400-788.jpg","keywords":["ACT Research","analyse du march\u00e9 du fret","augmentations de prix camion","camions de classe 8","capacit\u00e9 de transport routier","Class 8 trucks","conditions m\u00e9t\u00e9orologiques extr\u00eames logistique","d\u00e9sinflation du fret","Deutsch Lkw-Transport","Digitalisierung Logistik","Disinflation Fracht","economic expansion logistics","EPA NOx regulations","expansion \u00e9conomique logistique","extreme weather conditions logistics","extreme Wetterbedingungen Logistik","Fachkr\u00e4ftemangel Transport","Federal Reserve interest rates","Frachtsektor Trends","freight disinflation","freight market analysis","freight sector trends","industrie du transport France","infrastructure transport routier","Infrastruktur Lkw-Transport","Kapazit\u00e4t Lkw-Transport","labor shortage transport","Lkw-Klasse 8","Lkw-Preisentwicklung English truck transport","logistics digitization","logistique durable","Marktanalyse Fracht","nachhaltige Logistik","NOx-Vorschriften EPA","num\u00e9risation logistique","p\u00e9nurie de main-d'\u0153uvre transport","Preiserh\u00f6hungen Lkw","price increases trucking","prix spot camions","r\u00e9glementations NOx EPA","Spotpreise Lkw","sustainable logistics","tariffs Supreme Court","tarifs Cour supr\u00eame","taux d'int\u00e9r\u00eat R\u00e9serve f\u00e9d\u00e9rale","tendances des prix des camions","tendances du secteur du fret","transport industry USA","Transportwirtschaft Deutschland","truck spot prices","truck transport capacity","trucking infrastructure","trucking price trends Fran\u00e7ais transport routier","wirtschaftliche Expansion Logistik","Zinss\u00e4tze Federal Reserve","Z\u00f6lle Oberster Gerichtshof"],"articleSection":["Amerikas","Intermodal \/ Stra\u00dfe"],"inLanguage":"de","potentialAction":[{"@type":"CommentAction","name":"Comment","target":["https:\/\/transportjournal.com\/de\/2026\/01\/26\/schwankungen-bei-lkw-spotpreisen\/#respond"]}]},{"@type":"WebPage","@id":"https:\/\/transportjournal.com\/de\/2026\/01\/26\/schwankungen-bei-lkw-spotpreisen\/","url":"https:\/\/transportjournal.com\/de\/2026\/01\/26\/schwankungen-bei-lkw-spotpreisen\/","name":"Schwankungen bei Lkw-Spotpreisen - ITJ | International Transport Journal","isPartOf":{"@id":"https:\/\/transportjournal.com\/de\/#website"},"primaryImageOfPage":{"@id":"https:\/\/transportjournal.com\/de\/2026\/01\/26\/schwankungen-bei-lkw-spotpreisen\/#primaryimage"},"image":{"@id":"https:\/\/transportjournal.com\/de\/2026\/01\/26\/schwankungen-bei-lkw-spotpreisen\/#primaryimage"},"thumbnailUrl":"https:\/\/transportjournal.com\/wp-content\/uploads\/sites\/2\/2026\/01\/Screenshot-2026-01-26-100845-aspect-ratio-1400-788.jpg","datePublished":"2026-01-26T09:00:43+00:00","breadcrumb":{"@id":"https:\/\/transportjournal.com\/de\/2026\/01\/26\/schwankungen-bei-lkw-spotpreisen\/#breadcrumb"},"inLanguage":"de","potentialAction":[{"@type":"ReadAction","target":["https:\/\/transportjournal.com\/de\/2026\/01\/26\/schwankungen-bei-lkw-spotpreisen\/"]}]},{"@type":"ImageObject","inLanguage":"de","@id":"https:\/\/transportjournal.com\/de\/2026\/01\/26\/schwankungen-bei-lkw-spotpreisen\/#primaryimage","url":"https:\/\/transportjournal.com\/wp-content\/uploads\/sites\/2\/2026\/01\/Screenshot-2026-01-26-100845-aspect-ratio-1400-788.jpg","contentUrl":"https:\/\/transportjournal.com\/wp-content\/uploads\/sites\/2\/2026\/01\/Screenshot-2026-01-26-100845-aspect-ratio-1400-788.jpg","width":722,"height":406},{"@type":"BreadcrumbList","@id":"https:\/\/transportjournal.com\/de\/2026\/01\/26\/schwankungen-bei-lkw-spotpreisen\/#breadcrumb","itemListElement":[{"@type":"ListItem","position":1,"name":"Startseite","item":"https:\/\/transportjournal.com\/de\/"},{"@type":"ListItem","position":2,"name":"Schwankungen bei Lkw-Spotpreisen"}]},{"@type":"WebSite","@id":"https:\/\/transportjournal.com\/de\/#website","url":"https:\/\/transportjournal.com\/de\/","name":"ITJ | International Transport Journal","description":"Stay informed with the latest global news from the transport, logistics, and supply chain industries. Transport Journal delivers expert insights, analysis, and updates across shipping, aviation, intermodal, and forwarding.","publisher":{"@id":"https:\/\/transportjournal.com\/de\/#organization"},"potentialAction":[{"@type":"SearchAction","target":{"@type":"EntryPoint","urlTemplate":"https:\/\/transportjournal.com\/de\/?s={search_term_string}"},"query-input":{"@type":"PropertyValueSpecification","valueRequired":true,"valueName":"search_term_string"}}],"inLanguage":"de"},{"@type":"Organization","@id":"https:\/\/transportjournal.com\/de\/#organization","name":"Groupe Logismedia AG","alternateName":"Logismedia Group AG","url":"https:\/\/transportjournal.com\/de\/","logo":{"@type":"ImageObject","inLanguage":"de","@id":"https:\/\/transportjournal.com\/de\/#\/schema\/logo\/image\/","url":"https:\/\/transportjournal.com\/wp-content\/uploads\/sites\/2\/2025\/09\/Logo_ITJ.png","contentUrl":"https:\/\/transportjournal.com\/wp-content\/uploads\/sites\/2\/2025\/09\/Logo_ITJ.png","width":799,"height":326,"caption":"Groupe Logismedia AG"},"image":{"@id":"https:\/\/transportjournal.com\/de\/#\/schema\/logo\/image\/"},"sameAs":["https:\/\/www.linkedin.com\/company\/56456496\/admin\/dashboard\/","https:\/\/www.instagram.com\/logismediagroup\/","https:\/\/www.youtube.com\/@LogiamediaGroupAG"]},{"@type":"Person","@id":"https:\/\/transportjournal.com\/de\/#\/schema\/person\/41d36b5474b623392fa613e97e2363fa","name":"Jeremy Soland","url":"https:\/\/transportjournal.com\/de\/author\/jeremy\/"}]}},"_links":{"self":[{"href":"https:\/\/transportjournal.com\/de\/wp-json\/wp\/v2\/posts\/74286","targetHints":{"allow":["GET"]}}],"collection":[{"href":"https:\/\/transportjournal.com\/de\/wp-json\/wp\/v2\/posts"}],"about":[{"href":"https:\/\/transportjournal.com\/de\/wp-json\/wp\/v2\/types\/post"}],"author":[{"embeddable":true,"href":"https:\/\/transportjournal.com\/de\/wp-json\/wp\/v2\/users\/10"}],"replies":[{"embeddable":true,"href":"https:\/\/transportjournal.com\/de\/wp-json\/wp\/v2\/comments?post=74286"}],"version-history":[{"count":0,"href":"https:\/\/transportjournal.com\/de\/wp-json\/wp\/v2\/posts\/74286\/revisions"}],"wp:featuredmedia":[{"embeddable":true,"href":"https:\/\/transportjournal.com\/de\/wp-json\/wp\/v2\/media\/74285"}],"wp:attachment":[{"href":"https:\/\/transportjournal.com\/de\/wp-json\/wp\/v2\/media?parent=74286"}],"wp:term":[{"taxonomy":"category","embeddable":true,"href":"https:\/\/transportjournal.com\/de\/wp-json\/wp\/v2\/categories?post=74286"},{"taxonomy":"post_tag","embeddable":true,"href":"https:\/\/transportjournal.com\/de\/wp-json\/wp\/v2\/tags?post=74286"}],"curies":[{"name":"wp","href":"https:\/\/api.w.org\/{rel}","templated":true}]}}