{"id":74271,"date":"2026-01-23T16:19:16","date_gmt":"2026-01-23T16:19:16","guid":{"rendered":"https:\/\/transportjournal.com\/2026\/01\/23\/lkw-verbaende-fordern-verbesserung-am-brenner\/"},"modified":"2026-01-26T21:22:56","modified_gmt":"2026-01-26T20:22:56","slug":"lkw-verbaende-fordern-verbesserung-am-brenner","status":"publish","type":"post","link":"https:\/\/transportjournal.com\/de\/2026\/01\/23\/lkw-verbaende-fordern-verbesserung-am-brenner\/","title":{"rendered":"Lkw-Verb\u00e4nde fordern Verbesserung am Brenner"},"content":{"rendered":"<p>Die im Arbeitskreis Alpentransit organisierten Transport- und Logistikverb\u00e4nde haben die Europ\u00e4ische Kommission aufgefordert, umgehend Verhandlungen mit \u00d6sterreich und den angrenzenden Staaten aufzunehmen, um die Verkehrssituation am Brenner kurzfristig zu verbessern. Diese Forderung wurde im Rahmen eines Austauschs mit der Generaldirektion Mobilit\u00e4t und Verkehr (DG MOVE) der Europ\u00e4ischen Kommission formuliert, an dem auch Jens Gieseke, Mitglied des Europ\u00e4ischen Parlaments, teilnahm.<\/p>\n<h3>Verkehrsprobleme am Brenner im Fokus<\/h3>\n<p>Im Mittelpunkt des Gespr\u00e4chs standen die anhaltenden Schwierigkeiten auf der Brennerroute, insbesondere die einspurige Verkehrsf\u00fchrung an der Luegbr\u00fccke. Diese Situation wird durch die Anti-Transitma\u00dfnahmen Tirols weiter versch\u00e4rft, was erhebliche Auswirkungen auf den Stra\u00dfeng\u00fcterverkehr und den europ\u00e4ischen Binnenmarkt hat. Der Arbeitskreis Alpentransit betonte die Notwendigkeit, trilaterale Verhandlungen einzuleiten, um kurzfristige L\u00f6sungen zu finden. Eine m\u00f6gliche Ma\u00dfnahme k\u00f6nnte die Flexibilisierung des Nachtfahrverbots sowie anderer Lkw-Fahrverbote f\u00fcr umweltfreundliche und leise Fahrzeuge sein, um den Verkehr zu entzerren.<\/p>\n<p>Die aktuellen Herausforderungen im Brennertransit f\u00fchren zu einem signifikanten Produktivit\u00e4tsverlust f\u00fcr die betroffenen Transportunternehmen, der im Durchschnitt bei 30% liegt. An Tagen mit Blockabfertigung kann dieser Verlust sogar \u00fcber 50% betragen. Angesichts dieser massiven Probleme und der ungewissen Dauer des laufenden Verfahrens vor dem Europ\u00e4ischen Gerichtshof (EuGH) bez\u00fcglich der Klage Italiens gegen die Ma\u00dfnahmen Tirols, fordert der Arbeitskreis Alpentransit eine z\u00fcgige Verbesserung der Verkehrssituation durch Verhandlungen.<\/p>\n<p>Die DG MOVE und Jens Gieseke haben dem Arbeitskreis Alpentransit ihre Unterst\u00fctzung zugesichert, um die Transitprobleme in Tirol anzugehen. Der Arbeitskreis umfasst neben dem Bundesverband G\u00fcterkraftverkehr und Logistik (BGL) auch die Stra\u00dfentransportverb\u00e4nde AIS\u00d6 (\u00d6sterreich), FNTR (Frankreich), ITD (D\u00e4nemark), NLA (D\u00e4nemark, Schweden, Norwegen), TLN (Niederlande) sowie den Weltverband IRU.<\/p>\n<p><a href=\"https:\/\/www.bgl-ev.de\/\" target=\"_blank\" rel=\"noopener noreferrer\">www.bgl-ev.de\/<\/a><\/p>\n","protected":false},"excerpt":{"rendered":"<p>Der Arbeitskreis Alpentransit fordert die Europ\u00e4ische Kommission auf, Verhandlungen mit \u00d6sterreich und Nachbarl\u00e4ndern zu beginnen, um die Verkehrssituation am Brenner zu verbessern.<\/p>\n","protected":false},"author":7,"featured_media":74270,"comment_status":"open","ping_status":"open","sticky":false,"template":"","format":"standard","meta":{"_acf_changed":false,"footnotes":""},"categories":[9092,1575,1568,9093],"tags":[],"class_list":["post-74271","post","type-post","status-publish","format-standard","has-post-thumbnail","hentry","category-deutschland","category-europa","category-bahn-binnenschifffahrt-strasse","category-oesterreich"],"acf":[],"yoast_head":"<!-- This site is optimized with the Yoast SEO plugin v27.3 - https:\/\/yoast.com\/product\/yoast-seo-wordpress\/ -->\n<title>Lkw-Verb\u00e4nde fordern Verbesserung am Brenner - ITJ | International Transport Journal<\/title>\n<meta name=\"robots\" content=\"index, follow, max-snippet:-1, max-image-preview:large, max-video-preview:-1\" \/>\n<link rel=\"canonical\" href=\"https:\/\/transportjournal.com\/de\/2026\/01\/23\/lkw-verbaende-fordern-verbesserung-am-brenner\/\" \/>\n<meta property=\"og:locale\" content=\"de_DE\" \/>\n<meta property=\"og:type\" content=\"article\" \/>\n<meta property=\"og:title\" content=\"Lkw-Verb\u00e4nde fordern Verbesserung am Brenner - ITJ | International Transport Journal\" \/>\n<meta property=\"og:description\" content=\"Der Arbeitskreis Alpentransit fordert die Europ\u00e4ische Kommission auf, Verhandlungen mit \u00d6sterreich und Nachbarl\u00e4ndern zu beginnen, um die Verkehrssituation am Brenner zu verbessern.\" \/>\n<meta property=\"og:url\" content=\"https:\/\/transportjournal.com\/de\/2026\/01\/23\/lkw-verbaende-fordern-verbesserung-am-brenner\/\" \/>\n<meta property=\"og:site_name\" content=\"ITJ | International Transport Journal\" \/>\n<meta property=\"article:published_time\" content=\"2026-01-23T16:19:16+00:00\" \/>\n<meta property=\"article:modified_time\" content=\"2026-01-26T20:22:56+00:00\" \/>\n<meta property=\"og:image\" content=\"https:\/\/transportjournal.com\/wp-content\/uploads\/sites\/2\/2026\/01\/Brenner_Autobahn-scaled-1.jpeg\" \/>\n\t<meta property=\"og:image:width\" content=\"2560\" \/>\n\t<meta property=\"og:image:height\" content=\"1437\" \/>\n\t<meta property=\"og:image:type\" content=\"image\/jpeg\" \/>\n<meta name=\"author\" content=\"Andreas M\u00fcller\" \/>\n<meta name=\"twitter:card\" content=\"summary_large_image\" \/>\n<meta name=\"twitter:label1\" content=\"Verfasst von\" \/>\n\t<meta name=\"twitter:data1\" content=\"Andreas M\u00fcller\" \/>\n\t<meta name=\"twitter:label2\" content=\"Gesch\u00e4tzte Lesezeit\" \/>\n\t<meta name=\"twitter:data2\" content=\"1\u00a0Minute\" \/>\n<script type=\"application\/ld+json\" class=\"yoast-schema-graph\">{\"@context\":\"https:\\\/\\\/schema.org\",\"@graph\":[{\"@type\":\"Article\",\"@id\":\"https:\\\/\\\/transportjournal.com\\\/de\\\/2026\\\/01\\\/23\\\/lkw-verbaende-fordern-verbesserung-am-brenner\\\/#article\",\"isPartOf\":{\"@id\":\"https:\\\/\\\/transportjournal.com\\\/de\\\/2026\\\/01\\\/23\\\/lkw-verbaende-fordern-verbesserung-am-brenner\\\/\"},\"author\":{\"name\":\"Andreas M\u00fcller\",\"@id\":\"https:\\\/\\\/transportjournal.com\\\/de\\\/#\\\/schema\\\/person\\\/7b1593b33567ba798d300c8a1b0b85b1\"},\"headline\":\"Lkw-Verb\u00e4nde fordern Verbesserung am Brenner\",\"datePublished\":\"2026-01-23T16:19:16+00:00\",\"dateModified\":\"2026-01-26T20:22:56+00:00\",\"mainEntityOfPage\":{\"@id\":\"https:\\\/\\\/transportjournal.com\\\/de\\\/2026\\\/01\\\/23\\\/lkw-verbaende-fordern-verbesserung-am-brenner\\\/\"},\"wordCount\":290,\"commentCount\":0,\"publisher\":{\"@id\":\"https:\\\/\\\/transportjournal.com\\\/de\\\/#organization\"},\"image\":{\"@id\":\"https:\\\/\\\/transportjournal.com\\\/de\\\/2026\\\/01\\\/23\\\/lkw-verbaende-fordern-verbesserung-am-brenner\\\/#primaryimage\"},\"thumbnailUrl\":\"https:\\\/\\\/transportjournal.com\\\/wp-content\\\/uploads\\\/sites\\\/2\\\/2026\\\/01\\\/Brenner_Autobahn-scaled-1.jpeg\",\"articleSection\":[\"Deutschland\",\"Europa\",\"Intermodal \\\/ Stra\u00dfe\",\"\u00d6sterreich\"],\"inLanguage\":\"de\",\"potentialAction\":[{\"@type\":\"CommentAction\",\"name\":\"Comment\",\"target\":[\"https:\\\/\\\/transportjournal.com\\\/de\\\/2026\\\/01\\\/23\\\/lkw-verbaende-fordern-verbesserung-am-brenner\\\/#respond\"]}]},{\"@type\":\"WebPage\",\"@id\":\"https:\\\/\\\/transportjournal.com\\\/de\\\/2026\\\/01\\\/23\\\/lkw-verbaende-fordern-verbesserung-am-brenner\\\/\",\"url\":\"https:\\\/\\\/transportjournal.com\\\/de\\\/2026\\\/01\\\/23\\\/lkw-verbaende-fordern-verbesserung-am-brenner\\\/\",\"name\":\"Lkw-Verb\u00e4nde fordern Verbesserung am Brenner - ITJ | International Transport Journal\",\"isPartOf\":{\"@id\":\"https:\\\/\\\/transportjournal.com\\\/de\\\/#website\"},\"primaryImageOfPage\":{\"@id\":\"https:\\\/\\\/transportjournal.com\\\/de\\\/2026\\\/01\\\/23\\\/lkw-verbaende-fordern-verbesserung-am-brenner\\\/#primaryimage\"},\"image\":{\"@id\":\"https:\\\/\\\/transportjournal.com\\\/de\\\/2026\\\/01\\\/23\\\/lkw-verbaende-fordern-verbesserung-am-brenner\\\/#primaryimage\"},\"thumbnailUrl\":\"https:\\\/\\\/transportjournal.com\\\/wp-content\\\/uploads\\\/sites\\\/2\\\/2026\\\/01\\\/Brenner_Autobahn-scaled-1.jpeg\",\"datePublished\":\"2026-01-23T16:19:16+00:00\",\"dateModified\":\"2026-01-26T20:22:56+00:00\",\"breadcrumb\":{\"@id\":\"https:\\\/\\\/transportjournal.com\\\/de\\\/2026\\\/01\\\/23\\\/lkw-verbaende-fordern-verbesserung-am-brenner\\\/#breadcrumb\"},\"inLanguage\":\"de\",\"potentialAction\":[{\"@type\":\"ReadAction\",\"target\":[\"https:\\\/\\\/transportjournal.com\\\/de\\\/2026\\\/01\\\/23\\\/lkw-verbaende-fordern-verbesserung-am-brenner\\\/\"]}]},{\"@type\":\"ImageObject\",\"inLanguage\":\"de\",\"@id\":\"https:\\\/\\\/transportjournal.com\\\/de\\\/2026\\\/01\\\/23\\\/lkw-verbaende-fordern-verbesserung-am-brenner\\\/#primaryimage\",\"url\":\"https:\\\/\\\/transportjournal.com\\\/wp-content\\\/uploads\\\/sites\\\/2\\\/2026\\\/01\\\/Brenner_Autobahn-scaled-1.jpeg\",\"contentUrl\":\"https:\\\/\\\/transportjournal.com\\\/wp-content\\\/uploads\\\/sites\\\/2\\\/2026\\\/01\\\/Brenner_Autobahn-scaled-1.jpeg\",\"width\":2560,\"height\":1437,\"caption\":\"Transit traffic over the Brenner\"},{\"@type\":\"BreadcrumbList\",\"@id\":\"https:\\\/\\\/transportjournal.com\\\/de\\\/2026\\\/01\\\/23\\\/lkw-verbaende-fordern-verbesserung-am-brenner\\\/#breadcrumb\",\"itemListElement\":[{\"@type\":\"ListItem\",\"position\":1,\"name\":\"Startseite\",\"item\":\"https:\\\/\\\/transportjournal.com\\\/de\\\/\"},{\"@type\":\"ListItem\",\"position\":2,\"name\":\"Lkw-Verb\u00e4nde fordern Verbesserung am Brenner\"}]},{\"@type\":\"WebSite\",\"@id\":\"https:\\\/\\\/transportjournal.com\\\/de\\\/#website\",\"url\":\"https:\\\/\\\/transportjournal.com\\\/de\\\/\",\"name\":\"ITJ | International Transport Journal\",\"description\":\"Stay informed with the latest global news from the transport, logistics, and supply chain industries. Transport Journal delivers expert insights, analysis, and updates across shipping, aviation, intermodal, and forwarding.\",\"publisher\":{\"@id\":\"https:\\\/\\\/transportjournal.com\\\/de\\\/#organization\"},\"potentialAction\":[{\"@type\":\"SearchAction\",\"target\":{\"@type\":\"EntryPoint\",\"urlTemplate\":\"https:\\\/\\\/transportjournal.com\\\/de\\\/?s={search_term_string}\"},\"query-input\":{\"@type\":\"PropertyValueSpecification\",\"valueRequired\":true,\"valueName\":\"search_term_string\"}}],\"inLanguage\":\"de\"},{\"@type\":\"Organization\",\"@id\":\"https:\\\/\\\/transportjournal.com\\\/de\\\/#organization\",\"name\":\"Groupe Logismedia AG\",\"alternateName\":\"Logismedia Group AG\",\"url\":\"https:\\\/\\\/transportjournal.com\\\/de\\\/\",\"logo\":{\"@type\":\"ImageObject\",\"inLanguage\":\"de\",\"@id\":\"https:\\\/\\\/transportjournal.com\\\/de\\\/#\\\/schema\\\/logo\\\/image\\\/\",\"url\":\"https:\\\/\\\/transportjournal.com\\\/wp-content\\\/uploads\\\/sites\\\/2\\\/2025\\\/09\\\/Logo_ITJ.png\",\"contentUrl\":\"https:\\\/\\\/transportjournal.com\\\/wp-content\\\/uploads\\\/sites\\\/2\\\/2025\\\/09\\\/Logo_ITJ.png\",\"width\":799,\"height\":326,\"caption\":\"Groupe Logismedia AG\"},\"image\":{\"@id\":\"https:\\\/\\\/transportjournal.com\\\/de\\\/#\\\/schema\\\/logo\\\/image\\\/\"},\"sameAs\":[\"https:\\\/\\\/www.linkedin.com\\\/company\\\/56456496\\\/admin\\\/dashboard\\\/\",\"https:\\\/\\\/www.instagram.com\\\/logismediagroup\\\/\",\"https:\\\/\\\/www.youtube.com\\\/@LogiamediaGroupAG\"]},{\"@type\":\"Person\",\"@id\":\"https:\\\/\\\/transportjournal.com\\\/de\\\/#\\\/schema\\\/person\\\/7b1593b33567ba798d300c8a1b0b85b1\",\"name\":\"Andreas M\u00fcller\",\"url\":\"https:\\\/\\\/transportjournal.com\\\/de\\\/author\\\/logismedia\\\/\"}]}<\/script>\n<!-- \/ Yoast SEO plugin. -->","yoast_head_json":{"title":"Lkw-Verb\u00e4nde fordern Verbesserung am Brenner - ITJ | International Transport Journal","robots":{"index":"index","follow":"follow","max-snippet":"max-snippet:-1","max-image-preview":"max-image-preview:large","max-video-preview":"max-video-preview:-1"},"canonical":"https:\/\/transportjournal.com\/de\/2026\/01\/23\/lkw-verbaende-fordern-verbesserung-am-brenner\/","og_locale":"de_DE","og_type":"article","og_title":"Lkw-Verb\u00e4nde fordern Verbesserung am Brenner - ITJ | International Transport Journal","og_description":"Der Arbeitskreis Alpentransit fordert die Europ\u00e4ische Kommission auf, Verhandlungen mit \u00d6sterreich und Nachbarl\u00e4ndern zu beginnen, um die Verkehrssituation am Brenner zu verbessern.","og_url":"https:\/\/transportjournal.com\/de\/2026\/01\/23\/lkw-verbaende-fordern-verbesserung-am-brenner\/","og_site_name":"ITJ | International Transport Journal","article_published_time":"2026-01-23T16:19:16+00:00","article_modified_time":"2026-01-26T20:22:56+00:00","og_image":[{"width":2560,"height":1437,"url":"https:\/\/transportjournal.com\/wp-content\/uploads\/sites\/2\/2026\/01\/Brenner_Autobahn-scaled-1.jpeg","type":"image\/jpeg"}],"author":"Andreas M\u00fcller","twitter_card":"summary_large_image","twitter_misc":{"Verfasst von":"Andreas M\u00fcller","Gesch\u00e4tzte Lesezeit":"1\u00a0Minute"},"schema":{"@context":"https:\/\/schema.org","@graph":[{"@type":"Article","@id":"https:\/\/transportjournal.com\/de\/2026\/01\/23\/lkw-verbaende-fordern-verbesserung-am-brenner\/#article","isPartOf":{"@id":"https:\/\/transportjournal.com\/de\/2026\/01\/23\/lkw-verbaende-fordern-verbesserung-am-brenner\/"},"author":{"name":"Andreas M\u00fcller","@id":"https:\/\/transportjournal.com\/de\/#\/schema\/person\/7b1593b33567ba798d300c8a1b0b85b1"},"headline":"Lkw-Verb\u00e4nde fordern Verbesserung am Brenner","datePublished":"2026-01-23T16:19:16+00:00","dateModified":"2026-01-26T20:22:56+00:00","mainEntityOfPage":{"@id":"https:\/\/transportjournal.com\/de\/2026\/01\/23\/lkw-verbaende-fordern-verbesserung-am-brenner\/"},"wordCount":290,"commentCount":0,"publisher":{"@id":"https:\/\/transportjournal.com\/de\/#organization"},"image":{"@id":"https:\/\/transportjournal.com\/de\/2026\/01\/23\/lkw-verbaende-fordern-verbesserung-am-brenner\/#primaryimage"},"thumbnailUrl":"https:\/\/transportjournal.com\/wp-content\/uploads\/sites\/2\/2026\/01\/Brenner_Autobahn-scaled-1.jpeg","articleSection":["Deutschland","Europa","Intermodal \/ Stra\u00dfe","\u00d6sterreich"],"inLanguage":"de","potentialAction":[{"@type":"CommentAction","name":"Comment","target":["https:\/\/transportjournal.com\/de\/2026\/01\/23\/lkw-verbaende-fordern-verbesserung-am-brenner\/#respond"]}]},{"@type":"WebPage","@id":"https:\/\/transportjournal.com\/de\/2026\/01\/23\/lkw-verbaende-fordern-verbesserung-am-brenner\/","url":"https:\/\/transportjournal.com\/de\/2026\/01\/23\/lkw-verbaende-fordern-verbesserung-am-brenner\/","name":"Lkw-Verb\u00e4nde fordern Verbesserung am Brenner - ITJ | International Transport Journal","isPartOf":{"@id":"https:\/\/transportjournal.com\/de\/#website"},"primaryImageOfPage":{"@id":"https:\/\/transportjournal.com\/de\/2026\/01\/23\/lkw-verbaende-fordern-verbesserung-am-brenner\/#primaryimage"},"image":{"@id":"https:\/\/transportjournal.com\/de\/2026\/01\/23\/lkw-verbaende-fordern-verbesserung-am-brenner\/#primaryimage"},"thumbnailUrl":"https:\/\/transportjournal.com\/wp-content\/uploads\/sites\/2\/2026\/01\/Brenner_Autobahn-scaled-1.jpeg","datePublished":"2026-01-23T16:19:16+00:00","dateModified":"2026-01-26T20:22:56+00:00","breadcrumb":{"@id":"https:\/\/transportjournal.com\/de\/2026\/01\/23\/lkw-verbaende-fordern-verbesserung-am-brenner\/#breadcrumb"},"inLanguage":"de","potentialAction":[{"@type":"ReadAction","target":["https:\/\/transportjournal.com\/de\/2026\/01\/23\/lkw-verbaende-fordern-verbesserung-am-brenner\/"]}]},{"@type":"ImageObject","inLanguage":"de","@id":"https:\/\/transportjournal.com\/de\/2026\/01\/23\/lkw-verbaende-fordern-verbesserung-am-brenner\/#primaryimage","url":"https:\/\/transportjournal.com\/wp-content\/uploads\/sites\/2\/2026\/01\/Brenner_Autobahn-scaled-1.jpeg","contentUrl":"https:\/\/transportjournal.com\/wp-content\/uploads\/sites\/2\/2026\/01\/Brenner_Autobahn-scaled-1.jpeg","width":2560,"height":1437,"caption":"Transit traffic over the Brenner"},{"@type":"BreadcrumbList","@id":"https:\/\/transportjournal.com\/de\/2026\/01\/23\/lkw-verbaende-fordern-verbesserung-am-brenner\/#breadcrumb","itemListElement":[{"@type":"ListItem","position":1,"name":"Startseite","item":"https:\/\/transportjournal.com\/de\/"},{"@type":"ListItem","position":2,"name":"Lkw-Verb\u00e4nde fordern Verbesserung am Brenner"}]},{"@type":"WebSite","@id":"https:\/\/transportjournal.com\/de\/#website","url":"https:\/\/transportjournal.com\/de\/","name":"ITJ | International Transport Journal","description":"Stay informed with the latest global news from the transport, logistics, and supply chain industries. Transport Journal delivers expert insights, analysis, and updates across shipping, aviation, intermodal, and forwarding.","publisher":{"@id":"https:\/\/transportjournal.com\/de\/#organization"},"potentialAction":[{"@type":"SearchAction","target":{"@type":"EntryPoint","urlTemplate":"https:\/\/transportjournal.com\/de\/?s={search_term_string}"},"query-input":{"@type":"PropertyValueSpecification","valueRequired":true,"valueName":"search_term_string"}}],"inLanguage":"de"},{"@type":"Organization","@id":"https:\/\/transportjournal.com\/de\/#organization","name":"Groupe Logismedia AG","alternateName":"Logismedia Group AG","url":"https:\/\/transportjournal.com\/de\/","logo":{"@type":"ImageObject","inLanguage":"de","@id":"https:\/\/transportjournal.com\/de\/#\/schema\/logo\/image\/","url":"https:\/\/transportjournal.com\/wp-content\/uploads\/sites\/2\/2025\/09\/Logo_ITJ.png","contentUrl":"https:\/\/transportjournal.com\/wp-content\/uploads\/sites\/2\/2025\/09\/Logo_ITJ.png","width":799,"height":326,"caption":"Groupe Logismedia AG"},"image":{"@id":"https:\/\/transportjournal.com\/de\/#\/schema\/logo\/image\/"},"sameAs":["https:\/\/www.linkedin.com\/company\/56456496\/admin\/dashboard\/","https:\/\/www.instagram.com\/logismediagroup\/","https:\/\/www.youtube.com\/@LogiamediaGroupAG"]},{"@type":"Person","@id":"https:\/\/transportjournal.com\/de\/#\/schema\/person\/7b1593b33567ba798d300c8a1b0b85b1","name":"Andreas M\u00fcller","url":"https:\/\/transportjournal.com\/de\/author\/logismedia\/"}]}},"_links":{"self":[{"href":"https:\/\/transportjournal.com\/de\/wp-json\/wp\/v2\/posts\/74271","targetHints":{"allow":["GET"]}}],"collection":[{"href":"https:\/\/transportjournal.com\/de\/wp-json\/wp\/v2\/posts"}],"about":[{"href":"https:\/\/transportjournal.com\/de\/wp-json\/wp\/v2\/types\/post"}],"author":[{"embeddable":true,"href":"https:\/\/transportjournal.com\/de\/wp-json\/wp\/v2\/users\/7"}],"replies":[{"embeddable":true,"href":"https:\/\/transportjournal.com\/de\/wp-json\/wp\/v2\/comments?post=74271"}],"version-history":[{"count":1,"href":"https:\/\/transportjournal.com\/de\/wp-json\/wp\/v2\/posts\/74271\/revisions"}],"predecessor-version":[{"id":74448,"href":"https:\/\/transportjournal.com\/de\/wp-json\/wp\/v2\/posts\/74271\/revisions\/74448"}],"wp:featuredmedia":[{"embeddable":true,"href":"https:\/\/transportjournal.com\/de\/wp-json\/wp\/v2\/media\/74270"}],"wp:attachment":[{"href":"https:\/\/transportjournal.com\/de\/wp-json\/wp\/v2\/media?parent=74271"}],"wp:term":[{"taxonomy":"category","embeddable":true,"href":"https:\/\/transportjournal.com\/de\/wp-json\/wp\/v2\/categories?post=74271"},{"taxonomy":"post_tag","embeddable":true,"href":"https:\/\/transportjournal.com\/de\/wp-json\/wp\/v2\/tags?post=74271"}],"curies":[{"name":"wp","href":"https:\/\/api.w.org\/{rel}","templated":true}]}}