{"id":74256,"date":"2026-01-23T15:54:08","date_gmt":"2026-01-23T15:54:08","guid":{"rendered":"https:\/\/transportjournal.com\/2026\/01\/23\/contargo-erhaelt-33-neue-e-lkw-von-daf\/"},"modified":"2026-01-23T17:09:13","modified_gmt":"2026-01-23T16:09:13","slug":"contargo-erhaelt-33-neue-e-lkw-von-daf","status":"publish","type":"post","link":"https:\/\/transportjournal.com\/de\/2026\/01\/23\/contargo-erhaelt-33-neue-e-lkw-von-daf\/","title":{"rendered":"Contargo erh\u00e4lt 33 neue E-LKW von DAF"},"content":{"rendered":"<p>Contargo hat 33 neue batterieelektrische Sattelzugmaschinen des Typs DAF XD Electric in Empfang genommen. Diese Fahrzeuge werden ab sofort an 15 Standorten in Deutschland eingesetzt und markieren einen weiteren Schritt in der Dekarbonisierung des Unternehmens. Mit der Integration dieser neuen Lkw erh\u00f6ht sich die Anzahl der E-Lkw im operativen Betrieb auf insgesamt 90. Die Umsetzung aller im Rahmen der F\u00f6rderung durch die Richtlinie \u00fcber die F\u00f6rderung von leichten und schweren Nutzfahrzeugen mit alternativen, klimaschonenden Antrieben (KsNI) zugesagten Projekte ist damit erfolgreich abgeschlossen, w\u00e4hrend der Ausbau der Ladeinfrastruktur an einigen Standorten noch im Gange ist.<\/p>\n<h3>Technische Details und Nachhaltigkeitsaspekte<\/h3>\n<p>Die DAF XD Electric werden von Elektromotoren mit einer Leistung von 350 kW angetrieben. Die Energieversorgung erfolgt \u00fcber f\u00fcnf Lithium-Eisenphosphat-Batteriepakete. Kristin Kahl, Gesch\u00e4ftsf\u00fchrerin der Contargo Truck Fleet GmbH &amp; Co. KG, betont die Vorteile dieser Technologie: \u201eDie bewusste Entscheidung f\u00fcr diese Technologie bedeutet: kein Kobalt, kein Nickel, hohe Lebensdauer und volle Ladef\u00e4higkeit \u2013 ein klares Bekenntnis zu mehr Nachhaltigkeit auch bei den Batterien.\u201c<\/p>\n<p>Michael Starke, ebenfalls Gesch\u00e4ftsf\u00fchrer der Contargo Truck Fleet GmbH &amp; Co. KG, hebt hervor, dass bereits 2019 erste Tests elektrischer Lkw unter realen Bedingungen in Zusammenarbeit mit DAF durchgef\u00fchrt wurden. Der DAF XD Electric repr\u00e4sentiert die n\u00e4chste Generation dieser Fahrzeuge, die aus den gesammelten Erfahrungen resultiert.<\/p>\n<p>Christoph Fitz, Gesch\u00e4ftsf\u00fchrer der DAF Trucks Deutschland GmbH, \u00e4u\u00dfert sich positiv \u00fcber die fortgesetzte Zusammenarbeit: \u201eWir freuen uns sehr, dass Contargo den mit uns vor sieben Jahren begonnenen Weg weitergeht und nun in der zweiten Phase der Zusammenarbeit die neuen Baureihen unserer elektrischen Lkw in die Flotte integriert.\u201c Er betont die Bedeutung langfristiger Partnerschaften f\u00fcr den erfolgreichen Einsatz elektrischer Lkw.<\/p>\n<h3>Einsatzgebiete und strategische Ausrichtung<\/h3>\n<p>Die neuen Sattelzugmaschinen werden \u00fcberwiegend im Nahverkehr f\u00fcr Containertransporte im Kombinierten Verkehr eingesetzt. Mit der Erweiterung der batterieelektrischen Flotte auf insgesamt 90 Fahrzeuge zeigt Contargo, dass die Transformation des Unternehmens auf eine klare strategische Entscheidung zur\u00fcckzuf\u00fchren ist. Kristin Kahl erkl\u00e4rt: \u201eUnsere Transformation zeigt, dass verf\u00fcgbare Technologien konsequent genutzt und unter realen Bedingungen erfolgreich skaliert werden k\u00f6nnen. Der eingeschlagene Weg ist dabei klar: Die weitere Entwicklung unseres Fuhrparks richtet sich konsequent an der Elektrifizierung aus.\u201c<\/p>\n<p>Von den insgesamt 90 E-Lkw bei Contargo sowie der dazugeh\u00f6rigen Ladeinfrastruktur wurden 86 Fahrzeuge im Rahmen der KsNI-F\u00f6rderung des Bundesministeriums f\u00fcr Digitales und Verkehr unterst\u00fctzt. Die Koordination dieser F\u00f6rderrichtlinie erfolgt durch die NOW GmbH, w\u00e4hrend die Antr\u00e4ge durch das Bundesamt f\u00fcr Logistik und Mobilit\u00e4t bewilligt wurden.<\/p>\n<p><a href=\"http:\/\/www.contargo.net\" target=\"_blank\" rel=\"noopener noreferrer\">www.contargo.net<\/a><\/p>\n","protected":false},"excerpt":{"rendered":"<p>Contargo hat 33 neue DAF XD Electric Lkw in Betrieb genommen, wodurch die Flotte auf insgesamt 90 E-Lkw w\u00e4chst und die Dekarbonisierung vorangetrieben wird.<\/p>\n","protected":false},"author":7,"featured_media":74255,"comment_status":"open","ping_status":"open","sticky":false,"template":"","format":"standard","meta":{"_acf_changed":false,"footnotes":""},"categories":[9092,1575,1569],"tags":[],"class_list":["post-74256","post","type-post","status-publish","format-standard","has-post-thumbnail","hentry","category-deutschland","category-europa","category-logistik-spedition"],"acf":[],"yoast_head":"<!-- This site is optimized with the Yoast SEO plugin v27.3 - https:\/\/yoast.com\/product\/yoast-seo-wordpress\/ -->\n<title>Contargo erh\u00e4lt 33 neue E-LKW von DAF - ITJ | International Transport Journal<\/title>\n<meta name=\"robots\" content=\"index, follow, max-snippet:-1, max-image-preview:large, max-video-preview:-1\" \/>\n<link rel=\"canonical\" href=\"https:\/\/transportjournal.com\/de\/2026\/01\/23\/contargo-erhaelt-33-neue-e-lkw-von-daf\/\" \/>\n<meta property=\"og:locale\" content=\"de_DE\" \/>\n<meta property=\"og:type\" content=\"article\" \/>\n<meta property=\"og:title\" content=\"Contargo erh\u00e4lt 33 neue E-LKW von DAF - ITJ | International Transport Journal\" \/>\n<meta property=\"og:description\" content=\"Contargo hat 33 neue DAF XD Electric Lkw in Betrieb genommen, wodurch die Flotte auf insgesamt 90 E-Lkw w\u00e4chst und die Dekarbonisierung vorangetrieben wird.\" \/>\n<meta property=\"og:url\" content=\"https:\/\/transportjournal.com\/de\/2026\/01\/23\/contargo-erhaelt-33-neue-e-lkw-von-daf\/\" \/>\n<meta property=\"og:site_name\" content=\"ITJ | International Transport Journal\" \/>\n<meta property=\"article:published_time\" content=\"2026-01-23T15:54:08+00:00\" \/>\n<meta property=\"article:modified_time\" content=\"2026-01-23T16:09:13+00:00\" \/>\n<meta property=\"og:image\" content=\"https:\/\/transportjournal.com\/wp-content\/uploads\/sites\/2\/2026\/01\/Contargo_DAF_2-002-scaled-aspect-ratio-1400-788-scaled-1.jpg\" \/>\n\t<meta property=\"og:image:width\" content=\"2560\" \/>\n\t<meta property=\"og:image:height\" content=\"1441\" \/>\n\t<meta property=\"og:image:type\" content=\"image\/jpeg\" \/>\n<meta name=\"author\" content=\"Andreas M\u00fcller\" \/>\n<meta name=\"twitter:card\" content=\"summary_large_image\" \/>\n<meta name=\"twitter:label1\" content=\"Verfasst von\" \/>\n\t<meta name=\"twitter:data1\" content=\"Andreas M\u00fcller\" \/>\n\t<meta name=\"twitter:label2\" content=\"Gesch\u00e4tzte Lesezeit\" \/>\n\t<meta name=\"twitter:data2\" content=\"2\u00a0Minute\" \/>\n<script type=\"application\/ld+json\" class=\"yoast-schema-graph\">{\"@context\":\"https:\\\/\\\/schema.org\",\"@graph\":[{\"@type\":\"Article\",\"@id\":\"https:\\\/\\\/transportjournal.com\\\/de\\\/2026\\\/01\\\/23\\\/contargo-erhaelt-33-neue-e-lkw-von-daf\\\/#article\",\"isPartOf\":{\"@id\":\"https:\\\/\\\/transportjournal.com\\\/de\\\/2026\\\/01\\\/23\\\/contargo-erhaelt-33-neue-e-lkw-von-daf\\\/\"},\"author\":{\"name\":\"Andreas M\u00fcller\",\"@id\":\"https:\\\/\\\/transportjournal.com\\\/de\\\/#\\\/schema\\\/person\\\/7b1593b33567ba798d300c8a1b0b85b1\"},\"headline\":\"Contargo erh\u00e4lt 33 neue E-LKW von DAF\",\"datePublished\":\"2026-01-23T15:54:08+00:00\",\"dateModified\":\"2026-01-23T16:09:13+00:00\",\"mainEntityOfPage\":{\"@id\":\"https:\\\/\\\/transportjournal.com\\\/de\\\/2026\\\/01\\\/23\\\/contargo-erhaelt-33-neue-e-lkw-von-daf\\\/\"},\"wordCount\":425,\"commentCount\":0,\"publisher\":{\"@id\":\"https:\\\/\\\/transportjournal.com\\\/de\\\/#organization\"},\"image\":{\"@id\":\"https:\\\/\\\/transportjournal.com\\\/de\\\/2026\\\/01\\\/23\\\/contargo-erhaelt-33-neue-e-lkw-von-daf\\\/#primaryimage\"},\"thumbnailUrl\":\"https:\\\/\\\/transportjournal.com\\\/wp-content\\\/uploads\\\/sites\\\/2\\\/2026\\\/01\\\/Contargo_DAF_2-002-scaled-aspect-ratio-1400-788-scaled-1.jpg\",\"articleSection\":[\"Deutschland\",\"Europa\",\"Spedition &amp; Logistik\"],\"inLanguage\":\"de\",\"potentialAction\":[{\"@type\":\"CommentAction\",\"name\":\"Comment\",\"target\":[\"https:\\\/\\\/transportjournal.com\\\/de\\\/2026\\\/01\\\/23\\\/contargo-erhaelt-33-neue-e-lkw-von-daf\\\/#respond\"]}]},{\"@type\":\"WebPage\",\"@id\":\"https:\\\/\\\/transportjournal.com\\\/de\\\/2026\\\/01\\\/23\\\/contargo-erhaelt-33-neue-e-lkw-von-daf\\\/\",\"url\":\"https:\\\/\\\/transportjournal.com\\\/de\\\/2026\\\/01\\\/23\\\/contargo-erhaelt-33-neue-e-lkw-von-daf\\\/\",\"name\":\"Contargo erh\u00e4lt 33 neue E-LKW von DAF - ITJ | International Transport Journal\",\"isPartOf\":{\"@id\":\"https:\\\/\\\/transportjournal.com\\\/de\\\/#website\"},\"primaryImageOfPage\":{\"@id\":\"https:\\\/\\\/transportjournal.com\\\/de\\\/2026\\\/01\\\/23\\\/contargo-erhaelt-33-neue-e-lkw-von-daf\\\/#primaryimage\"},\"image\":{\"@id\":\"https:\\\/\\\/transportjournal.com\\\/de\\\/2026\\\/01\\\/23\\\/contargo-erhaelt-33-neue-e-lkw-von-daf\\\/#primaryimage\"},\"thumbnailUrl\":\"https:\\\/\\\/transportjournal.com\\\/wp-content\\\/uploads\\\/sites\\\/2\\\/2026\\\/01\\\/Contargo_DAF_2-002-scaled-aspect-ratio-1400-788-scaled-1.jpg\",\"datePublished\":\"2026-01-23T15:54:08+00:00\",\"dateModified\":\"2026-01-23T16:09:13+00:00\",\"breadcrumb\":{\"@id\":\"https:\\\/\\\/transportjournal.com\\\/de\\\/2026\\\/01\\\/23\\\/contargo-erhaelt-33-neue-e-lkw-von-daf\\\/#breadcrumb\"},\"inLanguage\":\"de\",\"potentialAction\":[{\"@type\":\"ReadAction\",\"target\":[\"https:\\\/\\\/transportjournal.com\\\/de\\\/2026\\\/01\\\/23\\\/contargo-erhaelt-33-neue-e-lkw-von-daf\\\/\"]}]},{\"@type\":\"ImageObject\",\"inLanguage\":\"de\",\"@id\":\"https:\\\/\\\/transportjournal.com\\\/de\\\/2026\\\/01\\\/23\\\/contargo-erhaelt-33-neue-e-lkw-von-daf\\\/#primaryimage\",\"url\":\"https:\\\/\\\/transportjournal.com\\\/wp-content\\\/uploads\\\/sites\\\/2\\\/2026\\\/01\\\/Contargo_DAF_2-002-scaled-aspect-ratio-1400-788-scaled-1.jpg\",\"contentUrl\":\"https:\\\/\\\/transportjournal.com\\\/wp-content\\\/uploads\\\/sites\\\/2\\\/2026\\\/01\\\/Contargo_DAF_2-002-scaled-aspect-ratio-1400-788-scaled-1.jpg\",\"width\":2560,\"height\":1441},{\"@type\":\"BreadcrumbList\",\"@id\":\"https:\\\/\\\/transportjournal.com\\\/de\\\/2026\\\/01\\\/23\\\/contargo-erhaelt-33-neue-e-lkw-von-daf\\\/#breadcrumb\",\"itemListElement\":[{\"@type\":\"ListItem\",\"position\":1,\"name\":\"Startseite\",\"item\":\"https:\\\/\\\/transportjournal.com\\\/de\\\/\"},{\"@type\":\"ListItem\",\"position\":2,\"name\":\"Contargo erh\u00e4lt 33 neue E-LKW von DAF\"}]},{\"@type\":\"WebSite\",\"@id\":\"https:\\\/\\\/transportjournal.com\\\/de\\\/#website\",\"url\":\"https:\\\/\\\/transportjournal.com\\\/de\\\/\",\"name\":\"ITJ | International Transport Journal\",\"description\":\"Stay informed with the latest global news from the transport, logistics, and supply chain industries. Transport Journal delivers expert insights, analysis, and updates across shipping, aviation, intermodal, and forwarding.\",\"publisher\":{\"@id\":\"https:\\\/\\\/transportjournal.com\\\/de\\\/#organization\"},\"potentialAction\":[{\"@type\":\"SearchAction\",\"target\":{\"@type\":\"EntryPoint\",\"urlTemplate\":\"https:\\\/\\\/transportjournal.com\\\/de\\\/?s={search_term_string}\"},\"query-input\":{\"@type\":\"PropertyValueSpecification\",\"valueRequired\":true,\"valueName\":\"search_term_string\"}}],\"inLanguage\":\"de\"},{\"@type\":\"Organization\",\"@id\":\"https:\\\/\\\/transportjournal.com\\\/de\\\/#organization\",\"name\":\"Groupe Logismedia AG\",\"alternateName\":\"Logismedia Group AG\",\"url\":\"https:\\\/\\\/transportjournal.com\\\/de\\\/\",\"logo\":{\"@type\":\"ImageObject\",\"inLanguage\":\"de\",\"@id\":\"https:\\\/\\\/transportjournal.com\\\/de\\\/#\\\/schema\\\/logo\\\/image\\\/\",\"url\":\"https:\\\/\\\/transportjournal.com\\\/wp-content\\\/uploads\\\/sites\\\/2\\\/2025\\\/09\\\/Logo_ITJ.png\",\"contentUrl\":\"https:\\\/\\\/transportjournal.com\\\/wp-content\\\/uploads\\\/sites\\\/2\\\/2025\\\/09\\\/Logo_ITJ.png\",\"width\":799,\"height\":326,\"caption\":\"Groupe Logismedia AG\"},\"image\":{\"@id\":\"https:\\\/\\\/transportjournal.com\\\/de\\\/#\\\/schema\\\/logo\\\/image\\\/\"},\"sameAs\":[\"https:\\\/\\\/www.linkedin.com\\\/company\\\/56456496\\\/admin\\\/dashboard\\\/\",\"https:\\\/\\\/www.instagram.com\\\/logismediagroup\\\/\",\"https:\\\/\\\/www.youtube.com\\\/@LogiamediaGroupAG\"]},{\"@type\":\"Person\",\"@id\":\"https:\\\/\\\/transportjournal.com\\\/de\\\/#\\\/schema\\\/person\\\/7b1593b33567ba798d300c8a1b0b85b1\",\"name\":\"Andreas M\u00fcller\",\"url\":\"https:\\\/\\\/transportjournal.com\\\/de\\\/author\\\/logismedia\\\/\"}]}<\/script>\n<!-- \/ Yoast SEO plugin. -->","yoast_head_json":{"title":"Contargo erh\u00e4lt 33 neue E-LKW von DAF - ITJ | International Transport Journal","robots":{"index":"index","follow":"follow","max-snippet":"max-snippet:-1","max-image-preview":"max-image-preview:large","max-video-preview":"max-video-preview:-1"},"canonical":"https:\/\/transportjournal.com\/de\/2026\/01\/23\/contargo-erhaelt-33-neue-e-lkw-von-daf\/","og_locale":"de_DE","og_type":"article","og_title":"Contargo erh\u00e4lt 33 neue E-LKW von DAF - ITJ | International Transport Journal","og_description":"Contargo hat 33 neue DAF XD Electric Lkw in Betrieb genommen, wodurch die Flotte auf insgesamt 90 E-Lkw w\u00e4chst und die Dekarbonisierung vorangetrieben wird.","og_url":"https:\/\/transportjournal.com\/de\/2026\/01\/23\/contargo-erhaelt-33-neue-e-lkw-von-daf\/","og_site_name":"ITJ | International Transport Journal","article_published_time":"2026-01-23T15:54:08+00:00","article_modified_time":"2026-01-23T16:09:13+00:00","og_image":[{"width":2560,"height":1441,"url":"https:\/\/transportjournal.com\/wp-content\/uploads\/sites\/2\/2026\/01\/Contargo_DAF_2-002-scaled-aspect-ratio-1400-788-scaled-1.jpg","type":"image\/jpeg"}],"author":"Andreas M\u00fcller","twitter_card":"summary_large_image","twitter_misc":{"Verfasst von":"Andreas M\u00fcller","Gesch\u00e4tzte Lesezeit":"2\u00a0Minute"},"schema":{"@context":"https:\/\/schema.org","@graph":[{"@type":"Article","@id":"https:\/\/transportjournal.com\/de\/2026\/01\/23\/contargo-erhaelt-33-neue-e-lkw-von-daf\/#article","isPartOf":{"@id":"https:\/\/transportjournal.com\/de\/2026\/01\/23\/contargo-erhaelt-33-neue-e-lkw-von-daf\/"},"author":{"name":"Andreas M\u00fcller","@id":"https:\/\/transportjournal.com\/de\/#\/schema\/person\/7b1593b33567ba798d300c8a1b0b85b1"},"headline":"Contargo erh\u00e4lt 33 neue E-LKW von DAF","datePublished":"2026-01-23T15:54:08+00:00","dateModified":"2026-01-23T16:09:13+00:00","mainEntityOfPage":{"@id":"https:\/\/transportjournal.com\/de\/2026\/01\/23\/contargo-erhaelt-33-neue-e-lkw-von-daf\/"},"wordCount":425,"commentCount":0,"publisher":{"@id":"https:\/\/transportjournal.com\/de\/#organization"},"image":{"@id":"https:\/\/transportjournal.com\/de\/2026\/01\/23\/contargo-erhaelt-33-neue-e-lkw-von-daf\/#primaryimage"},"thumbnailUrl":"https:\/\/transportjournal.com\/wp-content\/uploads\/sites\/2\/2026\/01\/Contargo_DAF_2-002-scaled-aspect-ratio-1400-788-scaled-1.jpg","articleSection":["Deutschland","Europa","Spedition &amp; Logistik"],"inLanguage":"de","potentialAction":[{"@type":"CommentAction","name":"Comment","target":["https:\/\/transportjournal.com\/de\/2026\/01\/23\/contargo-erhaelt-33-neue-e-lkw-von-daf\/#respond"]}]},{"@type":"WebPage","@id":"https:\/\/transportjournal.com\/de\/2026\/01\/23\/contargo-erhaelt-33-neue-e-lkw-von-daf\/","url":"https:\/\/transportjournal.com\/de\/2026\/01\/23\/contargo-erhaelt-33-neue-e-lkw-von-daf\/","name":"Contargo erh\u00e4lt 33 neue E-LKW von DAF - ITJ | International Transport Journal","isPartOf":{"@id":"https:\/\/transportjournal.com\/de\/#website"},"primaryImageOfPage":{"@id":"https:\/\/transportjournal.com\/de\/2026\/01\/23\/contargo-erhaelt-33-neue-e-lkw-von-daf\/#primaryimage"},"image":{"@id":"https:\/\/transportjournal.com\/de\/2026\/01\/23\/contargo-erhaelt-33-neue-e-lkw-von-daf\/#primaryimage"},"thumbnailUrl":"https:\/\/transportjournal.com\/wp-content\/uploads\/sites\/2\/2026\/01\/Contargo_DAF_2-002-scaled-aspect-ratio-1400-788-scaled-1.jpg","datePublished":"2026-01-23T15:54:08+00:00","dateModified":"2026-01-23T16:09:13+00:00","breadcrumb":{"@id":"https:\/\/transportjournal.com\/de\/2026\/01\/23\/contargo-erhaelt-33-neue-e-lkw-von-daf\/#breadcrumb"},"inLanguage":"de","potentialAction":[{"@type":"ReadAction","target":["https:\/\/transportjournal.com\/de\/2026\/01\/23\/contargo-erhaelt-33-neue-e-lkw-von-daf\/"]}]},{"@type":"ImageObject","inLanguage":"de","@id":"https:\/\/transportjournal.com\/de\/2026\/01\/23\/contargo-erhaelt-33-neue-e-lkw-von-daf\/#primaryimage","url":"https:\/\/transportjournal.com\/wp-content\/uploads\/sites\/2\/2026\/01\/Contargo_DAF_2-002-scaled-aspect-ratio-1400-788-scaled-1.jpg","contentUrl":"https:\/\/transportjournal.com\/wp-content\/uploads\/sites\/2\/2026\/01\/Contargo_DAF_2-002-scaled-aspect-ratio-1400-788-scaled-1.jpg","width":2560,"height":1441},{"@type":"BreadcrumbList","@id":"https:\/\/transportjournal.com\/de\/2026\/01\/23\/contargo-erhaelt-33-neue-e-lkw-von-daf\/#breadcrumb","itemListElement":[{"@type":"ListItem","position":1,"name":"Startseite","item":"https:\/\/transportjournal.com\/de\/"},{"@type":"ListItem","position":2,"name":"Contargo erh\u00e4lt 33 neue E-LKW von DAF"}]},{"@type":"WebSite","@id":"https:\/\/transportjournal.com\/de\/#website","url":"https:\/\/transportjournal.com\/de\/","name":"ITJ | International Transport Journal","description":"Stay informed with the latest global news from the transport, logistics, and supply chain industries. Transport Journal delivers expert insights, analysis, and updates across shipping, aviation, intermodal, and forwarding.","publisher":{"@id":"https:\/\/transportjournal.com\/de\/#organization"},"potentialAction":[{"@type":"SearchAction","target":{"@type":"EntryPoint","urlTemplate":"https:\/\/transportjournal.com\/de\/?s={search_term_string}"},"query-input":{"@type":"PropertyValueSpecification","valueRequired":true,"valueName":"search_term_string"}}],"inLanguage":"de"},{"@type":"Organization","@id":"https:\/\/transportjournal.com\/de\/#organization","name":"Groupe Logismedia AG","alternateName":"Logismedia Group AG","url":"https:\/\/transportjournal.com\/de\/","logo":{"@type":"ImageObject","inLanguage":"de","@id":"https:\/\/transportjournal.com\/de\/#\/schema\/logo\/image\/","url":"https:\/\/transportjournal.com\/wp-content\/uploads\/sites\/2\/2025\/09\/Logo_ITJ.png","contentUrl":"https:\/\/transportjournal.com\/wp-content\/uploads\/sites\/2\/2025\/09\/Logo_ITJ.png","width":799,"height":326,"caption":"Groupe Logismedia AG"},"image":{"@id":"https:\/\/transportjournal.com\/de\/#\/schema\/logo\/image\/"},"sameAs":["https:\/\/www.linkedin.com\/company\/56456496\/admin\/dashboard\/","https:\/\/www.instagram.com\/logismediagroup\/","https:\/\/www.youtube.com\/@LogiamediaGroupAG"]},{"@type":"Person","@id":"https:\/\/transportjournal.com\/de\/#\/schema\/person\/7b1593b33567ba798d300c8a1b0b85b1","name":"Andreas M\u00fcller","url":"https:\/\/transportjournal.com\/de\/author\/logismedia\/"}]}},"_links":{"self":[{"href":"https:\/\/transportjournal.com\/de\/wp-json\/wp\/v2\/posts\/74256","targetHints":{"allow":["GET"]}}],"collection":[{"href":"https:\/\/transportjournal.com\/de\/wp-json\/wp\/v2\/posts"}],"about":[{"href":"https:\/\/transportjournal.com\/de\/wp-json\/wp\/v2\/types\/post"}],"author":[{"embeddable":true,"href":"https:\/\/transportjournal.com\/de\/wp-json\/wp\/v2\/users\/7"}],"replies":[{"embeddable":true,"href":"https:\/\/transportjournal.com\/de\/wp-json\/wp\/v2\/comments?post=74256"}],"version-history":[{"count":1,"href":"https:\/\/transportjournal.com\/de\/wp-json\/wp\/v2\/posts\/74256\/revisions"}],"predecessor-version":[{"id":74263,"href":"https:\/\/transportjournal.com\/de\/wp-json\/wp\/v2\/posts\/74256\/revisions\/74263"}],"wp:featuredmedia":[{"embeddable":true,"href":"https:\/\/transportjournal.com\/de\/wp-json\/wp\/v2\/media\/74255"}],"wp:attachment":[{"href":"https:\/\/transportjournal.com\/de\/wp-json\/wp\/v2\/media?parent=74256"}],"wp:term":[{"taxonomy":"category","embeddable":true,"href":"https:\/\/transportjournal.com\/de\/wp-json\/wp\/v2\/categories?post=74256"},{"taxonomy":"post_tag","embeddable":true,"href":"https:\/\/transportjournal.com\/de\/wp-json\/wp\/v2\/tags?post=74256"}],"curies":[{"name":"wp","href":"https:\/\/api.w.org\/{rel}","templated":true}]}}