{"id":74248,"date":"2026-01-23T15:03:25","date_gmt":"2026-01-23T15:03:25","guid":{"rendered":"https:\/\/transportjournal.com\/2026\/01\/23\/emirates-skycargo-dauerhaft-auf-lgg\/"},"modified":"2026-01-23T15:03:25","modified_gmt":"2026-01-23T15:03:25","slug":"emirates-skycargo-dauerhaft-auf-lgg","status":"publish","type":"post","link":"https:\/\/transportjournal.com\/de\/2026\/01\/23\/emirates-skycargo-dauerhaft-auf-lgg\/","title":{"rendered":"Emirates SkyCargo dauerhaft auf LGG"},"content":{"rendered":"<p>Emirates SkyCargo hat den belgischen Flughafen L\u00fcttich (LGG) in sein Frachtflugnetz aufgenommen. Dies ist die erste neue Destination f\u00fcr das Jahr 2026, wobei das Unternehmen plant, im Laufe des Jahres erheblich zu expandieren. Die Entscheidung folgt auf eine anhaltende Nachfrage, die in den vergangenen Jahren durch Ad-hoc-Services bedient wurde.<\/p>\n<p>Liege Airport liegt strategisch g\u00fcnstig im sogenannten \u201egoldenen Dreieck\u201c zwischen Amsterdam, Paris und Frankfurt und hat sich zu einem der am schnellsten wachsenden Frachtzentren der Welt entwickelt. Im Jahr 2025 verzeichnete der Flughafen einen Anstieg des Frachtvolumens um 14%. Emirates SkyCargo hatte Liege in der Vergangenheit bereits mit Ad-hoc-Frachtfl\u00fcgen bedient (Foto), um spezialisierte Produkte wie frische Blumen und E-Commerce-Pakete zu transportieren. Zudem wurden spezielle Charterfl\u00fcge f\u00fcr Pferde zu internationalen Wettbewerben angeboten. Mit der neuen regelm\u00e4ssigen Verbindung wird die verf\u00fcgbare Frachtkapazit\u00e4t um 500 t pro Woche erh\u00f6ht.<\/p>\n<h3>Erweiterung des Frachtangebots<\/h3>\n<p>Von den f\u00fcnf w\u00f6chentlichen Frachtfl\u00fcgen werden drei Verbindungen zwischen Liege und dem O&#8217;Hare International Airport in Chicago sowie dem Al Maktoum International Airport in Dubai herstellen. Diese Fl\u00fcge sind darauf ausgelegt, temperaturempfindliche Pharmazeutika \u00fcber eine durchg\u00e4ngige K\u00fchlkette zu transportieren. Die verbleibenden zwei Fl\u00fcge starten in Hongkong und bef\u00f6rdern E-Commerce-Sendungen nach und durch Liege.<\/p>\n<p>Khawla Abdulla, Vice President of Cargo Commercial f\u00fcr Europa bei Emirates SkyCargo, erkl\u00e4rte: \u201eDie Aufnahme von Liege in unser Frachtflugnetz ist ein strategischer Schritt, der unsere Pr\u00e4senz in Europa st\u00e4rkt und unseren globalen Kunden mehr Konnektivit\u00e4t bietet.\u201c Im Jahr 2025 wurden \u00fcber 15.000 t Fracht aus Belgien transportiert, sowohl \u00fcber Frachtfl\u00fcge als auch \u00fcber die Bellyhold-Kapazit\u00e4t der Passagierfl\u00fcge nach Br\u00fcssel. Abdulla erwartet mit der Einf\u00fchrung der f\u00fcnf w\u00f6chentlichen Frachtfl\u00fcge ein signifikantes Wachstum.<\/p>\n<p>Torsten Wefers, Vice President Sales and Marketing am Liege Airport, \u00e4usserte sich ebenfalls positiv zu der neuen Verbindung: \u201eWir sind geehrt, dass Emirates SkyCargo den Liege Airport in sein globales Frachtflugnetz aufgenommen hat. Die neuen planm\u00e4ssigen Dienste verbinden Liege mit anderen wichtigen globalen Flugh\u00e4fen, einschliesslich des Emirates SkyCargo-Dubai-Hubs.\u201c Wefers betonte die wachsende Bedeutung des Flughafens f\u00fcr die europ\u00e4ische Luftfrachtindustrie und die St\u00e4rkung seiner Position &#8222;als gr\u00f6sster europ\u00e4ischer Fracht-Hub mit einem Fokus auf Pharma, Frischwaren, lebende Tiere und Expresslieferungen&#8220;.<\/p>\n<p>Emirates SkyCargo bedient Europa mit 38 Frachtflugzeugen und 538 Passagierfl\u00fcgen pro Woche. Das Unternehmen plant, seine Abdeckung weiter auszubauen, unter anderem durch die Ank\u00fcndigung von Passagierfl\u00fcgen nach Helsinki, die im Oktober 2026 beginnen sollen. Mit der Lieferung von bis zu zehn neuen Boeing 777F bis Dezember 2026 wird Emirates SkyCargo in der Lage sein, sein Netzwerk zu erweitern und weitere Ziele mit seinem Produkt und Service zu bedienen.<\/p>\n<p>&nbsp;<\/p>\n<p><a href=\"https:\/\/www.skycargo.com\/\" target=\"_blank\" rel=\"noopener noreferrer\">www.skycargo.com<\/a><\/p>\n<p>&nbsp;<\/p>\n","protected":false},"excerpt":{"rendered":"<p>Emirates SkyCargo erweitert sein Frachtflugnetz um L\u00fcttich in Belgien, um die wachsende Nachfrage zu bedienen und die Frachtkapazit\u00e4t erheblich zu erh\u00f6hen.<\/p>\n","protected":false},"author":12,"featured_media":74247,"comment_status":"open","ping_status":"open","sticky":false,"template":"","format":"standard","meta":{"_acf_changed":false,"footnotes":""},"categories":[1575,1570,1576],"tags":[9066,9067,7017,2648,2252,2794,5507,9068,5285,9069,9070,2800,9071,9072,9073,5289,9074,9075,2810,5291,9076,9077,5293,2655,9078,9079,9080,2817,2277,9081,9082,2045,9083,1962,2634,9084,9085,9086,9087,9088,7052,9089,9090,9091,5311],"class_list":["post-74248","post","type-post","status-publish","format-standard","has-post-thumbnail","hentry","category-europa","category-luftfracht","category-naher-osten","tag-ad-hoc-cargo-flights","tag-ad-hoc-frachtfluege","tag-aeroport-de-liege","tag-air-freight","tag-air-freight-industry","tag-augmenter-la-capacite-de-fret","tag-avions-cargo","tag-cargo-aircraft-francais-emirates-skycargo","tag-cargo-flights","tag-cargo-network-europe","tag-competitions-internationales","tag-deutsch-emirates-skycargo","tag-e-commerce-shipments","tag-e-commerce-pakete","tag-envois-e-commerce","tag-frachtfluege","tag-frachtflugnetz-europa","tag-frachtflugzeuge-english-emirates-skycargo","tag-frachtkapazitaet-erhoehen","tag-frachtvolumen-2025","tag-frachtzentrum-belgien","tag-freight-hub-belgium","tag-freight-volume-2025","tag-fret-aerien","tag-golden-triangle","tag-goldenes-dreieck","tag-hub-de-fret-belgique","tag-increase-cargo-capacity","tag-industrie-du-fret-aerien","tag-international-competitions","tag-internationale-wettbewerbe","tag-liege-airport","tag-logistique-sous-temperature-controlee","tag-luftfracht","tag-luftfrachtindustrie","tag-pharmaceuticals-transport","tag-pharmazeutika-transport","tag-reseau-de-fret-europe","tag-temperature-controlled-logistics","tag-temperaturkontrollierte-logistik","tag-transport-de-produits-pharmaceutiques","tag-triangle-dor","tag-vols-cargo","tag-vols-cargo-ad-hoc","tag-volume-de-fret-2025"],"acf":[],"yoast_head":"<!-- This site is optimized with the Yoast SEO plugin v27.3 - https:\/\/yoast.com\/product\/yoast-seo-wordpress\/ -->\n<title>Emirates SkyCargo dauerhaft auf LGG - ITJ | International Transport Journal<\/title>\n<meta name=\"robots\" content=\"index, follow, max-snippet:-1, max-image-preview:large, max-video-preview:-1\" \/>\n<link rel=\"canonical\" href=\"https:\/\/transportjournal.com\/de\/2026\/01\/23\/emirates-skycargo-dauerhaft-auf-lgg\/\" \/>\n<meta property=\"og:locale\" content=\"de_DE\" \/>\n<meta property=\"og:type\" content=\"article\" \/>\n<meta property=\"og:title\" content=\"Emirates SkyCargo dauerhaft auf LGG - ITJ | International Transport Journal\" \/>\n<meta property=\"og:description\" content=\"Emirates SkyCargo erweitert sein Frachtflugnetz um L\u00fcttich in Belgien, um die wachsende Nachfrage zu bedienen und die Frachtkapazit\u00e4t erheblich zu erh\u00f6hen.\" \/>\n<meta property=\"og:url\" content=\"https:\/\/transportjournal.com\/de\/2026\/01\/23\/emirates-skycargo-dauerhaft-auf-lgg\/\" \/>\n<meta property=\"og:site_name\" content=\"ITJ | International Transport Journal\" \/>\n<meta property=\"article:published_time\" content=\"2026-01-23T15:03:25+00:00\" \/>\n<meta property=\"og:image\" content=\"https:\/\/transportjournal.com\/wp-content\/uploads\/sites\/2\/2026\/01\/LGG-Emirates-SkyCargo-556513928_31392595357051186_6402906136866486571_n-aspect-ratio-1400-788.jpg\" \/>\n\t<meta property=\"og:image:width\" content=\"2048\" \/>\n\t<meta property=\"og:image:height\" content=\"1153\" \/>\n\t<meta property=\"og:image:type\" content=\"image\/jpeg\" \/>\n<meta name=\"author\" content=\"Andreas Haug\" \/>\n<meta name=\"twitter:card\" content=\"summary_large_image\" \/>\n<meta name=\"twitter:label1\" content=\"Verfasst von\" \/>\n\t<meta name=\"twitter:data1\" content=\"Andreas Haug\" \/>\n\t<meta name=\"twitter:label2\" content=\"Gesch\u00e4tzte Lesezeit\" \/>\n\t<meta name=\"twitter:data2\" content=\"2\u00a0Minute\" \/>\n<script type=\"application\/ld+json\" class=\"yoast-schema-graph\">{\"@context\":\"https:\\\/\\\/schema.org\",\"@graph\":[{\"@type\":\"Article\",\"@id\":\"https:\\\/\\\/transportjournal.com\\\/de\\\/2026\\\/01\\\/23\\\/emirates-skycargo-dauerhaft-auf-lgg\\\/#article\",\"isPartOf\":{\"@id\":\"https:\\\/\\\/transportjournal.com\\\/de\\\/2026\\\/01\\\/23\\\/emirates-skycargo-dauerhaft-auf-lgg\\\/\"},\"author\":{\"name\":\"Andreas Haug\",\"@id\":\"https:\\\/\\\/transportjournal.com\\\/de\\\/#\\\/schema\\\/person\\\/cf538b3157f15afd7589245a4b3dbd25\"},\"headline\":\"Emirates SkyCargo dauerhaft auf LGG\",\"datePublished\":\"2026-01-23T15:03:25+00:00\",\"mainEntityOfPage\":{\"@id\":\"https:\\\/\\\/transportjournal.com\\\/de\\\/2026\\\/01\\\/23\\\/emirates-skycargo-dauerhaft-auf-lgg\\\/\"},\"wordCount\":451,\"commentCount\":0,\"publisher\":{\"@id\":\"https:\\\/\\\/transportjournal.com\\\/de\\\/#organization\"},\"image\":{\"@id\":\"https:\\\/\\\/transportjournal.com\\\/de\\\/2026\\\/01\\\/23\\\/emirates-skycargo-dauerhaft-auf-lgg\\\/#primaryimage\"},\"thumbnailUrl\":\"https:\\\/\\\/transportjournal.com\\\/wp-content\\\/uploads\\\/sites\\\/2\\\/2026\\\/01\\\/LGG-Emirates-SkyCargo-556513928_31392595357051186_6402906136866486571_n-aspect-ratio-1400-788.jpg\",\"keywords\":[\"ad-hoc cargo flights\",\"Ad-hoc-Frachtfl\u00fcge\",\"a\u00e9roport de Li\u00e8ge\",\"air freight\",\"air freight industry\",\"augmenter la capacit\u00e9 de fret\",\"avions cargo\",\"cargo aircraft Fran\u00e7ais Emirates SkyCargo\",\"cargo flights\",\"cargo network Europe\",\"comp\u00e9titions internationales\",\"Deutsch Emirates SkyCargo\",\"e-commerce shipments\",\"E-Commerce-Pakete\",\"envois e-commerce\",\"Frachtfl\u00fcge\",\"Frachtflugnetz Europa\",\"Frachtflugzeuge English Emirates SkyCargo\",\"Frachtkapazit\u00e4t erh\u00f6hen\",\"Frachtvolumen 2025\",\"Frachtzentrum Belgien\",\"freight hub Belgium\",\"freight volume 2025\",\"fret a\u00e9rien\",\"golden triangle\",\"goldenes Dreieck\",\"hub de fret Belgique\",\"increase cargo capacity\",\"industrie du fret a\u00e9rien\",\"international competitions\",\"internationale Wettbewerbe\",\"Liege Airport\",\"logistique sous temp\u00e9rature contr\u00f4l\u00e9e\",\"Luftfracht\",\"Luftfrachtindustrie\",\"pharmaceuticals transport\",\"Pharmazeutika Transport\",\"r\u00e9seau de fret Europe\",\"temperature-controlled logistics\",\"temperaturkontrollierte Logistik\",\"transport de produits pharmaceutiques\",\"triangle d'or\",\"vols cargo\",\"vols cargo ad hoc\",\"volume de fret 2025\"],\"articleSection\":[\"Europa\",\"Luftfracht\",\"Naher Osten\"],\"inLanguage\":\"de\",\"potentialAction\":[{\"@type\":\"CommentAction\",\"name\":\"Comment\",\"target\":[\"https:\\\/\\\/transportjournal.com\\\/de\\\/2026\\\/01\\\/23\\\/emirates-skycargo-dauerhaft-auf-lgg\\\/#respond\"]}]},{\"@type\":\"WebPage\",\"@id\":\"https:\\\/\\\/transportjournal.com\\\/de\\\/2026\\\/01\\\/23\\\/emirates-skycargo-dauerhaft-auf-lgg\\\/\",\"url\":\"https:\\\/\\\/transportjournal.com\\\/de\\\/2026\\\/01\\\/23\\\/emirates-skycargo-dauerhaft-auf-lgg\\\/\",\"name\":\"Emirates SkyCargo dauerhaft auf LGG - ITJ | International Transport Journal\",\"isPartOf\":{\"@id\":\"https:\\\/\\\/transportjournal.com\\\/de\\\/#website\"},\"primaryImageOfPage\":{\"@id\":\"https:\\\/\\\/transportjournal.com\\\/de\\\/2026\\\/01\\\/23\\\/emirates-skycargo-dauerhaft-auf-lgg\\\/#primaryimage\"},\"image\":{\"@id\":\"https:\\\/\\\/transportjournal.com\\\/de\\\/2026\\\/01\\\/23\\\/emirates-skycargo-dauerhaft-auf-lgg\\\/#primaryimage\"},\"thumbnailUrl\":\"https:\\\/\\\/transportjournal.com\\\/wp-content\\\/uploads\\\/sites\\\/2\\\/2026\\\/01\\\/LGG-Emirates-SkyCargo-556513928_31392595357051186_6402906136866486571_n-aspect-ratio-1400-788.jpg\",\"datePublished\":\"2026-01-23T15:03:25+00:00\",\"breadcrumb\":{\"@id\":\"https:\\\/\\\/transportjournal.com\\\/de\\\/2026\\\/01\\\/23\\\/emirates-skycargo-dauerhaft-auf-lgg\\\/#breadcrumb\"},\"inLanguage\":\"de\",\"potentialAction\":[{\"@type\":\"ReadAction\",\"target\":[\"https:\\\/\\\/transportjournal.com\\\/de\\\/2026\\\/01\\\/23\\\/emirates-skycargo-dauerhaft-auf-lgg\\\/\"]}]},{\"@type\":\"ImageObject\",\"inLanguage\":\"de\",\"@id\":\"https:\\\/\\\/transportjournal.com\\\/de\\\/2026\\\/01\\\/23\\\/emirates-skycargo-dauerhaft-auf-lgg\\\/#primaryimage\",\"url\":\"https:\\\/\\\/transportjournal.com\\\/wp-content\\\/uploads\\\/sites\\\/2\\\/2026\\\/01\\\/LGG-Emirates-SkyCargo-556513928_31392595357051186_6402906136866486571_n-aspect-ratio-1400-788.jpg\",\"contentUrl\":\"https:\\\/\\\/transportjournal.com\\\/wp-content\\\/uploads\\\/sites\\\/2\\\/2026\\\/01\\\/LGG-Emirates-SkyCargo-556513928_31392595357051186_6402906136866486571_n-aspect-ratio-1400-788.jpg\",\"width\":2048,\"height\":1153},{\"@type\":\"BreadcrumbList\",\"@id\":\"https:\\\/\\\/transportjournal.com\\\/de\\\/2026\\\/01\\\/23\\\/emirates-skycargo-dauerhaft-auf-lgg\\\/#breadcrumb\",\"itemListElement\":[{\"@type\":\"ListItem\",\"position\":1,\"name\":\"Startseite\",\"item\":\"https:\\\/\\\/transportjournal.com\\\/de\\\/\"},{\"@type\":\"ListItem\",\"position\":2,\"name\":\"Emirates SkyCargo dauerhaft auf LGG\"}]},{\"@type\":\"WebSite\",\"@id\":\"https:\\\/\\\/transportjournal.com\\\/de\\\/#website\",\"url\":\"https:\\\/\\\/transportjournal.com\\\/de\\\/\",\"name\":\"ITJ | International Transport Journal\",\"description\":\"Stay informed with the latest global news from the transport, logistics, and supply chain industries. Transport Journal delivers expert insights, analysis, and updates across shipping, aviation, intermodal, and forwarding.\",\"publisher\":{\"@id\":\"https:\\\/\\\/transportjournal.com\\\/de\\\/#organization\"},\"potentialAction\":[{\"@type\":\"SearchAction\",\"target\":{\"@type\":\"EntryPoint\",\"urlTemplate\":\"https:\\\/\\\/transportjournal.com\\\/de\\\/?s={search_term_string}\"},\"query-input\":{\"@type\":\"PropertyValueSpecification\",\"valueRequired\":true,\"valueName\":\"search_term_string\"}}],\"inLanguage\":\"de\"},{\"@type\":\"Organization\",\"@id\":\"https:\\\/\\\/transportjournal.com\\\/de\\\/#organization\",\"name\":\"Groupe Logismedia AG\",\"alternateName\":\"Logismedia Group AG\",\"url\":\"https:\\\/\\\/transportjournal.com\\\/de\\\/\",\"logo\":{\"@type\":\"ImageObject\",\"inLanguage\":\"de\",\"@id\":\"https:\\\/\\\/transportjournal.com\\\/de\\\/#\\\/schema\\\/logo\\\/image\\\/\",\"url\":\"https:\\\/\\\/transportjournal.com\\\/wp-content\\\/uploads\\\/sites\\\/2\\\/2025\\\/09\\\/Logo_ITJ.png\",\"contentUrl\":\"https:\\\/\\\/transportjournal.com\\\/wp-content\\\/uploads\\\/sites\\\/2\\\/2025\\\/09\\\/Logo_ITJ.png\",\"width\":799,\"height\":326,\"caption\":\"Groupe Logismedia AG\"},\"image\":{\"@id\":\"https:\\\/\\\/transportjournal.com\\\/de\\\/#\\\/schema\\\/logo\\\/image\\\/\"},\"sameAs\":[\"https:\\\/\\\/www.linkedin.com\\\/company\\\/56456496\\\/admin\\\/dashboard\\\/\",\"https:\\\/\\\/www.instagram.com\\\/logismediagroup\\\/\",\"https:\\\/\\\/www.youtube.com\\\/@LogiamediaGroupAG\"]},{\"@type\":\"Person\",\"@id\":\"https:\\\/\\\/transportjournal.com\\\/de\\\/#\\\/schema\\\/person\\\/cf538b3157f15afd7589245a4b3dbd25\",\"name\":\"Andreas Haug\",\"url\":\"https:\\\/\\\/transportjournal.com\\\/de\\\/author\\\/andreas\\\/\"}]}<\/script>\n<!-- \/ Yoast SEO plugin. -->","yoast_head_json":{"title":"Emirates SkyCargo dauerhaft auf LGG - ITJ | International Transport Journal","robots":{"index":"index","follow":"follow","max-snippet":"max-snippet:-1","max-image-preview":"max-image-preview:large","max-video-preview":"max-video-preview:-1"},"canonical":"https:\/\/transportjournal.com\/de\/2026\/01\/23\/emirates-skycargo-dauerhaft-auf-lgg\/","og_locale":"de_DE","og_type":"article","og_title":"Emirates SkyCargo dauerhaft auf LGG - ITJ | International Transport Journal","og_description":"Emirates SkyCargo erweitert sein Frachtflugnetz um L\u00fcttich in Belgien, um die wachsende Nachfrage zu bedienen und die Frachtkapazit\u00e4t erheblich zu erh\u00f6hen.","og_url":"https:\/\/transportjournal.com\/de\/2026\/01\/23\/emirates-skycargo-dauerhaft-auf-lgg\/","og_site_name":"ITJ | International Transport Journal","article_published_time":"2026-01-23T15:03:25+00:00","og_image":[{"width":2048,"height":1153,"url":"https:\/\/transportjournal.com\/wp-content\/uploads\/sites\/2\/2026\/01\/LGG-Emirates-SkyCargo-556513928_31392595357051186_6402906136866486571_n-aspect-ratio-1400-788.jpg","type":"image\/jpeg"}],"author":"Andreas Haug","twitter_card":"summary_large_image","twitter_misc":{"Verfasst von":"Andreas Haug","Gesch\u00e4tzte Lesezeit":"2\u00a0Minute"},"schema":{"@context":"https:\/\/schema.org","@graph":[{"@type":"Article","@id":"https:\/\/transportjournal.com\/de\/2026\/01\/23\/emirates-skycargo-dauerhaft-auf-lgg\/#article","isPartOf":{"@id":"https:\/\/transportjournal.com\/de\/2026\/01\/23\/emirates-skycargo-dauerhaft-auf-lgg\/"},"author":{"name":"Andreas Haug","@id":"https:\/\/transportjournal.com\/de\/#\/schema\/person\/cf538b3157f15afd7589245a4b3dbd25"},"headline":"Emirates SkyCargo dauerhaft auf LGG","datePublished":"2026-01-23T15:03:25+00:00","mainEntityOfPage":{"@id":"https:\/\/transportjournal.com\/de\/2026\/01\/23\/emirates-skycargo-dauerhaft-auf-lgg\/"},"wordCount":451,"commentCount":0,"publisher":{"@id":"https:\/\/transportjournal.com\/de\/#organization"},"image":{"@id":"https:\/\/transportjournal.com\/de\/2026\/01\/23\/emirates-skycargo-dauerhaft-auf-lgg\/#primaryimage"},"thumbnailUrl":"https:\/\/transportjournal.com\/wp-content\/uploads\/sites\/2\/2026\/01\/LGG-Emirates-SkyCargo-556513928_31392595357051186_6402906136866486571_n-aspect-ratio-1400-788.jpg","keywords":["ad-hoc cargo flights","Ad-hoc-Frachtfl\u00fcge","a\u00e9roport de Li\u00e8ge","air freight","air freight industry","augmenter la capacit\u00e9 de fret","avions cargo","cargo aircraft Fran\u00e7ais Emirates SkyCargo","cargo flights","cargo network Europe","comp\u00e9titions internationales","Deutsch Emirates SkyCargo","e-commerce shipments","E-Commerce-Pakete","envois e-commerce","Frachtfl\u00fcge","Frachtflugnetz Europa","Frachtflugzeuge English Emirates SkyCargo","Frachtkapazit\u00e4t erh\u00f6hen","Frachtvolumen 2025","Frachtzentrum Belgien","freight hub Belgium","freight volume 2025","fret a\u00e9rien","golden triangle","goldenes Dreieck","hub de fret Belgique","increase cargo capacity","industrie du fret a\u00e9rien","international competitions","internationale Wettbewerbe","Liege Airport","logistique sous temp\u00e9rature contr\u00f4l\u00e9e","Luftfracht","Luftfrachtindustrie","pharmaceuticals transport","Pharmazeutika Transport","r\u00e9seau de fret Europe","temperature-controlled logistics","temperaturkontrollierte Logistik","transport de produits pharmaceutiques","triangle d'or","vols cargo","vols cargo ad hoc","volume de fret 2025"],"articleSection":["Europa","Luftfracht","Naher Osten"],"inLanguage":"de","potentialAction":[{"@type":"CommentAction","name":"Comment","target":["https:\/\/transportjournal.com\/de\/2026\/01\/23\/emirates-skycargo-dauerhaft-auf-lgg\/#respond"]}]},{"@type":"WebPage","@id":"https:\/\/transportjournal.com\/de\/2026\/01\/23\/emirates-skycargo-dauerhaft-auf-lgg\/","url":"https:\/\/transportjournal.com\/de\/2026\/01\/23\/emirates-skycargo-dauerhaft-auf-lgg\/","name":"Emirates SkyCargo dauerhaft auf LGG - ITJ | International Transport Journal","isPartOf":{"@id":"https:\/\/transportjournal.com\/de\/#website"},"primaryImageOfPage":{"@id":"https:\/\/transportjournal.com\/de\/2026\/01\/23\/emirates-skycargo-dauerhaft-auf-lgg\/#primaryimage"},"image":{"@id":"https:\/\/transportjournal.com\/de\/2026\/01\/23\/emirates-skycargo-dauerhaft-auf-lgg\/#primaryimage"},"thumbnailUrl":"https:\/\/transportjournal.com\/wp-content\/uploads\/sites\/2\/2026\/01\/LGG-Emirates-SkyCargo-556513928_31392595357051186_6402906136866486571_n-aspect-ratio-1400-788.jpg","datePublished":"2026-01-23T15:03:25+00:00","breadcrumb":{"@id":"https:\/\/transportjournal.com\/de\/2026\/01\/23\/emirates-skycargo-dauerhaft-auf-lgg\/#breadcrumb"},"inLanguage":"de","potentialAction":[{"@type":"ReadAction","target":["https:\/\/transportjournal.com\/de\/2026\/01\/23\/emirates-skycargo-dauerhaft-auf-lgg\/"]}]},{"@type":"ImageObject","inLanguage":"de","@id":"https:\/\/transportjournal.com\/de\/2026\/01\/23\/emirates-skycargo-dauerhaft-auf-lgg\/#primaryimage","url":"https:\/\/transportjournal.com\/wp-content\/uploads\/sites\/2\/2026\/01\/LGG-Emirates-SkyCargo-556513928_31392595357051186_6402906136866486571_n-aspect-ratio-1400-788.jpg","contentUrl":"https:\/\/transportjournal.com\/wp-content\/uploads\/sites\/2\/2026\/01\/LGG-Emirates-SkyCargo-556513928_31392595357051186_6402906136866486571_n-aspect-ratio-1400-788.jpg","width":2048,"height":1153},{"@type":"BreadcrumbList","@id":"https:\/\/transportjournal.com\/de\/2026\/01\/23\/emirates-skycargo-dauerhaft-auf-lgg\/#breadcrumb","itemListElement":[{"@type":"ListItem","position":1,"name":"Startseite","item":"https:\/\/transportjournal.com\/de\/"},{"@type":"ListItem","position":2,"name":"Emirates SkyCargo dauerhaft auf LGG"}]},{"@type":"WebSite","@id":"https:\/\/transportjournal.com\/de\/#website","url":"https:\/\/transportjournal.com\/de\/","name":"ITJ | International Transport Journal","description":"Stay informed with the latest global news from the transport, logistics, and supply chain industries. Transport Journal delivers expert insights, analysis, and updates across shipping, aviation, intermodal, and forwarding.","publisher":{"@id":"https:\/\/transportjournal.com\/de\/#organization"},"potentialAction":[{"@type":"SearchAction","target":{"@type":"EntryPoint","urlTemplate":"https:\/\/transportjournal.com\/de\/?s={search_term_string}"},"query-input":{"@type":"PropertyValueSpecification","valueRequired":true,"valueName":"search_term_string"}}],"inLanguage":"de"},{"@type":"Organization","@id":"https:\/\/transportjournal.com\/de\/#organization","name":"Groupe Logismedia AG","alternateName":"Logismedia Group AG","url":"https:\/\/transportjournal.com\/de\/","logo":{"@type":"ImageObject","inLanguage":"de","@id":"https:\/\/transportjournal.com\/de\/#\/schema\/logo\/image\/","url":"https:\/\/transportjournal.com\/wp-content\/uploads\/sites\/2\/2025\/09\/Logo_ITJ.png","contentUrl":"https:\/\/transportjournal.com\/wp-content\/uploads\/sites\/2\/2025\/09\/Logo_ITJ.png","width":799,"height":326,"caption":"Groupe Logismedia AG"},"image":{"@id":"https:\/\/transportjournal.com\/de\/#\/schema\/logo\/image\/"},"sameAs":["https:\/\/www.linkedin.com\/company\/56456496\/admin\/dashboard\/","https:\/\/www.instagram.com\/logismediagroup\/","https:\/\/www.youtube.com\/@LogiamediaGroupAG"]},{"@type":"Person","@id":"https:\/\/transportjournal.com\/de\/#\/schema\/person\/cf538b3157f15afd7589245a4b3dbd25","name":"Andreas Haug","url":"https:\/\/transportjournal.com\/de\/author\/andreas\/"}]}},"_links":{"self":[{"href":"https:\/\/transportjournal.com\/de\/wp-json\/wp\/v2\/posts\/74248","targetHints":{"allow":["GET"]}}],"collection":[{"href":"https:\/\/transportjournal.com\/de\/wp-json\/wp\/v2\/posts"}],"about":[{"href":"https:\/\/transportjournal.com\/de\/wp-json\/wp\/v2\/types\/post"}],"author":[{"embeddable":true,"href":"https:\/\/transportjournal.com\/de\/wp-json\/wp\/v2\/users\/12"}],"replies":[{"embeddable":true,"href":"https:\/\/transportjournal.com\/de\/wp-json\/wp\/v2\/comments?post=74248"}],"version-history":[{"count":0,"href":"https:\/\/transportjournal.com\/de\/wp-json\/wp\/v2\/posts\/74248\/revisions"}],"wp:featuredmedia":[{"embeddable":true,"href":"https:\/\/transportjournal.com\/de\/wp-json\/wp\/v2\/media\/74247"}],"wp:attachment":[{"href":"https:\/\/transportjournal.com\/de\/wp-json\/wp\/v2\/media?parent=74248"}],"wp:term":[{"taxonomy":"category","embeddable":true,"href":"https:\/\/transportjournal.com\/de\/wp-json\/wp\/v2\/categories?post=74248"},{"taxonomy":"post_tag","embeddable":true,"href":"https:\/\/transportjournal.com\/de\/wp-json\/wp\/v2\/tags?post=74248"}],"curies":[{"name":"wp","href":"https:\/\/api.w.org\/{rel}","templated":true}]}}