{"id":74222,"date":"2026-01-23T08:23:52","date_gmt":"2026-01-23T08:23:52","guid":{"rendered":"https:\/\/transportjournal.com\/2026\/01\/23\/ansali-gruppe-feiert-75-jaehriges-bestehen\/"},"modified":"2026-01-23T08:23:52","modified_gmt":"2026-01-23T08:23:52","slug":"ansali-gruppe-feiert-75-jaehriges-bestehen","status":"publish","type":"post","link":"https:\/\/transportjournal.com\/de\/2026\/01\/23\/ansali-gruppe-feiert-75-jaehriges-bestehen\/","title":{"rendered":"Ansali-Gruppe feiert 75-j\u00e4hriges Bestehen"},"content":{"rendered":"<p>Die Ansali-Gruppe aus Chiasso feiert in diesem Jahr ihr 75-j\u00e4hriges Bestehen. Das Unternehmen, das sich auf den internationalen Transport von Waren spezialisiert hat, blickt auf eine lange Geschichte zur\u00fcck, die von Zuverl\u00e4ssigkeit, Pr\u00e4zision und einem hohen Mass an Detailgenauigkeit gepr\u00e4gt ist. Diese Eigenschaften haben es dem Unternehmen erm\u00f6glicht, sich \u00fcber die Jahre hinweg in einem sich st\u00e4ndig ver\u00e4ndernden Markt zu behaupten.<\/p>\n<p>Die Entwicklung von Ansali ist das Ergebnis solider Fachkenntnisse und konsequenter Entscheidungen. Das Unternehmen hat sich stets um die Bed\u00fcrfnisse seiner Kunden gek\u00fcmmert und deren Transportanforderungen weltweit erf\u00fcllt. Diese Kundenorientierung ist ein zentraler Bestandteil der Unternehmensphilosophie, die sich \u00fcber die Jahrzehnte hinweg bew\u00e4hrt hat.<\/p>\n<h3>Ein Blick auf die Vergangenheit und die Zukunft<\/h3>\n<p>Die Geschichte von Ansali ist gepr\u00e4gt von der F\u00e4higkeit, sich an neue M\u00e4rkte und Technologien anzupassen. Das Unternehmen hat es verstanden, sich kontinuierlich weiterzuentwickeln und dabei seinen rigorosen, verantwortungsbewussten Arbeitsansatz beizubehalten. Diese Anpassungsf\u00e4higkeit hat es Ansali erm\u00f6glicht, \u00fcber Generationen hinweg erfolgreich zu agieren und die Qualit\u00e4t des Service stets im Fokus zu behalten.<\/p>\n<p>Anl\u00e4sslich des Jubil\u00e4ums der Firmengr\u00fcndung am 21. Januar 1951 betont das Unternehmen, dass es mit dem gleichen Engagement und der gleichen Vision in die Zukunft blicken m\u00f6chte. Die kontinuierliche Weiterentwicklung und der Drang nach Innovation bleiben zentrale Elemente der Unternehmensstrategie. Ansali zeigt sich bereit, auch in den kommenden Jahren den Herausforderungen des Marktes zu begegnen und die hohen Standards, die es sich gesetzt hat, aufrechtzuerhalten.<\/p>\n<p>&nbsp;<\/p>\n<p><a href=\"https:\/\/www.ansali.net\/\" target=\"_blank\" rel=\"noopener noreferrer\">www.ansali.net<\/a><\/p>\n<p>&nbsp;<\/p>\n","protected":false},"excerpt":{"rendered":"<p>Die Ansali-Gruppe aus Chiasso feiert ihr 75-j\u00e4hriges Bestehen und bleibt weiterhin engagiert, um den hohen Standards im internationalen Transport gerecht zu werden.<\/p>\n","protected":false},"author":12,"featured_media":74221,"comment_status":"open","ping_status":"open","sticky":false,"template":"","format":"standard","meta":{"_acf_changed":false,"footnotes":""},"categories":[1575,1567,1569],"tags":[8954,8955,8956,8957,8958,8959,8960,8961,3739,5180,4231,2700,4091,2123,8962,8963,8964,3745,2075,8965,8966,8967,2279,8968,8969,8970,8971,6478,8972,8973,2282,8974,8975,8976,5112,4254,8977,8978,6489,8979,8980,8981,8982,8983,8984,8985,8986,5119,2106,5120,6500,3536,3537,2837,8987,8988,8989],"class_list":["post-74222","post","type-post","status-publish","format-standard","has-post-thumbnail","hentry","category-europa","category-wechsel-weltweit","category-logistik-spedition","tag-75-ans-dansali","tag-75-jahre-ansali","tag-75-years-of-ansali","tag-adaptation-au-marche-dans-le-transport","tag-ansali-company-history","tag-ansali-unternehmensgeschichte","tag-customer-orientation-in-logistics","tag-deutsch-ansali","tag-developpement-des-infrastructures","tag-digitalisierung-im-transport","tag-digitalization-in-transport","tag-fachkraeftemangel-in-der-logistik","tag-freight-transport","tag-gestion-de-la-chaine-dapprovisionnement","tag-gestion-de-la-qualite-en-logistique","tag-hafenbetrieb-chiasso","tag-histoire-de-lentreprise-ansali","tag-infrastructure-development","tag-infrastrukturentwicklung","tag-innovation-en-logistique","tag-innovation-in-der-logistik-english-ansali","tag-innovation-in-logistics-francais-ansali","tag-international-logistics","tag-international-transport-markets","tag-internationale-transportmaerkte","tag-internationales-transportwesen","tag-kundenorientierung-in-der-logistik","tag-labor-shortage-in-logistics","tag-logistics-provider-switzerland","tag-logistikdienstleister-schweiz","tag-logistique-internationale","tag-marches-du-transport-international","tag-market-adaptation-in-transport","tag-marktanpassung-im-transport","tag-nachhaltige-logistikloesungen","tag-numerisation-dans-le-transport","tag-operations-portuaires-chiasso","tag-orientation-client-en-logistique","tag-penurie-de-main-doeuvre-en-logistique","tag-port-operations-chiasso","tag-praeziser-transport","tag-precise-transportation","tag-prestataire-logistique-suisse","tag-qualitaetsmanagement-in-der-logistik","tag-quality-management-in-logistics","tag-responsabilite-dans-lindustrie-du-transport","tag-responsibility-in-transport-industry","tag-solutions-logistiques-durables","tag-supply-chain-management","tag-sustainable-logistics-solutions","tag-technologie-en-logistique","tag-technologie-in-der-logistik","tag-technology-in-logistics","tag-transport-de-marchandises","tag-transport-precis","tag-transport-von-waren","tag-verantwortung-in-der-transportwirtschaft"],"acf":[],"yoast_head":"<!-- This site is optimized with the Yoast SEO plugin v27.3 - https:\/\/yoast.com\/product\/yoast-seo-wordpress\/ -->\n<title>Ansali-Gruppe feiert 75-j\u00e4hriges Bestehen - ITJ | International Transport Journal<\/title>\n<meta name=\"robots\" content=\"index, follow, max-snippet:-1, max-image-preview:large, max-video-preview:-1\" \/>\n<link rel=\"canonical\" href=\"https:\/\/transportjournal.com\/de\/2026\/01\/23\/ansali-gruppe-feiert-75-jaehriges-bestehen\/\" \/>\n<meta property=\"og:locale\" content=\"de_DE\" \/>\n<meta property=\"og:type\" content=\"article\" \/>\n<meta property=\"og:title\" content=\"Ansali-Gruppe feiert 75-j\u00e4hriges Bestehen - ITJ | International Transport Journal\" \/>\n<meta property=\"og:description\" content=\"Die Ansali-Gruppe aus Chiasso feiert ihr 75-j\u00e4hriges Bestehen und bleibt weiterhin engagiert, um den hohen Standards im internationalen Transport gerecht zu werden.\" \/>\n<meta property=\"og:url\" content=\"https:\/\/transportjournal.com\/de\/2026\/01\/23\/ansali-gruppe-feiert-75-jaehriges-bestehen\/\" \/>\n<meta property=\"og:site_name\" content=\"ITJ | International Transport Journal\" \/>\n<meta property=\"article:published_time\" content=\"2026-01-23T08:23:52+00:00\" \/>\n<meta property=\"og:image\" content=\"https:\/\/transportjournal.com\/wp-content\/uploads\/sites\/2\/2026\/01\/Ansali-1768904340448-aspect-ratio-1400-788.jpg\" \/>\n\t<meta property=\"og:image:width\" content=\"1280\" \/>\n\t<meta property=\"og:image:height\" content=\"721\" \/>\n\t<meta property=\"og:image:type\" content=\"image\/jpeg\" \/>\n<meta name=\"author\" content=\"Andreas Haug\" \/>\n<meta name=\"twitter:card\" content=\"summary_large_image\" \/>\n<meta name=\"twitter:label1\" content=\"Verfasst von\" \/>\n\t<meta name=\"twitter:data1\" content=\"Andreas Haug\" \/>\n\t<meta name=\"twitter:label2\" content=\"Gesch\u00e4tzte Lesezeit\" \/>\n\t<meta name=\"twitter:data2\" content=\"1\u00a0Minute\" \/>\n<script type=\"application\/ld+json\" class=\"yoast-schema-graph\">{\"@context\":\"https:\\\/\\\/schema.org\",\"@graph\":[{\"@type\":\"Article\",\"@id\":\"https:\\\/\\\/transportjournal.com\\\/de\\\/2026\\\/01\\\/23\\\/ansali-gruppe-feiert-75-jaehriges-bestehen\\\/#article\",\"isPartOf\":{\"@id\":\"https:\\\/\\\/transportjournal.com\\\/de\\\/2026\\\/01\\\/23\\\/ansali-gruppe-feiert-75-jaehriges-bestehen\\\/\"},\"author\":{\"name\":\"Andreas Haug\",\"@id\":\"https:\\\/\\\/transportjournal.com\\\/de\\\/#\\\/schema\\\/person\\\/cf538b3157f15afd7589245a4b3dbd25\"},\"headline\":\"Ansali-Gruppe feiert 75-j\u00e4hriges Bestehen\",\"datePublished\":\"2026-01-23T08:23:52+00:00\",\"mainEntityOfPage\":{\"@id\":\"https:\\\/\\\/transportjournal.com\\\/de\\\/2026\\\/01\\\/23\\\/ansali-gruppe-feiert-75-jaehriges-bestehen\\\/\"},\"wordCount\":261,\"commentCount\":0,\"publisher\":{\"@id\":\"https:\\\/\\\/transportjournal.com\\\/de\\\/#organization\"},\"image\":{\"@id\":\"https:\\\/\\\/transportjournal.com\\\/de\\\/2026\\\/01\\\/23\\\/ansali-gruppe-feiert-75-jaehriges-bestehen\\\/#primaryimage\"},\"thumbnailUrl\":\"https:\\\/\\\/transportjournal.com\\\/wp-content\\\/uploads\\\/sites\\\/2\\\/2026\\\/01\\\/Ansali-1768904340448-aspect-ratio-1400-788.jpg\",\"keywords\":[\"75 ans d'Ansali\",\"75 Jahre Ansali\",\"75 years of Ansali\",\"adaptation au march\u00e9 dans le transport\",\"Ansali company history\",\"Ansali Unternehmensgeschichte\",\"customer orientation in logistics\",\"Deutsch Ansali\",\"d\u00e9veloppement des infrastructures\",\"Digitalisierung im Transport\",\"digitalization in transport\",\"Fachkr\u00e4ftemangel in der Logistik\",\"freight transport\",\"gestion de la cha\u00eene d'approvisionnement\",\"gestion de la qualit\u00e9 en logistique\",\"Hafenbetrieb Chiasso\",\"histoire de l'entreprise Ansali\",\"infrastructure development\",\"Infrastrukturentwicklung\",\"innovation en logistique\",\"Innovation in der Logistik English Ansali\",\"innovation in logistics Fran\u00e7ais Ansali\",\"international logistics\",\"international transport markets\",\"internationale Transportm\u00e4rkte\",\"internationales Transportwesen\",\"Kundenorientierung in der Logistik\",\"labor shortage in logistics\",\"logistics provider Switzerland\",\"Logistikdienstleister Schweiz\",\"logistique internationale\",\"march\u00e9s du transport international\",\"market adaptation in transport\",\"Marktanpassung im Transport\",\"nachhaltige Logistikl\u00f6sungen\",\"num\u00e9risation dans le transport\",\"op\u00e9rations portuaires Chiasso\",\"orientation client en logistique\",\"p\u00e9nurie de main-d'\u0153uvre en logistique\",\"port operations Chiasso\",\"pr\u00e4ziser Transport\",\"precise transportation\",\"prestataire logistique Suisse\",\"Qualit\u00e4tsmanagement in der Logistik\",\"quality management in logistics\",\"responsabilit\u00e9 dans l'industrie du transport\",\"responsibility in transport industry\",\"solutions logistiques durables\",\"Supply Chain Management\",\"sustainable logistics solutions\",\"technologie en logistique\",\"Technologie in der Logistik\",\"technology in logistics\",\"transport de marchandises\",\"transport pr\u00e9cis\",\"Transport von Waren\",\"Verantwortung in der Transportwirtschaft\"],\"articleSection\":[\"Europa\",\"Menschen &amp; Unternehmen\",\"Spedition &amp; Logistik\"],\"inLanguage\":\"de\",\"potentialAction\":[{\"@type\":\"CommentAction\",\"name\":\"Comment\",\"target\":[\"https:\\\/\\\/transportjournal.com\\\/de\\\/2026\\\/01\\\/23\\\/ansali-gruppe-feiert-75-jaehriges-bestehen\\\/#respond\"]}]},{\"@type\":\"WebPage\",\"@id\":\"https:\\\/\\\/transportjournal.com\\\/de\\\/2026\\\/01\\\/23\\\/ansali-gruppe-feiert-75-jaehriges-bestehen\\\/\",\"url\":\"https:\\\/\\\/transportjournal.com\\\/de\\\/2026\\\/01\\\/23\\\/ansali-gruppe-feiert-75-jaehriges-bestehen\\\/\",\"name\":\"Ansali-Gruppe feiert 75-j\u00e4hriges Bestehen - ITJ | International Transport Journal\",\"isPartOf\":{\"@id\":\"https:\\\/\\\/transportjournal.com\\\/de\\\/#website\"},\"primaryImageOfPage\":{\"@id\":\"https:\\\/\\\/transportjournal.com\\\/de\\\/2026\\\/01\\\/23\\\/ansali-gruppe-feiert-75-jaehriges-bestehen\\\/#primaryimage\"},\"image\":{\"@id\":\"https:\\\/\\\/transportjournal.com\\\/de\\\/2026\\\/01\\\/23\\\/ansali-gruppe-feiert-75-jaehriges-bestehen\\\/#primaryimage\"},\"thumbnailUrl\":\"https:\\\/\\\/transportjournal.com\\\/wp-content\\\/uploads\\\/sites\\\/2\\\/2026\\\/01\\\/Ansali-1768904340448-aspect-ratio-1400-788.jpg\",\"datePublished\":\"2026-01-23T08:23:52+00:00\",\"breadcrumb\":{\"@id\":\"https:\\\/\\\/transportjournal.com\\\/de\\\/2026\\\/01\\\/23\\\/ansali-gruppe-feiert-75-jaehriges-bestehen\\\/#breadcrumb\"},\"inLanguage\":\"de\",\"potentialAction\":[{\"@type\":\"ReadAction\",\"target\":[\"https:\\\/\\\/transportjournal.com\\\/de\\\/2026\\\/01\\\/23\\\/ansali-gruppe-feiert-75-jaehriges-bestehen\\\/\"]}]},{\"@type\":\"ImageObject\",\"inLanguage\":\"de\",\"@id\":\"https:\\\/\\\/transportjournal.com\\\/de\\\/2026\\\/01\\\/23\\\/ansali-gruppe-feiert-75-jaehriges-bestehen\\\/#primaryimage\",\"url\":\"https:\\\/\\\/transportjournal.com\\\/wp-content\\\/uploads\\\/sites\\\/2\\\/2026\\\/01\\\/Ansali-1768904340448-aspect-ratio-1400-788.jpg\",\"contentUrl\":\"https:\\\/\\\/transportjournal.com\\\/wp-content\\\/uploads\\\/sites\\\/2\\\/2026\\\/01\\\/Ansali-1768904340448-aspect-ratio-1400-788.jpg\",\"width\":1280,\"height\":721},{\"@type\":\"BreadcrumbList\",\"@id\":\"https:\\\/\\\/transportjournal.com\\\/de\\\/2026\\\/01\\\/23\\\/ansali-gruppe-feiert-75-jaehriges-bestehen\\\/#breadcrumb\",\"itemListElement\":[{\"@type\":\"ListItem\",\"position\":1,\"name\":\"Startseite\",\"item\":\"https:\\\/\\\/transportjournal.com\\\/de\\\/\"},{\"@type\":\"ListItem\",\"position\":2,\"name\":\"Ansali-Gruppe feiert 75-j\u00e4hriges Bestehen\"}]},{\"@type\":\"WebSite\",\"@id\":\"https:\\\/\\\/transportjournal.com\\\/de\\\/#website\",\"url\":\"https:\\\/\\\/transportjournal.com\\\/de\\\/\",\"name\":\"ITJ | International Transport Journal\",\"description\":\"Stay informed with the latest global news from the transport, logistics, and supply chain industries. Transport Journal delivers expert insights, analysis, and updates across shipping, aviation, intermodal, and forwarding.\",\"publisher\":{\"@id\":\"https:\\\/\\\/transportjournal.com\\\/de\\\/#organization\"},\"potentialAction\":[{\"@type\":\"SearchAction\",\"target\":{\"@type\":\"EntryPoint\",\"urlTemplate\":\"https:\\\/\\\/transportjournal.com\\\/de\\\/?s={search_term_string}\"},\"query-input\":{\"@type\":\"PropertyValueSpecification\",\"valueRequired\":true,\"valueName\":\"search_term_string\"}}],\"inLanguage\":\"de\"},{\"@type\":\"Organization\",\"@id\":\"https:\\\/\\\/transportjournal.com\\\/de\\\/#organization\",\"name\":\"Groupe Logismedia AG\",\"alternateName\":\"Logismedia Group AG\",\"url\":\"https:\\\/\\\/transportjournal.com\\\/de\\\/\",\"logo\":{\"@type\":\"ImageObject\",\"inLanguage\":\"de\",\"@id\":\"https:\\\/\\\/transportjournal.com\\\/de\\\/#\\\/schema\\\/logo\\\/image\\\/\",\"url\":\"https:\\\/\\\/transportjournal.com\\\/wp-content\\\/uploads\\\/sites\\\/2\\\/2025\\\/09\\\/Logo_ITJ.png\",\"contentUrl\":\"https:\\\/\\\/transportjournal.com\\\/wp-content\\\/uploads\\\/sites\\\/2\\\/2025\\\/09\\\/Logo_ITJ.png\",\"width\":799,\"height\":326,\"caption\":\"Groupe Logismedia AG\"},\"image\":{\"@id\":\"https:\\\/\\\/transportjournal.com\\\/de\\\/#\\\/schema\\\/logo\\\/image\\\/\"},\"sameAs\":[\"https:\\\/\\\/www.linkedin.com\\\/company\\\/56456496\\\/admin\\\/dashboard\\\/\",\"https:\\\/\\\/www.instagram.com\\\/logismediagroup\\\/\",\"https:\\\/\\\/www.youtube.com\\\/@LogiamediaGroupAG\"]},{\"@type\":\"Person\",\"@id\":\"https:\\\/\\\/transportjournal.com\\\/de\\\/#\\\/schema\\\/person\\\/cf538b3157f15afd7589245a4b3dbd25\",\"name\":\"Andreas Haug\",\"url\":\"https:\\\/\\\/transportjournal.com\\\/de\\\/author\\\/andreas\\\/\"}]}<\/script>\n<!-- \/ Yoast SEO plugin. -->","yoast_head_json":{"title":"Ansali-Gruppe feiert 75-j\u00e4hriges Bestehen - ITJ | International Transport Journal","robots":{"index":"index","follow":"follow","max-snippet":"max-snippet:-1","max-image-preview":"max-image-preview:large","max-video-preview":"max-video-preview:-1"},"canonical":"https:\/\/transportjournal.com\/de\/2026\/01\/23\/ansali-gruppe-feiert-75-jaehriges-bestehen\/","og_locale":"de_DE","og_type":"article","og_title":"Ansali-Gruppe feiert 75-j\u00e4hriges Bestehen - ITJ | International Transport Journal","og_description":"Die Ansali-Gruppe aus Chiasso feiert ihr 75-j\u00e4hriges Bestehen und bleibt weiterhin engagiert, um den hohen Standards im internationalen Transport gerecht zu werden.","og_url":"https:\/\/transportjournal.com\/de\/2026\/01\/23\/ansali-gruppe-feiert-75-jaehriges-bestehen\/","og_site_name":"ITJ | International Transport Journal","article_published_time":"2026-01-23T08:23:52+00:00","og_image":[{"width":1280,"height":721,"url":"https:\/\/transportjournal.com\/wp-content\/uploads\/sites\/2\/2026\/01\/Ansali-1768904340448-aspect-ratio-1400-788.jpg","type":"image\/jpeg"}],"author":"Andreas Haug","twitter_card":"summary_large_image","twitter_misc":{"Verfasst von":"Andreas Haug","Gesch\u00e4tzte Lesezeit":"1\u00a0Minute"},"schema":{"@context":"https:\/\/schema.org","@graph":[{"@type":"Article","@id":"https:\/\/transportjournal.com\/de\/2026\/01\/23\/ansali-gruppe-feiert-75-jaehriges-bestehen\/#article","isPartOf":{"@id":"https:\/\/transportjournal.com\/de\/2026\/01\/23\/ansali-gruppe-feiert-75-jaehriges-bestehen\/"},"author":{"name":"Andreas Haug","@id":"https:\/\/transportjournal.com\/de\/#\/schema\/person\/cf538b3157f15afd7589245a4b3dbd25"},"headline":"Ansali-Gruppe feiert 75-j\u00e4hriges Bestehen","datePublished":"2026-01-23T08:23:52+00:00","mainEntityOfPage":{"@id":"https:\/\/transportjournal.com\/de\/2026\/01\/23\/ansali-gruppe-feiert-75-jaehriges-bestehen\/"},"wordCount":261,"commentCount":0,"publisher":{"@id":"https:\/\/transportjournal.com\/de\/#organization"},"image":{"@id":"https:\/\/transportjournal.com\/de\/2026\/01\/23\/ansali-gruppe-feiert-75-jaehriges-bestehen\/#primaryimage"},"thumbnailUrl":"https:\/\/transportjournal.com\/wp-content\/uploads\/sites\/2\/2026\/01\/Ansali-1768904340448-aspect-ratio-1400-788.jpg","keywords":["75 ans d'Ansali","75 Jahre Ansali","75 years of Ansali","adaptation au march\u00e9 dans le transport","Ansali company history","Ansali Unternehmensgeschichte","customer orientation in logistics","Deutsch Ansali","d\u00e9veloppement des infrastructures","Digitalisierung im Transport","digitalization in transport","Fachkr\u00e4ftemangel in der Logistik","freight transport","gestion de la cha\u00eene d'approvisionnement","gestion de la qualit\u00e9 en logistique","Hafenbetrieb Chiasso","histoire de l'entreprise Ansali","infrastructure development","Infrastrukturentwicklung","innovation en logistique","Innovation in der Logistik English Ansali","innovation in logistics Fran\u00e7ais Ansali","international logistics","international transport markets","internationale Transportm\u00e4rkte","internationales Transportwesen","Kundenorientierung in der Logistik","labor shortage in logistics","logistics provider Switzerland","Logistikdienstleister Schweiz","logistique internationale","march\u00e9s du transport international","market adaptation in transport","Marktanpassung im Transport","nachhaltige Logistikl\u00f6sungen","num\u00e9risation dans le transport","op\u00e9rations portuaires Chiasso","orientation client en logistique","p\u00e9nurie de main-d'\u0153uvre en logistique","port operations Chiasso","pr\u00e4ziser Transport","precise transportation","prestataire logistique Suisse","Qualit\u00e4tsmanagement in der Logistik","quality management in logistics","responsabilit\u00e9 dans l'industrie du transport","responsibility in transport industry","solutions logistiques durables","Supply Chain Management","sustainable logistics solutions","technologie en logistique","Technologie in der Logistik","technology in logistics","transport de marchandises","transport pr\u00e9cis","Transport von Waren","Verantwortung in der Transportwirtschaft"],"articleSection":["Europa","Menschen &amp; Unternehmen","Spedition &amp; Logistik"],"inLanguage":"de","potentialAction":[{"@type":"CommentAction","name":"Comment","target":["https:\/\/transportjournal.com\/de\/2026\/01\/23\/ansali-gruppe-feiert-75-jaehriges-bestehen\/#respond"]}]},{"@type":"WebPage","@id":"https:\/\/transportjournal.com\/de\/2026\/01\/23\/ansali-gruppe-feiert-75-jaehriges-bestehen\/","url":"https:\/\/transportjournal.com\/de\/2026\/01\/23\/ansali-gruppe-feiert-75-jaehriges-bestehen\/","name":"Ansali-Gruppe feiert 75-j\u00e4hriges Bestehen - ITJ | International Transport Journal","isPartOf":{"@id":"https:\/\/transportjournal.com\/de\/#website"},"primaryImageOfPage":{"@id":"https:\/\/transportjournal.com\/de\/2026\/01\/23\/ansali-gruppe-feiert-75-jaehriges-bestehen\/#primaryimage"},"image":{"@id":"https:\/\/transportjournal.com\/de\/2026\/01\/23\/ansali-gruppe-feiert-75-jaehriges-bestehen\/#primaryimage"},"thumbnailUrl":"https:\/\/transportjournal.com\/wp-content\/uploads\/sites\/2\/2026\/01\/Ansali-1768904340448-aspect-ratio-1400-788.jpg","datePublished":"2026-01-23T08:23:52+00:00","breadcrumb":{"@id":"https:\/\/transportjournal.com\/de\/2026\/01\/23\/ansali-gruppe-feiert-75-jaehriges-bestehen\/#breadcrumb"},"inLanguage":"de","potentialAction":[{"@type":"ReadAction","target":["https:\/\/transportjournal.com\/de\/2026\/01\/23\/ansali-gruppe-feiert-75-jaehriges-bestehen\/"]}]},{"@type":"ImageObject","inLanguage":"de","@id":"https:\/\/transportjournal.com\/de\/2026\/01\/23\/ansali-gruppe-feiert-75-jaehriges-bestehen\/#primaryimage","url":"https:\/\/transportjournal.com\/wp-content\/uploads\/sites\/2\/2026\/01\/Ansali-1768904340448-aspect-ratio-1400-788.jpg","contentUrl":"https:\/\/transportjournal.com\/wp-content\/uploads\/sites\/2\/2026\/01\/Ansali-1768904340448-aspect-ratio-1400-788.jpg","width":1280,"height":721},{"@type":"BreadcrumbList","@id":"https:\/\/transportjournal.com\/de\/2026\/01\/23\/ansali-gruppe-feiert-75-jaehriges-bestehen\/#breadcrumb","itemListElement":[{"@type":"ListItem","position":1,"name":"Startseite","item":"https:\/\/transportjournal.com\/de\/"},{"@type":"ListItem","position":2,"name":"Ansali-Gruppe feiert 75-j\u00e4hriges Bestehen"}]},{"@type":"WebSite","@id":"https:\/\/transportjournal.com\/de\/#website","url":"https:\/\/transportjournal.com\/de\/","name":"ITJ | International Transport Journal","description":"Stay informed with the latest global news from the transport, logistics, and supply chain industries. Transport Journal delivers expert insights, analysis, and updates across shipping, aviation, intermodal, and forwarding.","publisher":{"@id":"https:\/\/transportjournal.com\/de\/#organization"},"potentialAction":[{"@type":"SearchAction","target":{"@type":"EntryPoint","urlTemplate":"https:\/\/transportjournal.com\/de\/?s={search_term_string}"},"query-input":{"@type":"PropertyValueSpecification","valueRequired":true,"valueName":"search_term_string"}}],"inLanguage":"de"},{"@type":"Organization","@id":"https:\/\/transportjournal.com\/de\/#organization","name":"Groupe Logismedia AG","alternateName":"Logismedia Group AG","url":"https:\/\/transportjournal.com\/de\/","logo":{"@type":"ImageObject","inLanguage":"de","@id":"https:\/\/transportjournal.com\/de\/#\/schema\/logo\/image\/","url":"https:\/\/transportjournal.com\/wp-content\/uploads\/sites\/2\/2025\/09\/Logo_ITJ.png","contentUrl":"https:\/\/transportjournal.com\/wp-content\/uploads\/sites\/2\/2025\/09\/Logo_ITJ.png","width":799,"height":326,"caption":"Groupe Logismedia AG"},"image":{"@id":"https:\/\/transportjournal.com\/de\/#\/schema\/logo\/image\/"},"sameAs":["https:\/\/www.linkedin.com\/company\/56456496\/admin\/dashboard\/","https:\/\/www.instagram.com\/logismediagroup\/","https:\/\/www.youtube.com\/@LogiamediaGroupAG"]},{"@type":"Person","@id":"https:\/\/transportjournal.com\/de\/#\/schema\/person\/cf538b3157f15afd7589245a4b3dbd25","name":"Andreas Haug","url":"https:\/\/transportjournal.com\/de\/author\/andreas\/"}]}},"_links":{"self":[{"href":"https:\/\/transportjournal.com\/de\/wp-json\/wp\/v2\/posts\/74222","targetHints":{"allow":["GET"]}}],"collection":[{"href":"https:\/\/transportjournal.com\/de\/wp-json\/wp\/v2\/posts"}],"about":[{"href":"https:\/\/transportjournal.com\/de\/wp-json\/wp\/v2\/types\/post"}],"author":[{"embeddable":true,"href":"https:\/\/transportjournal.com\/de\/wp-json\/wp\/v2\/users\/12"}],"replies":[{"embeddable":true,"href":"https:\/\/transportjournal.com\/de\/wp-json\/wp\/v2\/comments?post=74222"}],"version-history":[{"count":0,"href":"https:\/\/transportjournal.com\/de\/wp-json\/wp\/v2\/posts\/74222\/revisions"}],"wp:featuredmedia":[{"embeddable":true,"href":"https:\/\/transportjournal.com\/de\/wp-json\/wp\/v2\/media\/74221"}],"wp:attachment":[{"href":"https:\/\/transportjournal.com\/de\/wp-json\/wp\/v2\/media?parent=74222"}],"wp:term":[{"taxonomy":"category","embeddable":true,"href":"https:\/\/transportjournal.com\/de\/wp-json\/wp\/v2\/categories?post=74222"},{"taxonomy":"post_tag","embeddable":true,"href":"https:\/\/transportjournal.com\/de\/wp-json\/wp\/v2\/tags?post=74222"}],"curies":[{"name":"wp","href":"https:\/\/api.w.org\/{rel}","templated":true}]}}