{"id":74185,"date":"2026-01-23T10:43:30","date_gmt":"2026-01-23T10:43:30","guid":{"rendered":"https:\/\/transportjournal.com\/2026\/01\/23\/blumenexporte-aus-ecuador-starten\/"},"modified":"2026-01-23T10:43:30","modified_gmt":"2026-01-23T10:43:30","slug":"blumenexporte-aus-ecuador-starten","status":"publish","type":"post","link":"https:\/\/transportjournal.com\/de\/2026\/01\/23\/blumenexporte-aus-ecuador-starten\/","title":{"rendered":"Blumenexporte aus Ecuador starten"},"content":{"rendered":"<p>Am 20. Januar 2026 hat am internationalen Flughafen Mariscal Sucre in Quito die Saison f\u00fcr den Export von Blumen anl\u00e4sslich des Valentinstags begonnen. Diese Phase wird bis zum 10. Februar andauern. Laut ersten Sch\u00e4tzungen der Branche wird ein Anstieg der Blumenexporte um 6% im Vergleich zum Vorjahr erwartet.<\/p>\n<p>Im Jahr 2025 verzeichnete Ecuador w\u00e4hrend der erfolgreichsten Saison seiner Geschichte einen Export von insgesamt knapp 29.000 t Blumen. Diese wurden in 534 Fl\u00fcgen ab dem Flughafen Mariscal Sucre verschickt. F\u00fcr die aktuelle Saison wird zudem mit einer Zunahme der Flugverbindungen gerechnet.<\/p>\n<h3>Wichtige Handelsrouten f\u00fcr Blumenexporte<\/h3>\n<p>Die Hauptziele f\u00fcr die Blumen aus Ecuador sind die grossen Verteilzentren in den USA und Europa, insbesondere Miami und Amsterdam. Von diesen Hubs aus werden die Blumen weltweit in verschiedene M\u00e4rkte verteilt.<\/p>\n<p>Die Frachtoperationen am Flughafen Quito zeigen ein kontinuierliches Wachstum, das dem Flughafen den f\u00fcnften Platz in Bezug auf das j\u00e4hrliche Frachtvolumen in Lateinamerika und der Karibik sichert. Im Jahr 2025 wurden insgesamt 407.240 t Fracht in den Kategorien Export, Import und Inlandsfracht transportiert. Betrachtet man ausschlie\u00dflich die Luftfracht-Exporte, so wurden von Quito aus 336.480 t exportiert, was einem Anstieg von 11,2% im Vergleich zu 2024 entspricht.<\/p>\n<p>Ram\u00f3n Mir\u00f3, Pr\u00e4sident und Gesch\u00e4ftsf\u00fchrer der Corporaci\u00f3n Quiport, \u00e4usserte sich positiv zu diesen Entwicklungen. \u201eDer Erfolg im Bereich der Luftfracht ist zweifellos einer der Hauptindikatoren, die wir zur Bewertung des Flughafenbetriebs heranziehen, da er uns erm\u00f6glicht, den Beitrag des Flughafens Quito zu einer f\u00fcr die wirtschaftliche Entwicklung der Stadt und des Landes entscheidenden Aktivit\u00e4t zu erfassen\u201c, so Mir\u00f3.<\/p>\n<p>&nbsp;<\/p>\n<p><a href=\"https:\/\/www.quiport.com\/\" target=\"_blank\" rel=\"noopener noreferrer\">www.quiport.com<\/a><\/p>\n<p>&nbsp;<\/p>\n","protected":false},"excerpt":{"rendered":"<p>Am 20. Januar 2026 begann am Flughafen Mariscal Sucre in Quito die Valentinstags-Export-Saison f\u00fcr Blumen, die bis zum 10. Februar andauert.<\/p>\n","protected":false},"author":12,"featured_media":74184,"comment_status":"open","ping_status":"open","sticky":false,"template":"","format":"standard","meta":{"_acf_changed":false,"footnotes":""},"categories":[1578,1575,1570,1569],"tags":[8851,8852,5212,8853,8854,8855,8856,8857,8858,8859,8860,8861,8862,8863,8864,7059,8865,8866,8867,8868,8869,8870,8871,8872,8873,8874,8875,8876,8877,8878,8879,8880,8881,8882,8883,8884,8885,8886,8887,8888,8889,8890,8891,7081,8892,8893,8894,8895,8896,8897,8898,8899,8900,8901,8902,8903,8904,8905],"class_list":["post-74185","post","type-post","status-publish","format-standard","has-post-thumbnail","hentry","category-amerikas","category-europa","category-luftfracht","category-logistik-spedition","tag-aeroport-mariscal-sucre","tag-air-freight-export-ecuador","tag-air-freight-growth","tag-augmentation-de-lexportation-de-fleurs","tag-blumenexport-anstieg","tag-blumenexport-saison-2026","tag-blumenexport-usa","tag-blumenindustrie-ecuador","tag-blumenlogistik-amsterdam","tag-blumenvermarktung-miami","tag-blumenverteilung-europa","tag-blumenverteilung-weltweit","tag-corporacion-quiport","tag-corporacion-quiport-english-ecuador-flower-export","tag-corporacion-quiport-francais-exportation-de-fleurs-equateur","tag-croissance-du-fret-aerien","tag-deutsch-blumenexport-ecuador","tag-distribution-de-fleurs-europe","tag-distribution-mondiale-de-fleurs","tag-export-statistics-ecuador","tag-exportation-de-fleurs-etats-unis","tag-exportation-de-fleurs-saint-valentin","tag-exportation-de-fret-aerien-equateur","tag-exportstatistik-ecuador","tag-flower-distribution-europe","tag-flower-export-increase","tag-flower-export-season-2026","tag-flower-export-usa","tag-flower-industry-ecuador","tag-flower-logistics-amsterdam","tag-flower-marketing-miami","tag-flughafen-mariscal-sucre","tag-frachtfluege-ecuador","tag-frachtoperationen-quito","tag-frachtvolumen-lateinamerika","tag-freight-flights-ecuador","tag-freight-operations-quito","tag-freight-volume-latin-america","tag-global-flower-distribution","tag-handelsrouten-blumenexport","tag-industrie-florale-equateur","tag-logistique-des-fleurs-amsterdam","tag-luftfracht-export-ecuador","tag-luftfracht-wachstum","tag-mariscal-sucre-airport","tag-marketing-des-fleurs-miami","tag-operations-aeroport-quito","tag-operations-de-fret-quito","tag-quito-airport-operations","tag-quito-flughafenbetrieb","tag-routes-commerciales-exportation-de-fleurs","tag-saison-dexportation-de-fleurs-2026","tag-statistiques-dexportation-equateur","tag-trade-routes-flower-export","tag-valentines-day-flower-export","tag-valentinstag-blumenexport","tag-vols-de-fret-equateur","tag-volume-de-fret-amerique-latine"],"acf":[],"yoast_head":"<!-- This site is optimized with the Yoast SEO plugin v27.3 - https:\/\/yoast.com\/product\/yoast-seo-wordpress\/ -->\n<title>Blumenexporte aus Ecuador starten - ITJ | International Transport Journal<\/title>\n<meta name=\"robots\" content=\"index, follow, max-snippet:-1, max-image-preview:large, max-video-preview:-1\" \/>\n<link rel=\"canonical\" href=\"https:\/\/transportjournal.com\/de\/2026\/01\/23\/blumenexporte-aus-ecuador-starten\/\" \/>\n<meta property=\"og:locale\" content=\"de_DE\" \/>\n<meta property=\"og:type\" content=\"article\" \/>\n<meta property=\"og:title\" content=\"Blumenexporte aus Ecuador starten - ITJ | International Transport Journal\" \/>\n<meta property=\"og:description\" content=\"Am 20. Januar 2026 begann am Flughafen Mariscal Sucre in Quito die Valentinstags-Export-Saison f\u00fcr Blumen, die bis zum 10. Februar andauert.\" \/>\n<meta property=\"og:url\" content=\"https:\/\/transportjournal.com\/de\/2026\/01\/23\/blumenexporte-aus-ecuador-starten\/\" \/>\n<meta property=\"og:site_name\" content=\"ITJ | International Transport Journal\" \/>\n<meta property=\"article:published_time\" content=\"2026-01-23T10:43:30+00:00\" \/>\n<meta property=\"og:image\" content=\"https:\/\/transportjournal.com\/wp-content\/uploads\/sites\/2\/2026\/01\/Quiport-DSC02956-1-scaled-1-aspect-ratio-1400-788.jpg\" \/>\n\t<meta property=\"og:image:width\" content=\"2541\" \/>\n\t<meta property=\"og:image:height\" content=\"1430\" \/>\n\t<meta property=\"og:image:type\" content=\"image\/jpeg\" \/>\n<meta name=\"author\" content=\"Andreas Haug\" \/>\n<meta name=\"twitter:card\" content=\"summary_large_image\" \/>\n<meta name=\"twitter:label1\" content=\"Verfasst von\" \/>\n\t<meta name=\"twitter:data1\" content=\"Andreas Haug\" \/>\n\t<meta name=\"twitter:label2\" content=\"Gesch\u00e4tzte Lesezeit\" \/>\n\t<meta name=\"twitter:data2\" content=\"1\u00a0Minute\" \/>\n<script type=\"application\/ld+json\" class=\"yoast-schema-graph\">{\"@context\":\"https:\\\/\\\/schema.org\",\"@graph\":[{\"@type\":\"Article\",\"@id\":\"https:\\\/\\\/transportjournal.com\\\/de\\\/2026\\\/01\\\/23\\\/blumenexporte-aus-ecuador-starten\\\/#article\",\"isPartOf\":{\"@id\":\"https:\\\/\\\/transportjournal.com\\\/de\\\/2026\\\/01\\\/23\\\/blumenexporte-aus-ecuador-starten\\\/\"},\"author\":{\"name\":\"Andreas Haug\",\"@id\":\"https:\\\/\\\/transportjournal.com\\\/de\\\/#\\\/schema\\\/person\\\/cf538b3157f15afd7589245a4b3dbd25\"},\"headline\":\"Blumenexporte aus Ecuador starten\",\"datePublished\":\"2026-01-23T10:43:30+00:00\",\"mainEntityOfPage\":{\"@id\":\"https:\\\/\\\/transportjournal.com\\\/de\\\/2026\\\/01\\\/23\\\/blumenexporte-aus-ecuador-starten\\\/\"},\"wordCount\":267,\"commentCount\":0,\"publisher\":{\"@id\":\"https:\\\/\\\/transportjournal.com\\\/de\\\/#organization\"},\"image\":{\"@id\":\"https:\\\/\\\/transportjournal.com\\\/de\\\/2026\\\/01\\\/23\\\/blumenexporte-aus-ecuador-starten\\\/#primaryimage\"},\"thumbnailUrl\":\"https:\\\/\\\/transportjournal.com\\\/wp-content\\\/uploads\\\/sites\\\/2\\\/2026\\\/01\\\/Quiport-DSC02956-1-scaled-1-aspect-ratio-1400-788.jpg\",\"keywords\":[\"a\u00e9roport Mariscal Sucre\",\"air freight export Ecuador\",\"air freight growth\",\"augmentation de l'exportation de fleurs\",\"Blumenexport Anstieg\",\"Blumenexport Saison 2026\",\"Blumenexport USA\",\"Blumenindustrie Ecuador\",\"Blumenlogistik Amsterdam\",\"Blumenvermarktung Miami\",\"Blumenverteilung Europa\",\"Blumenverteilung weltweit\",\"Corporaci\u00f3n Quiport\",\"Corporaci\u00f3n Quiport English Ecuador flower export\",\"Corporaci\u00f3n Quiport Fran\u00e7ais exportation de fleurs \u00c9quateur\",\"croissance du fret a\u00e9rien\",\"Deutsch Blumenexport Ecuador\",\"distribution de fleurs Europe\",\"distribution mondiale de fleurs\",\"export statistics Ecuador\",\"exportation de fleurs \u00c9tats-Unis\",\"exportation de fleurs Saint-Valentin\",\"exportation de fret a\u00e9rien \u00c9quateur\",\"Exportstatistik Ecuador\",\"flower distribution Europe\",\"flower export increase\",\"flower export season 2026\",\"flower export USA\",\"flower industry Ecuador\",\"flower logistics Amsterdam\",\"flower marketing Miami\",\"Flughafen Mariscal Sucre\",\"Frachtfl\u00fcge Ecuador\",\"Frachtoperationen Quito\",\"Frachtvolumen Lateinamerika\",\"freight flights Ecuador\",\"freight operations Quito\",\"freight volume Latin America\",\"global flower distribution\",\"Handelsrouten Blumenexport\",\"industrie florale \u00c9quateur\",\"logistique des fleurs Amsterdam\",\"Luftfracht Export Ecuador\",\"Luftfracht Wachstum\",\"Mariscal Sucre airport\",\"marketing des fleurs Miami\",\"op\u00e9rations a\u00e9roport Quito\",\"op\u00e9rations de fret Quito\",\"Quito airport operations\",\"Quito Flughafenbetrieb\",\"routes commerciales exportation de fleurs\",\"saison d'exportation de fleurs 2026\",\"statistiques d'exportation \u00c9quateur\",\"trade routes flower export\",\"Valentine's Day flower export\",\"Valentinstag Blumenexport\",\"vols de fret \u00c9quateur\",\"volume de fret Am\u00e9rique Latine\"],\"articleSection\":[\"Amerikas\",\"Europa\",\"Luftfracht\",\"Spedition &amp; Logistik\"],\"inLanguage\":\"de\",\"potentialAction\":[{\"@type\":\"CommentAction\",\"name\":\"Comment\",\"target\":[\"https:\\\/\\\/transportjournal.com\\\/de\\\/2026\\\/01\\\/23\\\/blumenexporte-aus-ecuador-starten\\\/#respond\"]}]},{\"@type\":\"WebPage\",\"@id\":\"https:\\\/\\\/transportjournal.com\\\/de\\\/2026\\\/01\\\/23\\\/blumenexporte-aus-ecuador-starten\\\/\",\"url\":\"https:\\\/\\\/transportjournal.com\\\/de\\\/2026\\\/01\\\/23\\\/blumenexporte-aus-ecuador-starten\\\/\",\"name\":\"Blumenexporte aus Ecuador starten - ITJ | International Transport Journal\",\"isPartOf\":{\"@id\":\"https:\\\/\\\/transportjournal.com\\\/de\\\/#website\"},\"primaryImageOfPage\":{\"@id\":\"https:\\\/\\\/transportjournal.com\\\/de\\\/2026\\\/01\\\/23\\\/blumenexporte-aus-ecuador-starten\\\/#primaryimage\"},\"image\":{\"@id\":\"https:\\\/\\\/transportjournal.com\\\/de\\\/2026\\\/01\\\/23\\\/blumenexporte-aus-ecuador-starten\\\/#primaryimage\"},\"thumbnailUrl\":\"https:\\\/\\\/transportjournal.com\\\/wp-content\\\/uploads\\\/sites\\\/2\\\/2026\\\/01\\\/Quiport-DSC02956-1-scaled-1-aspect-ratio-1400-788.jpg\",\"datePublished\":\"2026-01-23T10:43:30+00:00\",\"breadcrumb\":{\"@id\":\"https:\\\/\\\/transportjournal.com\\\/de\\\/2026\\\/01\\\/23\\\/blumenexporte-aus-ecuador-starten\\\/#breadcrumb\"},\"inLanguage\":\"de\",\"potentialAction\":[{\"@type\":\"ReadAction\",\"target\":[\"https:\\\/\\\/transportjournal.com\\\/de\\\/2026\\\/01\\\/23\\\/blumenexporte-aus-ecuador-starten\\\/\"]}]},{\"@type\":\"ImageObject\",\"inLanguage\":\"de\",\"@id\":\"https:\\\/\\\/transportjournal.com\\\/de\\\/2026\\\/01\\\/23\\\/blumenexporte-aus-ecuador-starten\\\/#primaryimage\",\"url\":\"https:\\\/\\\/transportjournal.com\\\/wp-content\\\/uploads\\\/sites\\\/2\\\/2026\\\/01\\\/Quiport-DSC02956-1-scaled-1-aspect-ratio-1400-788.jpg\",\"contentUrl\":\"https:\\\/\\\/transportjournal.com\\\/wp-content\\\/uploads\\\/sites\\\/2\\\/2026\\\/01\\\/Quiport-DSC02956-1-scaled-1-aspect-ratio-1400-788.jpg\",\"width\":2541,\"height\":1430},{\"@type\":\"BreadcrumbList\",\"@id\":\"https:\\\/\\\/transportjournal.com\\\/de\\\/2026\\\/01\\\/23\\\/blumenexporte-aus-ecuador-starten\\\/#breadcrumb\",\"itemListElement\":[{\"@type\":\"ListItem\",\"position\":1,\"name\":\"Startseite\",\"item\":\"https:\\\/\\\/transportjournal.com\\\/de\\\/\"},{\"@type\":\"ListItem\",\"position\":2,\"name\":\"Blumenexporte aus Ecuador starten\"}]},{\"@type\":\"WebSite\",\"@id\":\"https:\\\/\\\/transportjournal.com\\\/de\\\/#website\",\"url\":\"https:\\\/\\\/transportjournal.com\\\/de\\\/\",\"name\":\"ITJ | International Transport Journal\",\"description\":\"Stay informed with the latest global news from the transport, logistics, and supply chain industries. Transport Journal delivers expert insights, analysis, and updates across shipping, aviation, intermodal, and forwarding.\",\"publisher\":{\"@id\":\"https:\\\/\\\/transportjournal.com\\\/de\\\/#organization\"},\"potentialAction\":[{\"@type\":\"SearchAction\",\"target\":{\"@type\":\"EntryPoint\",\"urlTemplate\":\"https:\\\/\\\/transportjournal.com\\\/de\\\/?s={search_term_string}\"},\"query-input\":{\"@type\":\"PropertyValueSpecification\",\"valueRequired\":true,\"valueName\":\"search_term_string\"}}],\"inLanguage\":\"de\"},{\"@type\":\"Organization\",\"@id\":\"https:\\\/\\\/transportjournal.com\\\/de\\\/#organization\",\"name\":\"Groupe Logismedia AG\",\"alternateName\":\"Logismedia Group AG\",\"url\":\"https:\\\/\\\/transportjournal.com\\\/de\\\/\",\"logo\":{\"@type\":\"ImageObject\",\"inLanguage\":\"de\",\"@id\":\"https:\\\/\\\/transportjournal.com\\\/de\\\/#\\\/schema\\\/logo\\\/image\\\/\",\"url\":\"https:\\\/\\\/transportjournal.com\\\/wp-content\\\/uploads\\\/sites\\\/2\\\/2025\\\/09\\\/Logo_ITJ.png\",\"contentUrl\":\"https:\\\/\\\/transportjournal.com\\\/wp-content\\\/uploads\\\/sites\\\/2\\\/2025\\\/09\\\/Logo_ITJ.png\",\"width\":799,\"height\":326,\"caption\":\"Groupe Logismedia AG\"},\"image\":{\"@id\":\"https:\\\/\\\/transportjournal.com\\\/de\\\/#\\\/schema\\\/logo\\\/image\\\/\"},\"sameAs\":[\"https:\\\/\\\/www.linkedin.com\\\/company\\\/56456496\\\/admin\\\/dashboard\\\/\",\"https:\\\/\\\/www.instagram.com\\\/logismediagroup\\\/\",\"https:\\\/\\\/www.youtube.com\\\/@LogiamediaGroupAG\"]},{\"@type\":\"Person\",\"@id\":\"https:\\\/\\\/transportjournal.com\\\/de\\\/#\\\/schema\\\/person\\\/cf538b3157f15afd7589245a4b3dbd25\",\"name\":\"Andreas Haug\",\"url\":\"https:\\\/\\\/transportjournal.com\\\/de\\\/author\\\/andreas\\\/\"}]}<\/script>\n<!-- \/ Yoast SEO plugin. -->","yoast_head_json":{"title":"Blumenexporte aus Ecuador starten - ITJ | International Transport Journal","robots":{"index":"index","follow":"follow","max-snippet":"max-snippet:-1","max-image-preview":"max-image-preview:large","max-video-preview":"max-video-preview:-1"},"canonical":"https:\/\/transportjournal.com\/de\/2026\/01\/23\/blumenexporte-aus-ecuador-starten\/","og_locale":"de_DE","og_type":"article","og_title":"Blumenexporte aus Ecuador starten - ITJ | International Transport Journal","og_description":"Am 20. Januar 2026 begann am Flughafen Mariscal Sucre in Quito die Valentinstags-Export-Saison f\u00fcr Blumen, die bis zum 10. Februar andauert.","og_url":"https:\/\/transportjournal.com\/de\/2026\/01\/23\/blumenexporte-aus-ecuador-starten\/","og_site_name":"ITJ | International Transport Journal","article_published_time":"2026-01-23T10:43:30+00:00","og_image":[{"width":2541,"height":1430,"url":"https:\/\/transportjournal.com\/wp-content\/uploads\/sites\/2\/2026\/01\/Quiport-DSC02956-1-scaled-1-aspect-ratio-1400-788.jpg","type":"image\/jpeg"}],"author":"Andreas Haug","twitter_card":"summary_large_image","twitter_misc":{"Verfasst von":"Andreas Haug","Gesch\u00e4tzte Lesezeit":"1\u00a0Minute"},"schema":{"@context":"https:\/\/schema.org","@graph":[{"@type":"Article","@id":"https:\/\/transportjournal.com\/de\/2026\/01\/23\/blumenexporte-aus-ecuador-starten\/#article","isPartOf":{"@id":"https:\/\/transportjournal.com\/de\/2026\/01\/23\/blumenexporte-aus-ecuador-starten\/"},"author":{"name":"Andreas Haug","@id":"https:\/\/transportjournal.com\/de\/#\/schema\/person\/cf538b3157f15afd7589245a4b3dbd25"},"headline":"Blumenexporte aus Ecuador starten","datePublished":"2026-01-23T10:43:30+00:00","mainEntityOfPage":{"@id":"https:\/\/transportjournal.com\/de\/2026\/01\/23\/blumenexporte-aus-ecuador-starten\/"},"wordCount":267,"commentCount":0,"publisher":{"@id":"https:\/\/transportjournal.com\/de\/#organization"},"image":{"@id":"https:\/\/transportjournal.com\/de\/2026\/01\/23\/blumenexporte-aus-ecuador-starten\/#primaryimage"},"thumbnailUrl":"https:\/\/transportjournal.com\/wp-content\/uploads\/sites\/2\/2026\/01\/Quiport-DSC02956-1-scaled-1-aspect-ratio-1400-788.jpg","keywords":["a\u00e9roport Mariscal Sucre","air freight export Ecuador","air freight growth","augmentation de l'exportation de fleurs","Blumenexport Anstieg","Blumenexport Saison 2026","Blumenexport USA","Blumenindustrie Ecuador","Blumenlogistik Amsterdam","Blumenvermarktung Miami","Blumenverteilung Europa","Blumenverteilung weltweit","Corporaci\u00f3n Quiport","Corporaci\u00f3n Quiport English Ecuador flower export","Corporaci\u00f3n Quiport Fran\u00e7ais exportation de fleurs \u00c9quateur","croissance du fret a\u00e9rien","Deutsch Blumenexport Ecuador","distribution de fleurs Europe","distribution mondiale de fleurs","export statistics Ecuador","exportation de fleurs \u00c9tats-Unis","exportation de fleurs Saint-Valentin","exportation de fret a\u00e9rien \u00c9quateur","Exportstatistik Ecuador","flower distribution Europe","flower export increase","flower export season 2026","flower export USA","flower industry Ecuador","flower logistics Amsterdam","flower marketing Miami","Flughafen Mariscal Sucre","Frachtfl\u00fcge Ecuador","Frachtoperationen Quito","Frachtvolumen Lateinamerika","freight flights Ecuador","freight operations Quito","freight volume Latin America","global flower distribution","Handelsrouten Blumenexport","industrie florale \u00c9quateur","logistique des fleurs Amsterdam","Luftfracht Export Ecuador","Luftfracht Wachstum","Mariscal Sucre airport","marketing des fleurs Miami","op\u00e9rations a\u00e9roport Quito","op\u00e9rations de fret Quito","Quito airport operations","Quito Flughafenbetrieb","routes commerciales exportation de fleurs","saison d'exportation de fleurs 2026","statistiques d'exportation \u00c9quateur","trade routes flower export","Valentine's Day flower export","Valentinstag Blumenexport","vols de fret \u00c9quateur","volume de fret Am\u00e9rique Latine"],"articleSection":["Amerikas","Europa","Luftfracht","Spedition &amp; Logistik"],"inLanguage":"de","potentialAction":[{"@type":"CommentAction","name":"Comment","target":["https:\/\/transportjournal.com\/de\/2026\/01\/23\/blumenexporte-aus-ecuador-starten\/#respond"]}]},{"@type":"WebPage","@id":"https:\/\/transportjournal.com\/de\/2026\/01\/23\/blumenexporte-aus-ecuador-starten\/","url":"https:\/\/transportjournal.com\/de\/2026\/01\/23\/blumenexporte-aus-ecuador-starten\/","name":"Blumenexporte aus Ecuador starten - ITJ | International Transport Journal","isPartOf":{"@id":"https:\/\/transportjournal.com\/de\/#website"},"primaryImageOfPage":{"@id":"https:\/\/transportjournal.com\/de\/2026\/01\/23\/blumenexporte-aus-ecuador-starten\/#primaryimage"},"image":{"@id":"https:\/\/transportjournal.com\/de\/2026\/01\/23\/blumenexporte-aus-ecuador-starten\/#primaryimage"},"thumbnailUrl":"https:\/\/transportjournal.com\/wp-content\/uploads\/sites\/2\/2026\/01\/Quiport-DSC02956-1-scaled-1-aspect-ratio-1400-788.jpg","datePublished":"2026-01-23T10:43:30+00:00","breadcrumb":{"@id":"https:\/\/transportjournal.com\/de\/2026\/01\/23\/blumenexporte-aus-ecuador-starten\/#breadcrumb"},"inLanguage":"de","potentialAction":[{"@type":"ReadAction","target":["https:\/\/transportjournal.com\/de\/2026\/01\/23\/blumenexporte-aus-ecuador-starten\/"]}]},{"@type":"ImageObject","inLanguage":"de","@id":"https:\/\/transportjournal.com\/de\/2026\/01\/23\/blumenexporte-aus-ecuador-starten\/#primaryimage","url":"https:\/\/transportjournal.com\/wp-content\/uploads\/sites\/2\/2026\/01\/Quiport-DSC02956-1-scaled-1-aspect-ratio-1400-788.jpg","contentUrl":"https:\/\/transportjournal.com\/wp-content\/uploads\/sites\/2\/2026\/01\/Quiport-DSC02956-1-scaled-1-aspect-ratio-1400-788.jpg","width":2541,"height":1430},{"@type":"BreadcrumbList","@id":"https:\/\/transportjournal.com\/de\/2026\/01\/23\/blumenexporte-aus-ecuador-starten\/#breadcrumb","itemListElement":[{"@type":"ListItem","position":1,"name":"Startseite","item":"https:\/\/transportjournal.com\/de\/"},{"@type":"ListItem","position":2,"name":"Blumenexporte aus Ecuador starten"}]},{"@type":"WebSite","@id":"https:\/\/transportjournal.com\/de\/#website","url":"https:\/\/transportjournal.com\/de\/","name":"ITJ | International Transport Journal","description":"Stay informed with the latest global news from the transport, logistics, and supply chain industries. Transport Journal delivers expert insights, analysis, and updates across shipping, aviation, intermodal, and forwarding.","publisher":{"@id":"https:\/\/transportjournal.com\/de\/#organization"},"potentialAction":[{"@type":"SearchAction","target":{"@type":"EntryPoint","urlTemplate":"https:\/\/transportjournal.com\/de\/?s={search_term_string}"},"query-input":{"@type":"PropertyValueSpecification","valueRequired":true,"valueName":"search_term_string"}}],"inLanguage":"de"},{"@type":"Organization","@id":"https:\/\/transportjournal.com\/de\/#organization","name":"Groupe Logismedia AG","alternateName":"Logismedia Group AG","url":"https:\/\/transportjournal.com\/de\/","logo":{"@type":"ImageObject","inLanguage":"de","@id":"https:\/\/transportjournal.com\/de\/#\/schema\/logo\/image\/","url":"https:\/\/transportjournal.com\/wp-content\/uploads\/sites\/2\/2025\/09\/Logo_ITJ.png","contentUrl":"https:\/\/transportjournal.com\/wp-content\/uploads\/sites\/2\/2025\/09\/Logo_ITJ.png","width":799,"height":326,"caption":"Groupe Logismedia AG"},"image":{"@id":"https:\/\/transportjournal.com\/de\/#\/schema\/logo\/image\/"},"sameAs":["https:\/\/www.linkedin.com\/company\/56456496\/admin\/dashboard\/","https:\/\/www.instagram.com\/logismediagroup\/","https:\/\/www.youtube.com\/@LogiamediaGroupAG"]},{"@type":"Person","@id":"https:\/\/transportjournal.com\/de\/#\/schema\/person\/cf538b3157f15afd7589245a4b3dbd25","name":"Andreas Haug","url":"https:\/\/transportjournal.com\/de\/author\/andreas\/"}]}},"_links":{"self":[{"href":"https:\/\/transportjournal.com\/de\/wp-json\/wp\/v2\/posts\/74185","targetHints":{"allow":["GET"]}}],"collection":[{"href":"https:\/\/transportjournal.com\/de\/wp-json\/wp\/v2\/posts"}],"about":[{"href":"https:\/\/transportjournal.com\/de\/wp-json\/wp\/v2\/types\/post"}],"author":[{"embeddable":true,"href":"https:\/\/transportjournal.com\/de\/wp-json\/wp\/v2\/users\/12"}],"replies":[{"embeddable":true,"href":"https:\/\/transportjournal.com\/de\/wp-json\/wp\/v2\/comments?post=74185"}],"version-history":[{"count":0,"href":"https:\/\/transportjournal.com\/de\/wp-json\/wp\/v2\/posts\/74185\/revisions"}],"wp:featuredmedia":[{"embeddable":true,"href":"https:\/\/transportjournal.com\/de\/wp-json\/wp\/v2\/media\/74184"}],"wp:attachment":[{"href":"https:\/\/transportjournal.com\/de\/wp-json\/wp\/v2\/media?parent=74185"}],"wp:term":[{"taxonomy":"category","embeddable":true,"href":"https:\/\/transportjournal.com\/de\/wp-json\/wp\/v2\/categories?post=74185"},{"taxonomy":"post_tag","embeddable":true,"href":"https:\/\/transportjournal.com\/de\/wp-json\/wp\/v2\/tags?post=74185"}],"curies":[{"name":"wp","href":"https:\/\/api.w.org\/{rel}","templated":true}]}}