{"id":74162,"date":"2026-01-23T10:08:57","date_gmt":"2026-01-23T10:08:57","guid":{"rendered":"https:\/\/transportjournal.com\/2026\/01\/23\/fedex-ernennt-salil-chari-zum-praesidenten\/"},"modified":"2026-01-23T10:08:57","modified_gmt":"2026-01-23T10:08:57","slug":"fedex-ernennt-salil-chari-zum-praesidenten","status":"publish","type":"post","link":"https:\/\/transportjournal.com\/de\/2026\/01\/23\/fedex-ernennt-salil-chari-zum-praesidenten\/","title":{"rendered":"FedEx ernennt Salil Chari zum Pr\u00e4sidenten"},"content":{"rendered":"<p>Federal Express Corporation (FedEx) hat Salil Chari zum neuen Pr\u00e4sidenten der Region Asien-Pazifik ernannt. Chari, der zuvor als Senior Vice President f\u00fcr Marketing und Kundenerfahrung in der APAC-Region t\u00e4tig war, trat seine neue Position am 1. Januar 2026 an. Er folgt auf Kawal Preet, die in eine neue Rolle als Executive Vice President f\u00fcr Planung, Ingenieurwesen und Transformation gewechselt ist.<\/p>\n<p>In seiner Funktion als regionaler Pr\u00e4sident ist Chari verantwortlich f\u00fcr die strategische Ausrichtung des Unternehmens und leitet ein Team von nahezu 30.000 Mitarbeitenden in der APAC-Region. Zu seinen Aufgaben geh\u00f6ren die F\u00f6rderung profitablen Wachstums, die Bereitstellung herausragender Kundenerlebnisse sowie die Verbesserung der operativen Exzellenz in der Region.<\/p>\n<p>Richard W. Smith, Chief Operating Officer von FedEx International, \u00e4u\u00dferte sich positiv \u00fcber die Ernennung: \u201eIch freue mich, Salil als neuen Pr\u00e4sidenten f\u00fcr Asien-Pazifik willkommen zu hei\u00dfen. Dies markiert ein spannendes neues Kapitel f\u00fcr unser Gesch\u00e4ft in der APAC-Region. Salil bringt au\u00dfergew\u00f6hnliche Erfahrungen in der multiregionalen F\u00fchrung mit und hat eine Leidenschaft daf\u00fcr, unseren Kunden einen Mehrwert zu bieten. Mit seinem tiefen Verst\u00e4ndnis f\u00fcr die Region bin ich zuversichtlich, dass er unser Gesch\u00e4ft in der APAC-Region auf neue H\u00f6hen f\u00fchren wird.\u201c<\/p>\n<p>Salil Chari begann seine Karriere bei FedEx im Jahr 1997 als Marketinganalyst in Memphis, USA. Durch verschiedene F\u00fchrungspositionen in Lateinamerika, der Karibik, der APAC-Region sowie im Nahen Osten, im indischen Subkontinent und in Afrika hat er sich stets f\u00fcr die Verbesserung der Kundenerfahrung und die Unterst\u00fctzung von Unternehmen eingesetzt, um deren globale Reichweite zu erweitern und neue Marktchancen zu nutzen.<\/p>\n<p>\u201eEs ist mir eine Ehre, ein so talentiertes Team in einer Region zu leiten, die im Zentrum des globalen Handels steht\u201c, sagte Chari. \u201eAsien-Pazifik beherbergt einige der dynamischsten und sich schnell entwickelnden Handelswege der Welt, die Unternehmen aller Gr\u00f6\u00dfenordnungen leistungsstarke Wachstums- und Wettbewerbschancen bieten. W\u00e4hrend wir auf unserem soliden Fundament aufbauen, liegt mein Schwerpunkt darauf, die Resilienz zu st\u00e4rken, das Wachstum zu beschleunigen und die Rolle von FedEx als wertvollen Partner f\u00fcr unsere Kunden und Gemeinschaften zu vertiefen. Mit dem unerm\u00fcdlichen Engagement unserer Teammitglieder, die das Purple Promise jeden Tag leben, um jedes Kundenerlebnis herausragend zu gestalten, werden wir weiterhin Unternehmen mit neuen M\u00f6glichkeiten verbinden, Innovationen vorantreiben und den globalen Handel in einem sich st\u00e4ndig weiterentwickelnden Markt erm\u00f6glichen.\u201c<\/p>\n<p>&nbsp;<\/p>\n<p><a href=\"https:\/\/www.fedex.com\/\" target=\"_blank\" rel=\"noopener noreferrer\">www.fedex.com<\/a><\/p>\n<p>&nbsp;<\/p>\n","protected":false},"excerpt":{"rendered":"<p>Salil Chari wurde zum Pr\u00e4sidenten der APAC-Region bei FedEx ernannt und wird die strategische Ausrichtung sowie das Wachstum des Unternehmens leiten.<\/p>\n","protected":false},"author":12,"featured_media":74161,"comment_status":"open","ping_status":"open","sticky":false,"template":"","format":"standard","meta":{"_acf_changed":false,"footnotes":""},"categories":[1574,1567,1569],"tags":[8811,5128,2112,8812,8813,4755,3739,2211,2212,4984,8814,2122,4207,2123,5139,5140,8815,8816,2125,3745,2075,2279,2280,8817,8818,2130,4128,1831,2622,8819,8820,1800,4988,8821,8822,8823,2479,8824,8825,8826,2481,8827,8828,8829,2339,2106,2641,8830,2242,2155,1837,2157,8831],"class_list":["post-74162","post","type-post","status-publish","format-standard","has-post-thumbnail","hentry","category-asien-pazifik","category-wechsel-weltweit","category-logistik-spedition","tag-apac-region","tag-commerce-mondial","tag-corporate-leadership","tag-customer-experience","tag-customer-retention-francais-fedex","tag-deutsch-fedex","tag-developpement-des-infrastructures","tag-digital-transformation","tag-digitale-transformation","tag-excellence-operationnelle","tag-experience-client","tag-fachkraeftemangel-logistik","tag-fidelisation-des-clients","tag-gestion-de-la-chaine-dapprovisionnement","tag-global-trade","tag-globaler-handel","tag-growth-opportunities","tag-handelswege-asien","tag-industrie-du-transport","tag-infrastructure-development","tag-infrastrukturentwicklung","tag-international-logistics","tag-internationale-logistik","tag-kundenbindung-english-fedex","tag-kundenerfahrung","tag-leadership-dentreprise","tag-logistics-provider","tag-logistikdienstleister","tag-logistique-durable","tag-market-opportunities","tag-marktchancen","tag-nachhaltige-logistik","tag-operational-excellence","tag-operativen-exzellenz","tag-opportunites-de-croissance","tag-opportunites-de-marche","tag-penurie-de-competences-logistique","tag-praesident-asien-pazifik","tag-president-asia-pacific","tag-president-asie-pacifique","tag-prestataire-logistique","tag-region-apac","tag-routes-commerciales-asie","tag-salil-chari","tag-skills-shortage-logistics","tag-supply-chain-management","tag-sustainable-logistics","tag-trade-routes-asia","tag-transformation-numerique","tag-transport-industry","tag-transportwirtschaft","tag-unternehmensfuehrung","tag-wachstumsmoeglichkeiten"],"acf":[],"yoast_head":"<!-- This site is optimized with the Yoast SEO plugin v27.3 - https:\/\/yoast.com\/product\/yoast-seo-wordpress\/ -->\n<title>FedEx ernennt Salil Chari zum Pr\u00e4sidenten - ITJ | International Transport Journal<\/title>\n<meta name=\"robots\" content=\"index, follow, max-snippet:-1, max-image-preview:large, max-video-preview:-1\" \/>\n<link rel=\"canonical\" href=\"https:\/\/transportjournal.com\/de\/2026\/01\/23\/fedex-ernennt-salil-chari-zum-praesidenten\/\" \/>\n<meta property=\"og:locale\" content=\"de_DE\" \/>\n<meta property=\"og:type\" content=\"article\" \/>\n<meta property=\"og:title\" content=\"FedEx ernennt Salil Chari zum Pr\u00e4sidenten - ITJ | International Transport Journal\" \/>\n<meta property=\"og:description\" content=\"Salil Chari wurde zum Pr\u00e4sidenten der APAC-Region bei FedEx ernannt und wird die strategische Ausrichtung sowie das Wachstum des Unternehmens leiten.\" \/>\n<meta property=\"og:url\" content=\"https:\/\/transportjournal.com\/de\/2026\/01\/23\/fedex-ernennt-salil-chari-zum-praesidenten\/\" \/>\n<meta property=\"og:site_name\" content=\"ITJ | International Transport Journal\" \/>\n<meta property=\"article:published_time\" content=\"2026-01-23T10:08:57+00:00\" \/>\n<meta property=\"og:image\" content=\"https:\/\/transportjournal.com\/wp-content\/uploads\/sites\/2\/2026\/01\/Fedex-Salil-Chari-aspect-ratio-1400-788-1.webp\" \/>\n\t<meta property=\"og:image:width\" content=\"878\" \/>\n\t<meta property=\"og:image:height\" content=\"494\" \/>\n\t<meta property=\"og:image:type\" content=\"image\/webp\" \/>\n<meta name=\"author\" content=\"Andreas Haug\" \/>\n<meta name=\"twitter:card\" content=\"summary_large_image\" \/>\n<meta name=\"twitter:label1\" content=\"Verfasst von\" \/>\n\t<meta name=\"twitter:data1\" content=\"Andreas Haug\" \/>\n\t<meta name=\"twitter:label2\" content=\"Gesch\u00e4tzte Lesezeit\" \/>\n\t<meta name=\"twitter:data2\" content=\"2\u00a0Minute\" \/>\n<script type=\"application\/ld+json\" class=\"yoast-schema-graph\">{\"@context\":\"https:\\\/\\\/schema.org\",\"@graph\":[{\"@type\":\"Article\",\"@id\":\"https:\\\/\\\/transportjournal.com\\\/de\\\/2026\\\/01\\\/23\\\/fedex-ernennt-salil-chari-zum-praesidenten\\\/#article\",\"isPartOf\":{\"@id\":\"https:\\\/\\\/transportjournal.com\\\/de\\\/2026\\\/01\\\/23\\\/fedex-ernennt-salil-chari-zum-praesidenten\\\/\"},\"author\":{\"name\":\"Andreas Haug\",\"@id\":\"https:\\\/\\\/transportjournal.com\\\/de\\\/#\\\/schema\\\/person\\\/cf538b3157f15afd7589245a4b3dbd25\"},\"headline\":\"FedEx ernennt Salil Chari zum Pr\u00e4sidenten\",\"datePublished\":\"2026-01-23T10:08:57+00:00\",\"mainEntityOfPage\":{\"@id\":\"https:\\\/\\\/transportjournal.com\\\/de\\\/2026\\\/01\\\/23\\\/fedex-ernennt-salil-chari-zum-praesidenten\\\/\"},\"wordCount\":408,\"commentCount\":0,\"publisher\":{\"@id\":\"https:\\\/\\\/transportjournal.com\\\/de\\\/#organization\"},\"image\":{\"@id\":\"https:\\\/\\\/transportjournal.com\\\/de\\\/2026\\\/01\\\/23\\\/fedex-ernennt-salil-chari-zum-praesidenten\\\/#primaryimage\"},\"thumbnailUrl\":\"https:\\\/\\\/transportjournal.com\\\/wp-content\\\/uploads\\\/sites\\\/2\\\/2026\\\/01\\\/Fedex-Salil-Chari-aspect-ratio-1400-788-1.webp\",\"keywords\":[\"APAC-Region\",\"commerce mondial\",\"corporate leadership\",\"customer experience\",\"customer retention Fran\u00e7ais FedEx\",\"Deutsch FedEx\",\"d\u00e9veloppement des infrastructures\",\"digital transformation\",\"digitale Transformation\",\"excellence op\u00e9rationnelle\",\"exp\u00e9rience client\",\"Fachkr\u00e4ftemangel Logistik\",\"fid\u00e9lisation des clients\",\"gestion de la cha\u00eene d'approvisionnement\",\"global trade\",\"globaler Handel\",\"growth opportunities\",\"Handelswege Asien\",\"industrie du transport\",\"infrastructure development\",\"Infrastrukturentwicklung\",\"international logistics\",\"internationale Logistik\",\"Kundenbindung English FedEx\",\"Kundenerfahrung\",\"leadership d'entreprise\",\"logistics provider\",\"Logistikdienstleister\",\"logistique durable\",\"market opportunities\",\"Marktchancen\",\"nachhaltige Logistik\",\"operational excellence\",\"operativen Exzellenz\",\"opportunit\u00e9s de croissance\",\"opportunit\u00e9s de march\u00e9\",\"p\u00e9nurie de comp\u00e9tences logistique\",\"Pr\u00e4sident Asien-Pazifik\",\"President Asia-Pacific\",\"Pr\u00e9sident Asie-Pacifique\",\"prestataire logistique\",\"r\u00e9gion APAC\",\"routes commerciales Asie\",\"Salil Chari\",\"skills shortage logistics\",\"Supply Chain Management\",\"sustainable logistics\",\"trade routes Asia\",\"transformation num\u00e9rique\",\"transport industry\",\"Transportwirtschaft\",\"Unternehmensf\u00fchrung\",\"Wachstumsm\u00f6glichkeiten\"],\"articleSection\":[\"Asien\\\/Pazifik\",\"Menschen &amp; Unternehmen\",\"Spedition &amp; Logistik\"],\"inLanguage\":\"de\",\"potentialAction\":[{\"@type\":\"CommentAction\",\"name\":\"Comment\",\"target\":[\"https:\\\/\\\/transportjournal.com\\\/de\\\/2026\\\/01\\\/23\\\/fedex-ernennt-salil-chari-zum-praesidenten\\\/#respond\"]}]},{\"@type\":\"WebPage\",\"@id\":\"https:\\\/\\\/transportjournal.com\\\/de\\\/2026\\\/01\\\/23\\\/fedex-ernennt-salil-chari-zum-praesidenten\\\/\",\"url\":\"https:\\\/\\\/transportjournal.com\\\/de\\\/2026\\\/01\\\/23\\\/fedex-ernennt-salil-chari-zum-praesidenten\\\/\",\"name\":\"FedEx ernennt Salil Chari zum Pr\u00e4sidenten - ITJ | International Transport Journal\",\"isPartOf\":{\"@id\":\"https:\\\/\\\/transportjournal.com\\\/de\\\/#website\"},\"primaryImageOfPage\":{\"@id\":\"https:\\\/\\\/transportjournal.com\\\/de\\\/2026\\\/01\\\/23\\\/fedex-ernennt-salil-chari-zum-praesidenten\\\/#primaryimage\"},\"image\":{\"@id\":\"https:\\\/\\\/transportjournal.com\\\/de\\\/2026\\\/01\\\/23\\\/fedex-ernennt-salil-chari-zum-praesidenten\\\/#primaryimage\"},\"thumbnailUrl\":\"https:\\\/\\\/transportjournal.com\\\/wp-content\\\/uploads\\\/sites\\\/2\\\/2026\\\/01\\\/Fedex-Salil-Chari-aspect-ratio-1400-788-1.webp\",\"datePublished\":\"2026-01-23T10:08:57+00:00\",\"breadcrumb\":{\"@id\":\"https:\\\/\\\/transportjournal.com\\\/de\\\/2026\\\/01\\\/23\\\/fedex-ernennt-salil-chari-zum-praesidenten\\\/#breadcrumb\"},\"inLanguage\":\"de\",\"potentialAction\":[{\"@type\":\"ReadAction\",\"target\":[\"https:\\\/\\\/transportjournal.com\\\/de\\\/2026\\\/01\\\/23\\\/fedex-ernennt-salil-chari-zum-praesidenten\\\/\"]}]},{\"@type\":\"ImageObject\",\"inLanguage\":\"de\",\"@id\":\"https:\\\/\\\/transportjournal.com\\\/de\\\/2026\\\/01\\\/23\\\/fedex-ernennt-salil-chari-zum-praesidenten\\\/#primaryimage\",\"url\":\"https:\\\/\\\/transportjournal.com\\\/wp-content\\\/uploads\\\/sites\\\/2\\\/2026\\\/01\\\/Fedex-Salil-Chari-aspect-ratio-1400-788-1.webp\",\"contentUrl\":\"https:\\\/\\\/transportjournal.com\\\/wp-content\\\/uploads\\\/sites\\\/2\\\/2026\\\/01\\\/Fedex-Salil-Chari-aspect-ratio-1400-788-1.webp\",\"width\":878,\"height\":494},{\"@type\":\"BreadcrumbList\",\"@id\":\"https:\\\/\\\/transportjournal.com\\\/de\\\/2026\\\/01\\\/23\\\/fedex-ernennt-salil-chari-zum-praesidenten\\\/#breadcrumb\",\"itemListElement\":[{\"@type\":\"ListItem\",\"position\":1,\"name\":\"Startseite\",\"item\":\"https:\\\/\\\/transportjournal.com\\\/de\\\/\"},{\"@type\":\"ListItem\",\"position\":2,\"name\":\"FedEx ernennt Salil Chari zum Pr\u00e4sidenten\"}]},{\"@type\":\"WebSite\",\"@id\":\"https:\\\/\\\/transportjournal.com\\\/de\\\/#website\",\"url\":\"https:\\\/\\\/transportjournal.com\\\/de\\\/\",\"name\":\"ITJ | International Transport Journal\",\"description\":\"Stay informed with the latest global news from the transport, logistics, and supply chain industries. Transport Journal delivers expert insights, analysis, and updates across shipping, aviation, intermodal, and forwarding.\",\"publisher\":{\"@id\":\"https:\\\/\\\/transportjournal.com\\\/de\\\/#organization\"},\"potentialAction\":[{\"@type\":\"SearchAction\",\"target\":{\"@type\":\"EntryPoint\",\"urlTemplate\":\"https:\\\/\\\/transportjournal.com\\\/de\\\/?s={search_term_string}\"},\"query-input\":{\"@type\":\"PropertyValueSpecification\",\"valueRequired\":true,\"valueName\":\"search_term_string\"}}],\"inLanguage\":\"de\"},{\"@type\":\"Organization\",\"@id\":\"https:\\\/\\\/transportjournal.com\\\/de\\\/#organization\",\"name\":\"Groupe Logismedia AG\",\"alternateName\":\"Logismedia Group AG\",\"url\":\"https:\\\/\\\/transportjournal.com\\\/de\\\/\",\"logo\":{\"@type\":\"ImageObject\",\"inLanguage\":\"de\",\"@id\":\"https:\\\/\\\/transportjournal.com\\\/de\\\/#\\\/schema\\\/logo\\\/image\\\/\",\"url\":\"https:\\\/\\\/transportjournal.com\\\/wp-content\\\/uploads\\\/sites\\\/2\\\/2025\\\/09\\\/Logo_ITJ.png\",\"contentUrl\":\"https:\\\/\\\/transportjournal.com\\\/wp-content\\\/uploads\\\/sites\\\/2\\\/2025\\\/09\\\/Logo_ITJ.png\",\"width\":799,\"height\":326,\"caption\":\"Groupe Logismedia AG\"},\"image\":{\"@id\":\"https:\\\/\\\/transportjournal.com\\\/de\\\/#\\\/schema\\\/logo\\\/image\\\/\"},\"sameAs\":[\"https:\\\/\\\/www.linkedin.com\\\/company\\\/56456496\\\/admin\\\/dashboard\\\/\",\"https:\\\/\\\/www.instagram.com\\\/logismediagroup\\\/\",\"https:\\\/\\\/www.youtube.com\\\/@LogiamediaGroupAG\"]},{\"@type\":\"Person\",\"@id\":\"https:\\\/\\\/transportjournal.com\\\/de\\\/#\\\/schema\\\/person\\\/cf538b3157f15afd7589245a4b3dbd25\",\"name\":\"Andreas Haug\",\"url\":\"https:\\\/\\\/transportjournal.com\\\/de\\\/author\\\/andreas\\\/\"}]}<\/script>\n<!-- \/ Yoast SEO plugin. -->","yoast_head_json":{"title":"FedEx ernennt Salil Chari zum Pr\u00e4sidenten - ITJ | International Transport Journal","robots":{"index":"index","follow":"follow","max-snippet":"max-snippet:-1","max-image-preview":"max-image-preview:large","max-video-preview":"max-video-preview:-1"},"canonical":"https:\/\/transportjournal.com\/de\/2026\/01\/23\/fedex-ernennt-salil-chari-zum-praesidenten\/","og_locale":"de_DE","og_type":"article","og_title":"FedEx ernennt Salil Chari zum Pr\u00e4sidenten - ITJ | International Transport Journal","og_description":"Salil Chari wurde zum Pr\u00e4sidenten der APAC-Region bei FedEx ernannt und wird die strategische Ausrichtung sowie das Wachstum des Unternehmens leiten.","og_url":"https:\/\/transportjournal.com\/de\/2026\/01\/23\/fedex-ernennt-salil-chari-zum-praesidenten\/","og_site_name":"ITJ | International Transport Journal","article_published_time":"2026-01-23T10:08:57+00:00","og_image":[{"width":878,"height":494,"url":"https:\/\/transportjournal.com\/wp-content\/uploads\/sites\/2\/2026\/01\/Fedex-Salil-Chari-aspect-ratio-1400-788-1.webp","type":"image\/webp"}],"author":"Andreas Haug","twitter_card":"summary_large_image","twitter_misc":{"Verfasst von":"Andreas Haug","Gesch\u00e4tzte Lesezeit":"2\u00a0Minute"},"schema":{"@context":"https:\/\/schema.org","@graph":[{"@type":"Article","@id":"https:\/\/transportjournal.com\/de\/2026\/01\/23\/fedex-ernennt-salil-chari-zum-praesidenten\/#article","isPartOf":{"@id":"https:\/\/transportjournal.com\/de\/2026\/01\/23\/fedex-ernennt-salil-chari-zum-praesidenten\/"},"author":{"name":"Andreas Haug","@id":"https:\/\/transportjournal.com\/de\/#\/schema\/person\/cf538b3157f15afd7589245a4b3dbd25"},"headline":"FedEx ernennt Salil Chari zum Pr\u00e4sidenten","datePublished":"2026-01-23T10:08:57+00:00","mainEntityOfPage":{"@id":"https:\/\/transportjournal.com\/de\/2026\/01\/23\/fedex-ernennt-salil-chari-zum-praesidenten\/"},"wordCount":408,"commentCount":0,"publisher":{"@id":"https:\/\/transportjournal.com\/de\/#organization"},"image":{"@id":"https:\/\/transportjournal.com\/de\/2026\/01\/23\/fedex-ernennt-salil-chari-zum-praesidenten\/#primaryimage"},"thumbnailUrl":"https:\/\/transportjournal.com\/wp-content\/uploads\/sites\/2\/2026\/01\/Fedex-Salil-Chari-aspect-ratio-1400-788-1.webp","keywords":["APAC-Region","commerce mondial","corporate leadership","customer experience","customer retention Fran\u00e7ais FedEx","Deutsch FedEx","d\u00e9veloppement des infrastructures","digital transformation","digitale Transformation","excellence op\u00e9rationnelle","exp\u00e9rience client","Fachkr\u00e4ftemangel Logistik","fid\u00e9lisation des clients","gestion de la cha\u00eene d'approvisionnement","global trade","globaler Handel","growth opportunities","Handelswege Asien","industrie du transport","infrastructure development","Infrastrukturentwicklung","international logistics","internationale Logistik","Kundenbindung English FedEx","Kundenerfahrung","leadership d'entreprise","logistics provider","Logistikdienstleister","logistique durable","market opportunities","Marktchancen","nachhaltige Logistik","operational excellence","operativen Exzellenz","opportunit\u00e9s de croissance","opportunit\u00e9s de march\u00e9","p\u00e9nurie de comp\u00e9tences logistique","Pr\u00e4sident Asien-Pazifik","President Asia-Pacific","Pr\u00e9sident Asie-Pacifique","prestataire logistique","r\u00e9gion APAC","routes commerciales Asie","Salil Chari","skills shortage logistics","Supply Chain Management","sustainable logistics","trade routes Asia","transformation num\u00e9rique","transport industry","Transportwirtschaft","Unternehmensf\u00fchrung","Wachstumsm\u00f6glichkeiten"],"articleSection":["Asien\/Pazifik","Menschen &amp; Unternehmen","Spedition &amp; Logistik"],"inLanguage":"de","potentialAction":[{"@type":"CommentAction","name":"Comment","target":["https:\/\/transportjournal.com\/de\/2026\/01\/23\/fedex-ernennt-salil-chari-zum-praesidenten\/#respond"]}]},{"@type":"WebPage","@id":"https:\/\/transportjournal.com\/de\/2026\/01\/23\/fedex-ernennt-salil-chari-zum-praesidenten\/","url":"https:\/\/transportjournal.com\/de\/2026\/01\/23\/fedex-ernennt-salil-chari-zum-praesidenten\/","name":"FedEx ernennt Salil Chari zum Pr\u00e4sidenten - ITJ | International Transport Journal","isPartOf":{"@id":"https:\/\/transportjournal.com\/de\/#website"},"primaryImageOfPage":{"@id":"https:\/\/transportjournal.com\/de\/2026\/01\/23\/fedex-ernennt-salil-chari-zum-praesidenten\/#primaryimage"},"image":{"@id":"https:\/\/transportjournal.com\/de\/2026\/01\/23\/fedex-ernennt-salil-chari-zum-praesidenten\/#primaryimage"},"thumbnailUrl":"https:\/\/transportjournal.com\/wp-content\/uploads\/sites\/2\/2026\/01\/Fedex-Salil-Chari-aspect-ratio-1400-788-1.webp","datePublished":"2026-01-23T10:08:57+00:00","breadcrumb":{"@id":"https:\/\/transportjournal.com\/de\/2026\/01\/23\/fedex-ernennt-salil-chari-zum-praesidenten\/#breadcrumb"},"inLanguage":"de","potentialAction":[{"@type":"ReadAction","target":["https:\/\/transportjournal.com\/de\/2026\/01\/23\/fedex-ernennt-salil-chari-zum-praesidenten\/"]}]},{"@type":"ImageObject","inLanguage":"de","@id":"https:\/\/transportjournal.com\/de\/2026\/01\/23\/fedex-ernennt-salil-chari-zum-praesidenten\/#primaryimage","url":"https:\/\/transportjournal.com\/wp-content\/uploads\/sites\/2\/2026\/01\/Fedex-Salil-Chari-aspect-ratio-1400-788-1.webp","contentUrl":"https:\/\/transportjournal.com\/wp-content\/uploads\/sites\/2\/2026\/01\/Fedex-Salil-Chari-aspect-ratio-1400-788-1.webp","width":878,"height":494},{"@type":"BreadcrumbList","@id":"https:\/\/transportjournal.com\/de\/2026\/01\/23\/fedex-ernennt-salil-chari-zum-praesidenten\/#breadcrumb","itemListElement":[{"@type":"ListItem","position":1,"name":"Startseite","item":"https:\/\/transportjournal.com\/de\/"},{"@type":"ListItem","position":2,"name":"FedEx ernennt Salil Chari zum Pr\u00e4sidenten"}]},{"@type":"WebSite","@id":"https:\/\/transportjournal.com\/de\/#website","url":"https:\/\/transportjournal.com\/de\/","name":"ITJ | International Transport Journal","description":"Stay informed with the latest global news from the transport, logistics, and supply chain industries. Transport Journal delivers expert insights, analysis, and updates across shipping, aviation, intermodal, and forwarding.","publisher":{"@id":"https:\/\/transportjournal.com\/de\/#organization"},"potentialAction":[{"@type":"SearchAction","target":{"@type":"EntryPoint","urlTemplate":"https:\/\/transportjournal.com\/de\/?s={search_term_string}"},"query-input":{"@type":"PropertyValueSpecification","valueRequired":true,"valueName":"search_term_string"}}],"inLanguage":"de"},{"@type":"Organization","@id":"https:\/\/transportjournal.com\/de\/#organization","name":"Groupe Logismedia AG","alternateName":"Logismedia Group AG","url":"https:\/\/transportjournal.com\/de\/","logo":{"@type":"ImageObject","inLanguage":"de","@id":"https:\/\/transportjournal.com\/de\/#\/schema\/logo\/image\/","url":"https:\/\/transportjournal.com\/wp-content\/uploads\/sites\/2\/2025\/09\/Logo_ITJ.png","contentUrl":"https:\/\/transportjournal.com\/wp-content\/uploads\/sites\/2\/2025\/09\/Logo_ITJ.png","width":799,"height":326,"caption":"Groupe Logismedia AG"},"image":{"@id":"https:\/\/transportjournal.com\/de\/#\/schema\/logo\/image\/"},"sameAs":["https:\/\/www.linkedin.com\/company\/56456496\/admin\/dashboard\/","https:\/\/www.instagram.com\/logismediagroup\/","https:\/\/www.youtube.com\/@LogiamediaGroupAG"]},{"@type":"Person","@id":"https:\/\/transportjournal.com\/de\/#\/schema\/person\/cf538b3157f15afd7589245a4b3dbd25","name":"Andreas Haug","url":"https:\/\/transportjournal.com\/de\/author\/andreas\/"}]}},"_links":{"self":[{"href":"https:\/\/transportjournal.com\/de\/wp-json\/wp\/v2\/posts\/74162","targetHints":{"allow":["GET"]}}],"collection":[{"href":"https:\/\/transportjournal.com\/de\/wp-json\/wp\/v2\/posts"}],"about":[{"href":"https:\/\/transportjournal.com\/de\/wp-json\/wp\/v2\/types\/post"}],"author":[{"embeddable":true,"href":"https:\/\/transportjournal.com\/de\/wp-json\/wp\/v2\/users\/12"}],"replies":[{"embeddable":true,"href":"https:\/\/transportjournal.com\/de\/wp-json\/wp\/v2\/comments?post=74162"}],"version-history":[{"count":0,"href":"https:\/\/transportjournal.com\/de\/wp-json\/wp\/v2\/posts\/74162\/revisions"}],"wp:featuredmedia":[{"embeddable":true,"href":"https:\/\/transportjournal.com\/de\/wp-json\/wp\/v2\/media\/74161"}],"wp:attachment":[{"href":"https:\/\/transportjournal.com\/de\/wp-json\/wp\/v2\/media?parent=74162"}],"wp:term":[{"taxonomy":"category","embeddable":true,"href":"https:\/\/transportjournal.com\/de\/wp-json\/wp\/v2\/categories?post=74162"},{"taxonomy":"post_tag","embeddable":true,"href":"https:\/\/transportjournal.com\/de\/wp-json\/wp\/v2\/tags?post=74162"}],"curies":[{"name":"wp","href":"https:\/\/api.w.org\/{rel}","templated":true}]}}