{"id":74154,"date":"2026-01-23T10:00:06","date_gmt":"2026-01-23T10:00:06","guid":{"rendered":"https:\/\/transportjournal.com\/2026\/01\/23\/manuel-marielle-neuer-geschaeftsfuehrer-renault-trucks\/"},"modified":"2026-01-23T10:00:06","modified_gmt":"2026-01-23T10:00:06","slug":"manuel-marielle-neuer-geschaeftsfuehrer-renault-trucks","status":"publish","type":"post","link":"https:\/\/transportjournal.com\/de\/2026\/01\/23\/manuel-marielle-neuer-geschaeftsfuehrer-renault-trucks\/","title":{"rendered":"Manuel Marielle neuer Gesch\u00e4ftsf\u00fchrer Renault Trucks"},"content":{"rendered":"<p>Renault Trucks hat die Ernennung von Manuel Marielle zum neuen Gesch\u00e4ftsf\u00fchrer von Renault Trucks Frankreich bekannt gegeben. Er wird seine Position am 1. Mai antreten und folgt auf Christophe Martin, der seit 2018 in dieser Rolle t\u00e4tig war und zu diesem Zeitpunkt neue Aufgaben im Exekutivkomitee von Renault Trucks \u00fcbernehmen wird.<\/p>\n<h3>Neuer strategischer Zyklus<\/h3>\n<p>Mit der \u00dcbernahme der Leitung des wichtigsten Marktes des Unternehmens wird Manuel Marielle in eine Schl\u00fcsselposition berufen, um einen neuen strategischen Zyklus einzuleiten. Dieser Zyklus zielt darauf ab, auf die Ver\u00e4nderungen im Stra\u00dfenverkehr zu reagieren und das Wachstum des Unternehmens im Bereich Lkw und Mobilit\u00e4tsl\u00f6sungen zu beschleunigen.<\/p>\n<p>Manuel Marielle hat einen Masterabschluss in Betriebswirtschaft und einen spezialisierten Master in Einkaufsmanagement. Seine Karriere begann er 1999 bei Renault Trucks in der Finanzabteilung und entwickelte sich innerhalb des Volvo-Konzerns weiter. Dort hatte er verschiedene Managementpositionen inne, unter anderem in den Exekutivkomitees von Mack Trucks, Volvo Trucks North America und Renault Trucks. In diesen Rollen leitete er Einkaufsabteilungen und strategische Lieferantenbeziehungen auf mehreren Kontinenten und war verantwortlich f\u00fcr die Einkaufsaktivit\u00e4ten des Volvo-Konzerns in Nordamerika.<\/p>\n<p>Aktuell ist Marielle Gesch\u00e4ftsf\u00fchrer der europ\u00e4ischen Division f\u00fcr mittelschwere Nutzfahrzeuge (EMD BU), die er gegr\u00fcndet hat, um die F\u00fchrungsposition von Volvo in diesem Segment zu st\u00e4rken. In dieser Funktion steuert er bedeutende Partnerschaften und strategische Projekte sowie mehrere Produktionsstandorte.<\/p>\n<p>Marielle \u00e4usserte sich zu seiner neuen Rolle: \u201eIch f\u00fchle mich zutiefst geehrt und freue mich, die Leitung von Renault Trucks Frankreich zu \u00fcbernehmen. Ich trete einer soliden und leistungsstarken Organisation bei, die von talentierten Teams getragen wird, die mir helfen werden, unseren Kurs zu beschleunigen, in enger Zusammenarbeit mit unseren H\u00e4ndlern. Mein Fokus wird darauf liegen, die Erfahrung und den Erfolg unserer Kunden in einem Kontext tiefgreifender Ver\u00e4nderungen in unserer Branche zu sichern und unsere F\u00fchrungsposition zu festigen.\u201c<\/p>\n<p>Antoine Duclaux, Pr\u00e4sident von Renault Trucks, betonte die Bedeutung von Marielle f\u00fcr das Unternehmen: \u201eIch \u00fcbertrage Manuel Marielle heute die Verantwortung f\u00fcr unseren historischen Markt. Manuel ist ein mutiger F\u00fchrer mit \u00fcber 25 Jahren Erfahrung in der Wertsch\u00f6pfung, einer starken Unternehmenskultur und umfassender internationaler Erfahrung. Sein Werdegang ist ein wesentlicher Vorteil, um das volle Potenzial der Marke auf dem franz\u00f6sischen Markt, wo wir 30 % Marktanteil halten, weiter zu entfalten.\u201c<\/p>\n<p>&nbsp;<\/p>\n<p><a href=\"https:\/\/www.renault-trucks.com\/\" target=\"_blank\" rel=\"noopener noreferrer\">www.renault-trucks.com<\/a><\/p>\n<p>&nbsp;<\/p>\n","protected":false},"excerpt":{"rendered":"<p>Renault Trucks hat Manuel Marielle zum neuen Gesch\u00e4ftsf\u00fchrer von Renault Trucks Frankreich ernannt, um einen strategischen Zyklus zur St\u00e4rkung des Unternehmens einzuleiten.<\/p>\n","protected":false},"author":12,"featured_media":74153,"comment_status":"open","ping_status":"open","sticky":false,"template":"","format":"standard","meta":{"_acf_changed":false,"footnotes":""},"categories":[1575,1568,1567],"tags":[8758,8759,8760,8761,8762,8763,8764,8765,8766,8767,8768,8769,8770,8771,8772,8773,8774,8775,8776,8777,8778,8779,8780,8781,8782,8783,8784,8785,8786,8787,8788,8789,8790,8791,8792,8793,8794,8795,8796,8797,8798,8799,8800,8801,8802,8803,8804,8805,8806,8807,8808,8809,8810],"class_list":["post-74154","post","type-post","status-publish","format-standard","has-post-thumbnail","hentry","category-europa","category-bahn-binnenschifffahrt-strasse","category-wechsel-weltweit","tag-ceo-renault-trucks","tag-changements-dans-le-trafic-routier","tag-comite-executif-renault","tag-commercial-vehicles-europe","tag-corporate-leadership-renault","tag-cycle-strategique-renault","tag-deutsch-renault-trucks","tag-developpement-des-talents-renault","tag-directeur-general-renault-trucks","tag-einkaufsmanagement-renault","tag-executive-committee-renault","tag-exekutivkomitee-renault","tag-experience-internationale-renault","tag-geschaeftsfuehrer-renault-trucks","tag-gestion-des-achats-renault","tag-groupe-volvo","tag-industrie-logistique-france","tag-international-experience-renault","tag-internationale-erfahrung-renault","tag-leadership-dentreprise-renault","tag-lkw-mobilitaetsloesungen","tag-logistics-industry-france","tag-logistikbranche-frankreich","tag-manuel-marielle","tag-market-share-renault-trucks","tag-market-strategy-renault","tag-marktanteil-renault-trucks","tag-marktstrategie-renault","tag-mobilitaetstrends-nutzfahrzeuge-english-renault-trucks","tag-mobility-trends-commercial-vehicles-francais-renault-trucks","tag-nutzfahrzeuge-europa","tag-part-de-marche-renault-trucks","tag-partenariats-vehicules-utilitaires","tag-partnerschaften-nutzfahrzeuge","tag-partnerships-commercial-vehicles","tag-procurement-management-renault","tag-production-sites-renault","tag-produktionsstandorte-renault","tag-road-traffic-changes","tag-sites-de-production-renault","tag-solutions-de-mobilite-poids-lourds","tag-strassenverkehr-veraenderungen","tag-strategic-cycle-renault","tag-strategie-de-marche-renault","tag-strategischer-zyklus-renault","tag-talent-development-renault","tag-talentfoerderung-renault","tag-tendances-de-mobilite-vehicules-utilitaires","tag-truck-mobility-solutions","tag-unternehmensfuehrung-renault","tag-vehicules-utilitaires-europe","tag-volvo-group","tag-volvo-konzern"],"acf":[],"yoast_head":"<!-- This site is optimized with the Yoast SEO plugin v27.3 - https:\/\/yoast.com\/product\/yoast-seo-wordpress\/ -->\n<title>Manuel Marielle neuer Gesch\u00e4ftsf\u00fchrer Renault Trucks - ITJ | International Transport Journal<\/title>\n<meta name=\"robots\" content=\"index, follow, max-snippet:-1, max-image-preview:large, max-video-preview:-1\" \/>\n<link rel=\"canonical\" href=\"https:\/\/transportjournal.com\/de\/2026\/01\/23\/manuel-marielle-neuer-geschaeftsfuehrer-renault-trucks\/\" \/>\n<meta property=\"og:locale\" content=\"de_DE\" \/>\n<meta property=\"og:type\" content=\"article\" \/>\n<meta property=\"og:title\" content=\"Manuel Marielle neuer Gesch\u00e4ftsf\u00fchrer Renault Trucks - ITJ | International Transport Journal\" \/>\n<meta property=\"og:description\" content=\"Renault Trucks hat Manuel Marielle zum neuen Gesch\u00e4ftsf\u00fchrer von Renault Trucks Frankreich ernannt, um einen strategischen Zyklus zur St\u00e4rkung des Unternehmens einzuleiten.\" \/>\n<meta property=\"og:url\" content=\"https:\/\/transportjournal.com\/de\/2026\/01\/23\/manuel-marielle-neuer-geschaeftsfuehrer-renault-trucks\/\" \/>\n<meta property=\"og:site_name\" content=\"ITJ | International Transport Journal\" \/>\n<meta property=\"article:published_time\" content=\"2026-01-23T10:00:06+00:00\" \/>\n<meta property=\"og:image\" content=\"https:\/\/transportjournal.com\/wp-content\/uploads\/sites\/2\/2026\/01\/Manuel-Marielle_Directeur-General-Renault-Trucks-France_2026-scaled-aspect-ratio-1400-788-scaled-1.jpg\" \/>\n\t<meta property=\"og:image:width\" content=\"2560\" \/>\n\t<meta property=\"og:image:height\" content=\"1441\" \/>\n\t<meta property=\"og:image:type\" content=\"image\/jpeg\" \/>\n<meta name=\"author\" content=\"Andreas Haug\" \/>\n<meta name=\"twitter:card\" content=\"summary_large_image\" \/>\n<meta name=\"twitter:label1\" content=\"Verfasst von\" \/>\n\t<meta name=\"twitter:data1\" content=\"Andreas Haug\" \/>\n\t<meta name=\"twitter:label2\" content=\"Gesch\u00e4tzte Lesezeit\" \/>\n\t<meta name=\"twitter:data2\" content=\"2\u00a0Minute\" \/>\n<script type=\"application\/ld+json\" class=\"yoast-schema-graph\">{\"@context\":\"https:\\\/\\\/schema.org\",\"@graph\":[{\"@type\":\"Article\",\"@id\":\"https:\\\/\\\/transportjournal.com\\\/de\\\/2026\\\/01\\\/23\\\/manuel-marielle-neuer-geschaeftsfuehrer-renault-trucks\\\/#article\",\"isPartOf\":{\"@id\":\"https:\\\/\\\/transportjournal.com\\\/de\\\/2026\\\/01\\\/23\\\/manuel-marielle-neuer-geschaeftsfuehrer-renault-trucks\\\/\"},\"author\":{\"name\":\"Andreas Haug\",\"@id\":\"https:\\\/\\\/transportjournal.com\\\/de\\\/#\\\/schema\\\/person\\\/cf538b3157f15afd7589245a4b3dbd25\"},\"headline\":\"Manuel Marielle neuer Gesch\u00e4ftsf\u00fchrer Renault Trucks\",\"datePublished\":\"2026-01-23T10:00:06+00:00\",\"mainEntityOfPage\":{\"@id\":\"https:\\\/\\\/transportjournal.com\\\/de\\\/2026\\\/01\\\/23\\\/manuel-marielle-neuer-geschaeftsfuehrer-renault-trucks\\\/\"},\"wordCount\":396,\"commentCount\":0,\"publisher\":{\"@id\":\"https:\\\/\\\/transportjournal.com\\\/de\\\/#organization\"},\"image\":{\"@id\":\"https:\\\/\\\/transportjournal.com\\\/de\\\/2026\\\/01\\\/23\\\/manuel-marielle-neuer-geschaeftsfuehrer-renault-trucks\\\/#primaryimage\"},\"thumbnailUrl\":\"https:\\\/\\\/transportjournal.com\\\/wp-content\\\/uploads\\\/sites\\\/2\\\/2026\\\/01\\\/Manuel-Marielle_Directeur-General-Renault-Trucks-France_2026-scaled-aspect-ratio-1400-788-scaled-1.jpg\",\"keywords\":[\"CEO Renault Trucks\",\"changements dans le trafic routier\",\"comit\u00e9 ex\u00e9cutif Renault\",\"commercial vehicles Europe\",\"corporate leadership Renault\",\"cycle strat\u00e9gique Renault\",\"Deutsch Renault Trucks\",\"d\u00e9veloppement des talents Renault\",\"directeur g\u00e9n\u00e9ral Renault Trucks\",\"Einkaufsmanagement Renault\",\"executive committee Renault\",\"Exekutivkomitee Renault\",\"exp\u00e9rience internationale Renault\",\"Gesch\u00e4ftsf\u00fchrer Renault Trucks\",\"gestion des achats Renault\",\"groupe Volvo\",\"industrie logistique France\",\"international experience Renault\",\"internationale Erfahrung Renault\",\"leadership d'entreprise Renault\",\"Lkw Mobilit\u00e4tsl\u00f6sungen\",\"logistics industry France\",\"Logistikbranche Frankreich\",\"Manuel Marielle\",\"market share Renault Trucks\",\"market strategy Renault\",\"Marktanteil Renault Trucks\",\"Marktstrategie Renault\",\"Mobilit\u00e4tstrends Nutzfahrzeuge English Renault Trucks\",\"mobility trends commercial vehicles Fran\u00e7ais Renault Trucks\",\"Nutzfahrzeuge Europa\",\"part de march\u00e9 Renault Trucks\",\"partenariats v\u00e9hicules utilitaires\",\"Partnerschaften Nutzfahrzeuge\",\"partnerships commercial vehicles\",\"procurement management Renault\",\"production sites Renault\",\"Produktionsstandorte Renault\",\"road traffic changes\",\"sites de production Renault\",\"solutions de mobilit\u00e9 poids lourds\",\"Stra\u00dfenverkehr Ver\u00e4nderungen\",\"strategic cycle Renault\",\"strat\u00e9gie de march\u00e9 Renault\",\"strategischer Zyklus Renault\",\"talent development Renault\",\"Talentf\u00f6rderung Renault\",\"tendances de mobilit\u00e9 v\u00e9hicules utilitaires\",\"truck mobility solutions\",\"Unternehmensf\u00fchrung Renault\",\"v\u00e9hicules utilitaires Europe\",\"Volvo Group\",\"Volvo Konzern\"],\"articleSection\":[\"Europa\",\"Intermodal \\\/ Stra\u00dfe\",\"Menschen &amp; Unternehmen\"],\"inLanguage\":\"de\",\"potentialAction\":[{\"@type\":\"CommentAction\",\"name\":\"Comment\",\"target\":[\"https:\\\/\\\/transportjournal.com\\\/de\\\/2026\\\/01\\\/23\\\/manuel-marielle-neuer-geschaeftsfuehrer-renault-trucks\\\/#respond\"]}]},{\"@type\":\"WebPage\",\"@id\":\"https:\\\/\\\/transportjournal.com\\\/de\\\/2026\\\/01\\\/23\\\/manuel-marielle-neuer-geschaeftsfuehrer-renault-trucks\\\/\",\"url\":\"https:\\\/\\\/transportjournal.com\\\/de\\\/2026\\\/01\\\/23\\\/manuel-marielle-neuer-geschaeftsfuehrer-renault-trucks\\\/\",\"name\":\"Manuel Marielle neuer Gesch\u00e4ftsf\u00fchrer Renault Trucks - ITJ | International Transport Journal\",\"isPartOf\":{\"@id\":\"https:\\\/\\\/transportjournal.com\\\/de\\\/#website\"},\"primaryImageOfPage\":{\"@id\":\"https:\\\/\\\/transportjournal.com\\\/de\\\/2026\\\/01\\\/23\\\/manuel-marielle-neuer-geschaeftsfuehrer-renault-trucks\\\/#primaryimage\"},\"image\":{\"@id\":\"https:\\\/\\\/transportjournal.com\\\/de\\\/2026\\\/01\\\/23\\\/manuel-marielle-neuer-geschaeftsfuehrer-renault-trucks\\\/#primaryimage\"},\"thumbnailUrl\":\"https:\\\/\\\/transportjournal.com\\\/wp-content\\\/uploads\\\/sites\\\/2\\\/2026\\\/01\\\/Manuel-Marielle_Directeur-General-Renault-Trucks-France_2026-scaled-aspect-ratio-1400-788-scaled-1.jpg\",\"datePublished\":\"2026-01-23T10:00:06+00:00\",\"breadcrumb\":{\"@id\":\"https:\\\/\\\/transportjournal.com\\\/de\\\/2026\\\/01\\\/23\\\/manuel-marielle-neuer-geschaeftsfuehrer-renault-trucks\\\/#breadcrumb\"},\"inLanguage\":\"de\",\"potentialAction\":[{\"@type\":\"ReadAction\",\"target\":[\"https:\\\/\\\/transportjournal.com\\\/de\\\/2026\\\/01\\\/23\\\/manuel-marielle-neuer-geschaeftsfuehrer-renault-trucks\\\/\"]}]},{\"@type\":\"ImageObject\",\"inLanguage\":\"de\",\"@id\":\"https:\\\/\\\/transportjournal.com\\\/de\\\/2026\\\/01\\\/23\\\/manuel-marielle-neuer-geschaeftsfuehrer-renault-trucks\\\/#primaryimage\",\"url\":\"https:\\\/\\\/transportjournal.com\\\/wp-content\\\/uploads\\\/sites\\\/2\\\/2026\\\/01\\\/Manuel-Marielle_Directeur-General-Renault-Trucks-France_2026-scaled-aspect-ratio-1400-788-scaled-1.jpg\",\"contentUrl\":\"https:\\\/\\\/transportjournal.com\\\/wp-content\\\/uploads\\\/sites\\\/2\\\/2026\\\/01\\\/Manuel-Marielle_Directeur-General-Renault-Trucks-France_2026-scaled-aspect-ratio-1400-788-scaled-1.jpg\",\"width\":2560,\"height\":1441},{\"@type\":\"BreadcrumbList\",\"@id\":\"https:\\\/\\\/transportjournal.com\\\/de\\\/2026\\\/01\\\/23\\\/manuel-marielle-neuer-geschaeftsfuehrer-renault-trucks\\\/#breadcrumb\",\"itemListElement\":[{\"@type\":\"ListItem\",\"position\":1,\"name\":\"Startseite\",\"item\":\"https:\\\/\\\/transportjournal.com\\\/de\\\/\"},{\"@type\":\"ListItem\",\"position\":2,\"name\":\"Manuel Marielle neuer Gesch\u00e4ftsf\u00fchrer Renault Trucks\"}]},{\"@type\":\"WebSite\",\"@id\":\"https:\\\/\\\/transportjournal.com\\\/de\\\/#website\",\"url\":\"https:\\\/\\\/transportjournal.com\\\/de\\\/\",\"name\":\"ITJ | International Transport Journal\",\"description\":\"Stay informed with the latest global news from the transport, logistics, and supply chain industries. Transport Journal delivers expert insights, analysis, and updates across shipping, aviation, intermodal, and forwarding.\",\"publisher\":{\"@id\":\"https:\\\/\\\/transportjournal.com\\\/de\\\/#organization\"},\"potentialAction\":[{\"@type\":\"SearchAction\",\"target\":{\"@type\":\"EntryPoint\",\"urlTemplate\":\"https:\\\/\\\/transportjournal.com\\\/de\\\/?s={search_term_string}\"},\"query-input\":{\"@type\":\"PropertyValueSpecification\",\"valueRequired\":true,\"valueName\":\"search_term_string\"}}],\"inLanguage\":\"de\"},{\"@type\":\"Organization\",\"@id\":\"https:\\\/\\\/transportjournal.com\\\/de\\\/#organization\",\"name\":\"Groupe Logismedia AG\",\"alternateName\":\"Logismedia Group AG\",\"url\":\"https:\\\/\\\/transportjournal.com\\\/de\\\/\",\"logo\":{\"@type\":\"ImageObject\",\"inLanguage\":\"de\",\"@id\":\"https:\\\/\\\/transportjournal.com\\\/de\\\/#\\\/schema\\\/logo\\\/image\\\/\",\"url\":\"https:\\\/\\\/transportjournal.com\\\/wp-content\\\/uploads\\\/sites\\\/2\\\/2025\\\/09\\\/Logo_ITJ.png\",\"contentUrl\":\"https:\\\/\\\/transportjournal.com\\\/wp-content\\\/uploads\\\/sites\\\/2\\\/2025\\\/09\\\/Logo_ITJ.png\",\"width\":799,\"height\":326,\"caption\":\"Groupe Logismedia AG\"},\"image\":{\"@id\":\"https:\\\/\\\/transportjournal.com\\\/de\\\/#\\\/schema\\\/logo\\\/image\\\/\"},\"sameAs\":[\"https:\\\/\\\/www.linkedin.com\\\/company\\\/56456496\\\/admin\\\/dashboard\\\/\",\"https:\\\/\\\/www.instagram.com\\\/logismediagroup\\\/\",\"https:\\\/\\\/www.youtube.com\\\/@LogiamediaGroupAG\"]},{\"@type\":\"Person\",\"@id\":\"https:\\\/\\\/transportjournal.com\\\/de\\\/#\\\/schema\\\/person\\\/cf538b3157f15afd7589245a4b3dbd25\",\"name\":\"Andreas Haug\",\"url\":\"https:\\\/\\\/transportjournal.com\\\/de\\\/author\\\/andreas\\\/\"}]}<\/script>\n<!-- \/ Yoast SEO plugin. -->","yoast_head_json":{"title":"Manuel Marielle neuer Gesch\u00e4ftsf\u00fchrer Renault Trucks - ITJ | International Transport Journal","robots":{"index":"index","follow":"follow","max-snippet":"max-snippet:-1","max-image-preview":"max-image-preview:large","max-video-preview":"max-video-preview:-1"},"canonical":"https:\/\/transportjournal.com\/de\/2026\/01\/23\/manuel-marielle-neuer-geschaeftsfuehrer-renault-trucks\/","og_locale":"de_DE","og_type":"article","og_title":"Manuel Marielle neuer Gesch\u00e4ftsf\u00fchrer Renault Trucks - ITJ | International Transport Journal","og_description":"Renault Trucks hat Manuel Marielle zum neuen Gesch\u00e4ftsf\u00fchrer von Renault Trucks Frankreich ernannt, um einen strategischen Zyklus zur St\u00e4rkung des Unternehmens einzuleiten.","og_url":"https:\/\/transportjournal.com\/de\/2026\/01\/23\/manuel-marielle-neuer-geschaeftsfuehrer-renault-trucks\/","og_site_name":"ITJ | International Transport Journal","article_published_time":"2026-01-23T10:00:06+00:00","og_image":[{"width":2560,"height":1441,"url":"https:\/\/transportjournal.com\/wp-content\/uploads\/sites\/2\/2026\/01\/Manuel-Marielle_Directeur-General-Renault-Trucks-France_2026-scaled-aspect-ratio-1400-788-scaled-1.jpg","type":"image\/jpeg"}],"author":"Andreas Haug","twitter_card":"summary_large_image","twitter_misc":{"Verfasst von":"Andreas Haug","Gesch\u00e4tzte Lesezeit":"2\u00a0Minute"},"schema":{"@context":"https:\/\/schema.org","@graph":[{"@type":"Article","@id":"https:\/\/transportjournal.com\/de\/2026\/01\/23\/manuel-marielle-neuer-geschaeftsfuehrer-renault-trucks\/#article","isPartOf":{"@id":"https:\/\/transportjournal.com\/de\/2026\/01\/23\/manuel-marielle-neuer-geschaeftsfuehrer-renault-trucks\/"},"author":{"name":"Andreas Haug","@id":"https:\/\/transportjournal.com\/de\/#\/schema\/person\/cf538b3157f15afd7589245a4b3dbd25"},"headline":"Manuel Marielle neuer Gesch\u00e4ftsf\u00fchrer Renault Trucks","datePublished":"2026-01-23T10:00:06+00:00","mainEntityOfPage":{"@id":"https:\/\/transportjournal.com\/de\/2026\/01\/23\/manuel-marielle-neuer-geschaeftsfuehrer-renault-trucks\/"},"wordCount":396,"commentCount":0,"publisher":{"@id":"https:\/\/transportjournal.com\/de\/#organization"},"image":{"@id":"https:\/\/transportjournal.com\/de\/2026\/01\/23\/manuel-marielle-neuer-geschaeftsfuehrer-renault-trucks\/#primaryimage"},"thumbnailUrl":"https:\/\/transportjournal.com\/wp-content\/uploads\/sites\/2\/2026\/01\/Manuel-Marielle_Directeur-General-Renault-Trucks-France_2026-scaled-aspect-ratio-1400-788-scaled-1.jpg","keywords":["CEO Renault Trucks","changements dans le trafic routier","comit\u00e9 ex\u00e9cutif Renault","commercial vehicles Europe","corporate leadership Renault","cycle strat\u00e9gique Renault","Deutsch Renault Trucks","d\u00e9veloppement des talents Renault","directeur g\u00e9n\u00e9ral Renault Trucks","Einkaufsmanagement Renault","executive committee Renault","Exekutivkomitee Renault","exp\u00e9rience internationale Renault","Gesch\u00e4ftsf\u00fchrer Renault Trucks","gestion des achats Renault","groupe Volvo","industrie logistique France","international experience Renault","internationale Erfahrung Renault","leadership d'entreprise Renault","Lkw Mobilit\u00e4tsl\u00f6sungen","logistics industry France","Logistikbranche Frankreich","Manuel Marielle","market share Renault Trucks","market strategy Renault","Marktanteil Renault Trucks","Marktstrategie Renault","Mobilit\u00e4tstrends Nutzfahrzeuge English Renault Trucks","mobility trends commercial vehicles Fran\u00e7ais Renault Trucks","Nutzfahrzeuge Europa","part de march\u00e9 Renault Trucks","partenariats v\u00e9hicules utilitaires","Partnerschaften Nutzfahrzeuge","partnerships commercial vehicles","procurement management Renault","production sites Renault","Produktionsstandorte Renault","road traffic changes","sites de production Renault","solutions de mobilit\u00e9 poids lourds","Stra\u00dfenverkehr Ver\u00e4nderungen","strategic cycle Renault","strat\u00e9gie de march\u00e9 Renault","strategischer Zyklus Renault","talent development Renault","Talentf\u00f6rderung Renault","tendances de mobilit\u00e9 v\u00e9hicules utilitaires","truck mobility solutions","Unternehmensf\u00fchrung Renault","v\u00e9hicules utilitaires Europe","Volvo Group","Volvo Konzern"],"articleSection":["Europa","Intermodal \/ Stra\u00dfe","Menschen &amp; Unternehmen"],"inLanguage":"de","potentialAction":[{"@type":"CommentAction","name":"Comment","target":["https:\/\/transportjournal.com\/de\/2026\/01\/23\/manuel-marielle-neuer-geschaeftsfuehrer-renault-trucks\/#respond"]}]},{"@type":"WebPage","@id":"https:\/\/transportjournal.com\/de\/2026\/01\/23\/manuel-marielle-neuer-geschaeftsfuehrer-renault-trucks\/","url":"https:\/\/transportjournal.com\/de\/2026\/01\/23\/manuel-marielle-neuer-geschaeftsfuehrer-renault-trucks\/","name":"Manuel Marielle neuer Gesch\u00e4ftsf\u00fchrer Renault Trucks - ITJ | International Transport Journal","isPartOf":{"@id":"https:\/\/transportjournal.com\/de\/#website"},"primaryImageOfPage":{"@id":"https:\/\/transportjournal.com\/de\/2026\/01\/23\/manuel-marielle-neuer-geschaeftsfuehrer-renault-trucks\/#primaryimage"},"image":{"@id":"https:\/\/transportjournal.com\/de\/2026\/01\/23\/manuel-marielle-neuer-geschaeftsfuehrer-renault-trucks\/#primaryimage"},"thumbnailUrl":"https:\/\/transportjournal.com\/wp-content\/uploads\/sites\/2\/2026\/01\/Manuel-Marielle_Directeur-General-Renault-Trucks-France_2026-scaled-aspect-ratio-1400-788-scaled-1.jpg","datePublished":"2026-01-23T10:00:06+00:00","breadcrumb":{"@id":"https:\/\/transportjournal.com\/de\/2026\/01\/23\/manuel-marielle-neuer-geschaeftsfuehrer-renault-trucks\/#breadcrumb"},"inLanguage":"de","potentialAction":[{"@type":"ReadAction","target":["https:\/\/transportjournal.com\/de\/2026\/01\/23\/manuel-marielle-neuer-geschaeftsfuehrer-renault-trucks\/"]}]},{"@type":"ImageObject","inLanguage":"de","@id":"https:\/\/transportjournal.com\/de\/2026\/01\/23\/manuel-marielle-neuer-geschaeftsfuehrer-renault-trucks\/#primaryimage","url":"https:\/\/transportjournal.com\/wp-content\/uploads\/sites\/2\/2026\/01\/Manuel-Marielle_Directeur-General-Renault-Trucks-France_2026-scaled-aspect-ratio-1400-788-scaled-1.jpg","contentUrl":"https:\/\/transportjournal.com\/wp-content\/uploads\/sites\/2\/2026\/01\/Manuel-Marielle_Directeur-General-Renault-Trucks-France_2026-scaled-aspect-ratio-1400-788-scaled-1.jpg","width":2560,"height":1441},{"@type":"BreadcrumbList","@id":"https:\/\/transportjournal.com\/de\/2026\/01\/23\/manuel-marielle-neuer-geschaeftsfuehrer-renault-trucks\/#breadcrumb","itemListElement":[{"@type":"ListItem","position":1,"name":"Startseite","item":"https:\/\/transportjournal.com\/de\/"},{"@type":"ListItem","position":2,"name":"Manuel Marielle neuer Gesch\u00e4ftsf\u00fchrer Renault Trucks"}]},{"@type":"WebSite","@id":"https:\/\/transportjournal.com\/de\/#website","url":"https:\/\/transportjournal.com\/de\/","name":"ITJ | International Transport Journal","description":"Stay informed with the latest global news from the transport, logistics, and supply chain industries. Transport Journal delivers expert insights, analysis, and updates across shipping, aviation, intermodal, and forwarding.","publisher":{"@id":"https:\/\/transportjournal.com\/de\/#organization"},"potentialAction":[{"@type":"SearchAction","target":{"@type":"EntryPoint","urlTemplate":"https:\/\/transportjournal.com\/de\/?s={search_term_string}"},"query-input":{"@type":"PropertyValueSpecification","valueRequired":true,"valueName":"search_term_string"}}],"inLanguage":"de"},{"@type":"Organization","@id":"https:\/\/transportjournal.com\/de\/#organization","name":"Groupe Logismedia AG","alternateName":"Logismedia Group AG","url":"https:\/\/transportjournal.com\/de\/","logo":{"@type":"ImageObject","inLanguage":"de","@id":"https:\/\/transportjournal.com\/de\/#\/schema\/logo\/image\/","url":"https:\/\/transportjournal.com\/wp-content\/uploads\/sites\/2\/2025\/09\/Logo_ITJ.png","contentUrl":"https:\/\/transportjournal.com\/wp-content\/uploads\/sites\/2\/2025\/09\/Logo_ITJ.png","width":799,"height":326,"caption":"Groupe Logismedia AG"},"image":{"@id":"https:\/\/transportjournal.com\/de\/#\/schema\/logo\/image\/"},"sameAs":["https:\/\/www.linkedin.com\/company\/56456496\/admin\/dashboard\/","https:\/\/www.instagram.com\/logismediagroup\/","https:\/\/www.youtube.com\/@LogiamediaGroupAG"]},{"@type":"Person","@id":"https:\/\/transportjournal.com\/de\/#\/schema\/person\/cf538b3157f15afd7589245a4b3dbd25","name":"Andreas Haug","url":"https:\/\/transportjournal.com\/de\/author\/andreas\/"}]}},"_links":{"self":[{"href":"https:\/\/transportjournal.com\/de\/wp-json\/wp\/v2\/posts\/74154","targetHints":{"allow":["GET"]}}],"collection":[{"href":"https:\/\/transportjournal.com\/de\/wp-json\/wp\/v2\/posts"}],"about":[{"href":"https:\/\/transportjournal.com\/de\/wp-json\/wp\/v2\/types\/post"}],"author":[{"embeddable":true,"href":"https:\/\/transportjournal.com\/de\/wp-json\/wp\/v2\/users\/12"}],"replies":[{"embeddable":true,"href":"https:\/\/transportjournal.com\/de\/wp-json\/wp\/v2\/comments?post=74154"}],"version-history":[{"count":0,"href":"https:\/\/transportjournal.com\/de\/wp-json\/wp\/v2\/posts\/74154\/revisions"}],"wp:featuredmedia":[{"embeddable":true,"href":"https:\/\/transportjournal.com\/de\/wp-json\/wp\/v2\/media\/74153"}],"wp:attachment":[{"href":"https:\/\/transportjournal.com\/de\/wp-json\/wp\/v2\/media?parent=74154"}],"wp:term":[{"taxonomy":"category","embeddable":true,"href":"https:\/\/transportjournal.com\/de\/wp-json\/wp\/v2\/categories?post=74154"},{"taxonomy":"post_tag","embeddable":true,"href":"https:\/\/transportjournal.com\/de\/wp-json\/wp\/v2\/tags?post=74154"}],"curies":[{"name":"wp","href":"https:\/\/api.w.org\/{rel}","templated":true}]}}