{"id":74123,"date":"2026-01-23T08:49:40","date_gmt":"2026-01-23T08:49:40","guid":{"rendered":"https:\/\/transportjournal.com\/2026\/01\/23\/contargo-erweitert-flotte-um-33-e-lkw\/"},"modified":"2026-01-23T08:49:40","modified_gmt":"2026-01-23T08:49:40","slug":"contargo-erweitert-flotte-um-33-e-lkw","status":"publish","type":"post","link":"https:\/\/transportjournal.com\/de\/2026\/01\/23\/contargo-erweitert-flotte-um-33-e-lkw\/","title":{"rendered":"Contargo erweitert Flotte um 33 E-Lkw"},"content":{"rendered":"<p>Contargo hat seine Flotte an batterieelektrischen Lkw um 33 neue Sattelzugmaschinen des Typs &#8222;DAF XD Electric&#8220; erweitert. Die Fahrzeuge wurden in Eindhoven hergestellt und sind ab sofort an 15 Standorten in Deutschland im Einsatz. Mit dieser Erweiterung erreicht das Unternehmen ein bedeutendes Ziel auf dem Weg zur Dekarbonisierung seiner Transportflotte. Insgesamt betreibt Contargo nun 90 elektrische Lkw, nachdem alle im Rahmen der F\u00f6rderung durch die \u201eKlimaschutzinitiative\u201c (KsNI) zugesagten Projekte erfolgreich umgesetzt wurden, wie das Unternehmen berichtet.<\/p>\n<h3>Technische Details der neuen Lkw<\/h3>\n<p>Die neuen DAF XD Electric Lkw sind mit Elektromotoren ausgestattet, die eine Leistung von 350 kW bieten. Die Energieversorgung erfolgt \u00fcber f\u00fcnf Lithium-Eisenphosphat-Batteriepakete. Diese Technologie wurde bewusst gew\u00e4hlt, um auf den Einsatz von Kobalt und Nickel zu verzichten, was zu einer h\u00f6heren Lebensdauer und vollst\u00e4ndigen Ladef\u00e4higkeit der Batterien beitr\u00e4gt, berichtet Kristin Kahl, Gesch\u00e4ftsf\u00fchrerin der Contargo Truck Fleet GmbH &amp; Co. KG, betont.<\/p>\n<p><a href=\"https:\/\/www.contargo.net\/de\/\" target=\"_blank\" rel=\"noopener noreferrer\">www.contargo.net<\/a><\/p>\n","protected":false},"excerpt":{"rendered":"<p>Contargo hat seine Flotte um 33 DAF XD Electric Lkw erweitert, die nun an 15 Standorten in Deutschland eingesetzt werden.<\/p>\n","protected":false},"author":10,"featured_media":74122,"comment_status":"open","ping_status":"open","sticky":false,"template":"","format":"standard","meta":{"_acf_changed":false,"footnotes":""},"categories":[1575,1568],"tags":[8652,8653,8654,8655,8656,8657,8658,8659,8660,5248,3353,8661,4911,8662,8663,8664,8665,8666,2999,8667,2122,4598,4601,8668,4604,2125,8669,8670,3193,8671,8672,8673,8674,2373,8675,8676,8677,3872,2525,2526,2622,1800,3379,2145,2869,8678,4929,8679,2641,7743,2155,3033,1837,4934,8680,8681],"class_list":["post-74123","post","type-post","status-publish","format-standard","has-post-thumbnail","hentry","category-europa","category-bahn-binnenschifffahrt-strasse","tag-batterieelektrische-lkw","tag-batteries-lithium-fer-phosphate","tag-battery-electric-vehicles","tag-camions-electriques","tag-climate-protection-initiative","tag-daf-xd-electric","tag-decarbonisation-flotte-de-transport","tag-decarbonization-transport-fleet","tag-dekarbonisierung-transportflotte","tag-deutsch-contargo","tag-digitalisierung-logistik","tag-e-lkw","tag-eco-friendly-transport-solutions","tag-electric-motor-power","tag-electric-tractor-units","tag-electric-trucks","tag-elektrische-sattelzugmaschinen","tag-elektromotoren-leistung","tag-emission-free-transport","tag-emissionsfreie-transporte","tag-fachkraeftemangel-logistik","tag-fleet-management","tag-flottenmanagement","tag-germany-location","tag-gestion-de-flotte","tag-industrie-du-transport","tag-infrastructure-electromobilite","tag-infrastructure-electromobility","tag-infrastruktur-elektromobilitaet","tag-initiative-de-protection-du-climat","tag-innovative-transport-technologies-francais-contargo","tag-innovative-transporttechnologien-english-contargo","tag-klimaschutzinitiative","tag-labor-shortage-logistics","tag-lithium-iron-phosphate-batteries","tag-lithium-eisenphosphat-batterien","tag-localisation-allemagne","tag-logistics-digitalization","tag-logistics-service-providers-germany","tag-logistikdienstleister-deutschland","tag-logistique-durable","tag-nachhaltige-logistik","tag-numerisation-logistique","tag-penurie-de-main-doeuvre-logistique","tag-prestataires-de-services-logistiques-allemagne","tag-puissance-moteur-electrique","tag-solutions-de-transport-ecologiques","tag-standort-deutschland","tag-sustainable-logistics","tag-technologies-de-transport-innovantes","tag-transport-industry","tag-transport-sans-emissions","tag-transportwirtschaft","tag-umweltfreundliche-transportloesungen","tag-unites-de-tracteur-electriques","tag-vehicules-electriques-a-batterie"],"acf":[],"yoast_head":"<!-- This site is optimized with the Yoast SEO plugin v27.3 - https:\/\/yoast.com\/product\/yoast-seo-wordpress\/ -->\n<title>Contargo erweitert Flotte um 33 E-Lkw - ITJ | International Transport Journal<\/title>\n<meta name=\"robots\" content=\"index, follow, max-snippet:-1, max-image-preview:large, max-video-preview:-1\" \/>\n<link rel=\"canonical\" href=\"https:\/\/transportjournal.com\/de\/2026\/01\/23\/contargo-erweitert-flotte-um-33-e-lkw\/\" \/>\n<meta property=\"og:locale\" content=\"de_DE\" \/>\n<meta property=\"og:type\" content=\"article\" \/>\n<meta property=\"og:title\" content=\"Contargo erweitert Flotte um 33 E-Lkw - ITJ | International Transport Journal\" \/>\n<meta property=\"og:description\" content=\"Contargo hat seine Flotte um 33 DAF XD Electric Lkw erweitert, die nun an 15 Standorten in Deutschland eingesetzt werden.\" \/>\n<meta property=\"og:url\" content=\"https:\/\/transportjournal.com\/de\/2026\/01\/23\/contargo-erweitert-flotte-um-33-e-lkw\/\" \/>\n<meta property=\"og:site_name\" content=\"ITJ | International Transport Journal\" \/>\n<meta property=\"article:published_time\" content=\"2026-01-23T08:49:40+00:00\" \/>\n<meta property=\"og:image\" content=\"https:\/\/transportjournal.com\/wp-content\/uploads\/sites\/2\/2026\/01\/Contargo_DAF_2-scaled-aspect-ratio-1400-788-scaled-1.jpg\" \/>\n\t<meta property=\"og:image:width\" content=\"2560\" \/>\n\t<meta property=\"og:image:height\" content=\"1441\" \/>\n\t<meta property=\"og:image:type\" content=\"image\/jpeg\" \/>\n<meta name=\"author\" content=\"Jeremy Soland\" \/>\n<meta name=\"twitter:card\" content=\"summary_large_image\" \/>\n<meta name=\"twitter:label1\" content=\"Verfasst von\" \/>\n\t<meta name=\"twitter:data1\" content=\"Jeremy Soland\" \/>\n\t<meta name=\"twitter:label2\" content=\"Gesch\u00e4tzte Lesezeit\" \/>\n\t<meta name=\"twitter:data2\" content=\"1\u00a0Minute\" \/>\n<script type=\"application\/ld+json\" class=\"yoast-schema-graph\">{\"@context\":\"https:\\\/\\\/schema.org\",\"@graph\":[{\"@type\":\"Article\",\"@id\":\"https:\\\/\\\/transportjournal.com\\\/de\\\/2026\\\/01\\\/23\\\/contargo-erweitert-flotte-um-33-e-lkw\\\/#article\",\"isPartOf\":{\"@id\":\"https:\\\/\\\/transportjournal.com\\\/de\\\/2026\\\/01\\\/23\\\/contargo-erweitert-flotte-um-33-e-lkw\\\/\"},\"author\":{\"name\":\"Jeremy Soland\",\"@id\":\"https:\\\/\\\/transportjournal.com\\\/de\\\/#\\\/schema\\\/person\\\/41d36b5474b623392fa613e97e2363fa\"},\"headline\":\"Contargo erweitert Flotte um 33 E-Lkw\",\"datePublished\":\"2026-01-23T08:49:40+00:00\",\"mainEntityOfPage\":{\"@id\":\"https:\\\/\\\/transportjournal.com\\\/de\\\/2026\\\/01\\\/23\\\/contargo-erweitert-flotte-um-33-e-lkw\\\/\"},\"wordCount\":156,\"commentCount\":0,\"publisher\":{\"@id\":\"https:\\\/\\\/transportjournal.com\\\/de\\\/#organization\"},\"image\":{\"@id\":\"https:\\\/\\\/transportjournal.com\\\/de\\\/2026\\\/01\\\/23\\\/contargo-erweitert-flotte-um-33-e-lkw\\\/#primaryimage\"},\"thumbnailUrl\":\"https:\\\/\\\/transportjournal.com\\\/wp-content\\\/uploads\\\/sites\\\/2\\\/2026\\\/01\\\/Contargo_DAF_2-scaled-aspect-ratio-1400-788-scaled-1.jpg\",\"keywords\":[\"batterieelektrische Lkw\",\"batteries lithium fer phosphate\",\"battery electric vehicles\",\"camions \u00e9lectriques\",\"climate protection initiative\",\"DAF XD Electric\",\"d\u00e9carbonisation flotte de transport\",\"decarbonization transport fleet\",\"Dekarbonisierung Transportflotte\",\"Deutsch Contargo\",\"Digitalisierung Logistik\",\"E-Lkw\",\"eco-friendly transport solutions\",\"electric motor power\",\"electric tractor units\",\"electric trucks\",\"elektrische Sattelzugmaschinen\",\"Elektromotoren Leistung\",\"emission-free transport\",\"emissionsfreie Transporte\",\"Fachkr\u00e4ftemangel Logistik\",\"fleet management\",\"Flottenmanagement\",\"Germany location\",\"gestion de flotte\",\"industrie du transport\",\"infrastructure \u00e9lectromobilit\u00e9\",\"infrastructure electromobility\",\"Infrastruktur Elektromobilit\u00e4t\",\"initiative de protection du climat\",\"innovative transport technologies Fran\u00e7ais Contargo\",\"innovative Transporttechnologien English Contargo\",\"Klimaschutzinitiative\",\"labor shortage logistics\",\"lithium iron phosphate batteries\",\"Lithium-Eisenphosphat-Batterien\",\"localisation Allemagne\",\"logistics digitalization\",\"logistics service providers Germany\",\"Logistikdienstleister Deutschland\",\"logistique durable\",\"nachhaltige Logistik\",\"num\u00e9risation logistique\",\"p\u00e9nurie de main-d'\u0153uvre logistique\",\"prestataires de services logistiques Allemagne\",\"puissance moteur \u00e9lectrique\",\"solutions de transport \u00e9cologiques\",\"Standort Deutschland\",\"sustainable logistics\",\"technologies de transport innovantes\",\"transport industry\",\"transport sans \u00e9missions\",\"Transportwirtschaft\",\"Umweltfreundliche Transportl\u00f6sungen\",\"unit\u00e9s de tracteur \u00e9lectriques\",\"v\u00e9hicules \u00e9lectriques \u00e0 batterie\"],\"articleSection\":[\"Europa\",\"Intermodal \\\/ Stra\u00dfe\"],\"inLanguage\":\"de\",\"potentialAction\":[{\"@type\":\"CommentAction\",\"name\":\"Comment\",\"target\":[\"https:\\\/\\\/transportjournal.com\\\/de\\\/2026\\\/01\\\/23\\\/contargo-erweitert-flotte-um-33-e-lkw\\\/#respond\"]}]},{\"@type\":\"WebPage\",\"@id\":\"https:\\\/\\\/transportjournal.com\\\/de\\\/2026\\\/01\\\/23\\\/contargo-erweitert-flotte-um-33-e-lkw\\\/\",\"url\":\"https:\\\/\\\/transportjournal.com\\\/de\\\/2026\\\/01\\\/23\\\/contargo-erweitert-flotte-um-33-e-lkw\\\/\",\"name\":\"Contargo erweitert Flotte um 33 E-Lkw - ITJ | International Transport Journal\",\"isPartOf\":{\"@id\":\"https:\\\/\\\/transportjournal.com\\\/de\\\/#website\"},\"primaryImageOfPage\":{\"@id\":\"https:\\\/\\\/transportjournal.com\\\/de\\\/2026\\\/01\\\/23\\\/contargo-erweitert-flotte-um-33-e-lkw\\\/#primaryimage\"},\"image\":{\"@id\":\"https:\\\/\\\/transportjournal.com\\\/de\\\/2026\\\/01\\\/23\\\/contargo-erweitert-flotte-um-33-e-lkw\\\/#primaryimage\"},\"thumbnailUrl\":\"https:\\\/\\\/transportjournal.com\\\/wp-content\\\/uploads\\\/sites\\\/2\\\/2026\\\/01\\\/Contargo_DAF_2-scaled-aspect-ratio-1400-788-scaled-1.jpg\",\"datePublished\":\"2026-01-23T08:49:40+00:00\",\"breadcrumb\":{\"@id\":\"https:\\\/\\\/transportjournal.com\\\/de\\\/2026\\\/01\\\/23\\\/contargo-erweitert-flotte-um-33-e-lkw\\\/#breadcrumb\"},\"inLanguage\":\"de\",\"potentialAction\":[{\"@type\":\"ReadAction\",\"target\":[\"https:\\\/\\\/transportjournal.com\\\/de\\\/2026\\\/01\\\/23\\\/contargo-erweitert-flotte-um-33-e-lkw\\\/\"]}]},{\"@type\":\"ImageObject\",\"inLanguage\":\"de\",\"@id\":\"https:\\\/\\\/transportjournal.com\\\/de\\\/2026\\\/01\\\/23\\\/contargo-erweitert-flotte-um-33-e-lkw\\\/#primaryimage\",\"url\":\"https:\\\/\\\/transportjournal.com\\\/wp-content\\\/uploads\\\/sites\\\/2\\\/2026\\\/01\\\/Contargo_DAF_2-scaled-aspect-ratio-1400-788-scaled-1.jpg\",\"contentUrl\":\"https:\\\/\\\/transportjournal.com\\\/wp-content\\\/uploads\\\/sites\\\/2\\\/2026\\\/01\\\/Contargo_DAF_2-scaled-aspect-ratio-1400-788-scaled-1.jpg\",\"width\":2560,\"height\":1441},{\"@type\":\"BreadcrumbList\",\"@id\":\"https:\\\/\\\/transportjournal.com\\\/de\\\/2026\\\/01\\\/23\\\/contargo-erweitert-flotte-um-33-e-lkw\\\/#breadcrumb\",\"itemListElement\":[{\"@type\":\"ListItem\",\"position\":1,\"name\":\"Startseite\",\"item\":\"https:\\\/\\\/transportjournal.com\\\/de\\\/\"},{\"@type\":\"ListItem\",\"position\":2,\"name\":\"Contargo erweitert Flotte um 33 E-Lkw\"}]},{\"@type\":\"WebSite\",\"@id\":\"https:\\\/\\\/transportjournal.com\\\/de\\\/#website\",\"url\":\"https:\\\/\\\/transportjournal.com\\\/de\\\/\",\"name\":\"ITJ | International Transport Journal\",\"description\":\"Stay informed with the latest global news from the transport, logistics, and supply chain industries. Transport Journal delivers expert insights, analysis, and updates across shipping, aviation, intermodal, and forwarding.\",\"publisher\":{\"@id\":\"https:\\\/\\\/transportjournal.com\\\/de\\\/#organization\"},\"potentialAction\":[{\"@type\":\"SearchAction\",\"target\":{\"@type\":\"EntryPoint\",\"urlTemplate\":\"https:\\\/\\\/transportjournal.com\\\/de\\\/?s={search_term_string}\"},\"query-input\":{\"@type\":\"PropertyValueSpecification\",\"valueRequired\":true,\"valueName\":\"search_term_string\"}}],\"inLanguage\":\"de\"},{\"@type\":\"Organization\",\"@id\":\"https:\\\/\\\/transportjournal.com\\\/de\\\/#organization\",\"name\":\"Groupe Logismedia AG\",\"alternateName\":\"Logismedia Group AG\",\"url\":\"https:\\\/\\\/transportjournal.com\\\/de\\\/\",\"logo\":{\"@type\":\"ImageObject\",\"inLanguage\":\"de\",\"@id\":\"https:\\\/\\\/transportjournal.com\\\/de\\\/#\\\/schema\\\/logo\\\/image\\\/\",\"url\":\"https:\\\/\\\/transportjournal.com\\\/wp-content\\\/uploads\\\/sites\\\/2\\\/2025\\\/09\\\/Logo_ITJ.png\",\"contentUrl\":\"https:\\\/\\\/transportjournal.com\\\/wp-content\\\/uploads\\\/sites\\\/2\\\/2025\\\/09\\\/Logo_ITJ.png\",\"width\":799,\"height\":326,\"caption\":\"Groupe Logismedia AG\"},\"image\":{\"@id\":\"https:\\\/\\\/transportjournal.com\\\/de\\\/#\\\/schema\\\/logo\\\/image\\\/\"},\"sameAs\":[\"https:\\\/\\\/www.linkedin.com\\\/company\\\/56456496\\\/admin\\\/dashboard\\\/\",\"https:\\\/\\\/www.instagram.com\\\/logismediagroup\\\/\",\"https:\\\/\\\/www.youtube.com\\\/@LogiamediaGroupAG\"]},{\"@type\":\"Person\",\"@id\":\"https:\\\/\\\/transportjournal.com\\\/de\\\/#\\\/schema\\\/person\\\/41d36b5474b623392fa613e97e2363fa\",\"name\":\"Jeremy Soland\",\"url\":\"https:\\\/\\\/transportjournal.com\\\/de\\\/author\\\/jeremy\\\/\"}]}<\/script>\n<!-- \/ Yoast SEO plugin. -->","yoast_head_json":{"title":"Contargo erweitert Flotte um 33 E-Lkw - ITJ | International Transport Journal","robots":{"index":"index","follow":"follow","max-snippet":"max-snippet:-1","max-image-preview":"max-image-preview:large","max-video-preview":"max-video-preview:-1"},"canonical":"https:\/\/transportjournal.com\/de\/2026\/01\/23\/contargo-erweitert-flotte-um-33-e-lkw\/","og_locale":"de_DE","og_type":"article","og_title":"Contargo erweitert Flotte um 33 E-Lkw - ITJ | International Transport Journal","og_description":"Contargo hat seine Flotte um 33 DAF XD Electric Lkw erweitert, die nun an 15 Standorten in Deutschland eingesetzt werden.","og_url":"https:\/\/transportjournal.com\/de\/2026\/01\/23\/contargo-erweitert-flotte-um-33-e-lkw\/","og_site_name":"ITJ | International Transport Journal","article_published_time":"2026-01-23T08:49:40+00:00","og_image":[{"width":2560,"height":1441,"url":"https:\/\/transportjournal.com\/wp-content\/uploads\/sites\/2\/2026\/01\/Contargo_DAF_2-scaled-aspect-ratio-1400-788-scaled-1.jpg","type":"image\/jpeg"}],"author":"Jeremy Soland","twitter_card":"summary_large_image","twitter_misc":{"Verfasst von":"Jeremy Soland","Gesch\u00e4tzte Lesezeit":"1\u00a0Minute"},"schema":{"@context":"https:\/\/schema.org","@graph":[{"@type":"Article","@id":"https:\/\/transportjournal.com\/de\/2026\/01\/23\/contargo-erweitert-flotte-um-33-e-lkw\/#article","isPartOf":{"@id":"https:\/\/transportjournal.com\/de\/2026\/01\/23\/contargo-erweitert-flotte-um-33-e-lkw\/"},"author":{"name":"Jeremy Soland","@id":"https:\/\/transportjournal.com\/de\/#\/schema\/person\/41d36b5474b623392fa613e97e2363fa"},"headline":"Contargo erweitert Flotte um 33 E-Lkw","datePublished":"2026-01-23T08:49:40+00:00","mainEntityOfPage":{"@id":"https:\/\/transportjournal.com\/de\/2026\/01\/23\/contargo-erweitert-flotte-um-33-e-lkw\/"},"wordCount":156,"commentCount":0,"publisher":{"@id":"https:\/\/transportjournal.com\/de\/#organization"},"image":{"@id":"https:\/\/transportjournal.com\/de\/2026\/01\/23\/contargo-erweitert-flotte-um-33-e-lkw\/#primaryimage"},"thumbnailUrl":"https:\/\/transportjournal.com\/wp-content\/uploads\/sites\/2\/2026\/01\/Contargo_DAF_2-scaled-aspect-ratio-1400-788-scaled-1.jpg","keywords":["batterieelektrische Lkw","batteries lithium fer phosphate","battery electric vehicles","camions \u00e9lectriques","climate protection initiative","DAF XD Electric","d\u00e9carbonisation flotte de transport","decarbonization transport fleet","Dekarbonisierung Transportflotte","Deutsch Contargo","Digitalisierung Logistik","E-Lkw","eco-friendly transport solutions","electric motor power","electric tractor units","electric trucks","elektrische Sattelzugmaschinen","Elektromotoren Leistung","emission-free transport","emissionsfreie Transporte","Fachkr\u00e4ftemangel Logistik","fleet management","Flottenmanagement","Germany location","gestion de flotte","industrie du transport","infrastructure \u00e9lectromobilit\u00e9","infrastructure electromobility","Infrastruktur Elektromobilit\u00e4t","initiative de protection du climat","innovative transport technologies Fran\u00e7ais Contargo","innovative Transporttechnologien English Contargo","Klimaschutzinitiative","labor shortage logistics","lithium iron phosphate batteries","Lithium-Eisenphosphat-Batterien","localisation Allemagne","logistics digitalization","logistics service providers Germany","Logistikdienstleister Deutschland","logistique durable","nachhaltige Logistik","num\u00e9risation logistique","p\u00e9nurie de main-d'\u0153uvre logistique","prestataires de services logistiques Allemagne","puissance moteur \u00e9lectrique","solutions de transport \u00e9cologiques","Standort Deutschland","sustainable logistics","technologies de transport innovantes","transport industry","transport sans \u00e9missions","Transportwirtschaft","Umweltfreundliche Transportl\u00f6sungen","unit\u00e9s de tracteur \u00e9lectriques","v\u00e9hicules \u00e9lectriques \u00e0 batterie"],"articleSection":["Europa","Intermodal \/ Stra\u00dfe"],"inLanguage":"de","potentialAction":[{"@type":"CommentAction","name":"Comment","target":["https:\/\/transportjournal.com\/de\/2026\/01\/23\/contargo-erweitert-flotte-um-33-e-lkw\/#respond"]}]},{"@type":"WebPage","@id":"https:\/\/transportjournal.com\/de\/2026\/01\/23\/contargo-erweitert-flotte-um-33-e-lkw\/","url":"https:\/\/transportjournal.com\/de\/2026\/01\/23\/contargo-erweitert-flotte-um-33-e-lkw\/","name":"Contargo erweitert Flotte um 33 E-Lkw - ITJ | International Transport Journal","isPartOf":{"@id":"https:\/\/transportjournal.com\/de\/#website"},"primaryImageOfPage":{"@id":"https:\/\/transportjournal.com\/de\/2026\/01\/23\/contargo-erweitert-flotte-um-33-e-lkw\/#primaryimage"},"image":{"@id":"https:\/\/transportjournal.com\/de\/2026\/01\/23\/contargo-erweitert-flotte-um-33-e-lkw\/#primaryimage"},"thumbnailUrl":"https:\/\/transportjournal.com\/wp-content\/uploads\/sites\/2\/2026\/01\/Contargo_DAF_2-scaled-aspect-ratio-1400-788-scaled-1.jpg","datePublished":"2026-01-23T08:49:40+00:00","breadcrumb":{"@id":"https:\/\/transportjournal.com\/de\/2026\/01\/23\/contargo-erweitert-flotte-um-33-e-lkw\/#breadcrumb"},"inLanguage":"de","potentialAction":[{"@type":"ReadAction","target":["https:\/\/transportjournal.com\/de\/2026\/01\/23\/contargo-erweitert-flotte-um-33-e-lkw\/"]}]},{"@type":"ImageObject","inLanguage":"de","@id":"https:\/\/transportjournal.com\/de\/2026\/01\/23\/contargo-erweitert-flotte-um-33-e-lkw\/#primaryimage","url":"https:\/\/transportjournal.com\/wp-content\/uploads\/sites\/2\/2026\/01\/Contargo_DAF_2-scaled-aspect-ratio-1400-788-scaled-1.jpg","contentUrl":"https:\/\/transportjournal.com\/wp-content\/uploads\/sites\/2\/2026\/01\/Contargo_DAF_2-scaled-aspect-ratio-1400-788-scaled-1.jpg","width":2560,"height":1441},{"@type":"BreadcrumbList","@id":"https:\/\/transportjournal.com\/de\/2026\/01\/23\/contargo-erweitert-flotte-um-33-e-lkw\/#breadcrumb","itemListElement":[{"@type":"ListItem","position":1,"name":"Startseite","item":"https:\/\/transportjournal.com\/de\/"},{"@type":"ListItem","position":2,"name":"Contargo erweitert Flotte um 33 E-Lkw"}]},{"@type":"WebSite","@id":"https:\/\/transportjournal.com\/de\/#website","url":"https:\/\/transportjournal.com\/de\/","name":"ITJ | International Transport Journal","description":"Stay informed with the latest global news from the transport, logistics, and supply chain industries. Transport Journal delivers expert insights, analysis, and updates across shipping, aviation, intermodal, and forwarding.","publisher":{"@id":"https:\/\/transportjournal.com\/de\/#organization"},"potentialAction":[{"@type":"SearchAction","target":{"@type":"EntryPoint","urlTemplate":"https:\/\/transportjournal.com\/de\/?s={search_term_string}"},"query-input":{"@type":"PropertyValueSpecification","valueRequired":true,"valueName":"search_term_string"}}],"inLanguage":"de"},{"@type":"Organization","@id":"https:\/\/transportjournal.com\/de\/#organization","name":"Groupe Logismedia AG","alternateName":"Logismedia Group AG","url":"https:\/\/transportjournal.com\/de\/","logo":{"@type":"ImageObject","inLanguage":"de","@id":"https:\/\/transportjournal.com\/de\/#\/schema\/logo\/image\/","url":"https:\/\/transportjournal.com\/wp-content\/uploads\/sites\/2\/2025\/09\/Logo_ITJ.png","contentUrl":"https:\/\/transportjournal.com\/wp-content\/uploads\/sites\/2\/2025\/09\/Logo_ITJ.png","width":799,"height":326,"caption":"Groupe Logismedia AG"},"image":{"@id":"https:\/\/transportjournal.com\/de\/#\/schema\/logo\/image\/"},"sameAs":["https:\/\/www.linkedin.com\/company\/56456496\/admin\/dashboard\/","https:\/\/www.instagram.com\/logismediagroup\/","https:\/\/www.youtube.com\/@LogiamediaGroupAG"]},{"@type":"Person","@id":"https:\/\/transportjournal.com\/de\/#\/schema\/person\/41d36b5474b623392fa613e97e2363fa","name":"Jeremy Soland","url":"https:\/\/transportjournal.com\/de\/author\/jeremy\/"}]}},"_links":{"self":[{"href":"https:\/\/transportjournal.com\/de\/wp-json\/wp\/v2\/posts\/74123","targetHints":{"allow":["GET"]}}],"collection":[{"href":"https:\/\/transportjournal.com\/de\/wp-json\/wp\/v2\/posts"}],"about":[{"href":"https:\/\/transportjournal.com\/de\/wp-json\/wp\/v2\/types\/post"}],"author":[{"embeddable":true,"href":"https:\/\/transportjournal.com\/de\/wp-json\/wp\/v2\/users\/10"}],"replies":[{"embeddable":true,"href":"https:\/\/transportjournal.com\/de\/wp-json\/wp\/v2\/comments?post=74123"}],"version-history":[{"count":0,"href":"https:\/\/transportjournal.com\/de\/wp-json\/wp\/v2\/posts\/74123\/revisions"}],"wp:featuredmedia":[{"embeddable":true,"href":"https:\/\/transportjournal.com\/de\/wp-json\/wp\/v2\/media\/74122"}],"wp:attachment":[{"href":"https:\/\/transportjournal.com\/de\/wp-json\/wp\/v2\/media?parent=74123"}],"wp:term":[{"taxonomy":"category","embeddable":true,"href":"https:\/\/transportjournal.com\/de\/wp-json\/wp\/v2\/categories?post=74123"},{"taxonomy":"post_tag","embeddable":true,"href":"https:\/\/transportjournal.com\/de\/wp-json\/wp\/v2\/tags?post=74123"}],"curies":[{"name":"wp","href":"https:\/\/api.w.org\/{rel}","templated":true}]}}