{"id":74115,"date":"2026-01-23T08:52:11","date_gmt":"2026-01-23T08:52:11","guid":{"rendered":"https:\/\/transportjournal.com\/2026\/01\/23\/ann-hyllengren-wird-cfo-von-ember\/"},"modified":"2026-01-23T08:52:11","modified_gmt":"2026-01-23T08:52:11","slug":"ann-hyllengren-wird-cfo-von-ember","status":"publish","type":"post","link":"https:\/\/transportjournal.com\/de\/2026\/01\/23\/ann-hyllengren-wird-cfo-von-ember\/","title":{"rendered":"Ann Hyllengren wird CFO von Ember"},"content":{"rendered":"<p>Ember LifeSciences hat Ann Hyllengren zur Chief Financial Officer ernannt. Diese Entscheidung folgt auf eine erfolgreiche Finanzierungsrunde, in der das Unternehmen im Dezember 16,5 Mio. USD in einer Series A-Runde einsammeln konnte. Hyllengren wird in ihrer neuen Rolle das F\u00fchrungsteam des Unternehmens verst\u00e4rken und die n\u00e4chste Wachstumsphase unterst\u00fctzen.<\/p>\n<p>Clay Alexander, Gr\u00fcnder und CEO von Ember LifeSciences, \u00e4usserte sich positiv \u00fcber die Ernennung: \u201eWir freuen uns, Ann in einer entscheidenden Phase unserer Entwicklung willkommen zu hei\u00dfen. Sie bringt umfassende Erfahrungen in der finanziellen und operativen F\u00fchrung aus einem der f\u00fchrenden Unternehmen im Bereich der Lebenswissenschaften mit und wird eine wichtige Rolle dabei spielen, neue zuverl\u00e4ssige und nachhaltige L\u00f6sungen f\u00fcr die K\u00fchlkette in der Lebenswissenschaft und dar\u00fcber hinaus zu entwickeln und einzuf\u00fchren.\u201c<\/p>\n<p>Hyllengren kommt von Amgen, wo sie fast zwei Jahrzehnte Erfahrung in den Bereichen globale Buchhaltung und Finanzen, Kapitalplanung sowie Investor Relations gesammelt hat. Zuletzt war sie als leitende F\u00fchrungskraft im Investor Relations-Team von Amgen t\u00e4tig und arbeitete eng mit der Unternehmensf\u00fchrung zusammen, um die Kommunikation mit den Kapitalm\u00e4rkten zu steuern und komplexe finanzielle Leistungen in eine klare und \u00fcberzeugende Erz\u00e4hlung f\u00fcr Investoren zu \u00fcbersetzen. Zudem hatte sie verschiedene leitende Finanzpositionen bei Amgen inne, darunter die Leitung der Finanzen f\u00fcr die milliardenschwere Gesch\u00e4ftseinheit U.S. General Medicine, wo sie strategische Einblicke zur Produktstrategie, Ressourcenallokation und Rentabilit\u00e4t lieferte.<\/p>\n<p>\u201eIch freue mich, Teil eines Teams zu werden, das daran arbeitet, eine der kostspieligsten Herausforderungen im Gesundheitswesen zu l\u00f6sen, mit einem klaren Fokus auf Nachhaltigkeit und der Verbesserung der Patientenergebnisse\u201c, sagte Ann Hyllengren. \u201eEmber hat das Potenzial, einen disruptiven und positiven Einfluss auf die Lieferkette der Lebenswissenschaften auszu\u00fcben, und ich freue mich darauf, das operative Wachstum und die Markterweiterung des Unternehmens zu unterst\u00fctzen.\u201c<\/p>\n<p>Das globale \u00d6kosystem der pharmazeutischen K\u00fchlkette sieht sich j\u00e4hrlich finanziellen Verlusten von 35 Mrd. USD aufgrund von Temperaturabweichungen gegen\u00fcber. Ember LifeSciences begegnet dieser Herausforderung mit dem Ember Cube, einer neuartigen digitalen Versandbox, die cloudbasiertes Temperaturreporting, GPS-Standortverfolgung und nachhaltige R\u00fccksendetechnologie bietet.<\/p>\n<p>Vor ihrer Zeit bei Amgen war Hyllengren in der externen Berichterstattung bei Dole Food Company t\u00e4tig und begann ihre Karriere in der Wirtschaftspr\u00fcfung und Unternehmensberatung bei PricewaterhouseCoopers LLP. Dar\u00fcber hinaus war sie als Dozentin an der Moorpark College und der University of La Verne aktiv. Hyllengren ist eine zertifizierte Wirtschaftspr\u00fcferin und hat einen Masterabschluss in Buchhaltung von der University of Southern California sowie einen Bachelor of Arts in Business Management Economics von der University of California, Santa Cruz.<\/p>\n<p>&nbsp;<\/p>\n<p><a href=\"https:\/\/www.emberlifesciences.com\/\" target=\"_blank\" rel=\"noopener noreferrer\">www.emberlifesciences.com<\/a><\/p>\n<p>&nbsp;<\/p>\n","protected":false},"excerpt":{"rendered":"<p>Ember LifeSciences hat Ann Hyllengren zur CFO ernannt, um das Unternehmen in der n\u00e4chsten Wachstumsphase mit ihrer umfangreichen Erfahrung zu unterst\u00fctzen.<\/p>\n","protected":false},"author":12,"featured_media":74114,"comment_status":"open","ping_status":"open","sticky":false,"template":"","format":"standard","meta":{"_acf_changed":false,"footnotes":""},"categories":[1578,1567,1569],"tags":[8596,8597,8598,8599,8600,8601,8602,8603,8604,8605,8606,8607,8608,8609,8610,8611,8612,8613,8614,8615,8616,8617,8618,8619,8620,8621,8622,8623,8624,8625,8626,8627,8628,8629,8630,8631,8632,8633,8634,8635,8636,8637,8638,8639,8640,8641,8642,8643,8644,8645,8646,8647,8648,8649,8650,8651],"class_list":["post-74115","post","type-post","status-publish","format-standard","has-post-thumbnail","hentry","category-amerikas","category-wechsel-weltweit","category-logistik-spedition","tag-ann-hyllengren-cfo","tag-boite-dexpedition-numerique","tag-certified-public-accountant","tag-chaine-dapprovisionnement-sciences-de-la-vie","tag-chaine-du-froid-sante","tag-changements-de-marche-chaine-du-froid","tag-cloud-based-temperature-reporting","tag-cloudbasiertes-temperaturreporting","tag-cold-chain-healthcare","tag-comptabilite-mondiale-finances","tag-conseil-pricewaterhousecoopers","tag-consulting-pricewaterhousecoopers","tag-defis-de-la-sante","tag-deutsch-ember-lifesciences","tag-digital-shipping-box","tag-digitale-versandbox","tag-disruptive-solutions-life-sciences-francais-ember-lifesciences","tag-ecarts-de-temperature-pharmacie","tag-equipe-financiere-ember","tag-expert-comptable-certifie","tag-finance-team-ember","tag-finanzierungsrunde-lebenswissenschaften","tag-finanzteam-ember","tag-funding-round-life-sciences","tag-global-accounting-finance","tag-globale-buchhaltung-finanzen","tag-gps-tracking","tag-gps-standortverfolgung","tag-healthcare-challenges","tag-herausforderungen-gesundheitswesen","tag-investor-relations-amgen","tag-kuehlkette-gesundheitswesen","tag-leadership-operationnel-sciences-de-la-vie","tag-maitrise-en-comptabilite","tag-market-changes-cold-chain","tag-marktveraenderungen-kuehlkette-english-ember-lifesciences","tag-masters-degree-accounting","tag-masterabschluss-buchhaltung","tag-nachhaltige-loesungen-kuehlkette","tag-operational-leadership-life-sciences","tag-operative-fuehrung-lebenswissenschaften","tag-perspectives-strategiques-strategie-produit","tag-relations-investisseurs-amgen","tag-reporting-de-temperature-base-sur-le-cloud","tag-solutions-durables-chaine-du-froid","tag-strategic-insights-product-strategy","tag-strategische-einblicke-produktstrategie","tag-suivi-gps","tag-supply-chain-lebenswissenschaften","tag-supply-chain-life-sciences","tag-sustainable-cold-chain-solutions","tag-temperaturabweichungen-pharma","tag-temperature-deviations-pharmaceuticals","tag-tour-de-financement-sciences-de-la-vie","tag-unternehmensberatung-pricewaterhousecoopers","tag-zertifizierte-wirtschaftsprueferin"],"acf":[],"yoast_head":"<!-- This site is optimized with the Yoast SEO plugin v27.3 - https:\/\/yoast.com\/product\/yoast-seo-wordpress\/ -->\n<title>Ann Hyllengren wird CFO von Ember - ITJ | International Transport Journal<\/title>\n<meta name=\"robots\" content=\"index, follow, max-snippet:-1, max-image-preview:large, max-video-preview:-1\" \/>\n<link rel=\"canonical\" href=\"https:\/\/transportjournal.com\/de\/2026\/01\/23\/ann-hyllengren-wird-cfo-von-ember\/\" \/>\n<meta property=\"og:locale\" content=\"de_DE\" \/>\n<meta property=\"og:type\" content=\"article\" \/>\n<meta property=\"og:title\" content=\"Ann Hyllengren wird CFO von Ember - ITJ | International Transport Journal\" \/>\n<meta property=\"og:description\" content=\"Ember LifeSciences hat Ann Hyllengren zur CFO ernannt, um das Unternehmen in der n\u00e4chsten Wachstumsphase mit ihrer umfangreichen Erfahrung zu unterst\u00fctzen.\" \/>\n<meta property=\"og:url\" content=\"https:\/\/transportjournal.com\/de\/2026\/01\/23\/ann-hyllengren-wird-cfo-von-ember\/\" \/>\n<meta property=\"og:site_name\" content=\"ITJ | International Transport Journal\" \/>\n<meta property=\"article:published_time\" content=\"2026-01-23T08:52:11+00:00\" \/>\n<meta property=\"og:image\" content=\"https:\/\/transportjournal.com\/wp-content\/uploads\/sites\/2\/2026\/01\/Ember-7a75d6_f30d565da8c14d0a8fb21a481097a1camv2-aspect-ratio-1400-788.jpg\" \/>\n\t<meta property=\"og:image:width\" content=\"562\" \/>\n\t<meta property=\"og:image:height\" content=\"316\" \/>\n\t<meta property=\"og:image:type\" content=\"image\/jpeg\" \/>\n<meta name=\"author\" content=\"Andreas Haug\" \/>\n<meta name=\"twitter:card\" content=\"summary_large_image\" \/>\n<meta name=\"twitter:label1\" content=\"Verfasst von\" \/>\n\t<meta name=\"twitter:data1\" content=\"Andreas Haug\" \/>\n\t<meta name=\"twitter:label2\" content=\"Gesch\u00e4tzte Lesezeit\" \/>\n\t<meta name=\"twitter:data2\" content=\"2\u00a0Minute\" \/>\n<script type=\"application\/ld+json\" class=\"yoast-schema-graph\">{\"@context\":\"https:\\\/\\\/schema.org\",\"@graph\":[{\"@type\":\"Article\",\"@id\":\"https:\\\/\\\/transportjournal.com\\\/de\\\/2026\\\/01\\\/23\\\/ann-hyllengren-wird-cfo-von-ember\\\/#article\",\"isPartOf\":{\"@id\":\"https:\\\/\\\/transportjournal.com\\\/de\\\/2026\\\/01\\\/23\\\/ann-hyllengren-wird-cfo-von-ember\\\/\"},\"author\":{\"name\":\"Andreas Haug\",\"@id\":\"https:\\\/\\\/transportjournal.com\\\/de\\\/#\\\/schema\\\/person\\\/cf538b3157f15afd7589245a4b3dbd25\"},\"headline\":\"Ann Hyllengren wird CFO von Ember\",\"datePublished\":\"2026-01-23T08:52:11+00:00\",\"mainEntityOfPage\":{\"@id\":\"https:\\\/\\\/transportjournal.com\\\/de\\\/2026\\\/01\\\/23\\\/ann-hyllengren-wird-cfo-von-ember\\\/\"},\"wordCount\":440,\"commentCount\":0,\"publisher\":{\"@id\":\"https:\\\/\\\/transportjournal.com\\\/de\\\/#organization\"},\"image\":{\"@id\":\"https:\\\/\\\/transportjournal.com\\\/de\\\/2026\\\/01\\\/23\\\/ann-hyllengren-wird-cfo-von-ember\\\/#primaryimage\"},\"thumbnailUrl\":\"https:\\\/\\\/transportjournal.com\\\/wp-content\\\/uploads\\\/sites\\\/2\\\/2026\\\/01\\\/Ember-7a75d6_f30d565da8c14d0a8fb21a481097a1camv2-aspect-ratio-1400-788.jpg\",\"keywords\":[\"Ann Hyllengren CFO\",\"bo\u00eete d'exp\u00e9dition num\u00e9rique\",\"certified public accountant\",\"cha\u00eene d'approvisionnement sciences de la vie\",\"cha\u00eene du froid sant\u00e9\",\"changements de march\u00e9 cha\u00eene du froid\",\"cloud-based temperature reporting\",\"cloudbasiertes Temperaturreporting\",\"cold chain healthcare\",\"comptabilit\u00e9 mondiale finances\",\"conseil PricewaterhouseCoopers\",\"consulting PricewaterhouseCoopers\",\"d\u00e9fis de la sant\u00e9\",\"Deutsch Ember LifeSciences\",\"digital shipping box\",\"digitale Versandbox\",\"disruptive solutions life sciences Fran\u00e7ais Ember LifeSciences\",\"\u00e9carts de temp\u00e9rature pharmacie\",\"\u00e9quipe financi\u00e8re Ember\",\"expert-comptable certifi\u00e9\",\"finance team Ember\",\"Finanzierungsrunde Lebenswissenschaften\",\"Finanzteam Ember\",\"funding round life sciences\",\"global accounting finance\",\"globale Buchhaltung Finanzen\",\"GPS tracking\",\"GPS-Standortverfolgung\",\"healthcare challenges\",\"Herausforderungen Gesundheitswesen\",\"Investor Relations Amgen\",\"K\u00fchlkette Gesundheitswesen\",\"leadership op\u00e9rationnel sciences de la vie\",\"ma\u00eetrise en comptabilit\u00e9\",\"market changes cold chain\",\"Marktver\u00e4nderungen K\u00fchlkette English Ember LifeSciences\",\"master's degree accounting\",\"Masterabschluss Buchhaltung\",\"nachhaltige L\u00f6sungen K\u00fchlkette\",\"operational leadership life sciences\",\"operative F\u00fchrung Lebenswissenschaften\",\"perspectives strat\u00e9giques strat\u00e9gie produit\",\"relations investisseurs Amgen\",\"reporting de temp\u00e9rature bas\u00e9 sur le cloud\",\"solutions durables cha\u00eene du froid\",\"strategic insights product strategy\",\"strategische Einblicke Produktstrategie\",\"suivi GPS\",\"Supply Chain Lebenswissenschaften\",\"supply chain life sciences\",\"sustainable cold chain solutions\",\"Temperaturabweichungen Pharma\",\"temperature deviations pharmaceuticals\",\"tour de financement sciences de la vie\",\"Unternehmensberatung PricewaterhouseCoopers\",\"zertifizierte Wirtschaftspr\u00fcferin\"],\"articleSection\":[\"Amerikas\",\"Menschen &amp; Unternehmen\",\"Spedition &amp; Logistik\"],\"inLanguage\":\"de\",\"potentialAction\":[{\"@type\":\"CommentAction\",\"name\":\"Comment\",\"target\":[\"https:\\\/\\\/transportjournal.com\\\/de\\\/2026\\\/01\\\/23\\\/ann-hyllengren-wird-cfo-von-ember\\\/#respond\"]}]},{\"@type\":\"WebPage\",\"@id\":\"https:\\\/\\\/transportjournal.com\\\/de\\\/2026\\\/01\\\/23\\\/ann-hyllengren-wird-cfo-von-ember\\\/\",\"url\":\"https:\\\/\\\/transportjournal.com\\\/de\\\/2026\\\/01\\\/23\\\/ann-hyllengren-wird-cfo-von-ember\\\/\",\"name\":\"Ann Hyllengren wird CFO von Ember - ITJ | International Transport Journal\",\"isPartOf\":{\"@id\":\"https:\\\/\\\/transportjournal.com\\\/de\\\/#website\"},\"primaryImageOfPage\":{\"@id\":\"https:\\\/\\\/transportjournal.com\\\/de\\\/2026\\\/01\\\/23\\\/ann-hyllengren-wird-cfo-von-ember\\\/#primaryimage\"},\"image\":{\"@id\":\"https:\\\/\\\/transportjournal.com\\\/de\\\/2026\\\/01\\\/23\\\/ann-hyllengren-wird-cfo-von-ember\\\/#primaryimage\"},\"thumbnailUrl\":\"https:\\\/\\\/transportjournal.com\\\/wp-content\\\/uploads\\\/sites\\\/2\\\/2026\\\/01\\\/Ember-7a75d6_f30d565da8c14d0a8fb21a481097a1camv2-aspect-ratio-1400-788.jpg\",\"datePublished\":\"2026-01-23T08:52:11+00:00\",\"breadcrumb\":{\"@id\":\"https:\\\/\\\/transportjournal.com\\\/de\\\/2026\\\/01\\\/23\\\/ann-hyllengren-wird-cfo-von-ember\\\/#breadcrumb\"},\"inLanguage\":\"de\",\"potentialAction\":[{\"@type\":\"ReadAction\",\"target\":[\"https:\\\/\\\/transportjournal.com\\\/de\\\/2026\\\/01\\\/23\\\/ann-hyllengren-wird-cfo-von-ember\\\/\"]}]},{\"@type\":\"ImageObject\",\"inLanguage\":\"de\",\"@id\":\"https:\\\/\\\/transportjournal.com\\\/de\\\/2026\\\/01\\\/23\\\/ann-hyllengren-wird-cfo-von-ember\\\/#primaryimage\",\"url\":\"https:\\\/\\\/transportjournal.com\\\/wp-content\\\/uploads\\\/sites\\\/2\\\/2026\\\/01\\\/Ember-7a75d6_f30d565da8c14d0a8fb21a481097a1camv2-aspect-ratio-1400-788.jpg\",\"contentUrl\":\"https:\\\/\\\/transportjournal.com\\\/wp-content\\\/uploads\\\/sites\\\/2\\\/2026\\\/01\\\/Ember-7a75d6_f30d565da8c14d0a8fb21a481097a1camv2-aspect-ratio-1400-788.jpg\",\"width\":562,\"height\":316},{\"@type\":\"BreadcrumbList\",\"@id\":\"https:\\\/\\\/transportjournal.com\\\/de\\\/2026\\\/01\\\/23\\\/ann-hyllengren-wird-cfo-von-ember\\\/#breadcrumb\",\"itemListElement\":[{\"@type\":\"ListItem\",\"position\":1,\"name\":\"Startseite\",\"item\":\"https:\\\/\\\/transportjournal.com\\\/de\\\/\"},{\"@type\":\"ListItem\",\"position\":2,\"name\":\"Ann Hyllengren wird CFO von Ember\"}]},{\"@type\":\"WebSite\",\"@id\":\"https:\\\/\\\/transportjournal.com\\\/de\\\/#website\",\"url\":\"https:\\\/\\\/transportjournal.com\\\/de\\\/\",\"name\":\"ITJ | International Transport Journal\",\"description\":\"Stay informed with the latest global news from the transport, logistics, and supply chain industries. Transport Journal delivers expert insights, analysis, and updates across shipping, aviation, intermodal, and forwarding.\",\"publisher\":{\"@id\":\"https:\\\/\\\/transportjournal.com\\\/de\\\/#organization\"},\"potentialAction\":[{\"@type\":\"SearchAction\",\"target\":{\"@type\":\"EntryPoint\",\"urlTemplate\":\"https:\\\/\\\/transportjournal.com\\\/de\\\/?s={search_term_string}\"},\"query-input\":{\"@type\":\"PropertyValueSpecification\",\"valueRequired\":true,\"valueName\":\"search_term_string\"}}],\"inLanguage\":\"de\"},{\"@type\":\"Organization\",\"@id\":\"https:\\\/\\\/transportjournal.com\\\/de\\\/#organization\",\"name\":\"Groupe Logismedia AG\",\"alternateName\":\"Logismedia Group AG\",\"url\":\"https:\\\/\\\/transportjournal.com\\\/de\\\/\",\"logo\":{\"@type\":\"ImageObject\",\"inLanguage\":\"de\",\"@id\":\"https:\\\/\\\/transportjournal.com\\\/de\\\/#\\\/schema\\\/logo\\\/image\\\/\",\"url\":\"https:\\\/\\\/transportjournal.com\\\/wp-content\\\/uploads\\\/sites\\\/2\\\/2025\\\/09\\\/Logo_ITJ.png\",\"contentUrl\":\"https:\\\/\\\/transportjournal.com\\\/wp-content\\\/uploads\\\/sites\\\/2\\\/2025\\\/09\\\/Logo_ITJ.png\",\"width\":799,\"height\":326,\"caption\":\"Groupe Logismedia AG\"},\"image\":{\"@id\":\"https:\\\/\\\/transportjournal.com\\\/de\\\/#\\\/schema\\\/logo\\\/image\\\/\"},\"sameAs\":[\"https:\\\/\\\/www.linkedin.com\\\/company\\\/56456496\\\/admin\\\/dashboard\\\/\",\"https:\\\/\\\/www.instagram.com\\\/logismediagroup\\\/\",\"https:\\\/\\\/www.youtube.com\\\/@LogiamediaGroupAG\"]},{\"@type\":\"Person\",\"@id\":\"https:\\\/\\\/transportjournal.com\\\/de\\\/#\\\/schema\\\/person\\\/cf538b3157f15afd7589245a4b3dbd25\",\"name\":\"Andreas Haug\",\"url\":\"https:\\\/\\\/transportjournal.com\\\/de\\\/author\\\/andreas\\\/\"}]}<\/script>\n<!-- \/ Yoast SEO plugin. -->","yoast_head_json":{"title":"Ann Hyllengren wird CFO von Ember - ITJ | International Transport Journal","robots":{"index":"index","follow":"follow","max-snippet":"max-snippet:-1","max-image-preview":"max-image-preview:large","max-video-preview":"max-video-preview:-1"},"canonical":"https:\/\/transportjournal.com\/de\/2026\/01\/23\/ann-hyllengren-wird-cfo-von-ember\/","og_locale":"de_DE","og_type":"article","og_title":"Ann Hyllengren wird CFO von Ember - ITJ | International Transport Journal","og_description":"Ember LifeSciences hat Ann Hyllengren zur CFO ernannt, um das Unternehmen in der n\u00e4chsten Wachstumsphase mit ihrer umfangreichen Erfahrung zu unterst\u00fctzen.","og_url":"https:\/\/transportjournal.com\/de\/2026\/01\/23\/ann-hyllengren-wird-cfo-von-ember\/","og_site_name":"ITJ | International Transport Journal","article_published_time":"2026-01-23T08:52:11+00:00","og_image":[{"width":562,"height":316,"url":"https:\/\/transportjournal.com\/wp-content\/uploads\/sites\/2\/2026\/01\/Ember-7a75d6_f30d565da8c14d0a8fb21a481097a1camv2-aspect-ratio-1400-788.jpg","type":"image\/jpeg"}],"author":"Andreas Haug","twitter_card":"summary_large_image","twitter_misc":{"Verfasst von":"Andreas Haug","Gesch\u00e4tzte Lesezeit":"2\u00a0Minute"},"schema":{"@context":"https:\/\/schema.org","@graph":[{"@type":"Article","@id":"https:\/\/transportjournal.com\/de\/2026\/01\/23\/ann-hyllengren-wird-cfo-von-ember\/#article","isPartOf":{"@id":"https:\/\/transportjournal.com\/de\/2026\/01\/23\/ann-hyllengren-wird-cfo-von-ember\/"},"author":{"name":"Andreas Haug","@id":"https:\/\/transportjournal.com\/de\/#\/schema\/person\/cf538b3157f15afd7589245a4b3dbd25"},"headline":"Ann Hyllengren wird CFO von Ember","datePublished":"2026-01-23T08:52:11+00:00","mainEntityOfPage":{"@id":"https:\/\/transportjournal.com\/de\/2026\/01\/23\/ann-hyllengren-wird-cfo-von-ember\/"},"wordCount":440,"commentCount":0,"publisher":{"@id":"https:\/\/transportjournal.com\/de\/#organization"},"image":{"@id":"https:\/\/transportjournal.com\/de\/2026\/01\/23\/ann-hyllengren-wird-cfo-von-ember\/#primaryimage"},"thumbnailUrl":"https:\/\/transportjournal.com\/wp-content\/uploads\/sites\/2\/2026\/01\/Ember-7a75d6_f30d565da8c14d0a8fb21a481097a1camv2-aspect-ratio-1400-788.jpg","keywords":["Ann Hyllengren CFO","bo\u00eete d'exp\u00e9dition num\u00e9rique","certified public accountant","cha\u00eene d'approvisionnement sciences de la vie","cha\u00eene du froid sant\u00e9","changements de march\u00e9 cha\u00eene du froid","cloud-based temperature reporting","cloudbasiertes Temperaturreporting","cold chain healthcare","comptabilit\u00e9 mondiale finances","conseil PricewaterhouseCoopers","consulting PricewaterhouseCoopers","d\u00e9fis de la sant\u00e9","Deutsch Ember LifeSciences","digital shipping box","digitale Versandbox","disruptive solutions life sciences Fran\u00e7ais Ember LifeSciences","\u00e9carts de temp\u00e9rature pharmacie","\u00e9quipe financi\u00e8re Ember","expert-comptable certifi\u00e9","finance team Ember","Finanzierungsrunde Lebenswissenschaften","Finanzteam Ember","funding round life sciences","global accounting finance","globale Buchhaltung Finanzen","GPS tracking","GPS-Standortverfolgung","healthcare challenges","Herausforderungen Gesundheitswesen","Investor Relations Amgen","K\u00fchlkette Gesundheitswesen","leadership op\u00e9rationnel sciences de la vie","ma\u00eetrise en comptabilit\u00e9","market changes cold chain","Marktver\u00e4nderungen K\u00fchlkette English Ember LifeSciences","master's degree accounting","Masterabschluss Buchhaltung","nachhaltige L\u00f6sungen K\u00fchlkette","operational leadership life sciences","operative F\u00fchrung Lebenswissenschaften","perspectives strat\u00e9giques strat\u00e9gie produit","relations investisseurs Amgen","reporting de temp\u00e9rature bas\u00e9 sur le cloud","solutions durables cha\u00eene du froid","strategic insights product strategy","strategische Einblicke Produktstrategie","suivi GPS","Supply Chain Lebenswissenschaften","supply chain life sciences","sustainable cold chain solutions","Temperaturabweichungen Pharma","temperature deviations pharmaceuticals","tour de financement sciences de la vie","Unternehmensberatung PricewaterhouseCoopers","zertifizierte Wirtschaftspr\u00fcferin"],"articleSection":["Amerikas","Menschen &amp; Unternehmen","Spedition &amp; Logistik"],"inLanguage":"de","potentialAction":[{"@type":"CommentAction","name":"Comment","target":["https:\/\/transportjournal.com\/de\/2026\/01\/23\/ann-hyllengren-wird-cfo-von-ember\/#respond"]}]},{"@type":"WebPage","@id":"https:\/\/transportjournal.com\/de\/2026\/01\/23\/ann-hyllengren-wird-cfo-von-ember\/","url":"https:\/\/transportjournal.com\/de\/2026\/01\/23\/ann-hyllengren-wird-cfo-von-ember\/","name":"Ann Hyllengren wird CFO von Ember - ITJ | International Transport Journal","isPartOf":{"@id":"https:\/\/transportjournal.com\/de\/#website"},"primaryImageOfPage":{"@id":"https:\/\/transportjournal.com\/de\/2026\/01\/23\/ann-hyllengren-wird-cfo-von-ember\/#primaryimage"},"image":{"@id":"https:\/\/transportjournal.com\/de\/2026\/01\/23\/ann-hyllengren-wird-cfo-von-ember\/#primaryimage"},"thumbnailUrl":"https:\/\/transportjournal.com\/wp-content\/uploads\/sites\/2\/2026\/01\/Ember-7a75d6_f30d565da8c14d0a8fb21a481097a1camv2-aspect-ratio-1400-788.jpg","datePublished":"2026-01-23T08:52:11+00:00","breadcrumb":{"@id":"https:\/\/transportjournal.com\/de\/2026\/01\/23\/ann-hyllengren-wird-cfo-von-ember\/#breadcrumb"},"inLanguage":"de","potentialAction":[{"@type":"ReadAction","target":["https:\/\/transportjournal.com\/de\/2026\/01\/23\/ann-hyllengren-wird-cfo-von-ember\/"]}]},{"@type":"ImageObject","inLanguage":"de","@id":"https:\/\/transportjournal.com\/de\/2026\/01\/23\/ann-hyllengren-wird-cfo-von-ember\/#primaryimage","url":"https:\/\/transportjournal.com\/wp-content\/uploads\/sites\/2\/2026\/01\/Ember-7a75d6_f30d565da8c14d0a8fb21a481097a1camv2-aspect-ratio-1400-788.jpg","contentUrl":"https:\/\/transportjournal.com\/wp-content\/uploads\/sites\/2\/2026\/01\/Ember-7a75d6_f30d565da8c14d0a8fb21a481097a1camv2-aspect-ratio-1400-788.jpg","width":562,"height":316},{"@type":"BreadcrumbList","@id":"https:\/\/transportjournal.com\/de\/2026\/01\/23\/ann-hyllengren-wird-cfo-von-ember\/#breadcrumb","itemListElement":[{"@type":"ListItem","position":1,"name":"Startseite","item":"https:\/\/transportjournal.com\/de\/"},{"@type":"ListItem","position":2,"name":"Ann Hyllengren wird CFO von Ember"}]},{"@type":"WebSite","@id":"https:\/\/transportjournal.com\/de\/#website","url":"https:\/\/transportjournal.com\/de\/","name":"ITJ | International Transport Journal","description":"Stay informed with the latest global news from the transport, logistics, and supply chain industries. Transport Journal delivers expert insights, analysis, and updates across shipping, aviation, intermodal, and forwarding.","publisher":{"@id":"https:\/\/transportjournal.com\/de\/#organization"},"potentialAction":[{"@type":"SearchAction","target":{"@type":"EntryPoint","urlTemplate":"https:\/\/transportjournal.com\/de\/?s={search_term_string}"},"query-input":{"@type":"PropertyValueSpecification","valueRequired":true,"valueName":"search_term_string"}}],"inLanguage":"de"},{"@type":"Organization","@id":"https:\/\/transportjournal.com\/de\/#organization","name":"Groupe Logismedia AG","alternateName":"Logismedia Group AG","url":"https:\/\/transportjournal.com\/de\/","logo":{"@type":"ImageObject","inLanguage":"de","@id":"https:\/\/transportjournal.com\/de\/#\/schema\/logo\/image\/","url":"https:\/\/transportjournal.com\/wp-content\/uploads\/sites\/2\/2025\/09\/Logo_ITJ.png","contentUrl":"https:\/\/transportjournal.com\/wp-content\/uploads\/sites\/2\/2025\/09\/Logo_ITJ.png","width":799,"height":326,"caption":"Groupe Logismedia AG"},"image":{"@id":"https:\/\/transportjournal.com\/de\/#\/schema\/logo\/image\/"},"sameAs":["https:\/\/www.linkedin.com\/company\/56456496\/admin\/dashboard\/","https:\/\/www.instagram.com\/logismediagroup\/","https:\/\/www.youtube.com\/@LogiamediaGroupAG"]},{"@type":"Person","@id":"https:\/\/transportjournal.com\/de\/#\/schema\/person\/cf538b3157f15afd7589245a4b3dbd25","name":"Andreas Haug","url":"https:\/\/transportjournal.com\/de\/author\/andreas\/"}]}},"_links":{"self":[{"href":"https:\/\/transportjournal.com\/de\/wp-json\/wp\/v2\/posts\/74115","targetHints":{"allow":["GET"]}}],"collection":[{"href":"https:\/\/transportjournal.com\/de\/wp-json\/wp\/v2\/posts"}],"about":[{"href":"https:\/\/transportjournal.com\/de\/wp-json\/wp\/v2\/types\/post"}],"author":[{"embeddable":true,"href":"https:\/\/transportjournal.com\/de\/wp-json\/wp\/v2\/users\/12"}],"replies":[{"embeddable":true,"href":"https:\/\/transportjournal.com\/de\/wp-json\/wp\/v2\/comments?post=74115"}],"version-history":[{"count":0,"href":"https:\/\/transportjournal.com\/de\/wp-json\/wp\/v2\/posts\/74115\/revisions"}],"wp:featuredmedia":[{"embeddable":true,"href":"https:\/\/transportjournal.com\/de\/wp-json\/wp\/v2\/media\/74114"}],"wp:attachment":[{"href":"https:\/\/transportjournal.com\/de\/wp-json\/wp\/v2\/media?parent=74115"}],"wp:term":[{"taxonomy":"category","embeddable":true,"href":"https:\/\/transportjournal.com\/de\/wp-json\/wp\/v2\/categories?post=74115"},{"taxonomy":"post_tag","embeddable":true,"href":"https:\/\/transportjournal.com\/de\/wp-json\/wp\/v2\/tags?post=74115"}],"curies":[{"name":"wp","href":"https:\/\/api.w.org\/{rel}","templated":true}]}}