{"id":74100,"date":"2026-01-23T08:03:06","date_gmt":"2026-01-23T08:03:06","guid":{"rendered":"https:\/\/transportjournal.com\/2026\/01\/23\/barigs-neujahrs-event-ins-jubilaeumsjahr\/"},"modified":"2026-01-23T09:17:32","modified_gmt":"2026-01-23T08:17:32","slug":"barigs-neujahrs-event-ins-jubilaeumsjahr","status":"publish","type":"post","link":"https:\/\/transportjournal.com\/de\/2026\/01\/23\/barigs-neujahrs-event-ins-jubilaeumsjahr\/","title":{"rendered":"BARIGs Neujahrs-Event ins Jubil\u00e4umsjahr"},"content":{"rendered":"<p>Rund 150 Fach- und F\u00fchrungskr\u00e4fte der nationalen und internationalen Luftverkehrsbranche trafen sich k\u00fcrzlich im Hilton Frankfurt Airport Hotel zum New Year\u2019s Event 2026 des Board of Airline Representatives in Germany (BARIG) und des Airline Operators Committee Frankfurt (AOC FRA). Die Veranstaltung bot eine Plattform f\u00fcr den Austausch zwischen Vertretern von Fluggesellschaften, Flughafenbetreibern, der Landespolitik, der Bundespolizei, dem Zoll sowie weiteren Beh\u00f6rden und Dienstleistern. Ziel war es, die Herausforderungen des Jahres 2026 zu diskutieren und die Zusammenarbeit in der Branche zu st\u00e4rken.<\/p>\n<h3>Jubil\u00e4um und Zusammenarbeit im Fokus<\/h3>\n<p>Michael Hoppe (Mitte), Chairman und Executive Director des BARIG, betonte die Bedeutung des Neujahrsevents als Auftakt zum 75-j\u00e4hrigen Jubil\u00e4um des Verbandes. \u201eSeit 1951 bringen wir die Interessen der Airlines gegen\u00fcber Politik, Flugh\u00e4fen und Beh\u00f6rden ein und f\u00f6rdern die partnerschaftliche Zusammenarbeit\u201c, erkl\u00e4rte Hoppe. Die hohe Teilnehmerzahl verdeutliche, wie wichtig Kollaboration und gemeinsames Handeln f\u00fcr den Luftverkehrsstandort Deutschland seien.<\/p>\n<p>Klaus Marx (2. v. l.), Chairman des AOC FRA, erg\u00e4nzte, dass die enge Abstimmung zwischen den verschiedenen Akteuren am Flughafen Frankfurt entscheidend sei, um Qualit\u00e4t und Stabilit\u00e4t zu gew\u00e4hrleisten. Er hob hervor, dass Veranstaltungen wie das New Year\u2019s Event das gegenseitige Verst\u00e4ndnis f\u00f6rdern, das f\u00fcr zuk\u00fcnftige Verbesserungen notwendig sei.<\/p>\n<h3>Politische Impulse f\u00fcr den Luftverkehr<\/h3>\n<p>In seiner Rede betonte Kaweh Mansoori (2. v. r.), stellvertretender Ministerpr\u00e4sident und Hessischer Minister f\u00fcr Wirtschaft, Energie, Verkehr, Wohnen und l\u00e4ndlichen Raum, die zentrale Rolle des Luftverkehrs f\u00fcr Hessen und Deutschland. Er bezeichnete den Flughafen Frankfurt als wichtigen Wirtschaftsmotor und Wettbewerbsfaktor. Mansoori k\u00fcndigte an, sich f\u00fcr die Senkung der Luftverkehrssteuer einzusetzen und weitere Entlastungen sowie Effizienzverbesserungen in verschiedenen Bereichen zu planen.<\/p>\n<p>Aletta von Massenbach (ganz rechts), CEO der Flughafen Berlin Brandenburg GmbH und Pr\u00e4sidentin des Flughafenverbands ADV, wies auf die grossen Transformationen hin, vor denen die Branche steht, darunter Digitalisierung und Nachhaltigkeit. Sie betonte, dass diese Herausforderungen nur gemeinsam angegangen werden k\u00f6nnten und dass das New Year\u2019s Event die St\u00e4rke der Netzwerke und die Bereitschaft zur Ver\u00e4nderung demonstriert habe.<\/p>\n<p>Dr. Pierre Dominique Pr\u00fcmm (ganz links), Mitglied des Vorstands der Fraport AG, unterstrich die Notwendigkeit von Kommunikation und Zusammenarbeit, um die operative Leistungsf\u00e4higkeit zu steigern. Er forderte eine Weiterentwicklung der Infrastruktur im Luftverkehr und die Beseitigung aktueller Wettbewerbsnachteile.<\/p>\n<h3>Blick in die Zukunft des Luftverkehrs<\/h3>\n<p>Das New Year\u2019s Event markierte f\u00fcr die BARIG-Community nicht nur den Jahresauftakt, sondern auch den Beginn eines Jubil\u00e4umsjahres. Der Verband hat sich seit seiner Gr\u00fcndung 1951 kontinuierlich weiterentwickelt und setzt sich f\u00fcr die Interessen der in Deutschland t\u00e4tigen Fluggesellschaften ein. BARIG fordert faire Rahmenbedingungen, Kosteneffizienz und eine moderne Infrastruktur, um die globale Wettbewerbsf\u00e4higkeit des Luftverkehrsstandorts Deutschland zu sichern.<\/p>\n<p>&nbsp;<\/p>\n<p><a href=\"https:\/\/www.barig.aero\/\" target=\"_blank\" rel=\"noopener noreferrer\">www.barig.aero<\/a><\/p>\n<p>&nbsp;<\/p>\n","protected":false},"excerpt":{"rendered":"<p>Rund 150 Fach- und F\u00fchrungskr\u00e4fte der Luftverkehrsbranche trafen sich k\u00fcrzlich in Frankfurt, um Herausforderungen zu diskutieren und die Zusammenarbeit f\u00fcr 2026 zu st\u00e4rken.<\/p>\n","protected":false},"author":12,"featured_media":74099,"comment_status":"open","ping_status":"open","sticky":false,"template":"","format":"standard","meta":{"_acf_changed":false,"footnotes":""},"categories":[1575,1570,1567],"tags":[8549,8550,8551,8552,8553,8554,8555,8556,8557,8558,8559,8560,8561,8562,3225,8563,8564,8565,4282,4951,8566,8567,8568,8569,8570,8571,8572,8573,8574,8575,8576,8577,8578,8579,8580,8581,4962,8582,4298,8583,5531,8584,8585,8586,4974,8587,8588,8589,8590,8591,8592,8593,8594,8595],"class_list":["post-74100","post","type-post","status-publish","format-standard","has-post-thumbnail","hentry","category-europa","category-luftfracht","category-wechsel-weltweit","tag-75-ans-de-barig","tag-75-jahre-barig-english-air-transport-industry","tag-75-years-barig-francais-secteur-aerien","tag-aeroport-de-francfort","tag-air-traffic-tax","tag-air-transport-location-hesse","tag-airline-operators-committee","tag-airport-operators","tag-amelioration-de-lefficacite-du-transport-aerien","tag-barig","tag-collaboration-dans-laviation","tag-collaboration-in-aviation","tag-comite-des-operateurs-aeriens","tag-competitiveness-airlines","tag-competitivite-des-compagnies-aeriennes","tag-deutsch-luftverkehrsbranche","tag-developpement-des-infrastructures-aeronautiques","tag-digitalisierung-im-luftverkehr","tag-digitalization-in-aviation","tag-durabilite-dans-laviation","tag-economic-significance-air-transport","tag-economie-du-transport-en-allemagne","tag-efficiency-improvement-air-transport","tag-effizienzsteigerung-luftverkehr","tag-emplacement-aerien-hesse","tag-evenement-du-nouvel-an","tag-fachkraeftemangel-luftverkehr","tag-flughafen-frankfurt","tag-flughafenbetreiber","tag-frankfurt-airport","tag-importance-economique-du-transport-aerien","tag-impulsions-politiques-pour-le-transport-aerien","tag-infrastructure-development-aviation","tag-infrastrukturentwicklung-luftverkehr","tag-luftverkehrsstandort-hessen","tag-luftverkehrssteuer","tag-nachhaltigkeit-in-der-luftfahrt","tag-new-years-event","tag-numerisation-dans-laviation","tag-operateurs-daeroport","tag-penurie-de-main-doeuvre-dans-laviation","tag-political-impulses-air-transport","tag-politische-impulse-luftverkehr","tag-skilled-labor-shortage-aviation","tag-sustainability-in-aviation","tag-taxe-sur-le-transport-aerien","tag-transformation-aviation-industry","tag-transformation-du-secteur-aerien","tag-transformation-luftfahrtbranche","tag-transport-economy-germany","tag-transportwirtschaft-deutschland","tag-wettbewerbsfaehigkeit-fluggesellschaften","tag-wirtschaftliche-bedeutung-luftverkehr","tag-zusammenarbeit-in-der-luftfahrt"],"acf":[],"yoast_head":"<!-- This site is optimized with the Yoast SEO plugin v27.3 - https:\/\/yoast.com\/product\/yoast-seo-wordpress\/ -->\n<title>BARIGs Neujahrs-Event ins Jubil\u00e4umsjahr - ITJ | International Transport Journal<\/title>\n<meta name=\"robots\" content=\"index, follow, max-snippet:-1, max-image-preview:large, max-video-preview:-1\" \/>\n<link rel=\"canonical\" href=\"https:\/\/transportjournal.com\/de\/2026\/01\/23\/barigs-neujahrs-event-ins-jubilaeumsjahr\/\" \/>\n<meta property=\"og:locale\" content=\"de_DE\" \/>\n<meta property=\"og:type\" content=\"article\" \/>\n<meta property=\"og:title\" content=\"BARIGs Neujahrs-Event ins Jubil\u00e4umsjahr - ITJ | International Transport Journal\" \/>\n<meta property=\"og:description\" content=\"Rund 150 Fach- und F\u00fchrungskr\u00e4fte der Luftverkehrsbranche trafen sich k\u00fcrzlich in Frankfurt, um Herausforderungen zu diskutieren und die Zusammenarbeit f\u00fcr 2026 zu st\u00e4rken.\" \/>\n<meta property=\"og:url\" content=\"https:\/\/transportjournal.com\/de\/2026\/01\/23\/barigs-neujahrs-event-ins-jubilaeumsjahr\/\" \/>\n<meta property=\"og:site_name\" content=\"ITJ | International Transport Journal\" \/>\n<meta property=\"article:published_time\" content=\"2026-01-23T08:03:06+00:00\" \/>\n<meta property=\"article:modified_time\" content=\"2026-01-23T08:17:32+00:00\" \/>\n<meta property=\"og:image\" content=\"https:\/\/transportjournal.com\/wp-content\/uploads\/sites\/2\/2026\/01\/2026_BARIG_AOC_FRA_New_Years_Event-c-BARIG-aspect-ratio-1400-788-1.jpg\" \/>\n\t<meta property=\"og:image:width\" content=\"1582\" \/>\n\t<meta property=\"og:image:height\" content=\"891\" \/>\n\t<meta property=\"og:image:type\" content=\"image\/jpeg\" \/>\n<meta name=\"author\" content=\"Andreas Haug\" \/>\n<meta name=\"twitter:card\" content=\"summary_large_image\" \/>\n<meta name=\"twitter:label1\" content=\"Verfasst von\" \/>\n\t<meta name=\"twitter:data1\" content=\"Andreas Haug\" \/>\n\t<meta name=\"twitter:label2\" content=\"Gesch\u00e4tzte Lesezeit\" \/>\n\t<meta name=\"twitter:data2\" content=\"2\u00a0Minute\" \/>\n<script type=\"application\/ld+json\" class=\"yoast-schema-graph\">{\"@context\":\"https:\\\/\\\/schema.org\",\"@graph\":[{\"@type\":\"Article\",\"@id\":\"https:\\\/\\\/transportjournal.com\\\/de\\\/2026\\\/01\\\/23\\\/barigs-neujahrs-event-ins-jubilaeumsjahr\\\/#article\",\"isPartOf\":{\"@id\":\"https:\\\/\\\/transportjournal.com\\\/de\\\/2026\\\/01\\\/23\\\/barigs-neujahrs-event-ins-jubilaeumsjahr\\\/\"},\"author\":{\"name\":\"Andreas Haug\",\"@id\":\"https:\\\/\\\/transportjournal.com\\\/de\\\/#\\\/schema\\\/person\\\/cf538b3157f15afd7589245a4b3dbd25\"},\"headline\":\"BARIGs Neujahrs-Event ins Jubil\u00e4umsjahr\",\"datePublished\":\"2026-01-23T08:03:06+00:00\",\"dateModified\":\"2026-01-23T08:17:32+00:00\",\"mainEntityOfPage\":{\"@id\":\"https:\\\/\\\/transportjournal.com\\\/de\\\/2026\\\/01\\\/23\\\/barigs-neujahrs-event-ins-jubilaeumsjahr\\\/\"},\"wordCount\":467,\"commentCount\":0,\"publisher\":{\"@id\":\"https:\\\/\\\/transportjournal.com\\\/de\\\/#organization\"},\"image\":{\"@id\":\"https:\\\/\\\/transportjournal.com\\\/de\\\/2026\\\/01\\\/23\\\/barigs-neujahrs-event-ins-jubilaeumsjahr\\\/#primaryimage\"},\"thumbnailUrl\":\"https:\\\/\\\/transportjournal.com\\\/wp-content\\\/uploads\\\/sites\\\/2\\\/2026\\\/01\\\/2026_BARIG_AOC_FRA_New_Years_Event-c-BARIG-aspect-ratio-1400-788-1.jpg\",\"keywords\":[\"75 ans de BARIG\",\"75 Jahre BARIG English air transport industry\",\"75 years BARIG Fran\u00e7ais secteur a\u00e9rien\",\"a\u00e9roport de Francfort\",\"air traffic tax\",\"air transport location Hesse\",\"Airline Operators Committee\",\"airport operators\",\"am\u00e9lioration de l'efficacit\u00e9 du transport a\u00e9rien\",\"BARIG\",\"collaboration dans l'aviation\",\"collaboration in aviation\",\"Comit\u00e9 des op\u00e9rateurs a\u00e9riens\",\"competitiveness airlines\",\"comp\u00e9titivit\u00e9 des compagnies a\u00e9riennes\",\"Deutsch Luftverkehrsbranche\",\"d\u00e9veloppement des infrastructures a\u00e9ronautiques\",\"Digitalisierung im Luftverkehr\",\"digitalization in aviation\",\"durabilit\u00e9 dans l'aviation\",\"economic significance air transport\",\"\u00e9conomie du transport en Allemagne\",\"efficiency improvement air transport\",\"Effizienzsteigerung Luftverkehr\",\"emplacement a\u00e9rien Hesse\",\"\u00e9v\u00e9nement du Nouvel An\",\"Fachkr\u00e4ftemangel Luftverkehr\",\"Flughafen Frankfurt\",\"Flughafenbetreiber\",\"Frankfurt Airport\",\"importance \u00e9conomique du transport a\u00e9rien\",\"impulsions politiques pour le transport a\u00e9rien\",\"infrastructure development aviation\",\"Infrastrukturentwicklung Luftverkehr\",\"Luftverkehrsstandort Hessen\",\"Luftverkehrssteuer\",\"Nachhaltigkeit in der Luftfahrt\",\"New Year\u2019s Event\",\"num\u00e9risation dans l'aviation\",\"op\u00e9rateurs d'a\u00e9roport\",\"p\u00e9nurie de main-d'\u0153uvre dans l'aviation\",\"political impulses air transport\",\"politische Impulse Luftverkehr\",\"skilled labor shortage aviation\",\"sustainability in aviation\",\"taxe sur le transport a\u00e9rien\",\"transformation aviation industry\",\"transformation du secteur a\u00e9rien\",\"Transformation Luftfahrtbranche\",\"transport economy Germany\",\"Transportwirtschaft Deutschland\",\"Wettbewerbsf\u00e4higkeit Fluggesellschaften\",\"wirtschaftliche Bedeutung Luftverkehr\",\"Zusammenarbeit in der Luftfahrt\"],\"articleSection\":[\"Europa\",\"Luftfracht\",\"Menschen &amp; Unternehmen\"],\"inLanguage\":\"de\",\"potentialAction\":[{\"@type\":\"CommentAction\",\"name\":\"Comment\",\"target\":[\"https:\\\/\\\/transportjournal.com\\\/de\\\/2026\\\/01\\\/23\\\/barigs-neujahrs-event-ins-jubilaeumsjahr\\\/#respond\"]}]},{\"@type\":\"WebPage\",\"@id\":\"https:\\\/\\\/transportjournal.com\\\/de\\\/2026\\\/01\\\/23\\\/barigs-neujahrs-event-ins-jubilaeumsjahr\\\/\",\"url\":\"https:\\\/\\\/transportjournal.com\\\/de\\\/2026\\\/01\\\/23\\\/barigs-neujahrs-event-ins-jubilaeumsjahr\\\/\",\"name\":\"BARIGs Neujahrs-Event ins Jubil\u00e4umsjahr - ITJ | International Transport Journal\",\"isPartOf\":{\"@id\":\"https:\\\/\\\/transportjournal.com\\\/de\\\/#website\"},\"primaryImageOfPage\":{\"@id\":\"https:\\\/\\\/transportjournal.com\\\/de\\\/2026\\\/01\\\/23\\\/barigs-neujahrs-event-ins-jubilaeumsjahr\\\/#primaryimage\"},\"image\":{\"@id\":\"https:\\\/\\\/transportjournal.com\\\/de\\\/2026\\\/01\\\/23\\\/barigs-neujahrs-event-ins-jubilaeumsjahr\\\/#primaryimage\"},\"thumbnailUrl\":\"https:\\\/\\\/transportjournal.com\\\/wp-content\\\/uploads\\\/sites\\\/2\\\/2026\\\/01\\\/2026_BARIG_AOC_FRA_New_Years_Event-c-BARIG-aspect-ratio-1400-788-1.jpg\",\"datePublished\":\"2026-01-23T08:03:06+00:00\",\"dateModified\":\"2026-01-23T08:17:32+00:00\",\"breadcrumb\":{\"@id\":\"https:\\\/\\\/transportjournal.com\\\/de\\\/2026\\\/01\\\/23\\\/barigs-neujahrs-event-ins-jubilaeumsjahr\\\/#breadcrumb\"},\"inLanguage\":\"de\",\"potentialAction\":[{\"@type\":\"ReadAction\",\"target\":[\"https:\\\/\\\/transportjournal.com\\\/de\\\/2026\\\/01\\\/23\\\/barigs-neujahrs-event-ins-jubilaeumsjahr\\\/\"]}]},{\"@type\":\"ImageObject\",\"inLanguage\":\"de\",\"@id\":\"https:\\\/\\\/transportjournal.com\\\/de\\\/2026\\\/01\\\/23\\\/barigs-neujahrs-event-ins-jubilaeumsjahr\\\/#primaryimage\",\"url\":\"https:\\\/\\\/transportjournal.com\\\/wp-content\\\/uploads\\\/sites\\\/2\\\/2026\\\/01\\\/2026_BARIG_AOC_FRA_New_Years_Event-c-BARIG-aspect-ratio-1400-788-1.jpg\",\"contentUrl\":\"https:\\\/\\\/transportjournal.com\\\/wp-content\\\/uploads\\\/sites\\\/2\\\/2026\\\/01\\\/2026_BARIG_AOC_FRA_New_Years_Event-c-BARIG-aspect-ratio-1400-788-1.jpg\",\"width\":1582,\"height\":891},{\"@type\":\"BreadcrumbList\",\"@id\":\"https:\\\/\\\/transportjournal.com\\\/de\\\/2026\\\/01\\\/23\\\/barigs-neujahrs-event-ins-jubilaeumsjahr\\\/#breadcrumb\",\"itemListElement\":[{\"@type\":\"ListItem\",\"position\":1,\"name\":\"Startseite\",\"item\":\"https:\\\/\\\/transportjournal.com\\\/de\\\/\"},{\"@type\":\"ListItem\",\"position\":2,\"name\":\"BARIGs Neujahrs-Event ins Jubil\u00e4umsjahr\"}]},{\"@type\":\"WebSite\",\"@id\":\"https:\\\/\\\/transportjournal.com\\\/de\\\/#website\",\"url\":\"https:\\\/\\\/transportjournal.com\\\/de\\\/\",\"name\":\"ITJ | International Transport Journal\",\"description\":\"Stay informed with the latest global news from the transport, logistics, and supply chain industries. Transport Journal delivers expert insights, analysis, and updates across shipping, aviation, intermodal, and forwarding.\",\"publisher\":{\"@id\":\"https:\\\/\\\/transportjournal.com\\\/de\\\/#organization\"},\"potentialAction\":[{\"@type\":\"SearchAction\",\"target\":{\"@type\":\"EntryPoint\",\"urlTemplate\":\"https:\\\/\\\/transportjournal.com\\\/de\\\/?s={search_term_string}\"},\"query-input\":{\"@type\":\"PropertyValueSpecification\",\"valueRequired\":true,\"valueName\":\"search_term_string\"}}],\"inLanguage\":\"de\"},{\"@type\":\"Organization\",\"@id\":\"https:\\\/\\\/transportjournal.com\\\/de\\\/#organization\",\"name\":\"Groupe Logismedia AG\",\"alternateName\":\"Logismedia Group AG\",\"url\":\"https:\\\/\\\/transportjournal.com\\\/de\\\/\",\"logo\":{\"@type\":\"ImageObject\",\"inLanguage\":\"de\",\"@id\":\"https:\\\/\\\/transportjournal.com\\\/de\\\/#\\\/schema\\\/logo\\\/image\\\/\",\"url\":\"https:\\\/\\\/transportjournal.com\\\/wp-content\\\/uploads\\\/sites\\\/2\\\/2025\\\/09\\\/Logo_ITJ.png\",\"contentUrl\":\"https:\\\/\\\/transportjournal.com\\\/wp-content\\\/uploads\\\/sites\\\/2\\\/2025\\\/09\\\/Logo_ITJ.png\",\"width\":799,\"height\":326,\"caption\":\"Groupe Logismedia AG\"},\"image\":{\"@id\":\"https:\\\/\\\/transportjournal.com\\\/de\\\/#\\\/schema\\\/logo\\\/image\\\/\"},\"sameAs\":[\"https:\\\/\\\/www.linkedin.com\\\/company\\\/56456496\\\/admin\\\/dashboard\\\/\",\"https:\\\/\\\/www.instagram.com\\\/logismediagroup\\\/\",\"https:\\\/\\\/www.youtube.com\\\/@LogiamediaGroupAG\"]},{\"@type\":\"Person\",\"@id\":\"https:\\\/\\\/transportjournal.com\\\/de\\\/#\\\/schema\\\/person\\\/cf538b3157f15afd7589245a4b3dbd25\",\"name\":\"Andreas Haug\",\"url\":\"https:\\\/\\\/transportjournal.com\\\/de\\\/author\\\/andreas\\\/\"}]}<\/script>\n<!-- \/ Yoast SEO plugin. -->","yoast_head_json":{"title":"BARIGs Neujahrs-Event ins Jubil\u00e4umsjahr - ITJ | International Transport Journal","robots":{"index":"index","follow":"follow","max-snippet":"max-snippet:-1","max-image-preview":"max-image-preview:large","max-video-preview":"max-video-preview:-1"},"canonical":"https:\/\/transportjournal.com\/de\/2026\/01\/23\/barigs-neujahrs-event-ins-jubilaeumsjahr\/","og_locale":"de_DE","og_type":"article","og_title":"BARIGs Neujahrs-Event ins Jubil\u00e4umsjahr - ITJ | International Transport Journal","og_description":"Rund 150 Fach- und F\u00fchrungskr\u00e4fte der Luftverkehrsbranche trafen sich k\u00fcrzlich in Frankfurt, um Herausforderungen zu diskutieren und die Zusammenarbeit f\u00fcr 2026 zu st\u00e4rken.","og_url":"https:\/\/transportjournal.com\/de\/2026\/01\/23\/barigs-neujahrs-event-ins-jubilaeumsjahr\/","og_site_name":"ITJ | International Transport Journal","article_published_time":"2026-01-23T08:03:06+00:00","article_modified_time":"2026-01-23T08:17:32+00:00","og_image":[{"width":1582,"height":891,"url":"https:\/\/transportjournal.com\/wp-content\/uploads\/sites\/2\/2026\/01\/2026_BARIG_AOC_FRA_New_Years_Event-c-BARIG-aspect-ratio-1400-788-1.jpg","type":"image\/jpeg"}],"author":"Andreas Haug","twitter_card":"summary_large_image","twitter_misc":{"Verfasst von":"Andreas Haug","Gesch\u00e4tzte Lesezeit":"2\u00a0Minute"},"schema":{"@context":"https:\/\/schema.org","@graph":[{"@type":"Article","@id":"https:\/\/transportjournal.com\/de\/2026\/01\/23\/barigs-neujahrs-event-ins-jubilaeumsjahr\/#article","isPartOf":{"@id":"https:\/\/transportjournal.com\/de\/2026\/01\/23\/barigs-neujahrs-event-ins-jubilaeumsjahr\/"},"author":{"name":"Andreas Haug","@id":"https:\/\/transportjournal.com\/de\/#\/schema\/person\/cf538b3157f15afd7589245a4b3dbd25"},"headline":"BARIGs Neujahrs-Event ins Jubil\u00e4umsjahr","datePublished":"2026-01-23T08:03:06+00:00","dateModified":"2026-01-23T08:17:32+00:00","mainEntityOfPage":{"@id":"https:\/\/transportjournal.com\/de\/2026\/01\/23\/barigs-neujahrs-event-ins-jubilaeumsjahr\/"},"wordCount":467,"commentCount":0,"publisher":{"@id":"https:\/\/transportjournal.com\/de\/#organization"},"image":{"@id":"https:\/\/transportjournal.com\/de\/2026\/01\/23\/barigs-neujahrs-event-ins-jubilaeumsjahr\/#primaryimage"},"thumbnailUrl":"https:\/\/transportjournal.com\/wp-content\/uploads\/sites\/2\/2026\/01\/2026_BARIG_AOC_FRA_New_Years_Event-c-BARIG-aspect-ratio-1400-788-1.jpg","keywords":["75 ans de BARIG","75 Jahre BARIG English air transport industry","75 years BARIG Fran\u00e7ais secteur a\u00e9rien","a\u00e9roport de Francfort","air traffic tax","air transport location Hesse","Airline Operators Committee","airport operators","am\u00e9lioration de l'efficacit\u00e9 du transport a\u00e9rien","BARIG","collaboration dans l'aviation","collaboration in aviation","Comit\u00e9 des op\u00e9rateurs a\u00e9riens","competitiveness airlines","comp\u00e9titivit\u00e9 des compagnies a\u00e9riennes","Deutsch Luftverkehrsbranche","d\u00e9veloppement des infrastructures a\u00e9ronautiques","Digitalisierung im Luftverkehr","digitalization in aviation","durabilit\u00e9 dans l'aviation","economic significance air transport","\u00e9conomie du transport en Allemagne","efficiency improvement air transport","Effizienzsteigerung Luftverkehr","emplacement a\u00e9rien Hesse","\u00e9v\u00e9nement du Nouvel An","Fachkr\u00e4ftemangel Luftverkehr","Flughafen Frankfurt","Flughafenbetreiber","Frankfurt Airport","importance \u00e9conomique du transport a\u00e9rien","impulsions politiques pour le transport a\u00e9rien","infrastructure development aviation","Infrastrukturentwicklung Luftverkehr","Luftverkehrsstandort Hessen","Luftverkehrssteuer","Nachhaltigkeit in der Luftfahrt","New Year\u2019s Event","num\u00e9risation dans l'aviation","op\u00e9rateurs d'a\u00e9roport","p\u00e9nurie de main-d'\u0153uvre dans l'aviation","political impulses air transport","politische Impulse Luftverkehr","skilled labor shortage aviation","sustainability in aviation","taxe sur le transport a\u00e9rien","transformation aviation industry","transformation du secteur a\u00e9rien","Transformation Luftfahrtbranche","transport economy Germany","Transportwirtschaft Deutschland","Wettbewerbsf\u00e4higkeit Fluggesellschaften","wirtschaftliche Bedeutung Luftverkehr","Zusammenarbeit in der Luftfahrt"],"articleSection":["Europa","Luftfracht","Menschen &amp; Unternehmen"],"inLanguage":"de","potentialAction":[{"@type":"CommentAction","name":"Comment","target":["https:\/\/transportjournal.com\/de\/2026\/01\/23\/barigs-neujahrs-event-ins-jubilaeumsjahr\/#respond"]}]},{"@type":"WebPage","@id":"https:\/\/transportjournal.com\/de\/2026\/01\/23\/barigs-neujahrs-event-ins-jubilaeumsjahr\/","url":"https:\/\/transportjournal.com\/de\/2026\/01\/23\/barigs-neujahrs-event-ins-jubilaeumsjahr\/","name":"BARIGs Neujahrs-Event ins Jubil\u00e4umsjahr - ITJ | International Transport Journal","isPartOf":{"@id":"https:\/\/transportjournal.com\/de\/#website"},"primaryImageOfPage":{"@id":"https:\/\/transportjournal.com\/de\/2026\/01\/23\/barigs-neujahrs-event-ins-jubilaeumsjahr\/#primaryimage"},"image":{"@id":"https:\/\/transportjournal.com\/de\/2026\/01\/23\/barigs-neujahrs-event-ins-jubilaeumsjahr\/#primaryimage"},"thumbnailUrl":"https:\/\/transportjournal.com\/wp-content\/uploads\/sites\/2\/2026\/01\/2026_BARIG_AOC_FRA_New_Years_Event-c-BARIG-aspect-ratio-1400-788-1.jpg","datePublished":"2026-01-23T08:03:06+00:00","dateModified":"2026-01-23T08:17:32+00:00","breadcrumb":{"@id":"https:\/\/transportjournal.com\/de\/2026\/01\/23\/barigs-neujahrs-event-ins-jubilaeumsjahr\/#breadcrumb"},"inLanguage":"de","potentialAction":[{"@type":"ReadAction","target":["https:\/\/transportjournal.com\/de\/2026\/01\/23\/barigs-neujahrs-event-ins-jubilaeumsjahr\/"]}]},{"@type":"ImageObject","inLanguage":"de","@id":"https:\/\/transportjournal.com\/de\/2026\/01\/23\/barigs-neujahrs-event-ins-jubilaeumsjahr\/#primaryimage","url":"https:\/\/transportjournal.com\/wp-content\/uploads\/sites\/2\/2026\/01\/2026_BARIG_AOC_FRA_New_Years_Event-c-BARIG-aspect-ratio-1400-788-1.jpg","contentUrl":"https:\/\/transportjournal.com\/wp-content\/uploads\/sites\/2\/2026\/01\/2026_BARIG_AOC_FRA_New_Years_Event-c-BARIG-aspect-ratio-1400-788-1.jpg","width":1582,"height":891},{"@type":"BreadcrumbList","@id":"https:\/\/transportjournal.com\/de\/2026\/01\/23\/barigs-neujahrs-event-ins-jubilaeumsjahr\/#breadcrumb","itemListElement":[{"@type":"ListItem","position":1,"name":"Startseite","item":"https:\/\/transportjournal.com\/de\/"},{"@type":"ListItem","position":2,"name":"BARIGs Neujahrs-Event ins Jubil\u00e4umsjahr"}]},{"@type":"WebSite","@id":"https:\/\/transportjournal.com\/de\/#website","url":"https:\/\/transportjournal.com\/de\/","name":"ITJ | International Transport Journal","description":"Stay informed with the latest global news from the transport, logistics, and supply chain industries. Transport Journal delivers expert insights, analysis, and updates across shipping, aviation, intermodal, and forwarding.","publisher":{"@id":"https:\/\/transportjournal.com\/de\/#organization"},"potentialAction":[{"@type":"SearchAction","target":{"@type":"EntryPoint","urlTemplate":"https:\/\/transportjournal.com\/de\/?s={search_term_string}"},"query-input":{"@type":"PropertyValueSpecification","valueRequired":true,"valueName":"search_term_string"}}],"inLanguage":"de"},{"@type":"Organization","@id":"https:\/\/transportjournal.com\/de\/#organization","name":"Groupe Logismedia AG","alternateName":"Logismedia Group AG","url":"https:\/\/transportjournal.com\/de\/","logo":{"@type":"ImageObject","inLanguage":"de","@id":"https:\/\/transportjournal.com\/de\/#\/schema\/logo\/image\/","url":"https:\/\/transportjournal.com\/wp-content\/uploads\/sites\/2\/2025\/09\/Logo_ITJ.png","contentUrl":"https:\/\/transportjournal.com\/wp-content\/uploads\/sites\/2\/2025\/09\/Logo_ITJ.png","width":799,"height":326,"caption":"Groupe Logismedia AG"},"image":{"@id":"https:\/\/transportjournal.com\/de\/#\/schema\/logo\/image\/"},"sameAs":["https:\/\/www.linkedin.com\/company\/56456496\/admin\/dashboard\/","https:\/\/www.instagram.com\/logismediagroup\/","https:\/\/www.youtube.com\/@LogiamediaGroupAG"]},{"@type":"Person","@id":"https:\/\/transportjournal.com\/de\/#\/schema\/person\/cf538b3157f15afd7589245a4b3dbd25","name":"Andreas Haug","url":"https:\/\/transportjournal.com\/de\/author\/andreas\/"}]}},"_links":{"self":[{"href":"https:\/\/transportjournal.com\/de\/wp-json\/wp\/v2\/posts\/74100","targetHints":{"allow":["GET"]}}],"collection":[{"href":"https:\/\/transportjournal.com\/de\/wp-json\/wp\/v2\/posts"}],"about":[{"href":"https:\/\/transportjournal.com\/de\/wp-json\/wp\/v2\/types\/post"}],"author":[{"embeddable":true,"href":"https:\/\/transportjournal.com\/de\/wp-json\/wp\/v2\/users\/12"}],"replies":[{"embeddable":true,"href":"https:\/\/transportjournal.com\/de\/wp-json\/wp\/v2\/comments?post=74100"}],"version-history":[{"count":1,"href":"https:\/\/transportjournal.com\/de\/wp-json\/wp\/v2\/posts\/74100\/revisions"}],"predecessor-version":[{"id":74107,"href":"https:\/\/transportjournal.com\/de\/wp-json\/wp\/v2\/posts\/74100\/revisions\/74107"}],"wp:featuredmedia":[{"embeddable":true,"href":"https:\/\/transportjournal.com\/de\/wp-json\/wp\/v2\/media\/74099"}],"wp:attachment":[{"href":"https:\/\/transportjournal.com\/de\/wp-json\/wp\/v2\/media?parent=74100"}],"wp:term":[{"taxonomy":"category","embeddable":true,"href":"https:\/\/transportjournal.com\/de\/wp-json\/wp\/v2\/categories?post=74100"},{"taxonomy":"post_tag","embeddable":true,"href":"https:\/\/transportjournal.com\/de\/wp-json\/wp\/v2\/tags?post=74100"}],"curies":[{"name":"wp","href":"https:\/\/api.w.org\/{rel}","templated":true}]}}