{"id":73616,"date":"2026-01-20T14:27:48","date_gmt":"2026-01-20T14:27:48","guid":{"rendered":"https:\/\/transportjournal.com\/2026\/01\/20\/niccoli-neuer-anfia-gruppenpraesident\/"},"modified":"2026-01-20T20:41:26","modified_gmt":"2026-01-20T19:41:26","slug":"niccoli-neuer-anfia-gruppenpraesident","status":"publish","type":"post","link":"https:\/\/transportjournal.com\/de\/2026\/01\/20\/niccoli-neuer-anfia-gruppenpraesident\/","title":{"rendered":"Niccoli neuer ANFIA-Gruppenpr\u00e4sident"},"content":{"rendered":"<p>Ranieri Niccoli wurde zum neuen Pr\u00e4sidenten des Gruppenverbands der Automobilhersteller innerhalb des italienischen Branchenverbands ANFIA ernannt. Niccoli, der als Chief Manufacturing Officer bei Automobili Lamborghini t\u00e4tig ist, tritt die Nachfolge von Umberto Tossini an. Tossini wird f\u00fcr sein Engagement und die geleistete Arbeit zur Vertretung der italienischen Automobilproduktion in einer herausfordernden Zeit gew\u00fcrdigt.<\/p>\n<p>In seiner ersten Stellungnahme \u00e4usserte Niccoli, dass es ihm eine Ehre sei, diese Position zu \u00fcbernehmen. Er betonte die gegenw\u00e4rtigen Herausforderungen, mit denen die Automobilbranche konfrontiert ist, und hob die Notwendigkeit hervor, dass die Hersteller sich aktiv mit Innovationen und industriellen Entscheidungen auseinandersetzen. Diese Massnahmen seien entscheidend, um die technologische Entwicklung im Sektor zu unterst\u00fctzen.<\/p>\n<p>Niccoli wies darauf hin, dass die Automobilindustrie eine strategische Rolle f\u00fcr Italien und Europa spiele. Er betonte, dass es wichtig sei, auf der soliden industriellen Kultur des Landes aufzubauen, die tief verwurzelt sei. Diese Kultur m\u00fcsse gef\u00f6rdert und gew\u00fcrdigt werden, um den Unternehmen die M\u00f6glichkeit zu geben, zuk\u00fcnftige Herausforderungen erfolgreich zu meistern.<\/p>\n<p>Die Ernennung von Niccoli erfolgt in einem Kontext, in dem die Automobilindustrie vor zahlreichen Herausforderungen steht, darunter technologische Ver\u00e4nderungen und die Notwendigkeit, sich an neue Marktbedingungen anzupassen. Die ANFIA, die Vereinigung der Automobilhersteller in Italien, spielt eine zentrale Rolle bei der Unterst\u00fctzung der Branche in diesen Zeiten.<\/p>\n<p>&nbsp;<\/p>\n<p><a href=\"https:\/\/www.anfia.it\/\" target=\"_blank\" rel=\"noopener noreferrer\">www.anfia.it<\/a><\/p>\n<p>&nbsp;<\/p>\n","protected":false},"excerpt":{"rendered":"<p>Ranieri Niccoli wurde zum Pr\u00e4sidenten des ANFIA ernannt und betont die Bedeutung von Innovationen f\u00fcr die Automobilbranche in Italien und Europa.<\/p>\n","protected":false},"author":12,"featured_media":73615,"comment_status":"open","ping_status":"open","sticky":false,"template":"","format":"standard","meta":{"_acf_changed":false,"footnotes":""},"categories":[1575,1567,1573,1569],"tags":[7328,7329,7330,7331,7332,7333,7334,7335,7336,7337,7338,7339,7340,7341,7342,7343,7344,7345,7346,7347,7348,7349,7350,7351,7352,7353,7354,7355,7356,7357,7358,7359,7360,7361,7362,7363,7364,7365,7366,7367,7368,7369,7370],"class_list":["post-73616","post","type-post","status-publish","format-standard","has-post-thumbnail","hentry","category-europa","category-wechsel-weltweit","category-regionen","category-logistik-spedition","tag-anfia","tag-associations-de-fabricants-automobiles","tag-automobili-lamborghini","tag-automotive-manufacturers-associations-francais-industrie-automobile","tag-avenir-de-lindustrie-automobile","tag-challenges-in-the-automotive-sector","tag-changements-technologiques","tag-conditions-du-marche-du-secteur-automobile","tag-culture-industrielle-en-italie","tag-defis-du-secteur-automobile","tag-deutsch-automobilindustrie","tag-digitalisierung-in-der-automobilindustrie","tag-digitalization-in-the-automotive-industry","tag-europaeische-automobilproduktion","tag-european-automotive-production","tag-fabricants-automobiles-italiens","tag-fachkraeftemangel-automobilbranche","tag-future-of-the-automotive-industry","tag-herausforderungen-der-automobilbranche","tag-industrial-culture-in-italy","tag-industrial-innovations","tag-industrielle-innovationen","tag-industrielle-kultur-italien","tag-innovations-industrielles","tag-italian-car-manufacturers","tag-italienische-automobilhersteller","tag-market-conditions-automotive-sector","tag-marktbedingungen-automobilsektor","tag-nachhaltige-automobilproduktion","tag-numerisation-dans-lindustrie-automobile","tag-penurie-de-competences-dans-lindustrie-automobile","tag-production-automobile-durable","tag-production-automobile-europeenne","tag-ranieri-niccoli","tag-role-strategique-de-lindustrie-automobile","tag-skills-shortage-automotive-industry","tag-strategic-role-of-the-automotive-industry","tag-strategische-rolle-der-automobilindustrie","tag-sustainable-automotive-production","tag-technological-changes","tag-technologische-veraenderungen","tag-verbaende-der-automobilhersteller-english-automotive-industry","tag-zukunft-der-automobilindustrie"],"acf":[],"yoast_head":"<!-- This site is optimized with the Yoast SEO plugin v27.3 - https:\/\/yoast.com\/product\/yoast-seo-wordpress\/ -->\n<title>Niccoli neuer ANFIA-Gruppenpr\u00e4sident - ITJ | International Transport Journal<\/title>\n<meta name=\"robots\" content=\"index, follow, max-snippet:-1, max-image-preview:large, max-video-preview:-1\" \/>\n<link rel=\"canonical\" href=\"https:\/\/transportjournal.com\/de\/2026\/01\/20\/niccoli-neuer-anfia-gruppenpraesident\/\" \/>\n<meta property=\"og:locale\" content=\"de_DE\" \/>\n<meta property=\"og:type\" content=\"article\" \/>\n<meta property=\"og:title\" content=\"Niccoli neuer ANFIA-Gruppenpr\u00e4sident - ITJ | International Transport Journal\" \/>\n<meta property=\"og:description\" content=\"Ranieri Niccoli wurde zum Pr\u00e4sidenten des ANFIA ernannt und betont die Bedeutung von Innovationen f\u00fcr die Automobilbranche in Italien und Europa.\" \/>\n<meta property=\"og:url\" content=\"https:\/\/transportjournal.com\/de\/2026\/01\/20\/niccoli-neuer-anfia-gruppenpraesident\/\" \/>\n<meta property=\"og:site_name\" content=\"ITJ | International Transport Journal\" \/>\n<meta property=\"article:published_time\" content=\"2026-01-20T14:27:48+00:00\" \/>\n<meta property=\"article:modified_time\" content=\"2026-01-20T19:41:26+00:00\" \/>\n<meta property=\"og:image\" content=\"https:\/\/transportjournal.com\/wp-content\/uploads\/sites\/2\/2026\/01\/Anfia-Foto_Ranieri_Niccoli_sito-aspect-ratio-1400-788.png\" \/>\n\t<meta property=\"og:image:width\" content=\"746\" \/>\n\t<meta property=\"og:image:height\" content=\"420\" \/>\n\t<meta property=\"og:image:type\" content=\"image\/png\" \/>\n<meta name=\"author\" content=\"Andreas Haug\" \/>\n<meta name=\"twitter:card\" content=\"summary_large_image\" \/>\n<meta name=\"twitter:label1\" content=\"Verfasst von\" \/>\n\t<meta name=\"twitter:data1\" content=\"Andreas Haug\" \/>\n\t<meta name=\"twitter:label2\" content=\"Gesch\u00e4tzte Lesezeit\" \/>\n\t<meta name=\"twitter:data2\" content=\"1\u00a0Minute\" \/>\n<script type=\"application\/ld+json\" class=\"yoast-schema-graph\">{\"@context\":\"https:\\\/\\\/schema.org\",\"@graph\":[{\"@type\":\"Article\",\"@id\":\"https:\\\/\\\/transportjournal.com\\\/de\\\/2026\\\/01\\\/20\\\/niccoli-neuer-anfia-gruppenpraesident\\\/#article\",\"isPartOf\":{\"@id\":\"https:\\\/\\\/transportjournal.com\\\/de\\\/2026\\\/01\\\/20\\\/niccoli-neuer-anfia-gruppenpraesident\\\/\"},\"author\":{\"name\":\"Andreas Haug\",\"@id\":\"https:\\\/\\\/transportjournal.com\\\/de\\\/#\\\/schema\\\/person\\\/cf538b3157f15afd7589245a4b3dbd25\"},\"headline\":\"Niccoli neuer ANFIA-Gruppenpr\u00e4sident\",\"datePublished\":\"2026-01-20T14:27:48+00:00\",\"dateModified\":\"2026-01-20T19:41:26+00:00\",\"mainEntityOfPage\":{\"@id\":\"https:\\\/\\\/transportjournal.com\\\/de\\\/2026\\\/01\\\/20\\\/niccoli-neuer-anfia-gruppenpraesident\\\/\"},\"wordCount\":230,\"commentCount\":0,\"publisher\":{\"@id\":\"https:\\\/\\\/transportjournal.com\\\/de\\\/#organization\"},\"image\":{\"@id\":\"https:\\\/\\\/transportjournal.com\\\/de\\\/2026\\\/01\\\/20\\\/niccoli-neuer-anfia-gruppenpraesident\\\/#primaryimage\"},\"thumbnailUrl\":\"https:\\\/\\\/transportjournal.com\\\/wp-content\\\/uploads\\\/sites\\\/2\\\/2026\\\/01\\\/Anfia-Foto_Ranieri_Niccoli_sito-aspect-ratio-1400-788.png\",\"keywords\":[\"ANFIA\",\"associations de fabricants automobiles\",\"Automobili Lamborghini\",\"automotive manufacturers associations Fran\u00e7ais industrie automobile\",\"avenir de l'industrie automobile\",\"challenges in the automotive sector\",\"changements technologiques\",\"conditions du march\u00e9 du secteur automobile\",\"culture industrielle en Italie\",\"d\u00e9fis du secteur automobile\",\"Deutsch Automobilindustrie\",\"Digitalisierung in der Automobilindustrie\",\"digitalization in the automotive industry\",\"europ\u00e4ische Automobilproduktion\",\"European automotive production\",\"fabricants automobiles italiens\",\"Fachkr\u00e4ftemangel Automobilbranche\",\"future of the automotive industry\",\"Herausforderungen der Automobilbranche\",\"industrial culture in Italy\",\"industrial innovations\",\"industrielle Innovationen\",\"industrielle Kultur Italien\",\"innovations industrielles\",\"Italian car manufacturers\",\"italienische Automobilhersteller\",\"market conditions automotive sector\",\"Marktbedingungen Automobilsektor\",\"nachhaltige Automobilproduktion\",\"num\u00e9risation dans l'industrie automobile\",\"p\u00e9nurie de comp\u00e9tences dans l'industrie automobile\",\"production automobile durable\",\"production automobile europ\u00e9enne\",\"Ranieri Niccoli\",\"r\u00f4le strat\u00e9gique de l'industrie automobile\",\"skills shortage automotive industry\",\"strategic role of the automotive industry\",\"strategische Rolle der Automobilindustrie\",\"sustainable automotive production\",\"technological changes\",\"technologische Ver\u00e4nderungen\",\"Verb\u00e4nde der Automobilhersteller English automotive industry\",\"Zukunft der Automobilindustrie\"],\"articleSection\":[\"Europa\",\"Menschen &amp; Unternehmen\",\"Regionen\",\"Spedition &amp; Logistik\"],\"inLanguage\":\"de\",\"potentialAction\":[{\"@type\":\"CommentAction\",\"name\":\"Comment\",\"target\":[\"https:\\\/\\\/transportjournal.com\\\/de\\\/2026\\\/01\\\/20\\\/niccoli-neuer-anfia-gruppenpraesident\\\/#respond\"]}]},{\"@type\":\"WebPage\",\"@id\":\"https:\\\/\\\/transportjournal.com\\\/de\\\/2026\\\/01\\\/20\\\/niccoli-neuer-anfia-gruppenpraesident\\\/\",\"url\":\"https:\\\/\\\/transportjournal.com\\\/de\\\/2026\\\/01\\\/20\\\/niccoli-neuer-anfia-gruppenpraesident\\\/\",\"name\":\"Niccoli neuer ANFIA-Gruppenpr\u00e4sident - ITJ | International Transport Journal\",\"isPartOf\":{\"@id\":\"https:\\\/\\\/transportjournal.com\\\/de\\\/#website\"},\"primaryImageOfPage\":{\"@id\":\"https:\\\/\\\/transportjournal.com\\\/de\\\/2026\\\/01\\\/20\\\/niccoli-neuer-anfia-gruppenpraesident\\\/#primaryimage\"},\"image\":{\"@id\":\"https:\\\/\\\/transportjournal.com\\\/de\\\/2026\\\/01\\\/20\\\/niccoli-neuer-anfia-gruppenpraesident\\\/#primaryimage\"},\"thumbnailUrl\":\"https:\\\/\\\/transportjournal.com\\\/wp-content\\\/uploads\\\/sites\\\/2\\\/2026\\\/01\\\/Anfia-Foto_Ranieri_Niccoli_sito-aspect-ratio-1400-788.png\",\"datePublished\":\"2026-01-20T14:27:48+00:00\",\"dateModified\":\"2026-01-20T19:41:26+00:00\",\"breadcrumb\":{\"@id\":\"https:\\\/\\\/transportjournal.com\\\/de\\\/2026\\\/01\\\/20\\\/niccoli-neuer-anfia-gruppenpraesident\\\/#breadcrumb\"},\"inLanguage\":\"de\",\"potentialAction\":[{\"@type\":\"ReadAction\",\"target\":[\"https:\\\/\\\/transportjournal.com\\\/de\\\/2026\\\/01\\\/20\\\/niccoli-neuer-anfia-gruppenpraesident\\\/\"]}]},{\"@type\":\"ImageObject\",\"inLanguage\":\"de\",\"@id\":\"https:\\\/\\\/transportjournal.com\\\/de\\\/2026\\\/01\\\/20\\\/niccoli-neuer-anfia-gruppenpraesident\\\/#primaryimage\",\"url\":\"https:\\\/\\\/transportjournal.com\\\/wp-content\\\/uploads\\\/sites\\\/2\\\/2026\\\/01\\\/Anfia-Foto_Ranieri_Niccoli_sito-aspect-ratio-1400-788.png\",\"contentUrl\":\"https:\\\/\\\/transportjournal.com\\\/wp-content\\\/uploads\\\/sites\\\/2\\\/2026\\\/01\\\/Anfia-Foto_Ranieri_Niccoli_sito-aspect-ratio-1400-788.png\",\"width\":746,\"height\":420},{\"@type\":\"BreadcrumbList\",\"@id\":\"https:\\\/\\\/transportjournal.com\\\/de\\\/2026\\\/01\\\/20\\\/niccoli-neuer-anfia-gruppenpraesident\\\/#breadcrumb\",\"itemListElement\":[{\"@type\":\"ListItem\",\"position\":1,\"name\":\"Startseite\",\"item\":\"https:\\\/\\\/transportjournal.com\\\/de\\\/\"},{\"@type\":\"ListItem\",\"position\":2,\"name\":\"Niccoli neuer ANFIA-Gruppenpr\u00e4sident\"}]},{\"@type\":\"WebSite\",\"@id\":\"https:\\\/\\\/transportjournal.com\\\/de\\\/#website\",\"url\":\"https:\\\/\\\/transportjournal.com\\\/de\\\/\",\"name\":\"ITJ | International Transport Journal\",\"description\":\"Stay informed with the latest global news from the transport, logistics, and supply chain industries. Transport Journal delivers expert insights, analysis, and updates across shipping, aviation, intermodal, and forwarding.\",\"publisher\":{\"@id\":\"https:\\\/\\\/transportjournal.com\\\/de\\\/#organization\"},\"potentialAction\":[{\"@type\":\"SearchAction\",\"target\":{\"@type\":\"EntryPoint\",\"urlTemplate\":\"https:\\\/\\\/transportjournal.com\\\/de\\\/?s={search_term_string}\"},\"query-input\":{\"@type\":\"PropertyValueSpecification\",\"valueRequired\":true,\"valueName\":\"search_term_string\"}}],\"inLanguage\":\"de\"},{\"@type\":\"Organization\",\"@id\":\"https:\\\/\\\/transportjournal.com\\\/de\\\/#organization\",\"name\":\"Groupe Logismedia AG\",\"alternateName\":\"Logismedia Group AG\",\"url\":\"https:\\\/\\\/transportjournal.com\\\/de\\\/\",\"logo\":{\"@type\":\"ImageObject\",\"inLanguage\":\"de\",\"@id\":\"https:\\\/\\\/transportjournal.com\\\/de\\\/#\\\/schema\\\/logo\\\/image\\\/\",\"url\":\"https:\\\/\\\/transportjournal.com\\\/wp-content\\\/uploads\\\/sites\\\/2\\\/2025\\\/09\\\/Logo_ITJ.png\",\"contentUrl\":\"https:\\\/\\\/transportjournal.com\\\/wp-content\\\/uploads\\\/sites\\\/2\\\/2025\\\/09\\\/Logo_ITJ.png\",\"width\":799,\"height\":326,\"caption\":\"Groupe Logismedia AG\"},\"image\":{\"@id\":\"https:\\\/\\\/transportjournal.com\\\/de\\\/#\\\/schema\\\/logo\\\/image\\\/\"},\"sameAs\":[\"https:\\\/\\\/www.linkedin.com\\\/company\\\/56456496\\\/admin\\\/dashboard\\\/\",\"https:\\\/\\\/www.instagram.com\\\/logismediagroup\\\/\",\"https:\\\/\\\/www.youtube.com\\\/@LogiamediaGroupAG\"]},{\"@type\":\"Person\",\"@id\":\"https:\\\/\\\/transportjournal.com\\\/de\\\/#\\\/schema\\\/person\\\/cf538b3157f15afd7589245a4b3dbd25\",\"name\":\"Andreas Haug\",\"url\":\"https:\\\/\\\/transportjournal.com\\\/de\\\/author\\\/andreas\\\/\"}]}<\/script>\n<!-- \/ Yoast SEO plugin. -->","yoast_head_json":{"title":"Niccoli neuer ANFIA-Gruppenpr\u00e4sident - ITJ | International Transport Journal","robots":{"index":"index","follow":"follow","max-snippet":"max-snippet:-1","max-image-preview":"max-image-preview:large","max-video-preview":"max-video-preview:-1"},"canonical":"https:\/\/transportjournal.com\/de\/2026\/01\/20\/niccoli-neuer-anfia-gruppenpraesident\/","og_locale":"de_DE","og_type":"article","og_title":"Niccoli neuer ANFIA-Gruppenpr\u00e4sident - ITJ | International Transport Journal","og_description":"Ranieri Niccoli wurde zum Pr\u00e4sidenten des ANFIA ernannt und betont die Bedeutung von Innovationen f\u00fcr die Automobilbranche in Italien und Europa.","og_url":"https:\/\/transportjournal.com\/de\/2026\/01\/20\/niccoli-neuer-anfia-gruppenpraesident\/","og_site_name":"ITJ | International Transport Journal","article_published_time":"2026-01-20T14:27:48+00:00","article_modified_time":"2026-01-20T19:41:26+00:00","og_image":[{"width":746,"height":420,"url":"https:\/\/transportjournal.com\/wp-content\/uploads\/sites\/2\/2026\/01\/Anfia-Foto_Ranieri_Niccoli_sito-aspect-ratio-1400-788.png","type":"image\/png"}],"author":"Andreas Haug","twitter_card":"summary_large_image","twitter_misc":{"Verfasst von":"Andreas Haug","Gesch\u00e4tzte Lesezeit":"1\u00a0Minute"},"schema":{"@context":"https:\/\/schema.org","@graph":[{"@type":"Article","@id":"https:\/\/transportjournal.com\/de\/2026\/01\/20\/niccoli-neuer-anfia-gruppenpraesident\/#article","isPartOf":{"@id":"https:\/\/transportjournal.com\/de\/2026\/01\/20\/niccoli-neuer-anfia-gruppenpraesident\/"},"author":{"name":"Andreas Haug","@id":"https:\/\/transportjournal.com\/de\/#\/schema\/person\/cf538b3157f15afd7589245a4b3dbd25"},"headline":"Niccoli neuer ANFIA-Gruppenpr\u00e4sident","datePublished":"2026-01-20T14:27:48+00:00","dateModified":"2026-01-20T19:41:26+00:00","mainEntityOfPage":{"@id":"https:\/\/transportjournal.com\/de\/2026\/01\/20\/niccoli-neuer-anfia-gruppenpraesident\/"},"wordCount":230,"commentCount":0,"publisher":{"@id":"https:\/\/transportjournal.com\/de\/#organization"},"image":{"@id":"https:\/\/transportjournal.com\/de\/2026\/01\/20\/niccoli-neuer-anfia-gruppenpraesident\/#primaryimage"},"thumbnailUrl":"https:\/\/transportjournal.com\/wp-content\/uploads\/sites\/2\/2026\/01\/Anfia-Foto_Ranieri_Niccoli_sito-aspect-ratio-1400-788.png","keywords":["ANFIA","associations de fabricants automobiles","Automobili Lamborghini","automotive manufacturers associations Fran\u00e7ais industrie automobile","avenir de l'industrie automobile","challenges in the automotive sector","changements technologiques","conditions du march\u00e9 du secteur automobile","culture industrielle en Italie","d\u00e9fis du secteur automobile","Deutsch Automobilindustrie","Digitalisierung in der Automobilindustrie","digitalization in the automotive industry","europ\u00e4ische Automobilproduktion","European automotive production","fabricants automobiles italiens","Fachkr\u00e4ftemangel Automobilbranche","future of the automotive industry","Herausforderungen der Automobilbranche","industrial culture in Italy","industrial innovations","industrielle Innovationen","industrielle Kultur Italien","innovations industrielles","Italian car manufacturers","italienische Automobilhersteller","market conditions automotive sector","Marktbedingungen Automobilsektor","nachhaltige Automobilproduktion","num\u00e9risation dans l'industrie automobile","p\u00e9nurie de comp\u00e9tences dans l'industrie automobile","production automobile durable","production automobile europ\u00e9enne","Ranieri Niccoli","r\u00f4le strat\u00e9gique de l'industrie automobile","skills shortage automotive industry","strategic role of the automotive industry","strategische Rolle der Automobilindustrie","sustainable automotive production","technological changes","technologische Ver\u00e4nderungen","Verb\u00e4nde der Automobilhersteller English automotive industry","Zukunft der Automobilindustrie"],"articleSection":["Europa","Menschen &amp; Unternehmen","Regionen","Spedition &amp; Logistik"],"inLanguage":"de","potentialAction":[{"@type":"CommentAction","name":"Comment","target":["https:\/\/transportjournal.com\/de\/2026\/01\/20\/niccoli-neuer-anfia-gruppenpraesident\/#respond"]}]},{"@type":"WebPage","@id":"https:\/\/transportjournal.com\/de\/2026\/01\/20\/niccoli-neuer-anfia-gruppenpraesident\/","url":"https:\/\/transportjournal.com\/de\/2026\/01\/20\/niccoli-neuer-anfia-gruppenpraesident\/","name":"Niccoli neuer ANFIA-Gruppenpr\u00e4sident - ITJ | International Transport Journal","isPartOf":{"@id":"https:\/\/transportjournal.com\/de\/#website"},"primaryImageOfPage":{"@id":"https:\/\/transportjournal.com\/de\/2026\/01\/20\/niccoli-neuer-anfia-gruppenpraesident\/#primaryimage"},"image":{"@id":"https:\/\/transportjournal.com\/de\/2026\/01\/20\/niccoli-neuer-anfia-gruppenpraesident\/#primaryimage"},"thumbnailUrl":"https:\/\/transportjournal.com\/wp-content\/uploads\/sites\/2\/2026\/01\/Anfia-Foto_Ranieri_Niccoli_sito-aspect-ratio-1400-788.png","datePublished":"2026-01-20T14:27:48+00:00","dateModified":"2026-01-20T19:41:26+00:00","breadcrumb":{"@id":"https:\/\/transportjournal.com\/de\/2026\/01\/20\/niccoli-neuer-anfia-gruppenpraesident\/#breadcrumb"},"inLanguage":"de","potentialAction":[{"@type":"ReadAction","target":["https:\/\/transportjournal.com\/de\/2026\/01\/20\/niccoli-neuer-anfia-gruppenpraesident\/"]}]},{"@type":"ImageObject","inLanguage":"de","@id":"https:\/\/transportjournal.com\/de\/2026\/01\/20\/niccoli-neuer-anfia-gruppenpraesident\/#primaryimage","url":"https:\/\/transportjournal.com\/wp-content\/uploads\/sites\/2\/2026\/01\/Anfia-Foto_Ranieri_Niccoli_sito-aspect-ratio-1400-788.png","contentUrl":"https:\/\/transportjournal.com\/wp-content\/uploads\/sites\/2\/2026\/01\/Anfia-Foto_Ranieri_Niccoli_sito-aspect-ratio-1400-788.png","width":746,"height":420},{"@type":"BreadcrumbList","@id":"https:\/\/transportjournal.com\/de\/2026\/01\/20\/niccoli-neuer-anfia-gruppenpraesident\/#breadcrumb","itemListElement":[{"@type":"ListItem","position":1,"name":"Startseite","item":"https:\/\/transportjournal.com\/de\/"},{"@type":"ListItem","position":2,"name":"Niccoli neuer ANFIA-Gruppenpr\u00e4sident"}]},{"@type":"WebSite","@id":"https:\/\/transportjournal.com\/de\/#website","url":"https:\/\/transportjournal.com\/de\/","name":"ITJ | International Transport Journal","description":"Stay informed with the latest global news from the transport, logistics, and supply chain industries. Transport Journal delivers expert insights, analysis, and updates across shipping, aviation, intermodal, and forwarding.","publisher":{"@id":"https:\/\/transportjournal.com\/de\/#organization"},"potentialAction":[{"@type":"SearchAction","target":{"@type":"EntryPoint","urlTemplate":"https:\/\/transportjournal.com\/de\/?s={search_term_string}"},"query-input":{"@type":"PropertyValueSpecification","valueRequired":true,"valueName":"search_term_string"}}],"inLanguage":"de"},{"@type":"Organization","@id":"https:\/\/transportjournal.com\/de\/#organization","name":"Groupe Logismedia AG","alternateName":"Logismedia Group AG","url":"https:\/\/transportjournal.com\/de\/","logo":{"@type":"ImageObject","inLanguage":"de","@id":"https:\/\/transportjournal.com\/de\/#\/schema\/logo\/image\/","url":"https:\/\/transportjournal.com\/wp-content\/uploads\/sites\/2\/2025\/09\/Logo_ITJ.png","contentUrl":"https:\/\/transportjournal.com\/wp-content\/uploads\/sites\/2\/2025\/09\/Logo_ITJ.png","width":799,"height":326,"caption":"Groupe Logismedia AG"},"image":{"@id":"https:\/\/transportjournal.com\/de\/#\/schema\/logo\/image\/"},"sameAs":["https:\/\/www.linkedin.com\/company\/56456496\/admin\/dashboard\/","https:\/\/www.instagram.com\/logismediagroup\/","https:\/\/www.youtube.com\/@LogiamediaGroupAG"]},{"@type":"Person","@id":"https:\/\/transportjournal.com\/de\/#\/schema\/person\/cf538b3157f15afd7589245a4b3dbd25","name":"Andreas Haug","url":"https:\/\/transportjournal.com\/de\/author\/andreas\/"}]}},"_links":{"self":[{"href":"https:\/\/transportjournal.com\/de\/wp-json\/wp\/v2\/posts\/73616","targetHints":{"allow":["GET"]}}],"collection":[{"href":"https:\/\/transportjournal.com\/de\/wp-json\/wp\/v2\/posts"}],"about":[{"href":"https:\/\/transportjournal.com\/de\/wp-json\/wp\/v2\/types\/post"}],"author":[{"embeddable":true,"href":"https:\/\/transportjournal.com\/de\/wp-json\/wp\/v2\/users\/12"}],"replies":[{"embeddable":true,"href":"https:\/\/transportjournal.com\/de\/wp-json\/wp\/v2\/comments?post=73616"}],"version-history":[{"count":1,"href":"https:\/\/transportjournal.com\/de\/wp-json\/wp\/v2\/posts\/73616\/revisions"}],"predecessor-version":[{"id":73731,"href":"https:\/\/transportjournal.com\/de\/wp-json\/wp\/v2\/posts\/73616\/revisions\/73731"}],"wp:featuredmedia":[{"embeddable":true,"href":"https:\/\/transportjournal.com\/de\/wp-json\/wp\/v2\/media\/73615"}],"wp:attachment":[{"href":"https:\/\/transportjournal.com\/de\/wp-json\/wp\/v2\/media?parent=73616"}],"wp:term":[{"taxonomy":"category","embeddable":true,"href":"https:\/\/transportjournal.com\/de\/wp-json\/wp\/v2\/categories?post=73616"},{"taxonomy":"post_tag","embeddable":true,"href":"https:\/\/transportjournal.com\/de\/wp-json\/wp\/v2\/tags?post=73616"}],"curies":[{"name":"wp","href":"https:\/\/api.w.org\/{rel}","templated":true}]}}