{"id":73599,"date":"2026-01-20T13:44:45","date_gmt":"2026-01-20T13:44:45","guid":{"rendered":"https:\/\/transportjournal.com\/2026\/01\/20\/michael-hansen-wird-neuer-ceo-von-dfds\/"},"modified":"2026-01-20T13:44:45","modified_gmt":"2026-01-20T13:44:45","slug":"michael-hansen-wird-neuer-ceo-von-dfds","status":"publish","type":"post","link":"https:\/\/transportjournal.com\/de\/2026\/01\/20\/michael-hansen-wird-neuer-ceo-von-dfds\/","title":{"rendered":"Michael Hansen wird neuer CEO von DFDS"},"content":{"rendered":"<p>DFDS hat Michael Hansen zum neuen Pr\u00e4sidenten und CEO ernannt, der seine Position am 1. Juli 2026 antreten wird. Hansen, der derzeit als Pr\u00e4sident und CEO von Hempel t\u00e4tig ist, folgt auf Torben Carlsen, der am selben Tag zur\u00fccktreten wird. Die Ernennung erfolgt im Rahmen eines Nachfolgeprozesses, der am 6. November 2025 angek\u00fcndigt wurde, um frische Perspektiven f\u00fcr die laufende Transformation von DFDS zu gewinnen.<\/p>\n<h3>Neuer F\u00fchrungsansatz f\u00fcr DFDS<\/h3>\n<p>Claus V. Hemmingsen, Vorsitzender des Aufsichtsrats, \u00e4usserte sich positiv \u00fcber die Ernennung von Hansen: \u201eIch freue mich sehr, Michael Hansen bei DFDS willkommen zu hei\u00dfen. Michael bringt neue Perspektiven und Erfahrungen mit, um die laufende Transformation des Unternehmens zu leiten. Die kurzfristige Aufgabe besteht darin, die finanzielle Leistung zu steigern. Langfristig gilt es, den Wert des Netzwerks durch die Optimierung der Abl\u00e4ufe und organisches Wachstum zu erschlie\u00dfen, basierend auf den best\u00e4ndigen St\u00e4rken von DFDS, insbesondere unseren gesch\u00e4tzten Kundenangeboten und Serviceniveaus sowie unseren f\u00e4higen Mitarbeitern.\u201c<\/p>\n<p>Michael Hansen verf\u00fcgt \u00fcber umfassende F\u00fchrungserfahrung in den Bereichen Schifffahrt, Transport und Industrie. In seiner Rolle bei Hempel hat er eine strategische Transformation geleitet, die die finanzielle Leistung verbessert und die Skalierbarkeit der Betriebsabl\u00e4ufe gest\u00e4rkt hat. Zuvor war er fast zwei Jahrzehnte bei A.P. Moller &#8211; Maersk t\u00e4tig, wo er verschiedene leitende Managementpositionen in Europa, Lateinamerika und Ozeanien innehatte, darunter die Position des CEO von Seago Line sowie die globale Leitung des Verkaufs f\u00fcr Maersk Line.<\/p>\n<p>In einer ersten Stellungnahme \u00e4usserte Hansen: \u201eIch freue mich sehr darauf, zu DFDS zu stossen und die laufende Transformation zu profitablen Wachstum zu leiten. Ich bin leidenschaftlich daran interessiert, Menschen zu motivieren und zu bef\u00e4higen, um kommerzielle und finanzielle Leistungen zu erbringen, und ebenso leidenschaftlich daran, die Nachhaltigkeit voranzutreiben. DFDS hat ein beeindruckendes Erbe, steht jedoch in einigen Bereichen vor Herausforderungen. Durch Zusammenarbeit und die Nutzung unseres starken Netzwerks k\u00f6nnen wir das volle Potenzial aussch\u00f6pfen.\u201c<\/p>\n<p>Michael Hansens beruflicher Werdegang umfasst unter anderem folgende Stationen: Seit 2017 ist er als Group President und CEO bei Hempel t\u00e4tig. Zuvor war er von 2016 bis 2017 als Vice President und globaler Verkaufsleiter bei Maersk Line aktiv. Davor war er CEO von Seago Line und hatte verschiedene Managementpositionen bei Maersk Line inne, darunter in Mexiko, Spanien und Neuseeland.<\/p>\n<p>DFDS betreibt ein Transportnetzwerk in und um Europa mit einem Jahresumsatz von 30 Mrd. DKK und besch\u00e4ftigt 16.500 Vollzeitmitarbeiter. Das Unternehmen transportiert G\u00fcter in Anh\u00e4ngern per F\u00e4hre, Strasse und Schiene und bietet erg\u00e4nzende Transport- und Logistikl\u00f6sungen an. Zudem bef\u00f6rdert DFDS Auto- und Fusspassagiere auf Kurzstrecken- und \u00dcbernachtungsf\u00e4hren. DFDS wurde 1866 gegr\u00fcndet und hat seinen Hauptsitz in Kopenhagen.<\/p>\n<p>&nbsp;<\/p>\n<p><a href=\"https:\/\/www.dfds.com\/\" target=\"_blank\" rel=\"noopener noreferrer\">www.dfds.com<\/a><\/p>\n<p>&nbsp;<\/p>\n","protected":false},"excerpt":{"rendered":"<p>Michael Hansen wird am 1. Juli 2026 neuer Pr\u00e4sident und CEO von DFDS und folgt auf Torben Carlsen, der an diesem Tag zur\u00fccktritt.<\/p>\n","protected":false},"author":12,"featured_media":73598,"comment_status":"open","ping_status":"open","sticky":false,"template":"","format":"standard","meta":{"_acf_changed":false,"footnotes":""},"categories":[1575,1567,1573,1571],"tags":[4017,7265,7266,7267,7268,7269,7270,7271,7272,2166,7273,7274,7275,2909,7276,7277,7278,2223,7279,2133,1831,3750,7280,7281,2139,2925,7282,7283,3756,3757,7284,2929,2148,2193,7285,1916,1766,7286,2728,2154,7287,7288,7289,3125,7290,7291,1837],"class_list":["post-73599","post","type-post","status-publish","format-standard","has-post-thumbnail","hentry","category-europa","category-wechsel-weltweit","category-regionen","category-schiffahrt","tag-a-p-moller-maersk","tag-amelioration-de-la-performance-financiere","tag-approche-de-leadership-dfds","tag-ceo-dfds","tag-challenges-in-shipping","tag-croissance-organique","tag-defis-dans-le-secteur-maritime","tag-deutsch-dfds","tag-developpement-des-employes","tag-durabilite-dans-la-logistique","tag-employee-development-francais-dfds","tag-finanzielle-leistung-steigern","tag-fuehrungsansatz-dfds","tag-hafenbetrieb","tag-hempel","tag-herausforderungen-in-der-schifffahrt","tag-improving-financial-performance","tag-industrie-maritime","tag-leadership-approach-dfds","tag-logistics-service-providers","tag-logistikdienstleister","tag-logistique-de-colis","tag-michael-hansen","tag-mitarbeiterentwicklung-english-dfds","tag-nachhaltigkeit-in-der-logistik","tag-operations-portuaires","tag-organic-growth","tag-organisches-wachstum","tag-paketlogistik","tag-parcel-logistics","tag-pdg-dfds","tag-port-operations","tag-prestataires-de-services-logistiques","tag-rail-freight-transport","tag-reseau-de-transport-europe","tag-schienengueterverkehr","tag-schifffahrt","tag-seago-line","tag-shipping-industry","tag-sustainability-in-logistics","tag-transformation-de-dfds","tag-transformation-of-dfds","tag-transformation-von-dfds","tag-transport-ferroviaire-de-marchandises","tag-transport-network-europe","tag-transportnetzwerk-europa","tag-transportwirtschaft"],"acf":[],"yoast_head":"<!-- This site is optimized with the Yoast SEO plugin v27.3 - https:\/\/yoast.com\/product\/yoast-seo-wordpress\/ -->\n<title>Michael Hansen wird neuer CEO von DFDS - ITJ | International Transport Journal<\/title>\n<meta name=\"robots\" content=\"index, follow, max-snippet:-1, max-image-preview:large, max-video-preview:-1\" \/>\n<link rel=\"canonical\" href=\"https:\/\/transportjournal.com\/de\/2026\/01\/20\/michael-hansen-wird-neuer-ceo-von-dfds\/\" \/>\n<meta property=\"og:locale\" content=\"de_DE\" \/>\n<meta property=\"og:type\" content=\"article\" \/>\n<meta property=\"og:title\" content=\"Michael Hansen wird neuer CEO von DFDS - ITJ | International Transport Journal\" \/>\n<meta property=\"og:description\" content=\"Michael Hansen wird am 1. Juli 2026 neuer Pr\u00e4sident und CEO von DFDS und folgt auf Torben Carlsen, der an diesem Tag zur\u00fccktritt.\" \/>\n<meta property=\"og:url\" content=\"https:\/\/transportjournal.com\/de\/2026\/01\/20\/michael-hansen-wird-neuer-ceo-von-dfds\/\" \/>\n<meta property=\"og:site_name\" content=\"ITJ | International Transport Journal\" \/>\n<meta property=\"article:published_time\" content=\"2026-01-20T13:44:45+00:00\" \/>\n<meta property=\"og:image\" content=\"https:\/\/transportjournal.com\/wp-content\/uploads\/sites\/2\/2026\/01\/michael-hansen-aspect-ratio-1400-788.webp\" \/>\n\t<meta property=\"og:image:width\" content=\"514\" \/>\n\t<meta property=\"og:image:height\" content=\"289\" \/>\n\t<meta property=\"og:image:type\" content=\"image\/webp\" \/>\n<meta name=\"author\" content=\"Andreas Haug\" \/>\n<meta name=\"twitter:card\" content=\"summary_large_image\" \/>\n<meta name=\"twitter:label1\" content=\"Verfasst von\" \/>\n\t<meta name=\"twitter:data1\" content=\"Andreas Haug\" \/>\n\t<meta name=\"twitter:label2\" content=\"Gesch\u00e4tzte Lesezeit\" \/>\n\t<meta name=\"twitter:data2\" content=\"2\u00a0Minute\" \/>\n<script type=\"application\/ld+json\" class=\"yoast-schema-graph\">{\"@context\":\"https:\\\/\\\/schema.org\",\"@graph\":[{\"@type\":\"Article\",\"@id\":\"https:\\\/\\\/transportjournal.com\\\/de\\\/2026\\\/01\\\/20\\\/michael-hansen-wird-neuer-ceo-von-dfds\\\/#article\",\"isPartOf\":{\"@id\":\"https:\\\/\\\/transportjournal.com\\\/de\\\/2026\\\/01\\\/20\\\/michael-hansen-wird-neuer-ceo-von-dfds\\\/\"},\"author\":{\"name\":\"Andreas Haug\",\"@id\":\"https:\\\/\\\/transportjournal.com\\\/de\\\/#\\\/schema\\\/person\\\/cf538b3157f15afd7589245a4b3dbd25\"},\"headline\":\"Michael Hansen wird neuer CEO von DFDS\",\"datePublished\":\"2026-01-20T13:44:45+00:00\",\"mainEntityOfPage\":{\"@id\":\"https:\\\/\\\/transportjournal.com\\\/de\\\/2026\\\/01\\\/20\\\/michael-hansen-wird-neuer-ceo-von-dfds\\\/\"},\"wordCount\":456,\"commentCount\":0,\"publisher\":{\"@id\":\"https:\\\/\\\/transportjournal.com\\\/de\\\/#organization\"},\"image\":{\"@id\":\"https:\\\/\\\/transportjournal.com\\\/de\\\/2026\\\/01\\\/20\\\/michael-hansen-wird-neuer-ceo-von-dfds\\\/#primaryimage\"},\"thumbnailUrl\":\"https:\\\/\\\/transportjournal.com\\\/wp-content\\\/uploads\\\/sites\\\/2\\\/2026\\\/01\\\/michael-hansen-aspect-ratio-1400-788.webp\",\"keywords\":[\"A.P. Moller - Maersk\",\"am\u00e9lioration de la performance financi\u00e8re\",\"approche de leadership DFDS\",\"CEO DFDS\",\"challenges in shipping\",\"croissance organique\",\"d\u00e9fis dans le secteur maritime\",\"Deutsch DFDS\",\"d\u00e9veloppement des employ\u00e9s\",\"durabilit\u00e9 dans la logistique\",\"employee development Fran\u00e7ais DFDS\",\"Finanzielle Leistung steigern\",\"F\u00fchrungsansatz DFDS\",\"Hafenbetrieb\",\"Hempel\",\"Herausforderungen in der Schifffahrt\",\"improving financial performance\",\"industrie maritime\",\"leadership approach DFDS\",\"logistics service providers\",\"Logistikdienstleister\",\"logistique de colis\",\"Michael Hansen\",\"Mitarbeiterentwicklung English DFDS\",\"Nachhaltigkeit in der Logistik\",\"op\u00e9rations portuaires\",\"organic growth\",\"Organisches Wachstum\",\"Paketlogistik\",\"parcel logistics\",\"PDG DFDS\",\"port operations\",\"prestataires de services logistiques\",\"rail freight transport\",\"r\u00e9seau de transport Europe\",\"Schieneng\u00fcterverkehr\",\"Schifffahrt\",\"Seago Line\",\"shipping industry\",\"sustainability in logistics\",\"transformation de DFDS\",\"transformation of DFDS\",\"Transformation von DFDS\",\"transport ferroviaire de marchandises\",\"transport network Europe\",\"Transportnetzwerk Europa\",\"Transportwirtschaft\"],\"articleSection\":[\"Europa\",\"Menschen &amp; Unternehmen\",\"Regionen\",\"Schifffahrt &amp; H\u00e4fen\"],\"inLanguage\":\"de\",\"potentialAction\":[{\"@type\":\"CommentAction\",\"name\":\"Comment\",\"target\":[\"https:\\\/\\\/transportjournal.com\\\/de\\\/2026\\\/01\\\/20\\\/michael-hansen-wird-neuer-ceo-von-dfds\\\/#respond\"]}]},{\"@type\":\"WebPage\",\"@id\":\"https:\\\/\\\/transportjournal.com\\\/de\\\/2026\\\/01\\\/20\\\/michael-hansen-wird-neuer-ceo-von-dfds\\\/\",\"url\":\"https:\\\/\\\/transportjournal.com\\\/de\\\/2026\\\/01\\\/20\\\/michael-hansen-wird-neuer-ceo-von-dfds\\\/\",\"name\":\"Michael Hansen wird neuer CEO von DFDS - ITJ | International Transport Journal\",\"isPartOf\":{\"@id\":\"https:\\\/\\\/transportjournal.com\\\/de\\\/#website\"},\"primaryImageOfPage\":{\"@id\":\"https:\\\/\\\/transportjournal.com\\\/de\\\/2026\\\/01\\\/20\\\/michael-hansen-wird-neuer-ceo-von-dfds\\\/#primaryimage\"},\"image\":{\"@id\":\"https:\\\/\\\/transportjournal.com\\\/de\\\/2026\\\/01\\\/20\\\/michael-hansen-wird-neuer-ceo-von-dfds\\\/#primaryimage\"},\"thumbnailUrl\":\"https:\\\/\\\/transportjournal.com\\\/wp-content\\\/uploads\\\/sites\\\/2\\\/2026\\\/01\\\/michael-hansen-aspect-ratio-1400-788.webp\",\"datePublished\":\"2026-01-20T13:44:45+00:00\",\"breadcrumb\":{\"@id\":\"https:\\\/\\\/transportjournal.com\\\/de\\\/2026\\\/01\\\/20\\\/michael-hansen-wird-neuer-ceo-von-dfds\\\/#breadcrumb\"},\"inLanguage\":\"de\",\"potentialAction\":[{\"@type\":\"ReadAction\",\"target\":[\"https:\\\/\\\/transportjournal.com\\\/de\\\/2026\\\/01\\\/20\\\/michael-hansen-wird-neuer-ceo-von-dfds\\\/\"]}]},{\"@type\":\"ImageObject\",\"inLanguage\":\"de\",\"@id\":\"https:\\\/\\\/transportjournal.com\\\/de\\\/2026\\\/01\\\/20\\\/michael-hansen-wird-neuer-ceo-von-dfds\\\/#primaryimage\",\"url\":\"https:\\\/\\\/transportjournal.com\\\/wp-content\\\/uploads\\\/sites\\\/2\\\/2026\\\/01\\\/michael-hansen-aspect-ratio-1400-788.webp\",\"contentUrl\":\"https:\\\/\\\/transportjournal.com\\\/wp-content\\\/uploads\\\/sites\\\/2\\\/2026\\\/01\\\/michael-hansen-aspect-ratio-1400-788.webp\",\"width\":514,\"height\":289},{\"@type\":\"BreadcrumbList\",\"@id\":\"https:\\\/\\\/transportjournal.com\\\/de\\\/2026\\\/01\\\/20\\\/michael-hansen-wird-neuer-ceo-von-dfds\\\/#breadcrumb\",\"itemListElement\":[{\"@type\":\"ListItem\",\"position\":1,\"name\":\"Startseite\",\"item\":\"https:\\\/\\\/transportjournal.com\\\/de\\\/\"},{\"@type\":\"ListItem\",\"position\":2,\"name\":\"Michael Hansen wird neuer CEO von DFDS\"}]},{\"@type\":\"WebSite\",\"@id\":\"https:\\\/\\\/transportjournal.com\\\/de\\\/#website\",\"url\":\"https:\\\/\\\/transportjournal.com\\\/de\\\/\",\"name\":\"ITJ | International Transport Journal\",\"description\":\"Stay informed with the latest global news from the transport, logistics, and supply chain industries. Transport Journal delivers expert insights, analysis, and updates across shipping, aviation, intermodal, and forwarding.\",\"publisher\":{\"@id\":\"https:\\\/\\\/transportjournal.com\\\/de\\\/#organization\"},\"potentialAction\":[{\"@type\":\"SearchAction\",\"target\":{\"@type\":\"EntryPoint\",\"urlTemplate\":\"https:\\\/\\\/transportjournal.com\\\/de\\\/?s={search_term_string}\"},\"query-input\":{\"@type\":\"PropertyValueSpecification\",\"valueRequired\":true,\"valueName\":\"search_term_string\"}}],\"inLanguage\":\"de\"},{\"@type\":\"Organization\",\"@id\":\"https:\\\/\\\/transportjournal.com\\\/de\\\/#organization\",\"name\":\"Groupe Logismedia AG\",\"alternateName\":\"Logismedia Group AG\",\"url\":\"https:\\\/\\\/transportjournal.com\\\/de\\\/\",\"logo\":{\"@type\":\"ImageObject\",\"inLanguage\":\"de\",\"@id\":\"https:\\\/\\\/transportjournal.com\\\/de\\\/#\\\/schema\\\/logo\\\/image\\\/\",\"url\":\"https:\\\/\\\/transportjournal.com\\\/wp-content\\\/uploads\\\/sites\\\/2\\\/2025\\\/09\\\/Logo_ITJ.png\",\"contentUrl\":\"https:\\\/\\\/transportjournal.com\\\/wp-content\\\/uploads\\\/sites\\\/2\\\/2025\\\/09\\\/Logo_ITJ.png\",\"width\":799,\"height\":326,\"caption\":\"Groupe Logismedia AG\"},\"image\":{\"@id\":\"https:\\\/\\\/transportjournal.com\\\/de\\\/#\\\/schema\\\/logo\\\/image\\\/\"},\"sameAs\":[\"https:\\\/\\\/www.linkedin.com\\\/company\\\/56456496\\\/admin\\\/dashboard\\\/\",\"https:\\\/\\\/www.instagram.com\\\/logismediagroup\\\/\",\"https:\\\/\\\/www.youtube.com\\\/@LogiamediaGroupAG\"]},{\"@type\":\"Person\",\"@id\":\"https:\\\/\\\/transportjournal.com\\\/de\\\/#\\\/schema\\\/person\\\/cf538b3157f15afd7589245a4b3dbd25\",\"name\":\"Andreas Haug\",\"url\":\"https:\\\/\\\/transportjournal.com\\\/de\\\/author\\\/andreas\\\/\"}]}<\/script>\n<!-- \/ Yoast SEO plugin. -->","yoast_head_json":{"title":"Michael Hansen wird neuer CEO von DFDS - ITJ | International Transport Journal","robots":{"index":"index","follow":"follow","max-snippet":"max-snippet:-1","max-image-preview":"max-image-preview:large","max-video-preview":"max-video-preview:-1"},"canonical":"https:\/\/transportjournal.com\/de\/2026\/01\/20\/michael-hansen-wird-neuer-ceo-von-dfds\/","og_locale":"de_DE","og_type":"article","og_title":"Michael Hansen wird neuer CEO von DFDS - ITJ | International Transport Journal","og_description":"Michael Hansen wird am 1. Juli 2026 neuer Pr\u00e4sident und CEO von DFDS und folgt auf Torben Carlsen, der an diesem Tag zur\u00fccktritt.","og_url":"https:\/\/transportjournal.com\/de\/2026\/01\/20\/michael-hansen-wird-neuer-ceo-von-dfds\/","og_site_name":"ITJ | International Transport Journal","article_published_time":"2026-01-20T13:44:45+00:00","og_image":[{"width":514,"height":289,"url":"https:\/\/transportjournal.com\/wp-content\/uploads\/sites\/2\/2026\/01\/michael-hansen-aspect-ratio-1400-788.webp","type":"image\/webp"}],"author":"Andreas Haug","twitter_card":"summary_large_image","twitter_misc":{"Verfasst von":"Andreas Haug","Gesch\u00e4tzte Lesezeit":"2\u00a0Minute"},"schema":{"@context":"https:\/\/schema.org","@graph":[{"@type":"Article","@id":"https:\/\/transportjournal.com\/de\/2026\/01\/20\/michael-hansen-wird-neuer-ceo-von-dfds\/#article","isPartOf":{"@id":"https:\/\/transportjournal.com\/de\/2026\/01\/20\/michael-hansen-wird-neuer-ceo-von-dfds\/"},"author":{"name":"Andreas Haug","@id":"https:\/\/transportjournal.com\/de\/#\/schema\/person\/cf538b3157f15afd7589245a4b3dbd25"},"headline":"Michael Hansen wird neuer CEO von DFDS","datePublished":"2026-01-20T13:44:45+00:00","mainEntityOfPage":{"@id":"https:\/\/transportjournal.com\/de\/2026\/01\/20\/michael-hansen-wird-neuer-ceo-von-dfds\/"},"wordCount":456,"commentCount":0,"publisher":{"@id":"https:\/\/transportjournal.com\/de\/#organization"},"image":{"@id":"https:\/\/transportjournal.com\/de\/2026\/01\/20\/michael-hansen-wird-neuer-ceo-von-dfds\/#primaryimage"},"thumbnailUrl":"https:\/\/transportjournal.com\/wp-content\/uploads\/sites\/2\/2026\/01\/michael-hansen-aspect-ratio-1400-788.webp","keywords":["A.P. Moller - Maersk","am\u00e9lioration de la performance financi\u00e8re","approche de leadership DFDS","CEO DFDS","challenges in shipping","croissance organique","d\u00e9fis dans le secteur maritime","Deutsch DFDS","d\u00e9veloppement des employ\u00e9s","durabilit\u00e9 dans la logistique","employee development Fran\u00e7ais DFDS","Finanzielle Leistung steigern","F\u00fchrungsansatz DFDS","Hafenbetrieb","Hempel","Herausforderungen in der Schifffahrt","improving financial performance","industrie maritime","leadership approach DFDS","logistics service providers","Logistikdienstleister","logistique de colis","Michael Hansen","Mitarbeiterentwicklung English DFDS","Nachhaltigkeit in der Logistik","op\u00e9rations portuaires","organic growth","Organisches Wachstum","Paketlogistik","parcel logistics","PDG DFDS","port operations","prestataires de services logistiques","rail freight transport","r\u00e9seau de transport Europe","Schieneng\u00fcterverkehr","Schifffahrt","Seago Line","shipping industry","sustainability in logistics","transformation de DFDS","transformation of DFDS","Transformation von DFDS","transport ferroviaire de marchandises","transport network Europe","Transportnetzwerk Europa","Transportwirtschaft"],"articleSection":["Europa","Menschen &amp; Unternehmen","Regionen","Schifffahrt &amp; H\u00e4fen"],"inLanguage":"de","potentialAction":[{"@type":"CommentAction","name":"Comment","target":["https:\/\/transportjournal.com\/de\/2026\/01\/20\/michael-hansen-wird-neuer-ceo-von-dfds\/#respond"]}]},{"@type":"WebPage","@id":"https:\/\/transportjournal.com\/de\/2026\/01\/20\/michael-hansen-wird-neuer-ceo-von-dfds\/","url":"https:\/\/transportjournal.com\/de\/2026\/01\/20\/michael-hansen-wird-neuer-ceo-von-dfds\/","name":"Michael Hansen wird neuer CEO von DFDS - ITJ | International Transport Journal","isPartOf":{"@id":"https:\/\/transportjournal.com\/de\/#website"},"primaryImageOfPage":{"@id":"https:\/\/transportjournal.com\/de\/2026\/01\/20\/michael-hansen-wird-neuer-ceo-von-dfds\/#primaryimage"},"image":{"@id":"https:\/\/transportjournal.com\/de\/2026\/01\/20\/michael-hansen-wird-neuer-ceo-von-dfds\/#primaryimage"},"thumbnailUrl":"https:\/\/transportjournal.com\/wp-content\/uploads\/sites\/2\/2026\/01\/michael-hansen-aspect-ratio-1400-788.webp","datePublished":"2026-01-20T13:44:45+00:00","breadcrumb":{"@id":"https:\/\/transportjournal.com\/de\/2026\/01\/20\/michael-hansen-wird-neuer-ceo-von-dfds\/#breadcrumb"},"inLanguage":"de","potentialAction":[{"@type":"ReadAction","target":["https:\/\/transportjournal.com\/de\/2026\/01\/20\/michael-hansen-wird-neuer-ceo-von-dfds\/"]}]},{"@type":"ImageObject","inLanguage":"de","@id":"https:\/\/transportjournal.com\/de\/2026\/01\/20\/michael-hansen-wird-neuer-ceo-von-dfds\/#primaryimage","url":"https:\/\/transportjournal.com\/wp-content\/uploads\/sites\/2\/2026\/01\/michael-hansen-aspect-ratio-1400-788.webp","contentUrl":"https:\/\/transportjournal.com\/wp-content\/uploads\/sites\/2\/2026\/01\/michael-hansen-aspect-ratio-1400-788.webp","width":514,"height":289},{"@type":"BreadcrumbList","@id":"https:\/\/transportjournal.com\/de\/2026\/01\/20\/michael-hansen-wird-neuer-ceo-von-dfds\/#breadcrumb","itemListElement":[{"@type":"ListItem","position":1,"name":"Startseite","item":"https:\/\/transportjournal.com\/de\/"},{"@type":"ListItem","position":2,"name":"Michael Hansen wird neuer CEO von DFDS"}]},{"@type":"WebSite","@id":"https:\/\/transportjournal.com\/de\/#website","url":"https:\/\/transportjournal.com\/de\/","name":"ITJ | International Transport Journal","description":"Stay informed with the latest global news from the transport, logistics, and supply chain industries. Transport Journal delivers expert insights, analysis, and updates across shipping, aviation, intermodal, and forwarding.","publisher":{"@id":"https:\/\/transportjournal.com\/de\/#organization"},"potentialAction":[{"@type":"SearchAction","target":{"@type":"EntryPoint","urlTemplate":"https:\/\/transportjournal.com\/de\/?s={search_term_string}"},"query-input":{"@type":"PropertyValueSpecification","valueRequired":true,"valueName":"search_term_string"}}],"inLanguage":"de"},{"@type":"Organization","@id":"https:\/\/transportjournal.com\/de\/#organization","name":"Groupe Logismedia AG","alternateName":"Logismedia Group AG","url":"https:\/\/transportjournal.com\/de\/","logo":{"@type":"ImageObject","inLanguage":"de","@id":"https:\/\/transportjournal.com\/de\/#\/schema\/logo\/image\/","url":"https:\/\/transportjournal.com\/wp-content\/uploads\/sites\/2\/2025\/09\/Logo_ITJ.png","contentUrl":"https:\/\/transportjournal.com\/wp-content\/uploads\/sites\/2\/2025\/09\/Logo_ITJ.png","width":799,"height":326,"caption":"Groupe Logismedia AG"},"image":{"@id":"https:\/\/transportjournal.com\/de\/#\/schema\/logo\/image\/"},"sameAs":["https:\/\/www.linkedin.com\/company\/56456496\/admin\/dashboard\/","https:\/\/www.instagram.com\/logismediagroup\/","https:\/\/www.youtube.com\/@LogiamediaGroupAG"]},{"@type":"Person","@id":"https:\/\/transportjournal.com\/de\/#\/schema\/person\/cf538b3157f15afd7589245a4b3dbd25","name":"Andreas Haug","url":"https:\/\/transportjournal.com\/de\/author\/andreas\/"}]}},"_links":{"self":[{"href":"https:\/\/transportjournal.com\/de\/wp-json\/wp\/v2\/posts\/73599","targetHints":{"allow":["GET"]}}],"collection":[{"href":"https:\/\/transportjournal.com\/de\/wp-json\/wp\/v2\/posts"}],"about":[{"href":"https:\/\/transportjournal.com\/de\/wp-json\/wp\/v2\/types\/post"}],"author":[{"embeddable":true,"href":"https:\/\/transportjournal.com\/de\/wp-json\/wp\/v2\/users\/12"}],"replies":[{"embeddable":true,"href":"https:\/\/transportjournal.com\/de\/wp-json\/wp\/v2\/comments?post=73599"}],"version-history":[{"count":0,"href":"https:\/\/transportjournal.com\/de\/wp-json\/wp\/v2\/posts\/73599\/revisions"}],"wp:featuredmedia":[{"embeddable":true,"href":"https:\/\/transportjournal.com\/de\/wp-json\/wp\/v2\/media\/73598"}],"wp:attachment":[{"href":"https:\/\/transportjournal.com\/de\/wp-json\/wp\/v2\/media?parent=73599"}],"wp:term":[{"taxonomy":"category","embeddable":true,"href":"https:\/\/transportjournal.com\/de\/wp-json\/wp\/v2\/categories?post=73599"},{"taxonomy":"post_tag","embeddable":true,"href":"https:\/\/transportjournal.com\/de\/wp-json\/wp\/v2\/tags?post=73599"}],"curies":[{"name":"wp","href":"https:\/\/api.w.org\/{rel}","templated":true}]}}