{"id":73583,"date":"2026-01-20T11:56:09","date_gmt":"2026-01-20T11:56:09","guid":{"rendered":"https:\/\/transportjournal.com\/2026\/01\/20\/zoll-sichert-gefaelschte-markenbekleidung\/"},"modified":"2026-01-20T20:31:42","modified_gmt":"2026-01-20T19:31:42","slug":"zoll-sichert-gefaelschte-markenbekleidung","status":"publish","type":"post","link":"https:\/\/transportjournal.com\/de\/2026\/01\/20\/zoll-sichert-gefaelschte-markenbekleidung\/","title":{"rendered":"Zoll sichert gef\u00e4lschte Markenbekleidung"},"content":{"rendered":"<p>Bei einer Kontrolle des Hauptzollamts Singen Ende 2025 hat dieses gef\u00e4lschte Markenbekleidung beschlagnahmt. In drei Postpaketen aus Rum\u00e4nien entdeckten Zollbeamte nahezu 90 Bekleidungsartikel, die mit Logos und Etiketten von 13 Luxusmarken versehen waren, wie das Zollamt mitteilt. Es handelte sich dabei um Winterjacken, Jeans, Hoodies und Pullovern, die sich als Plagiate heraustellten.<\/p>\n<h3>Wert gesch\u00e4tzt auf 70.000 Euro<\/h3>\n<p>Der gesch\u00e4tzte Wert der Originalwaren bel\u00e4uft sich auf rund 70.000 Euro. Als Empf\u00e4nger fungierte ein 50-j\u00e4hriger deutscher Staatsb\u00fcrger, der im Kanton Thurgau in der Schweiz lebt.\u00a0Die gef\u00e4lschten Waren wurden im Rahmen des gewerblichen Rechtsschutzes eingezogen, sofern die betroffenen Markeninhaber Antr\u00e4ge gestellt haben. In diesem konkreten Fall geschah dies bei allen betroffenen Unternehmen.<\/p>\n<p><a href=\"https:\/\/www.zoll.de\/\" target=\"_blank\" rel=\"noopener noreferrer\">www.zoll.de<\/a><\/p>\n","protected":false},"excerpt":{"rendered":"<p>Die Zollbeh\u00f6rden in Konstanz haben gef\u00e4lschte Markenbekleidung im Wert von 70 000 Euro sichergestellt und zivilrechtliche Schritte gegen den Empf\u00e4nger eingeleitet.<\/p>\n","protected":false},"author":10,"featured_media":73582,"comment_status":"open","ping_status":"open","sticky":false,"template":"","format":"standard","meta":{"_acf_changed":false,"footnotes":""},"categories":[1575,1569],"tags":[7160,7161,7162,7163,7164,7165,7166,7167,7168,7169,7170,7171,7172,7173,7174,7175,7176,7177,7178,7179,7180,7181,7182,7183,7184,7185,7186,7187,7188,7189,7190,7191,7192,7193,7194,6736,6737,6738,7195,7196,7197,7198,7199,7200,7201,7202,7203,7204,7205,7206,7207,7208,7209,7210,7211,7212],"class_list":["post-73583","post","type-post","status-publish","format-standard","has-post-thumbnail","hentry","category-europa","category-logistik-spedition","tag-agents-des-douanes","tag-articles-vestimentaires","tag-bekleidungsartikel","tag-bekleidungsindustrie","tag-brand-owners","tag-bureau-des-douanes-principal-de-singen","tag-clothing-articles","tag-clothing-industry","tag-contrefacons","tag-controle-douanier","tag-counterfeit-brand-clothing","tag-counterfeits","tag-customs-control","tag-customs-officers","tag-customs-seizure","tag-deutsch-zoll","tag-droit-des-marques","tag-gefaelschte-markenbekleidung","tag-gewerblicher-rechtsschutz","tag-hauptzollamt-singen","tag-hoodies","tag-industrial-property-protection","tag-industrie-de-lhabillement","tag-jeans","tag-luxury-brands","tag-luxusmarken","tag-main-customs-office-singen","tag-markeninhaber","tag-markenrecht-english-customs","tag-marques-de-luxe","tag-plagiate","tag-proprietaires-de-marques","tag-protection-de-la-propriete-industrielle","tag-pullover","tag-pulls","tag-romania","tag-roumanie","tag-rumaenien","tag-saisie-douaniere","tag-schweiz","tag-suisse","tag-sweaters","tag-sweats-a-capuche","tag-switzerland","tag-thurgau","tag-trademark-law-francais-douanes","tag-valeur-des-biens-originaux","tag-value-of-original-goods","tag-vestes-dhiver","tag-vetements-de-marque-contrefaits","tag-wert-der-originalwaren","tag-winter-jackets","tag-winterjacken","tag-zollbeamte","tag-zollbeschlagnahmung","tag-zollkontrolle"],"acf":[],"yoast_head":"<!-- This site is optimized with the Yoast SEO plugin v27.3 - https:\/\/yoast.com\/product\/yoast-seo-wordpress\/ -->\n<title>Zoll sichert gef\u00e4lschte Markenbekleidung - ITJ | International Transport Journal<\/title>\n<meta name=\"robots\" content=\"index, follow, max-snippet:-1, max-image-preview:large, max-video-preview:-1\" \/>\n<link rel=\"canonical\" href=\"https:\/\/transportjournal.com\/de\/2026\/01\/20\/zoll-sichert-gefaelschte-markenbekleidung\/\" \/>\n<meta property=\"og:locale\" content=\"de_DE\" \/>\n<meta property=\"og:type\" content=\"article\" \/>\n<meta property=\"og:title\" content=\"Zoll sichert gef\u00e4lschte Markenbekleidung - ITJ | International Transport Journal\" \/>\n<meta property=\"og:description\" content=\"Die Zollbeh\u00f6rden in Konstanz haben gef\u00e4lschte Markenbekleidung im Wert von 70 000 Euro sichergestellt und zivilrechtliche Schritte gegen den Empf\u00e4nger eingeleitet.\" \/>\n<meta property=\"og:url\" content=\"https:\/\/transportjournal.com\/de\/2026\/01\/20\/zoll-sichert-gefaelschte-markenbekleidung\/\" \/>\n<meta property=\"og:site_name\" content=\"ITJ | International Transport Journal\" \/>\n<meta property=\"article:published_time\" content=\"2026-01-20T11:56:09+00:00\" \/>\n<meta property=\"article:modified_time\" content=\"2026-01-20T19:31:42+00:00\" \/>\n<meta property=\"og:image\" content=\"https:\/\/transportjournal.com\/wp-content\/uploads\/sites\/2\/2026\/01\/ZOLL-aspect-ratio-1400-788.jpg\" \/>\n\t<meta property=\"og:image:width\" content=\"1052\" \/>\n\t<meta property=\"og:image:height\" content=\"592\" \/>\n\t<meta property=\"og:image:type\" content=\"image\/jpeg\" \/>\n<meta name=\"author\" content=\"Jeremy Soland\" \/>\n<meta name=\"twitter:card\" content=\"summary_large_image\" \/>\n<meta name=\"twitter:label1\" content=\"Verfasst von\" \/>\n\t<meta name=\"twitter:data1\" content=\"Jeremy Soland\" \/>\n\t<meta name=\"twitter:label2\" content=\"Gesch\u00e4tzte Lesezeit\" \/>\n\t<meta name=\"twitter:data2\" content=\"1\u00a0Minute\" \/>\n<script type=\"application\/ld+json\" class=\"yoast-schema-graph\">{\"@context\":\"https:\\\/\\\/schema.org\",\"@graph\":[{\"@type\":\"Article\",\"@id\":\"https:\\\/\\\/transportjournal.com\\\/de\\\/2026\\\/01\\\/20\\\/zoll-sichert-gefaelschte-markenbekleidung\\\/#article\",\"isPartOf\":{\"@id\":\"https:\\\/\\\/transportjournal.com\\\/de\\\/2026\\\/01\\\/20\\\/zoll-sichert-gefaelschte-markenbekleidung\\\/\"},\"author\":{\"name\":\"Jeremy Soland\",\"@id\":\"https:\\\/\\\/transportjournal.com\\\/de\\\/#\\\/schema\\\/person\\\/41d36b5474b623392fa613e97e2363fa\"},\"headline\":\"Zoll sichert gef\u00e4lschte Markenbekleidung\",\"datePublished\":\"2026-01-20T11:56:09+00:00\",\"dateModified\":\"2026-01-20T19:31:42+00:00\",\"mainEntityOfPage\":{\"@id\":\"https:\\\/\\\/transportjournal.com\\\/de\\\/2026\\\/01\\\/20\\\/zoll-sichert-gefaelschte-markenbekleidung\\\/\"},\"wordCount\":123,\"commentCount\":0,\"publisher\":{\"@id\":\"https:\\\/\\\/transportjournal.com\\\/de\\\/#organization\"},\"image\":{\"@id\":\"https:\\\/\\\/transportjournal.com\\\/de\\\/2026\\\/01\\\/20\\\/zoll-sichert-gefaelschte-markenbekleidung\\\/#primaryimage\"},\"thumbnailUrl\":\"https:\\\/\\\/transportjournal.com\\\/wp-content\\\/uploads\\\/sites\\\/2\\\/2026\\\/01\\\/ZOLL-aspect-ratio-1400-788.jpg\",\"keywords\":[\"agents des douanes\",\"articles vestimentaires\",\"Bekleidungsartikel\",\"Bekleidungsindustrie\",\"brand owners\",\"bureau des douanes principal de Singen\",\"clothing articles\",\"clothing industry\",\"contrefa\u00e7ons\",\"contr\u00f4le douanier\",\"counterfeit brand clothing\",\"counterfeits\",\"customs control\",\"customs officers\",\"customs seizure\",\"Deutsch Zoll\",\"droit des marques\",\"gef\u00e4lschte Markenbekleidung\",\"gewerblicher Rechtsschutz\",\"Hauptzollamt Singen\",\"Hoodies\",\"industrial property protection\",\"industrie de l'habillement\",\"Jeans\",\"luxury brands\",\"Luxusmarken\",\"main customs office Singen\",\"Markeninhaber\",\"Markenrecht English Customs\",\"marques de luxe\",\"Plagiate\",\"propri\u00e9taires de marques\",\"protection de la propri\u00e9t\u00e9 industrielle\",\"Pullover\",\"pulls\",\"Romania\",\"Roumanie\",\"Rum\u00e4nien\",\"saisie douani\u00e8re\",\"Schweiz\",\"Suisse\",\"sweaters\",\"sweats \u00e0 capuche\",\"Switzerland\",\"Thurgau\",\"trademark law Fran\u00e7ais Douanes\",\"valeur des biens originaux\",\"value of original goods\",\"vestes d'hiver\",\"v\u00eatements de marque contrefaits\",\"Wert der Originalwaren\",\"winter jackets\",\"Winterjacken\",\"Zollbeamte\",\"Zollbeschlagnahmung\",\"Zollkontrolle\"],\"articleSection\":[\"Europa\",\"Spedition &amp; Logistik\"],\"inLanguage\":\"de\",\"potentialAction\":[{\"@type\":\"CommentAction\",\"name\":\"Comment\",\"target\":[\"https:\\\/\\\/transportjournal.com\\\/de\\\/2026\\\/01\\\/20\\\/zoll-sichert-gefaelschte-markenbekleidung\\\/#respond\"]}]},{\"@type\":\"WebPage\",\"@id\":\"https:\\\/\\\/transportjournal.com\\\/de\\\/2026\\\/01\\\/20\\\/zoll-sichert-gefaelschte-markenbekleidung\\\/\",\"url\":\"https:\\\/\\\/transportjournal.com\\\/de\\\/2026\\\/01\\\/20\\\/zoll-sichert-gefaelschte-markenbekleidung\\\/\",\"name\":\"Zoll sichert gef\u00e4lschte Markenbekleidung - ITJ | International Transport Journal\",\"isPartOf\":{\"@id\":\"https:\\\/\\\/transportjournal.com\\\/de\\\/#website\"},\"primaryImageOfPage\":{\"@id\":\"https:\\\/\\\/transportjournal.com\\\/de\\\/2026\\\/01\\\/20\\\/zoll-sichert-gefaelschte-markenbekleidung\\\/#primaryimage\"},\"image\":{\"@id\":\"https:\\\/\\\/transportjournal.com\\\/de\\\/2026\\\/01\\\/20\\\/zoll-sichert-gefaelschte-markenbekleidung\\\/#primaryimage\"},\"thumbnailUrl\":\"https:\\\/\\\/transportjournal.com\\\/wp-content\\\/uploads\\\/sites\\\/2\\\/2026\\\/01\\\/ZOLL-aspect-ratio-1400-788.jpg\",\"datePublished\":\"2026-01-20T11:56:09+00:00\",\"dateModified\":\"2026-01-20T19:31:42+00:00\",\"breadcrumb\":{\"@id\":\"https:\\\/\\\/transportjournal.com\\\/de\\\/2026\\\/01\\\/20\\\/zoll-sichert-gefaelschte-markenbekleidung\\\/#breadcrumb\"},\"inLanguage\":\"de\",\"potentialAction\":[{\"@type\":\"ReadAction\",\"target\":[\"https:\\\/\\\/transportjournal.com\\\/de\\\/2026\\\/01\\\/20\\\/zoll-sichert-gefaelschte-markenbekleidung\\\/\"]}]},{\"@type\":\"ImageObject\",\"inLanguage\":\"de\",\"@id\":\"https:\\\/\\\/transportjournal.com\\\/de\\\/2026\\\/01\\\/20\\\/zoll-sichert-gefaelschte-markenbekleidung\\\/#primaryimage\",\"url\":\"https:\\\/\\\/transportjournal.com\\\/wp-content\\\/uploads\\\/sites\\\/2\\\/2026\\\/01\\\/ZOLL-aspect-ratio-1400-788.jpg\",\"contentUrl\":\"https:\\\/\\\/transportjournal.com\\\/wp-content\\\/uploads\\\/sites\\\/2\\\/2026\\\/01\\\/ZOLL-aspect-ratio-1400-788.jpg\",\"width\":1052,\"height\":592},{\"@type\":\"BreadcrumbList\",\"@id\":\"https:\\\/\\\/transportjournal.com\\\/de\\\/2026\\\/01\\\/20\\\/zoll-sichert-gefaelschte-markenbekleidung\\\/#breadcrumb\",\"itemListElement\":[{\"@type\":\"ListItem\",\"position\":1,\"name\":\"Startseite\",\"item\":\"https:\\\/\\\/transportjournal.com\\\/de\\\/\"},{\"@type\":\"ListItem\",\"position\":2,\"name\":\"Zoll sichert gef\u00e4lschte Markenbekleidung\"}]},{\"@type\":\"WebSite\",\"@id\":\"https:\\\/\\\/transportjournal.com\\\/de\\\/#website\",\"url\":\"https:\\\/\\\/transportjournal.com\\\/de\\\/\",\"name\":\"ITJ | International Transport Journal\",\"description\":\"Stay informed with the latest global news from the transport, logistics, and supply chain industries. Transport Journal delivers expert insights, analysis, and updates across shipping, aviation, intermodal, and forwarding.\",\"publisher\":{\"@id\":\"https:\\\/\\\/transportjournal.com\\\/de\\\/#organization\"},\"potentialAction\":[{\"@type\":\"SearchAction\",\"target\":{\"@type\":\"EntryPoint\",\"urlTemplate\":\"https:\\\/\\\/transportjournal.com\\\/de\\\/?s={search_term_string}\"},\"query-input\":{\"@type\":\"PropertyValueSpecification\",\"valueRequired\":true,\"valueName\":\"search_term_string\"}}],\"inLanguage\":\"de\"},{\"@type\":\"Organization\",\"@id\":\"https:\\\/\\\/transportjournal.com\\\/de\\\/#organization\",\"name\":\"Groupe Logismedia AG\",\"alternateName\":\"Logismedia Group AG\",\"url\":\"https:\\\/\\\/transportjournal.com\\\/de\\\/\",\"logo\":{\"@type\":\"ImageObject\",\"inLanguage\":\"de\",\"@id\":\"https:\\\/\\\/transportjournal.com\\\/de\\\/#\\\/schema\\\/logo\\\/image\\\/\",\"url\":\"https:\\\/\\\/transportjournal.com\\\/wp-content\\\/uploads\\\/sites\\\/2\\\/2025\\\/09\\\/Logo_ITJ.png\",\"contentUrl\":\"https:\\\/\\\/transportjournal.com\\\/wp-content\\\/uploads\\\/sites\\\/2\\\/2025\\\/09\\\/Logo_ITJ.png\",\"width\":799,\"height\":326,\"caption\":\"Groupe Logismedia AG\"},\"image\":{\"@id\":\"https:\\\/\\\/transportjournal.com\\\/de\\\/#\\\/schema\\\/logo\\\/image\\\/\"},\"sameAs\":[\"https:\\\/\\\/www.linkedin.com\\\/company\\\/56456496\\\/admin\\\/dashboard\\\/\",\"https:\\\/\\\/www.instagram.com\\\/logismediagroup\\\/\",\"https:\\\/\\\/www.youtube.com\\\/@LogiamediaGroupAG\"]},{\"@type\":\"Person\",\"@id\":\"https:\\\/\\\/transportjournal.com\\\/de\\\/#\\\/schema\\\/person\\\/41d36b5474b623392fa613e97e2363fa\",\"name\":\"Jeremy Soland\",\"url\":\"https:\\\/\\\/transportjournal.com\\\/de\\\/author\\\/jeremy\\\/\"}]}<\/script>\n<!-- \/ Yoast SEO plugin. -->","yoast_head_json":{"title":"Zoll sichert gef\u00e4lschte Markenbekleidung - ITJ | International Transport Journal","robots":{"index":"index","follow":"follow","max-snippet":"max-snippet:-1","max-image-preview":"max-image-preview:large","max-video-preview":"max-video-preview:-1"},"canonical":"https:\/\/transportjournal.com\/de\/2026\/01\/20\/zoll-sichert-gefaelschte-markenbekleidung\/","og_locale":"de_DE","og_type":"article","og_title":"Zoll sichert gef\u00e4lschte Markenbekleidung - ITJ | International Transport Journal","og_description":"Die Zollbeh\u00f6rden in Konstanz haben gef\u00e4lschte Markenbekleidung im Wert von 70 000 Euro sichergestellt und zivilrechtliche Schritte gegen den Empf\u00e4nger eingeleitet.","og_url":"https:\/\/transportjournal.com\/de\/2026\/01\/20\/zoll-sichert-gefaelschte-markenbekleidung\/","og_site_name":"ITJ | International Transport Journal","article_published_time":"2026-01-20T11:56:09+00:00","article_modified_time":"2026-01-20T19:31:42+00:00","og_image":[{"width":1052,"height":592,"url":"https:\/\/transportjournal.com\/wp-content\/uploads\/sites\/2\/2026\/01\/ZOLL-aspect-ratio-1400-788.jpg","type":"image\/jpeg"}],"author":"Jeremy Soland","twitter_card":"summary_large_image","twitter_misc":{"Verfasst von":"Jeremy Soland","Gesch\u00e4tzte Lesezeit":"1\u00a0Minute"},"schema":{"@context":"https:\/\/schema.org","@graph":[{"@type":"Article","@id":"https:\/\/transportjournal.com\/de\/2026\/01\/20\/zoll-sichert-gefaelschte-markenbekleidung\/#article","isPartOf":{"@id":"https:\/\/transportjournal.com\/de\/2026\/01\/20\/zoll-sichert-gefaelschte-markenbekleidung\/"},"author":{"name":"Jeremy Soland","@id":"https:\/\/transportjournal.com\/de\/#\/schema\/person\/41d36b5474b623392fa613e97e2363fa"},"headline":"Zoll sichert gef\u00e4lschte Markenbekleidung","datePublished":"2026-01-20T11:56:09+00:00","dateModified":"2026-01-20T19:31:42+00:00","mainEntityOfPage":{"@id":"https:\/\/transportjournal.com\/de\/2026\/01\/20\/zoll-sichert-gefaelschte-markenbekleidung\/"},"wordCount":123,"commentCount":0,"publisher":{"@id":"https:\/\/transportjournal.com\/de\/#organization"},"image":{"@id":"https:\/\/transportjournal.com\/de\/2026\/01\/20\/zoll-sichert-gefaelschte-markenbekleidung\/#primaryimage"},"thumbnailUrl":"https:\/\/transportjournal.com\/wp-content\/uploads\/sites\/2\/2026\/01\/ZOLL-aspect-ratio-1400-788.jpg","keywords":["agents des douanes","articles vestimentaires","Bekleidungsartikel","Bekleidungsindustrie","brand owners","bureau des douanes principal de Singen","clothing articles","clothing industry","contrefa\u00e7ons","contr\u00f4le douanier","counterfeit brand clothing","counterfeits","customs control","customs officers","customs seizure","Deutsch Zoll","droit des marques","gef\u00e4lschte Markenbekleidung","gewerblicher Rechtsschutz","Hauptzollamt Singen","Hoodies","industrial property protection","industrie de l'habillement","Jeans","luxury brands","Luxusmarken","main customs office Singen","Markeninhaber","Markenrecht English Customs","marques de luxe","Plagiate","propri\u00e9taires de marques","protection de la propri\u00e9t\u00e9 industrielle","Pullover","pulls","Romania","Roumanie","Rum\u00e4nien","saisie douani\u00e8re","Schweiz","Suisse","sweaters","sweats \u00e0 capuche","Switzerland","Thurgau","trademark law Fran\u00e7ais Douanes","valeur des biens originaux","value of original goods","vestes d'hiver","v\u00eatements de marque contrefaits","Wert der Originalwaren","winter jackets","Winterjacken","Zollbeamte","Zollbeschlagnahmung","Zollkontrolle"],"articleSection":["Europa","Spedition &amp; Logistik"],"inLanguage":"de","potentialAction":[{"@type":"CommentAction","name":"Comment","target":["https:\/\/transportjournal.com\/de\/2026\/01\/20\/zoll-sichert-gefaelschte-markenbekleidung\/#respond"]}]},{"@type":"WebPage","@id":"https:\/\/transportjournal.com\/de\/2026\/01\/20\/zoll-sichert-gefaelschte-markenbekleidung\/","url":"https:\/\/transportjournal.com\/de\/2026\/01\/20\/zoll-sichert-gefaelschte-markenbekleidung\/","name":"Zoll sichert gef\u00e4lschte Markenbekleidung - ITJ | International Transport Journal","isPartOf":{"@id":"https:\/\/transportjournal.com\/de\/#website"},"primaryImageOfPage":{"@id":"https:\/\/transportjournal.com\/de\/2026\/01\/20\/zoll-sichert-gefaelschte-markenbekleidung\/#primaryimage"},"image":{"@id":"https:\/\/transportjournal.com\/de\/2026\/01\/20\/zoll-sichert-gefaelschte-markenbekleidung\/#primaryimage"},"thumbnailUrl":"https:\/\/transportjournal.com\/wp-content\/uploads\/sites\/2\/2026\/01\/ZOLL-aspect-ratio-1400-788.jpg","datePublished":"2026-01-20T11:56:09+00:00","dateModified":"2026-01-20T19:31:42+00:00","breadcrumb":{"@id":"https:\/\/transportjournal.com\/de\/2026\/01\/20\/zoll-sichert-gefaelschte-markenbekleidung\/#breadcrumb"},"inLanguage":"de","potentialAction":[{"@type":"ReadAction","target":["https:\/\/transportjournal.com\/de\/2026\/01\/20\/zoll-sichert-gefaelschte-markenbekleidung\/"]}]},{"@type":"ImageObject","inLanguage":"de","@id":"https:\/\/transportjournal.com\/de\/2026\/01\/20\/zoll-sichert-gefaelschte-markenbekleidung\/#primaryimage","url":"https:\/\/transportjournal.com\/wp-content\/uploads\/sites\/2\/2026\/01\/ZOLL-aspect-ratio-1400-788.jpg","contentUrl":"https:\/\/transportjournal.com\/wp-content\/uploads\/sites\/2\/2026\/01\/ZOLL-aspect-ratio-1400-788.jpg","width":1052,"height":592},{"@type":"BreadcrumbList","@id":"https:\/\/transportjournal.com\/de\/2026\/01\/20\/zoll-sichert-gefaelschte-markenbekleidung\/#breadcrumb","itemListElement":[{"@type":"ListItem","position":1,"name":"Startseite","item":"https:\/\/transportjournal.com\/de\/"},{"@type":"ListItem","position":2,"name":"Zoll sichert gef\u00e4lschte Markenbekleidung"}]},{"@type":"WebSite","@id":"https:\/\/transportjournal.com\/de\/#website","url":"https:\/\/transportjournal.com\/de\/","name":"ITJ | International Transport Journal","description":"Stay informed with the latest global news from the transport, logistics, and supply chain industries. Transport Journal delivers expert insights, analysis, and updates across shipping, aviation, intermodal, and forwarding.","publisher":{"@id":"https:\/\/transportjournal.com\/de\/#organization"},"potentialAction":[{"@type":"SearchAction","target":{"@type":"EntryPoint","urlTemplate":"https:\/\/transportjournal.com\/de\/?s={search_term_string}"},"query-input":{"@type":"PropertyValueSpecification","valueRequired":true,"valueName":"search_term_string"}}],"inLanguage":"de"},{"@type":"Organization","@id":"https:\/\/transportjournal.com\/de\/#organization","name":"Groupe Logismedia AG","alternateName":"Logismedia Group AG","url":"https:\/\/transportjournal.com\/de\/","logo":{"@type":"ImageObject","inLanguage":"de","@id":"https:\/\/transportjournal.com\/de\/#\/schema\/logo\/image\/","url":"https:\/\/transportjournal.com\/wp-content\/uploads\/sites\/2\/2025\/09\/Logo_ITJ.png","contentUrl":"https:\/\/transportjournal.com\/wp-content\/uploads\/sites\/2\/2025\/09\/Logo_ITJ.png","width":799,"height":326,"caption":"Groupe Logismedia AG"},"image":{"@id":"https:\/\/transportjournal.com\/de\/#\/schema\/logo\/image\/"},"sameAs":["https:\/\/www.linkedin.com\/company\/56456496\/admin\/dashboard\/","https:\/\/www.instagram.com\/logismediagroup\/","https:\/\/www.youtube.com\/@LogiamediaGroupAG"]},{"@type":"Person","@id":"https:\/\/transportjournal.com\/de\/#\/schema\/person\/41d36b5474b623392fa613e97e2363fa","name":"Jeremy Soland","url":"https:\/\/transportjournal.com\/de\/author\/jeremy\/"}]}},"_links":{"self":[{"href":"https:\/\/transportjournal.com\/de\/wp-json\/wp\/v2\/posts\/73583","targetHints":{"allow":["GET"]}}],"collection":[{"href":"https:\/\/transportjournal.com\/de\/wp-json\/wp\/v2\/posts"}],"about":[{"href":"https:\/\/transportjournal.com\/de\/wp-json\/wp\/v2\/types\/post"}],"author":[{"embeddable":true,"href":"https:\/\/transportjournal.com\/de\/wp-json\/wp\/v2\/users\/10"}],"replies":[{"embeddable":true,"href":"https:\/\/transportjournal.com\/de\/wp-json\/wp\/v2\/comments?post=73583"}],"version-history":[{"count":1,"href":"https:\/\/transportjournal.com\/de\/wp-json\/wp\/v2\/posts\/73583\/revisions"}],"predecessor-version":[{"id":73703,"href":"https:\/\/transportjournal.com\/de\/wp-json\/wp\/v2\/posts\/73583\/revisions\/73703"}],"wp:featuredmedia":[{"embeddable":true,"href":"https:\/\/transportjournal.com\/de\/wp-json\/wp\/v2\/media\/73582"}],"wp:attachment":[{"href":"https:\/\/transportjournal.com\/de\/wp-json\/wp\/v2\/media?parent=73583"}],"wp:term":[{"taxonomy":"category","embeddable":true,"href":"https:\/\/transportjournal.com\/de\/wp-json\/wp\/v2\/categories?post=73583"},{"taxonomy":"post_tag","embeddable":true,"href":"https:\/\/transportjournal.com\/de\/wp-json\/wp\/v2\/tags?post=73583"}],"curies":[{"name":"wp","href":"https:\/\/api.w.org\/{rel}","templated":true}]}}