{"id":73567,"date":"2026-01-20T11:33:30","date_gmt":"2026-01-20T11:33:30","guid":{"rendered":"https:\/\/transportjournal.com\/2026\/01\/20\/interferry-fordert-stopp-des-eu-ets\/"},"modified":"2026-01-20T11:33:30","modified_gmt":"2026-01-20T11:33:30","slug":"interferry-fordert-stopp-des-eu-ets","status":"publish","type":"post","link":"https:\/\/transportjournal.com\/de\/2026\/01\/20\/interferry-fordert-stopp-des-eu-ets\/","title":{"rendered":"Interferry fordert Stopp des EU-ETS"},"content":{"rendered":"<p>Interferry, ein Branchenverband der F\u00e4hrindustrie, hat k\u00fcrzlich einen Stopp der weiteren Einf\u00fchrung des EU-Emissionshandelssystems (ETS) f\u00fcr den maritimen Sektor gefordert. Diese Forderung folgt auf die j\u00fcngste Entscheidung, den Strassenverkehr von einem parallelen ETS-Mechanismus auszunehmen, sowie auf das Fehlen klarer Regelungen zur Verwendung der gesammelten Mittel, wie der Verband mitteilt.<\/p>\n<h3>Forderung nach Gleichbehandlung im Emissionshandel<\/h3>\n<p>Interferry verlangt, dass die Verpflichtung zur Abgabe von Emissionen im maritimen Sektor vorerst bei dem f\u00fcr 2025 vorgesehenen Niveau von 70% eingefroren wird. Die geplante Erh\u00f6hung auf 100% im Jahr 2026 soll ausgesetzt werden. Mike Corrigan (abgebildet), CEO von Interferry, betont: \u201eDiese Massnahme muss bestehen bleiben, bis auch der Strassenverkehr in ein ETS integriert ist und die gesammelten Mittel tats\u00e4chlich f\u00fcr die Dekarbonisierung des maritimen Sektors verwendet werden.\u201c Er fordert die EU auf, ihrer Zusage eines fairen Wettbewerbs nachzukommen und sicherzustellen, dass die Klimapolitik den Verkehrssektor nicht finanziell belastet.<\/p>\n<p>Mehr als die H\u00e4lfte der weltweiten Brutto-Tonnage von RoRo- und Passagierschiffen ist nach Angaben des Verbands in europ\u00e4ischen Gew\u00e4ssern t\u00e4tig und bef\u00f6rdert j\u00e4hrlich 400 Millionen Passagiere sowie 200 Millionen Fahrzeuge und Fracht. Ein Anstieg der Frachtpreise auf F\u00e4hren k\u00f6nne dazu f\u00fchren, dass Frachtvolumina wieder auf die bereits \u00fcberlasteten europ\u00e4ischen Strassen zur\u00fcckgedr\u00e4ngt werden m\u00fcssten.<\/p>\n<p><a href=\"https:\/\/interferry.com\/\" target=\"_blank\" rel=\"noopener noreferrer\">www.interferry.com<\/a><\/p>\n","protected":false},"excerpt":{"rendered":"<p>Interferry fordert einen sofortigen Stopp der Einf\u00fchrung des EU-Emissionshandelssystems f\u00fcr den maritimen Sektor, bis der Strassenverkehr ebenfalls einbezogen wird.<\/p>\n","protected":false},"author":10,"featured_media":73566,"comment_status":"open","ping_status":"open","sticky":false,"template":"","format":"standard","meta":{"_acf_changed":false,"footnotes":""},"categories":[1575,1571],"tags":[7094,7095,6265,6266,2079,7096,2695,2696,5443,4021,7097,7098,7099,7100,7101,7102,7103,7104,4022,4023,1889,7105,7106,7107,7108,7109,7110,7111,3682,3683,7112,2918,3597,3598,5454,7113,7114,2717,7115,7116,4096,7117,7118,7119,7120,6358,7121,2153,3609,6359,4099,5460,7122,7123,7124,6362,7125,1837,7126],"class_list":["post-73567","post","type-post","status-publish","format-standard","has-post-thumbnail","hentry","category-europa","category-schiffahrt","tag-climate-policy","tag-concurrence-equitable","tag-decarbonisation","tag-decarbonization","tag-dekarbonisierung","tag-deutsch-interferry","tag-digitalisierung","tag-digitalization","tag-durabilite","tag-eaux-europeennes","tag-emissionen","tag-emissions","tag-emissions-trading-scheme","tag-emissionshandelssystem","tag-eu-emissions-trading-system","tag-eu-regulations-francais-interferry","tag-eu-emissionshandel","tag-eu-richtlinien-english-interferry","tag-europaeische-gewaesser","tag-european-waters","tag-fachkraeftemangel","tag-faehrindustrie","tag-fair-competition","tag-faire-wettbewerbsbedingungen","tag-ferry-industry","tag-frachtpreise","tag-freight-rates","tag-industrie-des-ferries","tag-infrastructure","tag-infrastruktur","tag-klimapolitik","tag-logistics-industry","tag-maritime-sector","tag-maritimer-sektor","tag-nachhaltigkeit","tag-navires-de-passagers","tag-navires-roro","tag-numerisation","tag-passagierschiffe","tag-passenger-ships","tag-penurie-de-main-doeuvre-qualifiee","tag-politique-climatique","tag-reglementations-de-lue","tag-roro-ships","tag-roro-schiffe","tag-schiffsverkehr","tag-secteur-des-transports","tag-secteur-logistique","tag-secteur-maritime","tag-shipping-traffic","tag-skilled-labor-shortage","tag-sustainability","tag-systeme-dechange-de-quotas-demission-de-lue","tag-systeme-de-commerce-demissions","tag-tarifs-de-fret","tag-trafic-maritime","tag-transport-sector","tag-transportwirtschaft","tag-verkehrssektor"],"acf":[],"yoast_head":"<!-- This site is optimized with the Yoast SEO plugin v27.3 - https:\/\/yoast.com\/product\/yoast-seo-wordpress\/ -->\n<title>Interferry fordert Stopp des EU-ETS - ITJ | International Transport Journal<\/title>\n<meta name=\"robots\" content=\"index, follow, max-snippet:-1, max-image-preview:large, max-video-preview:-1\" \/>\n<link rel=\"canonical\" href=\"https:\/\/transportjournal.com\/de\/2026\/01\/20\/interferry-fordert-stopp-des-eu-ets\/\" \/>\n<meta property=\"og:locale\" content=\"de_DE\" \/>\n<meta property=\"og:type\" content=\"article\" \/>\n<meta property=\"og:title\" content=\"Interferry fordert Stopp des EU-ETS - ITJ | International Transport Journal\" \/>\n<meta property=\"og:description\" content=\"Interferry fordert einen sofortigen Stopp der Einf\u00fchrung des EU-Emissionshandelssystems f\u00fcr den maritimen Sektor, bis der Strassenverkehr ebenfalls einbezogen wird.\" \/>\n<meta property=\"og:url\" content=\"https:\/\/transportjournal.com\/de\/2026\/01\/20\/interferry-fordert-stopp-des-eu-ets\/\" \/>\n<meta property=\"og:site_name\" content=\"ITJ | International Transport Journal\" \/>\n<meta property=\"article:published_time\" content=\"2026-01-20T11:33:30+00:00\" \/>\n<meta property=\"og:image\" content=\"https:\/\/transportjournal.com\/wp-content\/uploads\/sites\/2\/2026\/01\/Screenshot-2026-01-20-124616-aspect-ratio-1400-788.jpg\" \/>\n\t<meta property=\"og:image:width\" content=\"1019\" \/>\n\t<meta property=\"og:image:height\" content=\"573\" \/>\n\t<meta property=\"og:image:type\" content=\"image\/jpeg\" \/>\n<meta name=\"author\" content=\"Jeremy Soland\" \/>\n<meta name=\"twitter:card\" content=\"summary_large_image\" \/>\n<meta name=\"twitter:label1\" content=\"Verfasst von\" \/>\n\t<meta name=\"twitter:data1\" content=\"Jeremy Soland\" \/>\n\t<meta name=\"twitter:label2\" content=\"Gesch\u00e4tzte Lesezeit\" \/>\n\t<meta name=\"twitter:data2\" content=\"1\u00a0Minute\" \/>\n<script type=\"application\/ld+json\" class=\"yoast-schema-graph\">{\"@context\":\"https:\\\/\\\/schema.org\",\"@graph\":[{\"@type\":\"Article\",\"@id\":\"https:\\\/\\\/transportjournal.com\\\/de\\\/2026\\\/01\\\/20\\\/interferry-fordert-stopp-des-eu-ets\\\/#article\",\"isPartOf\":{\"@id\":\"https:\\\/\\\/transportjournal.com\\\/de\\\/2026\\\/01\\\/20\\\/interferry-fordert-stopp-des-eu-ets\\\/\"},\"author\":{\"name\":\"Jeremy Soland\",\"@id\":\"https:\\\/\\\/transportjournal.com\\\/de\\\/#\\\/schema\\\/person\\\/41d36b5474b623392fa613e97e2363fa\"},\"headline\":\"Interferry fordert Stopp des EU-ETS\",\"datePublished\":\"2026-01-20T11:33:30+00:00\",\"mainEntityOfPage\":{\"@id\":\"https:\\\/\\\/transportjournal.com\\\/de\\\/2026\\\/01\\\/20\\\/interferry-fordert-stopp-des-eu-ets\\\/\"},\"wordCount\":220,\"commentCount\":0,\"publisher\":{\"@id\":\"https:\\\/\\\/transportjournal.com\\\/de\\\/#organization\"},\"image\":{\"@id\":\"https:\\\/\\\/transportjournal.com\\\/de\\\/2026\\\/01\\\/20\\\/interferry-fordert-stopp-des-eu-ets\\\/#primaryimage\"},\"thumbnailUrl\":\"https:\\\/\\\/transportjournal.com\\\/wp-content\\\/uploads\\\/sites\\\/2\\\/2026\\\/01\\\/Screenshot-2026-01-20-124616-aspect-ratio-1400-788.jpg\",\"keywords\":[\"climate policy\",\"concurrence \u00e9quitable\",\"d\u00e9carbonisation\",\"decarbonization\",\"Dekarbonisierung\",\"Deutsch Interferry\",\"Digitalisierung\",\"digitalization\",\"durabilit\u00e9\",\"eaux europ\u00e9ennes\",\"Emissionen\",\"emissions\",\"emissions trading scheme\",\"Emissionshandelssystem\",\"EU Emissions Trading System\",\"EU regulations Fran\u00e7ais Interferry\",\"EU-Emissionshandel\",\"EU-Richtlinien English Interferry\",\"europ\u00e4ische Gew\u00e4sser\",\"European waters\",\"Fachkr\u00e4ftemangel\",\"F\u00e4hrindustrie\",\"fair competition\",\"faire Wettbewerbsbedingungen\",\"ferry industry\",\"Frachtpreise\",\"freight rates\",\"industrie des ferries\",\"infrastructure\",\"Infrastruktur\",\"Klimapolitik\",\"logistics industry\",\"maritime sector\",\"maritimer Sektor\",\"Nachhaltigkeit\",\"navires de passagers\",\"navires RoRo\",\"num\u00e9risation\",\"Passagierschiffe\",\"passenger ships\",\"p\u00e9nurie de main-d'\u0153uvre qualifi\u00e9e\",\"politique climatique\",\"r\u00e9glementations de l'UE\",\"RoRo ships\",\"RoRo-Schiffe\",\"Schiffsverkehr\",\"secteur des transports\",\"secteur logistique\",\"secteur maritime\",\"shipping traffic\",\"skilled labor shortage\",\"sustainability\",\"syst\u00e8me d'\u00e9change de quotas d'\u00e9mission de l'UE\",\"syst\u00e8me de commerce d'\u00e9missions\",\"tarifs de fret\",\"trafic maritime\",\"transport sector\",\"Transportwirtschaft\",\"Verkehrssektor\"],\"articleSection\":[\"Europa\",\"Schifffahrt &amp; H\u00e4fen\"],\"inLanguage\":\"de\",\"potentialAction\":[{\"@type\":\"CommentAction\",\"name\":\"Comment\",\"target\":[\"https:\\\/\\\/transportjournal.com\\\/de\\\/2026\\\/01\\\/20\\\/interferry-fordert-stopp-des-eu-ets\\\/#respond\"]}]},{\"@type\":\"WebPage\",\"@id\":\"https:\\\/\\\/transportjournal.com\\\/de\\\/2026\\\/01\\\/20\\\/interferry-fordert-stopp-des-eu-ets\\\/\",\"url\":\"https:\\\/\\\/transportjournal.com\\\/de\\\/2026\\\/01\\\/20\\\/interferry-fordert-stopp-des-eu-ets\\\/\",\"name\":\"Interferry fordert Stopp des EU-ETS - ITJ | International Transport Journal\",\"isPartOf\":{\"@id\":\"https:\\\/\\\/transportjournal.com\\\/de\\\/#website\"},\"primaryImageOfPage\":{\"@id\":\"https:\\\/\\\/transportjournal.com\\\/de\\\/2026\\\/01\\\/20\\\/interferry-fordert-stopp-des-eu-ets\\\/#primaryimage\"},\"image\":{\"@id\":\"https:\\\/\\\/transportjournal.com\\\/de\\\/2026\\\/01\\\/20\\\/interferry-fordert-stopp-des-eu-ets\\\/#primaryimage\"},\"thumbnailUrl\":\"https:\\\/\\\/transportjournal.com\\\/wp-content\\\/uploads\\\/sites\\\/2\\\/2026\\\/01\\\/Screenshot-2026-01-20-124616-aspect-ratio-1400-788.jpg\",\"datePublished\":\"2026-01-20T11:33:30+00:00\",\"breadcrumb\":{\"@id\":\"https:\\\/\\\/transportjournal.com\\\/de\\\/2026\\\/01\\\/20\\\/interferry-fordert-stopp-des-eu-ets\\\/#breadcrumb\"},\"inLanguage\":\"de\",\"potentialAction\":[{\"@type\":\"ReadAction\",\"target\":[\"https:\\\/\\\/transportjournal.com\\\/de\\\/2026\\\/01\\\/20\\\/interferry-fordert-stopp-des-eu-ets\\\/\"]}]},{\"@type\":\"ImageObject\",\"inLanguage\":\"de\",\"@id\":\"https:\\\/\\\/transportjournal.com\\\/de\\\/2026\\\/01\\\/20\\\/interferry-fordert-stopp-des-eu-ets\\\/#primaryimage\",\"url\":\"https:\\\/\\\/transportjournal.com\\\/wp-content\\\/uploads\\\/sites\\\/2\\\/2026\\\/01\\\/Screenshot-2026-01-20-124616-aspect-ratio-1400-788.jpg\",\"contentUrl\":\"https:\\\/\\\/transportjournal.com\\\/wp-content\\\/uploads\\\/sites\\\/2\\\/2026\\\/01\\\/Screenshot-2026-01-20-124616-aspect-ratio-1400-788.jpg\",\"width\":1019,\"height\":573},{\"@type\":\"BreadcrumbList\",\"@id\":\"https:\\\/\\\/transportjournal.com\\\/de\\\/2026\\\/01\\\/20\\\/interferry-fordert-stopp-des-eu-ets\\\/#breadcrumb\",\"itemListElement\":[{\"@type\":\"ListItem\",\"position\":1,\"name\":\"Startseite\",\"item\":\"https:\\\/\\\/transportjournal.com\\\/de\\\/\"},{\"@type\":\"ListItem\",\"position\":2,\"name\":\"Interferry fordert Stopp des EU-ETS\"}]},{\"@type\":\"WebSite\",\"@id\":\"https:\\\/\\\/transportjournal.com\\\/de\\\/#website\",\"url\":\"https:\\\/\\\/transportjournal.com\\\/de\\\/\",\"name\":\"ITJ | International Transport Journal\",\"description\":\"Stay informed with the latest global news from the transport, logistics, and supply chain industries. Transport Journal delivers expert insights, analysis, and updates across shipping, aviation, intermodal, and forwarding.\",\"publisher\":{\"@id\":\"https:\\\/\\\/transportjournal.com\\\/de\\\/#organization\"},\"potentialAction\":[{\"@type\":\"SearchAction\",\"target\":{\"@type\":\"EntryPoint\",\"urlTemplate\":\"https:\\\/\\\/transportjournal.com\\\/de\\\/?s={search_term_string}\"},\"query-input\":{\"@type\":\"PropertyValueSpecification\",\"valueRequired\":true,\"valueName\":\"search_term_string\"}}],\"inLanguage\":\"de\"},{\"@type\":\"Organization\",\"@id\":\"https:\\\/\\\/transportjournal.com\\\/de\\\/#organization\",\"name\":\"Groupe Logismedia AG\",\"alternateName\":\"Logismedia Group AG\",\"url\":\"https:\\\/\\\/transportjournal.com\\\/de\\\/\",\"logo\":{\"@type\":\"ImageObject\",\"inLanguage\":\"de\",\"@id\":\"https:\\\/\\\/transportjournal.com\\\/de\\\/#\\\/schema\\\/logo\\\/image\\\/\",\"url\":\"https:\\\/\\\/transportjournal.com\\\/wp-content\\\/uploads\\\/sites\\\/2\\\/2025\\\/09\\\/Logo_ITJ.png\",\"contentUrl\":\"https:\\\/\\\/transportjournal.com\\\/wp-content\\\/uploads\\\/sites\\\/2\\\/2025\\\/09\\\/Logo_ITJ.png\",\"width\":799,\"height\":326,\"caption\":\"Groupe Logismedia AG\"},\"image\":{\"@id\":\"https:\\\/\\\/transportjournal.com\\\/de\\\/#\\\/schema\\\/logo\\\/image\\\/\"},\"sameAs\":[\"https:\\\/\\\/www.linkedin.com\\\/company\\\/56456496\\\/admin\\\/dashboard\\\/\",\"https:\\\/\\\/www.instagram.com\\\/logismediagroup\\\/\",\"https:\\\/\\\/www.youtube.com\\\/@LogiamediaGroupAG\"]},{\"@type\":\"Person\",\"@id\":\"https:\\\/\\\/transportjournal.com\\\/de\\\/#\\\/schema\\\/person\\\/41d36b5474b623392fa613e97e2363fa\",\"name\":\"Jeremy Soland\",\"url\":\"https:\\\/\\\/transportjournal.com\\\/de\\\/author\\\/jeremy\\\/\"}]}<\/script>\n<!-- \/ Yoast SEO plugin. -->","yoast_head_json":{"title":"Interferry fordert Stopp des EU-ETS - ITJ | International Transport Journal","robots":{"index":"index","follow":"follow","max-snippet":"max-snippet:-1","max-image-preview":"max-image-preview:large","max-video-preview":"max-video-preview:-1"},"canonical":"https:\/\/transportjournal.com\/de\/2026\/01\/20\/interferry-fordert-stopp-des-eu-ets\/","og_locale":"de_DE","og_type":"article","og_title":"Interferry fordert Stopp des EU-ETS - ITJ | International Transport Journal","og_description":"Interferry fordert einen sofortigen Stopp der Einf\u00fchrung des EU-Emissionshandelssystems f\u00fcr den maritimen Sektor, bis der Strassenverkehr ebenfalls einbezogen wird.","og_url":"https:\/\/transportjournal.com\/de\/2026\/01\/20\/interferry-fordert-stopp-des-eu-ets\/","og_site_name":"ITJ | International Transport Journal","article_published_time":"2026-01-20T11:33:30+00:00","og_image":[{"width":1019,"height":573,"url":"https:\/\/transportjournal.com\/wp-content\/uploads\/sites\/2\/2026\/01\/Screenshot-2026-01-20-124616-aspect-ratio-1400-788.jpg","type":"image\/jpeg"}],"author":"Jeremy Soland","twitter_card":"summary_large_image","twitter_misc":{"Verfasst von":"Jeremy Soland","Gesch\u00e4tzte Lesezeit":"1\u00a0Minute"},"schema":{"@context":"https:\/\/schema.org","@graph":[{"@type":"Article","@id":"https:\/\/transportjournal.com\/de\/2026\/01\/20\/interferry-fordert-stopp-des-eu-ets\/#article","isPartOf":{"@id":"https:\/\/transportjournal.com\/de\/2026\/01\/20\/interferry-fordert-stopp-des-eu-ets\/"},"author":{"name":"Jeremy Soland","@id":"https:\/\/transportjournal.com\/de\/#\/schema\/person\/41d36b5474b623392fa613e97e2363fa"},"headline":"Interferry fordert Stopp des EU-ETS","datePublished":"2026-01-20T11:33:30+00:00","mainEntityOfPage":{"@id":"https:\/\/transportjournal.com\/de\/2026\/01\/20\/interferry-fordert-stopp-des-eu-ets\/"},"wordCount":220,"commentCount":0,"publisher":{"@id":"https:\/\/transportjournal.com\/de\/#organization"},"image":{"@id":"https:\/\/transportjournal.com\/de\/2026\/01\/20\/interferry-fordert-stopp-des-eu-ets\/#primaryimage"},"thumbnailUrl":"https:\/\/transportjournal.com\/wp-content\/uploads\/sites\/2\/2026\/01\/Screenshot-2026-01-20-124616-aspect-ratio-1400-788.jpg","keywords":["climate policy","concurrence \u00e9quitable","d\u00e9carbonisation","decarbonization","Dekarbonisierung","Deutsch Interferry","Digitalisierung","digitalization","durabilit\u00e9","eaux europ\u00e9ennes","Emissionen","emissions","emissions trading scheme","Emissionshandelssystem","EU Emissions Trading System","EU regulations Fran\u00e7ais Interferry","EU-Emissionshandel","EU-Richtlinien English Interferry","europ\u00e4ische Gew\u00e4sser","European waters","Fachkr\u00e4ftemangel","F\u00e4hrindustrie","fair competition","faire Wettbewerbsbedingungen","ferry industry","Frachtpreise","freight rates","industrie des ferries","infrastructure","Infrastruktur","Klimapolitik","logistics industry","maritime sector","maritimer Sektor","Nachhaltigkeit","navires de passagers","navires RoRo","num\u00e9risation","Passagierschiffe","passenger ships","p\u00e9nurie de main-d'\u0153uvre qualifi\u00e9e","politique climatique","r\u00e9glementations de l'UE","RoRo ships","RoRo-Schiffe","Schiffsverkehr","secteur des transports","secteur logistique","secteur maritime","shipping traffic","skilled labor shortage","sustainability","syst\u00e8me d'\u00e9change de quotas d'\u00e9mission de l'UE","syst\u00e8me de commerce d'\u00e9missions","tarifs de fret","trafic maritime","transport sector","Transportwirtschaft","Verkehrssektor"],"articleSection":["Europa","Schifffahrt &amp; H\u00e4fen"],"inLanguage":"de","potentialAction":[{"@type":"CommentAction","name":"Comment","target":["https:\/\/transportjournal.com\/de\/2026\/01\/20\/interferry-fordert-stopp-des-eu-ets\/#respond"]}]},{"@type":"WebPage","@id":"https:\/\/transportjournal.com\/de\/2026\/01\/20\/interferry-fordert-stopp-des-eu-ets\/","url":"https:\/\/transportjournal.com\/de\/2026\/01\/20\/interferry-fordert-stopp-des-eu-ets\/","name":"Interferry fordert Stopp des EU-ETS - ITJ | International Transport Journal","isPartOf":{"@id":"https:\/\/transportjournal.com\/de\/#website"},"primaryImageOfPage":{"@id":"https:\/\/transportjournal.com\/de\/2026\/01\/20\/interferry-fordert-stopp-des-eu-ets\/#primaryimage"},"image":{"@id":"https:\/\/transportjournal.com\/de\/2026\/01\/20\/interferry-fordert-stopp-des-eu-ets\/#primaryimage"},"thumbnailUrl":"https:\/\/transportjournal.com\/wp-content\/uploads\/sites\/2\/2026\/01\/Screenshot-2026-01-20-124616-aspect-ratio-1400-788.jpg","datePublished":"2026-01-20T11:33:30+00:00","breadcrumb":{"@id":"https:\/\/transportjournal.com\/de\/2026\/01\/20\/interferry-fordert-stopp-des-eu-ets\/#breadcrumb"},"inLanguage":"de","potentialAction":[{"@type":"ReadAction","target":["https:\/\/transportjournal.com\/de\/2026\/01\/20\/interferry-fordert-stopp-des-eu-ets\/"]}]},{"@type":"ImageObject","inLanguage":"de","@id":"https:\/\/transportjournal.com\/de\/2026\/01\/20\/interferry-fordert-stopp-des-eu-ets\/#primaryimage","url":"https:\/\/transportjournal.com\/wp-content\/uploads\/sites\/2\/2026\/01\/Screenshot-2026-01-20-124616-aspect-ratio-1400-788.jpg","contentUrl":"https:\/\/transportjournal.com\/wp-content\/uploads\/sites\/2\/2026\/01\/Screenshot-2026-01-20-124616-aspect-ratio-1400-788.jpg","width":1019,"height":573},{"@type":"BreadcrumbList","@id":"https:\/\/transportjournal.com\/de\/2026\/01\/20\/interferry-fordert-stopp-des-eu-ets\/#breadcrumb","itemListElement":[{"@type":"ListItem","position":1,"name":"Startseite","item":"https:\/\/transportjournal.com\/de\/"},{"@type":"ListItem","position":2,"name":"Interferry fordert Stopp des EU-ETS"}]},{"@type":"WebSite","@id":"https:\/\/transportjournal.com\/de\/#website","url":"https:\/\/transportjournal.com\/de\/","name":"ITJ | International Transport Journal","description":"Stay informed with the latest global news from the transport, logistics, and supply chain industries. Transport Journal delivers expert insights, analysis, and updates across shipping, aviation, intermodal, and forwarding.","publisher":{"@id":"https:\/\/transportjournal.com\/de\/#organization"},"potentialAction":[{"@type":"SearchAction","target":{"@type":"EntryPoint","urlTemplate":"https:\/\/transportjournal.com\/de\/?s={search_term_string}"},"query-input":{"@type":"PropertyValueSpecification","valueRequired":true,"valueName":"search_term_string"}}],"inLanguage":"de"},{"@type":"Organization","@id":"https:\/\/transportjournal.com\/de\/#organization","name":"Groupe Logismedia AG","alternateName":"Logismedia Group AG","url":"https:\/\/transportjournal.com\/de\/","logo":{"@type":"ImageObject","inLanguage":"de","@id":"https:\/\/transportjournal.com\/de\/#\/schema\/logo\/image\/","url":"https:\/\/transportjournal.com\/wp-content\/uploads\/sites\/2\/2025\/09\/Logo_ITJ.png","contentUrl":"https:\/\/transportjournal.com\/wp-content\/uploads\/sites\/2\/2025\/09\/Logo_ITJ.png","width":799,"height":326,"caption":"Groupe Logismedia AG"},"image":{"@id":"https:\/\/transportjournal.com\/de\/#\/schema\/logo\/image\/"},"sameAs":["https:\/\/www.linkedin.com\/company\/56456496\/admin\/dashboard\/","https:\/\/www.instagram.com\/logismediagroup\/","https:\/\/www.youtube.com\/@LogiamediaGroupAG"]},{"@type":"Person","@id":"https:\/\/transportjournal.com\/de\/#\/schema\/person\/41d36b5474b623392fa613e97e2363fa","name":"Jeremy Soland","url":"https:\/\/transportjournal.com\/de\/author\/jeremy\/"}]}},"_links":{"self":[{"href":"https:\/\/transportjournal.com\/de\/wp-json\/wp\/v2\/posts\/73567","targetHints":{"allow":["GET"]}}],"collection":[{"href":"https:\/\/transportjournal.com\/de\/wp-json\/wp\/v2\/posts"}],"about":[{"href":"https:\/\/transportjournal.com\/de\/wp-json\/wp\/v2\/types\/post"}],"author":[{"embeddable":true,"href":"https:\/\/transportjournal.com\/de\/wp-json\/wp\/v2\/users\/10"}],"replies":[{"embeddable":true,"href":"https:\/\/transportjournal.com\/de\/wp-json\/wp\/v2\/comments?post=73567"}],"version-history":[{"count":0,"href":"https:\/\/transportjournal.com\/de\/wp-json\/wp\/v2\/posts\/73567\/revisions"}],"wp:featuredmedia":[{"embeddable":true,"href":"https:\/\/transportjournal.com\/de\/wp-json\/wp\/v2\/media\/73566"}],"wp:attachment":[{"href":"https:\/\/transportjournal.com\/de\/wp-json\/wp\/v2\/media?parent=73567"}],"wp:term":[{"taxonomy":"category","embeddable":true,"href":"https:\/\/transportjournal.com\/de\/wp-json\/wp\/v2\/categories?post=73567"},{"taxonomy":"post_tag","embeddable":true,"href":"https:\/\/transportjournal.com\/de\/wp-json\/wp\/v2\/tags?post=73567"}],"curies":[{"name":"wp","href":"https:\/\/api.w.org\/{rel}","templated":true}]}}