{"id":73543,"date":"2026-01-20T11:18:06","date_gmt":"2026-01-20T11:18:06","guid":{"rendered":"https:\/\/transportjournal.com\/2026\/01\/20\/ad-ports-group-uebernimmt-balenciaga-werft\/"},"modified":"2026-01-20T11:18:06","modified_gmt":"2026-01-20T11:18:06","slug":"ad-ports-group-uebernimmt-balenciaga-werft","status":"publish","type":"post","link":"https:\/\/transportjournal.com\/de\/2026\/01\/20\/ad-ports-group-uebernimmt-balenciaga-werft\/","title":{"rendered":"AD Ports Group \u00fcbernimmt Balenciaga Werft"},"content":{"rendered":"<p>AD Ports Group hat seine Aktivit\u00e4ten in Spanien durch die \u00dcbernahme der Balenciaga Astilleros Werft ausgeweitet. Die Tochtergesellschaft SAFEEN Drydocks, die Teil von Noatum Maritime ist, erwarb 100% der Anteile an der Werft f\u00fcr insgesamt 11,2 Millionen EUR. Diese Transaktion soll die Pr\u00e4senz von AD Ports Group in Spanien und im Mittelmeerraum st\u00e4rken und erg\u00e4nzt die Aktivit\u00e4ten im Bereich Offshore-Windenergie, wie das Unternehmen mitteilt.<\/p>\n<p>Die Balenciaga Werft, die k\u00fcnftig unter dem Namen Balenciaga Shipyard firmiert, befindet sich in der baskischen Region und kann auf fast ein Jahrhundert Erfahrung im Schiffbau zur\u00fcckblicken. Die Werft verf\u00fcgt unter anderem \u00fcber zwei Dockanlagen, eine 105 Meter lange Slipanlage sowie eine Produktionsst\u00e4tte mit Automatisierungs- und Fertigungstechnologien auf einer Fl\u00e4che von 22 385 m\u00b2. Zus\u00e4tzlich gibt es eine 3530 m\u00b2 grosse Schneid- und Fertigungsanlage.<\/p>\n<p>Die Werft hat sich auf die Vorfertigung grosser Module f\u00fcr Offshore-Projekte und auf den Bau komplexer Schiffe spezialisiert. Besonders hervorzuheben ist gem\u00e4ss AD Ports, dass sie zu den wenigen Werften in Spanien geh\u00f6rt, die sich auf die Konstruktion von Service Operation Vessels (SOVs) konzentrieren. Diese Schiffe dienen als schwimmende Basen f\u00fcr Offshore-Windparks und werden auch f\u00fcr Forschungs- und Unterst\u00fctzungszwecke sowie f\u00fcr spezielle Schlepper eingesetzt.<\/p>\n<p><a href=\"https:\/\/www.adportsgroup.com\/en\" target=\"_blank\" rel=\"noopener noreferrer\">www.adportsgroup.com<\/a><\/p>\n","protected":false},"excerpt":{"rendered":"<p>AD Ports Group hat die Balenciaga Astilleros Werft in Spanien \u00fcbernommen, um seine Aktivit\u00e4ten im Bereich Offshore-Windenergie und erneuerbare Energien zu st\u00e4rken.<\/p>\n","protected":false},"author":10,"featured_media":73542,"comment_status":"open","ping_status":"open","sticky":false,"template":"","format":"standard","meta":{"_acf_changed":false,"footnotes":""},"categories":[1575,1571],"tags":[6968,6969,6970,6971,6972,6973,6974,6975,6976,6977,6978,6979,6980,6981,6982,2652,6983,2122,6984,6985,2373,6986,6987,6988,6989,6990,6991,1809,6389,6992,6993,6994,6995,6996,6997,2145,6998,6999,7000,7001,7002,7003,7004,7005,7006,7007,7008,7009,7010,7011,5078,7012,7013,7014,7015,7016],"class_list":["post-73543","post","type-post","status-publish","format-standard","has-post-thumbnail","hentry","category-europa","category-schiffahrt","tag-acquisition-chantier-naval","tag-activites-ad-ports","tag-ad-ports-activities-francais-ad-ports-group","tag-ad-ports-aktivitaeten-english-ad-ports-group","tag-automatisation-construction-navale","tag-automatisierung-schiffbau","tag-balenciaga-harbor-operations","tag-balenciaga-shipyard","tag-balenciaga-werft","tag-baskische-werft","tag-basque-shipyard","tag-chantier-basque","tag-chantier-naval-balenciaga","tag-construction-navale-espagne","tag-construction-sov","tag-deutsch-ad-ports-group","tag-energie-eolienne-offshore","tag-fachkraeftemangel-logistik","tag-hafenbetrieb-balenciaga","tag-infrastructure-eolienne","tag-labor-shortage-logistics","tag-logistics-service-providers-spain","tag-logistikdienstleister-spanien","tag-maritime-technologien","tag-maritime-technologies","tag-mediterranean-transport","tag-mittelmeerraum-transport","tag-nachhaltige-schifffahrt","tag-navigation-durable","tag-noatum-maritime","tag-offshore-projects-spain","tag-offshore-wind-energy","tag-offshore-projekte-spanien","tag-offshore-windenergie","tag-operations-portuaires-balenciaga","tag-penurie-de-main-doeuvre-logistique","tag-prefabrication-de-modules-navals","tag-prestataires-logistiques-espagne","tag-production-navale","tag-projets-offshore-espagne","tag-schiffbau-spanien","tag-schiffsmodul-vorfertigung","tag-schiffsproduktion","tag-ship-automation","tag-ship-module-prefabrication","tag-ship-production","tag-shipbuilding-spain","tag-shipyard-acquisition","tag-sov-construction","tag-sov-konstruktion","tag-sustainable-shipping","tag-technologies-maritimes","tag-transport-mediterranee","tag-werftuebernahme","tag-wind-power-infrastructure","tag-windkraft-infrastruktur"],"acf":[],"yoast_head":"<!-- This site is optimized with the Yoast SEO plugin v27.3 - https:\/\/yoast.com\/product\/yoast-seo-wordpress\/ -->\n<title>AD Ports Group \u00fcbernimmt Balenciaga Werft - ITJ | International Transport Journal<\/title>\n<meta name=\"robots\" content=\"index, follow, max-snippet:-1, max-image-preview:large, max-video-preview:-1\" \/>\n<link rel=\"canonical\" href=\"https:\/\/transportjournal.com\/de\/2026\/01\/20\/ad-ports-group-uebernimmt-balenciaga-werft\/\" \/>\n<meta property=\"og:locale\" content=\"de_DE\" \/>\n<meta property=\"og:type\" content=\"article\" \/>\n<meta property=\"og:title\" content=\"AD Ports Group \u00fcbernimmt Balenciaga Werft - ITJ | International Transport Journal\" \/>\n<meta property=\"og:description\" content=\"AD Ports Group hat die Balenciaga Astilleros Werft in Spanien \u00fcbernommen, um seine Aktivit\u00e4ten im Bereich Offshore-Windenergie und erneuerbare Energien zu st\u00e4rken.\" \/>\n<meta property=\"og:url\" content=\"https:\/\/transportjournal.com\/de\/2026\/01\/20\/ad-ports-group-uebernimmt-balenciaga-werft\/\" \/>\n<meta property=\"og:site_name\" content=\"ITJ | International Transport Journal\" \/>\n<meta property=\"article:published_time\" content=\"2026-01-20T11:18:06+00:00\" \/>\n<meta property=\"og:image\" content=\"https:\/\/transportjournal.com\/wp-content\/uploads\/sites\/2\/2026\/01\/BALENCIAGA-image.jpg\" \/>\n\t<meta property=\"og:image:width\" content=\"1366\" \/>\n\t<meta property=\"og:image:height\" content=\"768\" \/>\n\t<meta property=\"og:image:type\" content=\"image\/jpeg\" \/>\n<meta name=\"author\" content=\"Jeremy Soland\" \/>\n<meta name=\"twitter:card\" content=\"summary_large_image\" \/>\n<meta name=\"twitter:label1\" content=\"Verfasst von\" \/>\n\t<meta name=\"twitter:data1\" content=\"Jeremy Soland\" \/>\n\t<meta name=\"twitter:label2\" content=\"Gesch\u00e4tzte Lesezeit\" \/>\n\t<meta name=\"twitter:data2\" content=\"1\u00a0Minute\" \/>\n<script type=\"application\/ld+json\" class=\"yoast-schema-graph\">{\"@context\":\"https:\\\/\\\/schema.org\",\"@graph\":[{\"@type\":\"Article\",\"@id\":\"https:\\\/\\\/transportjournal.com\\\/de\\\/2026\\\/01\\\/20\\\/ad-ports-group-uebernimmt-balenciaga-werft\\\/#article\",\"isPartOf\":{\"@id\":\"https:\\\/\\\/transportjournal.com\\\/de\\\/2026\\\/01\\\/20\\\/ad-ports-group-uebernimmt-balenciaga-werft\\\/\"},\"author\":{\"name\":\"Jeremy Soland\",\"@id\":\"https:\\\/\\\/transportjournal.com\\\/de\\\/#\\\/schema\\\/person\\\/41d36b5474b623392fa613e97e2363fa\"},\"headline\":\"AD Ports Group \u00fcbernimmt Balenciaga Werft\",\"datePublished\":\"2026-01-20T11:18:06+00:00\",\"mainEntityOfPage\":{\"@id\":\"https:\\\/\\\/transportjournal.com\\\/de\\\/2026\\\/01\\\/20\\\/ad-ports-group-uebernimmt-balenciaga-werft\\\/\"},\"wordCount\":214,\"commentCount\":0,\"publisher\":{\"@id\":\"https:\\\/\\\/transportjournal.com\\\/de\\\/#organization\"},\"image\":{\"@id\":\"https:\\\/\\\/transportjournal.com\\\/de\\\/2026\\\/01\\\/20\\\/ad-ports-group-uebernimmt-balenciaga-werft\\\/#primaryimage\"},\"thumbnailUrl\":\"https:\\\/\\\/transportjournal.com\\\/wp-content\\\/uploads\\\/sites\\\/2\\\/2026\\\/01\\\/BALENCIAGA-image.jpg\",\"keywords\":[\"acquisition chantier naval\",\"activit\u00e9s AD Ports\",\"AD Ports activities Fran\u00e7ais AD Ports Group\",\"AD Ports Aktivit\u00e4ten English AD Ports Group\",\"automatisation construction navale\",\"Automatisierung Schiffbau\",\"Balenciaga harbor operations\",\"Balenciaga Shipyard\",\"Balenciaga Werft\",\"baskische Werft\",\"Basque shipyard\",\"chantier basque\",\"chantier naval Balenciaga\",\"construction navale Espagne\",\"construction SOV\",\"Deutsch AD Ports Group\",\"\u00e9nergie \u00e9olienne offshore\",\"Fachkr\u00e4ftemangel Logistik\",\"Hafenbetrieb Balenciaga\",\"infrastructure \u00e9olienne\",\"labor shortage logistics\",\"logistics service providers Spain\",\"Logistikdienstleister Spanien\",\"maritime Technologien\",\"maritime technologies\",\"Mediterranean transport\",\"Mittelmeerraum Transport\",\"nachhaltige Schifffahrt\",\"navigation durable\",\"Noatum Maritime\",\"offshore projects Spain\",\"offshore wind energy\",\"Offshore-Projekte Spanien\",\"Offshore-Windenergie\",\"op\u00e9rations portuaires Balenciaga\",\"p\u00e9nurie de main-d'\u0153uvre logistique\",\"pr\u00e9fabrication de modules navals\",\"prestataires logistiques Espagne\",\"production navale\",\"projets offshore Espagne\",\"Schiffbau Spanien\",\"Schiffsmodul Vorfertigung\",\"Schiffsproduktion\",\"ship automation\",\"ship module prefabrication\",\"ship production\",\"shipbuilding Spain\",\"shipyard acquisition\",\"SOV construction\",\"SOV Konstruktion\",\"sustainable shipping\",\"technologies maritimes\",\"transport M\u00e9diterran\u00e9e\",\"Werft\u00fcbernahme\",\"wind power infrastructure\",\"Windkraft Infrastruktur\"],\"articleSection\":[\"Europa\",\"Schifffahrt &amp; H\u00e4fen\"],\"inLanguage\":\"de\",\"potentialAction\":[{\"@type\":\"CommentAction\",\"name\":\"Comment\",\"target\":[\"https:\\\/\\\/transportjournal.com\\\/de\\\/2026\\\/01\\\/20\\\/ad-ports-group-uebernimmt-balenciaga-werft\\\/#respond\"]}]},{\"@type\":\"WebPage\",\"@id\":\"https:\\\/\\\/transportjournal.com\\\/de\\\/2026\\\/01\\\/20\\\/ad-ports-group-uebernimmt-balenciaga-werft\\\/\",\"url\":\"https:\\\/\\\/transportjournal.com\\\/de\\\/2026\\\/01\\\/20\\\/ad-ports-group-uebernimmt-balenciaga-werft\\\/\",\"name\":\"AD Ports Group \u00fcbernimmt Balenciaga Werft - ITJ | International Transport Journal\",\"isPartOf\":{\"@id\":\"https:\\\/\\\/transportjournal.com\\\/de\\\/#website\"},\"primaryImageOfPage\":{\"@id\":\"https:\\\/\\\/transportjournal.com\\\/de\\\/2026\\\/01\\\/20\\\/ad-ports-group-uebernimmt-balenciaga-werft\\\/#primaryimage\"},\"image\":{\"@id\":\"https:\\\/\\\/transportjournal.com\\\/de\\\/2026\\\/01\\\/20\\\/ad-ports-group-uebernimmt-balenciaga-werft\\\/#primaryimage\"},\"thumbnailUrl\":\"https:\\\/\\\/transportjournal.com\\\/wp-content\\\/uploads\\\/sites\\\/2\\\/2026\\\/01\\\/BALENCIAGA-image.jpg\",\"datePublished\":\"2026-01-20T11:18:06+00:00\",\"breadcrumb\":{\"@id\":\"https:\\\/\\\/transportjournal.com\\\/de\\\/2026\\\/01\\\/20\\\/ad-ports-group-uebernimmt-balenciaga-werft\\\/#breadcrumb\"},\"inLanguage\":\"de\",\"potentialAction\":[{\"@type\":\"ReadAction\",\"target\":[\"https:\\\/\\\/transportjournal.com\\\/de\\\/2026\\\/01\\\/20\\\/ad-ports-group-uebernimmt-balenciaga-werft\\\/\"]}]},{\"@type\":\"ImageObject\",\"inLanguage\":\"de\",\"@id\":\"https:\\\/\\\/transportjournal.com\\\/de\\\/2026\\\/01\\\/20\\\/ad-ports-group-uebernimmt-balenciaga-werft\\\/#primaryimage\",\"url\":\"https:\\\/\\\/transportjournal.com\\\/wp-content\\\/uploads\\\/sites\\\/2\\\/2026\\\/01\\\/BALENCIAGA-image.jpg\",\"contentUrl\":\"https:\\\/\\\/transportjournal.com\\\/wp-content\\\/uploads\\\/sites\\\/2\\\/2026\\\/01\\\/BALENCIAGA-image.jpg\",\"width\":1366,\"height\":768},{\"@type\":\"BreadcrumbList\",\"@id\":\"https:\\\/\\\/transportjournal.com\\\/de\\\/2026\\\/01\\\/20\\\/ad-ports-group-uebernimmt-balenciaga-werft\\\/#breadcrumb\",\"itemListElement\":[{\"@type\":\"ListItem\",\"position\":1,\"name\":\"Startseite\",\"item\":\"https:\\\/\\\/transportjournal.com\\\/de\\\/\"},{\"@type\":\"ListItem\",\"position\":2,\"name\":\"AD Ports Group \u00fcbernimmt Balenciaga Werft\"}]},{\"@type\":\"WebSite\",\"@id\":\"https:\\\/\\\/transportjournal.com\\\/de\\\/#website\",\"url\":\"https:\\\/\\\/transportjournal.com\\\/de\\\/\",\"name\":\"ITJ | International Transport Journal\",\"description\":\"Stay informed with the latest global news from the transport, logistics, and supply chain industries. Transport Journal delivers expert insights, analysis, and updates across shipping, aviation, intermodal, and forwarding.\",\"publisher\":{\"@id\":\"https:\\\/\\\/transportjournal.com\\\/de\\\/#organization\"},\"potentialAction\":[{\"@type\":\"SearchAction\",\"target\":{\"@type\":\"EntryPoint\",\"urlTemplate\":\"https:\\\/\\\/transportjournal.com\\\/de\\\/?s={search_term_string}\"},\"query-input\":{\"@type\":\"PropertyValueSpecification\",\"valueRequired\":true,\"valueName\":\"search_term_string\"}}],\"inLanguage\":\"de\"},{\"@type\":\"Organization\",\"@id\":\"https:\\\/\\\/transportjournal.com\\\/de\\\/#organization\",\"name\":\"Groupe Logismedia AG\",\"alternateName\":\"Logismedia Group AG\",\"url\":\"https:\\\/\\\/transportjournal.com\\\/de\\\/\",\"logo\":{\"@type\":\"ImageObject\",\"inLanguage\":\"de\",\"@id\":\"https:\\\/\\\/transportjournal.com\\\/de\\\/#\\\/schema\\\/logo\\\/image\\\/\",\"url\":\"https:\\\/\\\/transportjournal.com\\\/wp-content\\\/uploads\\\/sites\\\/2\\\/2025\\\/09\\\/Logo_ITJ.png\",\"contentUrl\":\"https:\\\/\\\/transportjournal.com\\\/wp-content\\\/uploads\\\/sites\\\/2\\\/2025\\\/09\\\/Logo_ITJ.png\",\"width\":799,\"height\":326,\"caption\":\"Groupe Logismedia AG\"},\"image\":{\"@id\":\"https:\\\/\\\/transportjournal.com\\\/de\\\/#\\\/schema\\\/logo\\\/image\\\/\"},\"sameAs\":[\"https:\\\/\\\/www.linkedin.com\\\/company\\\/56456496\\\/admin\\\/dashboard\\\/\",\"https:\\\/\\\/www.instagram.com\\\/logismediagroup\\\/\",\"https:\\\/\\\/www.youtube.com\\\/@LogiamediaGroupAG\"]},{\"@type\":\"Person\",\"@id\":\"https:\\\/\\\/transportjournal.com\\\/de\\\/#\\\/schema\\\/person\\\/41d36b5474b623392fa613e97e2363fa\",\"name\":\"Jeremy Soland\",\"url\":\"https:\\\/\\\/transportjournal.com\\\/de\\\/author\\\/jeremy\\\/\"}]}<\/script>\n<!-- \/ Yoast SEO plugin. -->","yoast_head_json":{"title":"AD Ports Group \u00fcbernimmt Balenciaga Werft - ITJ | International Transport Journal","robots":{"index":"index","follow":"follow","max-snippet":"max-snippet:-1","max-image-preview":"max-image-preview:large","max-video-preview":"max-video-preview:-1"},"canonical":"https:\/\/transportjournal.com\/de\/2026\/01\/20\/ad-ports-group-uebernimmt-balenciaga-werft\/","og_locale":"de_DE","og_type":"article","og_title":"AD Ports Group \u00fcbernimmt Balenciaga Werft - ITJ | International Transport Journal","og_description":"AD Ports Group hat die Balenciaga Astilleros Werft in Spanien \u00fcbernommen, um seine Aktivit\u00e4ten im Bereich Offshore-Windenergie und erneuerbare Energien zu st\u00e4rken.","og_url":"https:\/\/transportjournal.com\/de\/2026\/01\/20\/ad-ports-group-uebernimmt-balenciaga-werft\/","og_site_name":"ITJ | International Transport Journal","article_published_time":"2026-01-20T11:18:06+00:00","og_image":[{"width":1366,"height":768,"url":"https:\/\/transportjournal.com\/wp-content\/uploads\/sites\/2\/2026\/01\/BALENCIAGA-image.jpg","type":"image\/jpeg"}],"author":"Jeremy Soland","twitter_card":"summary_large_image","twitter_misc":{"Verfasst von":"Jeremy Soland","Gesch\u00e4tzte Lesezeit":"1\u00a0Minute"},"schema":{"@context":"https:\/\/schema.org","@graph":[{"@type":"Article","@id":"https:\/\/transportjournal.com\/de\/2026\/01\/20\/ad-ports-group-uebernimmt-balenciaga-werft\/#article","isPartOf":{"@id":"https:\/\/transportjournal.com\/de\/2026\/01\/20\/ad-ports-group-uebernimmt-balenciaga-werft\/"},"author":{"name":"Jeremy Soland","@id":"https:\/\/transportjournal.com\/de\/#\/schema\/person\/41d36b5474b623392fa613e97e2363fa"},"headline":"AD Ports Group \u00fcbernimmt Balenciaga Werft","datePublished":"2026-01-20T11:18:06+00:00","mainEntityOfPage":{"@id":"https:\/\/transportjournal.com\/de\/2026\/01\/20\/ad-ports-group-uebernimmt-balenciaga-werft\/"},"wordCount":214,"commentCount":0,"publisher":{"@id":"https:\/\/transportjournal.com\/de\/#organization"},"image":{"@id":"https:\/\/transportjournal.com\/de\/2026\/01\/20\/ad-ports-group-uebernimmt-balenciaga-werft\/#primaryimage"},"thumbnailUrl":"https:\/\/transportjournal.com\/wp-content\/uploads\/sites\/2\/2026\/01\/BALENCIAGA-image.jpg","keywords":["acquisition chantier naval","activit\u00e9s AD Ports","AD Ports activities Fran\u00e7ais AD Ports Group","AD Ports Aktivit\u00e4ten English AD Ports Group","automatisation construction navale","Automatisierung Schiffbau","Balenciaga harbor operations","Balenciaga Shipyard","Balenciaga Werft","baskische Werft","Basque shipyard","chantier basque","chantier naval Balenciaga","construction navale Espagne","construction SOV","Deutsch AD Ports Group","\u00e9nergie \u00e9olienne offshore","Fachkr\u00e4ftemangel Logistik","Hafenbetrieb Balenciaga","infrastructure \u00e9olienne","labor shortage logistics","logistics service providers Spain","Logistikdienstleister Spanien","maritime Technologien","maritime technologies","Mediterranean transport","Mittelmeerraum Transport","nachhaltige Schifffahrt","navigation durable","Noatum Maritime","offshore projects Spain","offshore wind energy","Offshore-Projekte Spanien","Offshore-Windenergie","op\u00e9rations portuaires Balenciaga","p\u00e9nurie de main-d'\u0153uvre logistique","pr\u00e9fabrication de modules navals","prestataires logistiques Espagne","production navale","projets offshore Espagne","Schiffbau Spanien","Schiffsmodul Vorfertigung","Schiffsproduktion","ship automation","ship module prefabrication","ship production","shipbuilding Spain","shipyard acquisition","SOV construction","SOV Konstruktion","sustainable shipping","technologies maritimes","transport M\u00e9diterran\u00e9e","Werft\u00fcbernahme","wind power infrastructure","Windkraft Infrastruktur"],"articleSection":["Europa","Schifffahrt &amp; H\u00e4fen"],"inLanguage":"de","potentialAction":[{"@type":"CommentAction","name":"Comment","target":["https:\/\/transportjournal.com\/de\/2026\/01\/20\/ad-ports-group-uebernimmt-balenciaga-werft\/#respond"]}]},{"@type":"WebPage","@id":"https:\/\/transportjournal.com\/de\/2026\/01\/20\/ad-ports-group-uebernimmt-balenciaga-werft\/","url":"https:\/\/transportjournal.com\/de\/2026\/01\/20\/ad-ports-group-uebernimmt-balenciaga-werft\/","name":"AD Ports Group \u00fcbernimmt Balenciaga Werft - ITJ | International Transport Journal","isPartOf":{"@id":"https:\/\/transportjournal.com\/de\/#website"},"primaryImageOfPage":{"@id":"https:\/\/transportjournal.com\/de\/2026\/01\/20\/ad-ports-group-uebernimmt-balenciaga-werft\/#primaryimage"},"image":{"@id":"https:\/\/transportjournal.com\/de\/2026\/01\/20\/ad-ports-group-uebernimmt-balenciaga-werft\/#primaryimage"},"thumbnailUrl":"https:\/\/transportjournal.com\/wp-content\/uploads\/sites\/2\/2026\/01\/BALENCIAGA-image.jpg","datePublished":"2026-01-20T11:18:06+00:00","breadcrumb":{"@id":"https:\/\/transportjournal.com\/de\/2026\/01\/20\/ad-ports-group-uebernimmt-balenciaga-werft\/#breadcrumb"},"inLanguage":"de","potentialAction":[{"@type":"ReadAction","target":["https:\/\/transportjournal.com\/de\/2026\/01\/20\/ad-ports-group-uebernimmt-balenciaga-werft\/"]}]},{"@type":"ImageObject","inLanguage":"de","@id":"https:\/\/transportjournal.com\/de\/2026\/01\/20\/ad-ports-group-uebernimmt-balenciaga-werft\/#primaryimage","url":"https:\/\/transportjournal.com\/wp-content\/uploads\/sites\/2\/2026\/01\/BALENCIAGA-image.jpg","contentUrl":"https:\/\/transportjournal.com\/wp-content\/uploads\/sites\/2\/2026\/01\/BALENCIAGA-image.jpg","width":1366,"height":768},{"@type":"BreadcrumbList","@id":"https:\/\/transportjournal.com\/de\/2026\/01\/20\/ad-ports-group-uebernimmt-balenciaga-werft\/#breadcrumb","itemListElement":[{"@type":"ListItem","position":1,"name":"Startseite","item":"https:\/\/transportjournal.com\/de\/"},{"@type":"ListItem","position":2,"name":"AD Ports Group \u00fcbernimmt Balenciaga Werft"}]},{"@type":"WebSite","@id":"https:\/\/transportjournal.com\/de\/#website","url":"https:\/\/transportjournal.com\/de\/","name":"ITJ | International Transport Journal","description":"Stay informed with the latest global news from the transport, logistics, and supply chain industries. Transport Journal delivers expert insights, analysis, and updates across shipping, aviation, intermodal, and forwarding.","publisher":{"@id":"https:\/\/transportjournal.com\/de\/#organization"},"potentialAction":[{"@type":"SearchAction","target":{"@type":"EntryPoint","urlTemplate":"https:\/\/transportjournal.com\/de\/?s={search_term_string}"},"query-input":{"@type":"PropertyValueSpecification","valueRequired":true,"valueName":"search_term_string"}}],"inLanguage":"de"},{"@type":"Organization","@id":"https:\/\/transportjournal.com\/de\/#organization","name":"Groupe Logismedia AG","alternateName":"Logismedia Group AG","url":"https:\/\/transportjournal.com\/de\/","logo":{"@type":"ImageObject","inLanguage":"de","@id":"https:\/\/transportjournal.com\/de\/#\/schema\/logo\/image\/","url":"https:\/\/transportjournal.com\/wp-content\/uploads\/sites\/2\/2025\/09\/Logo_ITJ.png","contentUrl":"https:\/\/transportjournal.com\/wp-content\/uploads\/sites\/2\/2025\/09\/Logo_ITJ.png","width":799,"height":326,"caption":"Groupe Logismedia AG"},"image":{"@id":"https:\/\/transportjournal.com\/de\/#\/schema\/logo\/image\/"},"sameAs":["https:\/\/www.linkedin.com\/company\/56456496\/admin\/dashboard\/","https:\/\/www.instagram.com\/logismediagroup\/","https:\/\/www.youtube.com\/@LogiamediaGroupAG"]},{"@type":"Person","@id":"https:\/\/transportjournal.com\/de\/#\/schema\/person\/41d36b5474b623392fa613e97e2363fa","name":"Jeremy Soland","url":"https:\/\/transportjournal.com\/de\/author\/jeremy\/"}]}},"_links":{"self":[{"href":"https:\/\/transportjournal.com\/de\/wp-json\/wp\/v2\/posts\/73543","targetHints":{"allow":["GET"]}}],"collection":[{"href":"https:\/\/transportjournal.com\/de\/wp-json\/wp\/v2\/posts"}],"about":[{"href":"https:\/\/transportjournal.com\/de\/wp-json\/wp\/v2\/types\/post"}],"author":[{"embeddable":true,"href":"https:\/\/transportjournal.com\/de\/wp-json\/wp\/v2\/users\/10"}],"replies":[{"embeddable":true,"href":"https:\/\/transportjournal.com\/de\/wp-json\/wp\/v2\/comments?post=73543"}],"version-history":[{"count":0,"href":"https:\/\/transportjournal.com\/de\/wp-json\/wp\/v2\/posts\/73543\/revisions"}],"wp:featuredmedia":[{"embeddable":true,"href":"https:\/\/transportjournal.com\/de\/wp-json\/wp\/v2\/media\/73542"}],"wp:attachment":[{"href":"https:\/\/transportjournal.com\/de\/wp-json\/wp\/v2\/media?parent=73543"}],"wp:term":[{"taxonomy":"category","embeddable":true,"href":"https:\/\/transportjournal.com\/de\/wp-json\/wp\/v2\/categories?post=73543"},{"taxonomy":"post_tag","embeddable":true,"href":"https:\/\/transportjournal.com\/de\/wp-json\/wp\/v2\/tags?post=73543"}],"curies":[{"name":"wp","href":"https:\/\/api.w.org\/{rel}","templated":true}]}}