{"id":73535,"date":"2026-01-20T11:22:00","date_gmt":"2026-01-20T11:22:00","guid":{"rendered":"https:\/\/transportjournal.com\/2026\/01\/20\/rekordjahr-fuer-flughafen-wien-2025\/"},"modified":"2026-01-20T11:22:00","modified_gmt":"2026-01-20T11:22:00","slug":"rekordjahr-fuer-flughafen-wien-2025","status":"publish","type":"post","link":"https:\/\/transportjournal.com\/de\/2026\/01\/20\/rekordjahr-fuer-flughafen-wien-2025\/","title":{"rendered":"Rekordjahr f\u00fcr Flughafen Wien 2025"},"content":{"rendered":"<p>Der Flughafen Wien hat im Jahr 2025 ein Rekordergebnis in der Luftfracht erzielt. Mit insgesamt 313.763 t Fracht wurde ein neuer H\u00f6chstwert erreicht, was einem Anstieg von 5,3% im Vergleich zum Vorjahr entspricht. Diese positive Entwicklung ist vor allem auf den gezielten Ausbau des Langstreckenangebots sowie auf das Wachstum im E-Commerce- und Pharmabereich zur\u00fcckzuf\u00fchren. Das Vienna Pharma Handling Center verzeichnete ebenfalls einen Anstieg und \u00fcbertraf das Vorjahresergebnis um 6,4%.<\/p>\n<h3>Wichtige Rolle im internationalen Luftfrachtverkehr<\/h3>\n<p>Mag. Julian J\u00e4ger, Vorstand der Flughafen Wien AG, betont die zentrale Bedeutung eines leistungsstarken Cargo-Sektors f\u00fcr Flugh\u00e4fen. \u201eLuftfracht sichert globale Warenstr\u00f6me und f\u00f6rdert wirtschaftliches Wachstum. Der Flughafen Wien \u00fcbernimmt dabei eine Schl\u00fcsselrolle als Logistikdrehscheibe \u2013 und als wichtigstes Eintrittstor f\u00fcr Luftfracht nach Mittel- und Osteuropa\u201c, erkl\u00e4rt J\u00e4ger.<\/p>\n<p>Die Effizienz der Abl\u00e4ufe im Luftfrachtbereich ist entscheidend. Mag. Michael Zach, Senior Vice President Ground Handling &amp; Cargo Operations der Flughafen Wien AG, hebt hervor, dass alle Prozesse nahtlos ineinandergreifen m\u00fcssen, um Sendungen schnell abfertigen zu k\u00f6nnen. Der Cargohub Wien profitierte 2025 besonders vom Anstieg der Volumina nach Nordamerika. Zach \u00e4u\u00dfert die Zuversicht, dass die positive Entwicklung auch im Jahr 2026 fortgesetzt werden kann.<\/p>\n<h3>Ex- und Importzahlen im Aufw\u00e4rtstrend<\/h3>\n<p>Im vergangenen Jahr wurden \u00fcber den Flughafen Wien 167.568 t Luftfracht importiert, was einem Anstieg von 2,8% im Vergleich zum Rekordjahr 2024 entspricht. Diese Zahlen unterstreichen die Rolle des Flughafens als Luftfrachtdrehkreuz f\u00fcr Mittel- und Osteuropa. Insbesondere wachsende E-Commerce-Mengen aus Asien trugen zur positiven Entwicklung bei. Im Exportbereich stiegen die Tonnagen im ersten Halbjahr stark an, was vor allem auf die US-amerikanische Zollpolitik zur\u00fcckzuf\u00fchren ist. Insgesamt wurden 146.195 t exportiert, was einem Anstieg von 8,4% im Vergleich zum Vorjahr entspricht. Wichtige Exportm\u00e4rkte sind Asien und die USA.<\/p>\n<h3>Geografische Vorteile und Infrastruktur<\/h3>\n<p>Der Flughafen Wien hat sich durch seine geografisch g\u00fcnstige Lage als bedeutendes globales Frachtdrehkreuz f\u00fcr Mittel- und Osteuropa etabliert. F\u00fchrende Frachtfluglinien steuern den Flughafen f\u00fcr interkontinentale Transporte an. Die 24-Stunden-Betriebsbereitschaft erm\u00f6glicht schnelle Umschlagzeiten. F\u00fcr die Luftfracht stehen zehn Flugzeugstellpl\u00e4tze der Kategorie F in unmittelbarer N\u00e4he zum Abfertigungsgeb\u00e4ude zur Verf\u00fcgung. Der Flughafen ist fest im europ\u00e4ischen Netzwerk der Luftfrachtersatzverkehre integriert und erreicht die wichtigsten Verbraucher- und Wirtschaftszentren in Mittel- und Osteuropa innerhalb von 24 bis 48 Stunden. Die b\u00f6rsennotierte Betreibergesellschaft Flughafen Wien AG besch\u00e4ftigt mehr als 5.400 Mitarbeiter und z\u00e4hlt zu den gr\u00f6\u00dften Arbeitgebern der Region.<\/p>\n<p>&nbsp;<\/p>\n<p><a href=\"https:\/\/viennaairport.com\/\" target=\"_blank\" rel=\"noopener noreferrer\">www.viennaairport.com<\/a><\/p>\n<p>&nbsp;<\/p>\n","protected":false},"excerpt":{"rendered":"<p>Der Flughafen Wien erzielte 2025 mit 313.763 Tonnen Luftfracht einen Rekord und festigte seine Rolle als wichtiges Logistikzentrum f\u00fcr Mittel- und Osteuropa.<\/p>\n","protected":false},"author":12,"featured_media":73534,"comment_status":"open","ping_status":"open","sticky":false,"template":"","format":"standard","meta":{"_acf_changed":false,"footnotes":""},"categories":[1575,1570],"tags":[6925,6926,6927,6928,6929,2252,6930,6931,2255,3619,4855,2797,6932,6933,6934,6935,2265,6936,6937,6938,6939,6940,6941,6942,6943,3632,6944,6945,6946,6947,6948,2277,3643,6949,6950,6951,6952,6953,6954,6955,6956,6957,6958,6959,6960,4876,6961,6962,6963,2148,6964,2837,6965,6966,2299,6967],"class_list":["post-73535","post","type-post","status-publish","format-standard","has-post-thumbnail","hentry","category-europa","category-luftfracht","tag-24-hour-operational-readiness","tag-24-stunden-betriebsbereitschaft","tag-aeroport-de-vienne","tag-air-freight-development","tag-air-freight-import-figures","tag-air-freight-industry","tag-air-freight-statistics-2025","tag-air-freight-to-north-america","tag-air-freight-volumes","tag-airport-infrastructure","tag-cargo-operations","tag-cargo-transport","tag-central-and-eastern-europe","tag-centre-de-traitement-pharmaceutique-vienne","tag-chiffres-dimportation-de-fret-aerien","tag-compagnies-aeriennes-de-fret","tag-deutsch-luftfracht","tag-developpement-du-fret-aerien","tag-disponibilite-operationnelle-24-heures","tag-e-commerce-air-freight","tag-e-commerce-luftfracht","tag-europe-centrale-et-orientale","tag-export-markets-asia-usa","tag-exportmaerkte-asien-usa","tag-flughafen-wien","tag-flughafeninfrastruktur","tag-frachtairlines","tag-freight-airlines","tag-fret-aerien-e-commerce","tag-fret-aerien-vers-lamerique-du-nord","tag-hub-logistique-vienne","tag-industrie-du-fret-aerien","tag-infrastructure-aeroportuaire","tag-logistics-hub-vienna","tag-logistics-service-providers-francais-fret-aerien","tag-logistikdienstleister-english-air-freight","tag-logistikdrehscheibe-wien","tag-luftfracht-nach-nordamerika","tag-luftfrachtentwicklung","tag-luftfrachtimportzahlen","tag-luftfrachtstatistik-2025","tag-luftfrachtvolumen","tag-luftfrachtwirtschaft","tag-marches-dexportation-asie-etats-unis","tag-mittel-und-osteuropa","tag-operations-de-fret","tag-pharma-handling-center-vienna","tag-pharma-handling-center-wien","tag-politique-douaniere-americaine","tag-prestataires-de-services-logistiques","tag-statistiques-de-fret-aerien-2025","tag-transport-de-marchandises","tag-us-customs-policy","tag-vienna-airport","tag-volumes-de-fret-aerien","tag-zollpolitik-usa"],"acf":[],"yoast_head":"<!-- This site is optimized with the Yoast SEO plugin v27.3 - https:\/\/yoast.com\/product\/yoast-seo-wordpress\/ -->\n<title>Rekordjahr f\u00fcr Flughafen Wien 2025 - ITJ | International Transport Journal<\/title>\n<meta name=\"robots\" content=\"index, follow, max-snippet:-1, max-image-preview:large, max-video-preview:-1\" \/>\n<link rel=\"canonical\" href=\"https:\/\/transportjournal.com\/de\/2026\/01\/20\/rekordjahr-fuer-flughafen-wien-2025\/\" \/>\n<meta property=\"og:locale\" content=\"de_DE\" \/>\n<meta property=\"og:type\" content=\"article\" \/>\n<meta property=\"og:title\" content=\"Rekordjahr f\u00fcr Flughafen Wien 2025 - ITJ | International Transport Journal\" \/>\n<meta property=\"og:description\" content=\"Der Flughafen Wien erzielte 2025 mit 313.763 Tonnen Luftfracht einen Rekord und festigte seine Rolle als wichtiges Logistikzentrum f\u00fcr Mittel- und Osteuropa.\" \/>\n<meta property=\"og:url\" content=\"https:\/\/transportjournal.com\/de\/2026\/01\/20\/rekordjahr-fuer-flughafen-wien-2025\/\" \/>\n<meta property=\"og:site_name\" content=\"ITJ | International Transport Journal\" \/>\n<meta property=\"article:published_time\" content=\"2026-01-20T11:22:00+00:00\" \/>\n<meta property=\"og:image\" content=\"https:\/\/transportjournal.com\/wp-content\/uploads\/sites\/2\/2026\/01\/Vienna-Airport-aspect-ratio-1400-788.jpg\" \/>\n\t<meta property=\"og:image:width\" content=\"2000\" \/>\n\t<meta property=\"og:image:height\" content=\"1126\" \/>\n\t<meta property=\"og:image:type\" content=\"image\/jpeg\" \/>\n<meta name=\"author\" content=\"Andreas Haug\" \/>\n<meta name=\"twitter:card\" content=\"summary_large_image\" \/>\n<meta name=\"twitter:label1\" content=\"Verfasst von\" \/>\n\t<meta name=\"twitter:data1\" content=\"Andreas Haug\" \/>\n\t<meta name=\"twitter:label2\" content=\"Gesch\u00e4tzte Lesezeit\" \/>\n\t<meta name=\"twitter:data2\" content=\"2\u00a0Minute\" \/>\n<script type=\"application\/ld+json\" class=\"yoast-schema-graph\">{\"@context\":\"https:\\\/\\\/schema.org\",\"@graph\":[{\"@type\":\"Article\",\"@id\":\"https:\\\/\\\/transportjournal.com\\\/de\\\/2026\\\/01\\\/20\\\/rekordjahr-fuer-flughafen-wien-2025\\\/#article\",\"isPartOf\":{\"@id\":\"https:\\\/\\\/transportjournal.com\\\/de\\\/2026\\\/01\\\/20\\\/rekordjahr-fuer-flughafen-wien-2025\\\/\"},\"author\":{\"name\":\"Andreas Haug\",\"@id\":\"https:\\\/\\\/transportjournal.com\\\/de\\\/#\\\/schema\\\/person\\\/cf538b3157f15afd7589245a4b3dbd25\"},\"headline\":\"Rekordjahr f\u00fcr Flughafen Wien 2025\",\"datePublished\":\"2026-01-20T11:22:00+00:00\",\"mainEntityOfPage\":{\"@id\":\"https:\\\/\\\/transportjournal.com\\\/de\\\/2026\\\/01\\\/20\\\/rekordjahr-fuer-flughafen-wien-2025\\\/\"},\"wordCount\":407,\"commentCount\":0,\"publisher\":{\"@id\":\"https:\\\/\\\/transportjournal.com\\\/de\\\/#organization\"},\"image\":{\"@id\":\"https:\\\/\\\/transportjournal.com\\\/de\\\/2026\\\/01\\\/20\\\/rekordjahr-fuer-flughafen-wien-2025\\\/#primaryimage\"},\"thumbnailUrl\":\"https:\\\/\\\/transportjournal.com\\\/wp-content\\\/uploads\\\/sites\\\/2\\\/2026\\\/01\\\/Vienna-Airport-aspect-ratio-1400-788.jpg\",\"keywords\":[\"24-hour operational readiness\",\"24-Stunden-Betriebsbereitschaft\",\"a\u00e9roport de Vienne\",\"air freight development\",\"air freight import figures\",\"air freight industry\",\"air freight statistics 2025\",\"air freight to North America\",\"air freight volumes\",\"airport infrastructure\",\"cargo operations\",\"cargo transport\",\"Central and Eastern Europe\",\"Centre de traitement pharmaceutique Vienne\",\"chiffres d'importation de fret a\u00e9rien\",\"compagnies a\u00e9riennes de fret\",\"Deutsch Luftfracht\",\"d\u00e9veloppement du fret a\u00e9rien\",\"disponibilit\u00e9 op\u00e9rationnelle 24 heures\",\"e-commerce air freight\",\"E-Commerce-Luftfracht\",\"Europe centrale et orientale\",\"export markets Asia USA\",\"Exportm\u00e4rkte Asien USA\",\"Flughafen Wien\",\"Flughafeninfrastruktur\",\"Frachtairlines\",\"freight airlines\",\"fret a\u00e9rien e-commerce\",\"fret a\u00e9rien vers l'Am\u00e9rique du Nord\",\"hub logistique Vienne\",\"industrie du fret a\u00e9rien\",\"infrastructure a\u00e9roportuaire\",\"logistics hub Vienna\",\"logistics service providers Fran\u00e7ais fret a\u00e9rien\",\"Logistikdienstleister English air freight\",\"Logistikdrehscheibe Wien\",\"Luftfracht nach Nordamerika\",\"Luftfrachtentwicklung\",\"Luftfrachtimportzahlen\",\"Luftfrachtstatistik 2025\",\"Luftfrachtvolumen\",\"Luftfrachtwirtschaft\",\"march\u00e9s d'exportation Asie \u00c9tats-Unis\",\"Mittel- und Osteuropa\",\"op\u00e9rations de fret\",\"Pharma Handling Center Vienna\",\"Pharma Handling Center Wien\",\"politique douani\u00e8re am\u00e9ricaine\",\"prestataires de services logistiques\",\"statistiques de fret a\u00e9rien 2025\",\"transport de marchandises\",\"US customs policy\",\"Vienna Airport\",\"volumes de fret a\u00e9rien\",\"Zollpolitik USA\"],\"articleSection\":[\"Europa\",\"Luftfracht\"],\"inLanguage\":\"de\",\"potentialAction\":[{\"@type\":\"CommentAction\",\"name\":\"Comment\",\"target\":[\"https:\\\/\\\/transportjournal.com\\\/de\\\/2026\\\/01\\\/20\\\/rekordjahr-fuer-flughafen-wien-2025\\\/#respond\"]}]},{\"@type\":\"WebPage\",\"@id\":\"https:\\\/\\\/transportjournal.com\\\/de\\\/2026\\\/01\\\/20\\\/rekordjahr-fuer-flughafen-wien-2025\\\/\",\"url\":\"https:\\\/\\\/transportjournal.com\\\/de\\\/2026\\\/01\\\/20\\\/rekordjahr-fuer-flughafen-wien-2025\\\/\",\"name\":\"Rekordjahr f\u00fcr Flughafen Wien 2025 - ITJ | International Transport Journal\",\"isPartOf\":{\"@id\":\"https:\\\/\\\/transportjournal.com\\\/de\\\/#website\"},\"primaryImageOfPage\":{\"@id\":\"https:\\\/\\\/transportjournal.com\\\/de\\\/2026\\\/01\\\/20\\\/rekordjahr-fuer-flughafen-wien-2025\\\/#primaryimage\"},\"image\":{\"@id\":\"https:\\\/\\\/transportjournal.com\\\/de\\\/2026\\\/01\\\/20\\\/rekordjahr-fuer-flughafen-wien-2025\\\/#primaryimage\"},\"thumbnailUrl\":\"https:\\\/\\\/transportjournal.com\\\/wp-content\\\/uploads\\\/sites\\\/2\\\/2026\\\/01\\\/Vienna-Airport-aspect-ratio-1400-788.jpg\",\"datePublished\":\"2026-01-20T11:22:00+00:00\",\"breadcrumb\":{\"@id\":\"https:\\\/\\\/transportjournal.com\\\/de\\\/2026\\\/01\\\/20\\\/rekordjahr-fuer-flughafen-wien-2025\\\/#breadcrumb\"},\"inLanguage\":\"de\",\"potentialAction\":[{\"@type\":\"ReadAction\",\"target\":[\"https:\\\/\\\/transportjournal.com\\\/de\\\/2026\\\/01\\\/20\\\/rekordjahr-fuer-flughafen-wien-2025\\\/\"]}]},{\"@type\":\"ImageObject\",\"inLanguage\":\"de\",\"@id\":\"https:\\\/\\\/transportjournal.com\\\/de\\\/2026\\\/01\\\/20\\\/rekordjahr-fuer-flughafen-wien-2025\\\/#primaryimage\",\"url\":\"https:\\\/\\\/transportjournal.com\\\/wp-content\\\/uploads\\\/sites\\\/2\\\/2026\\\/01\\\/Vienna-Airport-aspect-ratio-1400-788.jpg\",\"contentUrl\":\"https:\\\/\\\/transportjournal.com\\\/wp-content\\\/uploads\\\/sites\\\/2\\\/2026\\\/01\\\/Vienna-Airport-aspect-ratio-1400-788.jpg\",\"width\":2000,\"height\":1126},{\"@type\":\"BreadcrumbList\",\"@id\":\"https:\\\/\\\/transportjournal.com\\\/de\\\/2026\\\/01\\\/20\\\/rekordjahr-fuer-flughafen-wien-2025\\\/#breadcrumb\",\"itemListElement\":[{\"@type\":\"ListItem\",\"position\":1,\"name\":\"Startseite\",\"item\":\"https:\\\/\\\/transportjournal.com\\\/de\\\/\"},{\"@type\":\"ListItem\",\"position\":2,\"name\":\"Rekordjahr f\u00fcr Flughafen Wien 2025\"}]},{\"@type\":\"WebSite\",\"@id\":\"https:\\\/\\\/transportjournal.com\\\/de\\\/#website\",\"url\":\"https:\\\/\\\/transportjournal.com\\\/de\\\/\",\"name\":\"ITJ | International Transport Journal\",\"description\":\"Stay informed with the latest global news from the transport, logistics, and supply chain industries. Transport Journal delivers expert insights, analysis, and updates across shipping, aviation, intermodal, and forwarding.\",\"publisher\":{\"@id\":\"https:\\\/\\\/transportjournal.com\\\/de\\\/#organization\"},\"potentialAction\":[{\"@type\":\"SearchAction\",\"target\":{\"@type\":\"EntryPoint\",\"urlTemplate\":\"https:\\\/\\\/transportjournal.com\\\/de\\\/?s={search_term_string}\"},\"query-input\":{\"@type\":\"PropertyValueSpecification\",\"valueRequired\":true,\"valueName\":\"search_term_string\"}}],\"inLanguage\":\"de\"},{\"@type\":\"Organization\",\"@id\":\"https:\\\/\\\/transportjournal.com\\\/de\\\/#organization\",\"name\":\"Groupe Logismedia AG\",\"alternateName\":\"Logismedia Group AG\",\"url\":\"https:\\\/\\\/transportjournal.com\\\/de\\\/\",\"logo\":{\"@type\":\"ImageObject\",\"inLanguage\":\"de\",\"@id\":\"https:\\\/\\\/transportjournal.com\\\/de\\\/#\\\/schema\\\/logo\\\/image\\\/\",\"url\":\"https:\\\/\\\/transportjournal.com\\\/wp-content\\\/uploads\\\/sites\\\/2\\\/2025\\\/09\\\/Logo_ITJ.png\",\"contentUrl\":\"https:\\\/\\\/transportjournal.com\\\/wp-content\\\/uploads\\\/sites\\\/2\\\/2025\\\/09\\\/Logo_ITJ.png\",\"width\":799,\"height\":326,\"caption\":\"Groupe Logismedia AG\"},\"image\":{\"@id\":\"https:\\\/\\\/transportjournal.com\\\/de\\\/#\\\/schema\\\/logo\\\/image\\\/\"},\"sameAs\":[\"https:\\\/\\\/www.linkedin.com\\\/company\\\/56456496\\\/admin\\\/dashboard\\\/\",\"https:\\\/\\\/www.instagram.com\\\/logismediagroup\\\/\",\"https:\\\/\\\/www.youtube.com\\\/@LogiamediaGroupAG\"]},{\"@type\":\"Person\",\"@id\":\"https:\\\/\\\/transportjournal.com\\\/de\\\/#\\\/schema\\\/person\\\/cf538b3157f15afd7589245a4b3dbd25\",\"name\":\"Andreas Haug\",\"url\":\"https:\\\/\\\/transportjournal.com\\\/de\\\/author\\\/andreas\\\/\"}]}<\/script>\n<!-- \/ Yoast SEO plugin. -->","yoast_head_json":{"title":"Rekordjahr f\u00fcr Flughafen Wien 2025 - ITJ | International Transport Journal","robots":{"index":"index","follow":"follow","max-snippet":"max-snippet:-1","max-image-preview":"max-image-preview:large","max-video-preview":"max-video-preview:-1"},"canonical":"https:\/\/transportjournal.com\/de\/2026\/01\/20\/rekordjahr-fuer-flughafen-wien-2025\/","og_locale":"de_DE","og_type":"article","og_title":"Rekordjahr f\u00fcr Flughafen Wien 2025 - ITJ | International Transport Journal","og_description":"Der Flughafen Wien erzielte 2025 mit 313.763 Tonnen Luftfracht einen Rekord und festigte seine Rolle als wichtiges Logistikzentrum f\u00fcr Mittel- und Osteuropa.","og_url":"https:\/\/transportjournal.com\/de\/2026\/01\/20\/rekordjahr-fuer-flughafen-wien-2025\/","og_site_name":"ITJ | International Transport Journal","article_published_time":"2026-01-20T11:22:00+00:00","og_image":[{"width":2000,"height":1126,"url":"https:\/\/transportjournal.com\/wp-content\/uploads\/sites\/2\/2026\/01\/Vienna-Airport-aspect-ratio-1400-788.jpg","type":"image\/jpeg"}],"author":"Andreas Haug","twitter_card":"summary_large_image","twitter_misc":{"Verfasst von":"Andreas Haug","Gesch\u00e4tzte Lesezeit":"2\u00a0Minute"},"schema":{"@context":"https:\/\/schema.org","@graph":[{"@type":"Article","@id":"https:\/\/transportjournal.com\/de\/2026\/01\/20\/rekordjahr-fuer-flughafen-wien-2025\/#article","isPartOf":{"@id":"https:\/\/transportjournal.com\/de\/2026\/01\/20\/rekordjahr-fuer-flughafen-wien-2025\/"},"author":{"name":"Andreas Haug","@id":"https:\/\/transportjournal.com\/de\/#\/schema\/person\/cf538b3157f15afd7589245a4b3dbd25"},"headline":"Rekordjahr f\u00fcr Flughafen Wien 2025","datePublished":"2026-01-20T11:22:00+00:00","mainEntityOfPage":{"@id":"https:\/\/transportjournal.com\/de\/2026\/01\/20\/rekordjahr-fuer-flughafen-wien-2025\/"},"wordCount":407,"commentCount":0,"publisher":{"@id":"https:\/\/transportjournal.com\/de\/#organization"},"image":{"@id":"https:\/\/transportjournal.com\/de\/2026\/01\/20\/rekordjahr-fuer-flughafen-wien-2025\/#primaryimage"},"thumbnailUrl":"https:\/\/transportjournal.com\/wp-content\/uploads\/sites\/2\/2026\/01\/Vienna-Airport-aspect-ratio-1400-788.jpg","keywords":["24-hour operational readiness","24-Stunden-Betriebsbereitschaft","a\u00e9roport de Vienne","air freight development","air freight import figures","air freight industry","air freight statistics 2025","air freight to North America","air freight volumes","airport infrastructure","cargo operations","cargo transport","Central and Eastern Europe","Centre de traitement pharmaceutique Vienne","chiffres d'importation de fret a\u00e9rien","compagnies a\u00e9riennes de fret","Deutsch Luftfracht","d\u00e9veloppement du fret a\u00e9rien","disponibilit\u00e9 op\u00e9rationnelle 24 heures","e-commerce air freight","E-Commerce-Luftfracht","Europe centrale et orientale","export markets Asia USA","Exportm\u00e4rkte Asien USA","Flughafen Wien","Flughafeninfrastruktur","Frachtairlines","freight airlines","fret a\u00e9rien e-commerce","fret a\u00e9rien vers l'Am\u00e9rique du Nord","hub logistique Vienne","industrie du fret a\u00e9rien","infrastructure a\u00e9roportuaire","logistics hub Vienna","logistics service providers Fran\u00e7ais fret a\u00e9rien","Logistikdienstleister English air freight","Logistikdrehscheibe Wien","Luftfracht nach Nordamerika","Luftfrachtentwicklung","Luftfrachtimportzahlen","Luftfrachtstatistik 2025","Luftfrachtvolumen","Luftfrachtwirtschaft","march\u00e9s d'exportation Asie \u00c9tats-Unis","Mittel- und Osteuropa","op\u00e9rations de fret","Pharma Handling Center Vienna","Pharma Handling Center Wien","politique douani\u00e8re am\u00e9ricaine","prestataires de services logistiques","statistiques de fret a\u00e9rien 2025","transport de marchandises","US customs policy","Vienna Airport","volumes de fret a\u00e9rien","Zollpolitik USA"],"articleSection":["Europa","Luftfracht"],"inLanguage":"de","potentialAction":[{"@type":"CommentAction","name":"Comment","target":["https:\/\/transportjournal.com\/de\/2026\/01\/20\/rekordjahr-fuer-flughafen-wien-2025\/#respond"]}]},{"@type":"WebPage","@id":"https:\/\/transportjournal.com\/de\/2026\/01\/20\/rekordjahr-fuer-flughafen-wien-2025\/","url":"https:\/\/transportjournal.com\/de\/2026\/01\/20\/rekordjahr-fuer-flughafen-wien-2025\/","name":"Rekordjahr f\u00fcr Flughafen Wien 2025 - ITJ | International Transport Journal","isPartOf":{"@id":"https:\/\/transportjournal.com\/de\/#website"},"primaryImageOfPage":{"@id":"https:\/\/transportjournal.com\/de\/2026\/01\/20\/rekordjahr-fuer-flughafen-wien-2025\/#primaryimage"},"image":{"@id":"https:\/\/transportjournal.com\/de\/2026\/01\/20\/rekordjahr-fuer-flughafen-wien-2025\/#primaryimage"},"thumbnailUrl":"https:\/\/transportjournal.com\/wp-content\/uploads\/sites\/2\/2026\/01\/Vienna-Airport-aspect-ratio-1400-788.jpg","datePublished":"2026-01-20T11:22:00+00:00","breadcrumb":{"@id":"https:\/\/transportjournal.com\/de\/2026\/01\/20\/rekordjahr-fuer-flughafen-wien-2025\/#breadcrumb"},"inLanguage":"de","potentialAction":[{"@type":"ReadAction","target":["https:\/\/transportjournal.com\/de\/2026\/01\/20\/rekordjahr-fuer-flughafen-wien-2025\/"]}]},{"@type":"ImageObject","inLanguage":"de","@id":"https:\/\/transportjournal.com\/de\/2026\/01\/20\/rekordjahr-fuer-flughafen-wien-2025\/#primaryimage","url":"https:\/\/transportjournal.com\/wp-content\/uploads\/sites\/2\/2026\/01\/Vienna-Airport-aspect-ratio-1400-788.jpg","contentUrl":"https:\/\/transportjournal.com\/wp-content\/uploads\/sites\/2\/2026\/01\/Vienna-Airport-aspect-ratio-1400-788.jpg","width":2000,"height":1126},{"@type":"BreadcrumbList","@id":"https:\/\/transportjournal.com\/de\/2026\/01\/20\/rekordjahr-fuer-flughafen-wien-2025\/#breadcrumb","itemListElement":[{"@type":"ListItem","position":1,"name":"Startseite","item":"https:\/\/transportjournal.com\/de\/"},{"@type":"ListItem","position":2,"name":"Rekordjahr f\u00fcr Flughafen Wien 2025"}]},{"@type":"WebSite","@id":"https:\/\/transportjournal.com\/de\/#website","url":"https:\/\/transportjournal.com\/de\/","name":"ITJ | International Transport Journal","description":"Stay informed with the latest global news from the transport, logistics, and supply chain industries. Transport Journal delivers expert insights, analysis, and updates across shipping, aviation, intermodal, and forwarding.","publisher":{"@id":"https:\/\/transportjournal.com\/de\/#organization"},"potentialAction":[{"@type":"SearchAction","target":{"@type":"EntryPoint","urlTemplate":"https:\/\/transportjournal.com\/de\/?s={search_term_string}"},"query-input":{"@type":"PropertyValueSpecification","valueRequired":true,"valueName":"search_term_string"}}],"inLanguage":"de"},{"@type":"Organization","@id":"https:\/\/transportjournal.com\/de\/#organization","name":"Groupe Logismedia AG","alternateName":"Logismedia Group AG","url":"https:\/\/transportjournal.com\/de\/","logo":{"@type":"ImageObject","inLanguage":"de","@id":"https:\/\/transportjournal.com\/de\/#\/schema\/logo\/image\/","url":"https:\/\/transportjournal.com\/wp-content\/uploads\/sites\/2\/2025\/09\/Logo_ITJ.png","contentUrl":"https:\/\/transportjournal.com\/wp-content\/uploads\/sites\/2\/2025\/09\/Logo_ITJ.png","width":799,"height":326,"caption":"Groupe Logismedia AG"},"image":{"@id":"https:\/\/transportjournal.com\/de\/#\/schema\/logo\/image\/"},"sameAs":["https:\/\/www.linkedin.com\/company\/56456496\/admin\/dashboard\/","https:\/\/www.instagram.com\/logismediagroup\/","https:\/\/www.youtube.com\/@LogiamediaGroupAG"]},{"@type":"Person","@id":"https:\/\/transportjournal.com\/de\/#\/schema\/person\/cf538b3157f15afd7589245a4b3dbd25","name":"Andreas Haug","url":"https:\/\/transportjournal.com\/de\/author\/andreas\/"}]}},"_links":{"self":[{"href":"https:\/\/transportjournal.com\/de\/wp-json\/wp\/v2\/posts\/73535","targetHints":{"allow":["GET"]}}],"collection":[{"href":"https:\/\/transportjournal.com\/de\/wp-json\/wp\/v2\/posts"}],"about":[{"href":"https:\/\/transportjournal.com\/de\/wp-json\/wp\/v2\/types\/post"}],"author":[{"embeddable":true,"href":"https:\/\/transportjournal.com\/de\/wp-json\/wp\/v2\/users\/12"}],"replies":[{"embeddable":true,"href":"https:\/\/transportjournal.com\/de\/wp-json\/wp\/v2\/comments?post=73535"}],"version-history":[{"count":0,"href":"https:\/\/transportjournal.com\/de\/wp-json\/wp\/v2\/posts\/73535\/revisions"}],"wp:featuredmedia":[{"embeddable":true,"href":"https:\/\/transportjournal.com\/de\/wp-json\/wp\/v2\/media\/73534"}],"wp:attachment":[{"href":"https:\/\/transportjournal.com\/de\/wp-json\/wp\/v2\/media?parent=73535"}],"wp:term":[{"taxonomy":"category","embeddable":true,"href":"https:\/\/transportjournal.com\/de\/wp-json\/wp\/v2\/categories?post=73535"},{"taxonomy":"post_tag","embeddable":true,"href":"https:\/\/transportjournal.com\/de\/wp-json\/wp\/v2\/tags?post=73535"}],"curies":[{"name":"wp","href":"https:\/\/api.w.org\/{rel}","templated":true}]}}