{"id":73466,"date":"2026-01-19T12:01:15","date_gmt":"2026-01-19T12:01:15","guid":{"rendered":"https:\/\/transportjournal.com\/2026\/01\/19\/neustrukturierung-der-vertriebsregion-central-europe\/"},"modified":"2026-01-23T12:28:23","modified_gmt":"2026-01-23T11:28:23","slug":"neustrukturierung-der-vertriebsregion-central-europe","status":"publish","type":"post","link":"https:\/\/transportjournal.com\/de\/2026\/01\/19\/neustrukturierung-der-vertriebsregion-central-europe\/","title":{"rendered":"Neustrukturierung der Vertriebsregion Central Europe"},"content":{"rendered":"<p>Zum 1. Januar 2026 wurde die Vertriebsregion Central Europe bei Schmitz Cargobull neu strukturiert. Vujo Crnomarkovic (Foto) \u00fcbernimmt die Position des Sales Director f\u00fcr diese Region. Neben seiner neuen Rolle bleibt er auch Country Manager f\u00fcr Serbien und Montenegro und wird zus\u00e4tzlich die Verantwortung f\u00fcr Griechenland \u00fcbernehmen. Crnomarkovic bringt \u00fcber 20 Jahre Erfahrung innerhalb der Schmitz Cargobull Organisation mit und verf\u00fcgt \u00fcber umfassende Marktkenntnisse, die f\u00fcr die Weiterentwicklung der Vertriebsregion Central Europe von Bedeutung sind.<\/p>\n<p>Roland W. Schacht, der bisher als Sales Director f\u00fcr Central Europe sowie als Country Manager f\u00fcr Rum\u00e4nien und Griechenland t\u00e4tig war, hat das Unternehmen auf eigenen Wunsch zum 31. Dezember 2025 verlassen.<\/p>\n<h3>Neue F\u00fchrungskr\u00e4fte in der Region<\/h3>\n<p>Im Zuge der Neustrukturierung wird Constantin Victor Burcioi neuer Country Manager f\u00fcr Rum\u00e4nien. Burcioi ist seit 2005 im Unternehmen und hat seit 2014 die Vertriebsaktivit\u00e4ten f\u00fcr Neu- und Gebrauchtfahrzeuge in Rum\u00e4nien und Moldawien geleitet. Seine umfassende Marktexpertise soll dazu beitragen, die Kundenn\u00e4he und die Aktivit\u00e4ten in Rum\u00e4nien weiter zu st\u00e4rken.<\/p>\n<p>Kerem Tas, der bereits Country Manager von Schmitz Cargobull T\u00fcrkiye ist, wird zudem das Werk in Adapazari innerhalb des internationalen Produktionsnetzwerks von Schmitz Cargobull verantworten. Seit Januar berichtet er direkt an den Vertriebsvorstand Ralph Kleideiter. Tas bringt \u00fcber 30 Jahre internationale Branchenerfahrung mit und hat den Produktions- und Vertriebsstandort in der T\u00fcrkei in den vergangenen sechs Jahren weiterentwickelt.<\/p>\n<p>&nbsp;<\/p>\n<p><a href=\"https:\/\/www.cargobull.com\/\" target=\"_blank\" rel=\"noopener noreferrer\">www.cargobull.com<\/a><\/p>\n<p>&nbsp;<\/p>\n","protected":false},"excerpt":{"rendered":"<p>Zum 1. Januar 2026 wird Vujo Crnomarkovic Sales Director f\u00fcr Central Europe bei Schmitz Cargobull und \u00fcbernimmt zus\u00e4tzlich die Verantwortung f\u00fcr Griechenland.<\/p>\n","protected":false},"author":12,"featured_media":73465,"comment_status":"open","ping_status":"open","sticky":false,"template":"","format":"standard","meta":{"_acf_changed":false,"footnotes":""},"categories":[1575,1567,1573],"tags":[4193,4109,6711,6712,6713,6714,6715,4115,6716,1889,6717,6718,6719,2125,3682,6720,6721,6722,6723,6724,2133,1831,6725,6726,6727,6728,6729,6730,2232,2148,2775,2777,6731,6732,2782,6733,6734,6735,6736,6737,6738,4223,6739,6740,6741,6742,6743,4099,2155,1837,6744,4225,6745],"class_list":["post-73466","post","type-post","status-publish","format-standard","has-post-thumbnail","hentry","category-europa","category-wechsel-weltweit","category-regionen","tag-activites-de-vente","tag-central-europe","tag-connaissances-du-marche","tag-country-manager","tag-customer-proximity","tag-deutsch-schmitz-cargobull","tag-directeur-des-ventes","tag-europe-centrale","tag-experience-internationale-dans-lindustrie","tag-fachkraeftemangel","tag-grece","tag-greece","tag-griechenland","tag-industrie-du-transport","tag-infrastructure","tag-infrastructure-francais-schmitz-cargobull","tag-infrastruktur-english-schmitz-cargobull","tag-international-industry-experience","tag-internationale-branchenerfahrung","tag-kundennaehe","tag-logistics-service-providers","tag-logistikdienstleister","tag-market-knowledge","tag-marktkenntnisse","tag-montenegro","tag-neu-und-gebrauchtfahrzeuge","tag-neustrukturierung","tag-new-and-used-vehicles","tag-penurie-de-main-doeuvre","tag-prestataires-de-services-logistiques","tag-production-network","tag-produktionsnetzwerk","tag-proximite-client","tag-region-de-vente","tag-reseau-de-production","tag-responsable-de-pays","tag-restructuration","tag-restructuring","tag-romania","tag-roumanie","tag-rumaenien","tag-sales-activities","tag-sales-director","tag-sales-region","tag-serbia","tag-serbie","tag-serbien","tag-skilled-labor-shortage","tag-transport-industry","tag-transportwirtschaft","tag-vehicules-neufs-et-doccasion","tag-vertriebsaktivitaeten","tag-vertriebsregion"],"acf":[],"yoast_head":"<!-- This site is optimized with the Yoast SEO plugin v27.3 - https:\/\/yoast.com\/product\/yoast-seo-wordpress\/ -->\n<title>Neustrukturierung der Vertriebsregion Central Europe - ITJ | International Transport Journal<\/title>\n<meta name=\"robots\" content=\"index, follow, max-snippet:-1, max-image-preview:large, max-video-preview:-1\" \/>\n<link rel=\"canonical\" href=\"https:\/\/transportjournal.com\/de\/2026\/01\/19\/neustrukturierung-der-vertriebsregion-central-europe\/\" \/>\n<meta property=\"og:locale\" content=\"de_DE\" \/>\n<meta property=\"og:type\" content=\"article\" \/>\n<meta property=\"og:title\" content=\"Neustrukturierung der Vertriebsregion Central Europe - ITJ | International Transport Journal\" \/>\n<meta property=\"og:description\" content=\"Zum 1. Januar 2026 wird Vujo Crnomarkovic Sales Director f\u00fcr Central Europe bei Schmitz Cargobull und \u00fcbernimmt zus\u00e4tzlich die Verantwortung f\u00fcr Griechenland.\" \/>\n<meta property=\"og:url\" content=\"https:\/\/transportjournal.com\/de\/2026\/01\/19\/neustrukturierung-der-vertriebsregion-central-europe\/\" \/>\n<meta property=\"og:site_name\" content=\"ITJ | International Transport Journal\" \/>\n<meta property=\"article:published_time\" content=\"2026-01-19T12:01:15+00:00\" \/>\n<meta property=\"article:modified_time\" content=\"2026-01-23T11:28:23+00:00\" \/>\n<meta property=\"og:image\" content=\"https:\/\/transportjournal.com\/wp-content\/uploads\/sites\/2\/2026\/01\/Schmitz-Cargobull_Vujo-Crnomarkovic_Sales-Director-Central-Europe-aspect-ratio-1400-788.jpg\" \/>\n\t<meta property=\"og:image:width\" content=\"1302\" \/>\n\t<meta property=\"og:image:height\" content=\"732\" \/>\n\t<meta property=\"og:image:type\" content=\"image\/jpeg\" \/>\n<meta name=\"author\" content=\"Andreas Haug\" \/>\n<meta name=\"twitter:card\" content=\"summary_large_image\" \/>\n<meta name=\"twitter:label1\" content=\"Verfasst von\" \/>\n\t<meta name=\"twitter:data1\" content=\"Andreas Haug\" \/>\n\t<meta name=\"twitter:label2\" content=\"Gesch\u00e4tzte Lesezeit\" \/>\n\t<meta name=\"twitter:data2\" content=\"1\u00a0Minute\" \/>\n<script type=\"application\/ld+json\" class=\"yoast-schema-graph\">{\"@context\":\"https:\\\/\\\/schema.org\",\"@graph\":[{\"@type\":\"Article\",\"@id\":\"https:\\\/\\\/transportjournal.com\\\/de\\\/2026\\\/01\\\/19\\\/neustrukturierung-der-vertriebsregion-central-europe\\\/#article\",\"isPartOf\":{\"@id\":\"https:\\\/\\\/transportjournal.com\\\/de\\\/2026\\\/01\\\/19\\\/neustrukturierung-der-vertriebsregion-central-europe\\\/\"},\"author\":{\"name\":\"Andreas Haug\",\"@id\":\"https:\\\/\\\/transportjournal.com\\\/de\\\/#\\\/schema\\\/person\\\/cf538b3157f15afd7589245a4b3dbd25\"},\"headline\":\"Neustrukturierung der Vertriebsregion Central Europe\",\"datePublished\":\"2026-01-19T12:01:15+00:00\",\"dateModified\":\"2026-01-23T11:28:23+00:00\",\"mainEntityOfPage\":{\"@id\":\"https:\\\/\\\/transportjournal.com\\\/de\\\/2026\\\/01\\\/19\\\/neustrukturierung-der-vertriebsregion-central-europe\\\/\"},\"wordCount\":245,\"commentCount\":0,\"publisher\":{\"@id\":\"https:\\\/\\\/transportjournal.com\\\/de\\\/#organization\"},\"image\":{\"@id\":\"https:\\\/\\\/transportjournal.com\\\/de\\\/2026\\\/01\\\/19\\\/neustrukturierung-der-vertriebsregion-central-europe\\\/#primaryimage\"},\"thumbnailUrl\":\"https:\\\/\\\/transportjournal.com\\\/wp-content\\\/uploads\\\/sites\\\/2\\\/2026\\\/01\\\/Schmitz-Cargobull_Vujo-Crnomarkovic_Sales-Director-Central-Europe-aspect-ratio-1400-788.jpg\",\"keywords\":[\"activit\u00e9s de vente\",\"Central Europe\",\"connaissances du march\u00e9\",\"Country Manager\",\"customer proximity\",\"Deutsch Schmitz Cargobull\",\"directeur des ventes\",\"Europe centrale\",\"exp\u00e9rience internationale dans l'industrie\",\"Fachkr\u00e4ftemangel\",\"Gr\u00e8ce\",\"Greece\",\"Griechenland\",\"industrie du transport\",\"infrastructure\",\"infrastructure Fran\u00e7ais Schmitz Cargobull\",\"Infrastruktur English Schmitz Cargobull\",\"international industry experience\",\"internationale Branchenerfahrung\",\"Kundenn\u00e4he\",\"logistics service providers\",\"Logistikdienstleister\",\"market knowledge\",\"Marktkenntnisse\",\"Montenegro\",\"Neu- und Gebrauchtfahrzeuge\",\"Neustrukturierung\",\"new and used vehicles\",\"p\u00e9nurie de main-d'\u0153uvre\",\"prestataires de services logistiques\",\"production network\",\"Produktionsnetzwerk\",\"proximit\u00e9 client\",\"r\u00e9gion de vente\",\"r\u00e9seau de production\",\"responsable de pays\",\"restructuration\",\"restructuring\",\"Romania\",\"Roumanie\",\"Rum\u00e4nien\",\"sales activities\",\"Sales Director\",\"sales region\",\"Serbia\",\"Serbie\",\"Serbien\",\"skilled labor shortage\",\"transport industry\",\"Transportwirtschaft\",\"v\u00e9hicules neufs et d'occasion\",\"Vertriebsaktivit\u00e4ten\",\"Vertriebsregion\"],\"articleSection\":[\"Europa\",\"Menschen &amp; Unternehmen\",\"Regionen\"],\"inLanguage\":\"de\",\"potentialAction\":[{\"@type\":\"CommentAction\",\"name\":\"Comment\",\"target\":[\"https:\\\/\\\/transportjournal.com\\\/de\\\/2026\\\/01\\\/19\\\/neustrukturierung-der-vertriebsregion-central-europe\\\/#respond\"]}]},{\"@type\":\"WebPage\",\"@id\":\"https:\\\/\\\/transportjournal.com\\\/de\\\/2026\\\/01\\\/19\\\/neustrukturierung-der-vertriebsregion-central-europe\\\/\",\"url\":\"https:\\\/\\\/transportjournal.com\\\/de\\\/2026\\\/01\\\/19\\\/neustrukturierung-der-vertriebsregion-central-europe\\\/\",\"name\":\"Neustrukturierung der Vertriebsregion Central Europe - ITJ | International Transport Journal\",\"isPartOf\":{\"@id\":\"https:\\\/\\\/transportjournal.com\\\/de\\\/#website\"},\"primaryImageOfPage\":{\"@id\":\"https:\\\/\\\/transportjournal.com\\\/de\\\/2026\\\/01\\\/19\\\/neustrukturierung-der-vertriebsregion-central-europe\\\/#primaryimage\"},\"image\":{\"@id\":\"https:\\\/\\\/transportjournal.com\\\/de\\\/2026\\\/01\\\/19\\\/neustrukturierung-der-vertriebsregion-central-europe\\\/#primaryimage\"},\"thumbnailUrl\":\"https:\\\/\\\/transportjournal.com\\\/wp-content\\\/uploads\\\/sites\\\/2\\\/2026\\\/01\\\/Schmitz-Cargobull_Vujo-Crnomarkovic_Sales-Director-Central-Europe-aspect-ratio-1400-788.jpg\",\"datePublished\":\"2026-01-19T12:01:15+00:00\",\"dateModified\":\"2026-01-23T11:28:23+00:00\",\"breadcrumb\":{\"@id\":\"https:\\\/\\\/transportjournal.com\\\/de\\\/2026\\\/01\\\/19\\\/neustrukturierung-der-vertriebsregion-central-europe\\\/#breadcrumb\"},\"inLanguage\":\"de\",\"potentialAction\":[{\"@type\":\"ReadAction\",\"target\":[\"https:\\\/\\\/transportjournal.com\\\/de\\\/2026\\\/01\\\/19\\\/neustrukturierung-der-vertriebsregion-central-europe\\\/\"]}]},{\"@type\":\"ImageObject\",\"inLanguage\":\"de\",\"@id\":\"https:\\\/\\\/transportjournal.com\\\/de\\\/2026\\\/01\\\/19\\\/neustrukturierung-der-vertriebsregion-central-europe\\\/#primaryimage\",\"url\":\"https:\\\/\\\/transportjournal.com\\\/wp-content\\\/uploads\\\/sites\\\/2\\\/2026\\\/01\\\/Schmitz-Cargobull_Vujo-Crnomarkovic_Sales-Director-Central-Europe-aspect-ratio-1400-788.jpg\",\"contentUrl\":\"https:\\\/\\\/transportjournal.com\\\/wp-content\\\/uploads\\\/sites\\\/2\\\/2026\\\/01\\\/Schmitz-Cargobull_Vujo-Crnomarkovic_Sales-Director-Central-Europe-aspect-ratio-1400-788.jpg\",\"width\":1302,\"height\":732},{\"@type\":\"BreadcrumbList\",\"@id\":\"https:\\\/\\\/transportjournal.com\\\/de\\\/2026\\\/01\\\/19\\\/neustrukturierung-der-vertriebsregion-central-europe\\\/#breadcrumb\",\"itemListElement\":[{\"@type\":\"ListItem\",\"position\":1,\"name\":\"Startseite\",\"item\":\"https:\\\/\\\/transportjournal.com\\\/de\\\/\"},{\"@type\":\"ListItem\",\"position\":2,\"name\":\"Neustrukturierung der Vertriebsregion Central Europe\"}]},{\"@type\":\"WebSite\",\"@id\":\"https:\\\/\\\/transportjournal.com\\\/de\\\/#website\",\"url\":\"https:\\\/\\\/transportjournal.com\\\/de\\\/\",\"name\":\"ITJ | International Transport Journal\",\"description\":\"Stay informed with the latest global news from the transport, logistics, and supply chain industries. Transport Journal delivers expert insights, analysis, and updates across shipping, aviation, intermodal, and forwarding.\",\"publisher\":{\"@id\":\"https:\\\/\\\/transportjournal.com\\\/de\\\/#organization\"},\"potentialAction\":[{\"@type\":\"SearchAction\",\"target\":{\"@type\":\"EntryPoint\",\"urlTemplate\":\"https:\\\/\\\/transportjournal.com\\\/de\\\/?s={search_term_string}\"},\"query-input\":{\"@type\":\"PropertyValueSpecification\",\"valueRequired\":true,\"valueName\":\"search_term_string\"}}],\"inLanguage\":\"de\"},{\"@type\":\"Organization\",\"@id\":\"https:\\\/\\\/transportjournal.com\\\/de\\\/#organization\",\"name\":\"Groupe Logismedia AG\",\"alternateName\":\"Logismedia Group AG\",\"url\":\"https:\\\/\\\/transportjournal.com\\\/de\\\/\",\"logo\":{\"@type\":\"ImageObject\",\"inLanguage\":\"de\",\"@id\":\"https:\\\/\\\/transportjournal.com\\\/de\\\/#\\\/schema\\\/logo\\\/image\\\/\",\"url\":\"https:\\\/\\\/transportjournal.com\\\/wp-content\\\/uploads\\\/sites\\\/2\\\/2025\\\/09\\\/Logo_ITJ.png\",\"contentUrl\":\"https:\\\/\\\/transportjournal.com\\\/wp-content\\\/uploads\\\/sites\\\/2\\\/2025\\\/09\\\/Logo_ITJ.png\",\"width\":799,\"height\":326,\"caption\":\"Groupe Logismedia AG\"},\"image\":{\"@id\":\"https:\\\/\\\/transportjournal.com\\\/de\\\/#\\\/schema\\\/logo\\\/image\\\/\"},\"sameAs\":[\"https:\\\/\\\/www.linkedin.com\\\/company\\\/56456496\\\/admin\\\/dashboard\\\/\",\"https:\\\/\\\/www.instagram.com\\\/logismediagroup\\\/\",\"https:\\\/\\\/www.youtube.com\\\/@LogiamediaGroupAG\"]},{\"@type\":\"Person\",\"@id\":\"https:\\\/\\\/transportjournal.com\\\/de\\\/#\\\/schema\\\/person\\\/cf538b3157f15afd7589245a4b3dbd25\",\"name\":\"Andreas Haug\",\"url\":\"https:\\\/\\\/transportjournal.com\\\/de\\\/author\\\/andreas\\\/\"}]}<\/script>\n<!-- \/ Yoast SEO plugin. -->","yoast_head_json":{"title":"Neustrukturierung der Vertriebsregion Central Europe - ITJ | International Transport Journal","robots":{"index":"index","follow":"follow","max-snippet":"max-snippet:-1","max-image-preview":"max-image-preview:large","max-video-preview":"max-video-preview:-1"},"canonical":"https:\/\/transportjournal.com\/de\/2026\/01\/19\/neustrukturierung-der-vertriebsregion-central-europe\/","og_locale":"de_DE","og_type":"article","og_title":"Neustrukturierung der Vertriebsregion Central Europe - ITJ | International Transport Journal","og_description":"Zum 1. Januar 2026 wird Vujo Crnomarkovic Sales Director f\u00fcr Central Europe bei Schmitz Cargobull und \u00fcbernimmt zus\u00e4tzlich die Verantwortung f\u00fcr Griechenland.","og_url":"https:\/\/transportjournal.com\/de\/2026\/01\/19\/neustrukturierung-der-vertriebsregion-central-europe\/","og_site_name":"ITJ | International Transport Journal","article_published_time":"2026-01-19T12:01:15+00:00","article_modified_time":"2026-01-23T11:28:23+00:00","og_image":[{"width":1302,"height":732,"url":"https:\/\/transportjournal.com\/wp-content\/uploads\/sites\/2\/2026\/01\/Schmitz-Cargobull_Vujo-Crnomarkovic_Sales-Director-Central-Europe-aspect-ratio-1400-788.jpg","type":"image\/jpeg"}],"author":"Andreas Haug","twitter_card":"summary_large_image","twitter_misc":{"Verfasst von":"Andreas Haug","Gesch\u00e4tzte Lesezeit":"1\u00a0Minute"},"schema":{"@context":"https:\/\/schema.org","@graph":[{"@type":"Article","@id":"https:\/\/transportjournal.com\/de\/2026\/01\/19\/neustrukturierung-der-vertriebsregion-central-europe\/#article","isPartOf":{"@id":"https:\/\/transportjournal.com\/de\/2026\/01\/19\/neustrukturierung-der-vertriebsregion-central-europe\/"},"author":{"name":"Andreas Haug","@id":"https:\/\/transportjournal.com\/de\/#\/schema\/person\/cf538b3157f15afd7589245a4b3dbd25"},"headline":"Neustrukturierung der Vertriebsregion Central Europe","datePublished":"2026-01-19T12:01:15+00:00","dateModified":"2026-01-23T11:28:23+00:00","mainEntityOfPage":{"@id":"https:\/\/transportjournal.com\/de\/2026\/01\/19\/neustrukturierung-der-vertriebsregion-central-europe\/"},"wordCount":245,"commentCount":0,"publisher":{"@id":"https:\/\/transportjournal.com\/de\/#organization"},"image":{"@id":"https:\/\/transportjournal.com\/de\/2026\/01\/19\/neustrukturierung-der-vertriebsregion-central-europe\/#primaryimage"},"thumbnailUrl":"https:\/\/transportjournal.com\/wp-content\/uploads\/sites\/2\/2026\/01\/Schmitz-Cargobull_Vujo-Crnomarkovic_Sales-Director-Central-Europe-aspect-ratio-1400-788.jpg","keywords":["activit\u00e9s de vente","Central Europe","connaissances du march\u00e9","Country Manager","customer proximity","Deutsch Schmitz Cargobull","directeur des ventes","Europe centrale","exp\u00e9rience internationale dans l'industrie","Fachkr\u00e4ftemangel","Gr\u00e8ce","Greece","Griechenland","industrie du transport","infrastructure","infrastructure Fran\u00e7ais Schmitz Cargobull","Infrastruktur English Schmitz Cargobull","international industry experience","internationale Branchenerfahrung","Kundenn\u00e4he","logistics service providers","Logistikdienstleister","market knowledge","Marktkenntnisse","Montenegro","Neu- und Gebrauchtfahrzeuge","Neustrukturierung","new and used vehicles","p\u00e9nurie de main-d'\u0153uvre","prestataires de services logistiques","production network","Produktionsnetzwerk","proximit\u00e9 client","r\u00e9gion de vente","r\u00e9seau de production","responsable de pays","restructuration","restructuring","Romania","Roumanie","Rum\u00e4nien","sales activities","Sales Director","sales region","Serbia","Serbie","Serbien","skilled labor shortage","transport industry","Transportwirtschaft","v\u00e9hicules neufs et d'occasion","Vertriebsaktivit\u00e4ten","Vertriebsregion"],"articleSection":["Europa","Menschen &amp; Unternehmen","Regionen"],"inLanguage":"de","potentialAction":[{"@type":"CommentAction","name":"Comment","target":["https:\/\/transportjournal.com\/de\/2026\/01\/19\/neustrukturierung-der-vertriebsregion-central-europe\/#respond"]}]},{"@type":"WebPage","@id":"https:\/\/transportjournal.com\/de\/2026\/01\/19\/neustrukturierung-der-vertriebsregion-central-europe\/","url":"https:\/\/transportjournal.com\/de\/2026\/01\/19\/neustrukturierung-der-vertriebsregion-central-europe\/","name":"Neustrukturierung der Vertriebsregion Central Europe - ITJ | International Transport Journal","isPartOf":{"@id":"https:\/\/transportjournal.com\/de\/#website"},"primaryImageOfPage":{"@id":"https:\/\/transportjournal.com\/de\/2026\/01\/19\/neustrukturierung-der-vertriebsregion-central-europe\/#primaryimage"},"image":{"@id":"https:\/\/transportjournal.com\/de\/2026\/01\/19\/neustrukturierung-der-vertriebsregion-central-europe\/#primaryimage"},"thumbnailUrl":"https:\/\/transportjournal.com\/wp-content\/uploads\/sites\/2\/2026\/01\/Schmitz-Cargobull_Vujo-Crnomarkovic_Sales-Director-Central-Europe-aspect-ratio-1400-788.jpg","datePublished":"2026-01-19T12:01:15+00:00","dateModified":"2026-01-23T11:28:23+00:00","breadcrumb":{"@id":"https:\/\/transportjournal.com\/de\/2026\/01\/19\/neustrukturierung-der-vertriebsregion-central-europe\/#breadcrumb"},"inLanguage":"de","potentialAction":[{"@type":"ReadAction","target":["https:\/\/transportjournal.com\/de\/2026\/01\/19\/neustrukturierung-der-vertriebsregion-central-europe\/"]}]},{"@type":"ImageObject","inLanguage":"de","@id":"https:\/\/transportjournal.com\/de\/2026\/01\/19\/neustrukturierung-der-vertriebsregion-central-europe\/#primaryimage","url":"https:\/\/transportjournal.com\/wp-content\/uploads\/sites\/2\/2026\/01\/Schmitz-Cargobull_Vujo-Crnomarkovic_Sales-Director-Central-Europe-aspect-ratio-1400-788.jpg","contentUrl":"https:\/\/transportjournal.com\/wp-content\/uploads\/sites\/2\/2026\/01\/Schmitz-Cargobull_Vujo-Crnomarkovic_Sales-Director-Central-Europe-aspect-ratio-1400-788.jpg","width":1302,"height":732},{"@type":"BreadcrumbList","@id":"https:\/\/transportjournal.com\/de\/2026\/01\/19\/neustrukturierung-der-vertriebsregion-central-europe\/#breadcrumb","itemListElement":[{"@type":"ListItem","position":1,"name":"Startseite","item":"https:\/\/transportjournal.com\/de\/"},{"@type":"ListItem","position":2,"name":"Neustrukturierung der Vertriebsregion Central Europe"}]},{"@type":"WebSite","@id":"https:\/\/transportjournal.com\/de\/#website","url":"https:\/\/transportjournal.com\/de\/","name":"ITJ | International Transport Journal","description":"Stay informed with the latest global news from the transport, logistics, and supply chain industries. Transport Journal delivers expert insights, analysis, and updates across shipping, aviation, intermodal, and forwarding.","publisher":{"@id":"https:\/\/transportjournal.com\/de\/#organization"},"potentialAction":[{"@type":"SearchAction","target":{"@type":"EntryPoint","urlTemplate":"https:\/\/transportjournal.com\/de\/?s={search_term_string}"},"query-input":{"@type":"PropertyValueSpecification","valueRequired":true,"valueName":"search_term_string"}}],"inLanguage":"de"},{"@type":"Organization","@id":"https:\/\/transportjournal.com\/de\/#organization","name":"Groupe Logismedia AG","alternateName":"Logismedia Group AG","url":"https:\/\/transportjournal.com\/de\/","logo":{"@type":"ImageObject","inLanguage":"de","@id":"https:\/\/transportjournal.com\/de\/#\/schema\/logo\/image\/","url":"https:\/\/transportjournal.com\/wp-content\/uploads\/sites\/2\/2025\/09\/Logo_ITJ.png","contentUrl":"https:\/\/transportjournal.com\/wp-content\/uploads\/sites\/2\/2025\/09\/Logo_ITJ.png","width":799,"height":326,"caption":"Groupe Logismedia AG"},"image":{"@id":"https:\/\/transportjournal.com\/de\/#\/schema\/logo\/image\/"},"sameAs":["https:\/\/www.linkedin.com\/company\/56456496\/admin\/dashboard\/","https:\/\/www.instagram.com\/logismediagroup\/","https:\/\/www.youtube.com\/@LogiamediaGroupAG"]},{"@type":"Person","@id":"https:\/\/transportjournal.com\/de\/#\/schema\/person\/cf538b3157f15afd7589245a4b3dbd25","name":"Andreas Haug","url":"https:\/\/transportjournal.com\/de\/author\/andreas\/"}]}},"_links":{"self":[{"href":"https:\/\/transportjournal.com\/de\/wp-json\/wp\/v2\/posts\/73466","targetHints":{"allow":["GET"]}}],"collection":[{"href":"https:\/\/transportjournal.com\/de\/wp-json\/wp\/v2\/posts"}],"about":[{"href":"https:\/\/transportjournal.com\/de\/wp-json\/wp\/v2\/types\/post"}],"author":[{"embeddable":true,"href":"https:\/\/transportjournal.com\/de\/wp-json\/wp\/v2\/users\/12"}],"replies":[{"embeddable":true,"href":"https:\/\/transportjournal.com\/de\/wp-json\/wp\/v2\/comments?post=73466"}],"version-history":[{"count":2,"href":"https:\/\/transportjournal.com\/de\/wp-json\/wp\/v2\/posts\/73466\/revisions"}],"predecessor-version":[{"id":74214,"href":"https:\/\/transportjournal.com\/de\/wp-json\/wp\/v2\/posts\/73466\/revisions\/74214"}],"wp:featuredmedia":[{"embeddable":true,"href":"https:\/\/transportjournal.com\/de\/wp-json\/wp\/v2\/media\/73465"}],"wp:attachment":[{"href":"https:\/\/transportjournal.com\/de\/wp-json\/wp\/v2\/media?parent=73466"}],"wp:term":[{"taxonomy":"category","embeddable":true,"href":"https:\/\/transportjournal.com\/de\/wp-json\/wp\/v2\/categories?post=73466"},{"taxonomy":"post_tag","embeddable":true,"href":"https:\/\/transportjournal.com\/de\/wp-json\/wp\/v2\/tags?post=73466"}],"curies":[{"name":"wp","href":"https:\/\/api.w.org\/{rel}","templated":true}]}}